{"id":1,"date":"2015-07-10T10:07:03","date_gmt":"2015-07-10T13:07:03","guid":{"rendered":"http:\/\/projetopack.com.br\/?p=1"},"modified":"2021-09-03T17:01:29","modified_gmt":"2021-09-03T20:01:29","slug":"ola-mundo","status":"publish","type":"post","link":"https:\/\/projetopack.com.br\/en\/ola-mundo\/","title":{"rendered":"RockTenn e MWV anunciam fus\u00e3o"},"content":{"rendered":"<blockquote>\n<h1 data-bind=\"html: title\">RockTenn e MWV criam l\u00edder global de embalagens de papel\u00e3o ondulado<\/h1>\n<\/blockquote>\n<p>As companhias RockTenn (<a href=\"http:\/\/www.rocktenn.com\/\">www.rocktenn.com<\/a>) e MeadWestvaco (<a href=\"http:\/\/www.mwv.com\/\">www.mwv.com<\/a>) anunciaram o acordo definitivo de fus\u00e3o para criar a l\u00edder e maior empresa de embalagens de papel\u00e3o ondulado do planeta, cujo valor resultante \u00e9 uma nova companhia com valor patrimonial de $ 16 bilh\u00f5es.<\/p>\n<p>A nova empresa (NewCo) auferir\u00e1 de partida receita anual de vendas na ordem de % 15,7 bilh\u00f5es e EBITDA ajustado de $ 2,9 bilh\u00f5es, incluindo o impacto de $ 300 milh\u00f5es estimados como economia proveniente da sinergia operacional, a ser consolidada em at\u00e9 3 anos.<\/p>\n<p><em>Steven C. Vorhees<\/em>, CEO da RockTenn afirma que \u201c a transa\u00e7\u00e3o trar\u00e1 a complementaridade das duas empresas para uma nova e mais poderosa companhia, com lideran\u00e7a global em consumo e embalagens de papel\u00e3o ondulado. \u00c9 uma oportunidade \u00fanica para acionistas, empregados e clientes de ambas, que se beneficiar\u00e3o principalmente com o encontro salutar entre as culturas organizacionais\u201d. John A. Luke Jr., CEO da MWV conclui que \u201cN\u00f3s estamos criando uma l\u00edder mundial e gerando um valor significativo para todos com toda a sinergia esperada\u201d.<\/p>\n<p>Steven Vorhees continuar\u00e1 servindo como CEO e presidente da companhia resultante da fus\u00e3o e John Luke, um chairman no conselho de dire\u00e7\u00e3o, composto por oito executivos da RockTenn e seis executivos da MWV. O fundo Blackstone Advisory Partners, Swaine &amp; Moore LPP, BofA Merryl Lynch, Goldman, Sachs &amp; Co., Watchell, Lipton, Rosen &amp; Katz foram as principais empresas envolvidas na consultoria financeira e jur\u00eddica para esta transa\u00e7\u00e3o.<\/p>","protected":false},"excerpt":{"rendered":"<p>RockTenn e MWV criam l\u00edder global de embalagens de papel\u00e3o ondulado As companhias RockTenn (www.rocktenn.com) e MeadWestvaco (www.mwv.com) anunciaram o acordo definitivo de fus\u00e3o para criar a l\u00edder e maior empresa de embalagens de papel\u00e3o ondulado do planeta, cujo valor resultante \u00e9 uma nova companhia com valor patrimonial de $ 16 bilh\u00f5es. A nova empresa [&hellip;]<\/p>\n","protected":false},"author":2,"featured_media":0,"comment_status":"closed","ping_status":"closed","sticky":false,"template":"","format":"standard","meta":{"footnotes":""},"categories":[877,782],"tags":[],"class_list":["post-1","post","type-post","status-publish","format-standard","hentry","category-arquivo","category-fusoes-e-aquisicoes"],"yoast_head":"<!-- This site is optimized with the Yoast SEO Premium plugin v27.1 (Yoast SEO v27.1.1) - https:\/\/yoast.com\/product\/yoast-seo-premium-wordpress\/ -->\n<title>RockTenn e MWV anunciam fus\u00e3o - ProjetoPack<\/title>\n<meta name=\"description\" content=\"RockTenn e MeadWestvaco anunciaram o acordo definitivo de fus\u00e3o para criar a maior empresa de embalagens de papel\u00e3o ondulado do planeta.\" \/>\n<meta name=\"robots\" content=\"index, follow, max-snippet:-1, max-image-preview:large, max-video-preview:-1\" \/>\n<link rel=\"canonical\" href=\"https:\/\/projetopack.com.br\/en\/ola-mundo\/\" \/>\n<meta property=\"og:locale\" content=\"en_US\" \/>\n<meta property=\"og:type\" content=\"article\" \/>\n<meta property=\"og:title\" content=\"RockTenn e MWV anunciam fus\u00e3o\" \/>\n<meta property=\"og:description\" content=\"RockTenn e MeadWestvaco anunciaram o acordo definitivo de fus\u00e3o para criar a maior empresa de embalagens de papel\u00e3o ondulado do planeta.\" \/>\n<meta property=\"og:url\" content=\"https:\/\/projetopack.com.br\/en\/ola-mundo\/\" \/>\n<meta property=\"og:site_name\" content=\"ProjetoPack\" \/>\n<meta property=\"article:published_time\" content=\"2015-07-10T13:07:03+00:00\" \/>\n<meta property=\"article:modified_time\" content=\"2021-09-03T20:01:29+00:00\" \/>\n<meta property=\"og:image\" content=\"https:\/\/projetopack.com.br\/wp-content\/uploads\/2020\/06\/Capa-1200x630-1.png\" \/>\n\t<meta property=\"og:image:width\" content=\"1200\" \/>\n\t<meta property=\"og:image:height\" content=\"630\" \/>\n\t<meta property=\"og:image:type\" content=\"image\/png\" \/>\n<meta name=\"author\" content=\"Aislan Baer\" \/>\n<meta name=\"twitter:card\" content=\"summary_large_image\" \/>\n<meta name=\"twitter:creator\" content=\"@ProjetoPack\" \/>\n<meta name=\"twitter:site\" content=\"@ProjetoPack\" \/>\n<meta name=\"twitter:label1\" content=\"Written by\" \/>\n\t<meta name=\"twitter:data1\" content=\"Aislan Baer\" \/>\n\t<meta name=\"twitter:label2\" content=\"Est. reading time\" \/>\n\t<meta name=\"twitter:data2\" content=\"2 minutes\" \/>\n<script type=\"application\/ld+json\" class=\"yoast-schema-graph\">{\"@context\":\"https:\/\/schema.org\",\"@graph\":[{\"@type\":\"Article\",\"@id\":\"https:\/\/projetopack.com.br\/en\/ola-mundo\/#article\",\"isPartOf\":{\"@id\":\"https:\/\/projetopack.com.br\/en\/ola-mundo\/\"},\"author\":{\"name\":\"Aislan Baer\",\"@id\":\"https:\/\/projetopack.com.br\/#\/schema\/person\/87cbd7d1e244880886d457815ebd2490\"},\"headline\":\"RockTenn e MWV anunciam fus\u00e3o\",\"datePublished\":\"2015-07-10T13:07:03+00:00\",\"dateModified\":\"2021-09-03T20:01:29+00:00\",\"mainEntityOfPage\":{\"@id\":\"https:\/\/projetopack.com.br\/en\/ola-mundo\/\"},\"wordCount\":265,\"publisher\":{\"@id\":\"https:\/\/projetopack.com.br\/#organization\"},\"articleSection\":[\"Arquivo\",\"Fus\u00f5es e aquisi\u00e7\u00f5es\"],\"inLanguage\":\"en-US\"},{\"@type\":\"WebPage\",\"@id\":\"https:\/\/projetopack.com.br\/en\/ola-mundo\/\",\"url\":\"https:\/\/projetopack.com.br\/en\/ola-mundo\/\",\"name\":\"RockTenn e MWV anunciam fus\u00e3o - ProjetoPack\",\"isPartOf\":{\"@id\":\"https:\/\/projetopack.com.br\/#website\"},\"datePublished\":\"2015-07-10T13:07:03+00:00\",\"dateModified\":\"2021-09-03T20:01:29+00:00\",\"description\":\"RockTenn e MeadWestvaco anunciaram o acordo definitivo de fus\u00e3o para criar a maior empresa de embalagens de papel\u00e3o ondulado do planeta.\",\"breadcrumb\":{\"@id\":\"https:\/\/projetopack.com.br\/en\/ola-mundo\/#breadcrumb\"},\"inLanguage\":\"en-US\",\"potentialAction\":[{\"@type\":\"ReadAction\",\"target\":[\"https:\/\/projetopack.com.br\/en\/ola-mundo\/\"]}]},{\"@type\":\"BreadcrumbList\",\"@id\":\"https:\/\/projetopack.com.br\/en\/ola-mundo\/#breadcrumb\",\"itemListElement\":[{\"@type\":\"ListItem\",\"position\":1,\"name\":\"P\u00e1gina Inicial\",\"item\":\"https:\/\/projetopack.com.br\/\"},{\"@type\":\"ListItem\",\"position\":2,\"name\":\"Fus\u00f5es e aquisi\u00e7\u00f5es\",\"item\":\"https:\/\/projetopack.com.br\/en\/category\/fusoes-e-aquisicoes\/\"},{\"@type\":\"ListItem\",\"position\":3,\"name\":\"RockTenn e MWV anunciam fus\u00e3o\"}]},{\"@type\":\"WebSite\",\"@id\":\"https:\/\/projetopack.com.br\/#website\",\"url\":\"https:\/\/projetopack.com.br\/\",\"name\":\"ProjetoPack\",\"description\":\"Consultoria e servi\u00e7os para embalagens, r\u00f3tulos, etiquetas e processos de impress\u00e3o\",\"publisher\":{\"@id\":\"https:\/\/projetopack.com.br\/#organization\"},\"potentialAction\":[{\"@type\":\"SearchAction\",\"target\":{\"@type\":\"EntryPoint\",\"urlTemplate\":\"https:\/\/projetopack.com.br\/?s={search_term_string}\"},\"query-input\":{\"@type\":\"PropertyValueSpecification\",\"valueRequired\":true,\"valueName\":\"search_term_string\"}}],\"inLanguage\":\"en-US\"},{\"@type\":\"Organization\",\"@id\":\"https:\/\/projetopack.com.br\/#organization\",\"name\":\"ProjetoPack & Associados\",\"url\":\"https:\/\/projetopack.com.br\/\",\"logo\":{\"@type\":\"ImageObject\",\"inLanguage\":\"en-US\",\"@id\":\"https:\/\/projetopack.com.br\/#\/schema\/logo\/image\/\",\"url\":\"https:\/\/projetopack.com.br\/wp-content\/uploads\/2020\/09\/projetopack.png\",\"contentUrl\":\"https:\/\/projetopack.com.br\/wp-content\/uploads\/2020\/09\/projetopack.png\",\"width\":200,\"height\":200,\"caption\":\"ProjetoPack & Associados\"},\"image\":{\"@id\":\"https:\/\/projetopack.com.br\/#\/schema\/logo\/image\/\"},\"sameAs\":[\"https:\/\/x.com\/ProjetoPack\",\"https:\/\/www.linkedin.com\/company\/projetopack\/\"]},{\"@type\":\"Person\",\"@id\":\"https:\/\/projetopack.com.br\/#\/schema\/person\/87cbd7d1e244880886d457815ebd2490\",\"name\":\"Aislan Baer\",\"image\":{\"@type\":\"ImageObject\",\"inLanguage\":\"en-US\",\"@id\":\"https:\/\/projetopack.com.br\/#\/schema\/person\/image\/\",\"url\":\"https:\/\/projetopack.com.br\/wp-content\/uploads\/2021\/08\/Aislan-Busto-p-100x100.jpg\",\"contentUrl\":\"https:\/\/projetopack.com.br\/wp-content\/uploads\/2021\/08\/Aislan-Busto-p-100x100.jpg\",\"caption\":\"Aislan Baer\"},\"description\":\"Desde os \u00faltimos 20 anos, meu time e eu ajudamos mais de 300 empresas brasileiras e estrangeiras (algumas delas, l\u00edderes mundiais) a produzir embalagens flex\u00edveis e r\u00f3tulos com maior efici\u00eancia, menores custos e maior apelo visual, bem como centenas de donos de marcas a comprar suas embalagens flex\u00edveis e material impresso com um crit\u00e9rio mais t\u00e9cnico e assertivo. Ao mesmo tempo, gra\u00e7as \u00e0 nossa consultoria, muitas destas empresas melhoraram significativamente o seu processo de Impress\u00e3o (Impress\u00e3o de embalagens, Impress\u00e3o industrial, Impress\u00e3o funcional e, mais recentemente, bio impress\u00e3o e manufatura aditiva ou simplesmente Impress\u00e3o 3D). Se a sua empresa tem um problema relacionado a embalagens flex\u00edveis, r\u00f3tulos ou Impress\u00e3o, por mais insol\u00favel que lhe pare\u00e7a, aguardamos ansiosos a sua liga\u00e7\u00e3o ou e-mail. Este \u00e9 nosso trabalho e tamb\u00e9m a nossa paix\u00e3o.\",\"sameAs\":[\"http:\/\/www.projetopack.com\",\"https:\/\/www.linkedin.com\/in\/aislanbaer\/\"],\"jobTitle\":\"CEO @ ProjetoPack | L\u00edder em M&A no Setor de Impress\u00e3o e Embalagens no Brasil | Cofundador da Inovagraf e Neuraflow | Especialista em Inova\u00e7\u00e3o com IA na Impress\u00e3o | Printing Legacy Initiative | Empreendedor Serial\",\"url\":\"https:\/\/projetopack.com.br\/en\/author\/aislan\/\"}]}<\/script>\n<!-- \/ Yoast SEO Premium plugin. -->","yoast_head_json":{"title":"RockTenn e MWV anunciam fus\u00e3o - ProjetoPack","description":"RockTenn e MeadWestvaco anunciaram o acordo definitivo de fus\u00e3o para criar a maior empresa de embalagens de papel\u00e3o ondulado do planeta.","robots":{"index":"index","follow":"follow","max-snippet":"max-snippet:-1","max-image-preview":"max-image-preview:large","max-video-preview":"max-video-preview:-1"},"canonical":"https:\/\/projetopack.com.br\/en\/ola-mundo\/","og_locale":"en_US","og_type":"article","og_title":"RockTenn e MWV anunciam fus\u00e3o","og_description":"RockTenn e MeadWestvaco anunciaram o acordo definitivo de fus\u00e3o para criar a maior empresa de embalagens de papel\u00e3o ondulado do planeta.","og_url":"https:\/\/projetopack.com.br\/en\/ola-mundo\/","og_site_name":"ProjetoPack","article_published_time":"2015-07-10T13:07:03+00:00","article_modified_time":"2021-09-03T20:01:29+00:00","og_image":[{"width":1200,"height":630,"url":"https:\/\/projetopack.com.br\/wp-content\/uploads\/2020\/06\/Capa-1200x630-1.png","type":"image\/png"}],"author":"Aislan Baer","twitter_card":"summary_large_image","twitter_creator":"@ProjetoPack","twitter_site":"@ProjetoPack","twitter_misc":{"Written by":"Aislan Baer","Est. reading time":"2 minutes"},"schema":{"@context":"https:\/\/schema.org","@graph":[{"@type":"Article","@id":"https:\/\/projetopack.com.br\/en\/ola-mundo\/#article","isPartOf":{"@id":"https:\/\/projetopack.com.br\/en\/ola-mundo\/"},"author":{"name":"Aislan Baer","@id":"https:\/\/projetopack.com.br\/#\/schema\/person\/87cbd7d1e244880886d457815ebd2490"},"headline":"RockTenn e MWV anunciam fus\u00e3o","datePublished":"2015-07-10T13:07:03+00:00","dateModified":"2021-09-03T20:01:29+00:00","mainEntityOfPage":{"@id":"https:\/\/projetopack.com.br\/en\/ola-mundo\/"},"wordCount":265,"publisher":{"@id":"https:\/\/projetopack.com.br\/#organization"},"articleSection":["Arquivo","Fus\u00f5es e aquisi\u00e7\u00f5es"],"inLanguage":"en-US"},{"@type":"WebPage","@id":"https:\/\/projetopack.com.br\/en\/ola-mundo\/","url":"https:\/\/projetopack.com.br\/en\/ola-mundo\/","name":"RockTenn e MWV anunciam fus\u00e3o - ProjetoPack","isPartOf":{"@id":"https:\/\/projetopack.com.br\/#website"},"datePublished":"2015-07-10T13:07:03+00:00","dateModified":"2021-09-03T20:01:29+00:00","description":"RockTenn e MeadWestvaco anunciaram o acordo definitivo de fus\u00e3o para criar a maior empresa de embalagens de papel\u00e3o ondulado do planeta.","breadcrumb":{"@id":"https:\/\/projetopack.com.br\/en\/ola-mundo\/#breadcrumb"},"inLanguage":"en-US","potentialAction":[{"@type":"ReadAction","target":["https:\/\/projetopack.com.br\/en\/ola-mundo\/"]}]},{"@type":"BreadcrumbList","@id":"https:\/\/projetopack.com.br\/en\/ola-mundo\/#breadcrumb","itemListElement":[{"@type":"ListItem","position":1,"name":"P\u00e1gina Inicial","item":"https:\/\/projetopack.com.br\/"},{"@type":"ListItem","position":2,"name":"Fus\u00f5es e aquisi\u00e7\u00f5es","item":"https:\/\/projetopack.com.br\/en\/category\/fusoes-e-aquisicoes\/"},{"@type":"ListItem","position":3,"name":"RockTenn e MWV anunciam fus\u00e3o"}]},{"@type":"WebSite","@id":"https:\/\/projetopack.com.br\/#website","url":"https:\/\/projetopack.com.br\/","name":"ProjetoPack","description":"Consultoria e servi\u00e7os para embalagens, r\u00f3tulos, etiquetas e processos de impress\u00e3o","publisher":{"@id":"https:\/\/projetopack.com.br\/#organization"},"potentialAction":[{"@type":"SearchAction","target":{"@type":"EntryPoint","urlTemplate":"https:\/\/projetopack.com.br\/?s={search_term_string}"},"query-input":{"@type":"PropertyValueSpecification","valueRequired":true,"valueName":"search_term_string"}}],"inLanguage":"en-US"},{"@type":"Organization","@id":"https:\/\/projetopack.com.br\/#organization","name":"ProjetoPack & Associados","url":"https:\/\/projetopack.com.br\/","logo":{"@type":"ImageObject","inLanguage":"en-US","@id":"https:\/\/projetopack.com.br\/#\/schema\/logo\/image\/","url":"https:\/\/projetopack.com.br\/wp-content\/uploads\/2020\/09\/projetopack.png","contentUrl":"https:\/\/projetopack.com.br\/wp-content\/uploads\/2020\/09\/projetopack.png","width":200,"height":200,"caption":"ProjetoPack & Associados"},"image":{"@id":"https:\/\/projetopack.com.br\/#\/schema\/logo\/image\/"},"sameAs":["https:\/\/x.com\/ProjetoPack","https:\/\/www.linkedin.com\/company\/projetopack\/"]},{"@type":"Person","@id":"https:\/\/projetopack.com.br\/#\/schema\/person\/87cbd7d1e244880886d457815ebd2490","name":"Aislan Baer","image":{"@type":"ImageObject","inLanguage":"en-US","@id":"https:\/\/projetopack.com.br\/#\/schema\/person\/image\/","url":"https:\/\/projetopack.com.br\/wp-content\/uploads\/2021\/08\/Aislan-Busto-p-100x100.jpg","contentUrl":"https:\/\/projetopack.com.br\/wp-content\/uploads\/2021\/08\/Aislan-Busto-p-100x100.jpg","caption":"Aislan Baer"},"description":"Desde os \u00faltimos 20 anos, meu time e eu ajudamos mais de 300 empresas brasileiras e estrangeiras (algumas delas, l\u00edderes mundiais) a produzir embalagens flex\u00edveis e r\u00f3tulos com maior efici\u00eancia, menores custos e maior apelo visual, bem como centenas de donos de marcas a comprar suas embalagens flex\u00edveis e material impresso com um crit\u00e9rio mais t\u00e9cnico e assertivo. Ao mesmo tempo, gra\u00e7as \u00e0 nossa consultoria, muitas destas empresas melhoraram significativamente o seu processo de Impress\u00e3o (Impress\u00e3o de embalagens, Impress\u00e3o industrial, Impress\u00e3o funcional e, mais recentemente, bio impress\u00e3o e manufatura aditiva ou simplesmente Impress\u00e3o 3D). Se a sua empresa tem um problema relacionado a embalagens flex\u00edveis, r\u00f3tulos ou Impress\u00e3o, por mais insol\u00favel que lhe pare\u00e7a, aguardamos ansiosos a sua liga\u00e7\u00e3o ou e-mail. Este \u00e9 nosso trabalho e tamb\u00e9m a nossa paix\u00e3o.","sameAs":["http:\/\/www.projetopack.com","https:\/\/www.linkedin.com\/in\/aislanbaer\/"],"jobTitle":"CEO @ ProjetoPack | L\u00edder em M&A no Setor de Impress\u00e3o e Embalagens no Brasil | Cofundador da Inovagraf e Neuraflow | Especialista em Inova\u00e7\u00e3o com IA na Impress\u00e3o | Printing Legacy Initiative | Empreendedor Serial","url":"https:\/\/projetopack.com.br\/en\/author\/aislan\/"}]}},"_links":{"self":[{"href":"https:\/\/projetopack.com.br\/en\/wp-json\/wp\/v2\/posts\/1","targetHints":{"allow":["GET"]}}],"collection":[{"href":"https:\/\/projetopack.com.br\/en\/wp-json\/wp\/v2\/posts"}],"about":[{"href":"https:\/\/projetopack.com.br\/en\/wp-json\/wp\/v2\/types\/post"}],"author":[{"embeddable":true,"href":"https:\/\/projetopack.com.br\/en\/wp-json\/wp\/v2\/users\/2"}],"replies":[{"embeddable":true,"href":"https:\/\/projetopack.com.br\/en\/wp-json\/wp\/v2\/comments?post=1"}],"version-history":[{"count":0,"href":"https:\/\/projetopack.com.br\/en\/wp-json\/wp\/v2\/posts\/1\/revisions"}],"wp:attachment":[{"href":"https:\/\/projetopack.com.br\/en\/wp-json\/wp\/v2\/media?parent=1"}],"wp:term":[{"taxonomy":"category","embeddable":true,"href":"https:\/\/projetopack.com.br\/en\/wp-json\/wp\/v2\/categories?post=1"},{"taxonomy":"post_tag","embeddable":true,"href":"https:\/\/projetopack.com.br\/en\/wp-json\/wp\/v2\/tags?post=1"}],"curies":[{"name":"wp","href":"https:\/\/api.w.org\/{rel}","templated":true}]}}