{"id":10141,"date":"2021-03-25T11:49:03","date_gmt":"2021-03-25T14:49:03","guid":{"rendered":"https:\/\/www.projetopack.com.br\/?p=10141"},"modified":"2021-04-27T01:23:29","modified_gmt":"2021-04-27T04:23:29","slug":"estamos-ou-nao-lendo-mais-durante-a-pandemia","status":"publish","type":"post","link":"https:\/\/projetopack.com.br\/en\/estamos-ou-nao-lendo-mais-durante-a-pandemia\/","title":{"rendered":"Estamos ou n\u00e3o lendo mais durante a pandemia?"},"content":{"rendered":"<p>Esta semana, o podcast <a href=\"https:\/\/ondasimpressas.buzzsprout.com\/\" target=\"_blank\" rel=\"noreferrer noopener\">Ondas Impressas<\/a> divulgou dados do segundo Painel do Varejo de Livros no Brasil, uma pesquisa realizada pela <a href=\"https:\/\/www.linkedin.com\/company\/nielsen\/\" target=\"_blank\" rel=\"noreferrer noopener\">Nielsen<\/a> e divulgada pelo <a href=\"https:\/\/www.linkedin.com\/company\/sindicato-nacional-dos-editores-de-livros\/\" target=\"_blank\" rel=\"noreferrer noopener\">Sindicato Nacional Dos Editores De Livros<\/a>. O resultado, em linhas gerais, \u00e9 que o interesse pela leitura aumentou ao longo da pandemia.<\/p>\n\n\n\n<p class=\"has-cyan-bluish-gray-background-color has-background\">O segundo per\u00edodo de 2021 computou um aumento de 12,59% no n\u00famero de ISBNs comercializados, indicando uma maior variedade em t\u00edtulos, quando comparado ao mesmo per\u00edodo de 2020.<\/p>\n\n\n\n<p>Os dados mostraram ainda um crescimento na ordem de 18,69% no volume de exemplares vendidos, com 6,29% de incremento no faturamento. Em n\u00fameros absolutos, fala-se de uma venda de 3,77 milh\u00f5es de livros e receita de R$ 172,14 milh\u00f5es em fevereiro de 2021.<\/p>\n\n\n\n<p>A decomposi\u00e7\u00e3o dos temas comercializados indica que o leitor tem procurado mais obras ficcionais (aumento de 34,5% em valor e 41% em volume, ao redor de 600 mil exemplares adicionais ao mesmo per\u00edodo de 2020) e menos t\u00edtulos educacionais.<\/p>\n\n\n\n<figure class=\"wp-block-pullquote\"><blockquote><p>O temor pela contamina\u00e7\u00e3o foi um dos principais impulsionadores dos e-books, outro mercado que tamb\u00e9m apresentou crescimento no per\u00edodo.<\/p><\/blockquote><\/figure>\n\n\n\n<p>Infelizmente, o agravamento da pandemia, das medidas restritivas para o com\u00e9rcio e os reflexos do desemprego (da pr\u00f3pria situa\u00e7\u00e3o econ\u00f4mica) vivenciados nas \u00faltimas semanas arrefeceu os \u00e2nimos e impactou a curva de crescimento do mercado liter\u00e1rio nacional. Qual foi o n\u00edvel do impacto? Saberemos adiante, na pr\u00f3xima consolida\u00e7\u00e3o dos dados deste setor.<\/p>\n\n\n\n<p><strong>Leia mais em nosso site:<\/strong><br><a href=\"https:\/\/projetopack.com.br\/hp-fomenta-leitura-e-educacao-por-meio-de-impressao-de-livros-escritos-por-criancas\/\">HP fomenta leitura e educa\u00e7\u00e3o por meio de impress\u00e3o de livros escritos por crian\u00e7as<\/a><br><br><\/p>","protected":false},"excerpt":{"rendered":"<p>O que informou o segundo painel do varejo de livros no Brasil?<\/p>","protected":false},"author":18,"featured_media":10142,"comment_status":"open","ping_status":"closed","sticky":false,"template":"","format":"standard","meta":{"footnotes":""},"categories":[344],"tags":[662,667,664,660,663,661,665],"class_list":["post-10141","post","type-post","status-publish","format-standard","has-post-thumbnail","hentry","category-opiniao","tag-ebooks","tag-isbn","tag-livro","tag-mercado-editorial","tag-ondas-impressas","tag-setor-literario","tag-sindicato-dos-editores-de-livros"],"yoast_head":"<!-- This site is optimized with the Yoast SEO Premium plugin v27.1 (Yoast SEO v27.1.1) - https:\/\/yoast.com\/product\/yoast-seo-premium-wordpress\/ -->\n<title>Estamos ou n\u00e3o lendo mais durante a pandemia? - ProjetoPack<\/title>\n<meta name=\"description\" content=\"O que diz o Painel do Varejo de Livros no Brasil, pesquisa realizada pela Nielsen e divulgada pelo Sindicato Nacional Dos Editores De Livros?\" \/>\n<meta name=\"robots\" content=\"index, follow, max-snippet:-1, max-image-preview:large, max-video-preview:-1\" \/>\n<link rel=\"canonical\" href=\"https:\/\/projetopack.com.br\/en\/estamos-ou-nao-lendo-mais-durante-a-pandemia\/\" \/>\n<meta property=\"og:locale\" content=\"en_US\" \/>\n<meta property=\"og:type\" content=\"article\" \/>\n<meta property=\"og:title\" content=\"Estamos ou n\u00e3o lendo mais durante a pandemia?\" \/>\n<meta property=\"og:description\" content=\"O que diz o Painel do Varejo de Livros no Brasil, pesquisa realizada pela Nielsen e divulgada pelo Sindicato Nacional Dos Editores De Livros?\" \/>\n<meta property=\"og:url\" content=\"https:\/\/projetopack.com.br\/en\/estamos-ou-nao-lendo-mais-durante-a-pandemia\/\" \/>\n<meta property=\"og:site_name\" content=\"ProjetoPack\" \/>\n<meta property=\"article:published_time\" content=\"2021-03-25T14:49:03+00:00\" \/>\n<meta property=\"article:modified_time\" content=\"2021-04-27T04:23:29+00:00\" \/>\n<meta property=\"og:image\" content=\"https:\/\/projetopack.com.br\/wp-content\/uploads\/2021\/03\/973931-01092015-_dsc4763.jpg\" \/>\n\t<meta property=\"og:image:width\" content=\"1170\" \/>\n\t<meta property=\"og:image:height\" content=\"700\" \/>\n\t<meta property=\"og:image:type\" content=\"image\/jpeg\" \/>\n<meta name=\"author\" content=\"Andrea\" \/>\n<meta name=\"twitter:card\" content=\"summary_large_image\" \/>\n<meta name=\"twitter:creator\" content=\"@ProjetoPack\" \/>\n<meta name=\"twitter:site\" content=\"@ProjetoPack\" \/>\n<meta name=\"twitter:label1\" content=\"Written by\" \/>\n\t<meta name=\"twitter:data1\" content=\"Andrea\" \/>\n\t<meta name=\"twitter:label2\" content=\"Est. reading time\" \/>\n\t<meta name=\"twitter:data2\" content=\"2 minutes\" \/>\n<script type=\"application\/ld+json\" class=\"yoast-schema-graph\">{\"@context\":\"https:\/\/schema.org\",\"@graph\":[{\"@type\":\"Article\",\"@id\":\"https:\/\/projetopack.com.br\/en\/estamos-ou-nao-lendo-mais-durante-a-pandemia\/#article\",\"isPartOf\":{\"@id\":\"https:\/\/projetopack.com.br\/en\/estamos-ou-nao-lendo-mais-durante-a-pandemia\/\"},\"author\":{\"name\":\"Andrea\",\"@id\":\"https:\/\/projetopack.com.br\/#\/schema\/person\/d17c72a4bc2b7e461496dd8a14d4cef1\"},\"headline\":\"Estamos ou n\u00e3o lendo mais durante a pandemia?\",\"datePublished\":\"2021-03-25T14:49:03+00:00\",\"dateModified\":\"2021-04-27T04:23:29+00:00\",\"mainEntityOfPage\":{\"@id\":\"https:\/\/projetopack.com.br\/en\/estamos-ou-nao-lendo-mais-durante-a-pandemia\/\"},\"wordCount\":267,\"commentCount\":0,\"publisher\":{\"@id\":\"https:\/\/projetopack.com.br\/#organization\"},\"image\":{\"@id\":\"https:\/\/projetopack.com.br\/en\/estamos-ou-nao-lendo-mais-durante-a-pandemia\/#primaryimage\"},\"thumbnailUrl\":\"https:\/\/projetopack.com.br\/wp-content\/uploads\/2021\/03\/973931-01092015-_dsc4763.jpg\",\"keywords\":[\"ebooks\",\"isbn\",\"livro\",\"mercado editorial\",\"ondas impressas\",\"setor liter\u00e1rio\",\"sindicato dos editores de livros\"],\"articleSection\":[\"Opini\u00e3o\"],\"inLanguage\":\"en-US\",\"potentialAction\":[{\"@type\":\"CommentAction\",\"name\":\"Comment\",\"target\":[\"https:\/\/projetopack.com.br\/en\/estamos-ou-nao-lendo-mais-durante-a-pandemia\/#respond\"]}]},{\"@type\":\"WebPage\",\"@id\":\"https:\/\/projetopack.com.br\/en\/estamos-ou-nao-lendo-mais-durante-a-pandemia\/\",\"url\":\"https:\/\/projetopack.com.br\/en\/estamos-ou-nao-lendo-mais-durante-a-pandemia\/\",\"name\":\"Estamos ou n\u00e3o lendo mais durante a pandemia? - ProjetoPack\",\"isPartOf\":{\"@id\":\"https:\/\/projetopack.com.br\/#website\"},\"primaryImageOfPage\":{\"@id\":\"https:\/\/projetopack.com.br\/en\/estamos-ou-nao-lendo-mais-durante-a-pandemia\/#primaryimage\"},\"image\":{\"@id\":\"https:\/\/projetopack.com.br\/en\/estamos-ou-nao-lendo-mais-durante-a-pandemia\/#primaryimage\"},\"thumbnailUrl\":\"https:\/\/projetopack.com.br\/wp-content\/uploads\/2021\/03\/973931-01092015-_dsc4763.jpg\",\"datePublished\":\"2021-03-25T14:49:03+00:00\",\"dateModified\":\"2021-04-27T04:23:29+00:00\",\"description\":\"O que diz o Painel do Varejo de Livros no Brasil, pesquisa realizada pela Nielsen e divulgada pelo Sindicato Nacional Dos Editores De Livros?\",\"breadcrumb\":{\"@id\":\"https:\/\/projetopack.com.br\/en\/estamos-ou-nao-lendo-mais-durante-a-pandemia\/#breadcrumb\"},\"inLanguage\":\"en-US\",\"potentialAction\":[{\"@type\":\"ReadAction\",\"target\":[\"https:\/\/projetopack.com.br\/en\/estamos-ou-nao-lendo-mais-durante-a-pandemia\/\"]}]},{\"@type\":\"ImageObject\",\"inLanguage\":\"en-US\",\"@id\":\"https:\/\/projetopack.com.br\/en\/estamos-ou-nao-lendo-mais-durante-a-pandemia\/#primaryimage\",\"url\":\"https:\/\/projetopack.com.br\/wp-content\/uploads\/2021\/03\/973931-01092015-_dsc4763.jpg\",\"contentUrl\":\"https:\/\/projetopack.com.br\/wp-content\/uploads\/2021\/03\/973931-01092015-_dsc4763.jpg\",\"width\":1170,\"height\":700,\"caption\":\"A tradicional e popular Feira de Livros, realizada de forma itinerante em v\u00e1rias pra\u00e7as da cidade do Rio de Janeiro, est\u00e1 comemorando 60 anos, com uma edi\u00e7\u00e3o especial no Largo da Carioca (Fernando Fraz\u00e3o\/Ag\u00eancia Brasil)\"},{\"@type\":\"BreadcrumbList\",\"@id\":\"https:\/\/projetopack.com.br\/en\/estamos-ou-nao-lendo-mais-durante-a-pandemia\/#breadcrumb\",\"itemListElement\":[{\"@type\":\"ListItem\",\"position\":1,\"name\":\"P\u00e1gina Inicial\",\"item\":\"https:\/\/projetopack.com.br\/\"},{\"@type\":\"ListItem\",\"position\":2,\"name\":\"Opini\u00e3o\",\"item\":\"https:\/\/projetopack.com.br\/en\/category\/opiniao\/\"},{\"@type\":\"ListItem\",\"position\":3,\"name\":\"Estamos ou n\u00e3o lendo mais durante a pandemia?\"}]},{\"@type\":\"WebSite\",\"@id\":\"https:\/\/projetopack.com.br\/#website\",\"url\":\"https:\/\/projetopack.com.br\/\",\"name\":\"ProjetoPack\",\"description\":\"Consultoria e servi\u00e7os para embalagens, r\u00f3tulos, etiquetas e processos de impress\u00e3o\",\"publisher\":{\"@id\":\"https:\/\/projetopack.com.br\/#organization\"},\"potentialAction\":[{\"@type\":\"SearchAction\",\"target\":{\"@type\":\"EntryPoint\",\"urlTemplate\":\"https:\/\/projetopack.com.br\/?s={search_term_string}\"},\"query-input\":{\"@type\":\"PropertyValueSpecification\",\"valueRequired\":true,\"valueName\":\"search_term_string\"}}],\"inLanguage\":\"en-US\"},{\"@type\":\"Organization\",\"@id\":\"https:\/\/projetopack.com.br\/#organization\",\"name\":\"ProjetoPack & Associados\",\"url\":\"https:\/\/projetopack.com.br\/\",\"logo\":{\"@type\":\"ImageObject\",\"inLanguage\":\"en-US\",\"@id\":\"https:\/\/projetopack.com.br\/#\/schema\/logo\/image\/\",\"url\":\"https:\/\/projetopack.com.br\/wp-content\/uploads\/2020\/09\/projetopack.png\",\"contentUrl\":\"https:\/\/projetopack.com.br\/wp-content\/uploads\/2020\/09\/projetopack.png\",\"width\":200,\"height\":200,\"caption\":\"ProjetoPack & Associados\"},\"image\":{\"@id\":\"https:\/\/projetopack.com.br\/#\/schema\/logo\/image\/\"},\"sameAs\":[\"https:\/\/x.com\/ProjetoPack\",\"https:\/\/www.linkedin.com\/company\/projetopack\/\"]},{\"@type\":\"Person\",\"@id\":\"https:\/\/projetopack.com.br\/#\/schema\/person\/d17c72a4bc2b7e461496dd8a14d4cef1\",\"name\":\"Andrea\",\"image\":{\"@type\":\"ImageObject\",\"inLanguage\":\"en-US\",\"@id\":\"https:\/\/projetopack.com.br\/#\/schema\/person\/image\/\",\"url\":\"https:\/\/projetopack.com.br\/wp-content\/uploads\/2026\/03\/eu-150x150.jpg\",\"contentUrl\":\"https:\/\/projetopack.com.br\/wp-content\/uploads\/2026\/03\/eu-150x150.jpg\",\"caption\":\"Andrea\"},\"url\":\"https:\/\/projetopack.com.br\/en\/author\/andrea\/\"}]}<\/script>\n<!-- \/ Yoast SEO Premium plugin. -->","yoast_head_json":{"title":"Estamos ou n\u00e3o lendo mais durante a pandemia? - ProjetoPack","description":"O que diz o Painel do Varejo de Livros no Brasil, pesquisa realizada pela Nielsen e divulgada pelo Sindicato Nacional Dos Editores De Livros?","robots":{"index":"index","follow":"follow","max-snippet":"max-snippet:-1","max-image-preview":"max-image-preview:large","max-video-preview":"max-video-preview:-1"},"canonical":"https:\/\/projetopack.com.br\/en\/estamos-ou-nao-lendo-mais-durante-a-pandemia\/","og_locale":"en_US","og_type":"article","og_title":"Estamos ou n\u00e3o lendo mais durante a pandemia?","og_description":"O que diz o Painel do Varejo de Livros no Brasil, pesquisa realizada pela Nielsen e divulgada pelo Sindicato Nacional Dos Editores De Livros?","og_url":"https:\/\/projetopack.com.br\/en\/estamos-ou-nao-lendo-mais-durante-a-pandemia\/","og_site_name":"ProjetoPack","article_published_time":"2021-03-25T14:49:03+00:00","article_modified_time":"2021-04-27T04:23:29+00:00","og_image":[{"width":1170,"height":700,"url":"https:\/\/projetopack.com.br\/wp-content\/uploads\/2021\/03\/973931-01092015-_dsc4763.jpg","type":"image\/jpeg"}],"author":"Andrea","twitter_card":"summary_large_image","twitter_creator":"@ProjetoPack","twitter_site":"@ProjetoPack","twitter_misc":{"Written by":"Andrea","Est. reading time":"2 minutes"},"schema":{"@context":"https:\/\/schema.org","@graph":[{"@type":"Article","@id":"https:\/\/projetopack.com.br\/en\/estamos-ou-nao-lendo-mais-durante-a-pandemia\/#article","isPartOf":{"@id":"https:\/\/projetopack.com.br\/en\/estamos-ou-nao-lendo-mais-durante-a-pandemia\/"},"author":{"name":"Andrea","@id":"https:\/\/projetopack.com.br\/#\/schema\/person\/d17c72a4bc2b7e461496dd8a14d4cef1"},"headline":"Estamos ou n\u00e3o lendo mais durante a pandemia?","datePublished":"2021-03-25T14:49:03+00:00","dateModified":"2021-04-27T04:23:29+00:00","mainEntityOfPage":{"@id":"https:\/\/projetopack.com.br\/en\/estamos-ou-nao-lendo-mais-durante-a-pandemia\/"},"wordCount":267,"commentCount":0,"publisher":{"@id":"https:\/\/projetopack.com.br\/#organization"},"image":{"@id":"https:\/\/projetopack.com.br\/en\/estamos-ou-nao-lendo-mais-durante-a-pandemia\/#primaryimage"},"thumbnailUrl":"https:\/\/projetopack.com.br\/wp-content\/uploads\/2021\/03\/973931-01092015-_dsc4763.jpg","keywords":["ebooks","isbn","livro","mercado editorial","ondas impressas","setor liter\u00e1rio","sindicato dos editores de livros"],"articleSection":["Opini\u00e3o"],"inLanguage":"en-US","potentialAction":[{"@type":"CommentAction","name":"Comment","target":["https:\/\/projetopack.com.br\/en\/estamos-ou-nao-lendo-mais-durante-a-pandemia\/#respond"]}]},{"@type":"WebPage","@id":"https:\/\/projetopack.com.br\/en\/estamos-ou-nao-lendo-mais-durante-a-pandemia\/","url":"https:\/\/projetopack.com.br\/en\/estamos-ou-nao-lendo-mais-durante-a-pandemia\/","name":"Estamos ou n\u00e3o lendo mais durante a pandemia? - ProjetoPack","isPartOf":{"@id":"https:\/\/projetopack.com.br\/#website"},"primaryImageOfPage":{"@id":"https:\/\/projetopack.com.br\/en\/estamos-ou-nao-lendo-mais-durante-a-pandemia\/#primaryimage"},"image":{"@id":"https:\/\/projetopack.com.br\/en\/estamos-ou-nao-lendo-mais-durante-a-pandemia\/#primaryimage"},"thumbnailUrl":"https:\/\/projetopack.com.br\/wp-content\/uploads\/2021\/03\/973931-01092015-_dsc4763.jpg","datePublished":"2021-03-25T14:49:03+00:00","dateModified":"2021-04-27T04:23:29+00:00","description":"O que diz o Painel do Varejo de Livros no Brasil, pesquisa realizada pela Nielsen e divulgada pelo Sindicato Nacional Dos Editores De Livros?","breadcrumb":{"@id":"https:\/\/projetopack.com.br\/en\/estamos-ou-nao-lendo-mais-durante-a-pandemia\/#breadcrumb"},"inLanguage":"en-US","potentialAction":[{"@type":"ReadAction","target":["https:\/\/projetopack.com.br\/en\/estamos-ou-nao-lendo-mais-durante-a-pandemia\/"]}]},{"@type":"ImageObject","inLanguage":"en-US","@id":"https:\/\/projetopack.com.br\/en\/estamos-ou-nao-lendo-mais-durante-a-pandemia\/#primaryimage","url":"https:\/\/projetopack.com.br\/wp-content\/uploads\/2021\/03\/973931-01092015-_dsc4763.jpg","contentUrl":"https:\/\/projetopack.com.br\/wp-content\/uploads\/2021\/03\/973931-01092015-_dsc4763.jpg","width":1170,"height":700,"caption":"A tradicional e popular Feira de Livros, realizada de forma itinerante em v\u00e1rias pra\u00e7as da cidade do Rio de Janeiro, est\u00e1 comemorando 60 anos, com uma edi\u00e7\u00e3o especial no Largo da Carioca (Fernando Fraz\u00e3o\/Ag\u00eancia Brasil)"},{"@type":"BreadcrumbList","@id":"https:\/\/projetopack.com.br\/en\/estamos-ou-nao-lendo-mais-durante-a-pandemia\/#breadcrumb","itemListElement":[{"@type":"ListItem","position":1,"name":"P\u00e1gina Inicial","item":"https:\/\/projetopack.com.br\/"},{"@type":"ListItem","position":2,"name":"Opini\u00e3o","item":"https:\/\/projetopack.com.br\/en\/category\/opiniao\/"},{"@type":"ListItem","position":3,"name":"Estamos ou n\u00e3o lendo mais durante a pandemia?"}]},{"@type":"WebSite","@id":"https:\/\/projetopack.com.br\/#website","url":"https:\/\/projetopack.com.br\/","name":"ProjetoPack","description":"Consultoria e servi\u00e7os para embalagens, r\u00f3tulos, etiquetas e processos de impress\u00e3o","publisher":{"@id":"https:\/\/projetopack.com.br\/#organization"},"potentialAction":[{"@type":"SearchAction","target":{"@type":"EntryPoint","urlTemplate":"https:\/\/projetopack.com.br\/?s={search_term_string}"},"query-input":{"@type":"PropertyValueSpecification","valueRequired":true,"valueName":"search_term_string"}}],"inLanguage":"en-US"},{"@type":"Organization","@id":"https:\/\/projetopack.com.br\/#organization","name":"ProjetoPack & Associados","url":"https:\/\/projetopack.com.br\/","logo":{"@type":"ImageObject","inLanguage":"en-US","@id":"https:\/\/projetopack.com.br\/#\/schema\/logo\/image\/","url":"https:\/\/projetopack.com.br\/wp-content\/uploads\/2020\/09\/projetopack.png","contentUrl":"https:\/\/projetopack.com.br\/wp-content\/uploads\/2020\/09\/projetopack.png","width":200,"height":200,"caption":"ProjetoPack & Associados"},"image":{"@id":"https:\/\/projetopack.com.br\/#\/schema\/logo\/image\/"},"sameAs":["https:\/\/x.com\/ProjetoPack","https:\/\/www.linkedin.com\/company\/projetopack\/"]},{"@type":"Person","@id":"https:\/\/projetopack.com.br\/#\/schema\/person\/d17c72a4bc2b7e461496dd8a14d4cef1","name":"Andrea","image":{"@type":"ImageObject","inLanguage":"en-US","@id":"https:\/\/projetopack.com.br\/#\/schema\/person\/image\/","url":"https:\/\/projetopack.com.br\/wp-content\/uploads\/2026\/03\/eu-150x150.jpg","contentUrl":"https:\/\/projetopack.com.br\/wp-content\/uploads\/2026\/03\/eu-150x150.jpg","caption":"Andrea"},"url":"https:\/\/projetopack.com.br\/en\/author\/andrea\/"}]}},"_links":{"self":[{"href":"https:\/\/projetopack.com.br\/en\/wp-json\/wp\/v2\/posts\/10141","targetHints":{"allow":["GET"]}}],"collection":[{"href":"https:\/\/projetopack.com.br\/en\/wp-json\/wp\/v2\/posts"}],"about":[{"href":"https:\/\/projetopack.com.br\/en\/wp-json\/wp\/v2\/types\/post"}],"author":[{"embeddable":true,"href":"https:\/\/projetopack.com.br\/en\/wp-json\/wp\/v2\/users\/18"}],"replies":[{"embeddable":true,"href":"https:\/\/projetopack.com.br\/en\/wp-json\/wp\/v2\/comments?post=10141"}],"version-history":[{"count":0,"href":"https:\/\/projetopack.com.br\/en\/wp-json\/wp\/v2\/posts\/10141\/revisions"}],"wp:featuredmedia":[{"embeddable":true,"href":"https:\/\/projetopack.com.br\/en\/wp-json\/wp\/v2\/media\/10142"}],"wp:attachment":[{"href":"https:\/\/projetopack.com.br\/en\/wp-json\/wp\/v2\/media?parent=10141"}],"wp:term":[{"taxonomy":"category","embeddable":true,"href":"https:\/\/projetopack.com.br\/en\/wp-json\/wp\/v2\/categories?post=10141"},{"taxonomy":"post_tag","embeddable":true,"href":"https:\/\/projetopack.com.br\/en\/wp-json\/wp\/v2\/tags?post=10141"}],"curies":[{"name":"wp","href":"https:\/\/api.w.org\/{rel}","templated":true}]}}