{"id":10199,"date":"2021-03-29T11:28:42","date_gmt":"2021-03-29T14:28:42","guid":{"rendered":"https:\/\/www.projetopack.com.br\/?p=10199"},"modified":"2021-04-27T01:02:53","modified_gmt":"2021-04-27T04:02:53","slug":"o-que-aprendemos-no-packcast-com-a-prakolar-sato","status":"publish","type":"post","link":"https:\/\/projetopack.com.br\/en\/o-que-aprendemos-no-packcast-com-a-prakolar-sato\/","title":{"rendered":"O que aprendemos no PackCast com a Prakolar Sato?"},"content":{"rendered":"<p>Dando sequencia \u00e0 segunda temporada do nosso podcast, entrevistamos uma das maiores convertedoras de r\u00f3tulos e etiquetas do mundo, a japonesa <a href=\"https:\/\/www.satoamerica.com\" target=\"_blank\" rel=\"noreferrer noopener\">Sato<\/a>, mediante sua subsidi\u00e1ria <a href=\"https:\/\/www.prakolar.com.br\/prakolarsato\/\" target=\"_blank\" rel=\"noreferrer noopener\">Prakolar<\/a>, localizada em S\u00e3o Paulo, capital. Falamos com <strong>Mauricio M\u00e9dici<\/strong>, diretor executivo da companhia.<\/p>\n\n\n\n<p>Mantendo o protocolo, aproveitamos o v\u00eddeo para o formato webcast em nosso canal do <a href=\"https:\/\/youtu.be\/GHJJv-dTfY8\" target=\"_blank\" rel=\"noreferrer noopener\">YouTube<\/a> (convidamos a todos para se inscreverem em ambos, links ao longo da postagem.<\/p>\n\n\n\n<figure class=\"wp-block-embed is-type-video is-provider-youtube wp-block-embed-youtube wp-embed-aspect-16-9 wp-has-aspect-ratio\"><div class=\"wp-block-embed__wrapper\">\n<iframe title=\"PackLive com a Prakolar Sato\" width=\"800\" height=\"450\" src=\"https:\/\/www.youtube.com\/embed\/sMxuWdeIprc?feature=oembed&#038;enablejsapi=1&#038;origin=https:\/\/projetopack.com.br\" frameborder=\"0\" allow=\"accelerometer; autoplay; clipboard-write; encrypted-media; gyroscope; picture-in-picture\" allowfullscreen><\/iframe>\n<\/div><\/figure>\n\n\n\n<p>Com receita anual na ordem de USD 1 bilh\u00e3o, o grupo Sato ocupa posi\u00e7\u00e3o de destaque no setor de &#8220;Auto ID&#8221; (Identifica\u00e7\u00e3o). Para a empresa, r\u00f3tulos <em>prime label<\/em> s\u00e3o mais uma faceta da ind\u00fastria de identifica\u00e7\u00e3o dos produtos. A sinergia natural entre a auto identifica\u00e7\u00e3o e o prime label atraiu a Sato para aquisi\u00e7\u00f5es como a da Prakolar e da <a href=\"https:\/\/okil.ru\/en\/news\/kompaniya-sato-poluchila-kontrolnyij-paket-akczij-okil\/\">Okil<\/a>, na R\u00fassia.<\/p>\n\n\n\n<figure class=\"wp-block-pullquote\"><blockquote><p>&#8220;Enquanto no Brasil, consumimos em m\u00e9dia 3 a 4 metros quadrados de autoadesivo por pessoa ao ano, no Jap\u00e3o se consome ao redor de 20 metros quadrados per capital ao ano&#8221;,<\/p><cite>expos mauricio, acerca do potencial latente do mercado nacional<\/cite><\/blockquote><\/figure>\n\n\n\n<p>Mauricio tem credenciais &#8220;extra&#8221; para emitir opini\u00f5es sobre a escassez das mat\u00e9rias-primas, dada a sua robusta experi\u00eancia anterior em grandes laminadores de autoadesivo no Brasil. <\/p>\n\n\n\n<p>Na vis\u00e3o do executivo, h\u00e1 uma assimetria hist\u00f3rica entre a oferta de insumos e a demanda (a baixa rentabilidade das companhias t\u00eam sido uma justificativa para o aumento das capacidades), agravada pela pandemia e posterior retomada. Todavia, o dito popular &#8220;<em>Quem nunca comeu mela\u00e7o, quando come se lambuza<\/em>&#8221; explicaria os exageros nos aumentos dos pre\u00e7os.<\/p>\n\n\n\n<p>A sustentabilidade \u00e9 outro aspecto importante do neg\u00f3cio de r\u00f3tulos e etiquetas para uma empresa com a envergadura da Sato. H\u00e1 apostas importantes no setor de <em>linerless label<\/em> e de &#8220;faceless label&#8221;, em sendo a segunda uma disrup\u00e7\u00e3o da companhia.<\/p>\n\n\n\n<figure class=\"wp-block-image size-full\"><img fetchpriority=\"high\" decoding=\"async\" width=\"1458\" height=\"634\" src=\"https:\/\/projetopack.com.br\/wp-content\/uploads\/2021\/03\/linerless-labels.jpg\" alt=\"R\u00f3tulos e etiquetas adesivas\" class=\"wp-image-10201\" srcset=\"https:\/\/projetopack.com.br\/wp-content\/uploads\/2021\/03\/linerless-labels.jpg 1458w, https:\/\/projetopack.com.br\/wp-content\/uploads\/2021\/03\/linerless-labels-300x130.jpg 300w, https:\/\/projetopack.com.br\/wp-content\/uploads\/2021\/03\/linerless-labels-600x261.jpg 600w, https:\/\/projetopack.com.br\/wp-content\/uploads\/2021\/03\/linerless-labels-768x333.jpg 768w\" sizes=\"(max-width: 1458px) 100vw, 1458px\" \/><\/figure>\n\n\n\n<p class=\"has-cyan-bluish-gray-background-color has-background\">Mauricio trouxe ainda in\u00fameros insights importantes sobre efici\u00eancia industrial, os limites da impress\u00e3o anal\u00f3gica e digital, as vantagens reais de ser parte de uma empresa global (imbu\u00edda na cultura e tradi\u00e7\u00e3o asi\u00e1tica) e do relacionamento interpessoal do gestor e dos colaboradores, em especial no ch\u00e3o-de-f\u00e1brica. Vale muito a pena assistir a este quase &#8220;MBA&#8221; proporcionado pela Prakolar aos ouvintes do podcast e telespectadores do nosso canal no YouTube.<\/p>\n\n\n\n<p><strong>Leia mais em nosso site:<\/strong><br><a href=\"https:\/\/projetopack.com.br\/o-que-aprendemos-no-packcast-com-a-magsac-embalagens\/\">O que aprendemos no PackCast com a MagSac Embalagens?<\/a><\/p>","protected":false},"excerpt":{"rendered":"<p>Saiba como foi a nossa entrevista com o diretor executivo da Prakolar Sato<\/p>","protected":false},"author":18,"featured_media":10200,"comment_status":"open","ping_status":"closed","sticky":false,"template":"","format":"standard","meta":{"footnotes":""},"categories":[632],"tags":[115,698,697,249,170,695],"class_list":["post-10199","post","type-post","status-publish","format-standard","has-post-thumbnail","hentry","category-entrevistas","tag-etiquetas","tag-linerless","tag-mauricio-medici","tag-rotulos","tag-rotulos-e-etiquetas","tag-sato"],"yoast_head":"<!-- This site is optimized with the Yoast SEO Premium plugin v27.1 (Yoast SEO v27.1.1) - https:\/\/yoast.com\/product\/yoast-seo-premium-wordpress\/ -->\n<title>O que aprendemos no PackCast com a Prakolar Sato? - ProjetoPack<\/title>\n<meta name=\"description\" content=\"Entrevistamos uma das maiores convertedoras de r\u00f3tulos e etiquetas do mundo, a japonesa Sato, mediante sua subsidi\u00e1ria Prakolar.\" \/>\n<meta name=\"robots\" content=\"index, follow, max-snippet:-1, max-image-preview:large, max-video-preview:-1\" \/>\n<link rel=\"canonical\" href=\"https:\/\/projetopack.com.br\/en\/o-que-aprendemos-no-packcast-com-a-prakolar-sato\/\" \/>\n<meta property=\"og:locale\" content=\"en_US\" \/>\n<meta property=\"og:type\" content=\"article\" \/>\n<meta property=\"og:title\" content=\"O que aprendemos no PackCast com a Prakolar Sato?\" \/>\n<meta property=\"og:description\" content=\"Entrevistamos uma das maiores convertedoras de r\u00f3tulos e etiquetas do mundo, a japonesa Sato, mediante sua subsidi\u00e1ria Prakolar.\" \/>\n<meta property=\"og:url\" content=\"https:\/\/projetopack.com.br\/en\/o-que-aprendemos-no-packcast-com-a-prakolar-sato\/\" \/>\n<meta property=\"og:site_name\" content=\"ProjetoPack\" \/>\n<meta property=\"article:published_time\" content=\"2021-03-29T14:28:42+00:00\" \/>\n<meta property=\"article:modified_time\" content=\"2021-04-27T04:02:53+00:00\" \/>\n<meta property=\"og:image\" content=\"https:\/\/projetopack.com.br\/wp-content\/uploads\/2021\/03\/Capa-Podcast-14.png\" \/>\n\t<meta property=\"og:image:width\" content=\"1080\" \/>\n\t<meta property=\"og:image:height\" content=\"1080\" \/>\n\t<meta property=\"og:image:type\" content=\"image\/png\" \/>\n<meta name=\"author\" content=\"Andrea\" \/>\n<meta name=\"twitter:card\" content=\"summary_large_image\" \/>\n<meta name=\"twitter:creator\" content=\"@ProjetoPack\" \/>\n<meta name=\"twitter:site\" content=\"@ProjetoPack\" \/>\n<meta name=\"twitter:label1\" content=\"Written by\" \/>\n\t<meta name=\"twitter:data1\" content=\"Andrea\" \/>\n\t<meta name=\"twitter:label2\" content=\"Est. reading time\" \/>\n\t<meta name=\"twitter:data2\" content=\"2 minutes\" \/>\n<script type=\"application\/ld+json\" class=\"yoast-schema-graph\">{\"@context\":\"https:\/\/schema.org\",\"@graph\":[{\"@type\":\"Article\",\"@id\":\"https:\/\/projetopack.com.br\/en\/o-que-aprendemos-no-packcast-com-a-prakolar-sato\/#article\",\"isPartOf\":{\"@id\":\"https:\/\/projetopack.com.br\/en\/o-que-aprendemos-no-packcast-com-a-prakolar-sato\/\"},\"author\":{\"name\":\"Andrea\",\"@id\":\"https:\/\/projetopack.com.br\/#\/schema\/person\/d17c72a4bc2b7e461496dd8a14d4cef1\"},\"headline\":\"O que aprendemos no PackCast com a Prakolar Sato?\",\"datePublished\":\"2021-03-29T14:28:42+00:00\",\"dateModified\":\"2021-04-27T04:02:53+00:00\",\"mainEntityOfPage\":{\"@id\":\"https:\/\/projetopack.com.br\/en\/o-que-aprendemos-no-packcast-com-a-prakolar-sato\/\"},\"wordCount\":416,\"commentCount\":0,\"publisher\":{\"@id\":\"https:\/\/projetopack.com.br\/#organization\"},\"image\":{\"@id\":\"https:\/\/projetopack.com.br\/en\/o-que-aprendemos-no-packcast-com-a-prakolar-sato\/#primaryimage\"},\"thumbnailUrl\":\"https:\/\/projetopack.com.br\/wp-content\/uploads\/2021\/03\/Capa-Podcast-14.png\",\"keywords\":[\"etiquetas\",\"linerless\",\"mauricio medici\",\"r\u00f3tulos\",\"r\u00f3tulos e etiquetas\",\"sato\"],\"articleSection\":[\"Entrevistas\"],\"inLanguage\":\"en-US\",\"potentialAction\":[{\"@type\":\"CommentAction\",\"name\":\"Comment\",\"target\":[\"https:\/\/projetopack.com.br\/en\/o-que-aprendemos-no-packcast-com-a-prakolar-sato\/#respond\"]}]},{\"@type\":\"WebPage\",\"@id\":\"https:\/\/projetopack.com.br\/en\/o-que-aprendemos-no-packcast-com-a-prakolar-sato\/\",\"url\":\"https:\/\/projetopack.com.br\/en\/o-que-aprendemos-no-packcast-com-a-prakolar-sato\/\",\"name\":\"O que aprendemos no PackCast com a Prakolar Sato? - ProjetoPack\",\"isPartOf\":{\"@id\":\"https:\/\/projetopack.com.br\/#website\"},\"primaryImageOfPage\":{\"@id\":\"https:\/\/projetopack.com.br\/en\/o-que-aprendemos-no-packcast-com-a-prakolar-sato\/#primaryimage\"},\"image\":{\"@id\":\"https:\/\/projetopack.com.br\/en\/o-que-aprendemos-no-packcast-com-a-prakolar-sato\/#primaryimage\"},\"thumbnailUrl\":\"https:\/\/projetopack.com.br\/wp-content\/uploads\/2021\/03\/Capa-Podcast-14.png\",\"datePublished\":\"2021-03-29T14:28:42+00:00\",\"dateModified\":\"2021-04-27T04:02:53+00:00\",\"description\":\"Entrevistamos uma das maiores convertedoras de r\u00f3tulos e etiquetas do mundo, a japonesa Sato, mediante sua subsidi\u00e1ria Prakolar.\",\"breadcrumb\":{\"@id\":\"https:\/\/projetopack.com.br\/en\/o-que-aprendemos-no-packcast-com-a-prakolar-sato\/#breadcrumb\"},\"inLanguage\":\"en-US\",\"potentialAction\":[{\"@type\":\"ReadAction\",\"target\":[\"https:\/\/projetopack.com.br\/en\/o-que-aprendemos-no-packcast-com-a-prakolar-sato\/\"]}]},{\"@type\":\"ImageObject\",\"inLanguage\":\"en-US\",\"@id\":\"https:\/\/projetopack.com.br\/en\/o-que-aprendemos-no-packcast-com-a-prakolar-sato\/#primaryimage\",\"url\":\"https:\/\/projetopack.com.br\/wp-content\/uploads\/2021\/03\/Capa-Podcast-14.png\",\"contentUrl\":\"https:\/\/projetopack.com.br\/wp-content\/uploads\/2021\/03\/Capa-Podcast-14.png\",\"width\":1080,\"height\":1080},{\"@type\":\"BreadcrumbList\",\"@id\":\"https:\/\/projetopack.com.br\/en\/o-que-aprendemos-no-packcast-com-a-prakolar-sato\/#breadcrumb\",\"itemListElement\":[{\"@type\":\"ListItem\",\"position\":1,\"name\":\"P\u00e1gina Inicial\",\"item\":\"https:\/\/projetopack.com.br\/\"},{\"@type\":\"ListItem\",\"position\":2,\"name\":\"Entrevistas\",\"item\":\"https:\/\/projetopack.com.br\/category\/entrevistas\/\"},{\"@type\":\"ListItem\",\"position\":3,\"name\":\"O que aprendemos no PackCast com a Prakolar Sato?\"}]},{\"@type\":\"WebSite\",\"@id\":\"https:\/\/projetopack.com.br\/#website\",\"url\":\"https:\/\/projetopack.com.br\/\",\"name\":\"ProjetoPack\",\"description\":\"Consultoria e servi\u00e7os para embalagens, r\u00f3tulos, etiquetas e processos de impress\u00e3o\",\"publisher\":{\"@id\":\"https:\/\/projetopack.com.br\/#organization\"},\"potentialAction\":[{\"@type\":\"SearchAction\",\"target\":{\"@type\":\"EntryPoint\",\"urlTemplate\":\"https:\/\/projetopack.com.br\/?s={search_term_string}\"},\"query-input\":{\"@type\":\"PropertyValueSpecification\",\"valueRequired\":true,\"valueName\":\"search_term_string\"}}],\"inLanguage\":\"en-US\"},{\"@type\":\"Organization\",\"@id\":\"https:\/\/projetopack.com.br\/#organization\",\"name\":\"ProjetoPack & Associados\",\"url\":\"https:\/\/projetopack.com.br\/\",\"logo\":{\"@type\":\"ImageObject\",\"inLanguage\":\"en-US\",\"@id\":\"https:\/\/projetopack.com.br\/#\/schema\/logo\/image\/\",\"url\":\"https:\/\/projetopack.com.br\/wp-content\/uploads\/2020\/09\/projetopack.png\",\"contentUrl\":\"https:\/\/projetopack.com.br\/wp-content\/uploads\/2020\/09\/projetopack.png\",\"width\":200,\"height\":200,\"caption\":\"ProjetoPack & Associados\"},\"image\":{\"@id\":\"https:\/\/projetopack.com.br\/#\/schema\/logo\/image\/\"},\"sameAs\":[\"https:\/\/x.com\/ProjetoPack\",\"https:\/\/www.linkedin.com\/company\/projetopack\/\"]},{\"@type\":\"Person\",\"@id\":\"https:\/\/projetopack.com.br\/#\/schema\/person\/d17c72a4bc2b7e461496dd8a14d4cef1\",\"name\":\"Andrea\",\"image\":{\"@type\":\"ImageObject\",\"inLanguage\":\"en-US\",\"@id\":\"https:\/\/projetopack.com.br\/#\/schema\/person\/image\/\",\"url\":\"https:\/\/projetopack.com.br\/wp-content\/uploads\/2026\/03\/eu-150x150.jpg\",\"contentUrl\":\"https:\/\/projetopack.com.br\/wp-content\/uploads\/2026\/03\/eu-150x150.jpg\",\"caption\":\"Andrea\"},\"url\":\"https:\/\/projetopack.com.br\/en\/author\/andrea\/\"}]}<\/script>\n<!-- \/ Yoast SEO Premium plugin. -->","yoast_head_json":{"title":"O que aprendemos no PackCast com a Prakolar Sato? - ProjetoPack","description":"Entrevistamos uma das maiores convertedoras de r\u00f3tulos e etiquetas do mundo, a japonesa Sato, mediante sua subsidi\u00e1ria Prakolar.","robots":{"index":"index","follow":"follow","max-snippet":"max-snippet:-1","max-image-preview":"max-image-preview:large","max-video-preview":"max-video-preview:-1"},"canonical":"https:\/\/projetopack.com.br\/en\/o-que-aprendemos-no-packcast-com-a-prakolar-sato\/","og_locale":"en_US","og_type":"article","og_title":"O que aprendemos no PackCast com a Prakolar Sato?","og_description":"Entrevistamos uma das maiores convertedoras de r\u00f3tulos e etiquetas do mundo, a japonesa Sato, mediante sua subsidi\u00e1ria Prakolar.","og_url":"https:\/\/projetopack.com.br\/en\/o-que-aprendemos-no-packcast-com-a-prakolar-sato\/","og_site_name":"ProjetoPack","article_published_time":"2021-03-29T14:28:42+00:00","article_modified_time":"2021-04-27T04:02:53+00:00","og_image":[{"width":1080,"height":1080,"url":"https:\/\/projetopack.com.br\/wp-content\/uploads\/2021\/03\/Capa-Podcast-14.png","type":"image\/png"}],"author":"Andrea","twitter_card":"summary_large_image","twitter_creator":"@ProjetoPack","twitter_site":"@ProjetoPack","twitter_misc":{"Written by":"Andrea","Est. reading time":"2 minutes"},"schema":{"@context":"https:\/\/schema.org","@graph":[{"@type":"Article","@id":"https:\/\/projetopack.com.br\/en\/o-que-aprendemos-no-packcast-com-a-prakolar-sato\/#article","isPartOf":{"@id":"https:\/\/projetopack.com.br\/en\/o-que-aprendemos-no-packcast-com-a-prakolar-sato\/"},"author":{"name":"Andrea","@id":"https:\/\/projetopack.com.br\/#\/schema\/person\/d17c72a4bc2b7e461496dd8a14d4cef1"},"headline":"O que aprendemos no PackCast com a Prakolar Sato?","datePublished":"2021-03-29T14:28:42+00:00","dateModified":"2021-04-27T04:02:53+00:00","mainEntityOfPage":{"@id":"https:\/\/projetopack.com.br\/en\/o-que-aprendemos-no-packcast-com-a-prakolar-sato\/"},"wordCount":416,"commentCount":0,"publisher":{"@id":"https:\/\/projetopack.com.br\/#organization"},"image":{"@id":"https:\/\/projetopack.com.br\/en\/o-que-aprendemos-no-packcast-com-a-prakolar-sato\/#primaryimage"},"thumbnailUrl":"https:\/\/projetopack.com.br\/wp-content\/uploads\/2021\/03\/Capa-Podcast-14.png","keywords":["etiquetas","linerless","mauricio medici","r\u00f3tulos","r\u00f3tulos e etiquetas","sato"],"articleSection":["Entrevistas"],"inLanguage":"en-US","potentialAction":[{"@type":"CommentAction","name":"Comment","target":["https:\/\/projetopack.com.br\/en\/o-que-aprendemos-no-packcast-com-a-prakolar-sato\/#respond"]}]},{"@type":"WebPage","@id":"https:\/\/projetopack.com.br\/en\/o-que-aprendemos-no-packcast-com-a-prakolar-sato\/","url":"https:\/\/projetopack.com.br\/en\/o-que-aprendemos-no-packcast-com-a-prakolar-sato\/","name":"O que aprendemos no PackCast com a Prakolar Sato? - ProjetoPack","isPartOf":{"@id":"https:\/\/projetopack.com.br\/#website"},"primaryImageOfPage":{"@id":"https:\/\/projetopack.com.br\/en\/o-que-aprendemos-no-packcast-com-a-prakolar-sato\/#primaryimage"},"image":{"@id":"https:\/\/projetopack.com.br\/en\/o-que-aprendemos-no-packcast-com-a-prakolar-sato\/#primaryimage"},"thumbnailUrl":"https:\/\/projetopack.com.br\/wp-content\/uploads\/2021\/03\/Capa-Podcast-14.png","datePublished":"2021-03-29T14:28:42+00:00","dateModified":"2021-04-27T04:02:53+00:00","description":"Entrevistamos uma das maiores convertedoras de r\u00f3tulos e etiquetas do mundo, a japonesa Sato, mediante sua subsidi\u00e1ria Prakolar.","breadcrumb":{"@id":"https:\/\/projetopack.com.br\/en\/o-que-aprendemos-no-packcast-com-a-prakolar-sato\/#breadcrumb"},"inLanguage":"en-US","potentialAction":[{"@type":"ReadAction","target":["https:\/\/projetopack.com.br\/en\/o-que-aprendemos-no-packcast-com-a-prakolar-sato\/"]}]},{"@type":"ImageObject","inLanguage":"en-US","@id":"https:\/\/projetopack.com.br\/en\/o-que-aprendemos-no-packcast-com-a-prakolar-sato\/#primaryimage","url":"https:\/\/projetopack.com.br\/wp-content\/uploads\/2021\/03\/Capa-Podcast-14.png","contentUrl":"https:\/\/projetopack.com.br\/wp-content\/uploads\/2021\/03\/Capa-Podcast-14.png","width":1080,"height":1080},{"@type":"BreadcrumbList","@id":"https:\/\/projetopack.com.br\/en\/o-que-aprendemos-no-packcast-com-a-prakolar-sato\/#breadcrumb","itemListElement":[{"@type":"ListItem","position":1,"name":"P\u00e1gina Inicial","item":"https:\/\/projetopack.com.br\/"},{"@type":"ListItem","position":2,"name":"Entrevistas","item":"https:\/\/projetopack.com.br\/category\/entrevistas\/"},{"@type":"ListItem","position":3,"name":"O que aprendemos no PackCast com a Prakolar Sato?"}]},{"@type":"WebSite","@id":"https:\/\/projetopack.com.br\/#website","url":"https:\/\/projetopack.com.br\/","name":"ProjetoPack","description":"Consultoria e servi\u00e7os para embalagens, r\u00f3tulos, etiquetas e processos de impress\u00e3o","publisher":{"@id":"https:\/\/projetopack.com.br\/#organization"},"potentialAction":[{"@type":"SearchAction","target":{"@type":"EntryPoint","urlTemplate":"https:\/\/projetopack.com.br\/?s={search_term_string}"},"query-input":{"@type":"PropertyValueSpecification","valueRequired":true,"valueName":"search_term_string"}}],"inLanguage":"en-US"},{"@type":"Organization","@id":"https:\/\/projetopack.com.br\/#organization","name":"ProjetoPack & Associados","url":"https:\/\/projetopack.com.br\/","logo":{"@type":"ImageObject","inLanguage":"en-US","@id":"https:\/\/projetopack.com.br\/#\/schema\/logo\/image\/","url":"https:\/\/projetopack.com.br\/wp-content\/uploads\/2020\/09\/projetopack.png","contentUrl":"https:\/\/projetopack.com.br\/wp-content\/uploads\/2020\/09\/projetopack.png","width":200,"height":200,"caption":"ProjetoPack & Associados"},"image":{"@id":"https:\/\/projetopack.com.br\/#\/schema\/logo\/image\/"},"sameAs":["https:\/\/x.com\/ProjetoPack","https:\/\/www.linkedin.com\/company\/projetopack\/"]},{"@type":"Person","@id":"https:\/\/projetopack.com.br\/#\/schema\/person\/d17c72a4bc2b7e461496dd8a14d4cef1","name":"Andrea","image":{"@type":"ImageObject","inLanguage":"en-US","@id":"https:\/\/projetopack.com.br\/#\/schema\/person\/image\/","url":"https:\/\/projetopack.com.br\/wp-content\/uploads\/2026\/03\/eu-150x150.jpg","contentUrl":"https:\/\/projetopack.com.br\/wp-content\/uploads\/2026\/03\/eu-150x150.jpg","caption":"Andrea"},"url":"https:\/\/projetopack.com.br\/en\/author\/andrea\/"}]}},"_links":{"self":[{"href":"https:\/\/projetopack.com.br\/en\/wp-json\/wp\/v2\/posts\/10199","targetHints":{"allow":["GET"]}}],"collection":[{"href":"https:\/\/projetopack.com.br\/en\/wp-json\/wp\/v2\/posts"}],"about":[{"href":"https:\/\/projetopack.com.br\/en\/wp-json\/wp\/v2\/types\/post"}],"author":[{"embeddable":true,"href":"https:\/\/projetopack.com.br\/en\/wp-json\/wp\/v2\/users\/18"}],"replies":[{"embeddable":true,"href":"https:\/\/projetopack.com.br\/en\/wp-json\/wp\/v2\/comments?post=10199"}],"version-history":[{"count":0,"href":"https:\/\/projetopack.com.br\/en\/wp-json\/wp\/v2\/posts\/10199\/revisions"}],"wp:featuredmedia":[{"embeddable":true,"href":"https:\/\/projetopack.com.br\/en\/wp-json\/wp\/v2\/media\/10200"}],"wp:attachment":[{"href":"https:\/\/projetopack.com.br\/en\/wp-json\/wp\/v2\/media?parent=10199"}],"wp:term":[{"taxonomy":"category","embeddable":true,"href":"https:\/\/projetopack.com.br\/en\/wp-json\/wp\/v2\/categories?post=10199"},{"taxonomy":"post_tag","embeddable":true,"href":"https:\/\/projetopack.com.br\/en\/wp-json\/wp\/v2\/tags?post=10199"}],"curies":[{"name":"wp","href":"https:\/\/api.w.org\/{rel}","templated":true}]}}