{"id":10383,"date":"2021-04-03T15:22:09","date_gmt":"2021-04-03T18:22:09","guid":{"rendered":"https:\/\/www.projetopack.com.br\/?p=10383"},"modified":"2021-04-27T00:44:54","modified_gmt":"2021-04-27T03:44:54","slug":"koenig-bauer-espera-crescer-em-2021","status":"publish","type":"post","link":"https:\/\/projetopack.com.br\/en\/koenig-bauer-espera-crescer-em-2021\/","title":{"rendered":"Koenig &#038; Bauer espera crescer em 2021"},"content":{"rendered":"<p>A fabricante de m\u00e1quinas impressoras offset <a href=\"https:\/\/www.koenig-bauer.com\" target=\"_blank\" rel=\"noreferrer noopener\">Koenig &amp; Bauer<\/a> auferiu uma receita de vendas em 2020 ao redor de EUR 1 bilh\u00e3o (em 2019, EUR 1,2 bi), mesmo em face \u00e0s dificuldades impostas pela pandemia da Covid19.<\/p>\n\n\n\n<p class=\"has-cyan-bluish-gray-background-color has-background\">O decl\u00ednio de 17,4% nas vendas \u00e9 reflexo das medidas governamentais ao redor do mundo para conter o avan\u00e7o da pandemia. Dentre estas medidas, as pr\u00f3prias restri\u00e7\u00f5es de mobilidade, que impedem vendedores e representantes comerciais de visitar prospectivos clientes para consolidar vendas.<\/p>\n\n\n\n<p>Os servi\u00e7os acabaram por representar aproximadamente 30% do faturamento do grupo em 2020.<\/p>\n\n\n\n<p>O decl\u00ednio no n\u00famero de pedidos, de 14,6% para EUR 975 milh\u00f5es (em 2019, EUR 1.1 bi) tamb\u00e9m tem rela\u00e7\u00e3o direta com a pandemia &#8211; especialmente dada a relut\u00e2ncia das gr\u00e1ficas em realizar novos investimentos num cen\u00e1rio de grande incerteza e instabilidade econ\u00f4mica, pol\u00edtica e sanit\u00e1ria.<\/p>\n\n\n\n<p>Todavia, o decl\u00ednio das receitas da Koenig &amp; Bauer em 2020 foi bem menos pronunciado do que a ind\u00fastria gr\u00e1fica em geral (24,2% de queda nas vendas e 21,9% de redu\u00e7\u00e3o dos pedidos), conforme informa\u00e7\u00f5es apresentadas pela <a href=\"https:\/\/www.vdma.org\/\">VDMA<\/a> (Associa\u00e7\u00e3o Alem\u00e3 dos Fabricantes de M\u00e1quinas).<\/p>\n\n\n\n<p>O <em>backlog<\/em> da Koenig &amp; Bauer em 31 de dezembro de 2020 foi avaliado em EUR 623 milh\u00f5es, uma redu\u00e7\u00e3o ainda sutil de 7,9% com respeito ao ano anterior (EUR 686 milh\u00f5es em 31 de dezembro de 2019).<\/p>\n\n\n\n<p>Seu <strong>EBIT<\/strong> (<em>Earnings Before Interest<\/em>, o nosso LAJIR) contabilizou EUR 68 milh\u00f5es em 2020 (EUR 70 milh\u00f5es em 2019). Um EBIT ajustado, por\u00e9m, mostra um cen\u00e1rio ainda mais favor\u00e1vel \u00e0 companhia.<\/p>\n\n\n\n<p>Em s\u00edntese e considerando uma s\u00e9rie de quest\u00f5es cont\u00e1beis, os preju\u00edzos auferidos no per\u00edodo pand\u00eamico est\u00e3o contingenciados em um plano de recupera\u00e7\u00e3o novo com dura\u00e7\u00e3o de cinco anos.<\/p>\n\n\n\n<figure class=\"wp-block-pullquote\"><blockquote><p>&#8220;Olhando os pedidos na casa, conseguimos ver a Koenig em menor dificuldade do que em 2020 e do que a nossa ind\u00fastria como um todo. Apesar de tudo, da cautela e da incerteza advinda das condi\u00e7\u00f5es econ\u00f4micas, tomaremos isso como um sinal para focar de forma certeira com nosso range de m\u00e1quinas e servi\u00e7os. <\/p><cite>explica Dr. Andreas Ple\u00dfke, CEO da Koenig &amp; Bauer AG<\/cite><\/blockquote><\/figure>\n\n\n\n<p>Por exemplo, a impress\u00e3o de papel\u00e3o ondulado pode experimentar um crescimento significativo nos pr\u00f3ximos anos em fun\u00e7\u00e3o do aumento do e-commerce. <\/p>\n\n\n\n<p>A impress\u00e3o de embalagens para alimentos, cosm\u00e9ticos e f\u00e1rmacos, idem. A Koenig &amp; Bauer tem expandido a sua f\u00e1brica de <em>Radebeul<\/em>, tornando ela um verdadeiro centro de experi\u00eancia ao cliente ao demonstrar a performance das nossas impressoras em todos estes setores mencionados. <\/p>\n\n\n\n<figure class=\"wp-block-image size-full\"><img fetchpriority=\"high\" decoding=\"async\" width=\"1200\" height=\"800\" src=\"https:\/\/projetopack.com.br\/wp-content\/uploads\/2021\/04\/690e3aebe5b868fc9f9a.jpg\" alt=\"\" class=\"wp-image-10384\" srcset=\"https:\/\/projetopack.com.br\/wp-content\/uploads\/2021\/04\/690e3aebe5b868fc9f9a.jpg 1200w, https:\/\/projetopack.com.br\/wp-content\/uploads\/2021\/04\/690e3aebe5b868fc9f9a-300x200.jpg 300w, https:\/\/projetopack.com.br\/wp-content\/uploads\/2021\/04\/690e3aebe5b868fc9f9a-600x400.jpg 600w, https:\/\/projetopack.com.br\/wp-content\/uploads\/2021\/04\/690e3aebe5b868fc9f9a-768x512.jpg 768w, https:\/\/projetopack.com.br\/wp-content\/uploads\/2021\/04\/690e3aebe5b868fc9f9a-16x12.jpg 16w\" sizes=\"(max-width: 1200px) 100vw, 1200px\" \/><\/figure>\n\n\n\n<p>Nosso centro de experi\u00eancia exibe tamb\u00e9m uma s\u00e9rie de inova\u00e7\u00f5es de impress\u00e3o de embalagens, corte plano e rotativo, coladoras e fluxos de trabalho totalmente integrados. <\/p>\n\n\n\n<figure class=\"wp-block-pullquote\"><blockquote><p>Estamos convictos de que tudo isso refor\u00e7ar\u00e1 e expandir\u00e1 nossa presen\u00e7a em mercados para al\u00e9m da impress\u00e3o de embalagens.<\/p><cite>conclui dr. andreas.<\/cite><\/blockquote><\/figure>\n\n\n\n<p><strong>Leia mais em nosso site:<\/strong><br><a href=\"https:\/\/projetopack.com.br\/benpac-nao-paga-heidelberg-e-a-venda-da-gallus-e-suspensa\/\">Benpac n\u00e3o paga Heidelberg e a venda da Gallus \u00e9 suspensa<\/a><\/p>","protected":false},"excerpt":{"rendered":"<p>KBA acredita numa retomada em 2021 e trabalha estrat\u00e9gia para os pr\u00f3ximos 5 anos<\/p>","protected":false},"author":18,"featured_media":10385,"comment_status":"open","ping_status":"closed","sticky":false,"template":"","format":"standard","meta":{"footnotes":""},"categories":[344],"tags":[733,735,305],"class_list":["post-10383","post","type-post","status-publish","format-standard","has-post-thumbnail","hentry","category-opiniao","tag-kba","tag-maquinas-impressoras","tag-offset"],"yoast_head":"<!-- This site is optimized with the Yoast SEO Premium plugin v27.1 (Yoast SEO v27.1.1) - https:\/\/yoast.com\/product\/yoast-seo-premium-wordpress\/ -->\n<title>Koenig &amp; Bauer espera crescer em 2021 - ProjetoPack<\/title>\n<meta name=\"description\" content=\"A fabricante de m\u00e1quinas impressoras offset Koenig &amp; Bauer auferiu uma receita de vendas em 2020 ao redor de EUR 1 bilh\u00e3o.\" \/>\n<meta name=\"robots\" content=\"index, follow, max-snippet:-1, max-image-preview:large, max-video-preview:-1\" \/>\n<link rel=\"canonical\" href=\"https:\/\/projetopack.com.br\/en\/koenig-bauer-espera-crescer-em-2021\/\" \/>\n<meta property=\"og:locale\" content=\"en_US\" \/>\n<meta property=\"og:type\" content=\"article\" \/>\n<meta property=\"og:title\" content=\"Koenig &amp; Bauer espera crescer em 2021\" \/>\n<meta property=\"og:description\" content=\"A fabricante de m\u00e1quinas impressoras offset Koenig &amp; Bauer auferiu uma receita de vendas em 2020 ao redor de EUR 1 bilh\u00e3o.\" \/>\n<meta property=\"og:url\" content=\"https:\/\/projetopack.com.br\/en\/koenig-bauer-espera-crescer-em-2021\/\" \/>\n<meta property=\"og:site_name\" content=\"ProjetoPack\" \/>\n<meta property=\"article:published_time\" content=\"2021-04-03T18:22:09+00:00\" \/>\n<meta property=\"article:modified_time\" content=\"2021-04-27T03:44:54+00:00\" \/>\n<meta property=\"og:image\" content=\"https:\/\/projetopack.com.br\/wp-content\/uploads\/2021\/04\/29826-018.jpg\" \/>\n\t<meta property=\"og:image:width\" content=\"1500\" \/>\n\t<meta property=\"og:image:height\" content=\"1001\" \/>\n\t<meta property=\"og:image:type\" content=\"image\/jpeg\" \/>\n<meta name=\"author\" content=\"Andrea\" \/>\n<meta name=\"twitter:card\" content=\"summary_large_image\" \/>\n<meta name=\"twitter:creator\" content=\"@ProjetoPack\" \/>\n<meta name=\"twitter:site\" content=\"@ProjetoPack\" \/>\n<meta name=\"twitter:label1\" content=\"Written by\" \/>\n\t<meta name=\"twitter:data1\" content=\"Andrea\" \/>\n\t<meta name=\"twitter:label2\" content=\"Est. reading time\" \/>\n\t<meta name=\"twitter:data2\" content=\"3 minutes\" \/>\n<script type=\"application\/ld+json\" class=\"yoast-schema-graph\">{\"@context\":\"https:\/\/schema.org\",\"@graph\":[{\"@type\":\"Article\",\"@id\":\"https:\/\/projetopack.com.br\/en\/koenig-bauer-espera-crescer-em-2021\/#article\",\"isPartOf\":{\"@id\":\"https:\/\/projetopack.com.br\/en\/koenig-bauer-espera-crescer-em-2021\/\"},\"author\":{\"name\":\"Andrea\",\"@id\":\"https:\/\/projetopack.com.br\/#\/schema\/person\/d17c72a4bc2b7e461496dd8a14d4cef1\"},\"headline\":\"Koenig &#038; Bauer espera crescer em 2021\",\"datePublished\":\"2021-04-03T18:22:09+00:00\",\"dateModified\":\"2021-04-27T03:44:54+00:00\",\"mainEntityOfPage\":{\"@id\":\"https:\/\/projetopack.com.br\/en\/koenig-bauer-espera-crescer-em-2021\/\"},\"wordCount\":513,\"commentCount\":0,\"publisher\":{\"@id\":\"https:\/\/projetopack.com.br\/#organization\"},\"image\":{\"@id\":\"https:\/\/projetopack.com.br\/en\/koenig-bauer-espera-crescer-em-2021\/#primaryimage\"},\"thumbnailUrl\":\"https:\/\/projetopack.com.br\/wp-content\/uploads\/2021\/04\/29826-018.jpg\",\"keywords\":[\"kba\",\"m\u00e1quinas impressoras\",\"offset\"],\"articleSection\":[\"Opini\u00e3o\"],\"inLanguage\":\"en-US\",\"potentialAction\":[{\"@type\":\"CommentAction\",\"name\":\"Comment\",\"target\":[\"https:\/\/projetopack.com.br\/en\/koenig-bauer-espera-crescer-em-2021\/#respond\"]}]},{\"@type\":\"WebPage\",\"@id\":\"https:\/\/projetopack.com.br\/en\/koenig-bauer-espera-crescer-em-2021\/\",\"url\":\"https:\/\/projetopack.com.br\/en\/koenig-bauer-espera-crescer-em-2021\/\",\"name\":\"Koenig & Bauer espera crescer em 2021 - ProjetoPack\",\"isPartOf\":{\"@id\":\"https:\/\/projetopack.com.br\/#website\"},\"primaryImageOfPage\":{\"@id\":\"https:\/\/projetopack.com.br\/en\/koenig-bauer-espera-crescer-em-2021\/#primaryimage\"},\"image\":{\"@id\":\"https:\/\/projetopack.com.br\/en\/koenig-bauer-espera-crescer-em-2021\/#primaryimage\"},\"thumbnailUrl\":\"https:\/\/projetopack.com.br\/wp-content\/uploads\/2021\/04\/29826-018.jpg\",\"datePublished\":\"2021-04-03T18:22:09+00:00\",\"dateModified\":\"2021-04-27T03:44:54+00:00\",\"description\":\"A fabricante de m\u00e1quinas impressoras offset Koenig & Bauer auferiu uma receita de vendas em 2020 ao redor de EUR 1 bilh\u00e3o.\",\"breadcrumb\":{\"@id\":\"https:\/\/projetopack.com.br\/en\/koenig-bauer-espera-crescer-em-2021\/#breadcrumb\"},\"inLanguage\":\"en-US\",\"potentialAction\":[{\"@type\":\"ReadAction\",\"target\":[\"https:\/\/projetopack.com.br\/en\/koenig-bauer-espera-crescer-em-2021\/\"]}]},{\"@type\":\"ImageObject\",\"inLanguage\":\"en-US\",\"@id\":\"https:\/\/projetopack.com.br\/en\/koenig-bauer-espera-crescer-em-2021\/#primaryimage\",\"url\":\"https:\/\/projetopack.com.br\/wp-content\/uploads\/2021\/04\/29826-018.jpg\",\"contentUrl\":\"https:\/\/projetopack.com.br\/wp-content\/uploads\/2021\/04\/29826-018.jpg\",\"width\":1500,\"height\":1001},{\"@type\":\"BreadcrumbList\",\"@id\":\"https:\/\/projetopack.com.br\/en\/koenig-bauer-espera-crescer-em-2021\/#breadcrumb\",\"itemListElement\":[{\"@type\":\"ListItem\",\"position\":1,\"name\":\"P\u00e1gina Inicial\",\"item\":\"https:\/\/projetopack.com.br\/\"},{\"@type\":\"ListItem\",\"position\":2,\"name\":\"Opini\u00e3o\",\"item\":\"https:\/\/projetopack.com.br\/en\/category\/opiniao\/\"},{\"@type\":\"ListItem\",\"position\":3,\"name\":\"Koenig &#038; Bauer espera crescer em 2021\"}]},{\"@type\":\"WebSite\",\"@id\":\"https:\/\/projetopack.com.br\/#website\",\"url\":\"https:\/\/projetopack.com.br\/\",\"name\":\"ProjetoPack\",\"description\":\"Consultoria e servi\u00e7os para embalagens, r\u00f3tulos, etiquetas e processos de impress\u00e3o\",\"publisher\":{\"@id\":\"https:\/\/projetopack.com.br\/#organization\"},\"potentialAction\":[{\"@type\":\"SearchAction\",\"target\":{\"@type\":\"EntryPoint\",\"urlTemplate\":\"https:\/\/projetopack.com.br\/?s={search_term_string}\"},\"query-input\":{\"@type\":\"PropertyValueSpecification\",\"valueRequired\":true,\"valueName\":\"search_term_string\"}}],\"inLanguage\":\"en-US\"},{\"@type\":\"Organization\",\"@id\":\"https:\/\/projetopack.com.br\/#organization\",\"name\":\"ProjetoPack & Associados\",\"url\":\"https:\/\/projetopack.com.br\/\",\"logo\":{\"@type\":\"ImageObject\",\"inLanguage\":\"en-US\",\"@id\":\"https:\/\/projetopack.com.br\/#\/schema\/logo\/image\/\",\"url\":\"https:\/\/projetopack.com.br\/wp-content\/uploads\/2020\/09\/projetopack.png\",\"contentUrl\":\"https:\/\/projetopack.com.br\/wp-content\/uploads\/2020\/09\/projetopack.png\",\"width\":200,\"height\":200,\"caption\":\"ProjetoPack & Associados\"},\"image\":{\"@id\":\"https:\/\/projetopack.com.br\/#\/schema\/logo\/image\/\"},\"sameAs\":[\"https:\/\/x.com\/ProjetoPack\",\"https:\/\/www.linkedin.com\/company\/projetopack\/\"]},{\"@type\":\"Person\",\"@id\":\"https:\/\/projetopack.com.br\/#\/schema\/person\/d17c72a4bc2b7e461496dd8a14d4cef1\",\"name\":\"Andrea\",\"image\":{\"@type\":\"ImageObject\",\"inLanguage\":\"en-US\",\"@id\":\"https:\/\/projetopack.com.br\/#\/schema\/person\/image\/\",\"url\":\"https:\/\/projetopack.com.br\/wp-content\/uploads\/2026\/03\/eu-150x150.jpg\",\"contentUrl\":\"https:\/\/projetopack.com.br\/wp-content\/uploads\/2026\/03\/eu-150x150.jpg\",\"caption\":\"Andrea\"},\"url\":\"https:\/\/projetopack.com.br\/en\/author\/andrea\/\"}]}<\/script>\n<!-- \/ Yoast SEO Premium plugin. -->","yoast_head_json":{"title":"Koenig & Bauer espera crescer em 2021 - ProjetoPack","description":"A fabricante de m\u00e1quinas impressoras offset Koenig & Bauer auferiu uma receita de vendas em 2020 ao redor de EUR 1 bilh\u00e3o.","robots":{"index":"index","follow":"follow","max-snippet":"max-snippet:-1","max-image-preview":"max-image-preview:large","max-video-preview":"max-video-preview:-1"},"canonical":"https:\/\/projetopack.com.br\/en\/koenig-bauer-espera-crescer-em-2021\/","og_locale":"en_US","og_type":"article","og_title":"Koenig & Bauer espera crescer em 2021","og_description":"A fabricante de m\u00e1quinas impressoras offset Koenig & Bauer auferiu uma receita de vendas em 2020 ao redor de EUR 1 bilh\u00e3o.","og_url":"https:\/\/projetopack.com.br\/en\/koenig-bauer-espera-crescer-em-2021\/","og_site_name":"ProjetoPack","article_published_time":"2021-04-03T18:22:09+00:00","article_modified_time":"2021-04-27T03:44:54+00:00","og_image":[{"width":1500,"height":1001,"url":"https:\/\/projetopack.com.br\/wp-content\/uploads\/2021\/04\/29826-018.jpg","type":"image\/jpeg"}],"author":"Andrea","twitter_card":"summary_large_image","twitter_creator":"@ProjetoPack","twitter_site":"@ProjetoPack","twitter_misc":{"Written by":"Andrea","Est. reading time":"3 minutes"},"schema":{"@context":"https:\/\/schema.org","@graph":[{"@type":"Article","@id":"https:\/\/projetopack.com.br\/en\/koenig-bauer-espera-crescer-em-2021\/#article","isPartOf":{"@id":"https:\/\/projetopack.com.br\/en\/koenig-bauer-espera-crescer-em-2021\/"},"author":{"name":"Andrea","@id":"https:\/\/projetopack.com.br\/#\/schema\/person\/d17c72a4bc2b7e461496dd8a14d4cef1"},"headline":"Koenig &#038; Bauer espera crescer em 2021","datePublished":"2021-04-03T18:22:09+00:00","dateModified":"2021-04-27T03:44:54+00:00","mainEntityOfPage":{"@id":"https:\/\/projetopack.com.br\/en\/koenig-bauer-espera-crescer-em-2021\/"},"wordCount":513,"commentCount":0,"publisher":{"@id":"https:\/\/projetopack.com.br\/#organization"},"image":{"@id":"https:\/\/projetopack.com.br\/en\/koenig-bauer-espera-crescer-em-2021\/#primaryimage"},"thumbnailUrl":"https:\/\/projetopack.com.br\/wp-content\/uploads\/2021\/04\/29826-018.jpg","keywords":["kba","m\u00e1quinas impressoras","offset"],"articleSection":["Opini\u00e3o"],"inLanguage":"en-US","potentialAction":[{"@type":"CommentAction","name":"Comment","target":["https:\/\/projetopack.com.br\/en\/koenig-bauer-espera-crescer-em-2021\/#respond"]}]},{"@type":"WebPage","@id":"https:\/\/projetopack.com.br\/en\/koenig-bauer-espera-crescer-em-2021\/","url":"https:\/\/projetopack.com.br\/en\/koenig-bauer-espera-crescer-em-2021\/","name":"Koenig & Bauer espera crescer em 2021 - ProjetoPack","isPartOf":{"@id":"https:\/\/projetopack.com.br\/#website"},"primaryImageOfPage":{"@id":"https:\/\/projetopack.com.br\/en\/koenig-bauer-espera-crescer-em-2021\/#primaryimage"},"image":{"@id":"https:\/\/projetopack.com.br\/en\/koenig-bauer-espera-crescer-em-2021\/#primaryimage"},"thumbnailUrl":"https:\/\/projetopack.com.br\/wp-content\/uploads\/2021\/04\/29826-018.jpg","datePublished":"2021-04-03T18:22:09+00:00","dateModified":"2021-04-27T03:44:54+00:00","description":"A fabricante de m\u00e1quinas impressoras offset Koenig & Bauer auferiu uma receita de vendas em 2020 ao redor de EUR 1 bilh\u00e3o.","breadcrumb":{"@id":"https:\/\/projetopack.com.br\/en\/koenig-bauer-espera-crescer-em-2021\/#breadcrumb"},"inLanguage":"en-US","potentialAction":[{"@type":"ReadAction","target":["https:\/\/projetopack.com.br\/en\/koenig-bauer-espera-crescer-em-2021\/"]}]},{"@type":"ImageObject","inLanguage":"en-US","@id":"https:\/\/projetopack.com.br\/en\/koenig-bauer-espera-crescer-em-2021\/#primaryimage","url":"https:\/\/projetopack.com.br\/wp-content\/uploads\/2021\/04\/29826-018.jpg","contentUrl":"https:\/\/projetopack.com.br\/wp-content\/uploads\/2021\/04\/29826-018.jpg","width":1500,"height":1001},{"@type":"BreadcrumbList","@id":"https:\/\/projetopack.com.br\/en\/koenig-bauer-espera-crescer-em-2021\/#breadcrumb","itemListElement":[{"@type":"ListItem","position":1,"name":"P\u00e1gina Inicial","item":"https:\/\/projetopack.com.br\/"},{"@type":"ListItem","position":2,"name":"Opini\u00e3o","item":"https:\/\/projetopack.com.br\/en\/category\/opiniao\/"},{"@type":"ListItem","position":3,"name":"Koenig &#038; Bauer espera crescer em 2021"}]},{"@type":"WebSite","@id":"https:\/\/projetopack.com.br\/#website","url":"https:\/\/projetopack.com.br\/","name":"ProjetoPack","description":"Consultoria e servi\u00e7os para embalagens, r\u00f3tulos, etiquetas e processos de impress\u00e3o","publisher":{"@id":"https:\/\/projetopack.com.br\/#organization"},"potentialAction":[{"@type":"SearchAction","target":{"@type":"EntryPoint","urlTemplate":"https:\/\/projetopack.com.br\/?s={search_term_string}"},"query-input":{"@type":"PropertyValueSpecification","valueRequired":true,"valueName":"search_term_string"}}],"inLanguage":"en-US"},{"@type":"Organization","@id":"https:\/\/projetopack.com.br\/#organization","name":"ProjetoPack & Associados","url":"https:\/\/projetopack.com.br\/","logo":{"@type":"ImageObject","inLanguage":"en-US","@id":"https:\/\/projetopack.com.br\/#\/schema\/logo\/image\/","url":"https:\/\/projetopack.com.br\/wp-content\/uploads\/2020\/09\/projetopack.png","contentUrl":"https:\/\/projetopack.com.br\/wp-content\/uploads\/2020\/09\/projetopack.png","width":200,"height":200,"caption":"ProjetoPack & Associados"},"image":{"@id":"https:\/\/projetopack.com.br\/#\/schema\/logo\/image\/"},"sameAs":["https:\/\/x.com\/ProjetoPack","https:\/\/www.linkedin.com\/company\/projetopack\/"]},{"@type":"Person","@id":"https:\/\/projetopack.com.br\/#\/schema\/person\/d17c72a4bc2b7e461496dd8a14d4cef1","name":"Andrea","image":{"@type":"ImageObject","inLanguage":"en-US","@id":"https:\/\/projetopack.com.br\/#\/schema\/person\/image\/","url":"https:\/\/projetopack.com.br\/wp-content\/uploads\/2026\/03\/eu-150x150.jpg","contentUrl":"https:\/\/projetopack.com.br\/wp-content\/uploads\/2026\/03\/eu-150x150.jpg","caption":"Andrea"},"url":"https:\/\/projetopack.com.br\/en\/author\/andrea\/"}]}},"_links":{"self":[{"href":"https:\/\/projetopack.com.br\/en\/wp-json\/wp\/v2\/posts\/10383","targetHints":{"allow":["GET"]}}],"collection":[{"href":"https:\/\/projetopack.com.br\/en\/wp-json\/wp\/v2\/posts"}],"about":[{"href":"https:\/\/projetopack.com.br\/en\/wp-json\/wp\/v2\/types\/post"}],"author":[{"embeddable":true,"href":"https:\/\/projetopack.com.br\/en\/wp-json\/wp\/v2\/users\/18"}],"replies":[{"embeddable":true,"href":"https:\/\/projetopack.com.br\/en\/wp-json\/wp\/v2\/comments?post=10383"}],"version-history":[{"count":0,"href":"https:\/\/projetopack.com.br\/en\/wp-json\/wp\/v2\/posts\/10383\/revisions"}],"wp:featuredmedia":[{"embeddable":true,"href":"https:\/\/projetopack.com.br\/en\/wp-json\/wp\/v2\/media\/10385"}],"wp:attachment":[{"href":"https:\/\/projetopack.com.br\/en\/wp-json\/wp\/v2\/media?parent=10383"}],"wp:term":[{"taxonomy":"category","embeddable":true,"href":"https:\/\/projetopack.com.br\/en\/wp-json\/wp\/v2\/categories?post=10383"},{"taxonomy":"post_tag","embeddable":true,"href":"https:\/\/projetopack.com.br\/en\/wp-json\/wp\/v2\/tags?post=10383"}],"curies":[{"name":"wp","href":"https:\/\/api.w.org\/{rel}","templated":true}]}}