{"id":10388,"date":"2021-04-03T16:34:52","date_gmt":"2021-04-03T19:34:52","guid":{"rendered":"https:\/\/www.projetopack.com.br\/?p=10388"},"modified":"2021-04-27T00:41:52","modified_gmt":"2021-04-27T03:41:52","slug":"o-i-vai-expandir-fabrica-na-colombia","status":"publish","type":"post","link":"https:\/\/projetopack.com.br\/en\/o-i-vai-expandir-fabrica-na-colombia\/","title":{"rendered":"O-I vai expandir f\u00e1brica na Col\u00f4mbia"},"content":{"rendered":"<p>A gigante global de embalagens em vidro <a href=\"https:\/\/www.o-i.com\" target=\"_blank\" rel=\"noreferrer noopener\">O-I Glass<\/a> anunciou a expans\u00e3o de uma de suas f\u00e1bricas na Col\u00f4mbia, um investimento no montante de USD 75 milh\u00f5es.<\/p>\n\n\n\n<p>A empresa vai adicionar outro forno \u00e0 f\u00e1brica de Zipaquir\u00e1, no distrito de Cundinamarca, uma das quatro plantas operando no pa\u00eds.<\/p>\n\n\n\n<p class=\"has-cyan-bluish-gray-background-color has-background\">Com este incremento, a empresa planeja produzir ao redor de 500 milh\u00f5es de garrafas por ano na f\u00e1brica, aumentando a sua capacidade no segmento nas am\u00e9ricas em quase 2%. O projeto deve estar completo no fim de 2022.<\/p>\n\n\n\n<p>O investimento \u00e9 uma resposta ao aumento de demanda para embalagens de vidro sustent\u00e1veis, especialmente sentido no per\u00edodo da pandemia.<\/p>\n\n\n\n<p><strong>Leia mais em nosso site:<\/strong><br><a href=\"https:\/\/projetopack.com.br\/indice-dow-jones-embalagens%e2%80%8b-mostra-queda-forte-no-valor-de-mercado-das-grandes-do-setor\/\">\u00cdndice Dow Jones &#8220;Embalagens&#8221; mostra queda forte no valor de mercado das grandes do setor<\/a><\/p>","protected":false},"excerpt":{"rendered":"<p>F\u00e1brica de Zipaquir\u00e1 receber\u00e1 aportes importantes<\/p>","protected":false},"author":18,"featured_media":10389,"comment_status":"open","ping_status":"closed","sticky":false,"template":"","format":"standard","meta":{"footnotes":""},"categories":[458],"tags":[738,742,736],"class_list":["post-10388","post","type-post","status-publish","format-standard","has-post-thumbnail","hentry","category-lancamentos","tag-glass-packaging","tag-owen-illinois","tag-vidro"],"yoast_head":"<!-- This site is optimized with the Yoast SEO Premium plugin v27.1 (Yoast SEO v27.1.1) - https:\/\/yoast.com\/product\/yoast-seo-premium-wordpress\/ -->\n<title>O-I vai expandir f\u00e1brica na Col\u00f4mbia - ProjetoPack<\/title>\n<meta name=\"description\" content=\"A gigante global de embalagens em vidro O-I Glass anunciou a expans\u00e3o de uma de suas f\u00e1bricas na Col\u00f4mbia, um investimento no montante de USD 75 milh\u00f5es.\" \/>\n<meta name=\"robots\" content=\"index, follow, max-snippet:-1, max-image-preview:large, max-video-preview:-1\" \/>\n<link rel=\"canonical\" href=\"https:\/\/projetopack.com.br\/en\/o-i-vai-expandir-fabrica-na-colombia\/\" \/>\n<meta property=\"og:locale\" content=\"en_US\" \/>\n<meta property=\"og:type\" content=\"article\" \/>\n<meta property=\"og:title\" content=\"O-I vai expandir f\u00e1brica na Col\u00f4mbia\" \/>\n<meta property=\"og:description\" content=\"A gigante global de embalagens em vidro O-I Glass anunciou a expans\u00e3o de uma de suas f\u00e1bricas na Col\u00f4mbia, um investimento no montante de USD 75 milh\u00f5es.\" \/>\n<meta property=\"og:url\" content=\"https:\/\/projetopack.com.br\/en\/o-i-vai-expandir-fabrica-na-colombia\/\" \/>\n<meta property=\"og:site_name\" content=\"ProjetoPack\" \/>\n<meta property=\"article:published_time\" content=\"2021-04-03T19:34:52+00:00\" \/>\n<meta property=\"article:modified_time\" content=\"2021-04-27T03:41:52+00:00\" \/>\n<meta property=\"og:image\" content=\"https:\/\/projetopack.com.br\/wp-content\/uploads\/2021\/04\/O-I-Glass.jpg\" \/>\n\t<meta property=\"og:image:width\" content=\"1920\" \/>\n\t<meta property=\"og:image:height\" content=\"1294\" \/>\n\t<meta property=\"og:image:type\" content=\"image\/jpeg\" \/>\n<meta name=\"author\" content=\"Andrea\" \/>\n<meta name=\"twitter:card\" content=\"summary_large_image\" \/>\n<meta name=\"twitter:creator\" content=\"@ProjetoPack\" \/>\n<meta name=\"twitter:site\" content=\"@ProjetoPack\" \/>\n<meta name=\"twitter:label1\" content=\"Written by\" \/>\n\t<meta name=\"twitter:data1\" content=\"Andrea\" \/>\n\t<meta name=\"twitter:label2\" content=\"Est. reading time\" \/>\n\t<meta name=\"twitter:data2\" content=\"1 minute\" \/>\n<script type=\"application\/ld+json\" class=\"yoast-schema-graph\">{\"@context\":\"https:\/\/schema.org\",\"@graph\":[{\"@type\":\"Article\",\"@id\":\"https:\/\/projetopack.com.br\/o-i-vai-expandir-fabrica-na-colombia\/#article\",\"isPartOf\":{\"@id\":\"https:\/\/projetopack.com.br\/o-i-vai-expandir-fabrica-na-colombia\/\"},\"author\":{\"name\":\"Andrea\",\"@id\":\"https:\/\/projetopack.com.br\/#\/schema\/person\/d17c72a4bc2b7e461496dd8a14d4cef1\"},\"headline\":\"O-I vai expandir f\u00e1brica na Col\u00f4mbia\",\"datePublished\":\"2021-04-03T19:34:52+00:00\",\"dateModified\":\"2021-04-27T03:41:52+00:00\",\"mainEntityOfPage\":{\"@id\":\"https:\/\/projetopack.com.br\/o-i-vai-expandir-fabrica-na-colombia\/\"},\"wordCount\":139,\"commentCount\":0,\"publisher\":{\"@id\":\"https:\/\/projetopack.com.br\/#organization\"},\"image\":{\"@id\":\"https:\/\/projetopack.com.br\/o-i-vai-expandir-fabrica-na-colombia\/#primaryimage\"},\"thumbnailUrl\":\"https:\/\/projetopack.com.br\/wp-content\/uploads\/2021\/04\/O-I-Glass.jpg\",\"keywords\":[\"glass packaging\",\"Owen Illinois\",\"vidro\"],\"articleSection\":[\"Lan\u00e7amentos\"],\"inLanguage\":\"en-US\",\"potentialAction\":[{\"@type\":\"CommentAction\",\"name\":\"Comment\",\"target\":[\"https:\/\/projetopack.com.br\/o-i-vai-expandir-fabrica-na-colombia\/#respond\"]}]},{\"@type\":\"WebPage\",\"@id\":\"https:\/\/projetopack.com.br\/o-i-vai-expandir-fabrica-na-colombia\/\",\"url\":\"https:\/\/projetopack.com.br\/o-i-vai-expandir-fabrica-na-colombia\/\",\"name\":\"O-I vai expandir f\u00e1brica na Col\u00f4mbia - ProjetoPack\",\"isPartOf\":{\"@id\":\"https:\/\/projetopack.com.br\/#website\"},\"primaryImageOfPage\":{\"@id\":\"https:\/\/projetopack.com.br\/o-i-vai-expandir-fabrica-na-colombia\/#primaryimage\"},\"image\":{\"@id\":\"https:\/\/projetopack.com.br\/o-i-vai-expandir-fabrica-na-colombia\/#primaryimage\"},\"thumbnailUrl\":\"https:\/\/projetopack.com.br\/wp-content\/uploads\/2021\/04\/O-I-Glass.jpg\",\"datePublished\":\"2021-04-03T19:34:52+00:00\",\"dateModified\":\"2021-04-27T03:41:52+00:00\",\"description\":\"A gigante global de embalagens em vidro O-I Glass anunciou a expans\u00e3o de uma de suas f\u00e1bricas na Col\u00f4mbia, um investimento no montante de USD 75 milh\u00f5es.\",\"breadcrumb\":{\"@id\":\"https:\/\/projetopack.com.br\/o-i-vai-expandir-fabrica-na-colombia\/#breadcrumb\"},\"inLanguage\":\"en-US\",\"potentialAction\":[{\"@type\":\"ReadAction\",\"target\":[\"https:\/\/projetopack.com.br\/o-i-vai-expandir-fabrica-na-colombia\/\"]}]},{\"@type\":\"ImageObject\",\"inLanguage\":\"en-US\",\"@id\":\"https:\/\/projetopack.com.br\/o-i-vai-expandir-fabrica-na-colombia\/#primaryimage\",\"url\":\"https:\/\/projetopack.com.br\/wp-content\/uploads\/2021\/04\/O-I-Glass.jpg\",\"contentUrl\":\"https:\/\/projetopack.com.br\/wp-content\/uploads\/2021\/04\/O-I-Glass.jpg\",\"width\":1920,\"height\":1294},{\"@type\":\"BreadcrumbList\",\"@id\":\"https:\/\/projetopack.com.br\/o-i-vai-expandir-fabrica-na-colombia\/#breadcrumb\",\"itemListElement\":[{\"@type\":\"ListItem\",\"position\":1,\"name\":\"P\u00e1gina Inicial\",\"item\":\"https:\/\/projetopack.com.br\/\"},{\"@type\":\"ListItem\",\"position\":2,\"name\":\"Lan\u00e7amentos\",\"item\":\"https:\/\/projetopack.com.br\/category\/lancamentos\/\"},{\"@type\":\"ListItem\",\"position\":3,\"name\":\"O-I vai expandir f\u00e1brica na Col\u00f4mbia\"}]},{\"@type\":\"WebSite\",\"@id\":\"https:\/\/projetopack.com.br\/#website\",\"url\":\"https:\/\/projetopack.com.br\/\",\"name\":\"ProjetoPack\",\"description\":\"Consultoria e servi\u00e7os para embalagens, r\u00f3tulos, etiquetas e processos de impress\u00e3o\",\"publisher\":{\"@id\":\"https:\/\/projetopack.com.br\/#organization\"},\"potentialAction\":[{\"@type\":\"SearchAction\",\"target\":{\"@type\":\"EntryPoint\",\"urlTemplate\":\"https:\/\/projetopack.com.br\/?s={search_term_string}\"},\"query-input\":{\"@type\":\"PropertyValueSpecification\",\"valueRequired\":true,\"valueName\":\"search_term_string\"}}],\"inLanguage\":\"en-US\"},{\"@type\":\"Organization\",\"@id\":\"https:\/\/projetopack.com.br\/#organization\",\"name\":\"ProjetoPack & Associados\",\"url\":\"https:\/\/projetopack.com.br\/\",\"logo\":{\"@type\":\"ImageObject\",\"inLanguage\":\"en-US\",\"@id\":\"https:\/\/projetopack.com.br\/#\/schema\/logo\/image\/\",\"url\":\"https:\/\/projetopack.com.br\/wp-content\/uploads\/2020\/09\/projetopack.png\",\"contentUrl\":\"https:\/\/projetopack.com.br\/wp-content\/uploads\/2020\/09\/projetopack.png\",\"width\":200,\"height\":200,\"caption\":\"ProjetoPack & Associados\"},\"image\":{\"@id\":\"https:\/\/projetopack.com.br\/#\/schema\/logo\/image\/\"},\"sameAs\":[\"https:\/\/x.com\/ProjetoPack\",\"https:\/\/www.linkedin.com\/company\/projetopack\/\"]},{\"@type\":\"Person\",\"@id\":\"https:\/\/projetopack.com.br\/#\/schema\/person\/d17c72a4bc2b7e461496dd8a14d4cef1\",\"name\":\"Andrea\",\"image\":{\"@type\":\"ImageObject\",\"inLanguage\":\"en-US\",\"@id\":\"https:\/\/projetopack.com.br\/#\/schema\/person\/image\/\",\"url\":\"https:\/\/projetopack.com.br\/wp-content\/uploads\/2026\/03\/eu-150x150.jpg\",\"contentUrl\":\"https:\/\/projetopack.com.br\/wp-content\/uploads\/2026\/03\/eu-150x150.jpg\",\"caption\":\"Andrea\"},\"url\":\"https:\/\/projetopack.com.br\/en\/author\/andrea\/\"}]}<\/script>\n<!-- \/ Yoast SEO Premium plugin. -->","yoast_head_json":{"title":"O-I vai expandir f\u00e1brica na Col\u00f4mbia - ProjetoPack","description":"A gigante global de embalagens em vidro O-I Glass anunciou a expans\u00e3o de uma de suas f\u00e1bricas na Col\u00f4mbia, um investimento no montante de USD 75 milh\u00f5es.","robots":{"index":"index","follow":"follow","max-snippet":"max-snippet:-1","max-image-preview":"max-image-preview:large","max-video-preview":"max-video-preview:-1"},"canonical":"https:\/\/projetopack.com.br\/en\/o-i-vai-expandir-fabrica-na-colombia\/","og_locale":"en_US","og_type":"article","og_title":"O-I vai expandir f\u00e1brica na Col\u00f4mbia","og_description":"A gigante global de embalagens em vidro O-I Glass anunciou a expans\u00e3o de uma de suas f\u00e1bricas na Col\u00f4mbia, um investimento no montante de USD 75 milh\u00f5es.","og_url":"https:\/\/projetopack.com.br\/en\/o-i-vai-expandir-fabrica-na-colombia\/","og_site_name":"ProjetoPack","article_published_time":"2021-04-03T19:34:52+00:00","article_modified_time":"2021-04-27T03:41:52+00:00","og_image":[{"width":1920,"height":1294,"url":"https:\/\/projetopack.com.br\/wp-content\/uploads\/2021\/04\/O-I-Glass.jpg","type":"image\/jpeg"}],"author":"Andrea","twitter_card":"summary_large_image","twitter_creator":"@ProjetoPack","twitter_site":"@ProjetoPack","twitter_misc":{"Written by":"Andrea","Est. reading time":"1 minute"},"schema":{"@context":"https:\/\/schema.org","@graph":[{"@type":"Article","@id":"https:\/\/projetopack.com.br\/o-i-vai-expandir-fabrica-na-colombia\/#article","isPartOf":{"@id":"https:\/\/projetopack.com.br\/o-i-vai-expandir-fabrica-na-colombia\/"},"author":{"name":"Andrea","@id":"https:\/\/projetopack.com.br\/#\/schema\/person\/d17c72a4bc2b7e461496dd8a14d4cef1"},"headline":"O-I vai expandir f\u00e1brica na Col\u00f4mbia","datePublished":"2021-04-03T19:34:52+00:00","dateModified":"2021-04-27T03:41:52+00:00","mainEntityOfPage":{"@id":"https:\/\/projetopack.com.br\/o-i-vai-expandir-fabrica-na-colombia\/"},"wordCount":139,"commentCount":0,"publisher":{"@id":"https:\/\/projetopack.com.br\/#organization"},"image":{"@id":"https:\/\/projetopack.com.br\/o-i-vai-expandir-fabrica-na-colombia\/#primaryimage"},"thumbnailUrl":"https:\/\/projetopack.com.br\/wp-content\/uploads\/2021\/04\/O-I-Glass.jpg","keywords":["glass packaging","Owen Illinois","vidro"],"articleSection":["Lan\u00e7amentos"],"inLanguage":"en-US","potentialAction":[{"@type":"CommentAction","name":"Comment","target":["https:\/\/projetopack.com.br\/o-i-vai-expandir-fabrica-na-colombia\/#respond"]}]},{"@type":"WebPage","@id":"https:\/\/projetopack.com.br\/o-i-vai-expandir-fabrica-na-colombia\/","url":"https:\/\/projetopack.com.br\/o-i-vai-expandir-fabrica-na-colombia\/","name":"O-I vai expandir f\u00e1brica na Col\u00f4mbia - ProjetoPack","isPartOf":{"@id":"https:\/\/projetopack.com.br\/#website"},"primaryImageOfPage":{"@id":"https:\/\/projetopack.com.br\/o-i-vai-expandir-fabrica-na-colombia\/#primaryimage"},"image":{"@id":"https:\/\/projetopack.com.br\/o-i-vai-expandir-fabrica-na-colombia\/#primaryimage"},"thumbnailUrl":"https:\/\/projetopack.com.br\/wp-content\/uploads\/2021\/04\/O-I-Glass.jpg","datePublished":"2021-04-03T19:34:52+00:00","dateModified":"2021-04-27T03:41:52+00:00","description":"A gigante global de embalagens em vidro O-I Glass anunciou a expans\u00e3o de uma de suas f\u00e1bricas na Col\u00f4mbia, um investimento no montante de USD 75 milh\u00f5es.","breadcrumb":{"@id":"https:\/\/projetopack.com.br\/o-i-vai-expandir-fabrica-na-colombia\/#breadcrumb"},"inLanguage":"en-US","potentialAction":[{"@type":"ReadAction","target":["https:\/\/projetopack.com.br\/o-i-vai-expandir-fabrica-na-colombia\/"]}]},{"@type":"ImageObject","inLanguage":"en-US","@id":"https:\/\/projetopack.com.br\/o-i-vai-expandir-fabrica-na-colombia\/#primaryimage","url":"https:\/\/projetopack.com.br\/wp-content\/uploads\/2021\/04\/O-I-Glass.jpg","contentUrl":"https:\/\/projetopack.com.br\/wp-content\/uploads\/2021\/04\/O-I-Glass.jpg","width":1920,"height":1294},{"@type":"BreadcrumbList","@id":"https:\/\/projetopack.com.br\/o-i-vai-expandir-fabrica-na-colombia\/#breadcrumb","itemListElement":[{"@type":"ListItem","position":1,"name":"P\u00e1gina Inicial","item":"https:\/\/projetopack.com.br\/"},{"@type":"ListItem","position":2,"name":"Lan\u00e7amentos","item":"https:\/\/projetopack.com.br\/category\/lancamentos\/"},{"@type":"ListItem","position":3,"name":"O-I vai expandir f\u00e1brica na Col\u00f4mbia"}]},{"@type":"WebSite","@id":"https:\/\/projetopack.com.br\/#website","url":"https:\/\/projetopack.com.br\/","name":"ProjetoPack","description":"Consultoria e servi\u00e7os para embalagens, r\u00f3tulos, etiquetas e processos de impress\u00e3o","publisher":{"@id":"https:\/\/projetopack.com.br\/#organization"},"potentialAction":[{"@type":"SearchAction","target":{"@type":"EntryPoint","urlTemplate":"https:\/\/projetopack.com.br\/?s={search_term_string}"},"query-input":{"@type":"PropertyValueSpecification","valueRequired":true,"valueName":"search_term_string"}}],"inLanguage":"en-US"},{"@type":"Organization","@id":"https:\/\/projetopack.com.br\/#organization","name":"ProjetoPack & Associados","url":"https:\/\/projetopack.com.br\/","logo":{"@type":"ImageObject","inLanguage":"en-US","@id":"https:\/\/projetopack.com.br\/#\/schema\/logo\/image\/","url":"https:\/\/projetopack.com.br\/wp-content\/uploads\/2020\/09\/projetopack.png","contentUrl":"https:\/\/projetopack.com.br\/wp-content\/uploads\/2020\/09\/projetopack.png","width":200,"height":200,"caption":"ProjetoPack & Associados"},"image":{"@id":"https:\/\/projetopack.com.br\/#\/schema\/logo\/image\/"},"sameAs":["https:\/\/x.com\/ProjetoPack","https:\/\/www.linkedin.com\/company\/projetopack\/"]},{"@type":"Person","@id":"https:\/\/projetopack.com.br\/#\/schema\/person\/d17c72a4bc2b7e461496dd8a14d4cef1","name":"Andrea","image":{"@type":"ImageObject","inLanguage":"en-US","@id":"https:\/\/projetopack.com.br\/#\/schema\/person\/image\/","url":"https:\/\/projetopack.com.br\/wp-content\/uploads\/2026\/03\/eu-150x150.jpg","contentUrl":"https:\/\/projetopack.com.br\/wp-content\/uploads\/2026\/03\/eu-150x150.jpg","caption":"Andrea"},"url":"https:\/\/projetopack.com.br\/en\/author\/andrea\/"}]}},"_links":{"self":[{"href":"https:\/\/projetopack.com.br\/en\/wp-json\/wp\/v2\/posts\/10388","targetHints":{"allow":["GET"]}}],"collection":[{"href":"https:\/\/projetopack.com.br\/en\/wp-json\/wp\/v2\/posts"}],"about":[{"href":"https:\/\/projetopack.com.br\/en\/wp-json\/wp\/v2\/types\/post"}],"author":[{"embeddable":true,"href":"https:\/\/projetopack.com.br\/en\/wp-json\/wp\/v2\/users\/18"}],"replies":[{"embeddable":true,"href":"https:\/\/projetopack.com.br\/en\/wp-json\/wp\/v2\/comments?post=10388"}],"version-history":[{"count":0,"href":"https:\/\/projetopack.com.br\/en\/wp-json\/wp\/v2\/posts\/10388\/revisions"}],"wp:featuredmedia":[{"embeddable":true,"href":"https:\/\/projetopack.com.br\/en\/wp-json\/wp\/v2\/media\/10389"}],"wp:attachment":[{"href":"https:\/\/projetopack.com.br\/en\/wp-json\/wp\/v2\/media?parent=10388"}],"wp:term":[{"taxonomy":"category","embeddable":true,"href":"https:\/\/projetopack.com.br\/en\/wp-json\/wp\/v2\/categories?post=10388"},{"taxonomy":"post_tag","embeddable":true,"href":"https:\/\/projetopack.com.br\/en\/wp-json\/wp\/v2\/tags?post=10388"}],"curies":[{"name":"wp","href":"https:\/\/api.w.org\/{rel}","templated":true}]}}