{"id":10449,"date":"2021-04-08T14:30:28","date_gmt":"2021-04-08T17:30:28","guid":{"rendered":"https:\/\/www.projetopack.com.br\/?p=10449"},"modified":"2021-04-26T22:00:47","modified_gmt":"2021-04-27T01:00:47","slug":"flexo-labels-e-adiada-novamente-agora-para-2022","status":"publish","type":"post","link":"https:\/\/projetopack.com.br\/en\/flexo-labels-e-adiada-novamente-agora-para-2022\/","title":{"rendered":"Flexo &#038; Labels \u00e9 adiada novamente, agora para 2022"},"content":{"rendered":"<p>Devido ao agravamento do cen\u00e1rio da pandemia, com o aumento de casos e \u00f3bitos em todo o pa\u00eds, a <a href=\"https:\/\/www.inmotioneventos.com.br\/\">Inmotion<\/a>, organizadora da <strong><a href=\"https:\/\/flexoelabels.com\/\" target=\"_blank\" rel=\"noreferrer noopener\">Flexo &amp; Labels<\/a><\/strong>, anuncia a mudan\u00e7a da data da feira para <strong>24 a 27 de maio de 2022 (ter\u00e7a a sexta-feira<\/strong>). <\/p>\n\n\n\n<p class=\"has-cyan-bluish-gray-background-color has-background\">O local permanece o mesmo, ou seja, o <strong>Pro Magno Centro de Eventos<\/strong>, em S\u00e3o Paulo. <\/p>\n\n\n\n<p>A altera\u00e7\u00e3o foi uma decis\u00e3o tomada em comum acordo entre organiza\u00e7\u00e3o e expositores, e visa priorizar a seguran\u00e7a de todos os envolvidos em um evento internacional de grande porte como \u00e9 a nossa feira: expositores, colaboradores,<em> staff<\/em> operacional e visitantes. <\/p>\n\n\n\n<figure class=\"wp-block-pullquote\"><blockquote><p><em>Cuidamos para que o planejamento inclu\u00edsse todos os cuidados profil\u00e1ticos necess\u00e1rios para a realiza\u00e7\u00e3o da exposi\u00e7\u00e3o em 2021 (distanciamento, \u00e1lcool em gel e obrigatoriedade no uso de m\u00e1scaras) e entendemos que, diante do atual quadro, n\u00e3o h\u00e1 um ambiente prop\u00edcio para que o evento atenda de modo pleno seu principal objetivo: gerar novos neg\u00f3cios e atualiza\u00e7\u00e3o para todos os que confiam em nossa proposta, que j\u00e1 \u00e9 um sucesso desde sua primeira edi\u00e7\u00e3o\u201d<\/em>.<\/p><cite>afirmou a dire\u00e7\u00e3o do evento.<\/cite><\/blockquote><\/figure>\n\n\n\n<p><strong>Leia mais em nosso site:<\/strong><br><a href=\"https:\/\/projetopack.com.br\/flexo-labels-2021-muda-a-data-para-21-a-24-de-julho\/\">Flexo &amp; Labels muda a data para 21 a 24 de julho<\/a><\/p>","protected":false},"excerpt":{"rendered":"<p>Programe-se para os dias 24 a 27 de maio de 2022<\/p>","protected":false},"author":18,"featured_media":10457,"comment_status":"open","ping_status":"closed","sticky":false,"template":"","format":"standard","meta":{"footnotes":""},"categories":[600],"tags":[743,245,249],"class_list":["post-10449","post","type-post","status-publish","format-standard","has-post-thumbnail","hentry","category-eventos","tag-flexo-and-labels","tag-inmotion","tag-rotulos"],"yoast_head":"<!-- This site is optimized with the Yoast SEO Premium plugin v27.1 (Yoast SEO v27.1.1) - https:\/\/yoast.com\/product\/yoast-seo-premium-wordpress\/ -->\n<title>Flexo &amp; Labels \u00e9 adiada novamente, agora para 2022 - ProjetoPack<\/title>\n<meta name=\"description\" content=\"Devido ao agravamento do cen\u00e1rio da pandemia, a Inmotion anuncia a mudan\u00e7a da data para 24 a 27 de maio de 2022\" \/>\n<meta name=\"robots\" content=\"index, follow, max-snippet:-1, max-image-preview:large, max-video-preview:-1\" \/>\n<link rel=\"canonical\" href=\"https:\/\/projetopack.com.br\/en\/flexo-labels-e-adiada-novamente-agora-para-2022\/\" \/>\n<meta property=\"og:locale\" content=\"en_US\" \/>\n<meta property=\"og:type\" content=\"article\" \/>\n<meta property=\"og:title\" content=\"Flexo &amp; Labels \u00e9 adiada novamente, agora para 2022\" \/>\n<meta property=\"og:description\" content=\"Devido ao agravamento do cen\u00e1rio da pandemia, a Inmotion anuncia a mudan\u00e7a da data para 24 a 27 de maio de 2022\" \/>\n<meta property=\"og:url\" content=\"https:\/\/projetopack.com.br\/en\/flexo-labels-e-adiada-novamente-agora-para-2022\/\" \/>\n<meta property=\"og:site_name\" content=\"ProjetoPack\" \/>\n<meta property=\"article:published_time\" content=\"2021-04-08T17:30:28+00:00\" \/>\n<meta property=\"article:modified_time\" content=\"2021-04-27T01:00:47+00:00\" \/>\n<meta property=\"og:image\" content=\"https:\/\/projetopack.com.br\/wp-content\/uploads\/2021\/04\/GOPR4900-1440x1080-1.jpg\" \/>\n\t<meta property=\"og:image:width\" content=\"1440\" \/>\n\t<meta property=\"og:image:height\" content=\"1080\" \/>\n\t<meta property=\"og:image:type\" content=\"image\/jpeg\" \/>\n<meta name=\"author\" content=\"Andrea\" \/>\n<meta name=\"twitter:card\" content=\"summary_large_image\" \/>\n<meta name=\"twitter:creator\" content=\"@ProjetoPack\" \/>\n<meta name=\"twitter:site\" content=\"@ProjetoPack\" \/>\n<meta name=\"twitter:label1\" content=\"Written by\" \/>\n\t<meta name=\"twitter:data1\" content=\"Andrea\" \/>\n\t<meta name=\"twitter:label2\" content=\"Est. reading time\" \/>\n\t<meta name=\"twitter:data2\" content=\"1 minute\" \/>\n<script type=\"application\/ld+json\" class=\"yoast-schema-graph\">{\"@context\":\"https:\/\/schema.org\",\"@graph\":[{\"@type\":\"Article\",\"@id\":\"https:\/\/projetopack.com.br\/en\/flexo-labels-e-adiada-novamente-agora-para-2022\/#article\",\"isPartOf\":{\"@id\":\"https:\/\/projetopack.com.br\/en\/flexo-labels-e-adiada-novamente-agora-para-2022\/\"},\"author\":{\"name\":\"Andrea\",\"@id\":\"https:\/\/projetopack.com.br\/#\/schema\/person\/d17c72a4bc2b7e461496dd8a14d4cef1\"},\"headline\":\"Flexo &#038; Labels \u00e9 adiada novamente, agora para 2022\",\"datePublished\":\"2021-04-08T17:30:28+00:00\",\"dateModified\":\"2021-04-27T01:00:47+00:00\",\"mainEntityOfPage\":{\"@id\":\"https:\/\/projetopack.com.br\/en\/flexo-labels-e-adiada-novamente-agora-para-2022\/\"},\"wordCount\":213,\"commentCount\":0,\"publisher\":{\"@id\":\"https:\/\/projetopack.com.br\/#organization\"},\"image\":{\"@id\":\"https:\/\/projetopack.com.br\/en\/flexo-labels-e-adiada-novamente-agora-para-2022\/#primaryimage\"},\"thumbnailUrl\":\"https:\/\/projetopack.com.br\/wp-content\/uploads\/2021\/04\/GOPR4900-1440x1080-1.jpg\",\"keywords\":[\"flexo and labels\",\"inmotion\",\"r\u00f3tulos\"],\"articleSection\":[\"Eventos\"],\"inLanguage\":\"en-US\",\"potentialAction\":[{\"@type\":\"CommentAction\",\"name\":\"Comment\",\"target\":[\"https:\/\/projetopack.com.br\/en\/flexo-labels-e-adiada-novamente-agora-para-2022\/#respond\"]}]},{\"@type\":\"WebPage\",\"@id\":\"https:\/\/projetopack.com.br\/en\/flexo-labels-e-adiada-novamente-agora-para-2022\/\",\"url\":\"https:\/\/projetopack.com.br\/en\/flexo-labels-e-adiada-novamente-agora-para-2022\/\",\"name\":\"Flexo & Labels \u00e9 adiada novamente, agora para 2022 - ProjetoPack\",\"isPartOf\":{\"@id\":\"https:\/\/projetopack.com.br\/#website\"},\"primaryImageOfPage\":{\"@id\":\"https:\/\/projetopack.com.br\/en\/flexo-labels-e-adiada-novamente-agora-para-2022\/#primaryimage\"},\"image\":{\"@id\":\"https:\/\/projetopack.com.br\/en\/flexo-labels-e-adiada-novamente-agora-para-2022\/#primaryimage\"},\"thumbnailUrl\":\"https:\/\/projetopack.com.br\/wp-content\/uploads\/2021\/04\/GOPR4900-1440x1080-1.jpg\",\"datePublished\":\"2021-04-08T17:30:28+00:00\",\"dateModified\":\"2021-04-27T01:00:47+00:00\",\"description\":\"Devido ao agravamento do cen\u00e1rio da pandemia, a Inmotion anuncia a mudan\u00e7a da data para 24 a 27 de maio de 2022\",\"breadcrumb\":{\"@id\":\"https:\/\/projetopack.com.br\/en\/flexo-labels-e-adiada-novamente-agora-para-2022\/#breadcrumb\"},\"inLanguage\":\"en-US\",\"potentialAction\":[{\"@type\":\"ReadAction\",\"target\":[\"https:\/\/projetopack.com.br\/en\/flexo-labels-e-adiada-novamente-agora-para-2022\/\"]}]},{\"@type\":\"ImageObject\",\"inLanguage\":\"en-US\",\"@id\":\"https:\/\/projetopack.com.br\/en\/flexo-labels-e-adiada-novamente-agora-para-2022\/#primaryimage\",\"url\":\"https:\/\/projetopack.com.br\/wp-content\/uploads\/2021\/04\/GOPR4900-1440x1080-1.jpg\",\"contentUrl\":\"https:\/\/projetopack.com.br\/wp-content\/uploads\/2021\/04\/GOPR4900-1440x1080-1.jpg\",\"width\":1440,\"height\":1080},{\"@type\":\"BreadcrumbList\",\"@id\":\"https:\/\/projetopack.com.br\/en\/flexo-labels-e-adiada-novamente-agora-para-2022\/#breadcrumb\",\"itemListElement\":[{\"@type\":\"ListItem\",\"position\":1,\"name\":\"P\u00e1gina Inicial\",\"item\":\"https:\/\/projetopack.com.br\/\"},{\"@type\":\"ListItem\",\"position\":2,\"name\":\"Eventos\",\"item\":\"https:\/\/projetopack.com.br\/category\/eventos\/\"},{\"@type\":\"ListItem\",\"position\":3,\"name\":\"Flexo &#038; Labels \u00e9 adiada novamente, agora para 2022\"}]},{\"@type\":\"WebSite\",\"@id\":\"https:\/\/projetopack.com.br\/#website\",\"url\":\"https:\/\/projetopack.com.br\/\",\"name\":\"ProjetoPack\",\"description\":\"Consultoria e servi\u00e7os para embalagens, r\u00f3tulos, etiquetas e processos de impress\u00e3o\",\"publisher\":{\"@id\":\"https:\/\/projetopack.com.br\/#organization\"},\"potentialAction\":[{\"@type\":\"SearchAction\",\"target\":{\"@type\":\"EntryPoint\",\"urlTemplate\":\"https:\/\/projetopack.com.br\/?s={search_term_string}\"},\"query-input\":{\"@type\":\"PropertyValueSpecification\",\"valueRequired\":true,\"valueName\":\"search_term_string\"}}],\"inLanguage\":\"en-US\"},{\"@type\":\"Organization\",\"@id\":\"https:\/\/projetopack.com.br\/#organization\",\"name\":\"ProjetoPack & Associados\",\"url\":\"https:\/\/projetopack.com.br\/\",\"logo\":{\"@type\":\"ImageObject\",\"inLanguage\":\"en-US\",\"@id\":\"https:\/\/projetopack.com.br\/#\/schema\/logo\/image\/\",\"url\":\"https:\/\/projetopack.com.br\/wp-content\/uploads\/2020\/09\/projetopack.png\",\"contentUrl\":\"https:\/\/projetopack.com.br\/wp-content\/uploads\/2020\/09\/projetopack.png\",\"width\":200,\"height\":200,\"caption\":\"ProjetoPack & Associados\"},\"image\":{\"@id\":\"https:\/\/projetopack.com.br\/#\/schema\/logo\/image\/\"},\"sameAs\":[\"https:\/\/x.com\/ProjetoPack\",\"https:\/\/www.linkedin.com\/company\/projetopack\/\"]},{\"@type\":\"Person\",\"@id\":\"https:\/\/projetopack.com.br\/#\/schema\/person\/d17c72a4bc2b7e461496dd8a14d4cef1\",\"name\":\"Andrea\",\"image\":{\"@type\":\"ImageObject\",\"inLanguage\":\"en-US\",\"@id\":\"https:\/\/projetopack.com.br\/#\/schema\/person\/image\/\",\"url\":\"https:\/\/projetopack.com.br\/wp-content\/uploads\/2026\/03\/eu-150x150.jpg\",\"contentUrl\":\"https:\/\/projetopack.com.br\/wp-content\/uploads\/2026\/03\/eu-150x150.jpg\",\"caption\":\"Andrea\"},\"url\":\"https:\/\/projetopack.com.br\/en\/author\/andrea\/\"}]}<\/script>\n<!-- \/ Yoast SEO Premium plugin. -->","yoast_head_json":{"title":"Flexo & Labels \u00e9 adiada novamente, agora para 2022 - ProjetoPack","description":"Devido ao agravamento do cen\u00e1rio da pandemia, a Inmotion anuncia a mudan\u00e7a da data para 24 a 27 de maio de 2022","robots":{"index":"index","follow":"follow","max-snippet":"max-snippet:-1","max-image-preview":"max-image-preview:large","max-video-preview":"max-video-preview:-1"},"canonical":"https:\/\/projetopack.com.br\/en\/flexo-labels-e-adiada-novamente-agora-para-2022\/","og_locale":"en_US","og_type":"article","og_title":"Flexo & Labels \u00e9 adiada novamente, agora para 2022","og_description":"Devido ao agravamento do cen\u00e1rio da pandemia, a Inmotion anuncia a mudan\u00e7a da data para 24 a 27 de maio de 2022","og_url":"https:\/\/projetopack.com.br\/en\/flexo-labels-e-adiada-novamente-agora-para-2022\/","og_site_name":"ProjetoPack","article_published_time":"2021-04-08T17:30:28+00:00","article_modified_time":"2021-04-27T01:00:47+00:00","og_image":[{"width":1440,"height":1080,"url":"https:\/\/projetopack.com.br\/wp-content\/uploads\/2021\/04\/GOPR4900-1440x1080-1.jpg","type":"image\/jpeg"}],"author":"Andrea","twitter_card":"summary_large_image","twitter_creator":"@ProjetoPack","twitter_site":"@ProjetoPack","twitter_misc":{"Written by":"Andrea","Est. reading time":"1 minute"},"schema":{"@context":"https:\/\/schema.org","@graph":[{"@type":"Article","@id":"https:\/\/projetopack.com.br\/en\/flexo-labels-e-adiada-novamente-agora-para-2022\/#article","isPartOf":{"@id":"https:\/\/projetopack.com.br\/en\/flexo-labels-e-adiada-novamente-agora-para-2022\/"},"author":{"name":"Andrea","@id":"https:\/\/projetopack.com.br\/#\/schema\/person\/d17c72a4bc2b7e461496dd8a14d4cef1"},"headline":"Flexo &#038; Labels \u00e9 adiada novamente, agora para 2022","datePublished":"2021-04-08T17:30:28+00:00","dateModified":"2021-04-27T01:00:47+00:00","mainEntityOfPage":{"@id":"https:\/\/projetopack.com.br\/en\/flexo-labels-e-adiada-novamente-agora-para-2022\/"},"wordCount":213,"commentCount":0,"publisher":{"@id":"https:\/\/projetopack.com.br\/#organization"},"image":{"@id":"https:\/\/projetopack.com.br\/en\/flexo-labels-e-adiada-novamente-agora-para-2022\/#primaryimage"},"thumbnailUrl":"https:\/\/projetopack.com.br\/wp-content\/uploads\/2021\/04\/GOPR4900-1440x1080-1.jpg","keywords":["flexo and labels","inmotion","r\u00f3tulos"],"articleSection":["Eventos"],"inLanguage":"en-US","potentialAction":[{"@type":"CommentAction","name":"Comment","target":["https:\/\/projetopack.com.br\/en\/flexo-labels-e-adiada-novamente-agora-para-2022\/#respond"]}]},{"@type":"WebPage","@id":"https:\/\/projetopack.com.br\/en\/flexo-labels-e-adiada-novamente-agora-para-2022\/","url":"https:\/\/projetopack.com.br\/en\/flexo-labels-e-adiada-novamente-agora-para-2022\/","name":"Flexo & Labels \u00e9 adiada novamente, agora para 2022 - ProjetoPack","isPartOf":{"@id":"https:\/\/projetopack.com.br\/#website"},"primaryImageOfPage":{"@id":"https:\/\/projetopack.com.br\/en\/flexo-labels-e-adiada-novamente-agora-para-2022\/#primaryimage"},"image":{"@id":"https:\/\/projetopack.com.br\/en\/flexo-labels-e-adiada-novamente-agora-para-2022\/#primaryimage"},"thumbnailUrl":"https:\/\/projetopack.com.br\/wp-content\/uploads\/2021\/04\/GOPR4900-1440x1080-1.jpg","datePublished":"2021-04-08T17:30:28+00:00","dateModified":"2021-04-27T01:00:47+00:00","description":"Devido ao agravamento do cen\u00e1rio da pandemia, a Inmotion anuncia a mudan\u00e7a da data para 24 a 27 de maio de 2022","breadcrumb":{"@id":"https:\/\/projetopack.com.br\/en\/flexo-labels-e-adiada-novamente-agora-para-2022\/#breadcrumb"},"inLanguage":"en-US","potentialAction":[{"@type":"ReadAction","target":["https:\/\/projetopack.com.br\/en\/flexo-labels-e-adiada-novamente-agora-para-2022\/"]}]},{"@type":"ImageObject","inLanguage":"en-US","@id":"https:\/\/projetopack.com.br\/en\/flexo-labels-e-adiada-novamente-agora-para-2022\/#primaryimage","url":"https:\/\/projetopack.com.br\/wp-content\/uploads\/2021\/04\/GOPR4900-1440x1080-1.jpg","contentUrl":"https:\/\/projetopack.com.br\/wp-content\/uploads\/2021\/04\/GOPR4900-1440x1080-1.jpg","width":1440,"height":1080},{"@type":"BreadcrumbList","@id":"https:\/\/projetopack.com.br\/en\/flexo-labels-e-adiada-novamente-agora-para-2022\/#breadcrumb","itemListElement":[{"@type":"ListItem","position":1,"name":"P\u00e1gina Inicial","item":"https:\/\/projetopack.com.br\/"},{"@type":"ListItem","position":2,"name":"Eventos","item":"https:\/\/projetopack.com.br\/category\/eventos\/"},{"@type":"ListItem","position":3,"name":"Flexo &#038; Labels \u00e9 adiada novamente, agora para 2022"}]},{"@type":"WebSite","@id":"https:\/\/projetopack.com.br\/#website","url":"https:\/\/projetopack.com.br\/","name":"ProjetoPack","description":"Consultoria e servi\u00e7os para embalagens, r\u00f3tulos, etiquetas e processos de impress\u00e3o","publisher":{"@id":"https:\/\/projetopack.com.br\/#organization"},"potentialAction":[{"@type":"SearchAction","target":{"@type":"EntryPoint","urlTemplate":"https:\/\/projetopack.com.br\/?s={search_term_string}"},"query-input":{"@type":"PropertyValueSpecification","valueRequired":true,"valueName":"search_term_string"}}],"inLanguage":"en-US"},{"@type":"Organization","@id":"https:\/\/projetopack.com.br\/#organization","name":"ProjetoPack & Associados","url":"https:\/\/projetopack.com.br\/","logo":{"@type":"ImageObject","inLanguage":"en-US","@id":"https:\/\/projetopack.com.br\/#\/schema\/logo\/image\/","url":"https:\/\/projetopack.com.br\/wp-content\/uploads\/2020\/09\/projetopack.png","contentUrl":"https:\/\/projetopack.com.br\/wp-content\/uploads\/2020\/09\/projetopack.png","width":200,"height":200,"caption":"ProjetoPack & Associados"},"image":{"@id":"https:\/\/projetopack.com.br\/#\/schema\/logo\/image\/"},"sameAs":["https:\/\/x.com\/ProjetoPack","https:\/\/www.linkedin.com\/company\/projetopack\/"]},{"@type":"Person","@id":"https:\/\/projetopack.com.br\/#\/schema\/person\/d17c72a4bc2b7e461496dd8a14d4cef1","name":"Andrea","image":{"@type":"ImageObject","inLanguage":"en-US","@id":"https:\/\/projetopack.com.br\/#\/schema\/person\/image\/","url":"https:\/\/projetopack.com.br\/wp-content\/uploads\/2026\/03\/eu-150x150.jpg","contentUrl":"https:\/\/projetopack.com.br\/wp-content\/uploads\/2026\/03\/eu-150x150.jpg","caption":"Andrea"},"url":"https:\/\/projetopack.com.br\/en\/author\/andrea\/"}]}},"_links":{"self":[{"href":"https:\/\/projetopack.com.br\/en\/wp-json\/wp\/v2\/posts\/10449","targetHints":{"allow":["GET"]}}],"collection":[{"href":"https:\/\/projetopack.com.br\/en\/wp-json\/wp\/v2\/posts"}],"about":[{"href":"https:\/\/projetopack.com.br\/en\/wp-json\/wp\/v2\/types\/post"}],"author":[{"embeddable":true,"href":"https:\/\/projetopack.com.br\/en\/wp-json\/wp\/v2\/users\/18"}],"replies":[{"embeddable":true,"href":"https:\/\/projetopack.com.br\/en\/wp-json\/wp\/v2\/comments?post=10449"}],"version-history":[{"count":0,"href":"https:\/\/projetopack.com.br\/en\/wp-json\/wp\/v2\/posts\/10449\/revisions"}],"wp:featuredmedia":[{"embeddable":true,"href":"https:\/\/projetopack.com.br\/en\/wp-json\/wp\/v2\/media\/10457"}],"wp:attachment":[{"href":"https:\/\/projetopack.com.br\/en\/wp-json\/wp\/v2\/media?parent=10449"}],"wp:term":[{"taxonomy":"category","embeddable":true,"href":"https:\/\/projetopack.com.br\/en\/wp-json\/wp\/v2\/categories?post=10449"},{"taxonomy":"post_tag","embeddable":true,"href":"https:\/\/projetopack.com.br\/en\/wp-json\/wp\/v2\/tags?post=10449"}],"curies":[{"name":"wp","href":"https:\/\/api.w.org\/{rel}","templated":true}]}}