{"id":10507,"date":"2021-04-11T16:03:31","date_gmt":"2021-04-11T19:03:31","guid":{"rendered":"https:\/\/www.projetopack.com.br\/?p=10507"},"modified":"2021-04-26T21:34:45","modified_gmt":"2021-04-27T00:34:45","slug":"o-que-aprendemos-no-packcast-com-a-magsac-embalagens","status":"publish","type":"post","link":"https:\/\/projetopack.com.br\/en\/o-que-aprendemos-no-packcast-com-a-magsac-embalagens\/","title":{"rendered":"O que aprendemos no PackCast com a MagSac Embalagens?"},"content":{"rendered":"<p>Dando sequencia \u00e0 segunda temporada do nosso podcast, entrevistamos a tradicional convertedora de embalagens flex\u00edveis do interior paulista, a <a href=\"http:\/\/magsac.com.br\/\" target=\"_blank\" rel=\"noreferrer noopener\">MagSac Embalagens<\/a>. Falamos com seu diretor de opera\u00e7\u00f5es, <strong>Oswaldo Defin Nogueira<\/strong>.<\/p>\n\n\n\n<p>Mantendo o protocolo, aproveitamos o v\u00eddeo para o formato webcast em nosso canal do <a href=\"https:\/\/www.youtube.com\/channel\/UCS8EbIa5SICWRV1ba4STw5g\">YouTube<\/a> (convidamos a todos para se inscreverem em ambos, links ao longo da postagem).<\/p>\n\n\n\n<figure class=\"wp-block-embed is-type-video is-provider-youtube wp-block-embed-youtube wp-embed-aspect-16-9 wp-has-aspect-ratio\"><div class=\"wp-block-embed__wrapper\">\n<iframe title=\"PackLive com a MagSac\" width=\"800\" height=\"450\" src=\"https:\/\/www.youtube.com\/embed\/GHJJv-dTfY8?feature=oembed&#038;enablejsapi=1&#038;origin=https:\/\/projetopack.com.br\" frameborder=\"0\" allow=\"accelerometer; autoplay; clipboard-write; encrypted-media; gyroscope; picture-in-picture\" allowfullscreen><\/iframe>\n<\/div><\/figure>\n\n\n\n<p>Produzindo ao redor das mil toneladas mensais de embalagens flex\u00edveis, a convertedora do <em>middle market<\/em> chama a aten\u00e7\u00e3o pela variedade de seu portf\u00f3lio: filmes lisos e impressos em flexografia, monocamada e laminados, sacos e bobinas, filmes gofrados de uso industrial, TNT, r\u00e1fia convencional e laminada, estruturas com revestimento por extrus\u00e3o (<em>extrusion coating<\/em>) e por a\u00ed vai.<\/p>\n\n\n\n<p>Esta heterogeneidade de portf\u00f3lio tem, no entanto, um denominador comum: a MagSac especializou-se na produ\u00e7\u00e3o de lotes pequenos e m\u00e9dios e especialidades (aquilo que os clientes percebem como um produto com um grau extra de complexidade, o que de alguma maneira ajuda a fideliz\u00e1-los).<\/p>\n\n\n\n<p>Em uma das in\u00fameras passagens interessantes da entrevista, Oswaldo comenta sobre a experi\u00eancia profissional na venda de uma f\u00e1brica voltada \u00e0 presta\u00e7\u00e3o de servi\u00e7os de impress\u00e3o em rotogravura e flexografia.<\/p>\n\n\n\n<figure class=\"wp-block-pullquote\"><blockquote><p>&#8220;Quando o empres\u00e1rio possui diversas unidades de neg\u00f3cio interligadas, ele acha que tem controle pleno, mas \u00e9 muito f\u00e1cil equivocar-se fazendo estimativas e aproxima\u00e7\u00f5es. O grande problema do nosso setor de flex\u00edveis hoje \u00e9 custear corretamente.&#8221;<\/p><cite>sentenciou oswaldo, sobre os pre\u00e7os extremamente baixos encontrados no mercado.<\/cite><\/blockquote><\/figure>\n\n\n\n<p>Oswaldo percorreu temas espinhosos como o da sucess\u00e3o no setor, a escassez de mat\u00e9rias-primas termopl\u00e1sticas e a viabilidade econ\u00f4mica de se investir numa impressora <em>gearless<\/em> de \u00faltima gera\u00e7\u00e3o em setores que n\u00e3o remuneram o investimento a contento &#8211; embora concorde que o tema da produtividade impele, queira o empres\u00e1rio ou n\u00e3o, para que se invista nas \u00faltimas tecnologias dispon\u00edveis que diminuam os tempos mortos em ajustes e paradas no processo.<\/p>\n\n\n\n<p class=\"has-cyan-bluish-gray-background-color has-background\">A Magsac tem uma presen\u00e7a importante no setor de filmes gofrados e geot\u00e9cnicos, e comenta durante o bate-papo no <a href=\"https:\/\/anchor.fm\/pack-cast\">PackCast<\/a> sobre a ind\u00fastria automobil\u00edstica e de obras de infraestrutura, duas das principais demandantes destes materiais. Vale muito a pena assistir a esta aula super t\u00e9cnica e abrangente proporcionada pela Magsac aos ouvintes e telespectadores do nosso canal no YouTube.<\/p>\n\n\n\n<p><strong>Leia tamb\u00e9m:<\/strong><br><a href=\"https:\/\/projetopack.com.br\/o-que-aprendemos-no-packcast-com-a-sr-embalagens\/\">Entrevista com Sergio Carneiro, da SR Embalagens<\/a><\/p>","protected":false},"excerpt":{"rendered":"<p>Saiba como foi a nossa entrevista com o diretor de opera\u00e7\u00f5es da Mag Sac<\/p>","protected":false},"author":18,"featured_media":10508,"comment_status":"open","ping_status":"closed","sticky":false,"template":"","format":"standard","meta":{"footnotes":""},"categories":[632],"tags":[754,45,753,511,504],"class_list":["post-10507","post","type-post","status-publish","format-standard","has-post-thumbnail","hentry","category-entrevistas","tag-camelback","tag-embalagens-flexiveis","tag-esper","tag-packlive","tag-podcast"],"yoast_head":"<!-- This site is optimized with the Yoast SEO Premium plugin v27.1 (Yoast SEO v27.1.1) - https:\/\/yoast.com\/product\/yoast-seo-premium-wordpress\/ -->\n<title>O que aprendemos no PackCast com a MagSac Embalagens? - ProjetoPack<\/title>\n<meta name=\"description\" content=\"Entrevistamos a tradicional convertedora de embalagens flex\u00edveis do interior paulista, a MagSac Embalagens.\" \/>\n<meta name=\"robots\" content=\"index, follow, max-snippet:-1, max-image-preview:large, max-video-preview:-1\" \/>\n<link rel=\"canonical\" href=\"https:\/\/projetopack.com.br\/en\/o-que-aprendemos-no-packcast-com-a-magsac-embalagens\/\" \/>\n<meta property=\"og:locale\" content=\"en_US\" \/>\n<meta property=\"og:type\" content=\"article\" \/>\n<meta property=\"og:title\" content=\"O que aprendemos no PackCast com a MagSac Embalagens?\" \/>\n<meta property=\"og:description\" content=\"Entrevistamos a tradicional convertedora de embalagens flex\u00edveis do interior paulista, a MagSac Embalagens.\" \/>\n<meta property=\"og:url\" content=\"https:\/\/projetopack.com.br\/en\/o-que-aprendemos-no-packcast-com-a-magsac-embalagens\/\" \/>\n<meta property=\"og:site_name\" content=\"ProjetoPack\" \/>\n<meta property=\"article:published_time\" content=\"2021-04-11T19:03:31+00:00\" \/>\n<meta property=\"article:modified_time\" content=\"2021-04-27T00:34:45+00:00\" \/>\n<meta property=\"og:image\" content=\"https:\/\/projetopack.com.br\/wp-content\/uploads\/2021\/04\/Capa-Podcast-13.png\" \/>\n\t<meta property=\"og:image:width\" content=\"1080\" \/>\n\t<meta property=\"og:image:height\" content=\"1080\" \/>\n\t<meta property=\"og:image:type\" content=\"image\/png\" \/>\n<meta name=\"author\" content=\"Andrea\" \/>\n<meta name=\"twitter:card\" content=\"summary_large_image\" \/>\n<meta name=\"twitter:creator\" content=\"@ProjetoPack\" \/>\n<meta name=\"twitter:site\" content=\"@ProjetoPack\" \/>\n<meta name=\"twitter:label1\" content=\"Written by\" \/>\n\t<meta name=\"twitter:data1\" content=\"Andrea\" \/>\n\t<meta name=\"twitter:label2\" content=\"Est. reading time\" \/>\n\t<meta name=\"twitter:data2\" content=\"2 minutes\" \/>\n<script type=\"application\/ld+json\" class=\"yoast-schema-graph\">{\"@context\":\"https:\/\/schema.org\",\"@graph\":[{\"@type\":\"Article\",\"@id\":\"https:\/\/projetopack.com.br\/en\/o-que-aprendemos-no-packcast-com-a-magsac-embalagens\/#article\",\"isPartOf\":{\"@id\":\"https:\/\/projetopack.com.br\/en\/o-que-aprendemos-no-packcast-com-a-magsac-embalagens\/\"},\"author\":{\"name\":\"Andrea\",\"@id\":\"https:\/\/projetopack.com.br\/#\/schema\/person\/d17c72a4bc2b7e461496dd8a14d4cef1\"},\"headline\":\"O que aprendemos no PackCast com a MagSac Embalagens?\",\"datePublished\":\"2021-04-11T19:03:31+00:00\",\"dateModified\":\"2021-04-27T00:34:45+00:00\",\"mainEntityOfPage\":{\"@id\":\"https:\/\/projetopack.com.br\/en\/o-que-aprendemos-no-packcast-com-a-magsac-embalagens\/\"},\"wordCount\":420,\"commentCount\":0,\"publisher\":{\"@id\":\"https:\/\/projetopack.com.br\/#organization\"},\"image\":{\"@id\":\"https:\/\/projetopack.com.br\/en\/o-que-aprendemos-no-packcast-com-a-magsac-embalagens\/#primaryimage\"},\"thumbnailUrl\":\"https:\/\/projetopack.com.br\/wp-content\/uploads\/2021\/04\/Capa-Podcast-13.png\",\"keywords\":[\"camelback\",\"Embalagens flex\u00edveis\",\"esper\",\"packlive\",\"podcast\"],\"articleSection\":[\"Entrevistas\"],\"inLanguage\":\"en-US\",\"potentialAction\":[{\"@type\":\"CommentAction\",\"name\":\"Comment\",\"target\":[\"https:\/\/projetopack.com.br\/en\/o-que-aprendemos-no-packcast-com-a-magsac-embalagens\/#respond\"]}]},{\"@type\":\"WebPage\",\"@id\":\"https:\/\/projetopack.com.br\/en\/o-que-aprendemos-no-packcast-com-a-magsac-embalagens\/\",\"url\":\"https:\/\/projetopack.com.br\/en\/o-que-aprendemos-no-packcast-com-a-magsac-embalagens\/\",\"name\":\"O que aprendemos no PackCast com a MagSac Embalagens? - ProjetoPack\",\"isPartOf\":{\"@id\":\"https:\/\/projetopack.com.br\/#website\"},\"primaryImageOfPage\":{\"@id\":\"https:\/\/projetopack.com.br\/en\/o-que-aprendemos-no-packcast-com-a-magsac-embalagens\/#primaryimage\"},\"image\":{\"@id\":\"https:\/\/projetopack.com.br\/en\/o-que-aprendemos-no-packcast-com-a-magsac-embalagens\/#primaryimage\"},\"thumbnailUrl\":\"https:\/\/projetopack.com.br\/wp-content\/uploads\/2021\/04\/Capa-Podcast-13.png\",\"datePublished\":\"2021-04-11T19:03:31+00:00\",\"dateModified\":\"2021-04-27T00:34:45+00:00\",\"description\":\"Entrevistamos a tradicional convertedora de embalagens flex\u00edveis do interior paulista, a MagSac Embalagens.\",\"breadcrumb\":{\"@id\":\"https:\/\/projetopack.com.br\/en\/o-que-aprendemos-no-packcast-com-a-magsac-embalagens\/#breadcrumb\"},\"inLanguage\":\"en-US\",\"potentialAction\":[{\"@type\":\"ReadAction\",\"target\":[\"https:\/\/projetopack.com.br\/en\/o-que-aprendemos-no-packcast-com-a-magsac-embalagens\/\"]}]},{\"@type\":\"ImageObject\",\"inLanguage\":\"en-US\",\"@id\":\"https:\/\/projetopack.com.br\/en\/o-que-aprendemos-no-packcast-com-a-magsac-embalagens\/#primaryimage\",\"url\":\"https:\/\/projetopack.com.br\/wp-content\/uploads\/2021\/04\/Capa-Podcast-13.png\",\"contentUrl\":\"https:\/\/projetopack.com.br\/wp-content\/uploads\/2021\/04\/Capa-Podcast-13.png\",\"width\":1080,\"height\":1080},{\"@type\":\"BreadcrumbList\",\"@id\":\"https:\/\/projetopack.com.br\/en\/o-que-aprendemos-no-packcast-com-a-magsac-embalagens\/#breadcrumb\",\"itemListElement\":[{\"@type\":\"ListItem\",\"position\":1,\"name\":\"P\u00e1gina Inicial\",\"item\":\"https:\/\/projetopack.com.br\/\"},{\"@type\":\"ListItem\",\"position\":2,\"name\":\"Entrevistas\",\"item\":\"https:\/\/projetopack.com.br\/category\/entrevistas\/\"},{\"@type\":\"ListItem\",\"position\":3,\"name\":\"O que aprendemos no PackCast com a MagSac Embalagens?\"}]},{\"@type\":\"WebSite\",\"@id\":\"https:\/\/projetopack.com.br\/#website\",\"url\":\"https:\/\/projetopack.com.br\/\",\"name\":\"ProjetoPack\",\"description\":\"Consultoria e servi\u00e7os para embalagens, r\u00f3tulos, etiquetas e processos de impress\u00e3o\",\"publisher\":{\"@id\":\"https:\/\/projetopack.com.br\/#organization\"},\"potentialAction\":[{\"@type\":\"SearchAction\",\"target\":{\"@type\":\"EntryPoint\",\"urlTemplate\":\"https:\/\/projetopack.com.br\/?s={search_term_string}\"},\"query-input\":{\"@type\":\"PropertyValueSpecification\",\"valueRequired\":true,\"valueName\":\"search_term_string\"}}],\"inLanguage\":\"en-US\"},{\"@type\":\"Organization\",\"@id\":\"https:\/\/projetopack.com.br\/#organization\",\"name\":\"ProjetoPack & Associados\",\"url\":\"https:\/\/projetopack.com.br\/\",\"logo\":{\"@type\":\"ImageObject\",\"inLanguage\":\"en-US\",\"@id\":\"https:\/\/projetopack.com.br\/#\/schema\/logo\/image\/\",\"url\":\"https:\/\/projetopack.com.br\/wp-content\/uploads\/2020\/09\/projetopack.png\",\"contentUrl\":\"https:\/\/projetopack.com.br\/wp-content\/uploads\/2020\/09\/projetopack.png\",\"width\":200,\"height\":200,\"caption\":\"ProjetoPack & Associados\"},\"image\":{\"@id\":\"https:\/\/projetopack.com.br\/#\/schema\/logo\/image\/\"},\"sameAs\":[\"https:\/\/x.com\/ProjetoPack\",\"https:\/\/www.linkedin.com\/company\/projetopack\/\"]},{\"@type\":\"Person\",\"@id\":\"https:\/\/projetopack.com.br\/#\/schema\/person\/d17c72a4bc2b7e461496dd8a14d4cef1\",\"name\":\"Andrea\",\"image\":{\"@type\":\"ImageObject\",\"inLanguage\":\"en-US\",\"@id\":\"https:\/\/projetopack.com.br\/#\/schema\/person\/image\/\",\"url\":\"https:\/\/projetopack.com.br\/wp-content\/uploads\/2026\/03\/eu-150x150.jpg\",\"contentUrl\":\"https:\/\/projetopack.com.br\/wp-content\/uploads\/2026\/03\/eu-150x150.jpg\",\"caption\":\"Andrea\"},\"url\":\"https:\/\/projetopack.com.br\/en\/author\/andrea\/\"}]}<\/script>\n<!-- \/ Yoast SEO Premium plugin. -->","yoast_head_json":{"title":"O que aprendemos no PackCast com a MagSac Embalagens? - ProjetoPack","description":"Entrevistamos a tradicional convertedora de embalagens flex\u00edveis do interior paulista, a MagSac Embalagens.","robots":{"index":"index","follow":"follow","max-snippet":"max-snippet:-1","max-image-preview":"max-image-preview:large","max-video-preview":"max-video-preview:-1"},"canonical":"https:\/\/projetopack.com.br\/en\/o-que-aprendemos-no-packcast-com-a-magsac-embalagens\/","og_locale":"en_US","og_type":"article","og_title":"O que aprendemos no PackCast com a MagSac Embalagens?","og_description":"Entrevistamos a tradicional convertedora de embalagens flex\u00edveis do interior paulista, a MagSac Embalagens.","og_url":"https:\/\/projetopack.com.br\/en\/o-que-aprendemos-no-packcast-com-a-magsac-embalagens\/","og_site_name":"ProjetoPack","article_published_time":"2021-04-11T19:03:31+00:00","article_modified_time":"2021-04-27T00:34:45+00:00","og_image":[{"width":1080,"height":1080,"url":"https:\/\/projetopack.com.br\/wp-content\/uploads\/2021\/04\/Capa-Podcast-13.png","type":"image\/png"}],"author":"Andrea","twitter_card":"summary_large_image","twitter_creator":"@ProjetoPack","twitter_site":"@ProjetoPack","twitter_misc":{"Written by":"Andrea","Est. reading time":"2 minutes"},"schema":{"@context":"https:\/\/schema.org","@graph":[{"@type":"Article","@id":"https:\/\/projetopack.com.br\/en\/o-que-aprendemos-no-packcast-com-a-magsac-embalagens\/#article","isPartOf":{"@id":"https:\/\/projetopack.com.br\/en\/o-que-aprendemos-no-packcast-com-a-magsac-embalagens\/"},"author":{"name":"Andrea","@id":"https:\/\/projetopack.com.br\/#\/schema\/person\/d17c72a4bc2b7e461496dd8a14d4cef1"},"headline":"O que aprendemos no PackCast com a MagSac Embalagens?","datePublished":"2021-04-11T19:03:31+00:00","dateModified":"2021-04-27T00:34:45+00:00","mainEntityOfPage":{"@id":"https:\/\/projetopack.com.br\/en\/o-que-aprendemos-no-packcast-com-a-magsac-embalagens\/"},"wordCount":420,"commentCount":0,"publisher":{"@id":"https:\/\/projetopack.com.br\/#organization"},"image":{"@id":"https:\/\/projetopack.com.br\/en\/o-que-aprendemos-no-packcast-com-a-magsac-embalagens\/#primaryimage"},"thumbnailUrl":"https:\/\/projetopack.com.br\/wp-content\/uploads\/2021\/04\/Capa-Podcast-13.png","keywords":["camelback","Embalagens flex\u00edveis","esper","packlive","podcast"],"articleSection":["Entrevistas"],"inLanguage":"en-US","potentialAction":[{"@type":"CommentAction","name":"Comment","target":["https:\/\/projetopack.com.br\/en\/o-que-aprendemos-no-packcast-com-a-magsac-embalagens\/#respond"]}]},{"@type":"WebPage","@id":"https:\/\/projetopack.com.br\/en\/o-que-aprendemos-no-packcast-com-a-magsac-embalagens\/","url":"https:\/\/projetopack.com.br\/en\/o-que-aprendemos-no-packcast-com-a-magsac-embalagens\/","name":"O que aprendemos no PackCast com a MagSac Embalagens? - ProjetoPack","isPartOf":{"@id":"https:\/\/projetopack.com.br\/#website"},"primaryImageOfPage":{"@id":"https:\/\/projetopack.com.br\/en\/o-que-aprendemos-no-packcast-com-a-magsac-embalagens\/#primaryimage"},"image":{"@id":"https:\/\/projetopack.com.br\/en\/o-que-aprendemos-no-packcast-com-a-magsac-embalagens\/#primaryimage"},"thumbnailUrl":"https:\/\/projetopack.com.br\/wp-content\/uploads\/2021\/04\/Capa-Podcast-13.png","datePublished":"2021-04-11T19:03:31+00:00","dateModified":"2021-04-27T00:34:45+00:00","description":"Entrevistamos a tradicional convertedora de embalagens flex\u00edveis do interior paulista, a MagSac Embalagens.","breadcrumb":{"@id":"https:\/\/projetopack.com.br\/en\/o-que-aprendemos-no-packcast-com-a-magsac-embalagens\/#breadcrumb"},"inLanguage":"en-US","potentialAction":[{"@type":"ReadAction","target":["https:\/\/projetopack.com.br\/en\/o-que-aprendemos-no-packcast-com-a-magsac-embalagens\/"]}]},{"@type":"ImageObject","inLanguage":"en-US","@id":"https:\/\/projetopack.com.br\/en\/o-que-aprendemos-no-packcast-com-a-magsac-embalagens\/#primaryimage","url":"https:\/\/projetopack.com.br\/wp-content\/uploads\/2021\/04\/Capa-Podcast-13.png","contentUrl":"https:\/\/projetopack.com.br\/wp-content\/uploads\/2021\/04\/Capa-Podcast-13.png","width":1080,"height":1080},{"@type":"BreadcrumbList","@id":"https:\/\/projetopack.com.br\/en\/o-que-aprendemos-no-packcast-com-a-magsac-embalagens\/#breadcrumb","itemListElement":[{"@type":"ListItem","position":1,"name":"P\u00e1gina Inicial","item":"https:\/\/projetopack.com.br\/"},{"@type":"ListItem","position":2,"name":"Entrevistas","item":"https:\/\/projetopack.com.br\/category\/entrevistas\/"},{"@type":"ListItem","position":3,"name":"O que aprendemos no PackCast com a MagSac Embalagens?"}]},{"@type":"WebSite","@id":"https:\/\/projetopack.com.br\/#website","url":"https:\/\/projetopack.com.br\/","name":"ProjetoPack","description":"Consultoria e servi\u00e7os para embalagens, r\u00f3tulos, etiquetas e processos de impress\u00e3o","publisher":{"@id":"https:\/\/projetopack.com.br\/#organization"},"potentialAction":[{"@type":"SearchAction","target":{"@type":"EntryPoint","urlTemplate":"https:\/\/projetopack.com.br\/?s={search_term_string}"},"query-input":{"@type":"PropertyValueSpecification","valueRequired":true,"valueName":"search_term_string"}}],"inLanguage":"en-US"},{"@type":"Organization","@id":"https:\/\/projetopack.com.br\/#organization","name":"ProjetoPack & Associados","url":"https:\/\/projetopack.com.br\/","logo":{"@type":"ImageObject","inLanguage":"en-US","@id":"https:\/\/projetopack.com.br\/#\/schema\/logo\/image\/","url":"https:\/\/projetopack.com.br\/wp-content\/uploads\/2020\/09\/projetopack.png","contentUrl":"https:\/\/projetopack.com.br\/wp-content\/uploads\/2020\/09\/projetopack.png","width":200,"height":200,"caption":"ProjetoPack & Associados"},"image":{"@id":"https:\/\/projetopack.com.br\/#\/schema\/logo\/image\/"},"sameAs":["https:\/\/x.com\/ProjetoPack","https:\/\/www.linkedin.com\/company\/projetopack\/"]},{"@type":"Person","@id":"https:\/\/projetopack.com.br\/#\/schema\/person\/d17c72a4bc2b7e461496dd8a14d4cef1","name":"Andrea","image":{"@type":"ImageObject","inLanguage":"en-US","@id":"https:\/\/projetopack.com.br\/#\/schema\/person\/image\/","url":"https:\/\/projetopack.com.br\/wp-content\/uploads\/2026\/03\/eu-150x150.jpg","contentUrl":"https:\/\/projetopack.com.br\/wp-content\/uploads\/2026\/03\/eu-150x150.jpg","caption":"Andrea"},"url":"https:\/\/projetopack.com.br\/en\/author\/andrea\/"}]}},"_links":{"self":[{"href":"https:\/\/projetopack.com.br\/en\/wp-json\/wp\/v2\/posts\/10507","targetHints":{"allow":["GET"]}}],"collection":[{"href":"https:\/\/projetopack.com.br\/en\/wp-json\/wp\/v2\/posts"}],"about":[{"href":"https:\/\/projetopack.com.br\/en\/wp-json\/wp\/v2\/types\/post"}],"author":[{"embeddable":true,"href":"https:\/\/projetopack.com.br\/en\/wp-json\/wp\/v2\/users\/18"}],"replies":[{"embeddable":true,"href":"https:\/\/projetopack.com.br\/en\/wp-json\/wp\/v2\/comments?post=10507"}],"version-history":[{"count":0,"href":"https:\/\/projetopack.com.br\/en\/wp-json\/wp\/v2\/posts\/10507\/revisions"}],"wp:featuredmedia":[{"embeddable":true,"href":"https:\/\/projetopack.com.br\/en\/wp-json\/wp\/v2\/media\/10508"}],"wp:attachment":[{"href":"https:\/\/projetopack.com.br\/en\/wp-json\/wp\/v2\/media?parent=10507"}],"wp:term":[{"taxonomy":"category","embeddable":true,"href":"https:\/\/projetopack.com.br\/en\/wp-json\/wp\/v2\/categories?post=10507"},{"taxonomy":"post_tag","embeddable":true,"href":"https:\/\/projetopack.com.br\/en\/wp-json\/wp\/v2\/tags?post=10507"}],"curies":[{"name":"wp","href":"https:\/\/api.w.org\/{rel}","templated":true}]}}