{"id":10694,"date":"2021-04-16T17:13:43","date_gmt":"2021-04-16T20:13:43","guid":{"rendered":"https:\/\/www.projetopack.com.br\/?p=10694"},"modified":"2021-04-26T21:21:04","modified_gmt":"2021-04-27T00:21:04","slug":"impressora-digital-epson-surepress-cumpre-uma-facanha","status":"publish","type":"post","link":"https:\/\/projetopack.com.br\/en\/impressora-digital-epson-surepress-cumpre-uma-facanha\/","title":{"rendered":"Impressora digital Epson SurePress cumpre uma fa\u00e7anha"},"content":{"rendered":"<p>Uma \u00fanica impressora <strong><a href=\"https:\/\/epson.com.br\/Para-empresas\/Impressoras\/R%C3%B3tulos\/Impressora-Digital-de-Etiquetas-Epson-SurePress-L-4533AW\/p\/C11CF80202\" target=\"_blank\" rel=\"noreferrer noopener\">SurePress L-6534VW<\/a><\/strong> produziu 1.99 milh\u00f5es de metros quadrados em apenas um m\u00eas, 5.5 milh\u00f5es de metros quadrados em um trimestre e 13.8 milh\u00f5es de metros quadrados em nove meses desde a instala\u00e7\u00e3o, de acordo com a fabricante Epson.<\/p>\n\n\n\n<figure class=\"wp-block-embed is-type-video is-provider-youtube wp-block-embed-youtube wp-embed-aspect-16-9 wp-has-aspect-ratio\"><div class=\"wp-block-embed__wrapper\">\n<iframe title=\"Epson SurePress L-6534VW Digital Label Press | Product Tour\" width=\"800\" height=\"450\" src=\"https:\/\/www.youtube.com\/embed\/p5vmTuibl8c?feature=oembed&#038;enablejsapi=1&#038;origin=https:\/\/projetopack.com.br\" frameborder=\"0\" allow=\"accelerometer; autoplay; clipboard-write; encrypted-media; gyroscope; picture-in-picture\" allowfullscreen><\/iframe>\n<\/div><\/figure>\n\n\n\n<p>A empresa conseguiu monitorar o volume remotamente, via Epson Remote Management System, e afirma que a produ\u00e7\u00e3o do equipamento \u00e9 quatro vezes maior do que a m\u00e9dia do mercado.<\/p>\n\n\n\n<figure class=\"wp-block-pullquote\"><blockquote><p>&#8220;Muitos fabricantes cotam impressoras de alta velocidade, mas na pr\u00e1tica esta performance n\u00e3o se sustenta ao longo do tempo. Estes dados da SurePress mostram a produ\u00e7\u00e3o da vida real, por sete meses consecutivos.&#8221;<\/p><cite>afirmou mike pruitt, gerente de produto da epson america<\/cite><\/blockquote><\/figure>\n\n\n\n<p>A impressora digital UV Epson SurePress L-6534VW foi desenvolvida para que convertedores de r\u00f3tulos e etiquetas que queiram ingressar no neg\u00f3cio digital ou est\u00e3o olhando para a amplia\u00e7\u00e3o de suas opera\u00e7\u00f5es, uma vez que \u00e9 confi\u00e1vel, f\u00e1cil de usar e permite a impress\u00e3o em alta velocidade e const\u00e2ncia, conclui a companhia.<\/p>\n\n\n\n<p>Leia tamb\u00e9m:<br><a href=\"https:\/\/projetopack.com.br\/epson-e-mack-color-inauguram-espaco-de-experimentacao-em-impressao-digital\/\">Epson e Mack Color inauguram espa\u00e7o de experimenta\u00e7\u00e3o em impress\u00e3o digital<\/a><\/p>","protected":false},"excerpt":{"rendered":"<p>O equipamento imprimiu quase 2 milh\u00f5es de metros quadrados em um m\u00eas<\/p>","protected":false},"author":18,"featured_media":10695,"comment_status":"open","ping_status":"closed","sticky":false,"template":"","format":"standard","meta":{"footnotes":""},"categories":[344],"tags":[586,771,764],"class_list":["post-10694","post","type-post","status-publish","format-standard","has-post-thumbnail","hentry","category-opiniao","tag-epson","tag-impressao-digital-de-rotulos","tag-impressora-de-rotulos"],"yoast_head":"<!-- This site is optimized with the Yoast SEO Premium plugin v27.1 (Yoast SEO v27.1.1) - https:\/\/yoast.com\/product\/yoast-seo-premium-wordpress\/ -->\n<title>Impressora digital Epson SurePress cumpre uma fa\u00e7anha - ProjetoPack<\/title>\n<meta name=\"description\" content=\"Uma \u00fanica impressora SurePress L-6534VW produziu 1.99 milh\u00f5es de metros quadrados em apenas um m\u00eas.\" \/>\n<meta name=\"robots\" content=\"index, follow, max-snippet:-1, max-image-preview:large, max-video-preview:-1\" \/>\n<link rel=\"canonical\" href=\"https:\/\/projetopack.com.br\/en\/impressora-digital-epson-surepress-cumpre-uma-facanha\/\" \/>\n<meta property=\"og:locale\" content=\"en_US\" \/>\n<meta property=\"og:type\" content=\"article\" \/>\n<meta property=\"og:title\" content=\"Impressora digital Epson SurePress cumpre uma fa\u00e7anha\" \/>\n<meta property=\"og:description\" content=\"Uma \u00fanica impressora SurePress L-6534VW produziu 1.99 milh\u00f5es de metros quadrados em apenas um m\u00eas.\" \/>\n<meta property=\"og:url\" content=\"https:\/\/projetopack.com.br\/en\/impressora-digital-epson-surepress-cumpre-uma-facanha\/\" \/>\n<meta property=\"og:site_name\" content=\"ProjetoPack\" \/>\n<meta property=\"article:published_time\" content=\"2021-04-16T20:13:43+00:00\" \/>\n<meta property=\"article:modified_time\" content=\"2021-04-27T00:21:04+00:00\" \/>\n<meta property=\"og:image\" content=\"https:\/\/projetopack.com.br\/wp-content\/uploads\/2021\/04\/Epson-SurePress-L-6534VW-UV-Digital-Label-Press_web.jpg\" \/>\n\t<meta property=\"og:image:width\" content=\"900\" \/>\n\t<meta property=\"og:image:height\" content=\"550\" \/>\n\t<meta property=\"og:image:type\" content=\"image\/jpeg\" \/>\n<meta name=\"author\" content=\"Andrea\" \/>\n<meta name=\"twitter:card\" content=\"summary_large_image\" \/>\n<meta name=\"twitter:creator\" content=\"@ProjetoPack\" \/>\n<meta name=\"twitter:site\" content=\"@ProjetoPack\" \/>\n<meta name=\"twitter:label1\" content=\"Written by\" \/>\n\t<meta name=\"twitter:data1\" content=\"Andrea\" \/>\n\t<meta name=\"twitter:label2\" content=\"Est. reading time\" \/>\n\t<meta name=\"twitter:data2\" content=\"1 minute\" \/>\n<script type=\"application\/ld+json\" class=\"yoast-schema-graph\">{\"@context\":\"https:\/\/schema.org\",\"@graph\":[{\"@type\":\"Article\",\"@id\":\"https:\/\/projetopack.com.br\/en\/impressora-digital-epson-surepress-cumpre-uma-facanha\/#article\",\"isPartOf\":{\"@id\":\"https:\/\/projetopack.com.br\/en\/impressora-digital-epson-surepress-cumpre-uma-facanha\/\"},\"author\":{\"name\":\"Andrea\",\"@id\":\"https:\/\/projetopack.com.br\/#\/schema\/person\/d17c72a4bc2b7e461496dd8a14d4cef1\"},\"headline\":\"Impressora digital Epson SurePress cumpre uma fa\u00e7anha\",\"datePublished\":\"2021-04-16T20:13:43+00:00\",\"dateModified\":\"2021-04-27T00:21:04+00:00\",\"mainEntityOfPage\":{\"@id\":\"https:\/\/projetopack.com.br\/en\/impressora-digital-epson-surepress-cumpre-uma-facanha\/\"},\"wordCount\":213,\"commentCount\":0,\"publisher\":{\"@id\":\"https:\/\/projetopack.com.br\/#organization\"},\"image\":{\"@id\":\"https:\/\/projetopack.com.br\/en\/impressora-digital-epson-surepress-cumpre-uma-facanha\/#primaryimage\"},\"thumbnailUrl\":\"https:\/\/projetopack.com.br\/wp-content\/uploads\/2021\/04\/Epson-SurePress-L-6534VW-UV-Digital-Label-Press_web.jpg\",\"keywords\":[\"epson\",\"impress\u00e3o digital de r\u00f3tulos\",\"impressora de r\u00f3tulos\"],\"articleSection\":[\"Opini\u00e3o\"],\"inLanguage\":\"en-US\",\"potentialAction\":[{\"@type\":\"CommentAction\",\"name\":\"Comment\",\"target\":[\"https:\/\/projetopack.com.br\/en\/impressora-digital-epson-surepress-cumpre-uma-facanha\/#respond\"]}]},{\"@type\":\"WebPage\",\"@id\":\"https:\/\/projetopack.com.br\/en\/impressora-digital-epson-surepress-cumpre-uma-facanha\/\",\"url\":\"https:\/\/projetopack.com.br\/en\/impressora-digital-epson-surepress-cumpre-uma-facanha\/\",\"name\":\"Impressora digital Epson SurePress cumpre uma fa\u00e7anha - ProjetoPack\",\"isPartOf\":{\"@id\":\"https:\/\/projetopack.com.br\/#website\"},\"primaryImageOfPage\":{\"@id\":\"https:\/\/projetopack.com.br\/en\/impressora-digital-epson-surepress-cumpre-uma-facanha\/#primaryimage\"},\"image\":{\"@id\":\"https:\/\/projetopack.com.br\/en\/impressora-digital-epson-surepress-cumpre-uma-facanha\/#primaryimage\"},\"thumbnailUrl\":\"https:\/\/projetopack.com.br\/wp-content\/uploads\/2021\/04\/Epson-SurePress-L-6534VW-UV-Digital-Label-Press_web.jpg\",\"datePublished\":\"2021-04-16T20:13:43+00:00\",\"dateModified\":\"2021-04-27T00:21:04+00:00\",\"description\":\"Uma \u00fanica impressora SurePress L-6534VW produziu 1.99 milh\u00f5es de metros quadrados em apenas um m\u00eas.\",\"breadcrumb\":{\"@id\":\"https:\/\/projetopack.com.br\/en\/impressora-digital-epson-surepress-cumpre-uma-facanha\/#breadcrumb\"},\"inLanguage\":\"en-US\",\"potentialAction\":[{\"@type\":\"ReadAction\",\"target\":[\"https:\/\/projetopack.com.br\/en\/impressora-digital-epson-surepress-cumpre-uma-facanha\/\"]}]},{\"@type\":\"ImageObject\",\"inLanguage\":\"en-US\",\"@id\":\"https:\/\/projetopack.com.br\/en\/impressora-digital-epson-surepress-cumpre-uma-facanha\/#primaryimage\",\"url\":\"https:\/\/projetopack.com.br\/wp-content\/uploads\/2021\/04\/Epson-SurePress-L-6534VW-UV-Digital-Label-Press_web.jpg\",\"contentUrl\":\"https:\/\/projetopack.com.br\/wp-content\/uploads\/2021\/04\/Epson-SurePress-L-6534VW-UV-Digital-Label-Press_web.jpg\",\"width\":900,\"height\":550,\"caption\":\"impressora epson surepress l6534w\"},{\"@type\":\"BreadcrumbList\",\"@id\":\"https:\/\/projetopack.com.br\/en\/impressora-digital-epson-surepress-cumpre-uma-facanha\/#breadcrumb\",\"itemListElement\":[{\"@type\":\"ListItem\",\"position\":1,\"name\":\"P\u00e1gina Inicial\",\"item\":\"https:\/\/projetopack.com.br\/\"},{\"@type\":\"ListItem\",\"position\":2,\"name\":\"Opini\u00e3o\",\"item\":\"https:\/\/projetopack.com.br\/en\/category\/opiniao\/\"},{\"@type\":\"ListItem\",\"position\":3,\"name\":\"Impressora digital Epson SurePress cumpre uma fa\u00e7anha\"}]},{\"@type\":\"WebSite\",\"@id\":\"https:\/\/projetopack.com.br\/#website\",\"url\":\"https:\/\/projetopack.com.br\/\",\"name\":\"ProjetoPack\",\"description\":\"Consultoria e servi\u00e7os para embalagens, r\u00f3tulos, etiquetas e processos de impress\u00e3o\",\"publisher\":{\"@id\":\"https:\/\/projetopack.com.br\/#organization\"},\"potentialAction\":[{\"@type\":\"SearchAction\",\"target\":{\"@type\":\"EntryPoint\",\"urlTemplate\":\"https:\/\/projetopack.com.br\/?s={search_term_string}\"},\"query-input\":{\"@type\":\"PropertyValueSpecification\",\"valueRequired\":true,\"valueName\":\"search_term_string\"}}],\"inLanguage\":\"en-US\"},{\"@type\":\"Organization\",\"@id\":\"https:\/\/projetopack.com.br\/#organization\",\"name\":\"ProjetoPack & Associados\",\"url\":\"https:\/\/projetopack.com.br\/\",\"logo\":{\"@type\":\"ImageObject\",\"inLanguage\":\"en-US\",\"@id\":\"https:\/\/projetopack.com.br\/#\/schema\/logo\/image\/\",\"url\":\"https:\/\/projetopack.com.br\/wp-content\/uploads\/2020\/09\/projetopack.png\",\"contentUrl\":\"https:\/\/projetopack.com.br\/wp-content\/uploads\/2020\/09\/projetopack.png\",\"width\":200,\"height\":200,\"caption\":\"ProjetoPack & Associados\"},\"image\":{\"@id\":\"https:\/\/projetopack.com.br\/#\/schema\/logo\/image\/\"},\"sameAs\":[\"https:\/\/x.com\/ProjetoPack\",\"https:\/\/www.linkedin.com\/company\/projetopack\/\"]},{\"@type\":\"Person\",\"@id\":\"https:\/\/projetopack.com.br\/#\/schema\/person\/d17c72a4bc2b7e461496dd8a14d4cef1\",\"name\":\"Andrea\",\"image\":{\"@type\":\"ImageObject\",\"inLanguage\":\"en-US\",\"@id\":\"https:\/\/projetopack.com.br\/#\/schema\/person\/image\/\",\"url\":\"https:\/\/projetopack.com.br\/wp-content\/uploads\/2026\/03\/eu-150x150.jpg\",\"contentUrl\":\"https:\/\/projetopack.com.br\/wp-content\/uploads\/2026\/03\/eu-150x150.jpg\",\"caption\":\"Andrea\"},\"url\":\"https:\/\/projetopack.com.br\/en\/author\/andrea\/\"}]}<\/script>\n<!-- \/ Yoast SEO Premium plugin. -->","yoast_head_json":{"title":"Impressora digital Epson SurePress cumpre uma fa\u00e7anha - ProjetoPack","description":"Uma \u00fanica impressora SurePress L-6534VW produziu 1.99 milh\u00f5es de metros quadrados em apenas um m\u00eas.","robots":{"index":"index","follow":"follow","max-snippet":"max-snippet:-1","max-image-preview":"max-image-preview:large","max-video-preview":"max-video-preview:-1"},"canonical":"https:\/\/projetopack.com.br\/en\/impressora-digital-epson-surepress-cumpre-uma-facanha\/","og_locale":"en_US","og_type":"article","og_title":"Impressora digital Epson SurePress cumpre uma fa\u00e7anha","og_description":"Uma \u00fanica impressora SurePress L-6534VW produziu 1.99 milh\u00f5es de metros quadrados em apenas um m\u00eas.","og_url":"https:\/\/projetopack.com.br\/en\/impressora-digital-epson-surepress-cumpre-uma-facanha\/","og_site_name":"ProjetoPack","article_published_time":"2021-04-16T20:13:43+00:00","article_modified_time":"2021-04-27T00:21:04+00:00","og_image":[{"width":900,"height":550,"url":"https:\/\/projetopack.com.br\/wp-content\/uploads\/2021\/04\/Epson-SurePress-L-6534VW-UV-Digital-Label-Press_web.jpg","type":"image\/jpeg"}],"author":"Andrea","twitter_card":"summary_large_image","twitter_creator":"@ProjetoPack","twitter_site":"@ProjetoPack","twitter_misc":{"Written by":"Andrea","Est. reading time":"1 minute"},"schema":{"@context":"https:\/\/schema.org","@graph":[{"@type":"Article","@id":"https:\/\/projetopack.com.br\/en\/impressora-digital-epson-surepress-cumpre-uma-facanha\/#article","isPartOf":{"@id":"https:\/\/projetopack.com.br\/en\/impressora-digital-epson-surepress-cumpre-uma-facanha\/"},"author":{"name":"Andrea","@id":"https:\/\/projetopack.com.br\/#\/schema\/person\/d17c72a4bc2b7e461496dd8a14d4cef1"},"headline":"Impressora digital Epson SurePress cumpre uma fa\u00e7anha","datePublished":"2021-04-16T20:13:43+00:00","dateModified":"2021-04-27T00:21:04+00:00","mainEntityOfPage":{"@id":"https:\/\/projetopack.com.br\/en\/impressora-digital-epson-surepress-cumpre-uma-facanha\/"},"wordCount":213,"commentCount":0,"publisher":{"@id":"https:\/\/projetopack.com.br\/#organization"},"image":{"@id":"https:\/\/projetopack.com.br\/en\/impressora-digital-epson-surepress-cumpre-uma-facanha\/#primaryimage"},"thumbnailUrl":"https:\/\/projetopack.com.br\/wp-content\/uploads\/2021\/04\/Epson-SurePress-L-6534VW-UV-Digital-Label-Press_web.jpg","keywords":["epson","impress\u00e3o digital de r\u00f3tulos","impressora de r\u00f3tulos"],"articleSection":["Opini\u00e3o"],"inLanguage":"en-US","potentialAction":[{"@type":"CommentAction","name":"Comment","target":["https:\/\/projetopack.com.br\/en\/impressora-digital-epson-surepress-cumpre-uma-facanha\/#respond"]}]},{"@type":"WebPage","@id":"https:\/\/projetopack.com.br\/en\/impressora-digital-epson-surepress-cumpre-uma-facanha\/","url":"https:\/\/projetopack.com.br\/en\/impressora-digital-epson-surepress-cumpre-uma-facanha\/","name":"Impressora digital Epson SurePress cumpre uma fa\u00e7anha - ProjetoPack","isPartOf":{"@id":"https:\/\/projetopack.com.br\/#website"},"primaryImageOfPage":{"@id":"https:\/\/projetopack.com.br\/en\/impressora-digital-epson-surepress-cumpre-uma-facanha\/#primaryimage"},"image":{"@id":"https:\/\/projetopack.com.br\/en\/impressora-digital-epson-surepress-cumpre-uma-facanha\/#primaryimage"},"thumbnailUrl":"https:\/\/projetopack.com.br\/wp-content\/uploads\/2021\/04\/Epson-SurePress-L-6534VW-UV-Digital-Label-Press_web.jpg","datePublished":"2021-04-16T20:13:43+00:00","dateModified":"2021-04-27T00:21:04+00:00","description":"Uma \u00fanica impressora SurePress L-6534VW produziu 1.99 milh\u00f5es de metros quadrados em apenas um m\u00eas.","breadcrumb":{"@id":"https:\/\/projetopack.com.br\/en\/impressora-digital-epson-surepress-cumpre-uma-facanha\/#breadcrumb"},"inLanguage":"en-US","potentialAction":[{"@type":"ReadAction","target":["https:\/\/projetopack.com.br\/en\/impressora-digital-epson-surepress-cumpre-uma-facanha\/"]}]},{"@type":"ImageObject","inLanguage":"en-US","@id":"https:\/\/projetopack.com.br\/en\/impressora-digital-epson-surepress-cumpre-uma-facanha\/#primaryimage","url":"https:\/\/projetopack.com.br\/wp-content\/uploads\/2021\/04\/Epson-SurePress-L-6534VW-UV-Digital-Label-Press_web.jpg","contentUrl":"https:\/\/projetopack.com.br\/wp-content\/uploads\/2021\/04\/Epson-SurePress-L-6534VW-UV-Digital-Label-Press_web.jpg","width":900,"height":550,"caption":"impressora epson surepress l6534w"},{"@type":"BreadcrumbList","@id":"https:\/\/projetopack.com.br\/en\/impressora-digital-epson-surepress-cumpre-uma-facanha\/#breadcrumb","itemListElement":[{"@type":"ListItem","position":1,"name":"P\u00e1gina Inicial","item":"https:\/\/projetopack.com.br\/"},{"@type":"ListItem","position":2,"name":"Opini\u00e3o","item":"https:\/\/projetopack.com.br\/en\/category\/opiniao\/"},{"@type":"ListItem","position":3,"name":"Impressora digital Epson SurePress cumpre uma fa\u00e7anha"}]},{"@type":"WebSite","@id":"https:\/\/projetopack.com.br\/#website","url":"https:\/\/projetopack.com.br\/","name":"ProjetoPack","description":"Consultoria e servi\u00e7os para embalagens, r\u00f3tulos, etiquetas e processos de impress\u00e3o","publisher":{"@id":"https:\/\/projetopack.com.br\/#organization"},"potentialAction":[{"@type":"SearchAction","target":{"@type":"EntryPoint","urlTemplate":"https:\/\/projetopack.com.br\/?s={search_term_string}"},"query-input":{"@type":"PropertyValueSpecification","valueRequired":true,"valueName":"search_term_string"}}],"inLanguage":"en-US"},{"@type":"Organization","@id":"https:\/\/projetopack.com.br\/#organization","name":"ProjetoPack & Associados","url":"https:\/\/projetopack.com.br\/","logo":{"@type":"ImageObject","inLanguage":"en-US","@id":"https:\/\/projetopack.com.br\/#\/schema\/logo\/image\/","url":"https:\/\/projetopack.com.br\/wp-content\/uploads\/2020\/09\/projetopack.png","contentUrl":"https:\/\/projetopack.com.br\/wp-content\/uploads\/2020\/09\/projetopack.png","width":200,"height":200,"caption":"ProjetoPack & Associados"},"image":{"@id":"https:\/\/projetopack.com.br\/#\/schema\/logo\/image\/"},"sameAs":["https:\/\/x.com\/ProjetoPack","https:\/\/www.linkedin.com\/company\/projetopack\/"]},{"@type":"Person","@id":"https:\/\/projetopack.com.br\/#\/schema\/person\/d17c72a4bc2b7e461496dd8a14d4cef1","name":"Andrea","image":{"@type":"ImageObject","inLanguage":"en-US","@id":"https:\/\/projetopack.com.br\/#\/schema\/person\/image\/","url":"https:\/\/projetopack.com.br\/wp-content\/uploads\/2026\/03\/eu-150x150.jpg","contentUrl":"https:\/\/projetopack.com.br\/wp-content\/uploads\/2026\/03\/eu-150x150.jpg","caption":"Andrea"},"url":"https:\/\/projetopack.com.br\/en\/author\/andrea\/"}]}},"_links":{"self":[{"href":"https:\/\/projetopack.com.br\/en\/wp-json\/wp\/v2\/posts\/10694","targetHints":{"allow":["GET"]}}],"collection":[{"href":"https:\/\/projetopack.com.br\/en\/wp-json\/wp\/v2\/posts"}],"about":[{"href":"https:\/\/projetopack.com.br\/en\/wp-json\/wp\/v2\/types\/post"}],"author":[{"embeddable":true,"href":"https:\/\/projetopack.com.br\/en\/wp-json\/wp\/v2\/users\/18"}],"replies":[{"embeddable":true,"href":"https:\/\/projetopack.com.br\/en\/wp-json\/wp\/v2\/comments?post=10694"}],"version-history":[{"count":0,"href":"https:\/\/projetopack.com.br\/en\/wp-json\/wp\/v2\/posts\/10694\/revisions"}],"wp:featuredmedia":[{"embeddable":true,"href":"https:\/\/projetopack.com.br\/en\/wp-json\/wp\/v2\/media\/10695"}],"wp:attachment":[{"href":"https:\/\/projetopack.com.br\/en\/wp-json\/wp\/v2\/media?parent=10694"}],"wp:term":[{"taxonomy":"category","embeddable":true,"href":"https:\/\/projetopack.com.br\/en\/wp-json\/wp\/v2\/categories?post=10694"},{"taxonomy":"post_tag","embeddable":true,"href":"https:\/\/projetopack.com.br\/en\/wp-json\/wp\/v2\/tags?post=10694"}],"curies":[{"name":"wp","href":"https:\/\/api.w.org\/{rel}","templated":true}]}}