{"id":10807,"date":"2021-04-20T15:59:26","date_gmt":"2021-04-20T18:59:26","guid":{"rendered":"https:\/\/www.projetopack.com.br\/?p=10807"},"modified":"2021-04-26T17:48:41","modified_gmt":"2021-04-26T20:48:41","slug":"o-que-aprendemos-no-packcast-com-a-brazicolor","status":"publish","type":"post","link":"https:\/\/projetopack.com.br\/en\/o-que-aprendemos-no-packcast-com-a-brazicolor\/","title":{"rendered":"O que aprendemos no PackCast com a Brazicolor?"},"content":{"rendered":"<p>Dando sequencia \u00e0 segunda temporada do nosso podcast PackCast, fizemos uma entrevista com a convertedora de r\u00f3tulos <a href=\"https:\/\/www.brazicolor.com.br\/\" target=\"_blank\" rel=\"noreferrer noopener\">Brazicolor<\/a>. Mantendo o protocolo, aproveitamos o v\u00eddeo para o formato webcast em nosso canal do <a href=\"https:\/\/www.youtube.com\/channel\/UCS8EbIa5SICWRV1ba4STw5g\" target=\"_blank\" rel=\"noreferrer noopener\">YouTube<\/a> (convidamos a todos para se inscreverem em ambos, links ao longo da postagem).<\/p>\n\n\n\n<p>A Brazicolor \u00e9 uma tradicional convertedora de r\u00f3tulos da Serra Ga\u00facha, especializada na produ\u00e7\u00e3o de r\u00f3tulos especiais de alta qualidade com \u00eanfase especial no setor de bebidas finas como vinho e cacha\u00e7a. <\/p>\n\n\n\n<p>Nosso bate-papo contou com a presen\u00e7a ilustre de <strong>Celiano Cenci<\/strong>, diretor executivo da companhia.<\/p>\n\n\n\n<figure class=\"wp-block-embed is-type-video is-provider-youtube wp-block-embed-youtube wp-embed-aspect-16-9 wp-has-aspect-ratio\"><div class=\"wp-block-embed__wrapper\">\n<iframe title=\"PackLive com a Brazicolor\" width=\"800\" height=\"450\" src=\"https:\/\/www.youtube.com\/embed\/lXdA_6bfZdw?feature=oembed&#038;enablejsapi=1&#038;origin=https:\/\/projetopack.com.br\" frameborder=\"0\" allow=\"accelerometer; autoplay; clipboard-write; encrypted-media; gyroscope; picture-in-picture\" allowfullscreen><\/iframe>\n<\/div><\/figure>\n\n\n\n<p>Uma das grandes li\u00e7\u00f5es evidenciadas na entrevista com Celiano diz respeito \u00e0 import\u00e2ncia da especializa\u00e7\u00e3o na ind\u00fastria gr\u00e1fica. A Brazicolor acabou concentrando energia, adquirindo <em>know-how<\/em> e se tornando literalmente um sin\u00f4nimo de r\u00f3tulos de vinho e destilados no pa\u00eds. A especializa\u00e7\u00e3o da empresa chega a tal ponto que o convertedor sabe inclusive os ciclos de colheita (safras) por tipo de uva e qual vai ser a demanda aproximada de r\u00f3tulos das principais marcas das vin\u00edcolas. \u00c9, de fato, impressionante.<\/p>\n\n\n\n<p>A Brazicolor produz r\u00f3tulos enobrecidos em sistemas de acabamento sofisticados da ABG, impressos em flexografia ou em offset digital (HP Indigo). O mesmo cliente \u00e9 demandante das duas tecnologias de impress\u00e3o &#8211; Celiano exemplifica a complementaridade de oferta dizendo que alguns clientes flertam com a exporta\u00e7\u00e3o ou mesmo experimentam um novo produto, ambos em quantidades inicialmente restritivas \u00e0 flexografia, mas convergentes na digital.<\/p>\n\n\n\n<figure class=\"wp-block-pullquote\"><blockquote><p>A HP tamb\u00e9m permite \u00e0 empresa uma certa versatilidade para a produ\u00e7\u00e3o de impressos exclusivos, com o emprego de dados vari\u00e1veis, que \u00e9 uma caracter\u00edstica de um mercado <em>premium <\/em>como o de vinhos e cacha\u00e7as.<\/p><\/blockquote><\/figure>\n\n\n\n<p>A Brazicolor \u00e9 pioneira em a\u00e7\u00f5es sustent\u00e1veis como a reciclagem do liner PET dos r\u00f3tulos, que acabou indiretamente fomentando toda uma cadeia de reciclagem do material no Rio Grande do Sul, a quase uma d\u00e9cada e meia. <\/p>\n\n\n\n<p>Novamente, a inova\u00e7\u00e3o s\u00f3 ocorreu com a presen\u00e7a da gr\u00e1fica nos clientes, entendendo profundamente a sua forma de pensar e antevendo as suas necessidades e anseios. Mais um ponto para a gr\u00e1fica ga\u00facha.<\/p>\n\n\n\n<p class=\"has-cyan-bluish-gray-background-color has-background\">A Brazicolor comenta ainda durante o bate-papo no <a href=\"https:\/\/anchor.fm\/pack-cast\">PackCast<\/a> sobre temas importantes como a sucess\u00e3o empresarial, a concorr\u00eancia predat\u00f3ria e a dificuldade em demonstrar o valor estrat\u00e9gico e de marketing do r\u00f3tulo ao dono da marca. Vale muito a pena assistir a esta aula super t\u00e9cnica e abrangente proporcionada pela Brazicolor aos ouvintes e telespectadores do nosso canal no YouTube.<\/p>\n\n\n\n<p>Conhe\u00e7a outros convertedores de r\u00f3tulos entrevistados:<br><a href=\"https:\/\/projetopack.com.br\/o-que-aprendemos-no-packcast-com-a-prakolar-sato\/\">Entrevista com Mauricio M\u00e9dici, da Prakolar Sato<\/a><br><a href=\"https:\/\/projetopack.com.br\/o-que-aprendemos-no-packcast-com-a-visionflex-rotulos\/\">Entrevista com Sergio Boteselli, da Visionflex<\/a><\/p>","protected":false},"excerpt":{"rendered":"<p>Saiba como foi a nossa entrevista com o diretor executivo da Brazicolor<\/p>","protected":false},"author":18,"featured_media":10808,"comment_status":"open","ping_status":"closed","sticky":false,"template":"","format":"standard","meta":{"footnotes":""},"categories":[632],"tags":[775],"class_list":["post-10807","post","type-post","status-publish","format-standard","has-post-thumbnail","hentry","category-entrevistas","tag-brazicolor"],"yoast_head":"<!-- This site is optimized with the Yoast SEO Premium plugin v27.1 (Yoast SEO v27.1.1) - https:\/\/yoast.com\/product\/yoast-seo-premium-wordpress\/ -->\n<title>O que aprendemos no PackCast com a Brazicolor? - ProjetoPack<\/title>\n<meta name=\"description\" content=\"Dando sequencia \u00e0 segunda temporada do nosso podcast PackCast, fizemos uma entrevista com a convertedora de r\u00f3tulos Brazicolor.\" \/>\n<meta name=\"robots\" content=\"index, follow, max-snippet:-1, max-image-preview:large, max-video-preview:-1\" \/>\n<link rel=\"canonical\" href=\"https:\/\/projetopack.com.br\/en\/o-que-aprendemos-no-packcast-com-a-brazicolor\/\" \/>\n<meta property=\"og:locale\" content=\"en_US\" \/>\n<meta property=\"og:type\" content=\"article\" \/>\n<meta property=\"og:title\" content=\"O que aprendemos no PackCast com a Brazicolor?\" \/>\n<meta property=\"og:description\" content=\"Dando sequencia \u00e0 segunda temporada do nosso podcast PackCast, fizemos uma entrevista com a convertedora de r\u00f3tulos Brazicolor.\" \/>\n<meta property=\"og:url\" content=\"https:\/\/projetopack.com.br\/en\/o-que-aprendemos-no-packcast-com-a-brazicolor\/\" \/>\n<meta property=\"og:site_name\" content=\"ProjetoPack\" \/>\n<meta property=\"article:published_time\" content=\"2021-04-20T18:59:26+00:00\" \/>\n<meta property=\"article:modified_time\" content=\"2021-04-26T20:48:41+00:00\" \/>\n<meta property=\"og:image\" content=\"https:\/\/projetopack.com.br\/wp-content\/uploads\/2021\/04\/Capa-Podcast-15.png\" \/>\n\t<meta property=\"og:image:width\" content=\"1080\" \/>\n\t<meta property=\"og:image:height\" content=\"1080\" \/>\n\t<meta property=\"og:image:type\" content=\"image\/png\" \/>\n<meta name=\"author\" content=\"Andrea\" \/>\n<meta name=\"twitter:card\" content=\"summary_large_image\" \/>\n<meta name=\"twitter:creator\" content=\"@ProjetoPack\" \/>\n<meta name=\"twitter:site\" content=\"@ProjetoPack\" \/>\n<meta name=\"twitter:label1\" content=\"Written by\" \/>\n\t<meta name=\"twitter:data1\" content=\"Andrea\" \/>\n\t<meta name=\"twitter:label2\" content=\"Est. reading time\" \/>\n\t<meta name=\"twitter:data2\" content=\"2 minutes\" \/>\n<script type=\"application\/ld+json\" class=\"yoast-schema-graph\">{\"@context\":\"https:\/\/schema.org\",\"@graph\":[{\"@type\":\"Article\",\"@id\":\"https:\/\/projetopack.com.br\/o-que-aprendemos-no-packcast-com-a-brazicolor\/#article\",\"isPartOf\":{\"@id\":\"https:\/\/projetopack.com.br\/o-que-aprendemos-no-packcast-com-a-brazicolor\/\"},\"author\":{\"name\":\"Andrea\",\"@id\":\"https:\/\/projetopack.com.br\/#\/schema\/person\/d17c72a4bc2b7e461496dd8a14d4cef1\"},\"headline\":\"O que aprendemos no PackCast com a Brazicolor?\",\"datePublished\":\"2021-04-20T18:59:26+00:00\",\"dateModified\":\"2021-04-26T20:48:41+00:00\",\"mainEntityOfPage\":{\"@id\":\"https:\/\/projetopack.com.br\/o-que-aprendemos-no-packcast-com-a-brazicolor\/\"},\"wordCount\":467,\"commentCount\":0,\"publisher\":{\"@id\":\"https:\/\/projetopack.com.br\/#organization\"},\"image\":{\"@id\":\"https:\/\/projetopack.com.br\/o-que-aprendemos-no-packcast-com-a-brazicolor\/#primaryimage\"},\"thumbnailUrl\":\"https:\/\/projetopack.com.br\/wp-content\/uploads\/2021\/04\/Capa-Podcast-15.png\",\"keywords\":[\"brazicolor\"],\"articleSection\":[\"Entrevistas\"],\"inLanguage\":\"en-US\",\"potentialAction\":[{\"@type\":\"CommentAction\",\"name\":\"Comment\",\"target\":[\"https:\/\/projetopack.com.br\/o-que-aprendemos-no-packcast-com-a-brazicolor\/#respond\"]}]},{\"@type\":\"WebPage\",\"@id\":\"https:\/\/projetopack.com.br\/o-que-aprendemos-no-packcast-com-a-brazicolor\/\",\"url\":\"https:\/\/projetopack.com.br\/o-que-aprendemos-no-packcast-com-a-brazicolor\/\",\"name\":\"O que aprendemos no PackCast com a Brazicolor? - ProjetoPack\",\"isPartOf\":{\"@id\":\"https:\/\/projetopack.com.br\/#website\"},\"primaryImageOfPage\":{\"@id\":\"https:\/\/projetopack.com.br\/o-que-aprendemos-no-packcast-com-a-brazicolor\/#primaryimage\"},\"image\":{\"@id\":\"https:\/\/projetopack.com.br\/o-que-aprendemos-no-packcast-com-a-brazicolor\/#primaryimage\"},\"thumbnailUrl\":\"https:\/\/projetopack.com.br\/wp-content\/uploads\/2021\/04\/Capa-Podcast-15.png\",\"datePublished\":\"2021-04-20T18:59:26+00:00\",\"dateModified\":\"2021-04-26T20:48:41+00:00\",\"description\":\"Dando sequencia \u00e0 segunda temporada do nosso podcast PackCast, fizemos uma entrevista com a convertedora de r\u00f3tulos Brazicolor.\",\"breadcrumb\":{\"@id\":\"https:\/\/projetopack.com.br\/o-que-aprendemos-no-packcast-com-a-brazicolor\/#breadcrumb\"},\"inLanguage\":\"en-US\",\"potentialAction\":[{\"@type\":\"ReadAction\",\"target\":[\"https:\/\/projetopack.com.br\/o-que-aprendemos-no-packcast-com-a-brazicolor\/\"]}]},{\"@type\":\"ImageObject\",\"inLanguage\":\"en-US\",\"@id\":\"https:\/\/projetopack.com.br\/o-que-aprendemos-no-packcast-com-a-brazicolor\/#primaryimage\",\"url\":\"https:\/\/projetopack.com.br\/wp-content\/uploads\/2021\/04\/Capa-Podcast-15.png\",\"contentUrl\":\"https:\/\/projetopack.com.br\/wp-content\/uploads\/2021\/04\/Capa-Podcast-15.png\",\"width\":1080,\"height\":1080},{\"@type\":\"BreadcrumbList\",\"@id\":\"https:\/\/projetopack.com.br\/o-que-aprendemos-no-packcast-com-a-brazicolor\/#breadcrumb\",\"itemListElement\":[{\"@type\":\"ListItem\",\"position\":1,\"name\":\"P\u00e1gina Inicial\",\"item\":\"https:\/\/projetopack.com.br\/\"},{\"@type\":\"ListItem\",\"position\":2,\"name\":\"Entrevistas\",\"item\":\"https:\/\/projetopack.com.br\/category\/entrevistas\/\"},{\"@type\":\"ListItem\",\"position\":3,\"name\":\"O que aprendemos no PackCast com a Brazicolor?\"}]},{\"@type\":\"WebSite\",\"@id\":\"https:\/\/projetopack.com.br\/#website\",\"url\":\"https:\/\/projetopack.com.br\/\",\"name\":\"ProjetoPack\",\"description\":\"Consultoria e servi\u00e7os para embalagens, r\u00f3tulos, etiquetas e processos de impress\u00e3o\",\"publisher\":{\"@id\":\"https:\/\/projetopack.com.br\/#organization\"},\"potentialAction\":[{\"@type\":\"SearchAction\",\"target\":{\"@type\":\"EntryPoint\",\"urlTemplate\":\"https:\/\/projetopack.com.br\/?s={search_term_string}\"},\"query-input\":{\"@type\":\"PropertyValueSpecification\",\"valueRequired\":true,\"valueName\":\"search_term_string\"}}],\"inLanguage\":\"en-US\"},{\"@type\":\"Organization\",\"@id\":\"https:\/\/projetopack.com.br\/#organization\",\"name\":\"ProjetoPack & Associados\",\"url\":\"https:\/\/projetopack.com.br\/\",\"logo\":{\"@type\":\"ImageObject\",\"inLanguage\":\"en-US\",\"@id\":\"https:\/\/projetopack.com.br\/#\/schema\/logo\/image\/\",\"url\":\"https:\/\/projetopack.com.br\/wp-content\/uploads\/2020\/09\/projetopack.png\",\"contentUrl\":\"https:\/\/projetopack.com.br\/wp-content\/uploads\/2020\/09\/projetopack.png\",\"width\":200,\"height\":200,\"caption\":\"ProjetoPack & Associados\"},\"image\":{\"@id\":\"https:\/\/projetopack.com.br\/#\/schema\/logo\/image\/\"},\"sameAs\":[\"https:\/\/x.com\/ProjetoPack\",\"https:\/\/www.linkedin.com\/company\/projetopack\/\"]},{\"@type\":\"Person\",\"@id\":\"https:\/\/projetopack.com.br\/#\/schema\/person\/d17c72a4bc2b7e461496dd8a14d4cef1\",\"name\":\"Andrea\",\"image\":{\"@type\":\"ImageObject\",\"inLanguage\":\"en-US\",\"@id\":\"https:\/\/projetopack.com.br\/#\/schema\/person\/image\/\",\"url\":\"https:\/\/projetopack.com.br\/wp-content\/uploads\/2026\/03\/eu-150x150.jpg\",\"contentUrl\":\"https:\/\/projetopack.com.br\/wp-content\/uploads\/2026\/03\/eu-150x150.jpg\",\"caption\":\"Andrea\"},\"url\":\"https:\/\/projetopack.com.br\/en\/author\/andrea\/\"}]}<\/script>\n<!-- \/ Yoast SEO Premium plugin. -->","yoast_head_json":{"title":"O que aprendemos no PackCast com a Brazicolor? - ProjetoPack","description":"Dando sequencia \u00e0 segunda temporada do nosso podcast PackCast, fizemos uma entrevista com a convertedora de r\u00f3tulos Brazicolor.","robots":{"index":"index","follow":"follow","max-snippet":"max-snippet:-1","max-image-preview":"max-image-preview:large","max-video-preview":"max-video-preview:-1"},"canonical":"https:\/\/projetopack.com.br\/en\/o-que-aprendemos-no-packcast-com-a-brazicolor\/","og_locale":"en_US","og_type":"article","og_title":"O que aprendemos no PackCast com a Brazicolor?","og_description":"Dando sequencia \u00e0 segunda temporada do nosso podcast PackCast, fizemos uma entrevista com a convertedora de r\u00f3tulos Brazicolor.","og_url":"https:\/\/projetopack.com.br\/en\/o-que-aprendemos-no-packcast-com-a-brazicolor\/","og_site_name":"ProjetoPack","article_published_time":"2021-04-20T18:59:26+00:00","article_modified_time":"2021-04-26T20:48:41+00:00","og_image":[{"width":1080,"height":1080,"url":"https:\/\/projetopack.com.br\/wp-content\/uploads\/2021\/04\/Capa-Podcast-15.png","type":"image\/png"}],"author":"Andrea","twitter_card":"summary_large_image","twitter_creator":"@ProjetoPack","twitter_site":"@ProjetoPack","twitter_misc":{"Written by":"Andrea","Est. reading time":"2 minutes"},"schema":{"@context":"https:\/\/schema.org","@graph":[{"@type":"Article","@id":"https:\/\/projetopack.com.br\/o-que-aprendemos-no-packcast-com-a-brazicolor\/#article","isPartOf":{"@id":"https:\/\/projetopack.com.br\/o-que-aprendemos-no-packcast-com-a-brazicolor\/"},"author":{"name":"Andrea","@id":"https:\/\/projetopack.com.br\/#\/schema\/person\/d17c72a4bc2b7e461496dd8a14d4cef1"},"headline":"O que aprendemos no PackCast com a Brazicolor?","datePublished":"2021-04-20T18:59:26+00:00","dateModified":"2021-04-26T20:48:41+00:00","mainEntityOfPage":{"@id":"https:\/\/projetopack.com.br\/o-que-aprendemos-no-packcast-com-a-brazicolor\/"},"wordCount":467,"commentCount":0,"publisher":{"@id":"https:\/\/projetopack.com.br\/#organization"},"image":{"@id":"https:\/\/projetopack.com.br\/o-que-aprendemos-no-packcast-com-a-brazicolor\/#primaryimage"},"thumbnailUrl":"https:\/\/projetopack.com.br\/wp-content\/uploads\/2021\/04\/Capa-Podcast-15.png","keywords":["brazicolor"],"articleSection":["Entrevistas"],"inLanguage":"en-US","potentialAction":[{"@type":"CommentAction","name":"Comment","target":["https:\/\/projetopack.com.br\/o-que-aprendemos-no-packcast-com-a-brazicolor\/#respond"]}]},{"@type":"WebPage","@id":"https:\/\/projetopack.com.br\/o-que-aprendemos-no-packcast-com-a-brazicolor\/","url":"https:\/\/projetopack.com.br\/o-que-aprendemos-no-packcast-com-a-brazicolor\/","name":"O que aprendemos no PackCast com a Brazicolor? - ProjetoPack","isPartOf":{"@id":"https:\/\/projetopack.com.br\/#website"},"primaryImageOfPage":{"@id":"https:\/\/projetopack.com.br\/o-que-aprendemos-no-packcast-com-a-brazicolor\/#primaryimage"},"image":{"@id":"https:\/\/projetopack.com.br\/o-que-aprendemos-no-packcast-com-a-brazicolor\/#primaryimage"},"thumbnailUrl":"https:\/\/projetopack.com.br\/wp-content\/uploads\/2021\/04\/Capa-Podcast-15.png","datePublished":"2021-04-20T18:59:26+00:00","dateModified":"2021-04-26T20:48:41+00:00","description":"Dando sequencia \u00e0 segunda temporada do nosso podcast PackCast, fizemos uma entrevista com a convertedora de r\u00f3tulos Brazicolor.","breadcrumb":{"@id":"https:\/\/projetopack.com.br\/o-que-aprendemos-no-packcast-com-a-brazicolor\/#breadcrumb"},"inLanguage":"en-US","potentialAction":[{"@type":"ReadAction","target":["https:\/\/projetopack.com.br\/o-que-aprendemos-no-packcast-com-a-brazicolor\/"]}]},{"@type":"ImageObject","inLanguage":"en-US","@id":"https:\/\/projetopack.com.br\/o-que-aprendemos-no-packcast-com-a-brazicolor\/#primaryimage","url":"https:\/\/projetopack.com.br\/wp-content\/uploads\/2021\/04\/Capa-Podcast-15.png","contentUrl":"https:\/\/projetopack.com.br\/wp-content\/uploads\/2021\/04\/Capa-Podcast-15.png","width":1080,"height":1080},{"@type":"BreadcrumbList","@id":"https:\/\/projetopack.com.br\/o-que-aprendemos-no-packcast-com-a-brazicolor\/#breadcrumb","itemListElement":[{"@type":"ListItem","position":1,"name":"P\u00e1gina Inicial","item":"https:\/\/projetopack.com.br\/"},{"@type":"ListItem","position":2,"name":"Entrevistas","item":"https:\/\/projetopack.com.br\/category\/entrevistas\/"},{"@type":"ListItem","position":3,"name":"O que aprendemos no PackCast com a Brazicolor?"}]},{"@type":"WebSite","@id":"https:\/\/projetopack.com.br\/#website","url":"https:\/\/projetopack.com.br\/","name":"ProjetoPack","description":"Consultoria e servi\u00e7os para embalagens, r\u00f3tulos, etiquetas e processos de impress\u00e3o","publisher":{"@id":"https:\/\/projetopack.com.br\/#organization"},"potentialAction":[{"@type":"SearchAction","target":{"@type":"EntryPoint","urlTemplate":"https:\/\/projetopack.com.br\/?s={search_term_string}"},"query-input":{"@type":"PropertyValueSpecification","valueRequired":true,"valueName":"search_term_string"}}],"inLanguage":"en-US"},{"@type":"Organization","@id":"https:\/\/projetopack.com.br\/#organization","name":"ProjetoPack & Associados","url":"https:\/\/projetopack.com.br\/","logo":{"@type":"ImageObject","inLanguage":"en-US","@id":"https:\/\/projetopack.com.br\/#\/schema\/logo\/image\/","url":"https:\/\/projetopack.com.br\/wp-content\/uploads\/2020\/09\/projetopack.png","contentUrl":"https:\/\/projetopack.com.br\/wp-content\/uploads\/2020\/09\/projetopack.png","width":200,"height":200,"caption":"ProjetoPack & Associados"},"image":{"@id":"https:\/\/projetopack.com.br\/#\/schema\/logo\/image\/"},"sameAs":["https:\/\/x.com\/ProjetoPack","https:\/\/www.linkedin.com\/company\/projetopack\/"]},{"@type":"Person","@id":"https:\/\/projetopack.com.br\/#\/schema\/person\/d17c72a4bc2b7e461496dd8a14d4cef1","name":"Andrea","image":{"@type":"ImageObject","inLanguage":"en-US","@id":"https:\/\/projetopack.com.br\/#\/schema\/person\/image\/","url":"https:\/\/projetopack.com.br\/wp-content\/uploads\/2026\/03\/eu-150x150.jpg","contentUrl":"https:\/\/projetopack.com.br\/wp-content\/uploads\/2026\/03\/eu-150x150.jpg","caption":"Andrea"},"url":"https:\/\/projetopack.com.br\/en\/author\/andrea\/"}]}},"_links":{"self":[{"href":"https:\/\/projetopack.com.br\/en\/wp-json\/wp\/v2\/posts\/10807","targetHints":{"allow":["GET"]}}],"collection":[{"href":"https:\/\/projetopack.com.br\/en\/wp-json\/wp\/v2\/posts"}],"about":[{"href":"https:\/\/projetopack.com.br\/en\/wp-json\/wp\/v2\/types\/post"}],"author":[{"embeddable":true,"href":"https:\/\/projetopack.com.br\/en\/wp-json\/wp\/v2\/users\/18"}],"replies":[{"embeddable":true,"href":"https:\/\/projetopack.com.br\/en\/wp-json\/wp\/v2\/comments?post=10807"}],"version-history":[{"count":0,"href":"https:\/\/projetopack.com.br\/en\/wp-json\/wp\/v2\/posts\/10807\/revisions"}],"wp:featuredmedia":[{"embeddable":true,"href":"https:\/\/projetopack.com.br\/en\/wp-json\/wp\/v2\/media\/10808"}],"wp:attachment":[{"href":"https:\/\/projetopack.com.br\/en\/wp-json\/wp\/v2\/media?parent=10807"}],"wp:term":[{"taxonomy":"category","embeddable":true,"href":"https:\/\/projetopack.com.br\/en\/wp-json\/wp\/v2\/categories?post=10807"},{"taxonomy":"post_tag","embeddable":true,"href":"https:\/\/projetopack.com.br\/en\/wp-json\/wp\/v2\/tags?post=10807"}],"curies":[{"name":"wp","href":"https:\/\/api.w.org\/{rel}","templated":true}]}}