{"id":10836,"date":"2021-04-22T13:56:46","date_gmt":"2021-04-22T16:56:46","guid":{"rendered":"https:\/\/www.projetopack.com.br\/?p=10836"},"modified":"2021-04-26T20:40:09","modified_gmt":"2021-04-26T23:40:09","slug":"kodak-adquire-ativos-da-divisao-de-ctp-da-ecrm","status":"publish","type":"post","link":"https:\/\/projetopack.com.br\/en\/kodak-adquire-ativos-da-divisao-de-ctp-da-ecrm\/","title":{"rendered":"Kodak adquire ativos da divis\u00e3o de CTP da ECRM"},"content":{"rendered":"<p>A <a href=\"https:\/\/www.br.eastman.com\/Pages\/Home.aspx\" target=\"_blank\" rel=\"noreferrer noopener\">Eastman Kodak<\/a> anunciou hoje que adquiriu os ativos do neg\u00f3cio de CTP (<em>computer-to-plate<\/em>) da ECRM Incorporated para as ind\u00fastrias de artes gr\u00e1ficas e jornais. Com sede em Massachusetts, a ECRM \u00e9 uma fabricante de classe mundial e l\u00edder global em tecnologias de imagem para a ind\u00fastria de comunica\u00e7\u00f5es gr\u00e1ficas. A transa\u00e7\u00e3o inclui o equipamento, contratos, estoque e propriedade intelectual do neg\u00f3cio adquirido. Os termos financeiros da transa\u00e7\u00e3o n\u00e3o foram divulgados.<\/p>\n\n\n\n<p>A Kodak \u00e9 l\u00edder em impress\u00e3o comercial, oferecendo um portf\u00f3lio abrangente de solu\u00e7\u00f5es tradicionais e digitais que ajudam as gr\u00e1ficas a aumentar sua produtividade e lucratividade. <\/p>\n\n\n\n<p>Sendo assim, a aquisi\u00e7\u00e3o fortalecer\u00e1 ainda mais a posi\u00e7\u00e3o da Kodak no segmento CtP da ind\u00fastria de impress\u00e3o.<\/p>\n\n\n\n<figure class=\"wp-block-pullquote\"><blockquote><p>\u201cEsta aquisi\u00e7\u00e3o reflete o compromisso da Kodak com a ind\u00fastria de impress\u00e3o e nosso foco em investir no crescimento. Adquirir esses ativos de uma empresa impressionante como a ECRM nos torna um player ainda mais forte na categoria CTP. Continuaremos a buscar maneiras de atender melhor os clientes em todo o espectro da impress\u00e3o tradicional e digital.\u201d&nbsp;&nbsp;&nbsp;&nbsp;&nbsp;&nbsp;&nbsp;&nbsp;<\/p><cite>Jim Continenza, Presidente Executivo e CEO da Kodak<\/cite><\/blockquote><\/figure>\n\n\n\n<p>\u201cNo rastro de um ano desafiador de pandemia e no anivers\u00e1rio do 50\u00ba ano do ECRM, decidimos que este \u00e9 um bom momento para capitalizar nosso sucesso e, ainda, proteger e atender nossos muitos clientes de longo prazo com uma empresa estabelecida de porte, compet\u00eancia e recursos no segmento de CTP. Temos o prazer de, hoje, entregar os ativos da nossa empresa \u00e0 Kodak\u201d, disse <strong>Rick Black<\/strong>, Presidente e CEO da ECRM.<\/p>\n\n\n\n<p><strong>Leia mais sobre a Kodak em nosso site:<\/strong><br><a href=\"https:\/\/projetopack.com.br\/kodak-ha-100-anos-ajudando-a-registrar-o-melhor-do-brasil-em-imagens-de-alta-qualidade\/\">Kodak celebra 100 anos de Brasil<\/a><\/p>","protected":false},"excerpt":{"rendered":"<p>Kodak fortalece sua posi\u00e7\u00e3o no setor de CTP&#8217;s<\/p>","protected":false},"author":12,"featured_media":7324,"comment_status":"open","ping_status":"closed","sticky":false,"template":"","format":"standard","meta":{"footnotes":""},"categories":[782],"tags":[422,785,784,783],"class_list":["post-10836","post","type-post","status-publish","format-standard","has-post-thumbnail","hentry","category-fusoes-e-aquisicoes","tag-aquisicoes","tag-computer-to-plate","tag-ctp","tag-ecrm"],"yoast_head":"<!-- This site is optimized with the Yoast SEO Premium plugin v27.1 (Yoast SEO v27.1.1) - https:\/\/yoast.com\/product\/yoast-seo-premium-wordpress\/ -->\n<title>Kodak adquire ativos da divis\u00e3o de CTP da ECRM - ProjetoPack<\/title>\n<meta name=\"description\" content=\"A Eastman Kodak anunciou hoje que adquiriu os ativos do neg\u00f3cio de CtP (computer-to-plate) da ECRM Incorporated para as ind\u00fastrias de artes gr\u00e1ficas e jornais.\" \/>\n<meta name=\"robots\" content=\"index, follow, max-snippet:-1, max-image-preview:large, max-video-preview:-1\" \/>\n<link rel=\"canonical\" href=\"https:\/\/projetopack.com.br\/en\/kodak-adquire-ativos-da-divisao-de-ctp-da-ecrm\/\" \/>\n<meta property=\"og:locale\" content=\"en_US\" \/>\n<meta property=\"og:type\" content=\"article\" \/>\n<meta property=\"og:title\" content=\"Kodak adquire ativos da divis\u00e3o de CTP da ECRM\" \/>\n<meta property=\"og:description\" content=\"A Eastman Kodak anunciou hoje que adquiriu os ativos do neg\u00f3cio de CtP (computer-to-plate) da ECRM Incorporated para as ind\u00fastrias de artes gr\u00e1ficas e jornais.\" \/>\n<meta property=\"og:url\" content=\"https:\/\/projetopack.com.br\/en\/kodak-adquire-ativos-da-divisao-de-ctp-da-ecrm\/\" \/>\n<meta property=\"og:site_name\" content=\"ProjetoPack\" \/>\n<meta property=\"article:published_time\" content=\"2021-04-22T16:56:46+00:00\" \/>\n<meta property=\"article:modified_time\" content=\"2021-04-26T23:40:09+00:00\" \/>\n<meta property=\"og:image\" content=\"https:\/\/projetopack.com.br\/wp-content\/uploads\/2020\/09\/kodak-logo-nova.jpg\" \/>\n\t<meta property=\"og:image:width\" content=\"864\" \/>\n\t<meta property=\"og:image:height\" content=\"842\" \/>\n\t<meta property=\"og:image:type\" content=\"image\/jpeg\" \/>\n<meta name=\"author\" content=\"Murilo Pinto Pereira\" \/>\n<meta name=\"twitter:card\" content=\"summary_large_image\" \/>\n<meta name=\"twitter:creator\" content=\"@ProjetoPack\" \/>\n<meta name=\"twitter:site\" content=\"@ProjetoPack\" \/>\n<meta name=\"twitter:label1\" content=\"Written by\" \/>\n\t<meta name=\"twitter:data1\" content=\"Murilo Pinto Pereira\" \/>\n\t<meta name=\"twitter:label2\" content=\"Est. reading time\" \/>\n\t<meta name=\"twitter:data2\" content=\"2 minutes\" \/>\n<script type=\"application\/ld+json\" class=\"yoast-schema-graph\">{\"@context\":\"https:\/\/schema.org\",\"@graph\":[{\"@type\":\"Article\",\"@id\":\"https:\/\/projetopack.com.br\/en\/kodak-adquire-ativos-da-divisao-de-ctp-da-ecrm\/#article\",\"isPartOf\":{\"@id\":\"https:\/\/projetopack.com.br\/en\/kodak-adquire-ativos-da-divisao-de-ctp-da-ecrm\/\"},\"author\":{\"name\":\"Murilo Pinto Pereira\",\"@id\":\"https:\/\/projetopack.com.br\/#\/schema\/person\/6e860f8340d3f2e089f05382c00b3e4b\"},\"headline\":\"Kodak adquire ativos da divis\u00e3o de CTP da ECRM\",\"datePublished\":\"2021-04-22T16:56:46+00:00\",\"dateModified\":\"2021-04-26T23:40:09+00:00\",\"mainEntityOfPage\":{\"@id\":\"https:\/\/projetopack.com.br\/en\/kodak-adquire-ativos-da-divisao-de-ctp-da-ecrm\/\"},\"wordCount\":304,\"commentCount\":0,\"publisher\":{\"@id\":\"https:\/\/projetopack.com.br\/#organization\"},\"image\":{\"@id\":\"https:\/\/projetopack.com.br\/en\/kodak-adquire-ativos-da-divisao-de-ctp-da-ecrm\/#primaryimage\"},\"thumbnailUrl\":\"https:\/\/projetopack.com.br\/wp-content\/uploads\/2020\/09\/kodak-logo-nova.jpg\",\"keywords\":[\"aquisi\u00e7\u00f5es\",\"computer-to-plate\",\"ctp\",\"ecrm\"],\"articleSection\":[\"Fus\u00f5es e aquisi\u00e7\u00f5es\"],\"inLanguage\":\"en-US\",\"potentialAction\":[{\"@type\":\"CommentAction\",\"name\":\"Comment\",\"target\":[\"https:\/\/projetopack.com.br\/en\/kodak-adquire-ativos-da-divisao-de-ctp-da-ecrm\/#respond\"]}]},{\"@type\":\"WebPage\",\"@id\":\"https:\/\/projetopack.com.br\/en\/kodak-adquire-ativos-da-divisao-de-ctp-da-ecrm\/\",\"url\":\"https:\/\/projetopack.com.br\/en\/kodak-adquire-ativos-da-divisao-de-ctp-da-ecrm\/\",\"name\":\"Kodak adquire ativos da divis\u00e3o de CTP da ECRM - ProjetoPack\",\"isPartOf\":{\"@id\":\"https:\/\/projetopack.com.br\/#website\"},\"primaryImageOfPage\":{\"@id\":\"https:\/\/projetopack.com.br\/en\/kodak-adquire-ativos-da-divisao-de-ctp-da-ecrm\/#primaryimage\"},\"image\":{\"@id\":\"https:\/\/projetopack.com.br\/en\/kodak-adquire-ativos-da-divisao-de-ctp-da-ecrm\/#primaryimage\"},\"thumbnailUrl\":\"https:\/\/projetopack.com.br\/wp-content\/uploads\/2020\/09\/kodak-logo-nova.jpg\",\"datePublished\":\"2021-04-22T16:56:46+00:00\",\"dateModified\":\"2021-04-26T23:40:09+00:00\",\"description\":\"A Eastman Kodak anunciou hoje que adquiriu os ativos do neg\u00f3cio de CtP (computer-to-plate) da ECRM Incorporated para as ind\u00fastrias de artes gr\u00e1ficas e jornais.\",\"breadcrumb\":{\"@id\":\"https:\/\/projetopack.com.br\/en\/kodak-adquire-ativos-da-divisao-de-ctp-da-ecrm\/#breadcrumb\"},\"inLanguage\":\"en-US\",\"potentialAction\":[{\"@type\":\"ReadAction\",\"target\":[\"https:\/\/projetopack.com.br\/en\/kodak-adquire-ativos-da-divisao-de-ctp-da-ecrm\/\"]}]},{\"@type\":\"ImageObject\",\"inLanguage\":\"en-US\",\"@id\":\"https:\/\/projetopack.com.br\/en\/kodak-adquire-ativos-da-divisao-de-ctp-da-ecrm\/#primaryimage\",\"url\":\"https:\/\/projetopack.com.br\/wp-content\/uploads\/2020\/09\/kodak-logo-nova.jpg\",\"contentUrl\":\"https:\/\/projetopack.com.br\/wp-content\/uploads\/2020\/09\/kodak-logo-nova.jpg\",\"width\":864,\"height\":842,\"caption\":\"logotipo da kodak\"},{\"@type\":\"BreadcrumbList\",\"@id\":\"https:\/\/projetopack.com.br\/en\/kodak-adquire-ativos-da-divisao-de-ctp-da-ecrm\/#breadcrumb\",\"itemListElement\":[{\"@type\":\"ListItem\",\"position\":1,\"name\":\"P\u00e1gina Inicial\",\"item\":\"https:\/\/projetopack.com.br\/\"},{\"@type\":\"ListItem\",\"position\":2,\"name\":\"Fus\u00f5es e aquisi\u00e7\u00f5es\",\"item\":\"https:\/\/projetopack.com.br\/en\/category\/fusoes-e-aquisicoes\/\"},{\"@type\":\"ListItem\",\"position\":3,\"name\":\"Kodak adquire ativos da divis\u00e3o de CTP da ECRM\"}]},{\"@type\":\"WebSite\",\"@id\":\"https:\/\/projetopack.com.br\/#website\",\"url\":\"https:\/\/projetopack.com.br\/\",\"name\":\"ProjetoPack\",\"description\":\"Consultoria e servi\u00e7os para embalagens, r\u00f3tulos, etiquetas e processos de impress\u00e3o\",\"publisher\":{\"@id\":\"https:\/\/projetopack.com.br\/#organization\"},\"potentialAction\":[{\"@type\":\"SearchAction\",\"target\":{\"@type\":\"EntryPoint\",\"urlTemplate\":\"https:\/\/projetopack.com.br\/?s={search_term_string}\"},\"query-input\":{\"@type\":\"PropertyValueSpecification\",\"valueRequired\":true,\"valueName\":\"search_term_string\"}}],\"inLanguage\":\"en-US\"},{\"@type\":\"Organization\",\"@id\":\"https:\/\/projetopack.com.br\/#organization\",\"name\":\"ProjetoPack & Associados\",\"url\":\"https:\/\/projetopack.com.br\/\",\"logo\":{\"@type\":\"ImageObject\",\"inLanguage\":\"en-US\",\"@id\":\"https:\/\/projetopack.com.br\/#\/schema\/logo\/image\/\",\"url\":\"https:\/\/projetopack.com.br\/wp-content\/uploads\/2020\/09\/projetopack.png\",\"contentUrl\":\"https:\/\/projetopack.com.br\/wp-content\/uploads\/2020\/09\/projetopack.png\",\"width\":200,\"height\":200,\"caption\":\"ProjetoPack & Associados\"},\"image\":{\"@id\":\"https:\/\/projetopack.com.br\/#\/schema\/logo\/image\/\"},\"sameAs\":[\"https:\/\/x.com\/ProjetoPack\",\"https:\/\/www.linkedin.com\/company\/projetopack\/\"]},{\"@type\":\"Person\",\"@id\":\"https:\/\/projetopack.com.br\/#\/schema\/person\/6e860f8340d3f2e089f05382c00b3e4b\",\"name\":\"Murilo Pinto Pereira\",\"image\":{\"@type\":\"ImageObject\",\"inLanguage\":\"en-US\",\"@id\":\"https:\/\/projetopack.com.br\/#\/schema\/person\/image\/\",\"url\":\"https:\/\/secure.gravatar.com\/avatar\/e88bd6a2108abef484e059b32103eaab8e51ed452ebb33926c80dea054c7e6c7?s=96&d=mm&r=g\",\"contentUrl\":\"https:\/\/secure.gravatar.com\/avatar\/e88bd6a2108abef484e059b32103eaab8e51ed452ebb33926c80dea054c7e6c7?s=96&d=mm&r=g\",\"caption\":\"Murilo Pinto Pereira\"},\"sameAs\":[\"http:\/\/murilopereira.com.br\/\"],\"url\":\"https:\/\/projetopack.com.br\/en\/author\/murilo\/\"}]}<\/script>\n<!-- \/ Yoast SEO Premium plugin. -->","yoast_head_json":{"title":"Kodak adquire ativos da divis\u00e3o de CTP da ECRM - ProjetoPack","description":"A Eastman Kodak anunciou hoje que adquiriu os ativos do neg\u00f3cio de CtP (computer-to-plate) da ECRM Incorporated para as ind\u00fastrias de artes gr\u00e1ficas e jornais.","robots":{"index":"index","follow":"follow","max-snippet":"max-snippet:-1","max-image-preview":"max-image-preview:large","max-video-preview":"max-video-preview:-1"},"canonical":"https:\/\/projetopack.com.br\/en\/kodak-adquire-ativos-da-divisao-de-ctp-da-ecrm\/","og_locale":"en_US","og_type":"article","og_title":"Kodak adquire ativos da divis\u00e3o de CTP da ECRM","og_description":"A Eastman Kodak anunciou hoje que adquiriu os ativos do neg\u00f3cio de CtP (computer-to-plate) da ECRM Incorporated para as ind\u00fastrias de artes gr\u00e1ficas e jornais.","og_url":"https:\/\/projetopack.com.br\/en\/kodak-adquire-ativos-da-divisao-de-ctp-da-ecrm\/","og_site_name":"ProjetoPack","article_published_time":"2021-04-22T16:56:46+00:00","article_modified_time":"2021-04-26T23:40:09+00:00","og_image":[{"width":864,"height":842,"url":"https:\/\/projetopack.com.br\/wp-content\/uploads\/2020\/09\/kodak-logo-nova.jpg","type":"image\/jpeg"}],"author":"Murilo Pinto Pereira","twitter_card":"summary_large_image","twitter_creator":"@ProjetoPack","twitter_site":"@ProjetoPack","twitter_misc":{"Written by":"Murilo Pinto Pereira","Est. reading time":"2 minutes"},"schema":{"@context":"https:\/\/schema.org","@graph":[{"@type":"Article","@id":"https:\/\/projetopack.com.br\/en\/kodak-adquire-ativos-da-divisao-de-ctp-da-ecrm\/#article","isPartOf":{"@id":"https:\/\/projetopack.com.br\/en\/kodak-adquire-ativos-da-divisao-de-ctp-da-ecrm\/"},"author":{"name":"Murilo Pinto Pereira","@id":"https:\/\/projetopack.com.br\/#\/schema\/person\/6e860f8340d3f2e089f05382c00b3e4b"},"headline":"Kodak adquire ativos da divis\u00e3o de CTP da ECRM","datePublished":"2021-04-22T16:56:46+00:00","dateModified":"2021-04-26T23:40:09+00:00","mainEntityOfPage":{"@id":"https:\/\/projetopack.com.br\/en\/kodak-adquire-ativos-da-divisao-de-ctp-da-ecrm\/"},"wordCount":304,"commentCount":0,"publisher":{"@id":"https:\/\/projetopack.com.br\/#organization"},"image":{"@id":"https:\/\/projetopack.com.br\/en\/kodak-adquire-ativos-da-divisao-de-ctp-da-ecrm\/#primaryimage"},"thumbnailUrl":"https:\/\/projetopack.com.br\/wp-content\/uploads\/2020\/09\/kodak-logo-nova.jpg","keywords":["aquisi\u00e7\u00f5es","computer-to-plate","ctp","ecrm"],"articleSection":["Fus\u00f5es e aquisi\u00e7\u00f5es"],"inLanguage":"en-US","potentialAction":[{"@type":"CommentAction","name":"Comment","target":["https:\/\/projetopack.com.br\/en\/kodak-adquire-ativos-da-divisao-de-ctp-da-ecrm\/#respond"]}]},{"@type":"WebPage","@id":"https:\/\/projetopack.com.br\/en\/kodak-adquire-ativos-da-divisao-de-ctp-da-ecrm\/","url":"https:\/\/projetopack.com.br\/en\/kodak-adquire-ativos-da-divisao-de-ctp-da-ecrm\/","name":"Kodak adquire ativos da divis\u00e3o de CTP da ECRM - ProjetoPack","isPartOf":{"@id":"https:\/\/projetopack.com.br\/#website"},"primaryImageOfPage":{"@id":"https:\/\/projetopack.com.br\/en\/kodak-adquire-ativos-da-divisao-de-ctp-da-ecrm\/#primaryimage"},"image":{"@id":"https:\/\/projetopack.com.br\/en\/kodak-adquire-ativos-da-divisao-de-ctp-da-ecrm\/#primaryimage"},"thumbnailUrl":"https:\/\/projetopack.com.br\/wp-content\/uploads\/2020\/09\/kodak-logo-nova.jpg","datePublished":"2021-04-22T16:56:46+00:00","dateModified":"2021-04-26T23:40:09+00:00","description":"A Eastman Kodak anunciou hoje que adquiriu os ativos do neg\u00f3cio de CtP (computer-to-plate) da ECRM Incorporated para as ind\u00fastrias de artes gr\u00e1ficas e jornais.","breadcrumb":{"@id":"https:\/\/projetopack.com.br\/en\/kodak-adquire-ativos-da-divisao-de-ctp-da-ecrm\/#breadcrumb"},"inLanguage":"en-US","potentialAction":[{"@type":"ReadAction","target":["https:\/\/projetopack.com.br\/en\/kodak-adquire-ativos-da-divisao-de-ctp-da-ecrm\/"]}]},{"@type":"ImageObject","inLanguage":"en-US","@id":"https:\/\/projetopack.com.br\/en\/kodak-adquire-ativos-da-divisao-de-ctp-da-ecrm\/#primaryimage","url":"https:\/\/projetopack.com.br\/wp-content\/uploads\/2020\/09\/kodak-logo-nova.jpg","contentUrl":"https:\/\/projetopack.com.br\/wp-content\/uploads\/2020\/09\/kodak-logo-nova.jpg","width":864,"height":842,"caption":"logotipo da kodak"},{"@type":"BreadcrumbList","@id":"https:\/\/projetopack.com.br\/en\/kodak-adquire-ativos-da-divisao-de-ctp-da-ecrm\/#breadcrumb","itemListElement":[{"@type":"ListItem","position":1,"name":"P\u00e1gina Inicial","item":"https:\/\/projetopack.com.br\/"},{"@type":"ListItem","position":2,"name":"Fus\u00f5es e aquisi\u00e7\u00f5es","item":"https:\/\/projetopack.com.br\/en\/category\/fusoes-e-aquisicoes\/"},{"@type":"ListItem","position":3,"name":"Kodak adquire ativos da divis\u00e3o de CTP da ECRM"}]},{"@type":"WebSite","@id":"https:\/\/projetopack.com.br\/#website","url":"https:\/\/projetopack.com.br\/","name":"ProjetoPack","description":"Consultoria e servi\u00e7os para embalagens, r\u00f3tulos, etiquetas e processos de impress\u00e3o","publisher":{"@id":"https:\/\/projetopack.com.br\/#organization"},"potentialAction":[{"@type":"SearchAction","target":{"@type":"EntryPoint","urlTemplate":"https:\/\/projetopack.com.br\/?s={search_term_string}"},"query-input":{"@type":"PropertyValueSpecification","valueRequired":true,"valueName":"search_term_string"}}],"inLanguage":"en-US"},{"@type":"Organization","@id":"https:\/\/projetopack.com.br\/#organization","name":"ProjetoPack & Associados","url":"https:\/\/projetopack.com.br\/","logo":{"@type":"ImageObject","inLanguage":"en-US","@id":"https:\/\/projetopack.com.br\/#\/schema\/logo\/image\/","url":"https:\/\/projetopack.com.br\/wp-content\/uploads\/2020\/09\/projetopack.png","contentUrl":"https:\/\/projetopack.com.br\/wp-content\/uploads\/2020\/09\/projetopack.png","width":200,"height":200,"caption":"ProjetoPack & Associados"},"image":{"@id":"https:\/\/projetopack.com.br\/#\/schema\/logo\/image\/"},"sameAs":["https:\/\/x.com\/ProjetoPack","https:\/\/www.linkedin.com\/company\/projetopack\/"]},{"@type":"Person","@id":"https:\/\/projetopack.com.br\/#\/schema\/person\/6e860f8340d3f2e089f05382c00b3e4b","name":"Murilo Pinto Pereira","image":{"@type":"ImageObject","inLanguage":"en-US","@id":"https:\/\/projetopack.com.br\/#\/schema\/person\/image\/","url":"https:\/\/secure.gravatar.com\/avatar\/e88bd6a2108abef484e059b32103eaab8e51ed452ebb33926c80dea054c7e6c7?s=96&d=mm&r=g","contentUrl":"https:\/\/secure.gravatar.com\/avatar\/e88bd6a2108abef484e059b32103eaab8e51ed452ebb33926c80dea054c7e6c7?s=96&d=mm&r=g","caption":"Murilo Pinto Pereira"},"sameAs":["http:\/\/murilopereira.com.br\/"],"url":"https:\/\/projetopack.com.br\/en\/author\/murilo\/"}]}},"_links":{"self":[{"href":"https:\/\/projetopack.com.br\/en\/wp-json\/wp\/v2\/posts\/10836","targetHints":{"allow":["GET"]}}],"collection":[{"href":"https:\/\/projetopack.com.br\/en\/wp-json\/wp\/v2\/posts"}],"about":[{"href":"https:\/\/projetopack.com.br\/en\/wp-json\/wp\/v2\/types\/post"}],"author":[{"embeddable":true,"href":"https:\/\/projetopack.com.br\/en\/wp-json\/wp\/v2\/users\/12"}],"replies":[{"embeddable":true,"href":"https:\/\/projetopack.com.br\/en\/wp-json\/wp\/v2\/comments?post=10836"}],"version-history":[{"count":0,"href":"https:\/\/projetopack.com.br\/en\/wp-json\/wp\/v2\/posts\/10836\/revisions"}],"wp:featuredmedia":[{"embeddable":true,"href":"https:\/\/projetopack.com.br\/en\/wp-json\/wp\/v2\/media\/7324"}],"wp:attachment":[{"href":"https:\/\/projetopack.com.br\/en\/wp-json\/wp\/v2\/media?parent=10836"}],"wp:term":[{"taxonomy":"category","embeddable":true,"href":"https:\/\/projetopack.com.br\/en\/wp-json\/wp\/v2\/categories?post=10836"},{"taxonomy":"post_tag","embeddable":true,"href":"https:\/\/projetopack.com.br\/en\/wp-json\/wp\/v2\/tags?post=10836"}],"curies":[{"name":"wp","href":"https:\/\/api.w.org\/{rel}","templated":true}]}}