{"id":10839,"date":"2021-04-22T14:18:49","date_gmt":"2021-04-22T17:18:49","guid":{"rendered":"https:\/\/www.projetopack.com.br\/?p=10839"},"modified":"2021-04-27T00:50:18","modified_gmt":"2021-04-27T03:50:18","slug":"durst-anuncia-p5-250-wt-para-o-segmento-de-embalagens-corrugadas","status":"publish","type":"post","link":"https:\/\/projetopack.com.br\/en\/durst-anuncia-p5-250-wt-para-o-segmento-de-embalagens-corrugadas\/","title":{"rendered":"Durst anuncia P5 250 WT para o segmento de embalagens corrugadas"},"content":{"rendered":"<p>A <strong><a href=\"https:\/\/www.durst-group.com\" target=\"_blank\" rel=\"noreferrer noopener\">Durst<\/a><\/strong> est\u00e1 ampliando sua fam\u00edlia de impressoras industriais da s\u00e9rie P5 com o an\u00fancio da nova <strong><a href=\"https:\/\/www.durst-group.com\/en\/product-finder\/product\/p5-250-wt\" target=\"_blank\" rel=\"noreferrer noopener\">P5 250 WT<\/a><\/strong>.<\/p>\n\n\n\n<figure class=\"wp-block-image size-full\"><img fetchpriority=\"high\" decoding=\"async\" width=\"2048\" height=\"2048\" src=\"https:\/\/projetopack.com.br\/wp-content\/uploads\/2021\/04\/P5-250-WT_Picture_Full-1-scaled.jpg\" alt=\"\" class=\"wp-image-10841\" srcset=\"https:\/\/projetopack.com.br\/wp-content\/uploads\/2021\/04\/P5-250-WT_Picture_Full-1-scaled.jpg 2048w, https:\/\/projetopack.com.br\/wp-content\/uploads\/2021\/04\/P5-250-WT_Picture_Full-1-scaled-300x300.jpg 300w, https:\/\/projetopack.com.br\/wp-content\/uploads\/2021\/04\/P5-250-WT_Picture_Full-1-scaled-100x100.jpg 100w, https:\/\/projetopack.com.br\/wp-content\/uploads\/2021\/04\/P5-250-WT_Picture_Full-1-scaled-600x600.jpg 600w, https:\/\/projetopack.com.br\/wp-content\/uploads\/2021\/04\/P5-250-WT_Picture_Full-1-1024x1024.jpg 1024w, https:\/\/projetopack.com.br\/wp-content\/uploads\/2021\/04\/P5-250-WT_Picture_Full-1-150x150.jpg 150w, https:\/\/projetopack.com.br\/wp-content\/uploads\/2021\/04\/P5-250-WT_Picture_Full-1-1536x1536.jpg 1536w\" sizes=\"(max-width: 2048px) 100vw, 2048px\" \/><\/figure>\n\n\n\n<p>O equipamento une <strong>a qualidade Premium da nova gera\u00e7\u00e3o da tecnologia de impress\u00e3o Durst<\/strong> com o sistema de cura UV LED, e o <strong>conceito Water Technology<\/strong>, que utiliza tintas base d\u2019\u00e1gua certificadas pelo UL-Ecologo e REACH por serem livres de odores, n\u00e3o usarem \u00f3leo mineral, n\u00e3o emitirem subst\u00e2ncias nocivas ao meio ambiente, poderem entrar em contato com alimentos.<\/p>\n\n\n\n<p>Isso abre novas possibilidades de aplica\u00e7\u00f5es de embalagens para o segmento aliment\u00edcio e facilita a reciclagem dos materiais ap\u00f3s descarte.<\/p>\n\n\n\n<figure class=\"wp-block-pullquote\"><blockquote><p>Al\u00e9m disso, a P5 250 WT trabalha com consumo de energia at\u00e9 30% inferior em rela\u00e7\u00e3o \u00e0 antiga gera\u00e7\u00e3o, sem qualquer comprometimento de desempenho.<\/p><\/blockquote><\/figure>\n\n\n\n<p>Voltado aos segmentos de embalagens corrugadas e displays, o equipamento est\u00e1 configurado para impress\u00e3o em at\u00e9 &nbsp;6 cores (CMYK + light cyan e light magenta) para reproduzir assim imagens mais vivas e com \u00f3tima defini\u00e7\u00e3o, possui painel touch para configura\u00e7\u00e3o no corpo da pr\u00f3pria m\u00e1quina, e pode ser integrada ao sistema de automa\u00e7\u00e3o em linha <strong>Durst Automat<\/strong>, que permite trabalhar com dois diferentes produtos ao mesmo tempo com posicionamento e registro perfeito de m\u00eddia, e sa\u00edda e empilhamento automatizados sem qualquer interven\u00e7\u00e3o manual.<\/p>\n\n\n\n<p class=\"has-cyan-bluish-gray-background-color has-background\">Sua velocidade atende aos mais exigentes ambientes de produ\u00e7\u00e3o, atingindo at\u00e9 345 m\u00b2\/minuto (modo High Speed) e resolu\u00e7\u00f5es que chegam a at\u00e9 1000 x 800 dpi para imprimir em m\u00e1xima qualidade e defini\u00e7\u00e3o.<\/p>\n\n\n\n<p>Tamb\u00e9m pode ser integrado \u00e0s principais ferramentas de software Durst, como o <strong>Durst Workflow<\/strong> (para gerenciamento de fluxo de trabalho), <strong>Durst Analytics<\/strong> (para an\u00e1lise transparente e facilitada do status de produ\u00e7\u00e3o e das condi\u00e7\u00f5es do equipamento) e <strong>Durst Smart Shop.<\/strong><\/p>\n\n\n\n<p><strong>Saiba mais sobre a Durst:<\/strong><br><a href=\"https:\/\/projetopack.com.br\/o-que-aprendemos-na-setima-entrevista-do-programa-packcast-com-a-durst\/\">Entrevista com diretor da Durst do Brasil<\/a><br><\/p>","protected":false},"excerpt":{"rendered":"<p>Equipamento vai ao encontro das variadas demandas de produ\u00e7\u00e3o e oferece n\u00edvel superior de economia de energia<\/p>","protected":false},"author":18,"featured_media":6544,"comment_status":"open","ping_status":"closed","sticky":false,"template":"","format":"standard","meta":{"footnotes":""},"categories":[458],"tags":[786,129,634,787],"class_list":["post-10839","post","type-post","status-publish","format-standard","has-post-thumbnail","hentry","category-lancamentos","tag-embalagens-de-papelao","tag-impressao-digital","tag-inkjet","tag-p5-250-wt"],"yoast_head":"<!-- This site is optimized with the Yoast SEO Premium plugin v27.1 (Yoast SEO v27.1.1) - https:\/\/yoast.com\/product\/yoast-seo-premium-wordpress\/ -->\n<title>Durst anuncia P5 250 WT para o segmento de embalagens corrugadas - ProjetoPack<\/title>\n<meta name=\"description\" content=\"A Durst est\u00e1 ampliando sua fam\u00edlia de impressoras industriais da s\u00e9rie P5 com o an\u00fancio da nova P5 250 WT.\" \/>\n<meta name=\"robots\" content=\"index, follow, max-snippet:-1, max-image-preview:large, max-video-preview:-1\" \/>\n<link rel=\"canonical\" href=\"https:\/\/projetopack.com.br\/en\/durst-anuncia-p5-250-wt-para-o-segmento-de-embalagens-corrugadas\/\" \/>\n<meta property=\"og:locale\" content=\"en_US\" \/>\n<meta property=\"og:type\" content=\"article\" \/>\n<meta property=\"og:title\" content=\"Durst anuncia P5 250 WT para o segmento de embalagens corrugadas\" \/>\n<meta property=\"og:description\" content=\"A Durst est\u00e1 ampliando sua fam\u00edlia de impressoras industriais da s\u00e9rie P5 com o an\u00fancio da nova P5 250 WT.\" \/>\n<meta property=\"og:url\" content=\"https:\/\/projetopack.com.br\/en\/durst-anuncia-p5-250-wt-para-o-segmento-de-embalagens-corrugadas\/\" \/>\n<meta property=\"og:site_name\" content=\"ProjetoPack\" \/>\n<meta property=\"article:published_time\" content=\"2021-04-22T17:18:49+00:00\" \/>\n<meta property=\"article:modified_time\" content=\"2021-04-27T03:50:18+00:00\" \/>\n<meta property=\"og:image\" content=\"https:\/\/projetopack.com.br\/wp-content\/uploads\/2020\/07\/durst.gif\" \/>\n\t<meta property=\"og:image:width\" content=\"111\" \/>\n\t<meta property=\"og:image:height\" content=\"84\" \/>\n\t<meta property=\"og:image:type\" content=\"image\/gif\" \/>\n<meta name=\"author\" content=\"Andrea\" \/>\n<meta name=\"twitter:card\" content=\"summary_large_image\" \/>\n<meta name=\"twitter:creator\" content=\"@ProjetoPack\" \/>\n<meta name=\"twitter:site\" content=\"@ProjetoPack\" \/>\n<meta name=\"twitter:label1\" content=\"Written by\" \/>\n\t<meta name=\"twitter:data1\" content=\"Andrea\" \/>\n\t<meta name=\"twitter:label2\" content=\"Est. reading time\" \/>\n\t<meta name=\"twitter:data2\" content=\"2 minutes\" \/>\n<script type=\"application\/ld+json\" class=\"yoast-schema-graph\">{\"@context\":\"https:\/\/schema.org\",\"@graph\":[{\"@type\":\"Article\",\"@id\":\"https:\/\/projetopack.com.br\/durst-anuncia-p5-250-wt-para-o-segmento-de-embalagens-corrugadas\/#article\",\"isPartOf\":{\"@id\":\"https:\/\/projetopack.com.br\/durst-anuncia-p5-250-wt-para-o-segmento-de-embalagens-corrugadas\/\"},\"author\":{\"name\":\"Andrea\",\"@id\":\"https:\/\/projetopack.com.br\/#\/schema\/person\/d17c72a4bc2b7e461496dd8a14d4cef1\"},\"headline\":\"Durst anuncia P5 250 WT para o segmento de embalagens corrugadas\",\"datePublished\":\"2021-04-22T17:18:49+00:00\",\"dateModified\":\"2021-04-27T03:50:18+00:00\",\"mainEntityOfPage\":{\"@id\":\"https:\/\/projetopack.com.br\/durst-anuncia-p5-250-wt-para-o-segmento-de-embalagens-corrugadas\/\"},\"wordCount\":325,\"commentCount\":0,\"publisher\":{\"@id\":\"https:\/\/projetopack.com.br\/#organization\"},\"image\":{\"@id\":\"https:\/\/projetopack.com.br\/durst-anuncia-p5-250-wt-para-o-segmento-de-embalagens-corrugadas\/#primaryimage\"},\"thumbnailUrl\":\"https:\/\/projetopack.com.br\/wp-content\/uploads\/2020\/07\/durst.gif\",\"keywords\":[\"embalagens de papel\u00e3o\",\"impress\u00e3o digital\",\"inkjet\",\"p5 250 wt\"],\"articleSection\":[\"Lan\u00e7amentos\"],\"inLanguage\":\"en-US\",\"potentialAction\":[{\"@type\":\"CommentAction\",\"name\":\"Comment\",\"target\":[\"https:\/\/projetopack.com.br\/durst-anuncia-p5-250-wt-para-o-segmento-de-embalagens-corrugadas\/#respond\"]}]},{\"@type\":\"WebPage\",\"@id\":\"https:\/\/projetopack.com.br\/durst-anuncia-p5-250-wt-para-o-segmento-de-embalagens-corrugadas\/\",\"url\":\"https:\/\/projetopack.com.br\/durst-anuncia-p5-250-wt-para-o-segmento-de-embalagens-corrugadas\/\",\"name\":\"Durst anuncia P5 250 WT para o segmento de embalagens corrugadas - ProjetoPack\",\"isPartOf\":{\"@id\":\"https:\/\/projetopack.com.br\/#website\"},\"primaryImageOfPage\":{\"@id\":\"https:\/\/projetopack.com.br\/durst-anuncia-p5-250-wt-para-o-segmento-de-embalagens-corrugadas\/#primaryimage\"},\"image\":{\"@id\":\"https:\/\/projetopack.com.br\/durst-anuncia-p5-250-wt-para-o-segmento-de-embalagens-corrugadas\/#primaryimage\"},\"thumbnailUrl\":\"https:\/\/projetopack.com.br\/wp-content\/uploads\/2020\/07\/durst.gif\",\"datePublished\":\"2021-04-22T17:18:49+00:00\",\"dateModified\":\"2021-04-27T03:50:18+00:00\",\"description\":\"A Durst est\u00e1 ampliando sua fam\u00edlia de impressoras industriais da s\u00e9rie P5 com o an\u00fancio da nova P5 250 WT.\",\"breadcrumb\":{\"@id\":\"https:\/\/projetopack.com.br\/durst-anuncia-p5-250-wt-para-o-segmento-de-embalagens-corrugadas\/#breadcrumb\"},\"inLanguage\":\"en-US\",\"potentialAction\":[{\"@type\":\"ReadAction\",\"target\":[\"https:\/\/projetopack.com.br\/durst-anuncia-p5-250-wt-para-o-segmento-de-embalagens-corrugadas\/\"]}]},{\"@type\":\"ImageObject\",\"inLanguage\":\"en-US\",\"@id\":\"https:\/\/projetopack.com.br\/durst-anuncia-p5-250-wt-para-o-segmento-de-embalagens-corrugadas\/#primaryimage\",\"url\":\"https:\/\/projetopack.com.br\/wp-content\/uploads\/2020\/07\/durst.gif\",\"contentUrl\":\"https:\/\/projetopack.com.br\/wp-content\/uploads\/2020\/07\/durst.gif\",\"width\":111,\"height\":84},{\"@type\":\"BreadcrumbList\",\"@id\":\"https:\/\/projetopack.com.br\/durst-anuncia-p5-250-wt-para-o-segmento-de-embalagens-corrugadas\/#breadcrumb\",\"itemListElement\":[{\"@type\":\"ListItem\",\"position\":1,\"name\":\"P\u00e1gina Inicial\",\"item\":\"https:\/\/projetopack.com.br\/\"},{\"@type\":\"ListItem\",\"position\":2,\"name\":\"Lan\u00e7amentos\",\"item\":\"https:\/\/projetopack.com.br\/category\/lancamentos\/\"},{\"@type\":\"ListItem\",\"position\":3,\"name\":\"Durst anuncia P5 250 WT para o segmento de embalagens corrugadas\"}]},{\"@type\":\"WebSite\",\"@id\":\"https:\/\/projetopack.com.br\/#website\",\"url\":\"https:\/\/projetopack.com.br\/\",\"name\":\"ProjetoPack\",\"description\":\"Consultoria e servi\u00e7os para embalagens, r\u00f3tulos, etiquetas e processos de impress\u00e3o\",\"publisher\":{\"@id\":\"https:\/\/projetopack.com.br\/#organization\"},\"potentialAction\":[{\"@type\":\"SearchAction\",\"target\":{\"@type\":\"EntryPoint\",\"urlTemplate\":\"https:\/\/projetopack.com.br\/?s={search_term_string}\"},\"query-input\":{\"@type\":\"PropertyValueSpecification\",\"valueRequired\":true,\"valueName\":\"search_term_string\"}}],\"inLanguage\":\"en-US\"},{\"@type\":\"Organization\",\"@id\":\"https:\/\/projetopack.com.br\/#organization\",\"name\":\"ProjetoPack & Associados\",\"url\":\"https:\/\/projetopack.com.br\/\",\"logo\":{\"@type\":\"ImageObject\",\"inLanguage\":\"en-US\",\"@id\":\"https:\/\/projetopack.com.br\/#\/schema\/logo\/image\/\",\"url\":\"https:\/\/projetopack.com.br\/wp-content\/uploads\/2020\/09\/projetopack.png\",\"contentUrl\":\"https:\/\/projetopack.com.br\/wp-content\/uploads\/2020\/09\/projetopack.png\",\"width\":200,\"height\":200,\"caption\":\"ProjetoPack & Associados\"},\"image\":{\"@id\":\"https:\/\/projetopack.com.br\/#\/schema\/logo\/image\/\"},\"sameAs\":[\"https:\/\/x.com\/ProjetoPack\",\"https:\/\/www.linkedin.com\/company\/projetopack\/\"]},{\"@type\":\"Person\",\"@id\":\"https:\/\/projetopack.com.br\/#\/schema\/person\/d17c72a4bc2b7e461496dd8a14d4cef1\",\"name\":\"Andrea\",\"image\":{\"@type\":\"ImageObject\",\"inLanguage\":\"en-US\",\"@id\":\"https:\/\/projetopack.com.br\/#\/schema\/person\/image\/\",\"url\":\"https:\/\/projetopack.com.br\/wp-content\/uploads\/2026\/03\/eu-150x150.jpg\",\"contentUrl\":\"https:\/\/projetopack.com.br\/wp-content\/uploads\/2026\/03\/eu-150x150.jpg\",\"caption\":\"Andrea\"},\"url\":\"https:\/\/projetopack.com.br\/en\/author\/andrea\/\"}]}<\/script>\n<!-- \/ Yoast SEO Premium plugin. -->","yoast_head_json":{"title":"Durst anuncia P5 250 WT para o segmento de embalagens corrugadas - ProjetoPack","description":"A Durst est\u00e1 ampliando sua fam\u00edlia de impressoras industriais da s\u00e9rie P5 com o an\u00fancio da nova P5 250 WT.","robots":{"index":"index","follow":"follow","max-snippet":"max-snippet:-1","max-image-preview":"max-image-preview:large","max-video-preview":"max-video-preview:-1"},"canonical":"https:\/\/projetopack.com.br\/en\/durst-anuncia-p5-250-wt-para-o-segmento-de-embalagens-corrugadas\/","og_locale":"en_US","og_type":"article","og_title":"Durst anuncia P5 250 WT para o segmento de embalagens corrugadas","og_description":"A Durst est\u00e1 ampliando sua fam\u00edlia de impressoras industriais da s\u00e9rie P5 com o an\u00fancio da nova P5 250 WT.","og_url":"https:\/\/projetopack.com.br\/en\/durst-anuncia-p5-250-wt-para-o-segmento-de-embalagens-corrugadas\/","og_site_name":"ProjetoPack","article_published_time":"2021-04-22T17:18:49+00:00","article_modified_time":"2021-04-27T03:50:18+00:00","og_image":[{"width":111,"height":84,"url":"https:\/\/projetopack.com.br\/wp-content\/uploads\/2020\/07\/durst.gif","type":"image\/gif"}],"author":"Andrea","twitter_card":"summary_large_image","twitter_creator":"@ProjetoPack","twitter_site":"@ProjetoPack","twitter_misc":{"Written by":"Andrea","Est. reading time":"2 minutes"},"schema":{"@context":"https:\/\/schema.org","@graph":[{"@type":"Article","@id":"https:\/\/projetopack.com.br\/durst-anuncia-p5-250-wt-para-o-segmento-de-embalagens-corrugadas\/#article","isPartOf":{"@id":"https:\/\/projetopack.com.br\/durst-anuncia-p5-250-wt-para-o-segmento-de-embalagens-corrugadas\/"},"author":{"name":"Andrea","@id":"https:\/\/projetopack.com.br\/#\/schema\/person\/d17c72a4bc2b7e461496dd8a14d4cef1"},"headline":"Durst anuncia P5 250 WT para o segmento de embalagens corrugadas","datePublished":"2021-04-22T17:18:49+00:00","dateModified":"2021-04-27T03:50:18+00:00","mainEntityOfPage":{"@id":"https:\/\/projetopack.com.br\/durst-anuncia-p5-250-wt-para-o-segmento-de-embalagens-corrugadas\/"},"wordCount":325,"commentCount":0,"publisher":{"@id":"https:\/\/projetopack.com.br\/#organization"},"image":{"@id":"https:\/\/projetopack.com.br\/durst-anuncia-p5-250-wt-para-o-segmento-de-embalagens-corrugadas\/#primaryimage"},"thumbnailUrl":"https:\/\/projetopack.com.br\/wp-content\/uploads\/2020\/07\/durst.gif","keywords":["embalagens de papel\u00e3o","impress\u00e3o digital","inkjet","p5 250 wt"],"articleSection":["Lan\u00e7amentos"],"inLanguage":"en-US","potentialAction":[{"@type":"CommentAction","name":"Comment","target":["https:\/\/projetopack.com.br\/durst-anuncia-p5-250-wt-para-o-segmento-de-embalagens-corrugadas\/#respond"]}]},{"@type":"WebPage","@id":"https:\/\/projetopack.com.br\/durst-anuncia-p5-250-wt-para-o-segmento-de-embalagens-corrugadas\/","url":"https:\/\/projetopack.com.br\/durst-anuncia-p5-250-wt-para-o-segmento-de-embalagens-corrugadas\/","name":"Durst anuncia P5 250 WT para o segmento de embalagens corrugadas - ProjetoPack","isPartOf":{"@id":"https:\/\/projetopack.com.br\/#website"},"primaryImageOfPage":{"@id":"https:\/\/projetopack.com.br\/durst-anuncia-p5-250-wt-para-o-segmento-de-embalagens-corrugadas\/#primaryimage"},"image":{"@id":"https:\/\/projetopack.com.br\/durst-anuncia-p5-250-wt-para-o-segmento-de-embalagens-corrugadas\/#primaryimage"},"thumbnailUrl":"https:\/\/projetopack.com.br\/wp-content\/uploads\/2020\/07\/durst.gif","datePublished":"2021-04-22T17:18:49+00:00","dateModified":"2021-04-27T03:50:18+00:00","description":"A Durst est\u00e1 ampliando sua fam\u00edlia de impressoras industriais da s\u00e9rie P5 com o an\u00fancio da nova P5 250 WT.","breadcrumb":{"@id":"https:\/\/projetopack.com.br\/durst-anuncia-p5-250-wt-para-o-segmento-de-embalagens-corrugadas\/#breadcrumb"},"inLanguage":"en-US","potentialAction":[{"@type":"ReadAction","target":["https:\/\/projetopack.com.br\/durst-anuncia-p5-250-wt-para-o-segmento-de-embalagens-corrugadas\/"]}]},{"@type":"ImageObject","inLanguage":"en-US","@id":"https:\/\/projetopack.com.br\/durst-anuncia-p5-250-wt-para-o-segmento-de-embalagens-corrugadas\/#primaryimage","url":"https:\/\/projetopack.com.br\/wp-content\/uploads\/2020\/07\/durst.gif","contentUrl":"https:\/\/projetopack.com.br\/wp-content\/uploads\/2020\/07\/durst.gif","width":111,"height":84},{"@type":"BreadcrumbList","@id":"https:\/\/projetopack.com.br\/durst-anuncia-p5-250-wt-para-o-segmento-de-embalagens-corrugadas\/#breadcrumb","itemListElement":[{"@type":"ListItem","position":1,"name":"P\u00e1gina Inicial","item":"https:\/\/projetopack.com.br\/"},{"@type":"ListItem","position":2,"name":"Lan\u00e7amentos","item":"https:\/\/projetopack.com.br\/category\/lancamentos\/"},{"@type":"ListItem","position":3,"name":"Durst anuncia P5 250 WT para o segmento de embalagens corrugadas"}]},{"@type":"WebSite","@id":"https:\/\/projetopack.com.br\/#website","url":"https:\/\/projetopack.com.br\/","name":"ProjetoPack","description":"Consultoria e servi\u00e7os para embalagens, r\u00f3tulos, etiquetas e processos de impress\u00e3o","publisher":{"@id":"https:\/\/projetopack.com.br\/#organization"},"potentialAction":[{"@type":"SearchAction","target":{"@type":"EntryPoint","urlTemplate":"https:\/\/projetopack.com.br\/?s={search_term_string}"},"query-input":{"@type":"PropertyValueSpecification","valueRequired":true,"valueName":"search_term_string"}}],"inLanguage":"en-US"},{"@type":"Organization","@id":"https:\/\/projetopack.com.br\/#organization","name":"ProjetoPack & Associados","url":"https:\/\/projetopack.com.br\/","logo":{"@type":"ImageObject","inLanguage":"en-US","@id":"https:\/\/projetopack.com.br\/#\/schema\/logo\/image\/","url":"https:\/\/projetopack.com.br\/wp-content\/uploads\/2020\/09\/projetopack.png","contentUrl":"https:\/\/projetopack.com.br\/wp-content\/uploads\/2020\/09\/projetopack.png","width":200,"height":200,"caption":"ProjetoPack & Associados"},"image":{"@id":"https:\/\/projetopack.com.br\/#\/schema\/logo\/image\/"},"sameAs":["https:\/\/x.com\/ProjetoPack","https:\/\/www.linkedin.com\/company\/projetopack\/"]},{"@type":"Person","@id":"https:\/\/projetopack.com.br\/#\/schema\/person\/d17c72a4bc2b7e461496dd8a14d4cef1","name":"Andrea","image":{"@type":"ImageObject","inLanguage":"en-US","@id":"https:\/\/projetopack.com.br\/#\/schema\/person\/image\/","url":"https:\/\/projetopack.com.br\/wp-content\/uploads\/2026\/03\/eu-150x150.jpg","contentUrl":"https:\/\/projetopack.com.br\/wp-content\/uploads\/2026\/03\/eu-150x150.jpg","caption":"Andrea"},"url":"https:\/\/projetopack.com.br\/en\/author\/andrea\/"}]}},"_links":{"self":[{"href":"https:\/\/projetopack.com.br\/en\/wp-json\/wp\/v2\/posts\/10839","targetHints":{"allow":["GET"]}}],"collection":[{"href":"https:\/\/projetopack.com.br\/en\/wp-json\/wp\/v2\/posts"}],"about":[{"href":"https:\/\/projetopack.com.br\/en\/wp-json\/wp\/v2\/types\/post"}],"author":[{"embeddable":true,"href":"https:\/\/projetopack.com.br\/en\/wp-json\/wp\/v2\/users\/18"}],"replies":[{"embeddable":true,"href":"https:\/\/projetopack.com.br\/en\/wp-json\/wp\/v2\/comments?post=10839"}],"version-history":[{"count":0,"href":"https:\/\/projetopack.com.br\/en\/wp-json\/wp\/v2\/posts\/10839\/revisions"}],"wp:featuredmedia":[{"embeddable":true,"href":"https:\/\/projetopack.com.br\/en\/wp-json\/wp\/v2\/media\/6544"}],"wp:attachment":[{"href":"https:\/\/projetopack.com.br\/en\/wp-json\/wp\/v2\/media?parent=10839"}],"wp:term":[{"taxonomy":"category","embeddable":true,"href":"https:\/\/projetopack.com.br\/en\/wp-json\/wp\/v2\/categories?post=10839"},{"taxonomy":"post_tag","embeddable":true,"href":"https:\/\/projetopack.com.br\/en\/wp-json\/wp\/v2\/tags?post=10839"}],"curies":[{"name":"wp","href":"https:\/\/api.w.org\/{rel}","templated":true}]}}