{"id":10846,"date":"2021-04-22T15:18:44","date_gmt":"2021-04-22T18:18:44","guid":{"rendered":"https:\/\/www.projetopack.com.br\/?p=10846"},"modified":"2021-04-26T20:54:03","modified_gmt":"2021-04-26T23:54:03","slug":"a-amcor-entra-no-mercado-de-impressao-digital","status":"publish","type":"post","link":"https:\/\/projetopack.com.br\/en\/a-amcor-entra-no-mercado-de-impressao-digital\/","title":{"rendered":"Amcor anuncia investimento na ePac"},"content":{"rendered":"<p>A <a href=\"https:\/\/www.amcor.com\/\" target=\"_blank\" rel=\"noreferrer noopener\">Amcor<\/a> entra no mercado de impress\u00e3o digital, ao <a href=\"https:\/\/www.amcor.com\/media\/news\/amcor-announces-strategic-investment-in-epac-flexible-packaging\" target=\"_blank\" rel=\"noreferrer noopener\">anunciar um investimento<\/a> estrat\u00e9gico na convertedora <a href=\"https:\/\/epacflexibles.com\/\" target=\"_blank\" rel=\"noreferrer noopener\">ePac Flexible Packaging<\/a>, l\u00edder mundial na impress\u00e3o de embalagens flex\u00edveis em tiragens curtas 100% digital. <\/p>\n\n\n\n<p>O investimento ser\u00e1 na ordem de <strong>USD 10 a 15 milh\u00f5es<\/strong>, o que inclui uma participa\u00e7\u00e3o minorit\u00e1ria na ePac Holdings LLC e financiamento de uma ou mais f\u00e1bricas para o grupo.<\/p>\n\n\n\n<figure class=\"wp-block-pullquote\"><blockquote><p>&#8220;Nosso investimento na ePac \u00e9 o primeiro desta natureza para a Amcor e prover\u00e1 grande oportunidade de aprendizado com esta start-up em franca expans\u00e3o&#8221;<\/p><cite><strong>ron delia<\/strong>, ceo da amcor<\/cite><\/blockquote><\/figure>\n\n\n\n<p class=\"has-cyan-bluish-gray-background-color has-background\">A ePac tem registrado um crescimento global incr\u00edvel, totalmente focada nas necessidades de lotes pequenos e m\u00e9dios dos donos das marcas, oferecendo um modelo de neg\u00f3cios \u00fanico, digital e escal\u00e1vel. Com 18 f\u00e1bricas plenamente operacionais e mais 5 em constru\u00e7\u00e3o, a empresa serve centenas de clientes ao redor do mundo e gera receitas anuais de aproximadamente USD 100 milh\u00f5es.<\/p>\n\n\n\n<p>&#8220;A ePAC \u00e9 um empreendimento dirigido pela tecnologia e provou sua habilidade em escalar rapidamente o neg\u00f3cio de embalagens flex\u00edveis, dobrando suas receitas a cada ano desde a sua forma\u00e7\u00e3o em 2016. Esta \u00e9 uma oportunidade excitante para ambas as empresas que se beneficiar\u00e1 da combina\u00e7\u00e3o das tecnologias inovadoras e modelos de neg\u00f3cio bem como do grande expertise do l\u00edder do setor. Estamos vislumbrando grandes oportunidades de trabalho com o time da ePac fruto dessa parceria no futuro&#8221;, conclui <strong>Ian Wilson<\/strong>, VP da Amcor.<\/p>\n\n\n\n<p><strong>Leia mais sobre a Amcor em nosso site:<\/strong><br><a href=\"https:\/\/projetopack.com.br\/amcor-adquire-sul-americana-alusa-por-usd-435-milhoes\/\">Amcor adquire Alusa por USD 435 milh\u00f5es<\/a><br><a href=\"https:\/\/projetopack.com.br\/amcor-limited-e-bemis-company-inc-aprovam-acordo-de-us-68-bilhoes-na-combinacao-de-todas-as-acoes\/\">Amcor e Bemis aprovam acordo de USD 68 bi para combinar a\u00e7\u00f5es<\/a><\/p>","protected":false},"excerpt":{"rendered":"<p>A Amcor entra no mercado de impress\u00e3o digital, ao anunciar um investimento estrat\u00e9gico na convertedora ePac Flexible Packaging, l\u00edder mundial na impress\u00e3o de embalagens flex\u00edveis em tiragens curtas 100% digital. O investimento ser\u00e1 na ordem de USD 10 a 15 milh\u00f5es, o que inclui uma participa\u00e7\u00e3o minorit\u00e1ria na ePac Holdings LLC e financiamento de uma [&hellip;]<\/p>\n","protected":false},"author":18,"featured_media":10847,"comment_status":"open","ping_status":"closed","sticky":false,"template":"","format":"standard","meta":{"footnotes":""},"categories":[782],"tags":[431,422,790,129],"class_list":["post-10846","post","type-post","status-publish","format-standard","has-post-thumbnail","hentry","category-fusoes-e-aquisicoes","tag-amcor","tag-aquisicoes","tag-epac","tag-impressao-digital"],"yoast_head":"<!-- This site is optimized with the Yoast SEO Premium plugin v27.1 (Yoast SEO v27.1.1) - https:\/\/yoast.com\/product\/yoast-seo-premium-wordpress\/ -->\n<title>Amcor anuncia investimento na ePac - ProjetoPack<\/title>\n<meta name=\"description\" content=\"Amcor entra no mercado de impress\u00e3o digital ao anunciar investimento minorit\u00e1rio na ePac. Saiba mais.\" \/>\n<meta name=\"robots\" content=\"index, follow, max-snippet:-1, max-image-preview:large, max-video-preview:-1\" \/>\n<link rel=\"canonical\" href=\"https:\/\/projetopack.com.br\/en\/a-amcor-entra-no-mercado-de-impressao-digital\/\" \/>\n<meta property=\"og:locale\" content=\"en_US\" \/>\n<meta property=\"og:type\" content=\"article\" \/>\n<meta property=\"og:title\" content=\"Amcor anuncia investimento na ePac\" \/>\n<meta property=\"og:description\" content=\"Amcor entra no mercado de impress\u00e3o digital ao anunciar investimento minorit\u00e1rio na ePac. Saiba mais.\" \/>\n<meta property=\"og:url\" content=\"https:\/\/projetopack.com.br\/en\/a-amcor-entra-no-mercado-de-impressao-digital\/\" \/>\n<meta property=\"og:site_name\" content=\"ProjetoPack\" \/>\n<meta property=\"article:published_time\" content=\"2021-04-22T18:18:44+00:00\" \/>\n<meta property=\"article:modified_time\" content=\"2021-04-26T23:54:03+00:00\" \/>\n<meta property=\"og:image\" content=\"https:\/\/projetopack.com.br\/wp-content\/uploads\/2021\/04\/Screen-Shot-2021-04-20-at-19.56.19.png\" \/>\n\t<meta property=\"og:image:width\" content=\"1363\" \/>\n\t<meta property=\"og:image:height\" content=\"1035\" \/>\n\t<meta property=\"og:image:type\" content=\"image\/png\" \/>\n<meta name=\"author\" content=\"Andrea\" \/>\n<meta name=\"twitter:card\" content=\"summary_large_image\" \/>\n<meta name=\"twitter:creator\" content=\"@ProjetoPack\" \/>\n<meta name=\"twitter:site\" content=\"@ProjetoPack\" \/>\n<meta name=\"twitter:label1\" content=\"Written by\" \/>\n\t<meta name=\"twitter:data1\" content=\"Andrea\" \/>\n\t<meta name=\"twitter:label2\" content=\"Est. reading time\" \/>\n\t<meta name=\"twitter:data2\" content=\"2 minutes\" \/>\n<script type=\"application\/ld+json\" class=\"yoast-schema-graph\">{\"@context\":\"https:\/\/schema.org\",\"@graph\":[{\"@type\":\"Article\",\"@id\":\"https:\/\/projetopack.com.br\/en\/a-amcor-entra-no-mercado-de-impressao-digital\/#article\",\"isPartOf\":{\"@id\":\"https:\/\/projetopack.com.br\/en\/a-amcor-entra-no-mercado-de-impressao-digital\/\"},\"author\":{\"name\":\"Andrea\",\"@id\":\"https:\/\/projetopack.com.br\/#\/schema\/person\/d17c72a4bc2b7e461496dd8a14d4cef1\"},\"headline\":\"Amcor anuncia investimento na ePac\",\"datePublished\":\"2021-04-22T18:18:44+00:00\",\"dateModified\":\"2021-04-26T23:54:03+00:00\",\"mainEntityOfPage\":{\"@id\":\"https:\/\/projetopack.com.br\/en\/a-amcor-entra-no-mercado-de-impressao-digital\/\"},\"wordCount\":278,\"commentCount\":0,\"publisher\":{\"@id\":\"https:\/\/projetopack.com.br\/#organization\"},\"image\":{\"@id\":\"https:\/\/projetopack.com.br\/en\/a-amcor-entra-no-mercado-de-impressao-digital\/#primaryimage\"},\"thumbnailUrl\":\"https:\/\/projetopack.com.br\/wp-content\/uploads\/2021\/04\/Screen-Shot-2021-04-20-at-19.56.19.png\",\"keywords\":[\"amcor\",\"aquisi\u00e7\u00f5es\",\"epac\",\"impress\u00e3o digital\"],\"articleSection\":[\"Fus\u00f5es e aquisi\u00e7\u00f5es\"],\"inLanguage\":\"en-US\",\"potentialAction\":[{\"@type\":\"CommentAction\",\"name\":\"Comment\",\"target\":[\"https:\/\/projetopack.com.br\/en\/a-amcor-entra-no-mercado-de-impressao-digital\/#respond\"]}]},{\"@type\":\"WebPage\",\"@id\":\"https:\/\/projetopack.com.br\/en\/a-amcor-entra-no-mercado-de-impressao-digital\/\",\"url\":\"https:\/\/projetopack.com.br\/en\/a-amcor-entra-no-mercado-de-impressao-digital\/\",\"name\":\"Amcor anuncia investimento na ePac - ProjetoPack\",\"isPartOf\":{\"@id\":\"https:\/\/projetopack.com.br\/#website\"},\"primaryImageOfPage\":{\"@id\":\"https:\/\/projetopack.com.br\/en\/a-amcor-entra-no-mercado-de-impressao-digital\/#primaryimage\"},\"image\":{\"@id\":\"https:\/\/projetopack.com.br\/en\/a-amcor-entra-no-mercado-de-impressao-digital\/#primaryimage\"},\"thumbnailUrl\":\"https:\/\/projetopack.com.br\/wp-content\/uploads\/2021\/04\/Screen-Shot-2021-04-20-at-19.56.19.png\",\"datePublished\":\"2021-04-22T18:18:44+00:00\",\"dateModified\":\"2021-04-26T23:54:03+00:00\",\"description\":\"Amcor entra no mercado de impress\u00e3o digital ao anunciar investimento minorit\u00e1rio na ePac. Saiba mais.\",\"breadcrumb\":{\"@id\":\"https:\/\/projetopack.com.br\/en\/a-amcor-entra-no-mercado-de-impressao-digital\/#breadcrumb\"},\"inLanguage\":\"en-US\",\"potentialAction\":[{\"@type\":\"ReadAction\",\"target\":[\"https:\/\/projetopack.com.br\/en\/a-amcor-entra-no-mercado-de-impressao-digital\/\"]}]},{\"@type\":\"ImageObject\",\"inLanguage\":\"en-US\",\"@id\":\"https:\/\/projetopack.com.br\/en\/a-amcor-entra-no-mercado-de-impressao-digital\/#primaryimage\",\"url\":\"https:\/\/projetopack.com.br\/wp-content\/uploads\/2021\/04\/Screen-Shot-2021-04-20-at-19.56.19.png\",\"contentUrl\":\"https:\/\/projetopack.com.br\/wp-content\/uploads\/2021\/04\/Screen-Shot-2021-04-20-at-19.56.19.png\",\"width\":1363,\"height\":1035},{\"@type\":\"BreadcrumbList\",\"@id\":\"https:\/\/projetopack.com.br\/en\/a-amcor-entra-no-mercado-de-impressao-digital\/#breadcrumb\",\"itemListElement\":[{\"@type\":\"ListItem\",\"position\":1,\"name\":\"P\u00e1gina Inicial\",\"item\":\"https:\/\/projetopack.com.br\/\"},{\"@type\":\"ListItem\",\"position\":2,\"name\":\"Fus\u00f5es e aquisi\u00e7\u00f5es\",\"item\":\"https:\/\/projetopack.com.br\/en\/category\/fusoes-e-aquisicoes\/\"},{\"@type\":\"ListItem\",\"position\":3,\"name\":\"Amcor anuncia investimento na ePac\"}]},{\"@type\":\"WebSite\",\"@id\":\"https:\/\/projetopack.com.br\/#website\",\"url\":\"https:\/\/projetopack.com.br\/\",\"name\":\"ProjetoPack\",\"description\":\"Consultoria e servi\u00e7os para embalagens, r\u00f3tulos, etiquetas e processos de impress\u00e3o\",\"publisher\":{\"@id\":\"https:\/\/projetopack.com.br\/#organization\"},\"potentialAction\":[{\"@type\":\"SearchAction\",\"target\":{\"@type\":\"EntryPoint\",\"urlTemplate\":\"https:\/\/projetopack.com.br\/?s={search_term_string}\"},\"query-input\":{\"@type\":\"PropertyValueSpecification\",\"valueRequired\":true,\"valueName\":\"search_term_string\"}}],\"inLanguage\":\"en-US\"},{\"@type\":\"Organization\",\"@id\":\"https:\/\/projetopack.com.br\/#organization\",\"name\":\"ProjetoPack & Associados\",\"url\":\"https:\/\/projetopack.com.br\/\",\"logo\":{\"@type\":\"ImageObject\",\"inLanguage\":\"en-US\",\"@id\":\"https:\/\/projetopack.com.br\/#\/schema\/logo\/image\/\",\"url\":\"https:\/\/projetopack.com.br\/wp-content\/uploads\/2020\/09\/projetopack.png\",\"contentUrl\":\"https:\/\/projetopack.com.br\/wp-content\/uploads\/2020\/09\/projetopack.png\",\"width\":200,\"height\":200,\"caption\":\"ProjetoPack & Associados\"},\"image\":{\"@id\":\"https:\/\/projetopack.com.br\/#\/schema\/logo\/image\/\"},\"sameAs\":[\"https:\/\/x.com\/ProjetoPack\",\"https:\/\/www.linkedin.com\/company\/projetopack\/\"]},{\"@type\":\"Person\",\"@id\":\"https:\/\/projetopack.com.br\/#\/schema\/person\/d17c72a4bc2b7e461496dd8a14d4cef1\",\"name\":\"Andrea\",\"image\":{\"@type\":\"ImageObject\",\"inLanguage\":\"en-US\",\"@id\":\"https:\/\/projetopack.com.br\/#\/schema\/person\/image\/\",\"url\":\"https:\/\/projetopack.com.br\/wp-content\/uploads\/2026\/03\/eu-150x150.jpg\",\"contentUrl\":\"https:\/\/projetopack.com.br\/wp-content\/uploads\/2026\/03\/eu-150x150.jpg\",\"caption\":\"Andrea\"},\"url\":\"https:\/\/projetopack.com.br\/en\/author\/andrea\/\"}]}<\/script>\n<!-- \/ Yoast SEO Premium plugin. -->","yoast_head_json":{"title":"Amcor anuncia investimento na ePac - ProjetoPack","description":"Amcor entra no mercado de impress\u00e3o digital ao anunciar investimento minorit\u00e1rio na ePac. Saiba mais.","robots":{"index":"index","follow":"follow","max-snippet":"max-snippet:-1","max-image-preview":"max-image-preview:large","max-video-preview":"max-video-preview:-1"},"canonical":"https:\/\/projetopack.com.br\/en\/a-amcor-entra-no-mercado-de-impressao-digital\/","og_locale":"en_US","og_type":"article","og_title":"Amcor anuncia investimento na ePac","og_description":"Amcor entra no mercado de impress\u00e3o digital ao anunciar investimento minorit\u00e1rio na ePac. Saiba mais.","og_url":"https:\/\/projetopack.com.br\/en\/a-amcor-entra-no-mercado-de-impressao-digital\/","og_site_name":"ProjetoPack","article_published_time":"2021-04-22T18:18:44+00:00","article_modified_time":"2021-04-26T23:54:03+00:00","og_image":[{"width":1363,"height":1035,"url":"https:\/\/projetopack.com.br\/wp-content\/uploads\/2021\/04\/Screen-Shot-2021-04-20-at-19.56.19.png","type":"image\/png"}],"author":"Andrea","twitter_card":"summary_large_image","twitter_creator":"@ProjetoPack","twitter_site":"@ProjetoPack","twitter_misc":{"Written by":"Andrea","Est. reading time":"2 minutes"},"schema":{"@context":"https:\/\/schema.org","@graph":[{"@type":"Article","@id":"https:\/\/projetopack.com.br\/en\/a-amcor-entra-no-mercado-de-impressao-digital\/#article","isPartOf":{"@id":"https:\/\/projetopack.com.br\/en\/a-amcor-entra-no-mercado-de-impressao-digital\/"},"author":{"name":"Andrea","@id":"https:\/\/projetopack.com.br\/#\/schema\/person\/d17c72a4bc2b7e461496dd8a14d4cef1"},"headline":"Amcor anuncia investimento na ePac","datePublished":"2021-04-22T18:18:44+00:00","dateModified":"2021-04-26T23:54:03+00:00","mainEntityOfPage":{"@id":"https:\/\/projetopack.com.br\/en\/a-amcor-entra-no-mercado-de-impressao-digital\/"},"wordCount":278,"commentCount":0,"publisher":{"@id":"https:\/\/projetopack.com.br\/#organization"},"image":{"@id":"https:\/\/projetopack.com.br\/en\/a-amcor-entra-no-mercado-de-impressao-digital\/#primaryimage"},"thumbnailUrl":"https:\/\/projetopack.com.br\/wp-content\/uploads\/2021\/04\/Screen-Shot-2021-04-20-at-19.56.19.png","keywords":["amcor","aquisi\u00e7\u00f5es","epac","impress\u00e3o digital"],"articleSection":["Fus\u00f5es e aquisi\u00e7\u00f5es"],"inLanguage":"en-US","potentialAction":[{"@type":"CommentAction","name":"Comment","target":["https:\/\/projetopack.com.br\/en\/a-amcor-entra-no-mercado-de-impressao-digital\/#respond"]}]},{"@type":"WebPage","@id":"https:\/\/projetopack.com.br\/en\/a-amcor-entra-no-mercado-de-impressao-digital\/","url":"https:\/\/projetopack.com.br\/en\/a-amcor-entra-no-mercado-de-impressao-digital\/","name":"Amcor anuncia investimento na ePac - ProjetoPack","isPartOf":{"@id":"https:\/\/projetopack.com.br\/#website"},"primaryImageOfPage":{"@id":"https:\/\/projetopack.com.br\/en\/a-amcor-entra-no-mercado-de-impressao-digital\/#primaryimage"},"image":{"@id":"https:\/\/projetopack.com.br\/en\/a-amcor-entra-no-mercado-de-impressao-digital\/#primaryimage"},"thumbnailUrl":"https:\/\/projetopack.com.br\/wp-content\/uploads\/2021\/04\/Screen-Shot-2021-04-20-at-19.56.19.png","datePublished":"2021-04-22T18:18:44+00:00","dateModified":"2021-04-26T23:54:03+00:00","description":"Amcor entra no mercado de impress\u00e3o digital ao anunciar investimento minorit\u00e1rio na ePac. Saiba mais.","breadcrumb":{"@id":"https:\/\/projetopack.com.br\/en\/a-amcor-entra-no-mercado-de-impressao-digital\/#breadcrumb"},"inLanguage":"en-US","potentialAction":[{"@type":"ReadAction","target":["https:\/\/projetopack.com.br\/en\/a-amcor-entra-no-mercado-de-impressao-digital\/"]}]},{"@type":"ImageObject","inLanguage":"en-US","@id":"https:\/\/projetopack.com.br\/en\/a-amcor-entra-no-mercado-de-impressao-digital\/#primaryimage","url":"https:\/\/projetopack.com.br\/wp-content\/uploads\/2021\/04\/Screen-Shot-2021-04-20-at-19.56.19.png","contentUrl":"https:\/\/projetopack.com.br\/wp-content\/uploads\/2021\/04\/Screen-Shot-2021-04-20-at-19.56.19.png","width":1363,"height":1035},{"@type":"BreadcrumbList","@id":"https:\/\/projetopack.com.br\/en\/a-amcor-entra-no-mercado-de-impressao-digital\/#breadcrumb","itemListElement":[{"@type":"ListItem","position":1,"name":"P\u00e1gina Inicial","item":"https:\/\/projetopack.com.br\/"},{"@type":"ListItem","position":2,"name":"Fus\u00f5es e aquisi\u00e7\u00f5es","item":"https:\/\/projetopack.com.br\/en\/category\/fusoes-e-aquisicoes\/"},{"@type":"ListItem","position":3,"name":"Amcor anuncia investimento na ePac"}]},{"@type":"WebSite","@id":"https:\/\/projetopack.com.br\/#website","url":"https:\/\/projetopack.com.br\/","name":"ProjetoPack","description":"Consultoria e servi\u00e7os para embalagens, r\u00f3tulos, etiquetas e processos de impress\u00e3o","publisher":{"@id":"https:\/\/projetopack.com.br\/#organization"},"potentialAction":[{"@type":"SearchAction","target":{"@type":"EntryPoint","urlTemplate":"https:\/\/projetopack.com.br\/?s={search_term_string}"},"query-input":{"@type":"PropertyValueSpecification","valueRequired":true,"valueName":"search_term_string"}}],"inLanguage":"en-US"},{"@type":"Organization","@id":"https:\/\/projetopack.com.br\/#organization","name":"ProjetoPack & Associados","url":"https:\/\/projetopack.com.br\/","logo":{"@type":"ImageObject","inLanguage":"en-US","@id":"https:\/\/projetopack.com.br\/#\/schema\/logo\/image\/","url":"https:\/\/projetopack.com.br\/wp-content\/uploads\/2020\/09\/projetopack.png","contentUrl":"https:\/\/projetopack.com.br\/wp-content\/uploads\/2020\/09\/projetopack.png","width":200,"height":200,"caption":"ProjetoPack & Associados"},"image":{"@id":"https:\/\/projetopack.com.br\/#\/schema\/logo\/image\/"},"sameAs":["https:\/\/x.com\/ProjetoPack","https:\/\/www.linkedin.com\/company\/projetopack\/"]},{"@type":"Person","@id":"https:\/\/projetopack.com.br\/#\/schema\/person\/d17c72a4bc2b7e461496dd8a14d4cef1","name":"Andrea","image":{"@type":"ImageObject","inLanguage":"en-US","@id":"https:\/\/projetopack.com.br\/#\/schema\/person\/image\/","url":"https:\/\/projetopack.com.br\/wp-content\/uploads\/2026\/03\/eu-150x150.jpg","contentUrl":"https:\/\/projetopack.com.br\/wp-content\/uploads\/2026\/03\/eu-150x150.jpg","caption":"Andrea"},"url":"https:\/\/projetopack.com.br\/en\/author\/andrea\/"}]}},"_links":{"self":[{"href":"https:\/\/projetopack.com.br\/en\/wp-json\/wp\/v2\/posts\/10846","targetHints":{"allow":["GET"]}}],"collection":[{"href":"https:\/\/projetopack.com.br\/en\/wp-json\/wp\/v2\/posts"}],"about":[{"href":"https:\/\/projetopack.com.br\/en\/wp-json\/wp\/v2\/types\/post"}],"author":[{"embeddable":true,"href":"https:\/\/projetopack.com.br\/en\/wp-json\/wp\/v2\/users\/18"}],"replies":[{"embeddable":true,"href":"https:\/\/projetopack.com.br\/en\/wp-json\/wp\/v2\/comments?post=10846"}],"version-history":[{"count":0,"href":"https:\/\/projetopack.com.br\/en\/wp-json\/wp\/v2\/posts\/10846\/revisions"}],"wp:featuredmedia":[{"embeddable":true,"href":"https:\/\/projetopack.com.br\/en\/wp-json\/wp\/v2\/media\/10847"}],"wp:attachment":[{"href":"https:\/\/projetopack.com.br\/en\/wp-json\/wp\/v2\/media?parent=10846"}],"wp:term":[{"taxonomy":"category","embeddable":true,"href":"https:\/\/projetopack.com.br\/en\/wp-json\/wp\/v2\/categories?post=10846"},{"taxonomy":"post_tag","embeddable":true,"href":"https:\/\/projetopack.com.br\/en\/wp-json\/wp\/v2\/tags?post=10846"}],"curies":[{"name":"wp","href":"https:\/\/api.w.org\/{rel}","templated":true}]}}