{"id":10918,"date":"2021-04-23T16:12:26","date_gmt":"2021-04-23T19:12:26","guid":{"rendered":"https:\/\/www.projetopack.com.br\/?p=10918"},"modified":"2021-04-26T20:49:09","modified_gmt":"2021-04-26T23:49:09","slug":"x-rite-anuncia-novo-sistema-de-gerenciamento-de-cores-para-a-industria-de-papel","status":"publish","type":"post","link":"https:\/\/projetopack.com.br\/en\/x-rite-anuncia-novo-sistema-de-gerenciamento-de-cores-para-a-industria-de-papel\/","title":{"rendered":"X-Rite anuncia novo espectrofot\u00f4metro para a ind\u00fastria de papel"},"content":{"rendered":"<p id=\"h-a-x-rite-anunciou-seu-novo-colorxra-45-uma-linha-de-espectrofot-metros-sem-contato-desenvolvida-especialmente-para-a-ind-stria-de-papel\">A <a href=\"https:\/\/www.xrite.com\">X-Rite<\/a> anunciou seu novo <a href=\"https:\/\/www.xrite.com\/pt-pt\/categories\/inline-measuremt\/colorxra-45\">ColorXRA 45<\/a>, uma linha de espectrofot\u00f4metros sem contato, desenvolvida especialmente para a ind\u00fastria de papel.<\/p>\n\n\n\n<p>Ele integra um novo sistema \u00f3ptico que permite obter mais estabilidade e precis\u00e3o para identificar mudan\u00e7as de cores ao longo de todo o processo de fabrica\u00e7\u00e3o do papel.<\/p>\n\n\n\n<p>Quando combinado com o software X-Rite <a href=\"https:\/\/www.xrite.com\/pt-pt\/categories\/inline-measurement\/eswin-clcc\">ESWin<\/a> Closed Loop Color Control, o ColorXRA 45 oferece um sistema completo de gerenciamento de cores para monitorar e fazer ajustes autom\u00e1ticos de cores sem parar a fabrica\u00e7\u00e3o.<\/p>\n\n\n\n<p class=\"has-cyan-bluish-gray-background-color has-background\">A resolu\u00e7\u00e3o espectral \u00e9 de 1 nm e pode capturar refer\u00eancias de cores em diversas etapas da produ\u00e7\u00e3o do papel, como antes de bobinar, durante a estocagem do papel l\u00edquido, ou entre a prensa e sess\u00e3o de secagem.<\/p>\n\n\n\n<h2 class=\"wp-block-heading\" id=\"h-outros-recursos-importantes-do-colorxra-45-incluem\">Outros recursos importantes do ColorXRA 45 incluem:<\/h2>\n\n\n\n<p>&#8211; Novo design, que permite obter mais estabilidade no ponto de medi\u00e7\u00e3o;<br>&#8211; Otimiza\u00e7\u00e3o de performance com redu\u00e7\u00e3o de falhas;<br>&#8211; Limpeza autom\u00e1tica da placa de apoio (simplificando a manuten\u00e7\u00e3o e aumentando o tempo de opera\u00e7\u00e3o);<br>&#8211; Sistema de detec\u00e7\u00e3o de sujeira, que alerta os operadores quando o dispositivo precisa de limpeza e calibra\u00e7\u00e3o;<br>&#8211; Nova tecnologia de l\u00e2mpada e design \u00f3ptico, que oferecem maior precis\u00e3o de cores, fornecendo ilumina\u00e7\u00e3o circunferencial para minimizar os efeitos das diferen\u00e7as de textura da superf\u00edcie;<br>&#8211; Sensor de temperatura para medir os efeitos da temperatura na cor.<\/p>\n\n\n\n<p>Al\u00e9m disso, o ColorXRA 45 possui opera\u00e7\u00e3o mais veloz, \u00e9 compat\u00edvel com dados antigos para uma transi\u00e7\u00e3o perfeita para o novo sistema, possui&nbsp; conectividade com sistema de controle distribu\u00eddo (DCS) e planejamento de recursos empresariais (ERP) para apoiar iniciativas da Ind\u00fastria 4.0.<\/p>\n\n\n\n<p>A ColorXRA 45 usa uma geometria de medi\u00e7\u00e3o padronizada de 45\u00b0: 0\u00b0 que se correlaciona estreitamente com as medi\u00e7\u00f5es de laborat\u00f3rio para manter toler\u00e2ncias de cores restritas. <\/p>\n\n\n\n<p>Ele tamb\u00e9m pode medir a cor de base e os branqueadores \u00f3pticos separadamente para um controle ideal sobre cada componente e mant\u00e9m medi\u00e7\u00f5es est\u00e1veis \u200b\u200bquando o peso da base ou a opacidade mudam.<\/p>\n\n\n\n<figure class=\"wp-block-pullquote\"><blockquote><p>\u201cQuando os instrumentos em linha s\u00e3o usados \u200b\u200bcom software de controle de cores de ciclo fechado, os clientes veem um retorno sobre o investimento m\u00e9dio em seis meses. As f\u00e1bricas de papel podem melhorar seus resultados financeiros ao mesmo tempo em que mant\u00e9m a cor e o brilho em harmonia desde a medi\u00e7\u00e3o em laborat\u00f3rio at\u00e9 a celulose, folha \u00famida e antes da bobina\u201d <\/p><cite>michael saeger, gerente geral para solu\u00e7\u00f5es de medi\u00e7\u00e3o em linha da x-rite<\/cite><\/blockquote><\/figure>\n\n\n\n<p>O ColorXRA 45 remove as suposi\u00e7\u00f5es em torno do controle de cores em uma variedade de pap\u00e9is, incluindo pap\u00e9is laminados, testliner, de seguran\u00e7a, coloridos ou brancos, com ou sem OBA. <\/p>\n\n\n\n<p class=\"has-cyan-bluish-gray-background-color has-background\">\u00c0 medida que as f\u00e1bricas de papel adotam a transforma\u00e7\u00e3o digital, o ColorXRA 45, junto com o software ESWin Closed Loop Color Control, fornece aos operadores as informa\u00e7\u00f5es de cores em tempo real, necess\u00e1rias para evitar erros caros na linha de produ\u00e7\u00e3o. <\/p>\n\n\n\n<p>Isso ajuda os fabricantes a reduzir os tempos de inicializa\u00e7\u00e3o e de mudan\u00e7a de tonalidade em at\u00e9 50%, economizar no uso de pigmentos e minimizar o desperd\u00edcio e retrabalho, economizando recursos de \u00e1gua e energia.\u201d<\/p>\n\n\n\n<p><strong>Leia mais sobre a X-Rite em nosso site:<\/strong><br><a href=\"https:\/\/projetopack.com.br\/x-rite-exact-auto-scan-precisao-e-rapidez-nas-medicoes-de-cores\/\">X-Rite e eXact Auto-Scan: precis\u00e3o e rapidez nas medi\u00e7\u00f5es de cores<\/a><br><a href=\"https:\/\/projetopack.com.br\/x-rite-anuncia-novidades-para-nova-versao-do-color-imatch\/\">X-Rite anuncia novidades para nova vers\u00e3o do Color iMatch<\/a><br><a href=\"https:\/\/projetopack.com.br\/ma-5qc-o-novo-espectrofotometro-x-rite-que-melhora-precisao-da-avaliacao-da-cor-em-acabamentos-metalicos-e-de-efeitos\/\">MA-5QC, o novo espectrofot\u00f4metro X-Rite para acabamentos met\u00e1licos<\/a><\/p>","protected":false},"excerpt":{"rendered":"<p>Maior estabilidade e precis\u00e3o para avaliar mudan\u00e7as de cor na fabrica\u00e7\u00e3o de papel<\/p>","protected":false},"author":12,"featured_media":10956,"comment_status":"open","ping_status":"closed","sticky":false,"template":"","format":"standard","meta":{"footnotes":""},"categories":[458],"tags":[793,299,138,378],"class_list":["post-10918","post","type-post","status-publish","format-standard","has-post-thumbnail","hentry","category-lancamentos","tag-espectrodensitometro","tag-espectrofotometro","tag-gerenciamento-de-cores","tag-xrite"],"yoast_head":"<!-- This site is optimized with the Yoast SEO Premium plugin v27.1 (Yoast SEO v27.1.1) - https:\/\/yoast.com\/product\/yoast-seo-premium-wordpress\/ -->\n<title>X-Rite anuncia novo espectrofot\u00f4metro para a ind\u00fastria de papel - ProjetoPack<\/title>\n<meta name=\"description\" content=\"Agora est\u00e1 mais f\u00e1cil controlar a varia\u00e7\u00e3o de cor do papel durante a sua fabrica\u00e7\u00e3o\" \/>\n<meta name=\"robots\" content=\"index, follow, max-snippet:-1, max-image-preview:large, max-video-preview:-1\" \/>\n<link rel=\"canonical\" href=\"https:\/\/projetopack.com.br\/en\/x-rite-anuncia-novo-sistema-de-gerenciamento-de-cores-para-a-industria-de-papel\/\" \/>\n<meta property=\"og:locale\" content=\"en_US\" \/>\n<meta property=\"og:type\" content=\"article\" \/>\n<meta property=\"og:title\" content=\"X-Rite anuncia novo espectrofot\u00f4metro para a ind\u00fastria de papel\" \/>\n<meta property=\"og:description\" content=\"Agora est\u00e1 mais f\u00e1cil controlar a varia\u00e7\u00e3o de cor do papel durante a sua fabrica\u00e7\u00e3o\" \/>\n<meta property=\"og:url\" content=\"https:\/\/projetopack.com.br\/en\/x-rite-anuncia-novo-sistema-de-gerenciamento-de-cores-para-a-industria-de-papel\/\" \/>\n<meta property=\"og:site_name\" content=\"ProjetoPack\" \/>\n<meta property=\"article:published_time\" content=\"2021-04-23T19:12:26+00:00\" \/>\n<meta property=\"article:modified_time\" content=\"2021-04-26T23:49:09+00:00\" \/>\n<meta property=\"og:image\" content=\"https:\/\/projetopack.com.br\/wp-content\/uploads\/2021\/04\/colorxra-45-04-1.jpg\" \/>\n\t<meta property=\"og:image:width\" content=\"700\" \/>\n\t<meta property=\"og:image:height\" content=\"350\" \/>\n\t<meta property=\"og:image:type\" content=\"image\/jpeg\" \/>\n<meta name=\"author\" content=\"Murilo Pinto Pereira\" \/>\n<meta name=\"twitter:card\" content=\"summary_large_image\" \/>\n<meta name=\"twitter:creator\" content=\"@ProjetoPack\" \/>\n<meta name=\"twitter:site\" content=\"@ProjetoPack\" \/>\n<meta name=\"twitter:label1\" content=\"Written by\" \/>\n\t<meta name=\"twitter:data1\" content=\"Murilo Pinto Pereira\" \/>\n\t<meta name=\"twitter:label2\" content=\"Est. reading time\" \/>\n\t<meta name=\"twitter:data2\" content=\"3 minutes\" \/>\n<script type=\"application\/ld+json\" class=\"yoast-schema-graph\">{\"@context\":\"https:\/\/schema.org\",\"@graph\":[{\"@type\":\"Article\",\"@id\":\"https:\/\/projetopack.com.br\/en\/x-rite-anuncia-novo-sistema-de-gerenciamento-de-cores-para-a-industria-de-papel\/#article\",\"isPartOf\":{\"@id\":\"https:\/\/projetopack.com.br\/en\/x-rite-anuncia-novo-sistema-de-gerenciamento-de-cores-para-a-industria-de-papel\/\"},\"author\":{\"name\":\"Murilo Pinto Pereira\",\"@id\":\"https:\/\/projetopack.com.br\/#\/schema\/person\/6e860f8340d3f2e089f05382c00b3e4b\"},\"headline\":\"X-Rite anuncia novo espectrofot\u00f4metro para a ind\u00fastria de papel\",\"datePublished\":\"2021-04-23T19:12:26+00:00\",\"dateModified\":\"2021-04-26T23:49:09+00:00\",\"mainEntityOfPage\":{\"@id\":\"https:\/\/projetopack.com.br\/en\/x-rite-anuncia-novo-sistema-de-gerenciamento-de-cores-para-a-industria-de-papel\/\"},\"wordCount\":603,\"commentCount\":0,\"publisher\":{\"@id\":\"https:\/\/projetopack.com.br\/#organization\"},\"image\":{\"@id\":\"https:\/\/projetopack.com.br\/en\/x-rite-anuncia-novo-sistema-de-gerenciamento-de-cores-para-a-industria-de-papel\/#primaryimage\"},\"thumbnailUrl\":\"https:\/\/projetopack.com.br\/wp-content\/uploads\/2021\/04\/colorxra-45-04-1.jpg\",\"keywords\":[\"espectrodensit\u00f4metro\",\"espectrofot\u00f4metro\",\"Gerenciamento de cores\",\"xrite\"],\"articleSection\":[\"Lan\u00e7amentos\"],\"inLanguage\":\"en-US\",\"potentialAction\":[{\"@type\":\"CommentAction\",\"name\":\"Comment\",\"target\":[\"https:\/\/projetopack.com.br\/en\/x-rite-anuncia-novo-sistema-de-gerenciamento-de-cores-para-a-industria-de-papel\/#respond\"]}]},{\"@type\":\"WebPage\",\"@id\":\"https:\/\/projetopack.com.br\/en\/x-rite-anuncia-novo-sistema-de-gerenciamento-de-cores-para-a-industria-de-papel\/\",\"url\":\"https:\/\/projetopack.com.br\/en\/x-rite-anuncia-novo-sistema-de-gerenciamento-de-cores-para-a-industria-de-papel\/\",\"name\":\"X-Rite anuncia novo espectrofot\u00f4metro para a ind\u00fastria de papel - ProjetoPack\",\"isPartOf\":{\"@id\":\"https:\/\/projetopack.com.br\/#website\"},\"primaryImageOfPage\":{\"@id\":\"https:\/\/projetopack.com.br\/en\/x-rite-anuncia-novo-sistema-de-gerenciamento-de-cores-para-a-industria-de-papel\/#primaryimage\"},\"image\":{\"@id\":\"https:\/\/projetopack.com.br\/en\/x-rite-anuncia-novo-sistema-de-gerenciamento-de-cores-para-a-industria-de-papel\/#primaryimage\"},\"thumbnailUrl\":\"https:\/\/projetopack.com.br\/wp-content\/uploads\/2021\/04\/colorxra-45-04-1.jpg\",\"datePublished\":\"2021-04-23T19:12:26+00:00\",\"dateModified\":\"2021-04-26T23:49:09+00:00\",\"description\":\"Agora est\u00e1 mais f\u00e1cil controlar a varia\u00e7\u00e3o de cor do papel durante a sua fabrica\u00e7\u00e3o\",\"breadcrumb\":{\"@id\":\"https:\/\/projetopack.com.br\/en\/x-rite-anuncia-novo-sistema-de-gerenciamento-de-cores-para-a-industria-de-papel\/#breadcrumb\"},\"inLanguage\":\"en-US\",\"potentialAction\":[{\"@type\":\"ReadAction\",\"target\":[\"https:\/\/projetopack.com.br\/en\/x-rite-anuncia-novo-sistema-de-gerenciamento-de-cores-para-a-industria-de-papel\/\"]}]},{\"@type\":\"ImageObject\",\"inLanguage\":\"en-US\",\"@id\":\"https:\/\/projetopack.com.br\/en\/x-rite-anuncia-novo-sistema-de-gerenciamento-de-cores-para-a-industria-de-papel\/#primaryimage\",\"url\":\"https:\/\/projetopack.com.br\/wp-content\/uploads\/2021\/04\/colorxra-45-04-1.jpg\",\"contentUrl\":\"https:\/\/projetopack.com.br\/wp-content\/uploads\/2021\/04\/colorxra-45-04-1.jpg\",\"width\":700,\"height\":350,\"caption\":\"Espectrofot\u00f4metro para papel\"},{\"@type\":\"BreadcrumbList\",\"@id\":\"https:\/\/projetopack.com.br\/en\/x-rite-anuncia-novo-sistema-de-gerenciamento-de-cores-para-a-industria-de-papel\/#breadcrumb\",\"itemListElement\":[{\"@type\":\"ListItem\",\"position\":1,\"name\":\"P\u00e1gina Inicial\",\"item\":\"https:\/\/projetopack.com.br\/\"},{\"@type\":\"ListItem\",\"position\":2,\"name\":\"Lan\u00e7amentos\",\"item\":\"https:\/\/projetopack.com.br\/category\/lancamentos\/\"},{\"@type\":\"ListItem\",\"position\":3,\"name\":\"X-Rite anuncia novo espectrofot\u00f4metro para a ind\u00fastria de papel\"}]},{\"@type\":\"WebSite\",\"@id\":\"https:\/\/projetopack.com.br\/#website\",\"url\":\"https:\/\/projetopack.com.br\/\",\"name\":\"ProjetoPack\",\"description\":\"Consultoria e servi\u00e7os para embalagens, r\u00f3tulos, etiquetas e processos de impress\u00e3o\",\"publisher\":{\"@id\":\"https:\/\/projetopack.com.br\/#organization\"},\"potentialAction\":[{\"@type\":\"SearchAction\",\"target\":{\"@type\":\"EntryPoint\",\"urlTemplate\":\"https:\/\/projetopack.com.br\/?s={search_term_string}\"},\"query-input\":{\"@type\":\"PropertyValueSpecification\",\"valueRequired\":true,\"valueName\":\"search_term_string\"}}],\"inLanguage\":\"en-US\"},{\"@type\":\"Organization\",\"@id\":\"https:\/\/projetopack.com.br\/#organization\",\"name\":\"ProjetoPack & Associados\",\"url\":\"https:\/\/projetopack.com.br\/\",\"logo\":{\"@type\":\"ImageObject\",\"inLanguage\":\"en-US\",\"@id\":\"https:\/\/projetopack.com.br\/#\/schema\/logo\/image\/\",\"url\":\"https:\/\/projetopack.com.br\/wp-content\/uploads\/2020\/09\/projetopack.png\",\"contentUrl\":\"https:\/\/projetopack.com.br\/wp-content\/uploads\/2020\/09\/projetopack.png\",\"width\":200,\"height\":200,\"caption\":\"ProjetoPack & Associados\"},\"image\":{\"@id\":\"https:\/\/projetopack.com.br\/#\/schema\/logo\/image\/\"},\"sameAs\":[\"https:\/\/x.com\/ProjetoPack\",\"https:\/\/www.linkedin.com\/company\/projetopack\/\"]},{\"@type\":\"Person\",\"@id\":\"https:\/\/projetopack.com.br\/#\/schema\/person\/6e860f8340d3f2e089f05382c00b3e4b\",\"name\":\"Murilo Pinto Pereira\",\"image\":{\"@type\":\"ImageObject\",\"inLanguage\":\"en-US\",\"@id\":\"https:\/\/projetopack.com.br\/#\/schema\/person\/image\/\",\"url\":\"https:\/\/secure.gravatar.com\/avatar\/e88bd6a2108abef484e059b32103eaab8e51ed452ebb33926c80dea054c7e6c7?s=96&d=mm&r=g\",\"contentUrl\":\"https:\/\/secure.gravatar.com\/avatar\/e88bd6a2108abef484e059b32103eaab8e51ed452ebb33926c80dea054c7e6c7?s=96&d=mm&r=g\",\"caption\":\"Murilo Pinto Pereira\"},\"sameAs\":[\"http:\/\/murilopereira.com.br\/\"],\"url\":\"https:\/\/projetopack.com.br\/en\/author\/murilo\/\"}]}<\/script>\n<!-- \/ Yoast SEO Premium plugin. -->","yoast_head_json":{"title":"X-Rite anuncia novo espectrofot\u00f4metro para a ind\u00fastria de papel - ProjetoPack","description":"Agora est\u00e1 mais f\u00e1cil controlar a varia\u00e7\u00e3o de cor do papel durante a sua fabrica\u00e7\u00e3o","robots":{"index":"index","follow":"follow","max-snippet":"max-snippet:-1","max-image-preview":"max-image-preview:large","max-video-preview":"max-video-preview:-1"},"canonical":"https:\/\/projetopack.com.br\/en\/x-rite-anuncia-novo-sistema-de-gerenciamento-de-cores-para-a-industria-de-papel\/","og_locale":"en_US","og_type":"article","og_title":"X-Rite anuncia novo espectrofot\u00f4metro para a ind\u00fastria de papel","og_description":"Agora est\u00e1 mais f\u00e1cil controlar a varia\u00e7\u00e3o de cor do papel durante a sua fabrica\u00e7\u00e3o","og_url":"https:\/\/projetopack.com.br\/en\/x-rite-anuncia-novo-sistema-de-gerenciamento-de-cores-para-a-industria-de-papel\/","og_site_name":"ProjetoPack","article_published_time":"2021-04-23T19:12:26+00:00","article_modified_time":"2021-04-26T23:49:09+00:00","og_image":[{"width":700,"height":350,"url":"https:\/\/projetopack.com.br\/wp-content\/uploads\/2021\/04\/colorxra-45-04-1.jpg","type":"image\/jpeg"}],"author":"Murilo Pinto Pereira","twitter_card":"summary_large_image","twitter_creator":"@ProjetoPack","twitter_site":"@ProjetoPack","twitter_misc":{"Written by":"Murilo Pinto Pereira","Est. reading time":"3 minutes"},"schema":{"@context":"https:\/\/schema.org","@graph":[{"@type":"Article","@id":"https:\/\/projetopack.com.br\/en\/x-rite-anuncia-novo-sistema-de-gerenciamento-de-cores-para-a-industria-de-papel\/#article","isPartOf":{"@id":"https:\/\/projetopack.com.br\/en\/x-rite-anuncia-novo-sistema-de-gerenciamento-de-cores-para-a-industria-de-papel\/"},"author":{"name":"Murilo Pinto Pereira","@id":"https:\/\/projetopack.com.br\/#\/schema\/person\/6e860f8340d3f2e089f05382c00b3e4b"},"headline":"X-Rite anuncia novo espectrofot\u00f4metro para a ind\u00fastria de papel","datePublished":"2021-04-23T19:12:26+00:00","dateModified":"2021-04-26T23:49:09+00:00","mainEntityOfPage":{"@id":"https:\/\/projetopack.com.br\/en\/x-rite-anuncia-novo-sistema-de-gerenciamento-de-cores-para-a-industria-de-papel\/"},"wordCount":603,"commentCount":0,"publisher":{"@id":"https:\/\/projetopack.com.br\/#organization"},"image":{"@id":"https:\/\/projetopack.com.br\/en\/x-rite-anuncia-novo-sistema-de-gerenciamento-de-cores-para-a-industria-de-papel\/#primaryimage"},"thumbnailUrl":"https:\/\/projetopack.com.br\/wp-content\/uploads\/2021\/04\/colorxra-45-04-1.jpg","keywords":["espectrodensit\u00f4metro","espectrofot\u00f4metro","Gerenciamento de cores","xrite"],"articleSection":["Lan\u00e7amentos"],"inLanguage":"en-US","potentialAction":[{"@type":"CommentAction","name":"Comment","target":["https:\/\/projetopack.com.br\/en\/x-rite-anuncia-novo-sistema-de-gerenciamento-de-cores-para-a-industria-de-papel\/#respond"]}]},{"@type":"WebPage","@id":"https:\/\/projetopack.com.br\/en\/x-rite-anuncia-novo-sistema-de-gerenciamento-de-cores-para-a-industria-de-papel\/","url":"https:\/\/projetopack.com.br\/en\/x-rite-anuncia-novo-sistema-de-gerenciamento-de-cores-para-a-industria-de-papel\/","name":"X-Rite anuncia novo espectrofot\u00f4metro para a ind\u00fastria de papel - ProjetoPack","isPartOf":{"@id":"https:\/\/projetopack.com.br\/#website"},"primaryImageOfPage":{"@id":"https:\/\/projetopack.com.br\/en\/x-rite-anuncia-novo-sistema-de-gerenciamento-de-cores-para-a-industria-de-papel\/#primaryimage"},"image":{"@id":"https:\/\/projetopack.com.br\/en\/x-rite-anuncia-novo-sistema-de-gerenciamento-de-cores-para-a-industria-de-papel\/#primaryimage"},"thumbnailUrl":"https:\/\/projetopack.com.br\/wp-content\/uploads\/2021\/04\/colorxra-45-04-1.jpg","datePublished":"2021-04-23T19:12:26+00:00","dateModified":"2021-04-26T23:49:09+00:00","description":"Agora est\u00e1 mais f\u00e1cil controlar a varia\u00e7\u00e3o de cor do papel durante a sua fabrica\u00e7\u00e3o","breadcrumb":{"@id":"https:\/\/projetopack.com.br\/en\/x-rite-anuncia-novo-sistema-de-gerenciamento-de-cores-para-a-industria-de-papel\/#breadcrumb"},"inLanguage":"en-US","potentialAction":[{"@type":"ReadAction","target":["https:\/\/projetopack.com.br\/en\/x-rite-anuncia-novo-sistema-de-gerenciamento-de-cores-para-a-industria-de-papel\/"]}]},{"@type":"ImageObject","inLanguage":"en-US","@id":"https:\/\/projetopack.com.br\/en\/x-rite-anuncia-novo-sistema-de-gerenciamento-de-cores-para-a-industria-de-papel\/#primaryimage","url":"https:\/\/projetopack.com.br\/wp-content\/uploads\/2021\/04\/colorxra-45-04-1.jpg","contentUrl":"https:\/\/projetopack.com.br\/wp-content\/uploads\/2021\/04\/colorxra-45-04-1.jpg","width":700,"height":350,"caption":"Espectrofot\u00f4metro para papel"},{"@type":"BreadcrumbList","@id":"https:\/\/projetopack.com.br\/en\/x-rite-anuncia-novo-sistema-de-gerenciamento-de-cores-para-a-industria-de-papel\/#breadcrumb","itemListElement":[{"@type":"ListItem","position":1,"name":"P\u00e1gina Inicial","item":"https:\/\/projetopack.com.br\/"},{"@type":"ListItem","position":2,"name":"Lan\u00e7amentos","item":"https:\/\/projetopack.com.br\/category\/lancamentos\/"},{"@type":"ListItem","position":3,"name":"X-Rite anuncia novo espectrofot\u00f4metro para a ind\u00fastria de papel"}]},{"@type":"WebSite","@id":"https:\/\/projetopack.com.br\/#website","url":"https:\/\/projetopack.com.br\/","name":"ProjetoPack","description":"Consultoria e servi\u00e7os para embalagens, r\u00f3tulos, etiquetas e processos de impress\u00e3o","publisher":{"@id":"https:\/\/projetopack.com.br\/#organization"},"potentialAction":[{"@type":"SearchAction","target":{"@type":"EntryPoint","urlTemplate":"https:\/\/projetopack.com.br\/?s={search_term_string}"},"query-input":{"@type":"PropertyValueSpecification","valueRequired":true,"valueName":"search_term_string"}}],"inLanguage":"en-US"},{"@type":"Organization","@id":"https:\/\/projetopack.com.br\/#organization","name":"ProjetoPack & Associados","url":"https:\/\/projetopack.com.br\/","logo":{"@type":"ImageObject","inLanguage":"en-US","@id":"https:\/\/projetopack.com.br\/#\/schema\/logo\/image\/","url":"https:\/\/projetopack.com.br\/wp-content\/uploads\/2020\/09\/projetopack.png","contentUrl":"https:\/\/projetopack.com.br\/wp-content\/uploads\/2020\/09\/projetopack.png","width":200,"height":200,"caption":"ProjetoPack & Associados"},"image":{"@id":"https:\/\/projetopack.com.br\/#\/schema\/logo\/image\/"},"sameAs":["https:\/\/x.com\/ProjetoPack","https:\/\/www.linkedin.com\/company\/projetopack\/"]},{"@type":"Person","@id":"https:\/\/projetopack.com.br\/#\/schema\/person\/6e860f8340d3f2e089f05382c00b3e4b","name":"Murilo Pinto Pereira","image":{"@type":"ImageObject","inLanguage":"en-US","@id":"https:\/\/projetopack.com.br\/#\/schema\/person\/image\/","url":"https:\/\/secure.gravatar.com\/avatar\/e88bd6a2108abef484e059b32103eaab8e51ed452ebb33926c80dea054c7e6c7?s=96&d=mm&r=g","contentUrl":"https:\/\/secure.gravatar.com\/avatar\/e88bd6a2108abef484e059b32103eaab8e51ed452ebb33926c80dea054c7e6c7?s=96&d=mm&r=g","caption":"Murilo Pinto Pereira"},"sameAs":["http:\/\/murilopereira.com.br\/"],"url":"https:\/\/projetopack.com.br\/en\/author\/murilo\/"}]}},"_links":{"self":[{"href":"https:\/\/projetopack.com.br\/en\/wp-json\/wp\/v2\/posts\/10918","targetHints":{"allow":["GET"]}}],"collection":[{"href":"https:\/\/projetopack.com.br\/en\/wp-json\/wp\/v2\/posts"}],"about":[{"href":"https:\/\/projetopack.com.br\/en\/wp-json\/wp\/v2\/types\/post"}],"author":[{"embeddable":true,"href":"https:\/\/projetopack.com.br\/en\/wp-json\/wp\/v2\/users\/12"}],"replies":[{"embeddable":true,"href":"https:\/\/projetopack.com.br\/en\/wp-json\/wp\/v2\/comments?post=10918"}],"version-history":[{"count":0,"href":"https:\/\/projetopack.com.br\/en\/wp-json\/wp\/v2\/posts\/10918\/revisions"}],"wp:featuredmedia":[{"embeddable":true,"href":"https:\/\/projetopack.com.br\/en\/wp-json\/wp\/v2\/media\/10956"}],"wp:attachment":[{"href":"https:\/\/projetopack.com.br\/en\/wp-json\/wp\/v2\/media?parent=10918"}],"wp:term":[{"taxonomy":"category","embeddable":true,"href":"https:\/\/projetopack.com.br\/en\/wp-json\/wp\/v2\/categories?post=10918"},{"taxonomy":"post_tag","embeddable":true,"href":"https:\/\/projetopack.com.br\/en\/wp-json\/wp\/v2\/tags?post=10918"}],"curies":[{"name":"wp","href":"https:\/\/api.w.org\/{rel}","templated":true}]}}