{"id":11196,"date":"2021-04-29T12:54:08","date_gmt":"2021-04-29T15:54:08","guid":{"rendered":"https:\/\/www.projetopack.com.br\/?p=11196"},"modified":"2021-04-30T01:00:35","modified_gmt":"2021-04-30T04:00:35","slug":"o-que-e-flexografia","status":"publish","type":"post","link":"https:\/\/projetopack.com.br\/en\/o-que-e-flexografia\/","title":{"rendered":"O que \u00e9 flexografia?"},"content":{"rendered":"<p>A flexografia \u00e9 um sistema de impress\u00e3o direto e rotativo, bastante popular e vers\u00e1til &#8211; que se utiliza de clich\u00eas em relevo, que recebem tinta e a transferem para a superf\u00edcie a ser impressa. Apenas para ilustrar, \u00e9 um princ\u00edpio similar a um &#8220;carimbo&#8221;, mas envolve in\u00fameras vari\u00e1veis e \u00e9 altamente sofisticado.<\/p>\n\n\n\n<div class=\"wp-block-image\"><figure class=\"aligncenter size-full is-resized\"><img fetchpriority=\"high\" decoding=\"async\" src=\"https:\/\/projetopack.com.br\/wp-content\/uploads\/2021\/04\/6.35mm-Corrugated-Closeup-1-1024x768-1.jpg\" alt=\"clich\u00ea de flexografia\" class=\"wp-image-11197\" width=\"579\" height=\"364\"\/><figcaption>Clich\u00ea flexogr\u00e1fico gravado e pronto para impress\u00e3o<\/figcaption><\/figure><\/div>\n\n\n\n<h2 class=\"wp-block-heading\" id=\"h-como-os-clich-s-flexogr-ficos-s-o-utilizados-na-impressora\">Como os clich\u00eas flexogr\u00e1ficos s\u00e3o utilizados na impressora?<\/h2>\n\n\n\n<div class=\"wp-block-columns is-layout-flex wp-container-core-columns-is-layout-28f84493 wp-block-columns-is-layout-flex\">\n<div class=\"wp-block-column is-layout-flow wp-block-column-is-layout-flow\" style=\"flex-basis:50%\">\n<figure class=\"wp-block-image size-full\"><img decoding=\"async\" width=\"700\" height=\"464\" src=\"https:\/\/projetopack.com.br\/wp-content\/uploads\/2021\/04\/9bae987ed00122f67d43599448217b38.jpg\" alt=\"colagem de clich\u00ea flexo\" class=\"wp-image-11198\" srcset=\"https:\/\/projetopack.com.br\/wp-content\/uploads\/2021\/04\/9bae987ed00122f67d43599448217b38.jpg 700w, https:\/\/projetopack.com.br\/wp-content\/uploads\/2021\/04\/9bae987ed00122f67d43599448217b38-300x199.jpg 300w, https:\/\/projetopack.com.br\/wp-content\/uploads\/2021\/04\/9bae987ed00122f67d43599448217b38-600x398.jpg 600w, https:\/\/projetopack.com.br\/wp-content\/uploads\/2021\/04\/9bae987ed00122f67d43599448217b38-768x509.jpg 768w, https:\/\/projetopack.com.br\/wp-content\/uploads\/2021\/04\/9bae987ed00122f67d43599448217b38-16x12.jpg 16w\" sizes=\"(max-width: 700px) 100vw, 700px\" \/><\/figure>\n<\/div>\n\n\n\n<div class=\"wp-block-column is-layout-flow wp-block-column-is-layout-flow\" style=\"flex-basis:50%\">\n<p>Os clich\u00eas em relevo s\u00e3o afixados em cilindros ou camisas chamadas &#8216;porta-clich\u00eas&#8221;, em sua maioria com a utiliza\u00e7\u00e3o de fitas adesivas dupla-face. De um lado, a fita se adere ao verso da chapa e, do outro, \u00e0 superf\u00edcie do porta-clich\u00ea. <\/p>\n\n\n\n<p>Existem novas tecnologias que dispensam o uso da fita adesiva dupla-face, onde o pr\u00f3prio porta-clich\u00ea tem propriedade adesiva.<\/p>\n<\/div>\n<\/div>\n\n\n\n<p>Al\u00e9m de manter a chapa presa ao porta-clich\u00ea, a fita dupla-face cumpre outras fun\u00e7\u00f5es, sendo a principal delas suavizar a press\u00e3o de impress\u00e3o e amortecer o impacto sofrido pela chapa a cada giro do clich\u00ea. Quando mais suave e atenuada a press\u00e3o, menor o &#8220;esmagamento&#8221; dos pontos e linhas finas gravados na chapa.<\/p>\n\n\n\n<h2 class=\"wp-block-heading\" id=\"h-o-que-acontece-se-o-impressor-pressionar-demais-um-clich\">O que acontece se o impressor pressionar demais um clich\u00ea?<\/h2>\n\n\n\n<p>O esmagamento excessivo distorce as imagens, aumenta o tamanho original dos pontos (o que chamamos de &#8220;ganho de ponto&#8221; ou TVI, do ingl\u00eas <em>Tonal Value Increase<\/em>), cria contornos indesej\u00e1veis (que o mercado costuma apelidar de &#8220;squash&#8221;, uma onomatop\u00e9ia para o barulho do esmagamento do clich\u00ea com a tinta) e prejudica a qualidade da impress\u00e3o flexogr\u00e1fica.<\/p>\n\n\n\n<div class=\"wp-block-image\"><figure class=\"aligncenter size-full\"><img decoding=\"async\" width=\"580\" height=\"364\" src=\"https:\/\/projetopack.com.br\/wp-content\/uploads\/2021\/04\/Dot-Gain.jpg\" alt=\"detalhe do ganho de ponto na flexografia\" class=\"wp-image-11199\" srcset=\"https:\/\/projetopack.com.br\/wp-content\/uploads\/2021\/04\/Dot-Gain.jpg 580w, https:\/\/projetopack.com.br\/wp-content\/uploads\/2021\/04\/Dot-Gain-300x188.jpg 300w, https:\/\/projetopack.com.br\/wp-content\/uploads\/2021\/04\/Dot-Gain-768x481.jpg 768w, https:\/\/projetopack.com.br\/wp-content\/uploads\/2021\/04\/Dot-Gain-600x376.jpg 600w\" sizes=\"(max-width: 580px) 100vw, 580px\" \/><figcaption>Pontos de tamanho aumentado por conta da press\u00e3o excessiva sobre o clich\u00ea na impress\u00e3o<\/figcaption><\/figure><\/div>\n\n\n\n<h2 class=\"wp-block-heading\" id=\"h-como-os-clich-s-flexogr-ficos-s-o-entintados-durante-o-processo\">Como os clich\u00eas flexogr\u00e1ficos s\u00e3o entintados durante o processo?<\/h2>\n\n\n\n<p>A tinta \u00e9 dosada para a superf\u00edcie dos clich\u00eas mediante um cilindro ou camisa gravada &#8211; o anilox &#8211; cora\u00e7\u00e3o do processo flexogr\u00e1fico. O anilox possui milhares de alv\u00e9olos gravados, que se preenchem de tinta a cada giro do cilindro, transferindo com exatid\u00e3o a quantidade ou camada de tinta desejada para cada clich\u00ea e cor correspondente.<\/p>\n\n\n\n<figure class=\"wp-block-image size-full\"><img loading=\"lazy\" decoding=\"async\" width=\"1314\" height=\"342\" src=\"https:\/\/projetopack.com.br\/wp-content\/uploads\/2021\/04\/0103.jpg\" alt=\"anilox entupido e limpo flexografia\" class=\"wp-image-11200\" srcset=\"https:\/\/projetopack.com.br\/wp-content\/uploads\/2021\/04\/0103.jpg 1314w, https:\/\/projetopack.com.br\/wp-content\/uploads\/2021\/04\/0103-300x78.jpg 300w, https:\/\/projetopack.com.br\/wp-content\/uploads\/2021\/04\/0103-600x156.jpg 600w, https:\/\/projetopack.com.br\/wp-content\/uploads\/2021\/04\/0103-768x199.jpg 768w\" sizes=\"(max-width: 1314px) 100vw, 1314px\" \/><figcaption>Anilox com c\u00e9lulas entupidas (sujas) \u00e0 esquerda e limpas \u00e0 direita<\/figcaption><\/figure>\n\n\n\n<p>A tinta em excesso no anilox \u00e9 eliminada pela a\u00e7\u00e3o de raspagem de uma l\u00e2mina ou conjunto de l\u00e2minas met\u00e1licas ou de material pl\u00e1stico posicionadas de maneira espec\u00edfica, geralmente em um estojo ou c\u00e2mara que encapsula (ret\u00e9m) a tinta insuflada de um reservat\u00f3rio por uma bomba. As l\u00e2minas que retiram o excesso da tinta do anilox s\u00e3o chamadas tamb\u00e9m de &#8220;doctor blade&#8221;.<\/p>\n\n\n\n<p>Grande parte do sucesso da flexografia est\u00e1 na escolha correta dos atributos do anilox (lineatura e volume dos alv\u00e9olos) para cada cor, em fun\u00e7\u00e3o das caracter\u00edsticas da arte ou design original que se deseja imprimir (tra\u00e7os, chapados, ret\u00edculas e combina\u00e7\u00f5es de \u00e1reas s\u00f3lidas e reticuladas). Manter o anilox \u00edntegro (sem riscos ou batidas) e limpo tamb\u00e9m \u00e9 um grande desafio a quem imprime em flexografia.<\/p>\n\n\n\n<div class=\"wp-block-image\"><figure class=\"aligncenter size-full is-resized\"><img loading=\"lazy\" decoding=\"async\" src=\"https:\/\/projetopack.com.br\/wp-content\/uploads\/2021\/04\/Doctor-Blades-and-End-Seals.jpg\" alt=\"montagem doctor blade flexografia\" class=\"wp-image-11201\" width=\"600\" height=\"332\" srcset=\"https:\/\/projetopack.com.br\/wp-content\/uploads\/2021\/04\/Doctor-Blades-and-End-Seals.jpg 1200w, https:\/\/projetopack.com.br\/wp-content\/uploads\/2021\/04\/Doctor-Blades-and-End-Seals-300x166.jpg 300w, https:\/\/projetopack.com.br\/wp-content\/uploads\/2021\/04\/Doctor-Blades-and-End-Seals-600x332.jpg 600w, https:\/\/projetopack.com.br\/wp-content\/uploads\/2021\/04\/Doctor-Blades-and-End-Seals-768x424.jpg 768w\" sizes=\"(max-width: 600px) 100vw, 600px\" \/><figcaption>Auxiliar de prepara\u00e7\u00e3o montando um doctor blade encapsulado<\/figcaption><\/figure><\/div>\n\n\n\n<h2 class=\"wp-block-heading\" id=\"h-o-que-se-imprime-em-flexografia\">O que se imprime em flexografia?<\/h2>\n\n\n\n<p>O sistema de impress\u00e3o flexogr\u00e1fico foi originalmente desenvolvido para a impress\u00e3o de todos os materiais para produ\u00e7\u00e3o de embalagens, o que inclui o pl\u00e1stico, papel, folha de alum\u00ednio, cart\u00e3o e papel\u00e3o ondulado.<\/p>\n\n\n\n<p>Todavia, se pode imprimir praticamente qualquer coisa em flexografia. Existem empresas que imprimem tecidos, chapas r\u00edgidas, celulose pr\u00e9-moldada, componentes eletr\u00f4nicos, forra\u00e7\u00e3o de g\u00f4ndola e por a\u00ed vai. Todos os dias, empresas descobrem novas e empolgantes aplica\u00e7\u00f5es para a flexografia.<\/p>\n\n\n\n<h2 class=\"wp-block-heading\" id=\"h-quais-s-o-os-tipos-de-impressora-flexogr-fica-existentes\">Quais s\u00e3o os tipos de impressora flexogr\u00e1fica existentes?<\/h2>\n\n\n\n<p>Existem basicamente quatro tipos de modelos de impressoras flexogr\u00e1ficas: tambor central, stack, modular e plana.<\/p>\n\n\n\n<figure class=\"wp-block-gallery columns-3 is-cropped wp-block-gallery-1 is-layout-flex wp-block-gallery-is-layout-flex\"><ul class=\"blocks-gallery-grid\"><li class=\"blocks-gallery-item\"><figure><img loading=\"lazy\" decoding=\"async\" width=\"359\" height=\"455\" src=\"https:\/\/projetopack.com.br\/wp-content\/uploads\/2021\/04\/flexocic.jpg\" alt=\"\" data-id=\"11202\" class=\"wp-image-11202\" srcset=\"https:\/\/projetopack.com.br\/wp-content\/uploads\/2021\/04\/flexocic.jpg 359w, https:\/\/projetopack.com.br\/wp-content\/uploads\/2021\/04\/flexocic-300x380.jpg 300w, https:\/\/projetopack.com.br\/wp-content\/uploads\/2021\/04\/flexocic-768x973.jpg 768w, https:\/\/projetopack.com.br\/wp-content\/uploads\/2021\/04\/flexocic-600x760.jpg 600w\" sizes=\"(max-width: 359px) 100vw, 359px\" \/><figcaption class=\"blocks-gallery-item__caption\">Modelo tambor central<\/figcaption><\/figure><\/li><li class=\"blocks-gallery-item\"><figure><img loading=\"lazy\" decoding=\"async\" width=\"535\" height=\"408\" src=\"https:\/\/projetopack.com.br\/wp-content\/uploads\/2021\/04\/flexoinline-1.jpg\" alt=\"\" data-id=\"11205\" data-link=\"https:\/\/projetopack.com.br\/?attachment_id=11205\" class=\"wp-image-11205\" srcset=\"https:\/\/projetopack.com.br\/wp-content\/uploads\/2021\/04\/flexoinline-1.jpg 535w, https:\/\/projetopack.com.br\/wp-content\/uploads\/2021\/04\/flexoinline-1-300x229.jpg 300w, https:\/\/projetopack.com.br\/wp-content\/uploads\/2021\/04\/flexoinline-1-768x585.jpg 768w, https:\/\/projetopack.com.br\/wp-content\/uploads\/2021\/04\/flexoinline-1-16x12.jpg 16w, https:\/\/projetopack.com.br\/wp-content\/uploads\/2021\/04\/flexoinline-1-600x457.jpg 600w\" sizes=\"(max-width: 535px) 100vw, 535px\" \/><figcaption class=\"blocks-gallery-item__caption\">Modelo em linha ou modular<\/figcaption><\/figure><\/li><li class=\"blocks-gallery-item\"><figure><img loading=\"lazy\" decoding=\"async\" width=\"410\" height=\"540\" src=\"https:\/\/projetopack.com.br\/wp-content\/uploads\/2021\/04\/flexostack-1.jpg\" alt=\"\" data-id=\"11206\" data-full-url=\"https:\/\/projetopack.com.br\/wp-content\/uploads\/2021\/04\/flexostack-1.jpg\" data-link=\"https:\/\/projetopack.com.br\/?attachment_id=11206\" class=\"wp-image-11206\" srcset=\"https:\/\/projetopack.com.br\/wp-content\/uploads\/2021\/04\/flexostack-1.jpg 410w, https:\/\/projetopack.com.br\/wp-content\/uploads\/2021\/04\/flexostack-1-300x395.jpg 300w, https:\/\/projetopack.com.br\/wp-content\/uploads\/2021\/04\/flexostack-1-768x1011.jpg 768w, https:\/\/projetopack.com.br\/wp-content\/uploads\/2021\/04\/flexostack-1-600x790.jpg 600w\" sizes=\"(max-width: 410px) 100vw, 410px\" \/><figcaption class=\"blocks-gallery-item__caption\">Modelo stack<\/figcaption><\/figure><\/li><\/ul><\/figure>\n\n\n\n<p>A maneira como cada grupo impressor flexogr\u00e1fico se posiciona em rela\u00e7\u00e3o aos demais grupos (tamb\u00e9m chamados de &#8220;decks&#8221; ou esta\u00e7\u00f5es) na m\u00e1quina impressora acaba ditando para quais mercados a m\u00e1quina \u00e9 mais apta a imprimir.<\/p>\n\n\n\n<p>M\u00e1quinas planas geralmente imprimem chapas de papel\u00e3o ondulado. M\u00e1quinas de tambor central, embalagens flex\u00edveis e r\u00f3tulos. As m\u00e1quinas modulares, r\u00f3tulos e etiquetas e impressoras do tipo stack, sacaria simples.<\/p>\n\n\n\n<h2 class=\"wp-block-heading\" id=\"h-que-tinta-se-utiliza-na-impress-o-flexogr-fica\">Que tinta se utiliza na impress\u00e3o flexogr\u00e1fica?<\/h2>\n\n\n\n<p>A flexografia imprime com diferentes sistemas de tintas: a base de solventes, a base de \u00e1gua e as tintas cur\u00e1veis por ultravioleta ou feixe de el\u00e9trons. <\/p>\n\n\n\n<p>Os diferentes sistemas exigem, portanto, impressoras tamb\u00e9m espec\u00edficas, com estufas finais e pr\u00e9-secagem (secagem entre cores), esta\u00e7\u00f5es de cura com l\u00e2mpadas ultravioleta ou sofisticadas unidades de cura por irradia\u00e7\u00e3o de el\u00e9trons.<\/p>\n\n\n\n<p>Controlar as propriedades das tintas do in\u00edcio ao fim do processo \u00e9 mais um grande desafio para a  flexografia. Por este motivo, existem profissionais dedicados a este tema e que auxiliam os impressores nesta tarefa: os <strong>preparadores<\/strong> e os <strong>coloristas<\/strong>. <\/p>\n\n\n\n<p>Eles s\u00e3o correspons\u00e1veis pelo acerto das cores das tintas para os padr\u00f5es de impress\u00e3o exigidos pelos clientes e a manuten\u00e7\u00e3o de propriedades das tintas como a secagem e a viscosidade ao longo da impress\u00e3o. <\/p>\n\n\n\n<p>O impressor conta ainda com acess\u00f3rios importantes como o viscos\u00edmetro autom\u00e1tico e sistemas inteligentes de visualiza\u00e7\u00e3o por c\u00e2mera de v\u00eddeo, que escaneiam o impresso em tempo real em busca de defeitos variados.<\/p>\n\n\n\n<div class=\"wp-block-columns is-layout-flex wp-container-core-columns-is-layout-28f84493 wp-block-columns-is-layout-flex\">\n<div class=\"wp-block-column is-layout-flow wp-block-column-is-layout-flow\" style=\"flex-basis:33.33%\">\n<p>Eles s\u00e3o correspons\u00e1veis pelo acerto das cores das tintas para os padr\u00f5es de impress\u00e3o exigidos pelos clientes e a manuten\u00e7\u00e3o de propriedades das tintas como a secagem e a viscosidade ao longo da impress\u00e3o. <\/p>\n\n\n\n<p>O impressor conta ainda com acess\u00f3rios importantes como o viscos\u00edmetro autom\u00e1tico e sistemas inteligentes de visualiza\u00e7\u00e3o por c\u00e2mera de v\u00eddeo, que escaneiam o impresso em tempo real em busca de defeitos variados.<\/p>\n<\/div>\n\n\n\n<div class=\"wp-block-column is-layout-flow wp-block-column-is-layout-flow\" style=\"flex-basis:66.66%\">\n<div class=\"wp-block-image\"><figure class=\"aligncenter size-full\"><img loading=\"lazy\" decoding=\"async\" width=\"399\" height=\"400\" src=\"https:\/\/projetopack.com.br\/wp-content\/uploads\/2021\/04\/1520114444725-3-edited.jpg\" alt=\"copo zahn medi\u00e7\u00e3o de viscosidade\" class=\"wp-image-11212\" srcset=\"https:\/\/projetopack.com.br\/wp-content\/uploads\/2021\/04\/1520114444725-3-edited.jpg 399w, https:\/\/projetopack.com.br\/wp-content\/uploads\/2021\/04\/1520114444725-3-edited-300x300.jpg 300w, https:\/\/projetopack.com.br\/wp-content\/uploads\/2021\/04\/1520114444725-3-edited-100x100.jpg 100w, https:\/\/projetopack.com.br\/wp-content\/uploads\/2021\/04\/1520114444725-3-edited-1024x1024.jpg 1024w, https:\/\/projetopack.com.br\/wp-content\/uploads\/2021\/04\/1520114444725-3-edited-150x150.jpg 150w, https:\/\/projetopack.com.br\/wp-content\/uploads\/2021\/04\/1520114444725-3-edited-768x769.jpg 768w, https:\/\/projetopack.com.br\/wp-content\/uploads\/2021\/04\/1520114444725-3-edited-1536x1536.jpg 1536w, https:\/\/projetopack.com.br\/wp-content\/uploads\/2021\/04\/1520114444725-3-edited-2048x2048.jpg 2048w, https:\/\/projetopack.com.br\/wp-content\/uploads\/2021\/04\/1520114444725-3-edited-600x601.jpg 600w\" sizes=\"(max-width: 399px) 100vw, 399px\" \/><figcaption>Impressor medindo viscosidade<\/figcaption><\/figure><\/div>\n<\/div>\n<\/div>\n\n\n\n<h2 class=\"wp-block-heading\" id=\"h-do-que-s-o-feitos-os-clich-s-de-flexografia\">Do que s\u00e3o feitos os clich\u00eas de flexografia?<\/h2>\n\n\n\n<p>Os clich\u00eas de flexografia tamb\u00e9m s\u00e3o produzidos a partir de diferentes materiais, embora os fotopol\u00edmeros s\u00e3o, ainda hoje, a maioria do mercado. <\/p>\n\n\n\n<p>Existem, todavia, clich\u00eas produzidos a partir de elast\u00f4meros e, nos prim\u00f3rdios da flexografia, borracha natural, sint\u00e9tica e vulcanizada (esta \u00faltima era originada a partir de matrizes met\u00e1licas provenientes de outros sistemas como a pr\u00f3pria tipografia).<\/p>\n\n\n\n<p>Os clich\u00eas podem ser entregues em chapas planas ou em camisas (tubos ocos) sem emendas. As ind\u00fastrias gr\u00e1ficas que imprimem em flexografia podem produzir suas chapas internamente, caso disponham de equipamento, software e m\u00e3o-de-obra especializados. <\/p>\n\n\n\n<p>Mas \u00e9 mais comum que estas ind\u00fastrias sem atendidas pelas &#8220;clicherias&#8221;, empresas de pr\u00e9-impress\u00e3o focadas nessa etapa do processo.<\/p>\n\n\n\n<div class=\"wp-block-image\"><figure class=\"aligncenter size-large is-resized\"><img loading=\"lazy\" decoding=\"async\" src=\"https:\/\/projetopack.com.br\/wp-content\/uploads\/2021\/04\/Flexo-Platemaking-Processing-Equipment-1-1024x1024.jpg\" alt=\"grava\u00e7\u00e3o de clich\u00ea flexogr\u00e1fico\" class=\"wp-image-11213\" width=\"512\" height=\"512\" srcset=\"https:\/\/projetopack.com.br\/wp-content\/uploads\/2021\/04\/Flexo-Platemaking-Processing-Equipment-1-1024x1024.jpg 1024w, https:\/\/projetopack.com.br\/wp-content\/uploads\/2021\/04\/Flexo-Platemaking-Processing-Equipment-1-100x100.jpg 100w, https:\/\/projetopack.com.br\/wp-content\/uploads\/2021\/04\/Flexo-Platemaking-Processing-Equipment-1-300x300.jpg 300w, https:\/\/projetopack.com.br\/wp-content\/uploads\/2021\/04\/Flexo-Platemaking-Processing-Equipment-1-150x150.jpg 150w, https:\/\/projetopack.com.br\/wp-content\/uploads\/2021\/04\/Flexo-Platemaking-Processing-Equipment-1-1536x1536.jpg 1536w, https:\/\/projetopack.com.br\/wp-content\/uploads\/2021\/04\/Flexo-Platemaking-Processing-Equipment-1-2048x2048.jpg 2048w, https:\/\/projetopack.com.br\/wp-content\/uploads\/2021\/04\/Flexo-Platemaking-Processing-Equipment-1-600x600.jpg 600w\" sizes=\"(max-width: 512px) 100vw, 512px\" \/><figcaption>Funcion\u00e1rio de uma clicheria confeccionando clich\u00eas flexogr\u00e1ficos<\/figcaption><\/figure><\/div>\n\n\n\n<h2 class=\"wp-block-heading\" id=\"h-quais-s-o-as-vantagens-da-flexografia\">Quais s\u00e3o as vantagens da flexografia?<\/h2>\n\n\n\n<p>N\u00e3o \u00e9 a toa que a flexografia cresceu tanto nas \u00faltimas d\u00e9cadas, substituindo a rotogravura em algumas fatias do mercado, principalmente na \u00e1rea de embalagens flex\u00edveis (e da impress\u00e3o offset, no caso dos r\u00f3tulos e etiquetas). <\/p>\n\n\n\n<p>A flexografia possui muitas vantagens interessantes sob o ponto de vista t\u00e9cnico e econ\u00f4mico:<\/p>\n\n\n\n<ol class=\"wp-block-list\"><li>A flexografia imprime uma variedade enorme de materiais absorventes (celul\u00f3sicos) e n\u00e3o-absorventes (pl\u00e1sticos);<\/li><li>Imprime interna e externamente em filmes que esticam ou contraem;<\/li><li>Os clich\u00eas podem imprimir alguns milhares de exemplares com boa qualidade e produtividade;<\/li><li>Existem m\u00e1quinas que podem imprimir 10 cores ou mais;<\/li><li>Com o uso de impress\u00e3o sem emendas, \u00e9 poss\u00edvel se imprimir pap\u00e9is de presente, materiais de decora\u00e7\u00e3o etc.;<\/li><li>M\u00e1quinas flexogr\u00e1ficas modernas atingem alt\u00edssimas velocidades de impress\u00e3o;<\/li><li>A tecnologia hoje permite a impress\u00e3o de lineaturas bastante elevadas, compat\u00edveis com todos os demais sistemas;<\/li><li>Existe uma ampla gama de sistemas de tintas para cada necessidade ou aplica\u00e7\u00e3o;<\/li><li>\u00c9 poss\u00edvel pr\u00e9-determinar a quantidade de tinta que se vai aplicar para cada anilox e arte a ser reproduzida;<\/li><li>\u00c9 poss\u00edvel se imprimir efeitos especiais com tintas met\u00e1licas ou mesmo fluorescentes;<\/li><li>Com o devido treinamento e controle, \u00e9 poss\u00edvel se executar ajustes (setups) r\u00e1pidos e precisos;<\/li><li>A flexografia \u00e9 bastante competitiva em tiragens pequenas e m\u00e9dias, a realidade do mercado atual;<\/li><li>O investimento em uma impressora flexogr\u00e1fica e seus acess\u00f3rios tem um retorno (ROI) bastante r\u00e1pido;<\/li><li>Tem custo competitivo em praticamente todos os mercados em que atua;<\/li><li>Pode produzir uma ampla gama de impressos;<\/li><li>Pode-se agregar acabamentos especiais em linha em diversas situa\u00e7\u00f5es;<\/li><li>Com t\u00e9cnicas como a gama expandida, a qualidade na reprodu\u00e7\u00e3o de cores especiais pode ser potencializada.<\/li><\/ol>\n\n\n\n<p>Poder\u00edamos falar de tantas outras caracter\u00edsticas interessantes e positivas da flexografia, mas vantagens e desvantagens s\u00e3o bastante relativas \u00e0 situa\u00e7\u00e3o particular de cada empresa ou profissional.<\/p>\n\n\n\n<h2 class=\"wp-block-heading\" id=\"h-quais-s-o-os-pontos-cr-ticos-do-sistema-flexogr-fico\">Quais s\u00e3o os pontos cr\u00edticos do sistema flexogr\u00e1fico?<\/h2>\n\n\n\n<p>A flexografia \u00e9 um dos sistemas &#8211; talvez o mais entre todos os sistemas anal\u00f3gicos &#8211; mais complexos com rela\u00e7\u00e3o ao n\u00famero de vari\u00e1veis e par\u00e2metros de controle.<\/p>\n\n\n\n<p>Por este motivo, \u00e9 preciso dispor de uma m\u00e3o-de-obra bastante t\u00e9cnica e bem formada, apta a tomar decis\u00f5es r\u00e1pidas e assertivas com rela\u00e7\u00e3o aos problemas, t\u00e3o logo s\u00e3o diagnosticados.<\/p>\n\n\n\n<figure class=\"wp-block-pullquote\"><blockquote><p>A rotatividade dos profissionais e a press\u00e3o por redu\u00e7\u00e3o de custos acaba por dificultar a forma\u00e7\u00e3o de uma equipe s\u00f3lida, entrosada e produtiva. As ind\u00fastrias flexogr\u00e1ficas que obt\u00e9m bons resultados hoje certamente fizeram um trabalho diferenciado na cria\u00e7\u00e3o de um time s\u00f3lido de colaboradores na impress\u00e3o.<\/p><\/blockquote><\/figure>\n\n\n\n<p>Nos \u00faltimos 16 anos, a ProjetoPack tem se dedicado justamente na forma\u00e7\u00e3o t\u00e9cnica dos colaboradores de centenas de <a href=\"https:\/\/projetopack.com.br\/industrias\/\" target=\"_blank\" rel=\"noreferrer noopener\">ind\u00fastrias do setor<\/a> de flexografia, com programas elaborados justamente em cima das lacunas encontradas no setor, como o popular e amplamente ministrado treinamento de &#8220;<strong>Problemas, causas e solu\u00e7\u00f5es em flexografia<\/strong>&#8220;.<\/p>\n\n\n\n<p>Saiba mais sobre este e outros programas em nosso site. Esperamos que este conte\u00fado tenha sido \u00fatil e um bom ponto de partida para voc\u00ea, que est\u00e1 pensando em iniciar um neg\u00f3cio flexogr\u00e1fico ou mesmo ingressar profissionalmente no mercado de flexografia.<\/p>\n\n\n\n<p><strong>Leia mais sobre o assunto:<\/strong><br><a href=\"https:\/\/pt.wikipedia.org\/wiki\/Flexografia\" target=\"_blank\" rel=\"noreferrer noopener\">O que \u00e9 flexografia (Wikipedia)<\/a><br><a href=\"https:\/\/www.flexography.org\/industry-news\/high-quality-flexo-superior-print-process\/\" target=\"_blank\" rel=\"noreferrer noopener\">A evolu\u00e7\u00e3o da flexografia (FTA, artigo em ingl\u00eas)<\/a><br><\/p>","protected":false},"excerpt":{"rendered":"<p>PackLessons &#8211; seu espa\u00e7o para aprender sobre embalagens, r\u00f3tulos e sistemas de impress\u00e3o<\/p>","protected":false},"author":2,"featured_media":11215,"comment_status":"open","ping_status":"closed","sticky":true,"template":"","format":"standard","meta":{"footnotes":""},"categories":[797],"tags":[796,252,350,111,166,72],"class_list":["post-11196","post","type-post","status-publish","format-standard","has-post-thumbnail","hentry","category-packlessons","tag-cliche","tag-clicheria","tag-flexo","tag-flexografia","tag-impressora-flexo","tag-impressora-flexografica"],"yoast_head":"<!-- This site is optimized with the Yoast SEO Premium plugin v27.1 (Yoast SEO v27.1.1) - https:\/\/yoast.com\/product\/yoast-seo-premium-wordpress\/ -->\n<title>O que \u00e9 flexografia? - ProjetoPack<\/title>\n<meta name=\"description\" content=\"A flexografia \u00e9 um sistema de impress\u00e3o direto e rotativo, bastante popular e vers\u00e1til - que se utiliza de clich\u00eas em relevo.\" \/>\n<meta name=\"robots\" content=\"index, follow, max-snippet:-1, max-image-preview:large, max-video-preview:-1\" \/>\n<link rel=\"canonical\" href=\"https:\/\/projetopack.com.br\/en\/o-que-e-flexografia\/\" \/>\n<meta property=\"og:locale\" content=\"en_US\" \/>\n<meta property=\"og:type\" content=\"article\" \/>\n<meta property=\"og:title\" content=\"O que \u00e9 flexografia?\" \/>\n<meta property=\"og:description\" content=\"A flexografia \u00e9 um sistema de impress\u00e3o direto e rotativo, bastante popular e vers\u00e1til - que se utiliza de clich\u00eas em relevo.\" \/>\n<meta property=\"og:url\" content=\"https:\/\/projetopack.com.br\/en\/o-que-e-flexografia\/\" \/>\n<meta property=\"og:site_name\" content=\"ProjetoPack\" \/>\n<meta property=\"article:published_time\" content=\"2021-04-29T15:54:08+00:00\" \/>\n<meta property=\"article:modified_time\" content=\"2021-04-30T04:00:35+00:00\" \/>\n<meta property=\"og:image\" content=\"https:\/\/projetopack.com.br\/wp-content\/uploads\/2021\/04\/Capas-Lessons-3-1080x1080-1.png\" \/>\n\t<meta property=\"og:image:width\" content=\"1080\" \/>\n\t<meta property=\"og:image:height\" content=\"1080\" \/>\n\t<meta property=\"og:image:type\" content=\"image\/png\" \/>\n<meta name=\"author\" content=\"Aislan Baer\" \/>\n<meta name=\"twitter:card\" content=\"summary_large_image\" \/>\n<meta name=\"twitter:creator\" content=\"@ProjetoPack\" \/>\n<meta name=\"twitter:site\" content=\"@ProjetoPack\" \/>\n<meta name=\"twitter:label1\" content=\"Written by\" \/>\n\t<meta name=\"twitter:data1\" content=\"Aislan Baer\" \/>\n\t<meta name=\"twitter:label2\" content=\"Est. reading time\" \/>\n\t<meta name=\"twitter:data2\" content=\"9 minutes\" \/>\n<script type=\"application\/ld+json\" class=\"yoast-schema-graph\">{\"@context\":\"https:\/\/schema.org\",\"@graph\":[{\"@type\":\"ScholarlyArticle\",\"@id\":\"https:\/\/projetopack.com.br\/en\/o-que-e-flexografia\/#article\",\"isPartOf\":{\"@id\":\"https:\/\/projetopack.com.br\/en\/o-que-e-flexografia\/\"},\"author\":{\"name\":\"Aislan Baer\",\"@id\":\"https:\/\/projetopack.com.br\/#\/schema\/person\/87cbd7d1e244880886d457815ebd2490\"},\"headline\":\"O que \u00e9 flexografia?\",\"datePublished\":\"2021-04-29T15:54:08+00:00\",\"dateModified\":\"2021-04-30T04:00:35+00:00\",\"mainEntityOfPage\":{\"@id\":\"https:\/\/projetopack.com.br\/en\/o-que-e-flexografia\/\"},\"wordCount\":1730,\"commentCount\":4,\"publisher\":{\"@id\":\"https:\/\/projetopack.com.br\/#organization\"},\"image\":{\"@id\":\"https:\/\/projetopack.com.br\/en\/o-que-e-flexografia\/#primaryimage\"},\"thumbnailUrl\":\"https:\/\/projetopack.com.br\/wp-content\/uploads\/2021\/04\/Capas-Lessons-3-1080x1080-1.png\",\"keywords\":[\"clich\u00ea\",\"clicheria\",\"flexo\",\"flexografia\",\"impressora flexo\",\"Impressora Flexogr\u00e1fica\"],\"articleSection\":[\"PackLessons\"],\"inLanguage\":\"en-US\",\"potentialAction\":[{\"@type\":\"CommentAction\",\"name\":\"Comment\",\"target\":[\"https:\/\/projetopack.com.br\/en\/o-que-e-flexografia\/#respond\"]}]},{\"@type\":\"WebPage\",\"@id\":\"https:\/\/projetopack.com.br\/en\/o-que-e-flexografia\/\",\"url\":\"https:\/\/projetopack.com.br\/en\/o-que-e-flexografia\/\",\"name\":\"O que \u00e9 flexografia? - ProjetoPack\",\"isPartOf\":{\"@id\":\"https:\/\/projetopack.com.br\/#website\"},\"primaryImageOfPage\":{\"@id\":\"https:\/\/projetopack.com.br\/en\/o-que-e-flexografia\/#primaryimage\"},\"image\":{\"@id\":\"https:\/\/projetopack.com.br\/en\/o-que-e-flexografia\/#primaryimage\"},\"thumbnailUrl\":\"https:\/\/projetopack.com.br\/wp-content\/uploads\/2021\/04\/Capas-Lessons-3-1080x1080-1.png\",\"datePublished\":\"2021-04-29T15:54:08+00:00\",\"dateModified\":\"2021-04-30T04:00:35+00:00\",\"description\":\"A flexografia \u00e9 um sistema de impress\u00e3o direto e rotativo, bastante popular e vers\u00e1til - que se utiliza de clich\u00eas em relevo.\",\"breadcrumb\":{\"@id\":\"https:\/\/projetopack.com.br\/en\/o-que-e-flexografia\/#breadcrumb\"},\"inLanguage\":\"en-US\",\"potentialAction\":[{\"@type\":\"ReadAction\",\"target\":[\"https:\/\/projetopack.com.br\/en\/o-que-e-flexografia\/\"]}]},{\"@type\":\"ImageObject\",\"inLanguage\":\"en-US\",\"@id\":\"https:\/\/projetopack.com.br\/en\/o-que-e-flexografia\/#primaryimage\",\"url\":\"https:\/\/projetopack.com.br\/wp-content\/uploads\/2021\/04\/Capas-Lessons-3-1080x1080-1.png\",\"contentUrl\":\"https:\/\/projetopack.com.br\/wp-content\/uploads\/2021\/04\/Capas-Lessons-3-1080x1080-1.png\",\"width\":1080,\"height\":1080,\"caption\":\"li\u00e7\u00f5es de embalagens e impress\u00e3o\"},{\"@type\":\"BreadcrumbList\",\"@id\":\"https:\/\/projetopack.com.br\/en\/o-que-e-flexografia\/#breadcrumb\",\"itemListElement\":[{\"@type\":\"ListItem\",\"position\":1,\"name\":\"P\u00e1gina Inicial\",\"item\":\"https:\/\/projetopack.com.br\/\"},{\"@type\":\"ListItem\",\"position\":2,\"name\":\"PackLessons\",\"item\":\"https:\/\/projetopack.com.br\/en\/category\/packlessons\/\"},{\"@type\":\"ListItem\",\"position\":3,\"name\":\"O que \u00e9 flexografia?\"}]},{\"@type\":\"WebSite\",\"@id\":\"https:\/\/projetopack.com.br\/#website\",\"url\":\"https:\/\/projetopack.com.br\/\",\"name\":\"ProjetoPack\",\"description\":\"Consultoria e servi\u00e7os para embalagens, r\u00f3tulos, etiquetas e processos de impress\u00e3o\",\"publisher\":{\"@id\":\"https:\/\/projetopack.com.br\/#organization\"},\"potentialAction\":[{\"@type\":\"SearchAction\",\"target\":{\"@type\":\"EntryPoint\",\"urlTemplate\":\"https:\/\/projetopack.com.br\/?s={search_term_string}\"},\"query-input\":{\"@type\":\"PropertyValueSpecification\",\"valueRequired\":true,\"valueName\":\"search_term_string\"}}],\"inLanguage\":\"en-US\"},{\"@type\":\"Organization\",\"@id\":\"https:\/\/projetopack.com.br\/#organization\",\"name\":\"ProjetoPack & Associados\",\"url\":\"https:\/\/projetopack.com.br\/\",\"logo\":{\"@type\":\"ImageObject\",\"inLanguage\":\"en-US\",\"@id\":\"https:\/\/projetopack.com.br\/#\/schema\/logo\/image\/\",\"url\":\"https:\/\/projetopack.com.br\/wp-content\/uploads\/2020\/09\/projetopack.png\",\"contentUrl\":\"https:\/\/projetopack.com.br\/wp-content\/uploads\/2020\/09\/projetopack.png\",\"width\":200,\"height\":200,\"caption\":\"ProjetoPack & Associados\"},\"image\":{\"@id\":\"https:\/\/projetopack.com.br\/#\/schema\/logo\/image\/\"},\"sameAs\":[\"https:\/\/x.com\/ProjetoPack\",\"https:\/\/www.linkedin.com\/company\/projetopack\/\"]},{\"@type\":\"Person\",\"@id\":\"https:\/\/projetopack.com.br\/#\/schema\/person\/87cbd7d1e244880886d457815ebd2490\",\"name\":\"Aislan Baer\",\"image\":{\"@type\":\"ImageObject\",\"inLanguage\":\"en-US\",\"@id\":\"https:\/\/projetopack.com.br\/#\/schema\/person\/image\/\",\"url\":\"https:\/\/projetopack.com.br\/wp-content\/uploads\/2021\/08\/Aislan-Busto-p-100x100.jpg\",\"contentUrl\":\"https:\/\/projetopack.com.br\/wp-content\/uploads\/2021\/08\/Aislan-Busto-p-100x100.jpg\",\"caption\":\"Aislan Baer\"},\"description\":\"Desde os \u00faltimos 20 anos, meu time e eu ajudamos mais de 300 empresas brasileiras e estrangeiras (algumas delas, l\u00edderes mundiais) a produzir embalagens flex\u00edveis e r\u00f3tulos com maior efici\u00eancia, menores custos e maior apelo visual, bem como centenas de donos de marcas a comprar suas embalagens flex\u00edveis e material impresso com um crit\u00e9rio mais t\u00e9cnico e assertivo. Ao mesmo tempo, gra\u00e7as \u00e0 nossa consultoria, muitas destas empresas melhoraram significativamente o seu processo de Impress\u00e3o (Impress\u00e3o de embalagens, Impress\u00e3o industrial, Impress\u00e3o funcional e, mais recentemente, bio impress\u00e3o e manufatura aditiva ou simplesmente Impress\u00e3o 3D). Se a sua empresa tem um problema relacionado a embalagens flex\u00edveis, r\u00f3tulos ou Impress\u00e3o, por mais insol\u00favel que lhe pare\u00e7a, aguardamos ansiosos a sua liga\u00e7\u00e3o ou e-mail. Este \u00e9 nosso trabalho e tamb\u00e9m a nossa paix\u00e3o.\",\"sameAs\":[\"http:\/\/www.projetopack.com\",\"https:\/\/www.linkedin.com\/in\/aislanbaer\/\"],\"jobTitle\":\"CEO @ ProjetoPack | L\u00edder em M&A no Setor de Impress\u00e3o e Embalagens no Brasil | Cofundador da Inovagraf e Neuraflow | Especialista em Inova\u00e7\u00e3o com IA na Impress\u00e3o | Printing Legacy Initiative | Empreendedor Serial\",\"url\":\"https:\/\/projetopack.com.br\/en\/author\/aislan\/\"}]}<\/script>\n<!-- \/ Yoast SEO Premium plugin. -->","yoast_head_json":{"title":"O que \u00e9 flexografia? - ProjetoPack","description":"A flexografia \u00e9 um sistema de impress\u00e3o direto e rotativo, bastante popular e vers\u00e1til - que se utiliza de clich\u00eas em relevo.","robots":{"index":"index","follow":"follow","max-snippet":"max-snippet:-1","max-image-preview":"max-image-preview:large","max-video-preview":"max-video-preview:-1"},"canonical":"https:\/\/projetopack.com.br\/en\/o-que-e-flexografia\/","og_locale":"en_US","og_type":"article","og_title":"O que \u00e9 flexografia?","og_description":"A flexografia \u00e9 um sistema de impress\u00e3o direto e rotativo, bastante popular e vers\u00e1til - que se utiliza de clich\u00eas em relevo.","og_url":"https:\/\/projetopack.com.br\/en\/o-que-e-flexografia\/","og_site_name":"ProjetoPack","article_published_time":"2021-04-29T15:54:08+00:00","article_modified_time":"2021-04-30T04:00:35+00:00","og_image":[{"width":1080,"height":1080,"url":"https:\/\/projetopack.com.br\/wp-content\/uploads\/2021\/04\/Capas-Lessons-3-1080x1080-1.png","type":"image\/png"}],"author":"Aislan Baer","twitter_card":"summary_large_image","twitter_creator":"@ProjetoPack","twitter_site":"@ProjetoPack","twitter_misc":{"Written by":"Aislan Baer","Est. reading time":"9 minutes"},"schema":{"@context":"https:\/\/schema.org","@graph":[{"@type":"ScholarlyArticle","@id":"https:\/\/projetopack.com.br\/en\/o-que-e-flexografia\/#article","isPartOf":{"@id":"https:\/\/projetopack.com.br\/en\/o-que-e-flexografia\/"},"author":{"name":"Aislan Baer","@id":"https:\/\/projetopack.com.br\/#\/schema\/person\/87cbd7d1e244880886d457815ebd2490"},"headline":"O que \u00e9 flexografia?","datePublished":"2021-04-29T15:54:08+00:00","dateModified":"2021-04-30T04:00:35+00:00","mainEntityOfPage":{"@id":"https:\/\/projetopack.com.br\/en\/o-que-e-flexografia\/"},"wordCount":1730,"commentCount":4,"publisher":{"@id":"https:\/\/projetopack.com.br\/#organization"},"image":{"@id":"https:\/\/projetopack.com.br\/en\/o-que-e-flexografia\/#primaryimage"},"thumbnailUrl":"https:\/\/projetopack.com.br\/wp-content\/uploads\/2021\/04\/Capas-Lessons-3-1080x1080-1.png","keywords":["clich\u00ea","clicheria","flexo","flexografia","impressora flexo","Impressora Flexogr\u00e1fica"],"articleSection":["PackLessons"],"inLanguage":"en-US","potentialAction":[{"@type":"CommentAction","name":"Comment","target":["https:\/\/projetopack.com.br\/en\/o-que-e-flexografia\/#respond"]}]},{"@type":"WebPage","@id":"https:\/\/projetopack.com.br\/en\/o-que-e-flexografia\/","url":"https:\/\/projetopack.com.br\/en\/o-que-e-flexografia\/","name":"O que \u00e9 flexografia? - ProjetoPack","isPartOf":{"@id":"https:\/\/projetopack.com.br\/#website"},"primaryImageOfPage":{"@id":"https:\/\/projetopack.com.br\/en\/o-que-e-flexografia\/#primaryimage"},"image":{"@id":"https:\/\/projetopack.com.br\/en\/o-que-e-flexografia\/#primaryimage"},"thumbnailUrl":"https:\/\/projetopack.com.br\/wp-content\/uploads\/2021\/04\/Capas-Lessons-3-1080x1080-1.png","datePublished":"2021-04-29T15:54:08+00:00","dateModified":"2021-04-30T04:00:35+00:00","description":"A flexografia \u00e9 um sistema de impress\u00e3o direto e rotativo, bastante popular e vers\u00e1til - que se utiliza de clich\u00eas em relevo.","breadcrumb":{"@id":"https:\/\/projetopack.com.br\/en\/o-que-e-flexografia\/#breadcrumb"},"inLanguage":"en-US","potentialAction":[{"@type":"ReadAction","target":["https:\/\/projetopack.com.br\/en\/o-que-e-flexografia\/"]}]},{"@type":"ImageObject","inLanguage":"en-US","@id":"https:\/\/projetopack.com.br\/en\/o-que-e-flexografia\/#primaryimage","url":"https:\/\/projetopack.com.br\/wp-content\/uploads\/2021\/04\/Capas-Lessons-3-1080x1080-1.png","contentUrl":"https:\/\/projetopack.com.br\/wp-content\/uploads\/2021\/04\/Capas-Lessons-3-1080x1080-1.png","width":1080,"height":1080,"caption":"li\u00e7\u00f5es de embalagens e impress\u00e3o"},{"@type":"BreadcrumbList","@id":"https:\/\/projetopack.com.br\/en\/o-que-e-flexografia\/#breadcrumb","itemListElement":[{"@type":"ListItem","position":1,"name":"P\u00e1gina Inicial","item":"https:\/\/projetopack.com.br\/"},{"@type":"ListItem","position":2,"name":"PackLessons","item":"https:\/\/projetopack.com.br\/en\/category\/packlessons\/"},{"@type":"ListItem","position":3,"name":"O que \u00e9 flexografia?"}]},{"@type":"WebSite","@id":"https:\/\/projetopack.com.br\/#website","url":"https:\/\/projetopack.com.br\/","name":"ProjetoPack","description":"Consultoria e servi\u00e7os para embalagens, r\u00f3tulos, etiquetas e processos de impress\u00e3o","publisher":{"@id":"https:\/\/projetopack.com.br\/#organization"},"potentialAction":[{"@type":"SearchAction","target":{"@type":"EntryPoint","urlTemplate":"https:\/\/projetopack.com.br\/?s={search_term_string}"},"query-input":{"@type":"PropertyValueSpecification","valueRequired":true,"valueName":"search_term_string"}}],"inLanguage":"en-US"},{"@type":"Organization","@id":"https:\/\/projetopack.com.br\/#organization","name":"ProjetoPack & Associados","url":"https:\/\/projetopack.com.br\/","logo":{"@type":"ImageObject","inLanguage":"en-US","@id":"https:\/\/projetopack.com.br\/#\/schema\/logo\/image\/","url":"https:\/\/projetopack.com.br\/wp-content\/uploads\/2020\/09\/projetopack.png","contentUrl":"https:\/\/projetopack.com.br\/wp-content\/uploads\/2020\/09\/projetopack.png","width":200,"height":200,"caption":"ProjetoPack & Associados"},"image":{"@id":"https:\/\/projetopack.com.br\/#\/schema\/logo\/image\/"},"sameAs":["https:\/\/x.com\/ProjetoPack","https:\/\/www.linkedin.com\/company\/projetopack\/"]},{"@type":"Person","@id":"https:\/\/projetopack.com.br\/#\/schema\/person\/87cbd7d1e244880886d457815ebd2490","name":"Aislan Baer","image":{"@type":"ImageObject","inLanguage":"en-US","@id":"https:\/\/projetopack.com.br\/#\/schema\/person\/image\/","url":"https:\/\/projetopack.com.br\/wp-content\/uploads\/2021\/08\/Aislan-Busto-p-100x100.jpg","contentUrl":"https:\/\/projetopack.com.br\/wp-content\/uploads\/2021\/08\/Aislan-Busto-p-100x100.jpg","caption":"Aislan Baer"},"description":"Desde os \u00faltimos 20 anos, meu time e eu ajudamos mais de 300 empresas brasileiras e estrangeiras (algumas delas, l\u00edderes mundiais) a produzir embalagens flex\u00edveis e r\u00f3tulos com maior efici\u00eancia, menores custos e maior apelo visual, bem como centenas de donos de marcas a comprar suas embalagens flex\u00edveis e material impresso com um crit\u00e9rio mais t\u00e9cnico e assertivo. Ao mesmo tempo, gra\u00e7as \u00e0 nossa consultoria, muitas destas empresas melhoraram significativamente o seu processo de Impress\u00e3o (Impress\u00e3o de embalagens, Impress\u00e3o industrial, Impress\u00e3o funcional e, mais recentemente, bio impress\u00e3o e manufatura aditiva ou simplesmente Impress\u00e3o 3D). Se a sua empresa tem um problema relacionado a embalagens flex\u00edveis, r\u00f3tulos ou Impress\u00e3o, por mais insol\u00favel que lhe pare\u00e7a, aguardamos ansiosos a sua liga\u00e7\u00e3o ou e-mail. Este \u00e9 nosso trabalho e tamb\u00e9m a nossa paix\u00e3o.","sameAs":["http:\/\/www.projetopack.com","https:\/\/www.linkedin.com\/in\/aislanbaer\/"],"jobTitle":"CEO @ ProjetoPack | L\u00edder em M&A no Setor de Impress\u00e3o e Embalagens no Brasil | Cofundador da Inovagraf e Neuraflow | Especialista em Inova\u00e7\u00e3o com IA na Impress\u00e3o | Printing Legacy Initiative | Empreendedor Serial","url":"https:\/\/projetopack.com.br\/en\/author\/aislan\/"}]}},"_links":{"self":[{"href":"https:\/\/projetopack.com.br\/en\/wp-json\/wp\/v2\/posts\/11196","targetHints":{"allow":["GET"]}}],"collection":[{"href":"https:\/\/projetopack.com.br\/en\/wp-json\/wp\/v2\/posts"}],"about":[{"href":"https:\/\/projetopack.com.br\/en\/wp-json\/wp\/v2\/types\/post"}],"author":[{"embeddable":true,"href":"https:\/\/projetopack.com.br\/en\/wp-json\/wp\/v2\/users\/2"}],"replies":[{"embeddable":true,"href":"https:\/\/projetopack.com.br\/en\/wp-json\/wp\/v2\/comments?post=11196"}],"version-history":[{"count":0,"href":"https:\/\/projetopack.com.br\/en\/wp-json\/wp\/v2\/posts\/11196\/revisions"}],"wp:featuredmedia":[{"embeddable":true,"href":"https:\/\/projetopack.com.br\/en\/wp-json\/wp\/v2\/media\/11215"}],"wp:attachment":[{"href":"https:\/\/projetopack.com.br\/en\/wp-json\/wp\/v2\/media?parent=11196"}],"wp:term":[{"taxonomy":"category","embeddable":true,"href":"https:\/\/projetopack.com.br\/en\/wp-json\/wp\/v2\/categories?post=11196"},{"taxonomy":"post_tag","embeddable":true,"href":"https:\/\/projetopack.com.br\/en\/wp-json\/wp\/v2\/tags?post=11196"}],"curies":[{"name":"wp","href":"https:\/\/api.w.org\/{rel}","templated":true}]}}