{"id":11222,"date":"2021-04-29T16:57:28","date_gmt":"2021-04-29T19:57:28","guid":{"rendered":"https:\/\/www.projetopack.com.br\/?p=11222"},"modified":"2021-04-30T01:04:07","modified_gmt":"2021-04-30T04:04:07","slug":"como-foi-a-drupa-virtual","status":"publish","type":"post","link":"https:\/\/projetopack.com.br\/en\/como-foi-a-drupa-virtual\/","title":{"rendered":"Como foi a Drupa virtual?"},"content":{"rendered":"<p>Pela primeira vez na hist\u00f3ria das &#8220;Artes Gr\u00e1ficas&#8221; (hoje Tecnologia Gr\u00e1fica) a Drupa, maior feira do nosso segmento, foi realizada virtualmente em fun\u00e7\u00e3o da pandemia da covid19.<\/p>\n\n\n\n<p>Entre os dias 20 a 23 de abril, gr\u00e1ficos em todo o mundo puderam ingressar em um site, assistir v\u00eddeos publicit\u00e1rios curtos e palestras previamente gravadas, cadastrar-se em sess\u00f5es de demonstra\u00e7\u00e3o ao vivo por \u00e1udio e v\u00eddeo e &#8220;conversar&#8221; com colegas por um sistema de chat.<\/p>\n\n\n\n<p>De acordo com a dire\u00e7\u00e3o do evento (evento que foi literalmente um tapa-buracos at\u00e9 que se possa efetivamente realizar o evento presencial em 2024), a feira virtual foi um sucesso e teve feedbacks excelentes tanto dos expositores, quanto dos visitantes.<\/p>\n\n\n\n<h2 class=\"wp-block-heading\" id=\"h-a-drupa-virtual-em-n-meros\">A Drupa virtual, em n\u00fameros<\/h2>\n\n\n\n<p class=\"has-cyan-bluish-gray-background-color has-background\">Nos n\u00fameros oficiais, 212 expositores provenientes de 35 pa\u00edses (e seus colegas de staff) apresentaram seus produtos e inova\u00e7\u00f5es dispostas em showrooms e proferiram mais de 125 sess\u00f5es de v\u00eddeo ao vivo com uma m\u00e9dia de 140 participantes cada. A dire\u00e7\u00e3o do evento salientou indicadores como mais de 600 mil visualiza\u00e7\u00f5es de p\u00e1ginas no site do evento e 45 mil usu\u00e1rios \u00fanicos.<\/p>\n\n\n\n<p>Cadastramos o nosso perfil na ferramenta de <em>matchmaking<\/em> e recebemos majoritariamente contatos de chineses nos ofertando todo o tipo de produto &#8211; de l\u00e2mpadas LED a cartuchos de impressoras recondicionados. <\/p>\n\n\n\n<p>N\u00e3o \u00e9 verdade que recebemos apenas esse tipo de abordagem, mas a maioria sim, foi o tipo de spam que estamos habituados a ver no pr\u00f3prio LinkedIn.<\/p>\n\n\n\n<p>Embora os fornecedores est\u00e3o realmente ficando bons em apresenta\u00e7\u00f5es ao vivo por v\u00eddeo chamada, at\u00e9 mesmo com o uso de c\u00e2meras de alta resolu\u00e7\u00e3o 4K, um roteiro bem feito e esmero nos detalhes visuais como <em>backgrounds<\/em> &#8211; num setor como o nosso, cuja experi\u00eancia visual e sensorial \u00e9 tudo &#8211; a virtualiza\u00e7\u00e3o n\u00e3o preenche bem a lacuna. \u00c9 a nossa opini\u00e3o.<\/p>\n\n\n\n<figure class=\"wp-block-pullquote\"><blockquote><p>Acreditamos que a maioria das empresas expositoras j\u00e1 havia ou apresentado as suas novidades mais importantes em eventos pr\u00f3prios antes da Drupa virtual ou est\u00e3o guardando suas disrup\u00e7\u00f5es para a primeira oportunidade presencial.<\/p><\/blockquote><\/figure>\n\n\n\n<p>Fato \u00e9 que a Drupa foi &#8220;pobre&#8221; em inova\u00e7\u00f5es. Muitos v\u00eddeos, ali\u00e1s, nem eram novos. Eram conte\u00fado recauchutado ou repaginado de 2019, in\u00edcio de 2020.<\/p>\n\n\n\n<p>Felizmente, a Drupa que estamos familiarizados e gostamos ocorrer\u00e1 em 2024 e, at\u00e9 l\u00e1, muitas \u00e1guas v\u00e3o rolar. O mais animador \u00e9 saber que estaremos em uma fase melhor (esperemos), e com a sa\u00fade f\u00edsica e mental em dia, poderemos viajar e interagir nos imensos e abarrotados pavilh\u00f5es da <strong>Messe Drupa<\/strong>.<\/p>\n\n\n\n<p><strong>Leia mais sobre o evento em nosso site:<\/strong><br><a href=\"https:\/\/projetopack.com.br\/comexi-exibe-inovacoes-na-drupa-virtual\/\">Comexi exibe inova\u00e7\u00f5es na Drupa virtual<\/a><br><a href=\"https:\/\/projetopack.com.br\/e-possivel-virtualizar%e2%80%8b-uma-drupa\/\">\u00c9 poss\u00edvel virtualizar uma Drupa?<\/a><\/p>","protected":false},"excerpt":{"rendered":"<p>Saiba como foi a vers\u00e3o digital da maior feira gr\u00e1fica do mundo<\/p>","protected":false},"author":12,"featured_media":11226,"comment_status":"open","ping_status":"closed","sticky":false,"template":"","format":"standard","meta":{"footnotes":""},"categories":[600],"tags":[46,781,744],"class_list":["post-11222","post","type-post","status-publish","format-standard","has-post-thumbnail","hentry","category-eventos","tag-drupa","tag-drupa-virtual","tag-feira-grafica"],"yoast_head":"<!-- This site is optimized with the Yoast SEO Premium plugin v27.1 (Yoast SEO v27.1.1) - https:\/\/yoast.com\/product\/yoast-seo-premium-wordpress\/ -->\n<title>Como foi a Drupa virtual? - ProjetoPack<\/title>\n<meta name=\"description\" content=\"A Drupa, maior feira do nosso segmento, foi realizada virtualmente em fun\u00e7\u00e3o da pandemia da covid19.\" \/>\n<meta name=\"robots\" content=\"index, follow, max-snippet:-1, max-image-preview:large, max-video-preview:-1\" \/>\n<link rel=\"canonical\" href=\"https:\/\/projetopack.com.br\/en\/como-foi-a-drupa-virtual\/\" \/>\n<meta property=\"og:locale\" content=\"en_US\" \/>\n<meta property=\"og:type\" content=\"article\" \/>\n<meta property=\"og:title\" content=\"Como foi a Drupa virtual?\" \/>\n<meta property=\"og:description\" content=\"A Drupa, maior feira do nosso segmento, foi realizada virtualmente em fun\u00e7\u00e3o da pandemia da covid19.\" \/>\n<meta property=\"og:url\" content=\"https:\/\/projetopack.com.br\/en\/como-foi-a-drupa-virtual\/\" \/>\n<meta property=\"og:site_name\" content=\"ProjetoPack\" \/>\n<meta property=\"article:published_time\" content=\"2021-04-29T19:57:28+00:00\" \/>\n<meta property=\"article:modified_time\" content=\"2021-04-30T04:04:07+00:00\" \/>\n<meta property=\"og:image\" content=\"https:\/\/projetopack.com.br\/wp-content\/uploads\/2021\/04\/virtualdrupa_credit_MaximilianBeck-scaled.jpg\" \/>\n\t<meta property=\"og:image:width\" content=\"2048\" \/>\n\t<meta property=\"og:image:height\" content=\"2048\" \/>\n\t<meta property=\"og:image:type\" content=\"image\/jpeg\" \/>\n<meta name=\"author\" content=\"Murilo Pinto Pereira\" \/>\n<meta name=\"twitter:card\" content=\"summary_large_image\" \/>\n<meta name=\"twitter:creator\" content=\"@ProjetoPack\" \/>\n<meta name=\"twitter:site\" content=\"@ProjetoPack\" \/>\n<meta name=\"twitter:label1\" content=\"Written by\" \/>\n\t<meta name=\"twitter:data1\" content=\"Murilo Pinto Pereira\" \/>\n\t<meta name=\"twitter:label2\" content=\"Est. reading time\" \/>\n\t<meta name=\"twitter:data2\" content=\"2 minutes\" \/>\n<script type=\"application\/ld+json\" class=\"yoast-schema-graph\">{\"@context\":\"https:\/\/schema.org\",\"@graph\":[{\"@type\":\"Article\",\"@id\":\"https:\/\/projetopack.com.br\/como-foi-a-drupa-virtual\/#article\",\"isPartOf\":{\"@id\":\"https:\/\/projetopack.com.br\/como-foi-a-drupa-virtual\/\"},\"author\":{\"name\":\"Murilo Pinto Pereira\",\"@id\":\"https:\/\/projetopack.com.br\/#\/schema\/person\/6e860f8340d3f2e089f05382c00b3e4b\"},\"headline\":\"Como foi a Drupa virtual?\",\"datePublished\":\"2021-04-29T19:57:28+00:00\",\"dateModified\":\"2021-04-30T04:04:07+00:00\",\"mainEntityOfPage\":{\"@id\":\"https:\/\/projetopack.com.br\/como-foi-a-drupa-virtual\/\"},\"wordCount\":461,\"commentCount\":0,\"publisher\":{\"@id\":\"https:\/\/projetopack.com.br\/#organization\"},\"image\":{\"@id\":\"https:\/\/projetopack.com.br\/como-foi-a-drupa-virtual\/#primaryimage\"},\"thumbnailUrl\":\"https:\/\/projetopack.com.br\/wp-content\/uploads\/2021\/04\/virtualdrupa_credit_MaximilianBeck-scaled.jpg\",\"keywords\":[\"Drupa\",\"drupa virtual\",\"feira gr\u00e1fica\"],\"articleSection\":[\"Eventos\"],\"inLanguage\":\"en-US\",\"potentialAction\":[{\"@type\":\"CommentAction\",\"name\":\"Comment\",\"target\":[\"https:\/\/projetopack.com.br\/como-foi-a-drupa-virtual\/#respond\"]}]},{\"@type\":\"WebPage\",\"@id\":\"https:\/\/projetopack.com.br\/como-foi-a-drupa-virtual\/\",\"url\":\"https:\/\/projetopack.com.br\/como-foi-a-drupa-virtual\/\",\"name\":\"Como foi a Drupa virtual? - ProjetoPack\",\"isPartOf\":{\"@id\":\"https:\/\/projetopack.com.br\/#website\"},\"primaryImageOfPage\":{\"@id\":\"https:\/\/projetopack.com.br\/como-foi-a-drupa-virtual\/#primaryimage\"},\"image\":{\"@id\":\"https:\/\/projetopack.com.br\/como-foi-a-drupa-virtual\/#primaryimage\"},\"thumbnailUrl\":\"https:\/\/projetopack.com.br\/wp-content\/uploads\/2021\/04\/virtualdrupa_credit_MaximilianBeck-scaled.jpg\",\"datePublished\":\"2021-04-29T19:57:28+00:00\",\"dateModified\":\"2021-04-30T04:04:07+00:00\",\"description\":\"A Drupa, maior feira do nosso segmento, foi realizada virtualmente em fun\u00e7\u00e3o da pandemia da covid19.\",\"breadcrumb\":{\"@id\":\"https:\/\/projetopack.com.br\/como-foi-a-drupa-virtual\/#breadcrumb\"},\"inLanguage\":\"en-US\",\"potentialAction\":[{\"@type\":\"ReadAction\",\"target\":[\"https:\/\/projetopack.com.br\/como-foi-a-drupa-virtual\/\"]}]},{\"@type\":\"ImageObject\",\"inLanguage\":\"en-US\",\"@id\":\"https:\/\/projetopack.com.br\/como-foi-a-drupa-virtual\/#primaryimage\",\"url\":\"https:\/\/projetopack.com.br\/wp-content\/uploads\/2021\/04\/virtualdrupa_credit_MaximilianBeck-scaled.jpg\",\"contentUrl\":\"https:\/\/projetopack.com.br\/wp-content\/uploads\/2021\/04\/virtualdrupa_credit_MaximilianBeck-scaled.jpg\",\"width\":2048,\"height\":2048,\"caption\":\"drupa virtual\"},{\"@type\":\"BreadcrumbList\",\"@id\":\"https:\/\/projetopack.com.br\/como-foi-a-drupa-virtual\/#breadcrumb\",\"itemListElement\":[{\"@type\":\"ListItem\",\"position\":1,\"name\":\"P\u00e1gina Inicial\",\"item\":\"https:\/\/projetopack.com.br\/\"},{\"@type\":\"ListItem\",\"position\":2,\"name\":\"Eventos\",\"item\":\"https:\/\/projetopack.com.br\/category\/eventos\/\"},{\"@type\":\"ListItem\",\"position\":3,\"name\":\"Como foi a Drupa virtual?\"}]},{\"@type\":\"WebSite\",\"@id\":\"https:\/\/projetopack.com.br\/#website\",\"url\":\"https:\/\/projetopack.com.br\/\",\"name\":\"ProjetoPack\",\"description\":\"Consultoria e servi\u00e7os para embalagens, r\u00f3tulos, etiquetas e processos de impress\u00e3o\",\"publisher\":{\"@id\":\"https:\/\/projetopack.com.br\/#organization\"},\"potentialAction\":[{\"@type\":\"SearchAction\",\"target\":{\"@type\":\"EntryPoint\",\"urlTemplate\":\"https:\/\/projetopack.com.br\/?s={search_term_string}\"},\"query-input\":{\"@type\":\"PropertyValueSpecification\",\"valueRequired\":true,\"valueName\":\"search_term_string\"}}],\"inLanguage\":\"en-US\"},{\"@type\":\"Organization\",\"@id\":\"https:\/\/projetopack.com.br\/#organization\",\"name\":\"ProjetoPack & Associados\",\"url\":\"https:\/\/projetopack.com.br\/\",\"logo\":{\"@type\":\"ImageObject\",\"inLanguage\":\"en-US\",\"@id\":\"https:\/\/projetopack.com.br\/#\/schema\/logo\/image\/\",\"url\":\"https:\/\/projetopack.com.br\/wp-content\/uploads\/2020\/09\/projetopack.png\",\"contentUrl\":\"https:\/\/projetopack.com.br\/wp-content\/uploads\/2020\/09\/projetopack.png\",\"width\":200,\"height\":200,\"caption\":\"ProjetoPack & Associados\"},\"image\":{\"@id\":\"https:\/\/projetopack.com.br\/#\/schema\/logo\/image\/\"},\"sameAs\":[\"https:\/\/x.com\/ProjetoPack\",\"https:\/\/www.linkedin.com\/company\/projetopack\/\"]},{\"@type\":\"Person\",\"@id\":\"https:\/\/projetopack.com.br\/#\/schema\/person\/6e860f8340d3f2e089f05382c00b3e4b\",\"name\":\"Murilo Pinto Pereira\",\"image\":{\"@type\":\"ImageObject\",\"inLanguage\":\"en-US\",\"@id\":\"https:\/\/projetopack.com.br\/#\/schema\/person\/image\/\",\"url\":\"https:\/\/secure.gravatar.com\/avatar\/e88bd6a2108abef484e059b32103eaab8e51ed452ebb33926c80dea054c7e6c7?s=96&d=mm&r=g\",\"contentUrl\":\"https:\/\/secure.gravatar.com\/avatar\/e88bd6a2108abef484e059b32103eaab8e51ed452ebb33926c80dea054c7e6c7?s=96&d=mm&r=g\",\"caption\":\"Murilo Pinto Pereira\"},\"sameAs\":[\"http:\/\/murilopereira.com.br\/\"],\"url\":\"https:\/\/projetopack.com.br\/en\/author\/murilo\/\"}]}<\/script>\n<!-- \/ Yoast SEO Premium plugin. -->","yoast_head_json":{"title":"Como foi a Drupa virtual? - ProjetoPack","description":"A Drupa, maior feira do nosso segmento, foi realizada virtualmente em fun\u00e7\u00e3o da pandemia da covid19.","robots":{"index":"index","follow":"follow","max-snippet":"max-snippet:-1","max-image-preview":"max-image-preview:large","max-video-preview":"max-video-preview:-1"},"canonical":"https:\/\/projetopack.com.br\/en\/como-foi-a-drupa-virtual\/","og_locale":"en_US","og_type":"article","og_title":"Como foi a Drupa virtual?","og_description":"A Drupa, maior feira do nosso segmento, foi realizada virtualmente em fun\u00e7\u00e3o da pandemia da covid19.","og_url":"https:\/\/projetopack.com.br\/en\/como-foi-a-drupa-virtual\/","og_site_name":"ProjetoPack","article_published_time":"2021-04-29T19:57:28+00:00","article_modified_time":"2021-04-30T04:04:07+00:00","og_image":[{"width":2048,"height":2048,"url":"https:\/\/projetopack.com.br\/wp-content\/uploads\/2021\/04\/virtualdrupa_credit_MaximilianBeck-scaled.jpg","type":"image\/jpeg"}],"author":"Murilo Pinto Pereira","twitter_card":"summary_large_image","twitter_creator":"@ProjetoPack","twitter_site":"@ProjetoPack","twitter_misc":{"Written by":"Murilo Pinto Pereira","Est. reading time":"2 minutes"},"schema":{"@context":"https:\/\/schema.org","@graph":[{"@type":"Article","@id":"https:\/\/projetopack.com.br\/como-foi-a-drupa-virtual\/#article","isPartOf":{"@id":"https:\/\/projetopack.com.br\/como-foi-a-drupa-virtual\/"},"author":{"name":"Murilo Pinto Pereira","@id":"https:\/\/projetopack.com.br\/#\/schema\/person\/6e860f8340d3f2e089f05382c00b3e4b"},"headline":"Como foi a Drupa virtual?","datePublished":"2021-04-29T19:57:28+00:00","dateModified":"2021-04-30T04:04:07+00:00","mainEntityOfPage":{"@id":"https:\/\/projetopack.com.br\/como-foi-a-drupa-virtual\/"},"wordCount":461,"commentCount":0,"publisher":{"@id":"https:\/\/projetopack.com.br\/#organization"},"image":{"@id":"https:\/\/projetopack.com.br\/como-foi-a-drupa-virtual\/#primaryimage"},"thumbnailUrl":"https:\/\/projetopack.com.br\/wp-content\/uploads\/2021\/04\/virtualdrupa_credit_MaximilianBeck-scaled.jpg","keywords":["Drupa","drupa virtual","feira gr\u00e1fica"],"articleSection":["Eventos"],"inLanguage":"en-US","potentialAction":[{"@type":"CommentAction","name":"Comment","target":["https:\/\/projetopack.com.br\/como-foi-a-drupa-virtual\/#respond"]}]},{"@type":"WebPage","@id":"https:\/\/projetopack.com.br\/como-foi-a-drupa-virtual\/","url":"https:\/\/projetopack.com.br\/como-foi-a-drupa-virtual\/","name":"Como foi a Drupa virtual? - ProjetoPack","isPartOf":{"@id":"https:\/\/projetopack.com.br\/#website"},"primaryImageOfPage":{"@id":"https:\/\/projetopack.com.br\/como-foi-a-drupa-virtual\/#primaryimage"},"image":{"@id":"https:\/\/projetopack.com.br\/como-foi-a-drupa-virtual\/#primaryimage"},"thumbnailUrl":"https:\/\/projetopack.com.br\/wp-content\/uploads\/2021\/04\/virtualdrupa_credit_MaximilianBeck-scaled.jpg","datePublished":"2021-04-29T19:57:28+00:00","dateModified":"2021-04-30T04:04:07+00:00","description":"A Drupa, maior feira do nosso segmento, foi realizada virtualmente em fun\u00e7\u00e3o da pandemia da covid19.","breadcrumb":{"@id":"https:\/\/projetopack.com.br\/como-foi-a-drupa-virtual\/#breadcrumb"},"inLanguage":"en-US","potentialAction":[{"@type":"ReadAction","target":["https:\/\/projetopack.com.br\/como-foi-a-drupa-virtual\/"]}]},{"@type":"ImageObject","inLanguage":"en-US","@id":"https:\/\/projetopack.com.br\/como-foi-a-drupa-virtual\/#primaryimage","url":"https:\/\/projetopack.com.br\/wp-content\/uploads\/2021\/04\/virtualdrupa_credit_MaximilianBeck-scaled.jpg","contentUrl":"https:\/\/projetopack.com.br\/wp-content\/uploads\/2021\/04\/virtualdrupa_credit_MaximilianBeck-scaled.jpg","width":2048,"height":2048,"caption":"drupa virtual"},{"@type":"BreadcrumbList","@id":"https:\/\/projetopack.com.br\/como-foi-a-drupa-virtual\/#breadcrumb","itemListElement":[{"@type":"ListItem","position":1,"name":"P\u00e1gina Inicial","item":"https:\/\/projetopack.com.br\/"},{"@type":"ListItem","position":2,"name":"Eventos","item":"https:\/\/projetopack.com.br\/category\/eventos\/"},{"@type":"ListItem","position":3,"name":"Como foi a Drupa virtual?"}]},{"@type":"WebSite","@id":"https:\/\/projetopack.com.br\/#website","url":"https:\/\/projetopack.com.br\/","name":"ProjetoPack","description":"Consultoria e servi\u00e7os para embalagens, r\u00f3tulos, etiquetas e processos de impress\u00e3o","publisher":{"@id":"https:\/\/projetopack.com.br\/#organization"},"potentialAction":[{"@type":"SearchAction","target":{"@type":"EntryPoint","urlTemplate":"https:\/\/projetopack.com.br\/?s={search_term_string}"},"query-input":{"@type":"PropertyValueSpecification","valueRequired":true,"valueName":"search_term_string"}}],"inLanguage":"en-US"},{"@type":"Organization","@id":"https:\/\/projetopack.com.br\/#organization","name":"ProjetoPack & Associados","url":"https:\/\/projetopack.com.br\/","logo":{"@type":"ImageObject","inLanguage":"en-US","@id":"https:\/\/projetopack.com.br\/#\/schema\/logo\/image\/","url":"https:\/\/projetopack.com.br\/wp-content\/uploads\/2020\/09\/projetopack.png","contentUrl":"https:\/\/projetopack.com.br\/wp-content\/uploads\/2020\/09\/projetopack.png","width":200,"height":200,"caption":"ProjetoPack & Associados"},"image":{"@id":"https:\/\/projetopack.com.br\/#\/schema\/logo\/image\/"},"sameAs":["https:\/\/x.com\/ProjetoPack","https:\/\/www.linkedin.com\/company\/projetopack\/"]},{"@type":"Person","@id":"https:\/\/projetopack.com.br\/#\/schema\/person\/6e860f8340d3f2e089f05382c00b3e4b","name":"Murilo Pinto Pereira","image":{"@type":"ImageObject","inLanguage":"en-US","@id":"https:\/\/projetopack.com.br\/#\/schema\/person\/image\/","url":"https:\/\/secure.gravatar.com\/avatar\/e88bd6a2108abef484e059b32103eaab8e51ed452ebb33926c80dea054c7e6c7?s=96&d=mm&r=g","contentUrl":"https:\/\/secure.gravatar.com\/avatar\/e88bd6a2108abef484e059b32103eaab8e51ed452ebb33926c80dea054c7e6c7?s=96&d=mm&r=g","caption":"Murilo Pinto Pereira"},"sameAs":["http:\/\/murilopereira.com.br\/"],"url":"https:\/\/projetopack.com.br\/en\/author\/murilo\/"}]}},"_links":{"self":[{"href":"https:\/\/projetopack.com.br\/en\/wp-json\/wp\/v2\/posts\/11222","targetHints":{"allow":["GET"]}}],"collection":[{"href":"https:\/\/projetopack.com.br\/en\/wp-json\/wp\/v2\/posts"}],"about":[{"href":"https:\/\/projetopack.com.br\/en\/wp-json\/wp\/v2\/types\/post"}],"author":[{"embeddable":true,"href":"https:\/\/projetopack.com.br\/en\/wp-json\/wp\/v2\/users\/12"}],"replies":[{"embeddable":true,"href":"https:\/\/projetopack.com.br\/en\/wp-json\/wp\/v2\/comments?post=11222"}],"version-history":[{"count":0,"href":"https:\/\/projetopack.com.br\/en\/wp-json\/wp\/v2\/posts\/11222\/revisions"}],"wp:featuredmedia":[{"embeddable":true,"href":"https:\/\/projetopack.com.br\/en\/wp-json\/wp\/v2\/media\/11226"}],"wp:attachment":[{"href":"https:\/\/projetopack.com.br\/en\/wp-json\/wp\/v2\/media?parent=11222"}],"wp:term":[{"taxonomy":"category","embeddable":true,"href":"https:\/\/projetopack.com.br\/en\/wp-json\/wp\/v2\/categories?post=11222"},{"taxonomy":"post_tag","embeddable":true,"href":"https:\/\/projetopack.com.br\/en\/wp-json\/wp\/v2\/tags?post=11222"}],"curies":[{"name":"wp","href":"https:\/\/api.w.org\/{rel}","templated":true}]}}