{"id":11239,"date":"2021-04-30T18:46:23","date_gmt":"2021-04-30T21:46:23","guid":{"rendered":"https:\/\/www.projetopack.com.br\/?p=11239"},"modified":"2021-04-30T18:47:26","modified_gmt":"2021-04-30T21:47:26","slug":"nylon-pode-ser-reciclado","status":"publish","type":"post","link":"https:\/\/projetopack.com.br\/en\/nylon-pode-ser-reciclado\/","title":{"rendered":"Nylon pode ser reciclado?"},"content":{"rendered":"<p>A multinacional <strong><a href=\"https:\/\/ube.es\/\" target=\"_blank\" rel=\"noreferrer noopener\">UBE<\/a><\/strong> afirma que o nylon pode ser reciclado e n\u00e3o afeta a reciclagem do polietileno.<\/p>\n\n\n\n<p>A partir de diversos estudos conduzidos internamente e externamente, a UBE mostrou, em sua apresenta\u00e7\u00e3o na <a href=\"http:\/\/www.ital.agricultura.sp.gov.br\/arquivos\/cetea\/eventos\/21_tappi\/tappi21_apresentacao_p.htm\" target=\"_blank\" rel=\"noreferrer noopener\">11<sup>a<\/sup> Confer\u00eancia<\/a> Internacional de Embalagens Flex\u00edveis <strong>TAPPI\/CETEA<\/strong>, que a reciclagem da nylon (poliamida ou PA) \u00e9 totalmente vi\u00e1vel.<\/p>\n\n\n\n<p>Um estudo conduzido a partir de um filme de 5 camadas, com 15% de co-poliamida, provou que \u00e9 poss\u00edvel reciclar o material.<\/p>\n\n\n\n<div class=\"wp-block-image\"><figure class=\"aligncenter size-full\"><img fetchpriority=\"high\" decoding=\"async\" width=\"708\" height=\"381\" src=\"https:\/\/projetopack.com.br\/wp-content\/uploads\/2021\/04\/image004.jpg\" alt=\"apresenta\u00e7\u00e3o da ube na tappi cetea\" class=\"wp-image-11240\" srcset=\"https:\/\/projetopack.com.br\/wp-content\/uploads\/2021\/04\/image004.jpg 708w, https:\/\/projetopack.com.br\/wp-content\/uploads\/2021\/04\/image004-300x161.jpg 300w, https:\/\/projetopack.com.br\/wp-content\/uploads\/2021\/04\/image004-600x323.jpg 600w, https:\/\/projetopack.com.br\/wp-content\/uploads\/2021\/04\/image004-768x413.jpg 768w\" sizes=\"(max-width: 708px) 100vw, 708px\" \/><\/figure><\/div>\n\n\n\n<h2 class=\"wp-block-heading\" id=\"h-nylon-pode-ser-reciclado-em-filmes-com-pe\">Nylon pode ser reciclado em filmes com PE?<\/h2>\n\n\n\n<p>Tamb\u00e9m \u00e9 importante ressaltar que a tecnologia de reciclagem testada \u00e9 compat\u00edvel com a usada na reciclagem de politileno (PE), o que comprova que filmes contendo PE\/PA s\u00e3o recicl\u00e1veis e sustent\u00e1veis. Ou seja, o fato de haver nylon na estrutura n\u00e3o compromete a corrente de reciclagem do polietileno.<\/p>\n\n\n\n<figure class=\"wp-block-pullquote\"><blockquote><p>\u201cCom isto, desmistificamos a n\u00e3o reciclabilidade do nylon\u201d<\/p><cite>edgar veloso, executivo de vendas t\u00e9cnicas da ube<\/cite><\/blockquote><\/figure>\n\n\n\n<p>Os estudos mostram ainda que: filmes multicamadas contendo mais que 5% de nylon na estrutura N\u00c3O s\u00e3o dif\u00edceis ou imposs\u00edveis de reciclar; a umidade contida no nylon N\u00c3O compromete o processo de reciclagem; e a presen\u00e7a de PA no material reciclado N\u00c3O gera instabilidade no processo de extrus\u00e3o, al\u00e9m de g\u00e9is ou outros problemas.<\/p>\n\n\n\n<p class=\"has-cyan-bluish-gray-background-color has-background\">\u201cPrecisamos difundir uma nova cultura sobre a reciclagem dos pl\u00e1sticos em especial sobre a reciclagem do nylon. \u00c9 preciso deixar claro que os filmes contendo PA (nylon) S\u00c3O recicl\u00e1veis e a poliamida N\u00c3O \u00e9 um contaminante nas correntes de PE\/PP\u201d, refor\u00e7a Edgar.&nbsp;<\/p>\n\n\n\n<p>Al\u00e9m disso, Edgar lembra das excelentes propriedades mec\u00e2nicas da poliamida: \u00e9 entre 3 e 6 vezes mais resistente que materiais convencionais, como o PE; \u00e9 entre 2 e 7 vezes mais resistente a perfura\u00e7\u00e3o; e entre 10 e 20 vezes mais resistente ao impacto no <em>drop test<\/em>. \u201cIsto coloca o nylon como o principal pol\u00edmero de engenharia para embalagens flex\u00edveis\u201d, afirma o executivo.<\/p>\n\n\n\n<h2 class=\"wp-block-heading\" id=\"h-embalagens-com-nylon-usam-menos-material\">Embalagens com nylon usam menos material?<\/h2>\n\n\n\n<p>Embalagens produzidas com nylon tamb\u00e9m usam menos material, mantendo um desempenho superior ao de outros materiais. \u201cEste t\u00f3pico est\u00e1 ligado \u00e0 sustentabilidade, uma vez que embalagens mais finas t\u00eam um impacto positivo ao gerar um volume menor de embalagens ap\u00f3s o descarte, e podem ser recicladas ap\u00f3s o uso. <\/p>\n\n\n\n<p>Sem contar que melhores propriedades barreira aumentam a <em>shelf life<\/em> do alimento e evitam seu desperd\u00edcio\u201d, conclui Edgar.<\/p>\n\n\n\n<p><strong>Leia mais sobre o assunto em nosso site:<\/strong><br><a href=\"https:\/\/projetopack.com.br\/ube-faz-seminario-sobre-reciclagem-de-embalagens-com-nylon\/\">Ube faz semin\u00e1rio sobre reciclagem de nylon<\/a><\/p>","protected":false},"excerpt":{"rendered":"<p>A multinacional UBE afirma que o nylon pode ser reciclado e n\u00e3o afeta a reciclagem do PE<\/p>","protected":false},"author":18,"featured_media":7662,"comment_status":"open","ping_status":"closed","sticky":false,"template":"","format":"standard","meta":{"footnotes":""},"categories":[600],"tags":[543,658,542,279,541],"class_list":["post-11239","post","type-post","status-publish","format-standard","has-post-thumbnail","hentry","category-eventos","tag-nylon","tag-reciclabilidade","tag-reciclagem","tag-sustentabilidade","tag-ube"],"yoast_head":"<!-- This site is optimized with the Yoast SEO Premium plugin v27.1 (Yoast SEO v27.1.1) - https:\/\/yoast.com\/product\/yoast-seo-premium-wordpress\/ -->\n<title>Nylon pode ser reciclado? - ProjetoPack<\/title>\n<meta name=\"description\" content=\"A multinacional UBE afirma que o nylon pode ser reciclado e n\u00e3o afeta a reciclagem do polietileno.\" \/>\n<meta name=\"robots\" content=\"index, follow, max-snippet:-1, max-image-preview:large, max-video-preview:-1\" \/>\n<link rel=\"canonical\" href=\"https:\/\/projetopack.com.br\/en\/nylon-pode-ser-reciclado\/\" \/>\n<meta property=\"og:locale\" content=\"en_US\" \/>\n<meta property=\"og:type\" content=\"article\" \/>\n<meta property=\"og:title\" content=\"Nylon pode ser reciclado?\" \/>\n<meta property=\"og:description\" content=\"A multinacional UBE afirma que o nylon pode ser reciclado e n\u00e3o afeta a reciclagem do polietileno.\" \/>\n<meta property=\"og:url\" content=\"https:\/\/projetopack.com.br\/en\/nylon-pode-ser-reciclado\/\" \/>\n<meta property=\"og:site_name\" content=\"ProjetoPack\" \/>\n<meta property=\"article:published_time\" content=\"2021-04-30T21:46:23+00:00\" \/>\n<meta property=\"article:modified_time\" content=\"2021-04-30T21:47:26+00:00\" \/>\n<meta property=\"og:image\" content=\"https:\/\/projetopack.com.br\/wp-content\/uploads\/2020\/10\/logo-ube-1.png\" \/>\n\t<meta property=\"og:image:width\" content=\"225\" \/>\n\t<meta property=\"og:image:height\" content=\"225\" \/>\n\t<meta property=\"og:image:type\" content=\"image\/png\" \/>\n<meta name=\"author\" content=\"Andrea\" \/>\n<meta name=\"twitter:card\" content=\"summary_large_image\" \/>\n<meta name=\"twitter:creator\" content=\"@ProjetoPack\" \/>\n<meta name=\"twitter:site\" content=\"@ProjetoPack\" \/>\n<meta name=\"twitter:label1\" content=\"Written by\" \/>\n\t<meta name=\"twitter:data1\" content=\"Andrea\" \/>\n\t<meta name=\"twitter:label2\" content=\"Est. reading time\" \/>\n\t<meta name=\"twitter:data2\" content=\"2 minutes\" \/>\n<script type=\"application\/ld+json\" class=\"yoast-schema-graph\">{\"@context\":\"https:\/\/schema.org\",\"@graph\":[{\"@type\":\"Article\",\"@id\":\"https:\/\/projetopack.com.br\/en\/nylon-pode-ser-reciclado\/#article\",\"isPartOf\":{\"@id\":\"https:\/\/projetopack.com.br\/en\/nylon-pode-ser-reciclado\/\"},\"author\":{\"name\":\"Andrea\",\"@id\":\"https:\/\/projetopack.com.br\/#\/schema\/person\/d17c72a4bc2b7e461496dd8a14d4cef1\"},\"headline\":\"Nylon pode ser reciclado?\",\"datePublished\":\"2021-04-30T21:46:23+00:00\",\"dateModified\":\"2021-04-30T21:47:26+00:00\",\"mainEntityOfPage\":{\"@id\":\"https:\/\/projetopack.com.br\/en\/nylon-pode-ser-reciclado\/\"},\"wordCount\":423,\"commentCount\":0,\"publisher\":{\"@id\":\"https:\/\/projetopack.com.br\/#organization\"},\"image\":{\"@id\":\"https:\/\/projetopack.com.br\/en\/nylon-pode-ser-reciclado\/#primaryimage\"},\"thumbnailUrl\":\"https:\/\/projetopack.com.br\/wp-content\/uploads\/2020\/10\/logo-ube-1.png\",\"keywords\":[\"nylon\",\"reciclabilidade\",\"reciclagem\",\"Sustentabilidade\",\"ube\"],\"articleSection\":[\"Eventos\"],\"inLanguage\":\"en-US\",\"potentialAction\":[{\"@type\":\"CommentAction\",\"name\":\"Comment\",\"target\":[\"https:\/\/projetopack.com.br\/en\/nylon-pode-ser-reciclado\/#respond\"]}]},{\"@type\":\"WebPage\",\"@id\":\"https:\/\/projetopack.com.br\/en\/nylon-pode-ser-reciclado\/\",\"url\":\"https:\/\/projetopack.com.br\/en\/nylon-pode-ser-reciclado\/\",\"name\":\"Nylon pode ser reciclado? - ProjetoPack\",\"isPartOf\":{\"@id\":\"https:\/\/projetopack.com.br\/#website\"},\"primaryImageOfPage\":{\"@id\":\"https:\/\/projetopack.com.br\/en\/nylon-pode-ser-reciclado\/#primaryimage\"},\"image\":{\"@id\":\"https:\/\/projetopack.com.br\/en\/nylon-pode-ser-reciclado\/#primaryimage\"},\"thumbnailUrl\":\"https:\/\/projetopack.com.br\/wp-content\/uploads\/2020\/10\/logo-ube-1.png\",\"datePublished\":\"2021-04-30T21:46:23+00:00\",\"dateModified\":\"2021-04-30T21:47:26+00:00\",\"description\":\"A multinacional UBE afirma que o nylon pode ser reciclado e n\u00e3o afeta a reciclagem do polietileno.\",\"breadcrumb\":{\"@id\":\"https:\/\/projetopack.com.br\/en\/nylon-pode-ser-reciclado\/#breadcrumb\"},\"inLanguage\":\"en-US\",\"potentialAction\":[{\"@type\":\"ReadAction\",\"target\":[\"https:\/\/projetopack.com.br\/en\/nylon-pode-ser-reciclado\/\"]}]},{\"@type\":\"ImageObject\",\"inLanguage\":\"en-US\",\"@id\":\"https:\/\/projetopack.com.br\/en\/nylon-pode-ser-reciclado\/#primaryimage\",\"url\":\"https:\/\/projetopack.com.br\/wp-content\/uploads\/2020\/10\/logo-ube-1.png\",\"contentUrl\":\"https:\/\/projetopack.com.br\/wp-content\/uploads\/2020\/10\/logo-ube-1.png\",\"width\":225,\"height\":225},{\"@type\":\"BreadcrumbList\",\"@id\":\"https:\/\/projetopack.com.br\/en\/nylon-pode-ser-reciclado\/#breadcrumb\",\"itemListElement\":[{\"@type\":\"ListItem\",\"position\":1,\"name\":\"P\u00e1gina Inicial\",\"item\":\"https:\/\/projetopack.com.br\/\"},{\"@type\":\"ListItem\",\"position\":2,\"name\":\"Eventos\",\"item\":\"https:\/\/projetopack.com.br\/category\/eventos\/\"},{\"@type\":\"ListItem\",\"position\":3,\"name\":\"Nylon pode ser reciclado?\"}]},{\"@type\":\"WebSite\",\"@id\":\"https:\/\/projetopack.com.br\/#website\",\"url\":\"https:\/\/projetopack.com.br\/\",\"name\":\"ProjetoPack\",\"description\":\"Consultoria e servi\u00e7os para embalagens, r\u00f3tulos, etiquetas e processos de impress\u00e3o\",\"publisher\":{\"@id\":\"https:\/\/projetopack.com.br\/#organization\"},\"potentialAction\":[{\"@type\":\"SearchAction\",\"target\":{\"@type\":\"EntryPoint\",\"urlTemplate\":\"https:\/\/projetopack.com.br\/?s={search_term_string}\"},\"query-input\":{\"@type\":\"PropertyValueSpecification\",\"valueRequired\":true,\"valueName\":\"search_term_string\"}}],\"inLanguage\":\"en-US\"},{\"@type\":\"Organization\",\"@id\":\"https:\/\/projetopack.com.br\/#organization\",\"name\":\"ProjetoPack & Associados\",\"url\":\"https:\/\/projetopack.com.br\/\",\"logo\":{\"@type\":\"ImageObject\",\"inLanguage\":\"en-US\",\"@id\":\"https:\/\/projetopack.com.br\/#\/schema\/logo\/image\/\",\"url\":\"https:\/\/projetopack.com.br\/wp-content\/uploads\/2020\/09\/projetopack.png\",\"contentUrl\":\"https:\/\/projetopack.com.br\/wp-content\/uploads\/2020\/09\/projetopack.png\",\"width\":200,\"height\":200,\"caption\":\"ProjetoPack & Associados\"},\"image\":{\"@id\":\"https:\/\/projetopack.com.br\/#\/schema\/logo\/image\/\"},\"sameAs\":[\"https:\/\/x.com\/ProjetoPack\",\"https:\/\/www.linkedin.com\/company\/projetopack\/\"]},{\"@type\":\"Person\",\"@id\":\"https:\/\/projetopack.com.br\/#\/schema\/person\/d17c72a4bc2b7e461496dd8a14d4cef1\",\"name\":\"Andrea\",\"image\":{\"@type\":\"ImageObject\",\"inLanguage\":\"en-US\",\"@id\":\"https:\/\/projetopack.com.br\/#\/schema\/person\/image\/\",\"url\":\"https:\/\/projetopack.com.br\/wp-content\/uploads\/2026\/03\/eu-150x150.jpg\",\"contentUrl\":\"https:\/\/projetopack.com.br\/wp-content\/uploads\/2026\/03\/eu-150x150.jpg\",\"caption\":\"Andrea\"},\"url\":\"https:\/\/projetopack.com.br\/en\/author\/andrea\/\"}]}<\/script>\n<!-- \/ Yoast SEO Premium plugin. -->","yoast_head_json":{"title":"Nylon pode ser reciclado? - ProjetoPack","description":"A multinacional UBE afirma que o nylon pode ser reciclado e n\u00e3o afeta a reciclagem do polietileno.","robots":{"index":"index","follow":"follow","max-snippet":"max-snippet:-1","max-image-preview":"max-image-preview:large","max-video-preview":"max-video-preview:-1"},"canonical":"https:\/\/projetopack.com.br\/en\/nylon-pode-ser-reciclado\/","og_locale":"en_US","og_type":"article","og_title":"Nylon pode ser reciclado?","og_description":"A multinacional UBE afirma que o nylon pode ser reciclado e n\u00e3o afeta a reciclagem do polietileno.","og_url":"https:\/\/projetopack.com.br\/en\/nylon-pode-ser-reciclado\/","og_site_name":"ProjetoPack","article_published_time":"2021-04-30T21:46:23+00:00","article_modified_time":"2021-04-30T21:47:26+00:00","og_image":[{"width":225,"height":225,"url":"https:\/\/projetopack.com.br\/wp-content\/uploads\/2020\/10\/logo-ube-1.png","type":"image\/png"}],"author":"Andrea","twitter_card":"summary_large_image","twitter_creator":"@ProjetoPack","twitter_site":"@ProjetoPack","twitter_misc":{"Written by":"Andrea","Est. reading time":"2 minutes"},"schema":{"@context":"https:\/\/schema.org","@graph":[{"@type":"Article","@id":"https:\/\/projetopack.com.br\/en\/nylon-pode-ser-reciclado\/#article","isPartOf":{"@id":"https:\/\/projetopack.com.br\/en\/nylon-pode-ser-reciclado\/"},"author":{"name":"Andrea","@id":"https:\/\/projetopack.com.br\/#\/schema\/person\/d17c72a4bc2b7e461496dd8a14d4cef1"},"headline":"Nylon pode ser reciclado?","datePublished":"2021-04-30T21:46:23+00:00","dateModified":"2021-04-30T21:47:26+00:00","mainEntityOfPage":{"@id":"https:\/\/projetopack.com.br\/en\/nylon-pode-ser-reciclado\/"},"wordCount":423,"commentCount":0,"publisher":{"@id":"https:\/\/projetopack.com.br\/#organization"},"image":{"@id":"https:\/\/projetopack.com.br\/en\/nylon-pode-ser-reciclado\/#primaryimage"},"thumbnailUrl":"https:\/\/projetopack.com.br\/wp-content\/uploads\/2020\/10\/logo-ube-1.png","keywords":["nylon","reciclabilidade","reciclagem","Sustentabilidade","ube"],"articleSection":["Eventos"],"inLanguage":"en-US","potentialAction":[{"@type":"CommentAction","name":"Comment","target":["https:\/\/projetopack.com.br\/en\/nylon-pode-ser-reciclado\/#respond"]}]},{"@type":"WebPage","@id":"https:\/\/projetopack.com.br\/en\/nylon-pode-ser-reciclado\/","url":"https:\/\/projetopack.com.br\/en\/nylon-pode-ser-reciclado\/","name":"Nylon pode ser reciclado? - ProjetoPack","isPartOf":{"@id":"https:\/\/projetopack.com.br\/#website"},"primaryImageOfPage":{"@id":"https:\/\/projetopack.com.br\/en\/nylon-pode-ser-reciclado\/#primaryimage"},"image":{"@id":"https:\/\/projetopack.com.br\/en\/nylon-pode-ser-reciclado\/#primaryimage"},"thumbnailUrl":"https:\/\/projetopack.com.br\/wp-content\/uploads\/2020\/10\/logo-ube-1.png","datePublished":"2021-04-30T21:46:23+00:00","dateModified":"2021-04-30T21:47:26+00:00","description":"A multinacional UBE afirma que o nylon pode ser reciclado e n\u00e3o afeta a reciclagem do polietileno.","breadcrumb":{"@id":"https:\/\/projetopack.com.br\/en\/nylon-pode-ser-reciclado\/#breadcrumb"},"inLanguage":"en-US","potentialAction":[{"@type":"ReadAction","target":["https:\/\/projetopack.com.br\/en\/nylon-pode-ser-reciclado\/"]}]},{"@type":"ImageObject","inLanguage":"en-US","@id":"https:\/\/projetopack.com.br\/en\/nylon-pode-ser-reciclado\/#primaryimage","url":"https:\/\/projetopack.com.br\/wp-content\/uploads\/2020\/10\/logo-ube-1.png","contentUrl":"https:\/\/projetopack.com.br\/wp-content\/uploads\/2020\/10\/logo-ube-1.png","width":225,"height":225},{"@type":"BreadcrumbList","@id":"https:\/\/projetopack.com.br\/en\/nylon-pode-ser-reciclado\/#breadcrumb","itemListElement":[{"@type":"ListItem","position":1,"name":"P\u00e1gina Inicial","item":"https:\/\/projetopack.com.br\/"},{"@type":"ListItem","position":2,"name":"Eventos","item":"https:\/\/projetopack.com.br\/category\/eventos\/"},{"@type":"ListItem","position":3,"name":"Nylon pode ser reciclado?"}]},{"@type":"WebSite","@id":"https:\/\/projetopack.com.br\/#website","url":"https:\/\/projetopack.com.br\/","name":"ProjetoPack","description":"Consultoria e servi\u00e7os para embalagens, r\u00f3tulos, etiquetas e processos de impress\u00e3o","publisher":{"@id":"https:\/\/projetopack.com.br\/#organization"},"potentialAction":[{"@type":"SearchAction","target":{"@type":"EntryPoint","urlTemplate":"https:\/\/projetopack.com.br\/?s={search_term_string}"},"query-input":{"@type":"PropertyValueSpecification","valueRequired":true,"valueName":"search_term_string"}}],"inLanguage":"en-US"},{"@type":"Organization","@id":"https:\/\/projetopack.com.br\/#organization","name":"ProjetoPack & Associados","url":"https:\/\/projetopack.com.br\/","logo":{"@type":"ImageObject","inLanguage":"en-US","@id":"https:\/\/projetopack.com.br\/#\/schema\/logo\/image\/","url":"https:\/\/projetopack.com.br\/wp-content\/uploads\/2020\/09\/projetopack.png","contentUrl":"https:\/\/projetopack.com.br\/wp-content\/uploads\/2020\/09\/projetopack.png","width":200,"height":200,"caption":"ProjetoPack & Associados"},"image":{"@id":"https:\/\/projetopack.com.br\/#\/schema\/logo\/image\/"},"sameAs":["https:\/\/x.com\/ProjetoPack","https:\/\/www.linkedin.com\/company\/projetopack\/"]},{"@type":"Person","@id":"https:\/\/projetopack.com.br\/#\/schema\/person\/d17c72a4bc2b7e461496dd8a14d4cef1","name":"Andrea","image":{"@type":"ImageObject","inLanguage":"en-US","@id":"https:\/\/projetopack.com.br\/#\/schema\/person\/image\/","url":"https:\/\/projetopack.com.br\/wp-content\/uploads\/2026\/03\/eu-150x150.jpg","contentUrl":"https:\/\/projetopack.com.br\/wp-content\/uploads\/2026\/03\/eu-150x150.jpg","caption":"Andrea"},"url":"https:\/\/projetopack.com.br\/en\/author\/andrea\/"}]}},"_links":{"self":[{"href":"https:\/\/projetopack.com.br\/en\/wp-json\/wp\/v2\/posts\/11239","targetHints":{"allow":["GET"]}}],"collection":[{"href":"https:\/\/projetopack.com.br\/en\/wp-json\/wp\/v2\/posts"}],"about":[{"href":"https:\/\/projetopack.com.br\/en\/wp-json\/wp\/v2\/types\/post"}],"author":[{"embeddable":true,"href":"https:\/\/projetopack.com.br\/en\/wp-json\/wp\/v2\/users\/18"}],"replies":[{"embeddable":true,"href":"https:\/\/projetopack.com.br\/en\/wp-json\/wp\/v2\/comments?post=11239"}],"version-history":[{"count":0,"href":"https:\/\/projetopack.com.br\/en\/wp-json\/wp\/v2\/posts\/11239\/revisions"}],"wp:featuredmedia":[{"embeddable":true,"href":"https:\/\/projetopack.com.br\/en\/wp-json\/wp\/v2\/media\/7662"}],"wp:attachment":[{"href":"https:\/\/projetopack.com.br\/en\/wp-json\/wp\/v2\/media?parent=11239"}],"wp:term":[{"taxonomy":"category","embeddable":true,"href":"https:\/\/projetopack.com.br\/en\/wp-json\/wp\/v2\/categories?post=11239"},{"taxonomy":"post_tag","embeddable":true,"href":"https:\/\/projetopack.com.br\/en\/wp-json\/wp\/v2\/tags?post=11239"}],"curies":[{"name":"wp","href":"https:\/\/api.w.org\/{rel}","templated":true}]}}