{"id":11452,"date":"2021-05-08T12:32:45","date_gmt":"2021-05-08T15:32:45","guid":{"rendered":"https:\/\/www.projetopack.com.br\/?p=11452"},"modified":"2021-05-08T12:32:50","modified_gmt":"2021-05-08T15:32:50","slug":"grupo-tiliform-instala-primeira-accuriolabel-230-do-brasil","status":"publish","type":"post","link":"https:\/\/projetopack.com.br\/en\/grupo-tiliform-instala-primeira-accuriolabel-230-do-brasil\/","title":{"rendered":"Grupo Tiliform instala primeira AccurioLabel 230 do Brasil"},"content":{"rendered":"<p>Fundado em 1985 como parte dos neg\u00f3cios do Grupo <a href=\"https:\/\/www.tilibra.com.br\/\" target=\"_blank\" rel=\"noreferrer noopener\">Tilibra<\/a>, tornando-se uma empresa independente quatro anos depois, o<strong> <a href=\"https:\/\/www.tiliform.com.br\/\" target=\"_blank\" rel=\"noreferrer noopener\">Tiliform Group<\/a><\/strong> acumula mais de 35 anos de experi\u00eancia no segmento gr\u00e1fico oferecendo uma atua\u00e7\u00e3o diversificada \u2013 desde produtos para os segmentos aliment\u00edcio, farmac\u00eautico e qu\u00edmico, at\u00e9 varejistas, supermercadistas, empresas do setor cosm\u00e9tico, de vestu\u00e1rio e bebidas.<\/p>\n\n\n\n<p>Em sua linha de produ\u00e7\u00e3o, dividida em dois parques fabris, encontram-se itens como embalagens flex\u00edveis, r\u00f3tulos, etiquetas adesivas e bobinas t\u00e9rmicas (recibo para terminais de checkout) \u2013 com certifica\u00e7\u00e3o ISO 9001 para seu sistema de controle de qualidade.<\/p>\n\n\n\n<p class=\"has-cyan-bluish-gray-background-color has-background\">Com longa experi\u00eancia em tecnologia flexogr\u00e1fica, agora o Grupo Tiliform est\u00e1 ampliando seu parque produtivo ao agregar a tecnologia de impress\u00e3o digital da marca <a href=\"https:\/\/www.konicaminolta.com\/br-pt\/index.html\" target=\"_blank\" rel=\"noreferrer noopener\">Konica Minolta<\/a> \u2013 no caso, a impressora para r\u00f3tulos <strong>AccurioLabel 230<\/strong>, o primeiro modelo instalado no Brasil.<\/p>\n\n\n\n<figure class=\"wp-block-embed is-type-video is-provider-youtube wp-block-embed-youtube wp-embed-aspect-16-9 wp-has-aspect-ratio\"><div class=\"wp-block-embed__wrapper\">\n<iframe title=\"AccurioLabel 230 Demo\" width=\"800\" height=\"450\" src=\"https:\/\/www.youtube.com\/embed\/1Nog9on3JkM?feature=oembed\" frameborder=\"0\" allow=\"accelerometer; autoplay; clipboard-write; encrypted-media; gyroscope; picture-in-picture\" allowfullscreen><\/iframe>\n<\/div><\/figure>\n\n\n\n<p>Com isso, a Tiliform se torna pioneira no pa\u00eds na tecnologia no que tange ao modelo mais recente de impress\u00e3o de r\u00f3tulos e etiquetas da Konica Minolta, que oferece velocidade de at\u00e9 23,4 metros\/minuto (modo de Produ\u00e7\u00e3o), resolu\u00e7\u00e3o de 3600x1200x 8bits, conta com tecnologia para controle de densidade autom\u00e1tico e n\u00e3o requer qualquer pr\u00e9-tratamento de m\u00eddia antes da impress\u00e3o.<\/p>\n\n\n\n<figure class=\"wp-block-pullquote\"><blockquote><p>\u201cA impressora da Konica Minolta \u00e9 a nossa primeira experi\u00eancia em impress\u00e3o digital de r\u00f3tulos e etiquetas. Optamos por investir no equipamento devido \u00e0 crescente demanda por menores tiragens e mais agilidade na entrega de r\u00f3tulos. Ap\u00f3s muitas an\u00e1lises de mercado e das novas tend\u00eancias, sentimos que era o momento ideal de darmos mais este importante passo para atender este \u00e0s necessidades dos nossos clientes\u201d<\/p><cite>ricardo coube, s\u00f3cio-diretor do grupo tiliform<\/cite><\/blockquote><\/figure>\n\n\n\n<p>Segundo ele, os desafios atuais do mercado, como aumento de exig\u00eancia por qualidade, produtividade, prazos apertados e pre\u00e7os competitivos, estiveram entre os fatores que levaram ao investimento.<\/p>\n\n\n\n<p>\u201cSentimos a necessidade de oferecer aos clientes uma alternativa que complementasse toda a nossa estrutura de neg\u00f3cio atual sem perder a qualidade de impress\u00e3o, cores e flexibilidade na produ\u00e7\u00e3o, com agilidade e custo de aquisi\u00e7\u00e3o e operacional compat\u00edveis aos iniciantes neste mundo de tecnologia digital. Ap\u00f3s an\u00e1lise minuciosa das diversas op\u00e7\u00f5es do mercado, a <strong>AccurioLabel 230, <\/strong>preencheu todos estes requisitos\u201d, destaca Ricardo.<\/p>\n\n\n\n<p>Outro ponto positivo, destacado pelo s\u00f3cio-diretor, est\u00e1 no atendimento prestado pela Konica Minolta.<\/p>\n\n\n\n<p>\u201cTem atendido \u00e0s nossas expectativas desde os contatos iniciais, com muita disponibilidade, conhecimento t\u00e9cnico e entendimento das nossas necessidades. Tivemos todo o acompanhamento t\u00e9cnico e comercial durante os dias de instala\u00e7\u00e3o da impressora e treinamentos das nossas equipes e esses cuidados est\u00e3o nos proporcionando uma boa experi\u00eancia de compra com a Konica Minolta\u201d, diz. <\/p>\n\n\n\n<p>\u201cAinda estamos fazendo alguns ajustes nas etapas de produ\u00e7\u00e3o como um sistema adicional de corte, revis\u00e3o e acabamentos, mas estamos muito otimistas com os testes e pedidos j\u00e1 realizados. A expectativa \u00e9 grande por tudo que poderemos oferecer para os nossos atuais e futuros clientes.\u201d<\/p>\n\n\n\n<p><strong>Leia mais sobre o assunto em nosso site:<\/strong><br><a href=\"https:\/\/projetopack.com.br\/siingulo-adquire-impressora-digital-accuriolabel-190-para-rotulos\/\">Singulo adquire impressora digital AccurioLabel 190<\/a><\/p>","protected":false},"excerpt":{"rendered":"<p>Fundado em 1985 como parte dos neg\u00f3cios do Grupo Tilibra, tornando-se uma empresa independente quatro anos depois, o Grupo Tiliform acumula mais de 35 anos de experi\u00eancia no segmento gr\u00e1fico oferecendo uma atua\u00e7\u00e3o diversificada \u2013 desde produtos para os segmentos aliment\u00edcio, farmac\u00eautico e qu\u00edmico, at\u00e9 varejistas, supermercadistas, empresas do setor cosm\u00e9tico, de vestu\u00e1rio e bebidas. [&hellip;]<\/p>\n","protected":false},"author":18,"featured_media":11453,"comment_status":"open","ping_status":"closed","sticky":false,"template":"","format":"standard","meta":{"footnotes":""},"categories":[458],"tags":[129,771,616,227,799],"class_list":["post-11452","post","type-post","status-publish","format-standard","has-post-thumbnail","hentry","category-lancamentos","tag-impressao-digital","tag-impressao-digital-de-rotulos","tag-konica","tag-konica-minolta","tag-tiliform"],"yoast_head":"<!-- This site is optimized with the Yoast SEO Premium plugin v27.1 (Yoast SEO v27.1.1) - https:\/\/yoast.com\/product\/yoast-seo-premium-wordpress\/ -->\n<title>Grupo Tiliform instala primeira AccurioLabel 230 do Brasil - ProjetoPack<\/title>\n<meta name=\"description\" content=\"O Grupo Tiliform acumula mais de 35 anos de experi\u00eancia no segmento gr\u00e1fico oferecendo uma atua\u00e7\u00e3o diversificada.\" \/>\n<meta name=\"robots\" content=\"index, follow, max-snippet:-1, max-image-preview:large, max-video-preview:-1\" \/>\n<link rel=\"canonical\" href=\"https:\/\/projetopack.com.br\/en\/grupo-tiliform-instala-primeira-accuriolabel-230-do-brasil\/\" \/>\n<meta property=\"og:locale\" content=\"en_US\" \/>\n<meta property=\"og:type\" content=\"article\" \/>\n<meta property=\"og:title\" content=\"Grupo Tiliform instala primeira AccurioLabel 230 do Brasil\" \/>\n<meta property=\"og:description\" content=\"O Grupo Tiliform acumula mais de 35 anos de experi\u00eancia no segmento gr\u00e1fico oferecendo uma atua\u00e7\u00e3o diversificada.\" \/>\n<meta property=\"og:url\" content=\"https:\/\/projetopack.com.br\/en\/grupo-tiliform-instala-primeira-accuriolabel-230-do-brasil\/\" \/>\n<meta property=\"og:site_name\" content=\"ProjetoPack\" \/>\n<meta property=\"article:published_time\" content=\"2021-05-08T15:32:45+00:00\" \/>\n<meta property=\"article:modified_time\" content=\"2021-05-08T15:32:50+00:00\" \/>\n<meta property=\"og:image\" content=\"https:\/\/projetopack.com.br\/wp-content\/uploads\/2021\/05\/Ricardo-Coube-ao-lado-da-AL230.jpg\" \/>\n\t<meta property=\"og:image:width\" content=\"1417\" \/>\n\t<meta property=\"og:image:height\" content=\"1010\" \/>\n\t<meta property=\"og:image:type\" content=\"image\/jpeg\" \/>\n<meta name=\"author\" content=\"Andrea\" \/>\n<meta name=\"twitter:card\" content=\"summary_large_image\" \/>\n<meta name=\"twitter:creator\" content=\"@ProjetoPack\" \/>\n<meta name=\"twitter:site\" content=\"@ProjetoPack\" \/>\n<meta name=\"twitter:label1\" content=\"Written by\" \/>\n\t<meta name=\"twitter:data1\" content=\"Andrea\" \/>\n\t<meta name=\"twitter:label2\" content=\"Est. reading time\" \/>\n\t<meta name=\"twitter:data2\" content=\"3 minutes\" \/>\n<script type=\"application\/ld+json\" class=\"yoast-schema-graph\">{\"@context\":\"https:\/\/schema.org\",\"@graph\":[{\"@type\":\"Article\",\"@id\":\"https:\/\/projetopack.com.br\/en\/grupo-tiliform-instala-primeira-accuriolabel-230-do-brasil\/#article\",\"isPartOf\":{\"@id\":\"https:\/\/projetopack.com.br\/en\/grupo-tiliform-instala-primeira-accuriolabel-230-do-brasil\/\"},\"author\":{\"name\":\"Andrea\",\"@id\":\"https:\/\/projetopack.com.br\/#\/schema\/person\/d17c72a4bc2b7e461496dd8a14d4cef1\"},\"headline\":\"Grupo Tiliform instala primeira AccurioLabel 230 do Brasil\",\"datePublished\":\"2021-05-08T15:32:45+00:00\",\"dateModified\":\"2021-05-08T15:32:50+00:00\",\"mainEntityOfPage\":{\"@id\":\"https:\/\/projetopack.com.br\/en\/grupo-tiliform-instala-primeira-accuriolabel-230-do-brasil\/\"},\"wordCount\":535,\"commentCount\":0,\"publisher\":{\"@id\":\"https:\/\/projetopack.com.br\/#organization\"},\"image\":{\"@id\":\"https:\/\/projetopack.com.br\/en\/grupo-tiliform-instala-primeira-accuriolabel-230-do-brasil\/#primaryimage\"},\"thumbnailUrl\":\"https:\/\/projetopack.com.br\/wp-content\/uploads\/2021\/05\/Ricardo-Coube-ao-lado-da-AL230.jpg\",\"keywords\":[\"impress\u00e3o digital\",\"impress\u00e3o digital de r\u00f3tulos\",\"konica\",\"konica minolta\",\"tiliform\"],\"articleSection\":[\"Lan\u00e7amentos\"],\"inLanguage\":\"en-US\",\"potentialAction\":[{\"@type\":\"CommentAction\",\"name\":\"Comment\",\"target\":[\"https:\/\/projetopack.com.br\/en\/grupo-tiliform-instala-primeira-accuriolabel-230-do-brasil\/#respond\"]}]},{\"@type\":\"WebPage\",\"@id\":\"https:\/\/projetopack.com.br\/en\/grupo-tiliform-instala-primeira-accuriolabel-230-do-brasil\/\",\"url\":\"https:\/\/projetopack.com.br\/en\/grupo-tiliform-instala-primeira-accuriolabel-230-do-brasil\/\",\"name\":\"Grupo Tiliform instala primeira AccurioLabel 230 do Brasil - ProjetoPack\",\"isPartOf\":{\"@id\":\"https:\/\/projetopack.com.br\/#website\"},\"primaryImageOfPage\":{\"@id\":\"https:\/\/projetopack.com.br\/en\/grupo-tiliform-instala-primeira-accuriolabel-230-do-brasil\/#primaryimage\"},\"image\":{\"@id\":\"https:\/\/projetopack.com.br\/en\/grupo-tiliform-instala-primeira-accuriolabel-230-do-brasil\/#primaryimage\"},\"thumbnailUrl\":\"https:\/\/projetopack.com.br\/wp-content\/uploads\/2021\/05\/Ricardo-Coube-ao-lado-da-AL230.jpg\",\"datePublished\":\"2021-05-08T15:32:45+00:00\",\"dateModified\":\"2021-05-08T15:32:50+00:00\",\"description\":\"O Grupo Tiliform acumula mais de 35 anos de experi\u00eancia no segmento gr\u00e1fico oferecendo uma atua\u00e7\u00e3o diversificada.\",\"breadcrumb\":{\"@id\":\"https:\/\/projetopack.com.br\/en\/grupo-tiliform-instala-primeira-accuriolabel-230-do-brasil\/#breadcrumb\"},\"inLanguage\":\"en-US\",\"potentialAction\":[{\"@type\":\"ReadAction\",\"target\":[\"https:\/\/projetopack.com.br\/en\/grupo-tiliform-instala-primeira-accuriolabel-230-do-brasil\/\"]}]},{\"@type\":\"ImageObject\",\"inLanguage\":\"en-US\",\"@id\":\"https:\/\/projetopack.com.br\/en\/grupo-tiliform-instala-primeira-accuriolabel-230-do-brasil\/#primaryimage\",\"url\":\"https:\/\/projetopack.com.br\/wp-content\/uploads\/2021\/05\/Ricardo-Coube-ao-lado-da-AL230.jpg\",\"contentUrl\":\"https:\/\/projetopack.com.br\/wp-content\/uploads\/2021\/05\/Ricardo-Coube-ao-lado-da-AL230.jpg\",\"width\":1417,\"height\":1010,\"caption\":\"accuriolabel e tiliform\"},{\"@type\":\"BreadcrumbList\",\"@id\":\"https:\/\/projetopack.com.br\/en\/grupo-tiliform-instala-primeira-accuriolabel-230-do-brasil\/#breadcrumb\",\"itemListElement\":[{\"@type\":\"ListItem\",\"position\":1,\"name\":\"P\u00e1gina Inicial\",\"item\":\"https:\/\/projetopack.com.br\/\"},{\"@type\":\"ListItem\",\"position\":2,\"name\":\"Lan\u00e7amentos\",\"item\":\"https:\/\/projetopack.com.br\/category\/lancamentos\/\"},{\"@type\":\"ListItem\",\"position\":3,\"name\":\"Grupo Tiliform instala primeira AccurioLabel 230 do Brasil\"}]},{\"@type\":\"WebSite\",\"@id\":\"https:\/\/projetopack.com.br\/#website\",\"url\":\"https:\/\/projetopack.com.br\/\",\"name\":\"ProjetoPack\",\"description\":\"Consultoria e servi\u00e7os para embalagens, r\u00f3tulos, etiquetas e processos de impress\u00e3o\",\"publisher\":{\"@id\":\"https:\/\/projetopack.com.br\/#organization\"},\"potentialAction\":[{\"@type\":\"SearchAction\",\"target\":{\"@type\":\"EntryPoint\",\"urlTemplate\":\"https:\/\/projetopack.com.br\/?s={search_term_string}\"},\"query-input\":{\"@type\":\"PropertyValueSpecification\",\"valueRequired\":true,\"valueName\":\"search_term_string\"}}],\"inLanguage\":\"en-US\"},{\"@type\":\"Organization\",\"@id\":\"https:\/\/projetopack.com.br\/#organization\",\"name\":\"ProjetoPack & Associados\",\"url\":\"https:\/\/projetopack.com.br\/\",\"logo\":{\"@type\":\"ImageObject\",\"inLanguage\":\"en-US\",\"@id\":\"https:\/\/projetopack.com.br\/#\/schema\/logo\/image\/\",\"url\":\"https:\/\/projetopack.com.br\/wp-content\/uploads\/2020\/09\/projetopack.png\",\"contentUrl\":\"https:\/\/projetopack.com.br\/wp-content\/uploads\/2020\/09\/projetopack.png\",\"width\":200,\"height\":200,\"caption\":\"ProjetoPack & Associados\"},\"image\":{\"@id\":\"https:\/\/projetopack.com.br\/#\/schema\/logo\/image\/\"},\"sameAs\":[\"https:\/\/x.com\/ProjetoPack\",\"https:\/\/www.linkedin.com\/company\/projetopack\/\"]},{\"@type\":\"Person\",\"@id\":\"https:\/\/projetopack.com.br\/#\/schema\/person\/d17c72a4bc2b7e461496dd8a14d4cef1\",\"name\":\"Andrea\",\"image\":{\"@type\":\"ImageObject\",\"inLanguage\":\"en-US\",\"@id\":\"https:\/\/projetopack.com.br\/#\/schema\/person\/image\/\",\"url\":\"https:\/\/projetopack.com.br\/wp-content\/uploads\/2026\/03\/eu-150x150.jpg\",\"contentUrl\":\"https:\/\/projetopack.com.br\/wp-content\/uploads\/2026\/03\/eu-150x150.jpg\",\"caption\":\"Andrea\"},\"url\":\"https:\/\/projetopack.com.br\/en\/author\/andrea\/\"}]}<\/script>\n<!-- \/ Yoast SEO Premium plugin. -->","yoast_head_json":{"title":"Grupo Tiliform instala primeira AccurioLabel 230 do Brasil - ProjetoPack","description":"O Grupo Tiliform acumula mais de 35 anos de experi\u00eancia no segmento gr\u00e1fico oferecendo uma atua\u00e7\u00e3o diversificada.","robots":{"index":"index","follow":"follow","max-snippet":"max-snippet:-1","max-image-preview":"max-image-preview:large","max-video-preview":"max-video-preview:-1"},"canonical":"https:\/\/projetopack.com.br\/en\/grupo-tiliform-instala-primeira-accuriolabel-230-do-brasil\/","og_locale":"en_US","og_type":"article","og_title":"Grupo Tiliform instala primeira AccurioLabel 230 do Brasil","og_description":"O Grupo Tiliform acumula mais de 35 anos de experi\u00eancia no segmento gr\u00e1fico oferecendo uma atua\u00e7\u00e3o diversificada.","og_url":"https:\/\/projetopack.com.br\/en\/grupo-tiliform-instala-primeira-accuriolabel-230-do-brasil\/","og_site_name":"ProjetoPack","article_published_time":"2021-05-08T15:32:45+00:00","article_modified_time":"2021-05-08T15:32:50+00:00","og_image":[{"width":1417,"height":1010,"url":"https:\/\/projetopack.com.br\/wp-content\/uploads\/2021\/05\/Ricardo-Coube-ao-lado-da-AL230.jpg","type":"image\/jpeg"}],"author":"Andrea","twitter_card":"summary_large_image","twitter_creator":"@ProjetoPack","twitter_site":"@ProjetoPack","twitter_misc":{"Written by":"Andrea","Est. reading time":"3 minutes"},"schema":{"@context":"https:\/\/schema.org","@graph":[{"@type":"Article","@id":"https:\/\/projetopack.com.br\/en\/grupo-tiliform-instala-primeira-accuriolabel-230-do-brasil\/#article","isPartOf":{"@id":"https:\/\/projetopack.com.br\/en\/grupo-tiliform-instala-primeira-accuriolabel-230-do-brasil\/"},"author":{"name":"Andrea","@id":"https:\/\/projetopack.com.br\/#\/schema\/person\/d17c72a4bc2b7e461496dd8a14d4cef1"},"headline":"Grupo Tiliform instala primeira AccurioLabel 230 do Brasil","datePublished":"2021-05-08T15:32:45+00:00","dateModified":"2021-05-08T15:32:50+00:00","mainEntityOfPage":{"@id":"https:\/\/projetopack.com.br\/en\/grupo-tiliform-instala-primeira-accuriolabel-230-do-brasil\/"},"wordCount":535,"commentCount":0,"publisher":{"@id":"https:\/\/projetopack.com.br\/#organization"},"image":{"@id":"https:\/\/projetopack.com.br\/en\/grupo-tiliform-instala-primeira-accuriolabel-230-do-brasil\/#primaryimage"},"thumbnailUrl":"https:\/\/projetopack.com.br\/wp-content\/uploads\/2021\/05\/Ricardo-Coube-ao-lado-da-AL230.jpg","keywords":["impress\u00e3o digital","impress\u00e3o digital de r\u00f3tulos","konica","konica minolta","tiliform"],"articleSection":["Lan\u00e7amentos"],"inLanguage":"en-US","potentialAction":[{"@type":"CommentAction","name":"Comment","target":["https:\/\/projetopack.com.br\/en\/grupo-tiliform-instala-primeira-accuriolabel-230-do-brasil\/#respond"]}]},{"@type":"WebPage","@id":"https:\/\/projetopack.com.br\/en\/grupo-tiliform-instala-primeira-accuriolabel-230-do-brasil\/","url":"https:\/\/projetopack.com.br\/en\/grupo-tiliform-instala-primeira-accuriolabel-230-do-brasil\/","name":"Grupo Tiliform instala primeira AccurioLabel 230 do Brasil - ProjetoPack","isPartOf":{"@id":"https:\/\/projetopack.com.br\/#website"},"primaryImageOfPage":{"@id":"https:\/\/projetopack.com.br\/en\/grupo-tiliform-instala-primeira-accuriolabel-230-do-brasil\/#primaryimage"},"image":{"@id":"https:\/\/projetopack.com.br\/en\/grupo-tiliform-instala-primeira-accuriolabel-230-do-brasil\/#primaryimage"},"thumbnailUrl":"https:\/\/projetopack.com.br\/wp-content\/uploads\/2021\/05\/Ricardo-Coube-ao-lado-da-AL230.jpg","datePublished":"2021-05-08T15:32:45+00:00","dateModified":"2021-05-08T15:32:50+00:00","description":"O Grupo Tiliform acumula mais de 35 anos de experi\u00eancia no segmento gr\u00e1fico oferecendo uma atua\u00e7\u00e3o diversificada.","breadcrumb":{"@id":"https:\/\/projetopack.com.br\/en\/grupo-tiliform-instala-primeira-accuriolabel-230-do-brasil\/#breadcrumb"},"inLanguage":"en-US","potentialAction":[{"@type":"ReadAction","target":["https:\/\/projetopack.com.br\/en\/grupo-tiliform-instala-primeira-accuriolabel-230-do-brasil\/"]}]},{"@type":"ImageObject","inLanguage":"en-US","@id":"https:\/\/projetopack.com.br\/en\/grupo-tiliform-instala-primeira-accuriolabel-230-do-brasil\/#primaryimage","url":"https:\/\/projetopack.com.br\/wp-content\/uploads\/2021\/05\/Ricardo-Coube-ao-lado-da-AL230.jpg","contentUrl":"https:\/\/projetopack.com.br\/wp-content\/uploads\/2021\/05\/Ricardo-Coube-ao-lado-da-AL230.jpg","width":1417,"height":1010,"caption":"accuriolabel e tiliform"},{"@type":"BreadcrumbList","@id":"https:\/\/projetopack.com.br\/en\/grupo-tiliform-instala-primeira-accuriolabel-230-do-brasil\/#breadcrumb","itemListElement":[{"@type":"ListItem","position":1,"name":"P\u00e1gina Inicial","item":"https:\/\/projetopack.com.br\/"},{"@type":"ListItem","position":2,"name":"Lan\u00e7amentos","item":"https:\/\/projetopack.com.br\/category\/lancamentos\/"},{"@type":"ListItem","position":3,"name":"Grupo Tiliform instala primeira AccurioLabel 230 do Brasil"}]},{"@type":"WebSite","@id":"https:\/\/projetopack.com.br\/#website","url":"https:\/\/projetopack.com.br\/","name":"ProjetoPack","description":"Consultoria e servi\u00e7os para embalagens, r\u00f3tulos, etiquetas e processos de impress\u00e3o","publisher":{"@id":"https:\/\/projetopack.com.br\/#organization"},"potentialAction":[{"@type":"SearchAction","target":{"@type":"EntryPoint","urlTemplate":"https:\/\/projetopack.com.br\/?s={search_term_string}"},"query-input":{"@type":"PropertyValueSpecification","valueRequired":true,"valueName":"search_term_string"}}],"inLanguage":"en-US"},{"@type":"Organization","@id":"https:\/\/projetopack.com.br\/#organization","name":"ProjetoPack & Associados","url":"https:\/\/projetopack.com.br\/","logo":{"@type":"ImageObject","inLanguage":"en-US","@id":"https:\/\/projetopack.com.br\/#\/schema\/logo\/image\/","url":"https:\/\/projetopack.com.br\/wp-content\/uploads\/2020\/09\/projetopack.png","contentUrl":"https:\/\/projetopack.com.br\/wp-content\/uploads\/2020\/09\/projetopack.png","width":200,"height":200,"caption":"ProjetoPack & Associados"},"image":{"@id":"https:\/\/projetopack.com.br\/#\/schema\/logo\/image\/"},"sameAs":["https:\/\/x.com\/ProjetoPack","https:\/\/www.linkedin.com\/company\/projetopack\/"]},{"@type":"Person","@id":"https:\/\/projetopack.com.br\/#\/schema\/person\/d17c72a4bc2b7e461496dd8a14d4cef1","name":"Andrea","image":{"@type":"ImageObject","inLanguage":"en-US","@id":"https:\/\/projetopack.com.br\/#\/schema\/person\/image\/","url":"https:\/\/projetopack.com.br\/wp-content\/uploads\/2026\/03\/eu-150x150.jpg","contentUrl":"https:\/\/projetopack.com.br\/wp-content\/uploads\/2026\/03\/eu-150x150.jpg","caption":"Andrea"},"url":"https:\/\/projetopack.com.br\/en\/author\/andrea\/"}]}},"_links":{"self":[{"href":"https:\/\/projetopack.com.br\/en\/wp-json\/wp\/v2\/posts\/11452","targetHints":{"allow":["GET"]}}],"collection":[{"href":"https:\/\/projetopack.com.br\/en\/wp-json\/wp\/v2\/posts"}],"about":[{"href":"https:\/\/projetopack.com.br\/en\/wp-json\/wp\/v2\/types\/post"}],"author":[{"embeddable":true,"href":"https:\/\/projetopack.com.br\/en\/wp-json\/wp\/v2\/users\/18"}],"replies":[{"embeddable":true,"href":"https:\/\/projetopack.com.br\/en\/wp-json\/wp\/v2\/comments?post=11452"}],"version-history":[{"count":0,"href":"https:\/\/projetopack.com.br\/en\/wp-json\/wp\/v2\/posts\/11452\/revisions"}],"wp:featuredmedia":[{"embeddable":true,"href":"https:\/\/projetopack.com.br\/en\/wp-json\/wp\/v2\/media\/11453"}],"wp:attachment":[{"href":"https:\/\/projetopack.com.br\/en\/wp-json\/wp\/v2\/media?parent=11452"}],"wp:term":[{"taxonomy":"category","embeddable":true,"href":"https:\/\/projetopack.com.br\/en\/wp-json\/wp\/v2\/categories?post=11452"},{"taxonomy":"post_tag","embeddable":true,"href":"https:\/\/projetopack.com.br\/en\/wp-json\/wp\/v2\/tags?post=11452"}],"curies":[{"name":"wp","href":"https:\/\/api.w.org\/{rel}","templated":true}]}}