{"id":11582,"date":"2021-05-13T12:35:26","date_gmt":"2021-05-13T15:35:26","guid":{"rendered":"https:\/\/www.projetopack.com.br\/?p=11582"},"modified":"2026-03-16T16:57:44","modified_gmt":"2026-03-16T19:57:44","slug":"setor-de-embalagens-flexiveis-sentiu-o-baque-no-primeiro-tri-de-2021","status":"publish","type":"post","link":"https:\/\/projetopack.com.br\/en\/setor-de-embalagens-flexiveis-sentiu-o-baque-no-primeiro-tri-de-2021\/","title":{"rendered":"Setor de embalagens flex\u00edveis sentiu o baque no primeiro tri de 2021"},"content":{"rendered":"<p>A economia brasileira segue em ritmo de incerteza, principalmente em raz\u00e3o da pandemia e j\u00e1 h\u00e1 reflexos na ind\u00fastria de embalagens pl\u00e1sticas flex\u00edveis.<\/p>\n\n\n\n<p>Pesquisa feita pela <a href=\"https:\/\/www.maxiquim.com.br\" target=\"_blank\" rel=\"noreferrer noopener\">Maxiquim<\/a>, com exclusividade para a <a href=\"http:\/\/www.abief.org.br\" target=\"_blank\" rel=\"noreferrer noopener\">ABIEF<\/a> (Associa\u00e7\u00e3o Brasileira da Ind\u00fastria de Embalagens Pl\u00e1sticas Flex\u00edveis), indica que apesar de um janeiro no qual os principais usu\u00e1rios de embalagem apresentaram um bom comportamento, em fevereiro, houve queda na maioria dos setores e mar\u00e7o tamb\u00e9m fechou com varia\u00e7\u00f5es negativas, comprometendo o resultado trimestral.<\/p>\n\n\n\n<p class=\"has-cyan-bluish-gray-background-color has-background\">Assim, estima-se que no primeiro trimestre de 2021 a ind\u00fastria de embalagens flex\u00edveis tenha apresentado produ\u00e7\u00e3o inferior ao trimestre anterior, com uma queda aproximada de 1%, fechando em 493 mil toneladas produzidas. <\/p>\n\n\n\n<h2 class=\"wp-block-heading\" id=\"h-desempenho-de-embalagens-flex-veis-segmentado-por-aplica-o\">Desempenho de embalagens flex\u00edveis segmentado por aplica\u00e7\u00e3o<\/h2>\n\n\n\n<p>Por aplica\u00e7\u00e3o, este volume foi dividido em embalagens multicamadas, com 165 mil ton; monocamada, 157 mil ton; <em>shrink<\/em>, 70 mil ton; <em>stretch<\/em>, 54 mil ton; sacolas e sacos, 40 mil ton; outros, 7 mil ton.<\/p>\n\n\n\n<div class=\"wp-block-image\"><figure class=\"aligncenter size-full\"><img fetchpriority=\"high\" decoding=\"async\" width=\"691\" height=\"431\" src=\"https:\/\/projetopack.com.br\/wp-content\/uploads\/2021\/05\/image010.jpg\" alt=\"Desempenho de embalagens flex\u00edveis por aplica\u00e7\u00e3o\" class=\"wp-image-11583\" srcset=\"https:\/\/projetopack.com.br\/wp-content\/uploads\/2021\/05\/image010.jpg 691w, https:\/\/projetopack.com.br\/wp-content\/uploads\/2021\/05\/image010-300x187.jpg 300w, https:\/\/projetopack.com.br\/wp-content\/uploads\/2021\/05\/image010-600x374.jpg 600w, https:\/\/projetopack.com.br\/wp-content\/uploads\/2021\/05\/image010-768x479.jpg 768w\" sizes=\"(max-width: 691px) 100vw, 691px\" \/><\/figure><\/div>\n\n\n\n<p>Os setores que mais puxaram o desempenho inferior foram bebidas, produtos de limpeza e agropecu\u00e1ria. <\/p>\n\n\n\n<p>O setor de alimentos continuo l\u00edder no consumo de flex\u00edveis com 228 mil ton, seguido por aplica\u00e7\u00f5es industriais, 93 mil toneladas; bebidas, 50 mil ton; descart\u00e1veis, 40 mil ton; limpeza dom\u00e9stica, 27 mil ton; higiene pessoal, 20 mil ton; e agropecu\u00e1ria, 17 mil ton. O restante ficou dividido entre <em>pet food<\/em> e outras aplica\u00e7\u00f5es menores.<\/p>\n\n\n\n<h2 class=\"wp-block-heading\" id=\"h-desempenho-de-embalagens-flex-veis-segmentado-por-mercado\">Desempenho de embalagens flex\u00edveis segmentado por mercado<\/h2>\n\n\n\n<div class=\"wp-block-image\"><figure class=\"aligncenter size-full\"><img decoding=\"async\" width=\"675\" height=\"417\" src=\"https:\/\/projetopack.com.br\/wp-content\/uploads\/2021\/05\/image011-4.jpg\" alt=\"Desempenho de embalagens flex\u00edveis por mercado\" class=\"wp-image-11588\" srcset=\"https:\/\/projetopack.com.br\/wp-content\/uploads\/2021\/05\/image011-4.jpg 675w, https:\/\/projetopack.com.br\/wp-content\/uploads\/2021\/05\/image011-4-300x185.jpg 300w, https:\/\/projetopack.com.br\/wp-content\/uploads\/2021\/05\/image011-4-600x371.jpg 600w\" sizes=\"(max-width: 675px) 100vw, 675px\" \/><\/figure><\/div>\n\n\n\n<figure class=\"wp-block-pullquote\"><blockquote><p>\u201cSabemos ainda que a baixa disponibilidade de resinas, tanto no mercado local quanto no internacional, prejudicou o setor. <\/p><cite>rog\u00e9rio mani, presidente da abief<\/cite><\/blockquote><\/figure>\n\n\n\n<p>A nevasca que atingiu o Texas em fevereiro prejudicou muito a produ\u00e7\u00e3o de polietileno (PE) e de polipropileno (PP) nos Estados Unidos e essas unidades ainda n\u00e3o retomaram a totalidade de sua produ\u00e7\u00e3o. <\/p>\n\n\n\n<p>E como os EUA s\u00e3o um importante fornecedor para o Brasil, a disponibilidade de resinas ficou limitada, aumentando os pre\u00e7os que j\u00e1 estavam altos. O setor de transforma\u00e7\u00e3o sentiu uma redu\u00e7\u00e3o significativa de margem, por n\u00e3o conseguir repassar os aumentos integralmente\u201d, comenta ainda o empres\u00e1rio <strong>Rog\u00e9rio Mani<\/strong>, Presidente da ABIEF.<\/p>\n\n\n\n<p>As vendas internas de poliolefinas ca\u00edram 2% no 4T de 2020 na compara\u00e7\u00e3o com o trimestre anterior, mas houve um aumento de 25% na compara\u00e7\u00e3o com o 4T 19. Para o 1T de 2021, o estudo da Maxiquim estima um aumento aproximado de 2% no comparativo com o trimestre anterior e de 19% na compara\u00e7\u00e3o com o 1T de 2020. <\/p>\n\n\n\n<p>A baixa disponibilidade de resinas segue no mercado internacional, principalmente nos EUA, ainda por conta dos eventos clim\u00e1ticos que diminu\u00edram o excedente de resinas dedicado \u00e0 exporta\u00e7\u00e3o para a Am\u00e9rica Latina. \u201cSabemos que internamente, a disponibilidade de mat\u00e9ria-prima tamb\u00e9m est\u00e1 menor que o usual, como resultado das paradas programadas na principal petroqu\u00edmica\u201d, conclui Rog\u00e9rio Mani.<\/p>\n\n\n\n<figure class=\"wp-block-image size-full\"><img decoding=\"async\" width=\"736\" height=\"228\" src=\"https:\/\/projetopack.com.br\/wp-content\/uploads\/2021\/05\/image012-1.jpg\" alt=\"Produ\u00e7\u00e3o de embalagens flex\u00edveis no primeiro trimestre de 2021\" class=\"wp-image-11592\" srcset=\"https:\/\/projetopack.com.br\/wp-content\/uploads\/2021\/05\/image012-1.jpg 736w, https:\/\/projetopack.com.br\/wp-content\/uploads\/2021\/05\/image012-1-300x93.jpg 300w, https:\/\/projetopack.com.br\/wp-content\/uploads\/2021\/05\/image012-1-600x186.jpg 600w\" sizes=\"(max-width: 736px) 100vw, 736px\" \/><\/figure>\n\n\n\n<h2 class=\"wp-block-heading\" id=\"h-sobre-a-entidade-abief\"><strong>Sobre a entidade ABIEF<\/strong><\/h2>\n\n\n\n<p>Com mais de 40 anos de atividades, a ABIEF trabalha para o crescimento sustent\u00e1vel do mercado nacional de embalagens pl\u00e1sticas flex\u00edveis. A Associa\u00e7\u00e3o tamb\u00e9m tem incorporada \u00e0s suas atividades o fomento \u00e0 exporta\u00e7\u00e3o e a preserva\u00e7\u00e3o ambiental.<\/p>\n\n\n\n<p>A entidade re\u00fane empresas de todo o Brasil, fabricantes de filmes monocamada coextrusados e laminados; filmes de PVC e de BOPP; sacos e sacolas; sacaria industrial; filmes <em>shrink<\/em> e <em>stretch<\/em>; r\u00f3tulos e etiquetas; <em>stand-up pouches<\/em>; e embalagens especiais.<\/p>\n\n\n\n<p><strong>Leia ainda em nosso blog:<\/strong><br><a href=\"https:\/\/projetopack.com.br\/industria-brasileira-de-embalagens-plasticas-flexiveis-fecha-1o-semestre-superando-a-marca-de-1-milhao-de-toneladas-produzidas\/\">Setor de embalagens registra recorde no primeiro semestre de 2020<\/a><\/p>","protected":false},"excerpt":{"rendered":"<p>A economia brasileira segue em ritmo de incerteza e j\u00e1 h\u00e1 reflexos na ind\u00fastria de embalagens pl\u00e1sticas flex\u00edveis<\/p>","protected":false},"author":485,"featured_media":11594,"comment_status":"open","ping_status":"closed","sticky":false,"template":"","format":"standard","meta":{"footnotes":""},"categories":[344],"tags":[393,803,45,646,802],"class_list":["post-11582","post","type-post","status-publish","format-standard","has-post-thumbnail","hentry","category-opiniao","tag-abief","tag-dados-do-mercado-de-embalagens","tag-embalagens-flexiveis","tag-maxiquim","tag-setor-de-embalagens"],"yoast_head":"<!-- This site is optimized with the Yoast SEO Premium plugin v27.1 (Yoast SEO v27.1.1) - https:\/\/yoast.com\/product\/yoast-seo-premium-wordpress\/ -->\n<title>Setor de embalagens flex\u00edveis sentiu o baque no primeiro tri de 2021 - ProjetoPack<\/title>\n<meta name=\"description\" content=\"A economia brasileira segue em ritmo de incerteza, principalmente em raz\u00e3o da pandemia e j\u00e1 h\u00e1 reflexos na ind\u00fastria de embalagens pl\u00e1sticas flex\u00edveis.\" \/>\n<meta name=\"robots\" content=\"index, follow, max-snippet:-1, max-image-preview:large, max-video-preview:-1\" \/>\n<link rel=\"canonical\" href=\"https:\/\/projetopack.com.br\/en\/setor-de-embalagens-flexiveis-sentiu-o-baque-no-primeiro-tri-de-2021\/\" \/>\n<meta property=\"og:locale\" content=\"en_US\" \/>\n<meta property=\"og:type\" content=\"article\" \/>\n<meta property=\"og:title\" content=\"Setor de embalagens flex\u00edveis sentiu o baque no primeiro tri de 2021\" \/>\n<meta property=\"og:description\" content=\"A economia brasileira segue em ritmo de incerteza, principalmente em raz\u00e3o da pandemia e j\u00e1 h\u00e1 reflexos na ind\u00fastria de embalagens pl\u00e1sticas flex\u00edveis.\" \/>\n<meta property=\"og:url\" content=\"https:\/\/projetopack.com.br\/en\/setor-de-embalagens-flexiveis-sentiu-o-baque-no-primeiro-tri-de-2021\/\" \/>\n<meta property=\"og:site_name\" content=\"ProjetoPack\" \/>\n<meta property=\"article:published_time\" content=\"2021-05-13T15:35:26+00:00\" \/>\n<meta property=\"article:modified_time\" content=\"2026-03-16T19:57:44+00:00\" \/>\n<meta property=\"og:image\" content=\"https:\/\/projetopack.com.br\/wp-content\/uploads\/2021\/05\/naom_5f298d4dc3bd2.jpg\" \/>\n\t<meta property=\"og:image:width\" content=\"1920\" \/>\n\t<meta property=\"og:image:height\" content=\"1080\" \/>\n\t<meta property=\"og:image:type\" content=\"image\/jpeg\" \/>\n<meta name=\"author\" content=\"Projeto Pack Consultoria e Treinamento\" \/>\n<meta name=\"twitter:card\" content=\"summary_large_image\" \/>\n<meta name=\"twitter:creator\" content=\"@ProjetoPack\" \/>\n<meta name=\"twitter:site\" content=\"@ProjetoPack\" \/>\n<meta name=\"twitter:label1\" content=\"Written by\" \/>\n\t<meta name=\"twitter:data1\" content=\"Projeto Pack Consultoria e Treinamento\" \/>\n\t<meta name=\"twitter:label2\" content=\"Est. reading time\" \/>\n\t<meta name=\"twitter:data2\" content=\"3 minutes\" \/>\n<script type=\"application\/ld+json\" class=\"yoast-schema-graph\">{\"@context\":\"https:\/\/schema.org\",\"@graph\":[{\"@type\":\"Article\",\"@id\":\"https:\/\/projetopack.com.br\/setor-de-embalagens-flexiveis-sentiu-o-baque-no-primeiro-tri-de-2021\/#article\",\"isPartOf\":{\"@id\":\"https:\/\/projetopack.com.br\/setor-de-embalagens-flexiveis-sentiu-o-baque-no-primeiro-tri-de-2021\/\"},\"author\":{\"name\":\"Projeto Pack Consultoria e Treinamento\",\"@id\":\"https:\/\/projetopack.com.br\/#\/schema\/person\/85a2e510ed8149327b545eabf95ee7ab\"},\"headline\":\"Setor de embalagens flex\u00edveis sentiu o baque no primeiro tri de 2021\",\"datePublished\":\"2021-05-13T15:35:26+00:00\",\"dateModified\":\"2026-03-16T19:57:44+00:00\",\"mainEntityOfPage\":{\"@id\":\"https:\/\/projetopack.com.br\/setor-de-embalagens-flexiveis-sentiu-o-baque-no-primeiro-tri-de-2021\/\"},\"wordCount\":585,\"commentCount\":2,\"publisher\":{\"@id\":\"https:\/\/projetopack.com.br\/#organization\"},\"image\":{\"@id\":\"https:\/\/projetopack.com.br\/setor-de-embalagens-flexiveis-sentiu-o-baque-no-primeiro-tri-de-2021\/#primaryimage\"},\"thumbnailUrl\":\"https:\/\/projetopack.com.br\/wp-content\/uploads\/2021\/05\/naom_5f298d4dc3bd2.jpg\",\"keywords\":[\"abief\",\"dados do mercado de embalagens\",\"Embalagens flex\u00edveis\",\"maxiquim\",\"setor de embalagens\"],\"articleSection\":[\"Opini\u00e3o\"],\"inLanguage\":\"en-US\",\"potentialAction\":[{\"@type\":\"CommentAction\",\"name\":\"Comment\",\"target\":[\"https:\/\/projetopack.com.br\/setor-de-embalagens-flexiveis-sentiu-o-baque-no-primeiro-tri-de-2021\/#respond\"]}]},{\"@type\":\"WebPage\",\"@id\":\"https:\/\/projetopack.com.br\/setor-de-embalagens-flexiveis-sentiu-o-baque-no-primeiro-tri-de-2021\/\",\"url\":\"https:\/\/projetopack.com.br\/setor-de-embalagens-flexiveis-sentiu-o-baque-no-primeiro-tri-de-2021\/\",\"name\":\"Setor de embalagens flex\u00edveis sentiu o baque no primeiro tri de 2021 - ProjetoPack\",\"isPartOf\":{\"@id\":\"https:\/\/projetopack.com.br\/#website\"},\"primaryImageOfPage\":{\"@id\":\"https:\/\/projetopack.com.br\/setor-de-embalagens-flexiveis-sentiu-o-baque-no-primeiro-tri-de-2021\/#primaryimage\"},\"image\":{\"@id\":\"https:\/\/projetopack.com.br\/setor-de-embalagens-flexiveis-sentiu-o-baque-no-primeiro-tri-de-2021\/#primaryimage\"},\"thumbnailUrl\":\"https:\/\/projetopack.com.br\/wp-content\/uploads\/2021\/05\/naom_5f298d4dc3bd2.jpg\",\"datePublished\":\"2021-05-13T15:35:26+00:00\",\"dateModified\":\"2026-03-16T19:57:44+00:00\",\"description\":\"A economia brasileira segue em ritmo de incerteza, principalmente em raz\u00e3o da pandemia e j\u00e1 h\u00e1 reflexos na ind\u00fastria de embalagens pl\u00e1sticas flex\u00edveis.\",\"breadcrumb\":{\"@id\":\"https:\/\/projetopack.com.br\/setor-de-embalagens-flexiveis-sentiu-o-baque-no-primeiro-tri-de-2021\/#breadcrumb\"},\"inLanguage\":\"en-US\",\"potentialAction\":[{\"@type\":\"ReadAction\",\"target\":[\"https:\/\/projetopack.com.br\/setor-de-embalagens-flexiveis-sentiu-o-baque-no-primeiro-tri-de-2021\/\"]}]},{\"@type\":\"ImageObject\",\"inLanguage\":\"en-US\",\"@id\":\"https:\/\/projetopack.com.br\/setor-de-embalagens-flexiveis-sentiu-o-baque-no-primeiro-tri-de-2021\/#primaryimage\",\"url\":\"https:\/\/projetopack.com.br\/wp-content\/uploads\/2021\/05\/naom_5f298d4dc3bd2.jpg\",\"contentUrl\":\"https:\/\/projetopack.com.br\/wp-content\/uploads\/2021\/05\/naom_5f298d4dc3bd2.jpg\",\"width\":1920,\"height\":1080,\"caption\":\"Incerteza economica e pandemia\"},{\"@type\":\"BreadcrumbList\",\"@id\":\"https:\/\/projetopack.com.br\/setor-de-embalagens-flexiveis-sentiu-o-baque-no-primeiro-tri-de-2021\/#breadcrumb\",\"itemListElement\":[{\"@type\":\"ListItem\",\"position\":1,\"name\":\"P\u00e1gina Inicial\",\"item\":\"https:\/\/projetopack.com.br\/\"},{\"@type\":\"ListItem\",\"position\":2,\"name\":\"Opini\u00e3o\",\"item\":\"https:\/\/projetopack.com.br\/en\/category\/opiniao\/\"},{\"@type\":\"ListItem\",\"position\":3,\"name\":\"Setor de embalagens flex\u00edveis sentiu o baque no primeiro tri de 2021\"}]},{\"@type\":\"WebSite\",\"@id\":\"https:\/\/projetopack.com.br\/#website\",\"url\":\"https:\/\/projetopack.com.br\/\",\"name\":\"ProjetoPack\",\"description\":\"Consultoria e servi\u00e7os para embalagens, r\u00f3tulos, etiquetas e processos de impress\u00e3o\",\"publisher\":{\"@id\":\"https:\/\/projetopack.com.br\/#organization\"},\"potentialAction\":[{\"@type\":\"SearchAction\",\"target\":{\"@type\":\"EntryPoint\",\"urlTemplate\":\"https:\/\/projetopack.com.br\/?s={search_term_string}\"},\"query-input\":{\"@type\":\"PropertyValueSpecification\",\"valueRequired\":true,\"valueName\":\"search_term_string\"}}],\"inLanguage\":\"en-US\"},{\"@type\":\"Organization\",\"@id\":\"https:\/\/projetopack.com.br\/#organization\",\"name\":\"ProjetoPack & Associados\",\"url\":\"https:\/\/projetopack.com.br\/\",\"logo\":{\"@type\":\"ImageObject\",\"inLanguage\":\"en-US\",\"@id\":\"https:\/\/projetopack.com.br\/#\/schema\/logo\/image\/\",\"url\":\"https:\/\/projetopack.com.br\/wp-content\/uploads\/2020\/09\/projetopack.png\",\"contentUrl\":\"https:\/\/projetopack.com.br\/wp-content\/uploads\/2020\/09\/projetopack.png\",\"width\":200,\"height\":200,\"caption\":\"ProjetoPack & Associados\"},\"image\":{\"@id\":\"https:\/\/projetopack.com.br\/#\/schema\/logo\/image\/\"},\"sameAs\":[\"https:\/\/x.com\/ProjetoPack\",\"https:\/\/www.linkedin.com\/company\/projetopack\/\"]},{\"@type\":\"Person\",\"@id\":\"https:\/\/projetopack.com.br\/#\/schema\/person\/85a2e510ed8149327b545eabf95ee7ab\",\"name\":\"Projeto Pack Consultoria e Treinamento\",\"image\":{\"@type\":\"ImageObject\",\"inLanguage\":\"en-US\",\"@id\":\"https:\/\/projetopack.com.br\/#\/schema\/person\/image\/\",\"url\":\"https:\/\/projetopack.com.br\/wp-content\/uploads\/2020\/09\/Logo-ProjetoPack-Horizontal-100x100.jpg\",\"contentUrl\":\"https:\/\/projetopack.com.br\/wp-content\/uploads\/2020\/09\/Logo-ProjetoPack-Horizontal-100x100.jpg\",\"caption\":\"Projeto Pack Consultoria e Treinamento\"},\"url\":\"https:\/\/projetopack.com.br\/en\/author\/projetopack\/\"}]}<\/script>\n<!-- \/ Yoast SEO Premium plugin. -->","yoast_head_json":{"title":"Setor de embalagens flex\u00edveis sentiu o baque no primeiro tri de 2021 - ProjetoPack","description":"A economia brasileira segue em ritmo de incerteza, principalmente em raz\u00e3o da pandemia e j\u00e1 h\u00e1 reflexos na ind\u00fastria de embalagens pl\u00e1sticas flex\u00edveis.","robots":{"index":"index","follow":"follow","max-snippet":"max-snippet:-1","max-image-preview":"max-image-preview:large","max-video-preview":"max-video-preview:-1"},"canonical":"https:\/\/projetopack.com.br\/en\/setor-de-embalagens-flexiveis-sentiu-o-baque-no-primeiro-tri-de-2021\/","og_locale":"en_US","og_type":"article","og_title":"Setor de embalagens flex\u00edveis sentiu o baque no primeiro tri de 2021","og_description":"A economia brasileira segue em ritmo de incerteza, principalmente em raz\u00e3o da pandemia e j\u00e1 h\u00e1 reflexos na ind\u00fastria de embalagens pl\u00e1sticas flex\u00edveis.","og_url":"https:\/\/projetopack.com.br\/en\/setor-de-embalagens-flexiveis-sentiu-o-baque-no-primeiro-tri-de-2021\/","og_site_name":"ProjetoPack","article_published_time":"2021-05-13T15:35:26+00:00","article_modified_time":"2026-03-16T19:57:44+00:00","og_image":[{"width":1920,"height":1080,"url":"https:\/\/projetopack.com.br\/wp-content\/uploads\/2021\/05\/naom_5f298d4dc3bd2.jpg","type":"image\/jpeg"}],"author":"Projeto Pack Consultoria e Treinamento","twitter_card":"summary_large_image","twitter_creator":"@ProjetoPack","twitter_site":"@ProjetoPack","twitter_misc":{"Written by":"Projeto Pack Consultoria e Treinamento","Est. reading time":"3 minutes"},"schema":{"@context":"https:\/\/schema.org","@graph":[{"@type":"Article","@id":"https:\/\/projetopack.com.br\/setor-de-embalagens-flexiveis-sentiu-o-baque-no-primeiro-tri-de-2021\/#article","isPartOf":{"@id":"https:\/\/projetopack.com.br\/setor-de-embalagens-flexiveis-sentiu-o-baque-no-primeiro-tri-de-2021\/"},"author":{"name":"Projeto Pack Consultoria e Treinamento","@id":"https:\/\/projetopack.com.br\/#\/schema\/person\/85a2e510ed8149327b545eabf95ee7ab"},"headline":"Setor de embalagens flex\u00edveis sentiu o baque no primeiro tri de 2021","datePublished":"2021-05-13T15:35:26+00:00","dateModified":"2026-03-16T19:57:44+00:00","mainEntityOfPage":{"@id":"https:\/\/projetopack.com.br\/setor-de-embalagens-flexiveis-sentiu-o-baque-no-primeiro-tri-de-2021\/"},"wordCount":585,"commentCount":2,"publisher":{"@id":"https:\/\/projetopack.com.br\/#organization"},"image":{"@id":"https:\/\/projetopack.com.br\/setor-de-embalagens-flexiveis-sentiu-o-baque-no-primeiro-tri-de-2021\/#primaryimage"},"thumbnailUrl":"https:\/\/projetopack.com.br\/wp-content\/uploads\/2021\/05\/naom_5f298d4dc3bd2.jpg","keywords":["abief","dados do mercado de embalagens","Embalagens flex\u00edveis","maxiquim","setor de embalagens"],"articleSection":["Opini\u00e3o"],"inLanguage":"en-US","potentialAction":[{"@type":"CommentAction","name":"Comment","target":["https:\/\/projetopack.com.br\/setor-de-embalagens-flexiveis-sentiu-o-baque-no-primeiro-tri-de-2021\/#respond"]}]},{"@type":"WebPage","@id":"https:\/\/projetopack.com.br\/setor-de-embalagens-flexiveis-sentiu-o-baque-no-primeiro-tri-de-2021\/","url":"https:\/\/projetopack.com.br\/setor-de-embalagens-flexiveis-sentiu-o-baque-no-primeiro-tri-de-2021\/","name":"Setor de embalagens flex\u00edveis sentiu o baque no primeiro tri de 2021 - ProjetoPack","isPartOf":{"@id":"https:\/\/projetopack.com.br\/#website"},"primaryImageOfPage":{"@id":"https:\/\/projetopack.com.br\/setor-de-embalagens-flexiveis-sentiu-o-baque-no-primeiro-tri-de-2021\/#primaryimage"},"image":{"@id":"https:\/\/projetopack.com.br\/setor-de-embalagens-flexiveis-sentiu-o-baque-no-primeiro-tri-de-2021\/#primaryimage"},"thumbnailUrl":"https:\/\/projetopack.com.br\/wp-content\/uploads\/2021\/05\/naom_5f298d4dc3bd2.jpg","datePublished":"2021-05-13T15:35:26+00:00","dateModified":"2026-03-16T19:57:44+00:00","description":"A economia brasileira segue em ritmo de incerteza, principalmente em raz\u00e3o da pandemia e j\u00e1 h\u00e1 reflexos na ind\u00fastria de embalagens pl\u00e1sticas flex\u00edveis.","breadcrumb":{"@id":"https:\/\/projetopack.com.br\/setor-de-embalagens-flexiveis-sentiu-o-baque-no-primeiro-tri-de-2021\/#breadcrumb"},"inLanguage":"en-US","potentialAction":[{"@type":"ReadAction","target":["https:\/\/projetopack.com.br\/setor-de-embalagens-flexiveis-sentiu-o-baque-no-primeiro-tri-de-2021\/"]}]},{"@type":"ImageObject","inLanguage":"en-US","@id":"https:\/\/projetopack.com.br\/setor-de-embalagens-flexiveis-sentiu-o-baque-no-primeiro-tri-de-2021\/#primaryimage","url":"https:\/\/projetopack.com.br\/wp-content\/uploads\/2021\/05\/naom_5f298d4dc3bd2.jpg","contentUrl":"https:\/\/projetopack.com.br\/wp-content\/uploads\/2021\/05\/naom_5f298d4dc3bd2.jpg","width":1920,"height":1080,"caption":"Incerteza economica e pandemia"},{"@type":"BreadcrumbList","@id":"https:\/\/projetopack.com.br\/setor-de-embalagens-flexiveis-sentiu-o-baque-no-primeiro-tri-de-2021\/#breadcrumb","itemListElement":[{"@type":"ListItem","position":1,"name":"P\u00e1gina Inicial","item":"https:\/\/projetopack.com.br\/"},{"@type":"ListItem","position":2,"name":"Opini\u00e3o","item":"https:\/\/projetopack.com.br\/en\/category\/opiniao\/"},{"@type":"ListItem","position":3,"name":"Setor de embalagens flex\u00edveis sentiu o baque no primeiro tri de 2021"}]},{"@type":"WebSite","@id":"https:\/\/projetopack.com.br\/#website","url":"https:\/\/projetopack.com.br\/","name":"ProjetoPack","description":"Consultoria e servi\u00e7os para embalagens, r\u00f3tulos, etiquetas e processos de impress\u00e3o","publisher":{"@id":"https:\/\/projetopack.com.br\/#organization"},"potentialAction":[{"@type":"SearchAction","target":{"@type":"EntryPoint","urlTemplate":"https:\/\/projetopack.com.br\/?s={search_term_string}"},"query-input":{"@type":"PropertyValueSpecification","valueRequired":true,"valueName":"search_term_string"}}],"inLanguage":"en-US"},{"@type":"Organization","@id":"https:\/\/projetopack.com.br\/#organization","name":"ProjetoPack & Associados","url":"https:\/\/projetopack.com.br\/","logo":{"@type":"ImageObject","inLanguage":"en-US","@id":"https:\/\/projetopack.com.br\/#\/schema\/logo\/image\/","url":"https:\/\/projetopack.com.br\/wp-content\/uploads\/2020\/09\/projetopack.png","contentUrl":"https:\/\/projetopack.com.br\/wp-content\/uploads\/2020\/09\/projetopack.png","width":200,"height":200,"caption":"ProjetoPack & Associados"},"image":{"@id":"https:\/\/projetopack.com.br\/#\/schema\/logo\/image\/"},"sameAs":["https:\/\/x.com\/ProjetoPack","https:\/\/www.linkedin.com\/company\/projetopack\/"]},{"@type":"Person","@id":"https:\/\/projetopack.com.br\/#\/schema\/person\/85a2e510ed8149327b545eabf95ee7ab","name":"Projeto Pack Consultoria e Treinamento","image":{"@type":"ImageObject","inLanguage":"en-US","@id":"https:\/\/projetopack.com.br\/#\/schema\/person\/image\/","url":"https:\/\/projetopack.com.br\/wp-content\/uploads\/2020\/09\/Logo-ProjetoPack-Horizontal-100x100.jpg","contentUrl":"https:\/\/projetopack.com.br\/wp-content\/uploads\/2020\/09\/Logo-ProjetoPack-Horizontal-100x100.jpg","caption":"Projeto Pack Consultoria e Treinamento"},"url":"https:\/\/projetopack.com.br\/en\/author\/projetopack\/"}]}},"_links":{"self":[{"href":"https:\/\/projetopack.com.br\/en\/wp-json\/wp\/v2\/posts\/11582","targetHints":{"allow":["GET"]}}],"collection":[{"href":"https:\/\/projetopack.com.br\/en\/wp-json\/wp\/v2\/posts"}],"about":[{"href":"https:\/\/projetopack.com.br\/en\/wp-json\/wp\/v2\/types\/post"}],"author":[{"embeddable":true,"href":"https:\/\/projetopack.com.br\/en\/wp-json\/wp\/v2\/users\/485"}],"replies":[{"embeddable":true,"href":"https:\/\/projetopack.com.br\/en\/wp-json\/wp\/v2\/comments?post=11582"}],"version-history":[{"count":0,"href":"https:\/\/projetopack.com.br\/en\/wp-json\/wp\/v2\/posts\/11582\/revisions"}],"wp:featuredmedia":[{"embeddable":true,"href":"https:\/\/projetopack.com.br\/en\/wp-json\/wp\/v2\/media\/11594"}],"wp:attachment":[{"href":"https:\/\/projetopack.com.br\/en\/wp-json\/wp\/v2\/media?parent=11582"}],"wp:term":[{"taxonomy":"category","embeddable":true,"href":"https:\/\/projetopack.com.br\/en\/wp-json\/wp\/v2\/categories?post=11582"},{"taxonomy":"post_tag","embeddable":true,"href":"https:\/\/projetopack.com.br\/en\/wp-json\/wp\/v2\/tags?post=11582"}],"curies":[{"name":"wp","href":"https:\/\/api.w.org\/{rel}","templated":true}]}}