{"id":11663,"date":"2021-05-17T12:49:21","date_gmt":"2021-05-17T15:49:21","guid":{"rendered":"https:\/\/www.projetopack.com.br\/?p=11663"},"modified":"2021-05-17T12:49:27","modified_gmt":"2021-05-17T15:49:27","slug":"o-que-aprendemos-no-packcast-com-a-aaron","status":"publish","type":"post","link":"https:\/\/projetopack.com.br\/en\/o-que-aprendemos-no-packcast-com-a-aaron\/","title":{"rendered":"O que aprendemos no PackCast com a Aaron?"},"content":{"rendered":"<p>Dando sequencia \u00e0 segunda temporada do nosso podcast PackCast, fizemos uma entrevista com a convertedora de r\u00f3tulos <a href=\"https:\/\/www.brazicolor.com.br\/\" target=\"_blank\" rel=\"noreferrer noopener\">Aaron R\u00f3tulos<\/a>. Mantendo o protocolo, aproveitamos o v\u00eddeo para o formato webcast em nosso canal do <a href=\"https:\/\/www.youtube.com\/channel\/UCS8EbIa5SICWRV1ba4STw5g\" target=\"_blank\" rel=\"noreferrer noopener\">YouTube<\/a> (convidamos a todos para se inscreverem em ambos, links ao longo da postagem).<\/p>\n\n\n\n<p>A Aaron \u00e9 uma tradicional convertedora de r\u00f3tulos cearense, que ocupa posi\u00e7\u00e3o de lideran\u00e7a no mercado norte e nordeste do pa\u00eds, produzindo r\u00f3tulos e etiquetas impressas em flexografia.<\/p>\n\n\n\n<p>Nosso bate-papo contou com a ilustre presen\u00e7a de Luciano Bezerra, diretor comercial da empresa e sucessor.<\/p>\n\n\n\n<figure class=\"wp-block-embed is-type-video is-provider-youtube wp-block-embed-youtube wp-embed-aspect-16-9 wp-has-aspect-ratio\"><div class=\"wp-block-embed__wrapper\">\n<iframe title=\"PackLive com a Aaron R\u00f3tulos\" width=\"800\" height=\"450\" src=\"https:\/\/www.youtube.com\/embed\/IOl2ZS3QDbk?feature=oembed\" frameborder=\"0\" allow=\"accelerometer; autoplay; clipboard-write; encrypted-media; gyroscope; picture-in-picture\" allowfullscreen><\/iframe>\n<\/div><\/figure>\n\n\n\n<p>A Aaron nos conta que, diferentemente da maioria dos convertedores da regi\u00e3o, a empresa come\u00e7ou com uma impressora modular. \u00c0 \u00e9poca, isso foi um desafio duplo, uma vez que o mercado n\u00e3o estava preparado para a tecnologia: embora a qualidade fosse \u00edmpar, o pre\u00e7o de venda era restritivo.<\/p>\n\n\n\n<p>Luciano nos conta que o mercado norte e nordeste \u00e9 majoritariamente <em>cost driven<\/em> &#8211; isto \u00e9, bastante sens\u00edvel aos pre\u00e7os. O cliente tamb\u00e9m gosta de negociar (cultura) e exige que os fornecedores sejam vers\u00e1teis em portf\u00f3lio.<\/p>\n\n\n\n<p>Esta versatilidade demandada pelos clientes de se produzir &#8220;um pouco de tudo&#8221;, aliada \u00e0 quest\u00e3o log\u00edstica, imp\u00f5e outro fardo importante aos convertedores da regi\u00e3o: a necessidade de estoque de mat\u00e9rias-primas variadas, de capacidade industrial superdimensionada e setups mais lentos para atender a um leque heterog\u00eaneo de produtos.<\/p>\n\n\n\n<figure class=\"wp-block-pullquote\"><blockquote><p>A m\u00e3o-de-obra qualificada ainda \u00e9 um problema na regi\u00e3o. O impressor aprende perdendo material bom a cada servi\u00e7o.<\/p><\/blockquote><\/figure>\n\n\n\n<p>A Aaron segue crescendo, a despeito de enfrentar concorrentes multinacionais ou campe\u00f5es nacionais que, mesmo localizados nas regi\u00f5es sul e sudeste, conseguem ofertar seus produtos de forma competitiva (muitas vezes pre\u00e7os predat\u00f3rios, segundo a empresa) e com lead times super curtos. Luciano explica que a forma de sobreviver a esta batalha \u00e9 agregar um servi\u00e7o t\u00e9cnico e um atendimento diferenciado.<\/p>\n\n\n\n<p class=\"has-cyan-bluish-gray-background-color has-background\">Dois outros temas importantes que merecem seu tempo \u00e9 a explica\u00e7\u00e3o da Aaron sobre a sua nova fase de autofinanciamento versus a fase anterior, onde possu\u00edam um s\u00f3cio investidor. Falou-se sobre o que muda ao sair de uma suposta &#8220;zona de conforto&#8221; para a realidade de se angariar fundos com a pr\u00f3pria opera\u00e7\u00e3o e com agentes financeiros do mercado.<\/p>\n\n\n\n<p>O outro, e n\u00e3o menos relevante tema diz respeito \u00e0 impress\u00e3o digital. A empresa adquiriu uma impressora digital e desistiu do equipamento, comentando os motivos que a levaram a retroceder com o investimento e a aprendizagem no processo.<\/p>\n\n\n\n<p><strong>Ou\u00e7a mais entrevistas do PackCast:<\/strong><br><a href=\"https:\/\/projetopack.com.br\/o-que-aprendemos-no-packcast-com-a-brazicolor\/\" target=\"_blank\" rel=\"noreferrer noopener\">Entrevista com Celiano Cenci, da Brazicolor<\/a><br><a href=\"https:\/\/projetopack.com.br\/o-que-aprendemos-na-terceira-entrevista-do-programa-packcast-com-a-etirama\/\" target=\"_blank\" rel=\"noreferrer noopener\">Entrevista com Ronnie, da Etirama<\/a><\/p>","protected":false},"excerpt":{"rendered":"<p>Saiba como foi a nossa entrevista com o diretor comercial da Aaron R\u00f3tulos <\/p>","protected":false},"author":18,"featured_media":11665,"comment_status":"open","ping_status":"closed","sticky":true,"template":"","format":"standard","meta":{"footnotes":""},"categories":[632],"tags":[804,805,771,764,249,33,170],"class_list":["post-11663","post","type-post","status-publish","format-standard","has-post-thumbnail","hentry","category-entrevistas","tag-aaron","tag-aaron-rotulos","tag-impressao-digital-de-rotulos","tag-impressora-de-rotulos","tag-rotulos","tag-rotulos-adesivos","tag-rotulos-e-etiquetas"],"yoast_head":"<!-- This site is optimized with the Yoast SEO Premium plugin v27.1 (Yoast SEO v27.1.1) - https:\/\/yoast.com\/product\/yoast-seo-premium-wordpress\/ -->\n<title>O que aprendemos no PackCast com a Aaron? - ProjetoPack<\/title>\n<meta name=\"description\" content=\"Dando sequencia \u00e0 segunda temporada do nosso podcast PackCast, fizemos uma entrevista com a convertedora de r\u00f3tulos Aaron R\u00f3tulos.\" \/>\n<meta name=\"robots\" content=\"index, follow, max-snippet:-1, max-image-preview:large, max-video-preview:-1\" \/>\n<link rel=\"canonical\" href=\"https:\/\/projetopack.com.br\/en\/o-que-aprendemos-no-packcast-com-a-aaron\/\" \/>\n<meta property=\"og:locale\" content=\"en_US\" \/>\n<meta property=\"og:type\" content=\"article\" \/>\n<meta property=\"og:title\" content=\"O que aprendemos no PackCast com a Aaron?\" \/>\n<meta property=\"og:description\" content=\"Dando sequencia \u00e0 segunda temporada do nosso podcast PackCast, fizemos uma entrevista com a convertedora de r\u00f3tulos Aaron R\u00f3tulos.\" \/>\n<meta property=\"og:url\" content=\"https:\/\/projetopack.com.br\/en\/o-que-aprendemos-no-packcast-com-a-aaron\/\" \/>\n<meta property=\"og:site_name\" content=\"ProjetoPack\" \/>\n<meta property=\"article:published_time\" content=\"2021-05-17T15:49:21+00:00\" \/>\n<meta property=\"article:modified_time\" content=\"2021-05-17T15:49:27+00:00\" \/>\n<meta property=\"og:image\" content=\"https:\/\/projetopack.com.br\/wp-content\/uploads\/2021\/05\/Capa-Podcast-16.png\" \/>\n\t<meta property=\"og:image:width\" content=\"1080\" \/>\n\t<meta property=\"og:image:height\" content=\"1080\" \/>\n\t<meta property=\"og:image:type\" content=\"image\/png\" \/>\n<meta name=\"author\" content=\"Andrea\" \/>\n<meta name=\"twitter:card\" content=\"summary_large_image\" \/>\n<meta name=\"twitter:creator\" content=\"@ProjetoPack\" \/>\n<meta name=\"twitter:site\" content=\"@ProjetoPack\" \/>\n<meta name=\"twitter:label1\" content=\"Written by\" \/>\n\t<meta name=\"twitter:data1\" content=\"Andrea\" \/>\n\t<meta name=\"twitter:label2\" content=\"Est. reading time\" \/>\n\t<meta name=\"twitter:data2\" content=\"2 minutes\" \/>\n<script type=\"application\/ld+json\" class=\"yoast-schema-graph\">{\"@context\":\"https:\/\/schema.org\",\"@graph\":[{\"@type\":\"Article\",\"@id\":\"https:\/\/projetopack.com.br\/en\/o-que-aprendemos-no-packcast-com-a-aaron\/#article\",\"isPartOf\":{\"@id\":\"https:\/\/projetopack.com.br\/en\/o-que-aprendemos-no-packcast-com-a-aaron\/\"},\"author\":{\"name\":\"Andrea\",\"@id\":\"https:\/\/projetopack.com.br\/#\/schema\/person\/d17c72a4bc2b7e461496dd8a14d4cef1\"},\"headline\":\"O que aprendemos no PackCast com a Aaron?\",\"datePublished\":\"2021-05-17T15:49:21+00:00\",\"dateModified\":\"2021-05-17T15:49:27+00:00\",\"mainEntityOfPage\":{\"@id\":\"https:\/\/projetopack.com.br\/en\/o-que-aprendemos-no-packcast-com-a-aaron\/\"},\"wordCount\":458,\"commentCount\":0,\"publisher\":{\"@id\":\"https:\/\/projetopack.com.br\/#organization\"},\"image\":{\"@id\":\"https:\/\/projetopack.com.br\/en\/o-que-aprendemos-no-packcast-com-a-aaron\/#primaryimage\"},\"thumbnailUrl\":\"https:\/\/projetopack.com.br\/wp-content\/uploads\/2021\/05\/Capa-Podcast-16.png\",\"keywords\":[\"aaron\",\"aaron r\u00f3tulos\",\"impress\u00e3o digital de r\u00f3tulos\",\"impressora de r\u00f3tulos\",\"r\u00f3tulos\",\"R\u00f3tulos Adesivos\",\"r\u00f3tulos e etiquetas\"],\"articleSection\":[\"Entrevistas\"],\"inLanguage\":\"en-US\",\"potentialAction\":[{\"@type\":\"CommentAction\",\"name\":\"Comment\",\"target\":[\"https:\/\/projetopack.com.br\/en\/o-que-aprendemos-no-packcast-com-a-aaron\/#respond\"]}]},{\"@type\":\"WebPage\",\"@id\":\"https:\/\/projetopack.com.br\/en\/o-que-aprendemos-no-packcast-com-a-aaron\/\",\"url\":\"https:\/\/projetopack.com.br\/en\/o-que-aprendemos-no-packcast-com-a-aaron\/\",\"name\":\"O que aprendemos no PackCast com a Aaron? - ProjetoPack\",\"isPartOf\":{\"@id\":\"https:\/\/projetopack.com.br\/#website\"},\"primaryImageOfPage\":{\"@id\":\"https:\/\/projetopack.com.br\/en\/o-que-aprendemos-no-packcast-com-a-aaron\/#primaryimage\"},\"image\":{\"@id\":\"https:\/\/projetopack.com.br\/en\/o-que-aprendemos-no-packcast-com-a-aaron\/#primaryimage\"},\"thumbnailUrl\":\"https:\/\/projetopack.com.br\/wp-content\/uploads\/2021\/05\/Capa-Podcast-16.png\",\"datePublished\":\"2021-05-17T15:49:21+00:00\",\"dateModified\":\"2021-05-17T15:49:27+00:00\",\"description\":\"Dando sequencia \u00e0 segunda temporada do nosso podcast PackCast, fizemos uma entrevista com a convertedora de r\u00f3tulos Aaron R\u00f3tulos.\",\"breadcrumb\":{\"@id\":\"https:\/\/projetopack.com.br\/en\/o-que-aprendemos-no-packcast-com-a-aaron\/#breadcrumb\"},\"inLanguage\":\"en-US\",\"potentialAction\":[{\"@type\":\"ReadAction\",\"target\":[\"https:\/\/projetopack.com.br\/en\/o-que-aprendemos-no-packcast-com-a-aaron\/\"]}]},{\"@type\":\"ImageObject\",\"inLanguage\":\"en-US\",\"@id\":\"https:\/\/projetopack.com.br\/en\/o-que-aprendemos-no-packcast-com-a-aaron\/#primaryimage\",\"url\":\"https:\/\/projetopack.com.br\/wp-content\/uploads\/2021\/05\/Capa-Podcast-16.png\",\"contentUrl\":\"https:\/\/projetopack.com.br\/wp-content\/uploads\/2021\/05\/Capa-Podcast-16.png\",\"width\":1080,\"height\":1080,\"caption\":\"Entrevista com Aaron R\u00f3tulos\"},{\"@type\":\"BreadcrumbList\",\"@id\":\"https:\/\/projetopack.com.br\/en\/o-que-aprendemos-no-packcast-com-a-aaron\/#breadcrumb\",\"itemListElement\":[{\"@type\":\"ListItem\",\"position\":1,\"name\":\"P\u00e1gina Inicial\",\"item\":\"https:\/\/projetopack.com.br\/\"},{\"@type\":\"ListItem\",\"position\":2,\"name\":\"Entrevistas\",\"item\":\"https:\/\/projetopack.com.br\/category\/entrevistas\/\"},{\"@type\":\"ListItem\",\"position\":3,\"name\":\"O que aprendemos no PackCast com a Aaron?\"}]},{\"@type\":\"WebSite\",\"@id\":\"https:\/\/projetopack.com.br\/#website\",\"url\":\"https:\/\/projetopack.com.br\/\",\"name\":\"ProjetoPack\",\"description\":\"Consultoria e servi\u00e7os para embalagens, r\u00f3tulos, etiquetas e processos de impress\u00e3o\",\"publisher\":{\"@id\":\"https:\/\/projetopack.com.br\/#organization\"},\"potentialAction\":[{\"@type\":\"SearchAction\",\"target\":{\"@type\":\"EntryPoint\",\"urlTemplate\":\"https:\/\/projetopack.com.br\/?s={search_term_string}\"},\"query-input\":{\"@type\":\"PropertyValueSpecification\",\"valueRequired\":true,\"valueName\":\"search_term_string\"}}],\"inLanguage\":\"en-US\"},{\"@type\":\"Organization\",\"@id\":\"https:\/\/projetopack.com.br\/#organization\",\"name\":\"ProjetoPack & Associados\",\"url\":\"https:\/\/projetopack.com.br\/\",\"logo\":{\"@type\":\"ImageObject\",\"inLanguage\":\"en-US\",\"@id\":\"https:\/\/projetopack.com.br\/#\/schema\/logo\/image\/\",\"url\":\"https:\/\/projetopack.com.br\/wp-content\/uploads\/2020\/09\/projetopack.png\",\"contentUrl\":\"https:\/\/projetopack.com.br\/wp-content\/uploads\/2020\/09\/projetopack.png\",\"width\":200,\"height\":200,\"caption\":\"ProjetoPack & Associados\"},\"image\":{\"@id\":\"https:\/\/projetopack.com.br\/#\/schema\/logo\/image\/\"},\"sameAs\":[\"https:\/\/x.com\/ProjetoPack\",\"https:\/\/www.linkedin.com\/company\/projetopack\/\"]},{\"@type\":\"Person\",\"@id\":\"https:\/\/projetopack.com.br\/#\/schema\/person\/d17c72a4bc2b7e461496dd8a14d4cef1\",\"name\":\"Andrea\",\"image\":{\"@type\":\"ImageObject\",\"inLanguage\":\"en-US\",\"@id\":\"https:\/\/projetopack.com.br\/#\/schema\/person\/image\/\",\"url\":\"https:\/\/projetopack.com.br\/wp-content\/uploads\/2026\/03\/eu-150x150.jpg\",\"contentUrl\":\"https:\/\/projetopack.com.br\/wp-content\/uploads\/2026\/03\/eu-150x150.jpg\",\"caption\":\"Andrea\"},\"url\":\"https:\/\/projetopack.com.br\/en\/author\/andrea\/\"}]}<\/script>\n<!-- \/ Yoast SEO Premium plugin. -->","yoast_head_json":{"title":"O que aprendemos no PackCast com a Aaron? - ProjetoPack","description":"Dando sequencia \u00e0 segunda temporada do nosso podcast PackCast, fizemos uma entrevista com a convertedora de r\u00f3tulos Aaron R\u00f3tulos.","robots":{"index":"index","follow":"follow","max-snippet":"max-snippet:-1","max-image-preview":"max-image-preview:large","max-video-preview":"max-video-preview:-1"},"canonical":"https:\/\/projetopack.com.br\/en\/o-que-aprendemos-no-packcast-com-a-aaron\/","og_locale":"en_US","og_type":"article","og_title":"O que aprendemos no PackCast com a Aaron?","og_description":"Dando sequencia \u00e0 segunda temporada do nosso podcast PackCast, fizemos uma entrevista com a convertedora de r\u00f3tulos Aaron R\u00f3tulos.","og_url":"https:\/\/projetopack.com.br\/en\/o-que-aprendemos-no-packcast-com-a-aaron\/","og_site_name":"ProjetoPack","article_published_time":"2021-05-17T15:49:21+00:00","article_modified_time":"2021-05-17T15:49:27+00:00","og_image":[{"width":1080,"height":1080,"url":"https:\/\/projetopack.com.br\/wp-content\/uploads\/2021\/05\/Capa-Podcast-16.png","type":"image\/png"}],"author":"Andrea","twitter_card":"summary_large_image","twitter_creator":"@ProjetoPack","twitter_site":"@ProjetoPack","twitter_misc":{"Written by":"Andrea","Est. reading time":"2 minutes"},"schema":{"@context":"https:\/\/schema.org","@graph":[{"@type":"Article","@id":"https:\/\/projetopack.com.br\/en\/o-que-aprendemos-no-packcast-com-a-aaron\/#article","isPartOf":{"@id":"https:\/\/projetopack.com.br\/en\/o-que-aprendemos-no-packcast-com-a-aaron\/"},"author":{"name":"Andrea","@id":"https:\/\/projetopack.com.br\/#\/schema\/person\/d17c72a4bc2b7e461496dd8a14d4cef1"},"headline":"O que aprendemos no PackCast com a Aaron?","datePublished":"2021-05-17T15:49:21+00:00","dateModified":"2021-05-17T15:49:27+00:00","mainEntityOfPage":{"@id":"https:\/\/projetopack.com.br\/en\/o-que-aprendemos-no-packcast-com-a-aaron\/"},"wordCount":458,"commentCount":0,"publisher":{"@id":"https:\/\/projetopack.com.br\/#organization"},"image":{"@id":"https:\/\/projetopack.com.br\/en\/o-que-aprendemos-no-packcast-com-a-aaron\/#primaryimage"},"thumbnailUrl":"https:\/\/projetopack.com.br\/wp-content\/uploads\/2021\/05\/Capa-Podcast-16.png","keywords":["aaron","aaron r\u00f3tulos","impress\u00e3o digital de r\u00f3tulos","impressora de r\u00f3tulos","r\u00f3tulos","R\u00f3tulos Adesivos","r\u00f3tulos e etiquetas"],"articleSection":["Entrevistas"],"inLanguage":"en-US","potentialAction":[{"@type":"CommentAction","name":"Comment","target":["https:\/\/projetopack.com.br\/en\/o-que-aprendemos-no-packcast-com-a-aaron\/#respond"]}]},{"@type":"WebPage","@id":"https:\/\/projetopack.com.br\/en\/o-que-aprendemos-no-packcast-com-a-aaron\/","url":"https:\/\/projetopack.com.br\/en\/o-que-aprendemos-no-packcast-com-a-aaron\/","name":"O que aprendemos no PackCast com a Aaron? - ProjetoPack","isPartOf":{"@id":"https:\/\/projetopack.com.br\/#website"},"primaryImageOfPage":{"@id":"https:\/\/projetopack.com.br\/en\/o-que-aprendemos-no-packcast-com-a-aaron\/#primaryimage"},"image":{"@id":"https:\/\/projetopack.com.br\/en\/o-que-aprendemos-no-packcast-com-a-aaron\/#primaryimage"},"thumbnailUrl":"https:\/\/projetopack.com.br\/wp-content\/uploads\/2021\/05\/Capa-Podcast-16.png","datePublished":"2021-05-17T15:49:21+00:00","dateModified":"2021-05-17T15:49:27+00:00","description":"Dando sequencia \u00e0 segunda temporada do nosso podcast PackCast, fizemos uma entrevista com a convertedora de r\u00f3tulos Aaron R\u00f3tulos.","breadcrumb":{"@id":"https:\/\/projetopack.com.br\/en\/o-que-aprendemos-no-packcast-com-a-aaron\/#breadcrumb"},"inLanguage":"en-US","potentialAction":[{"@type":"ReadAction","target":["https:\/\/projetopack.com.br\/en\/o-que-aprendemos-no-packcast-com-a-aaron\/"]}]},{"@type":"ImageObject","inLanguage":"en-US","@id":"https:\/\/projetopack.com.br\/en\/o-que-aprendemos-no-packcast-com-a-aaron\/#primaryimage","url":"https:\/\/projetopack.com.br\/wp-content\/uploads\/2021\/05\/Capa-Podcast-16.png","contentUrl":"https:\/\/projetopack.com.br\/wp-content\/uploads\/2021\/05\/Capa-Podcast-16.png","width":1080,"height":1080,"caption":"Entrevista com Aaron R\u00f3tulos"},{"@type":"BreadcrumbList","@id":"https:\/\/projetopack.com.br\/en\/o-que-aprendemos-no-packcast-com-a-aaron\/#breadcrumb","itemListElement":[{"@type":"ListItem","position":1,"name":"P\u00e1gina Inicial","item":"https:\/\/projetopack.com.br\/"},{"@type":"ListItem","position":2,"name":"Entrevistas","item":"https:\/\/projetopack.com.br\/category\/entrevistas\/"},{"@type":"ListItem","position":3,"name":"O que aprendemos no PackCast com a Aaron?"}]},{"@type":"WebSite","@id":"https:\/\/projetopack.com.br\/#website","url":"https:\/\/projetopack.com.br\/","name":"ProjetoPack","description":"Consultoria e servi\u00e7os para embalagens, r\u00f3tulos, etiquetas e processos de impress\u00e3o","publisher":{"@id":"https:\/\/projetopack.com.br\/#organization"},"potentialAction":[{"@type":"SearchAction","target":{"@type":"EntryPoint","urlTemplate":"https:\/\/projetopack.com.br\/?s={search_term_string}"},"query-input":{"@type":"PropertyValueSpecification","valueRequired":true,"valueName":"search_term_string"}}],"inLanguage":"en-US"},{"@type":"Organization","@id":"https:\/\/projetopack.com.br\/#organization","name":"ProjetoPack & Associados","url":"https:\/\/projetopack.com.br\/","logo":{"@type":"ImageObject","inLanguage":"en-US","@id":"https:\/\/projetopack.com.br\/#\/schema\/logo\/image\/","url":"https:\/\/projetopack.com.br\/wp-content\/uploads\/2020\/09\/projetopack.png","contentUrl":"https:\/\/projetopack.com.br\/wp-content\/uploads\/2020\/09\/projetopack.png","width":200,"height":200,"caption":"ProjetoPack & Associados"},"image":{"@id":"https:\/\/projetopack.com.br\/#\/schema\/logo\/image\/"},"sameAs":["https:\/\/x.com\/ProjetoPack","https:\/\/www.linkedin.com\/company\/projetopack\/"]},{"@type":"Person","@id":"https:\/\/projetopack.com.br\/#\/schema\/person\/d17c72a4bc2b7e461496dd8a14d4cef1","name":"Andrea","image":{"@type":"ImageObject","inLanguage":"en-US","@id":"https:\/\/projetopack.com.br\/#\/schema\/person\/image\/","url":"https:\/\/projetopack.com.br\/wp-content\/uploads\/2026\/03\/eu-150x150.jpg","contentUrl":"https:\/\/projetopack.com.br\/wp-content\/uploads\/2026\/03\/eu-150x150.jpg","caption":"Andrea"},"url":"https:\/\/projetopack.com.br\/en\/author\/andrea\/"}]}},"_links":{"self":[{"href":"https:\/\/projetopack.com.br\/en\/wp-json\/wp\/v2\/posts\/11663","targetHints":{"allow":["GET"]}}],"collection":[{"href":"https:\/\/projetopack.com.br\/en\/wp-json\/wp\/v2\/posts"}],"about":[{"href":"https:\/\/projetopack.com.br\/en\/wp-json\/wp\/v2\/types\/post"}],"author":[{"embeddable":true,"href":"https:\/\/projetopack.com.br\/en\/wp-json\/wp\/v2\/users\/18"}],"replies":[{"embeddable":true,"href":"https:\/\/projetopack.com.br\/en\/wp-json\/wp\/v2\/comments?post=11663"}],"version-history":[{"count":0,"href":"https:\/\/projetopack.com.br\/en\/wp-json\/wp\/v2\/posts\/11663\/revisions"}],"wp:featuredmedia":[{"embeddable":true,"href":"https:\/\/projetopack.com.br\/en\/wp-json\/wp\/v2\/media\/11665"}],"wp:attachment":[{"href":"https:\/\/projetopack.com.br\/en\/wp-json\/wp\/v2\/media?parent=11663"}],"wp:term":[{"taxonomy":"category","embeddable":true,"href":"https:\/\/projetopack.com.br\/en\/wp-json\/wp\/v2\/categories?post=11663"},{"taxonomy":"post_tag","embeddable":true,"href":"https:\/\/projetopack.com.br\/en\/wp-json\/wp\/v2\/tags?post=11663"}],"curies":[{"name":"wp","href":"https:\/\/api.w.org\/{rel}","templated":true}]}}