{"id":11783,"date":"2021-05-21T13:07:39","date_gmt":"2021-05-21T16:07:39","guid":{"rendered":"https:\/\/www.projetopack.com.br\/?p=11783"},"modified":"2021-05-21T16:06:54","modified_gmt":"2021-05-21T19:06:54","slug":"ativo-setor-de-embalagens-pede-passagem","status":"publish","type":"post","link":"https:\/\/projetopack.com.br\/en\/ativo-setor-de-embalagens-pede-passagem\/","title":{"rendered":"Ativo, setor de embalagens pede passagem"},"content":{"rendered":"<p>A pandemia de Covid-19 afetou globalmente todas as ind\u00fastrias e cadeias de neg\u00f3cios, obrigando diversas delas se reinventarem. Mas alguns setores tiveram recupera\u00e7\u00e3o r\u00e1pida, apresentando crescimento acima do esperado em contexto anterior \u00e0 pandemia. <\/p>\n\n\n\n<p class=\"has-cyan-bluish-gray-background-color has-background\">O segmento de embalagens, globalmente, \u00e9 um deles. No Brasil, onde o setor chega ao todo a movimentar pr\u00f3ximos R$ 100 bilh\u00f5es ao ano, algumas empresas registraram crescimentos acima de 25% em 2020.<\/p>\n\n\n\n<p>O setor de embalagens foi positivamente impactado pelas mudan\u00e7as nas cadeias log\u00edsticas e necessidades de (e formas de) consumo da popula\u00e7\u00e3o mundial. No Brasil, calcula-se que o e-commerce cresceu mais de 40%, e o impacto na ind\u00fastria de embalagens foi imediato. As opera\u00e7\u00f5es de delivery, incluindo todos tipos de produtos \u2013 de alimentos a bens de consumo, dur\u00e1veis ou n\u00e3o; da alimenta\u00e7\u00e3o que anteriormente era consumida \u201cfora de casa\u201d \u2013 em restaurantes, por exemplo, que passaram ao sistema <em>delivery<\/em> ou <em>drive thru<\/em>; de compras de supermercados que passaram a ser entregues, necessitando de embalagens.<\/p>\n\n\n\n<p>H\u00e1 desafios. A cadeia de suprimentos das mat\u00e9rias primas de embalagens tamb\u00e9m sofreu seriamente com rupturas, varia\u00e7\u00f5es e disponibilidades de commodities. Diversas ind\u00fastrias sofreram um movimento parecido com uma montanha-russa, envolvendo volumes, pre\u00e7os e custos (e no Brasil afetado n\u00e3o somente pela varia\u00e7\u00e3o dos pre\u00e7os dos commodities, mas tamb\u00e9m por varia\u00e7\u00f5es cambiais), que come\u00e7aram a se equilibrar ao final do segundo semestre de 2020 (ai ent\u00e3o permitindo recupera\u00e7\u00e3o e busca de reequil\u00edbrio de margens).<\/p>\n\n\n\n<figure class=\"wp-block-pullquote\"><blockquote><p>Em 2020 verificamos, globalmente, cerca de 200 transa\u00e7\u00f5es no setor de embalagens, movimentando mais de US$ 7 bilh\u00f5es. No Brasil ainda temos um setor com diversas empresas de perfil familiar e bastante propenso a consolida\u00e7\u00f5es. <\/p><\/blockquote><\/figure>\n\n\n\n<p>A atratividade \u00e9 grande, seja pelas oportunidades de combina\u00e7\u00e3o de neg\u00f3cios, alavancando operacionalmente as opera\u00e7\u00f5es, mas tamb\u00e9m pela complementa\u00e7\u00e3o de produtos e \u00e1reas de atua\u00e7\u00e3o. Investidores financeiros, embora minoria de participa\u00e7\u00e3o nas transa\u00e7\u00f5es no setor, continuam analisando oportunidades. H\u00e1 uma tend\u00eancia global de aten\u00e7\u00e3o a quest\u00f5es de <em>Environmental, Social &amp; Governance &#8211; ESG<\/em> no segmento (<em>Environmental<\/em> em destaque por quest\u00f5es de formas e controle de retorno ou descarte, tempo de decomposi\u00e7\u00e3o\/ degrada\u00e7\u00e3o, materiais substitutos e naturais; <em>Social &amp; Governance <\/em>por crescente quest\u00f5es de regula\u00e7\u00e3o, comunica\u00e7\u00e3o e certifica\u00e7\u00f5es de qualidade e preserva\u00e7\u00e3o).<\/p>\n\n\n\n<p>O Brasil j\u00e1 \u00e9 palco de opera\u00e7\u00f5es de todos os grandes <em>players<\/em> mundiais. E continua alvo de aten\u00e7\u00e3o e de oportunidades. A demanda brasileira \u00e9 significativa e est\u00e1 em expans\u00e3o. Investidores estrat\u00e9gicos globais e financeiros (fundos de investimento, tipo <em>private equity<\/em>) est\u00e3o com opera\u00e7\u00f5es bastante ativas no Brasil. <\/p>\n\n\n\n<p>A lista \u00e9 longa e, dentre diversos outros e de diversos tamanhos delas, podemos mencionar as opera\u00e7\u00f5es no Brasil da Berry Corporation, da Ardagh Group, da Marubeni (que adquiriu a Santher em fevereiro de 2020 por R$ mais de R$ 2,3 bilh\u00f5es), da Klabin (que adquiriu as opera\u00e7\u00f5es da International Paper em mar\u00e7o de 2020 por cerca de R$ 350 milh\u00f5es), da Klingele Paper &amp; Packaging (comprou unidade da Klabin em 2020 em opera\u00e7\u00e3o de aproximadamente R$ 200 milh\u00f5es), da CCL Industries, da Amcor\/ Bemis (em 2018 a Amcor adquire globalmente a Bemis&nbsp; por US$ 5,6 bilh\u00f5es), da Gualapack, da Sonoco, da Avery Dennison, da Logoplaste (que teve 60% de seu capital vendido ao Ontario Teachers\u2019 Pension Plan Board &#8211; OTPP, por US$ 1,4 bilh\u00e3o em fevereiro de 2021&nbsp; -anteriormente a Logoplast era investimento do fundo americano Carlyle), e financeiros, como por exemplo, as opera\u00e7\u00f5es da CCRR (empresa do portf\u00f3lio de investimentos do banco BTG). E h\u00e1 novos investimentos <em>green field<\/em>, como por exemplo da Klabin que tem investimentos estimados em cerca de R$ 10 bilh\u00f5es em nova f\u00e1brica no Paran\u00e1.<\/p>\n\n\n\n<p class=\"has-cyan-bluish-gray-background-color has-background\">Mas ainda h\u00e1 relevantes <em>players<\/em> mundiais que n\u00e3o est\u00e3o no Brasil e buscam se posicionar \u2013 ou mesmo aqueles que est\u00e3o querem se fortalecer. E sim, a lista de empresas brasileiras de perfil familiar que poderiam se alavancar e maximizar os valores e perspectivas com uma opera\u00e7\u00e3o \u00e9 maior. \u00c9 uma quest\u00e3o de momento, oportunidade e posicionamento.<\/p>\n\n\n\n<div class=\"wp-block-columns is-layout-flex wp-container-core-columns-is-layout-28f84493 wp-block-columns-is-layout-flex\">\n<div class=\"wp-block-column is-layout-flow wp-block-column-is-layout-flow\" style=\"flex-basis:100%\">\n<div class=\"wp-block-media-text has-media-on-the-right is-stacked-on-mobile\"><figure class=\"wp-block-media-text__media\"><img fetchpriority=\"high\" decoding=\"async\" width=\"224\" height=\"224\" src=\"https:\/\/projetopack.com.br\/wp-content\/uploads\/2021\/05\/dandp_logo.jpg\" alt=\"\" class=\"wp-image-11797 size-full\" srcset=\"https:\/\/projetopack.com.br\/wp-content\/uploads\/2021\/05\/dandp_logo.jpg 224w, https:\/\/projetopack.com.br\/wp-content\/uploads\/2021\/05\/dandp_logo-100x100.jpg 100w, https:\/\/projetopack.com.br\/wp-content\/uploads\/2021\/05\/dandp_logo-150x150.jpg 150w, https:\/\/projetopack.com.br\/wp-content\/uploads\/2021\/05\/dandp_logo-12x12.jpg 12w, https:\/\/projetopack.com.br\/wp-content\/uploads\/2021\/05\/dandp_logo-600x600.jpg 600w\" sizes=\"(max-width: 224px) 100vw, 224px\" \/><\/figure><div class=\"wp-block-media-text__content\">\n<p>Al\u00e9m de mandatos em outros setores, a <a href=\"https:\/\/www.duffandphelps.com\/\" target=\"_blank\" rel=\"noreferrer noopener\">Duff &amp; Phelps, A Kroll Business<\/a> tem dedica\u00e7\u00e3o espec\u00edfica ao setor de embalagens, com mandatos ativos assessorando compradores e vendedores em opera\u00e7\u00f5es no Brasil e no exterior. Recentemente a Duff &amp; Phelps assessorou, com uma avalia\u00e7\u00e3o e emiss\u00e3o de <em>Fairness Opinion<\/em> de valor da opera\u00e7\u00e3o, o <em>board<\/em> da Gores Holdings V uma <em>Special Purpose Company<\/em> (SPAC*) em sua transa\u00e7\u00e3o com a Ardagh Group S.A., na combina\u00e7\u00e3o dos neg\u00f3cios de embalagens de metal (Ardagh Metal Packaging S.A.). A opera\u00e7\u00e3o (anterior Ball Corporation) \u00e9 l\u00edder global em embalagens de metal para refrigerantes e bebidas alc\u00f3olicas, com opera\u00e7\u00f5es nos EUA, Europa e 3 plantas no Brasil, gera receitas de US$ 3.5 bilh\u00f5es e foi avaliada em US$ 8.5 bilh\u00f5es (aproximadamente 10.5x o EBITDA projetado para 2022).<\/p>\n<\/div><\/div>\n\n\n\n<div class=\"wp-block-columns is-layout-flex wp-container-core-columns-is-layout-28f84493 wp-block-columns-is-layout-flex\">\n<div class=\"wp-block-column is-layout-flow wp-block-column-is-layout-flow\" style=\"flex-basis:100%\"><\/div>\n<\/div>\n<\/div>\n<\/div>\n\n\n\n<p>Por fim, h\u00e1 de se destacar que o panorama macro \u00e9 fundamental para essa vis\u00e3o positiva. O ano de 2021 registrou um primeiro trimestre com recorde de atividades de Fus\u00f5es e Aquisi\u00e7\u00f5es (sigla M&amp;A, em ingl\u00eas). Foram anunciadas 363 transa\u00e7\u00f5es, o que representa um crescimento de 71% em rela\u00e7\u00e3o ao mesmo per\u00edodo de 2020.<\/p>\n\n\n\n<p>As atividades de M&amp;A devem bater novo recorde em 2021 e atingir um patamar recorde hist\u00f3rico de mais de 1.300 opera\u00e7\u00f5es (em 2020 foram cerca de 1.100 opera\u00e7\u00f5es), com crescimento de cerca de 20% em rela\u00e7\u00e3o a 2020. Os setores que se destacam continuam sendo os de Tecnologia, Alimentos e Bebidas e Institui\u00e7\u00f5es Financeiras. Tecnologia \u00e9 um direcionador de transa\u00e7\u00f5es para todos os setores \u2013 financeiro, agroneg\u00f3cios, varejo, e log\u00edstica, embalagens, dentre outros.<\/p>\n\n\n\n<p>Mesmo assim, \u00e9 imposs\u00edvel n\u00e3o considerar, no cen\u00e1rio macro, que, mesmo com alguns recentes avan\u00e7os, a aguardada agenda de reformas e privatiza\u00e7\u00f5es custa a sair do papel.&nbsp; Os acordos pol\u00edticos, amargos de compreens\u00e3o, mas necess\u00e1rios, s\u00e3o cr\u00edticos para implementa\u00e7\u00e3o de pol\u00edticas de crescimento e ajustes de agenda e responsabilidade fiscal.<\/p>\n\n\n\n<p>Sem direcionamentos e respostas urgentes para quest\u00f5es de cunho fiscal, tribut\u00e1rio, ambiental, econ\u00f4mico, social \u2013 que inclui a quest\u00e3o de sa\u00fade e de aten\u00e7\u00e3o ao tratamento da pandemia, dificilmente essa perspectiva se sustenta. Precisamos de uma lideran\u00e7a que consiga coordenar e estimular uma agenda positiva.<\/p>\n\n\n\n<p>Por <strong><em>Alexandre Pierantoni<\/em> &#8211; diretor da Duff &amp; Phelps no Brasil<\/strong><\/p>\n\n\n\n<p>Alexandre.Pierantoni@DuffandPhelps.com<\/p>\n\n\n\n<p><strong>Leia mais em nosso blog:<\/strong><br><a href=\"https:\/\/projetopack.com.br\/corona-a-crise-economica-e-as-possiveis-solucoes-a-industria-de-embalagens-e-rotulos\/\" target=\"_blank\" rel=\"noreferrer noopener\">Corona, a crise econ\u00f4mica e as poss\u00edveis solu\u00e7\u00f5es \u00e0 ind\u00fastria de embalagens e r\u00f3tulos<\/a><\/p>","protected":false},"excerpt":{"rendered":"<p>Alguns setores tiveram recupera\u00e7\u00e3o r\u00e1pida, apresentando crescimento acima do esperado em contexto anterior \u00e0 pandemia.<\/p>","protected":false},"author":18,"featured_media":11785,"comment_status":"open","ping_status":"closed","sticky":false,"template":"","format":"standard","meta":{"footnotes":""},"categories":[782,344],"tags":[817,320,38],"class_list":["post-11783","post","type-post","status-publish","format-standard","has-post-thumbnail","hentry","category-fusoes-e-aquisicoes","category-opiniao","tag-duff-phelps","tag-embalagens","tag-fusoes-e-aquisicoes"],"yoast_head":"<!-- This site is optimized with the Yoast SEO Premium plugin v27.1 (Yoast SEO v27.1.1) - https:\/\/yoast.com\/product\/yoast-seo-premium-wordpress\/ -->\n<title>Ativo, setor de embalagens pede passagem - ProjetoPack<\/title>\n<meta name=\"description\" content=\"A pandemia de Covid-19 afetou globalmente todas as ind\u00fastrias e cadeias de neg\u00f3cios, obrigando diversas delas se reinventarem.\" \/>\n<meta name=\"robots\" content=\"index, follow, max-snippet:-1, max-image-preview:large, max-video-preview:-1\" \/>\n<link rel=\"canonical\" href=\"https:\/\/projetopack.com.br\/en\/ativo-setor-de-embalagens-pede-passagem\/\" \/>\n<meta property=\"og:locale\" content=\"en_US\" \/>\n<meta property=\"og:type\" content=\"article\" \/>\n<meta property=\"og:title\" content=\"Ativo, setor de embalagens pede passagem\" \/>\n<meta property=\"og:description\" content=\"A pandemia de Covid-19 afetou globalmente todas as ind\u00fastrias e cadeias de neg\u00f3cios, obrigando diversas delas se reinventarem.\" \/>\n<meta property=\"og:url\" content=\"https:\/\/projetopack.com.br\/en\/ativo-setor-de-embalagens-pede-passagem\/\" \/>\n<meta property=\"og:site_name\" content=\"ProjetoPack\" \/>\n<meta property=\"article:published_time\" content=\"2021-05-21T16:07:39+00:00\" \/>\n<meta property=\"article:modified_time\" content=\"2021-05-21T19:06:54+00:00\" \/>\n<meta property=\"og:image\" content=\"https:\/\/projetopack.com.br\/wp-content\/uploads\/2021\/05\/Alexandre-Pierantoni-129.jpg\" \/>\n\t<meta property=\"og:image:width\" content=\"800\" \/>\n\t<meta property=\"og:image:height\" content=\"534\" \/>\n\t<meta property=\"og:image:type\" content=\"image\/jpeg\" \/>\n<meta name=\"author\" content=\"Andrea\" \/>\n<meta name=\"twitter:card\" content=\"summary_large_image\" \/>\n<meta name=\"twitter:creator\" content=\"@ProjetoPack\" \/>\n<meta name=\"twitter:site\" content=\"@ProjetoPack\" \/>\n<meta name=\"twitter:label1\" content=\"Written by\" \/>\n\t<meta name=\"twitter:data1\" content=\"Andrea\" \/>\n\t<meta name=\"twitter:label2\" content=\"Est. reading time\" \/>\n\t<meta name=\"twitter:data2\" content=\"5 minutes\" \/>\n<script type=\"application\/ld+json\" class=\"yoast-schema-graph\">{\"@context\":\"https:\/\/schema.org\",\"@graph\":[{\"@type\":\"Article\",\"@id\":\"https:\/\/projetopack.com.br\/en\/ativo-setor-de-embalagens-pede-passagem\/#article\",\"isPartOf\":{\"@id\":\"https:\/\/projetopack.com.br\/en\/ativo-setor-de-embalagens-pede-passagem\/\"},\"author\":{\"name\":\"Andrea\",\"@id\":\"https:\/\/projetopack.com.br\/#\/schema\/person\/d17c72a4bc2b7e461496dd8a14d4cef1\"},\"headline\":\"Ativo, setor de embalagens pede passagem\",\"datePublished\":\"2021-05-21T16:07:39+00:00\",\"dateModified\":\"2021-05-21T19:06:54+00:00\",\"mainEntityOfPage\":{\"@id\":\"https:\/\/projetopack.com.br\/en\/ativo-setor-de-embalagens-pede-passagem\/\"},\"wordCount\":1125,\"commentCount\":0,\"publisher\":{\"@id\":\"https:\/\/projetopack.com.br\/#organization\"},\"image\":{\"@id\":\"https:\/\/projetopack.com.br\/en\/ativo-setor-de-embalagens-pede-passagem\/#primaryimage\"},\"thumbnailUrl\":\"https:\/\/projetopack.com.br\/wp-content\/uploads\/2021\/05\/Alexandre-Pierantoni-129.jpg\",\"keywords\":[\"Duff &amp; Phelps\",\"embalagens\",\"Fus\u00f5es e Aquisi\u00e7\u00f5es\"],\"articleSection\":[\"Fus\u00f5es e aquisi\u00e7\u00f5es\",\"Opini\u00e3o\"],\"inLanguage\":\"en-US\",\"potentialAction\":[{\"@type\":\"CommentAction\",\"name\":\"Comment\",\"target\":[\"https:\/\/projetopack.com.br\/en\/ativo-setor-de-embalagens-pede-passagem\/#respond\"]}]},{\"@type\":\"WebPage\",\"@id\":\"https:\/\/projetopack.com.br\/en\/ativo-setor-de-embalagens-pede-passagem\/\",\"url\":\"https:\/\/projetopack.com.br\/en\/ativo-setor-de-embalagens-pede-passagem\/\",\"name\":\"Ativo, setor de embalagens pede passagem - ProjetoPack\",\"isPartOf\":{\"@id\":\"https:\/\/projetopack.com.br\/#website\"},\"primaryImageOfPage\":{\"@id\":\"https:\/\/projetopack.com.br\/en\/ativo-setor-de-embalagens-pede-passagem\/#primaryimage\"},\"image\":{\"@id\":\"https:\/\/projetopack.com.br\/en\/ativo-setor-de-embalagens-pede-passagem\/#primaryimage\"},\"thumbnailUrl\":\"https:\/\/projetopack.com.br\/wp-content\/uploads\/2021\/05\/Alexandre-Pierantoni-129.jpg\",\"datePublished\":\"2021-05-21T16:07:39+00:00\",\"dateModified\":\"2021-05-21T19:06:54+00:00\",\"description\":\"A pandemia de Covid-19 afetou globalmente todas as ind\u00fastrias e cadeias de neg\u00f3cios, obrigando diversas delas se reinventarem.\",\"breadcrumb\":{\"@id\":\"https:\/\/projetopack.com.br\/en\/ativo-setor-de-embalagens-pede-passagem\/#breadcrumb\"},\"inLanguage\":\"en-US\",\"potentialAction\":[{\"@type\":\"ReadAction\",\"target\":[\"https:\/\/projetopack.com.br\/en\/ativo-setor-de-embalagens-pede-passagem\/\"]}]},{\"@type\":\"ImageObject\",\"inLanguage\":\"en-US\",\"@id\":\"https:\/\/projetopack.com.br\/en\/ativo-setor-de-embalagens-pede-passagem\/#primaryimage\",\"url\":\"https:\/\/projetopack.com.br\/wp-content\/uploads\/2021\/05\/Alexandre-Pierantoni-129.jpg\",\"contentUrl\":\"https:\/\/projetopack.com.br\/wp-content\/uploads\/2021\/05\/Alexandre-Pierantoni-129.jpg\",\"width\":800,\"height\":534,\"caption\":\"alexandre pierantoni\"},{\"@type\":\"BreadcrumbList\",\"@id\":\"https:\/\/projetopack.com.br\/en\/ativo-setor-de-embalagens-pede-passagem\/#breadcrumb\",\"itemListElement\":[{\"@type\":\"ListItem\",\"position\":1,\"name\":\"P\u00e1gina Inicial\",\"item\":\"https:\/\/projetopack.com.br\/\"},{\"@type\":\"ListItem\",\"position\":2,\"name\":\"Opini\u00e3o\",\"item\":\"https:\/\/projetopack.com.br\/en\/category\/opiniao\/\"},{\"@type\":\"ListItem\",\"position\":3,\"name\":\"Ativo, setor de embalagens pede passagem\"}]},{\"@type\":\"WebSite\",\"@id\":\"https:\/\/projetopack.com.br\/#website\",\"url\":\"https:\/\/projetopack.com.br\/\",\"name\":\"ProjetoPack\",\"description\":\"Consultoria e servi\u00e7os para embalagens, r\u00f3tulos, etiquetas e processos de impress\u00e3o\",\"publisher\":{\"@id\":\"https:\/\/projetopack.com.br\/#organization\"},\"potentialAction\":[{\"@type\":\"SearchAction\",\"target\":{\"@type\":\"EntryPoint\",\"urlTemplate\":\"https:\/\/projetopack.com.br\/?s={search_term_string}\"},\"query-input\":{\"@type\":\"PropertyValueSpecification\",\"valueRequired\":true,\"valueName\":\"search_term_string\"}}],\"inLanguage\":\"en-US\"},{\"@type\":\"Organization\",\"@id\":\"https:\/\/projetopack.com.br\/#organization\",\"name\":\"ProjetoPack & Associados\",\"url\":\"https:\/\/projetopack.com.br\/\",\"logo\":{\"@type\":\"ImageObject\",\"inLanguage\":\"en-US\",\"@id\":\"https:\/\/projetopack.com.br\/#\/schema\/logo\/image\/\",\"url\":\"https:\/\/projetopack.com.br\/wp-content\/uploads\/2020\/09\/projetopack.png\",\"contentUrl\":\"https:\/\/projetopack.com.br\/wp-content\/uploads\/2020\/09\/projetopack.png\",\"width\":200,\"height\":200,\"caption\":\"ProjetoPack & Associados\"},\"image\":{\"@id\":\"https:\/\/projetopack.com.br\/#\/schema\/logo\/image\/\"},\"sameAs\":[\"https:\/\/x.com\/ProjetoPack\",\"https:\/\/www.linkedin.com\/company\/projetopack\/\"]},{\"@type\":\"Person\",\"@id\":\"https:\/\/projetopack.com.br\/#\/schema\/person\/d17c72a4bc2b7e461496dd8a14d4cef1\",\"name\":\"Andrea\",\"image\":{\"@type\":\"ImageObject\",\"inLanguage\":\"en-US\",\"@id\":\"https:\/\/projetopack.com.br\/#\/schema\/person\/image\/\",\"url\":\"https:\/\/projetopack.com.br\/wp-content\/uploads\/2026\/03\/eu-150x150.jpg\",\"contentUrl\":\"https:\/\/projetopack.com.br\/wp-content\/uploads\/2026\/03\/eu-150x150.jpg\",\"caption\":\"Andrea\"},\"url\":\"https:\/\/projetopack.com.br\/en\/author\/andrea\/\"}]}<\/script>\n<!-- \/ Yoast SEO Premium plugin. -->","yoast_head_json":{"title":"Ativo, setor de embalagens pede passagem - ProjetoPack","description":"A pandemia de Covid-19 afetou globalmente todas as ind\u00fastrias e cadeias de neg\u00f3cios, obrigando diversas delas se reinventarem.","robots":{"index":"index","follow":"follow","max-snippet":"max-snippet:-1","max-image-preview":"max-image-preview:large","max-video-preview":"max-video-preview:-1"},"canonical":"https:\/\/projetopack.com.br\/en\/ativo-setor-de-embalagens-pede-passagem\/","og_locale":"en_US","og_type":"article","og_title":"Ativo, setor de embalagens pede passagem","og_description":"A pandemia de Covid-19 afetou globalmente todas as ind\u00fastrias e cadeias de neg\u00f3cios, obrigando diversas delas se reinventarem.","og_url":"https:\/\/projetopack.com.br\/en\/ativo-setor-de-embalagens-pede-passagem\/","og_site_name":"ProjetoPack","article_published_time":"2021-05-21T16:07:39+00:00","article_modified_time":"2021-05-21T19:06:54+00:00","og_image":[{"width":800,"height":534,"url":"https:\/\/projetopack.com.br\/wp-content\/uploads\/2021\/05\/Alexandre-Pierantoni-129.jpg","type":"image\/jpeg"}],"author":"Andrea","twitter_card":"summary_large_image","twitter_creator":"@ProjetoPack","twitter_site":"@ProjetoPack","twitter_misc":{"Written by":"Andrea","Est. reading time":"5 minutes"},"schema":{"@context":"https:\/\/schema.org","@graph":[{"@type":"Article","@id":"https:\/\/projetopack.com.br\/en\/ativo-setor-de-embalagens-pede-passagem\/#article","isPartOf":{"@id":"https:\/\/projetopack.com.br\/en\/ativo-setor-de-embalagens-pede-passagem\/"},"author":{"name":"Andrea","@id":"https:\/\/projetopack.com.br\/#\/schema\/person\/d17c72a4bc2b7e461496dd8a14d4cef1"},"headline":"Ativo, setor de embalagens pede passagem","datePublished":"2021-05-21T16:07:39+00:00","dateModified":"2021-05-21T19:06:54+00:00","mainEntityOfPage":{"@id":"https:\/\/projetopack.com.br\/en\/ativo-setor-de-embalagens-pede-passagem\/"},"wordCount":1125,"commentCount":0,"publisher":{"@id":"https:\/\/projetopack.com.br\/#organization"},"image":{"@id":"https:\/\/projetopack.com.br\/en\/ativo-setor-de-embalagens-pede-passagem\/#primaryimage"},"thumbnailUrl":"https:\/\/projetopack.com.br\/wp-content\/uploads\/2021\/05\/Alexandre-Pierantoni-129.jpg","keywords":["Duff &amp; Phelps","embalagens","Fus\u00f5es e Aquisi\u00e7\u00f5es"],"articleSection":["Fus\u00f5es e aquisi\u00e7\u00f5es","Opini\u00e3o"],"inLanguage":"en-US","potentialAction":[{"@type":"CommentAction","name":"Comment","target":["https:\/\/projetopack.com.br\/en\/ativo-setor-de-embalagens-pede-passagem\/#respond"]}]},{"@type":"WebPage","@id":"https:\/\/projetopack.com.br\/en\/ativo-setor-de-embalagens-pede-passagem\/","url":"https:\/\/projetopack.com.br\/en\/ativo-setor-de-embalagens-pede-passagem\/","name":"Ativo, setor de embalagens pede passagem - ProjetoPack","isPartOf":{"@id":"https:\/\/projetopack.com.br\/#website"},"primaryImageOfPage":{"@id":"https:\/\/projetopack.com.br\/en\/ativo-setor-de-embalagens-pede-passagem\/#primaryimage"},"image":{"@id":"https:\/\/projetopack.com.br\/en\/ativo-setor-de-embalagens-pede-passagem\/#primaryimage"},"thumbnailUrl":"https:\/\/projetopack.com.br\/wp-content\/uploads\/2021\/05\/Alexandre-Pierantoni-129.jpg","datePublished":"2021-05-21T16:07:39+00:00","dateModified":"2021-05-21T19:06:54+00:00","description":"A pandemia de Covid-19 afetou globalmente todas as ind\u00fastrias e cadeias de neg\u00f3cios, obrigando diversas delas se reinventarem.","breadcrumb":{"@id":"https:\/\/projetopack.com.br\/en\/ativo-setor-de-embalagens-pede-passagem\/#breadcrumb"},"inLanguage":"en-US","potentialAction":[{"@type":"ReadAction","target":["https:\/\/projetopack.com.br\/en\/ativo-setor-de-embalagens-pede-passagem\/"]}]},{"@type":"ImageObject","inLanguage":"en-US","@id":"https:\/\/projetopack.com.br\/en\/ativo-setor-de-embalagens-pede-passagem\/#primaryimage","url":"https:\/\/projetopack.com.br\/wp-content\/uploads\/2021\/05\/Alexandre-Pierantoni-129.jpg","contentUrl":"https:\/\/projetopack.com.br\/wp-content\/uploads\/2021\/05\/Alexandre-Pierantoni-129.jpg","width":800,"height":534,"caption":"alexandre pierantoni"},{"@type":"BreadcrumbList","@id":"https:\/\/projetopack.com.br\/en\/ativo-setor-de-embalagens-pede-passagem\/#breadcrumb","itemListElement":[{"@type":"ListItem","position":1,"name":"P\u00e1gina Inicial","item":"https:\/\/projetopack.com.br\/"},{"@type":"ListItem","position":2,"name":"Opini\u00e3o","item":"https:\/\/projetopack.com.br\/en\/category\/opiniao\/"},{"@type":"ListItem","position":3,"name":"Ativo, setor de embalagens pede passagem"}]},{"@type":"WebSite","@id":"https:\/\/projetopack.com.br\/#website","url":"https:\/\/projetopack.com.br\/","name":"ProjetoPack","description":"Consultoria e servi\u00e7os para embalagens, r\u00f3tulos, etiquetas e processos de impress\u00e3o","publisher":{"@id":"https:\/\/projetopack.com.br\/#organization"},"potentialAction":[{"@type":"SearchAction","target":{"@type":"EntryPoint","urlTemplate":"https:\/\/projetopack.com.br\/?s={search_term_string}"},"query-input":{"@type":"PropertyValueSpecification","valueRequired":true,"valueName":"search_term_string"}}],"inLanguage":"en-US"},{"@type":"Organization","@id":"https:\/\/projetopack.com.br\/#organization","name":"ProjetoPack & Associados","url":"https:\/\/projetopack.com.br\/","logo":{"@type":"ImageObject","inLanguage":"en-US","@id":"https:\/\/projetopack.com.br\/#\/schema\/logo\/image\/","url":"https:\/\/projetopack.com.br\/wp-content\/uploads\/2020\/09\/projetopack.png","contentUrl":"https:\/\/projetopack.com.br\/wp-content\/uploads\/2020\/09\/projetopack.png","width":200,"height":200,"caption":"ProjetoPack & Associados"},"image":{"@id":"https:\/\/projetopack.com.br\/#\/schema\/logo\/image\/"},"sameAs":["https:\/\/x.com\/ProjetoPack","https:\/\/www.linkedin.com\/company\/projetopack\/"]},{"@type":"Person","@id":"https:\/\/projetopack.com.br\/#\/schema\/person\/d17c72a4bc2b7e461496dd8a14d4cef1","name":"Andrea","image":{"@type":"ImageObject","inLanguage":"en-US","@id":"https:\/\/projetopack.com.br\/#\/schema\/person\/image\/","url":"https:\/\/projetopack.com.br\/wp-content\/uploads\/2026\/03\/eu-150x150.jpg","contentUrl":"https:\/\/projetopack.com.br\/wp-content\/uploads\/2026\/03\/eu-150x150.jpg","caption":"Andrea"},"url":"https:\/\/projetopack.com.br\/en\/author\/andrea\/"}]}},"_links":{"self":[{"href":"https:\/\/projetopack.com.br\/en\/wp-json\/wp\/v2\/posts\/11783","targetHints":{"allow":["GET"]}}],"collection":[{"href":"https:\/\/projetopack.com.br\/en\/wp-json\/wp\/v2\/posts"}],"about":[{"href":"https:\/\/projetopack.com.br\/en\/wp-json\/wp\/v2\/types\/post"}],"author":[{"embeddable":true,"href":"https:\/\/projetopack.com.br\/en\/wp-json\/wp\/v2\/users\/18"}],"replies":[{"embeddable":true,"href":"https:\/\/projetopack.com.br\/en\/wp-json\/wp\/v2\/comments?post=11783"}],"version-history":[{"count":0,"href":"https:\/\/projetopack.com.br\/en\/wp-json\/wp\/v2\/posts\/11783\/revisions"}],"wp:featuredmedia":[{"embeddable":true,"href":"https:\/\/projetopack.com.br\/en\/wp-json\/wp\/v2\/media\/11785"}],"wp:attachment":[{"href":"https:\/\/projetopack.com.br\/en\/wp-json\/wp\/v2\/media?parent=11783"}],"wp:term":[{"taxonomy":"category","embeddable":true,"href":"https:\/\/projetopack.com.br\/en\/wp-json\/wp\/v2\/categories?post=11783"},{"taxonomy":"post_tag","embeddable":true,"href":"https:\/\/projetopack.com.br\/en\/wp-json\/wp\/v2\/tags?post=11783"}],"curies":[{"name":"wp","href":"https:\/\/api.w.org\/{rel}","templated":true}]}}