{"id":12068,"date":"2021-06-04T14:06:47","date_gmt":"2021-06-04T17:06:47","guid":{"rendered":"https:\/\/www.projetopack.com.br\/?p=12068"},"modified":"2026-03-16T16:57:40","modified_gmt":"2026-03-16T19:57:40","slug":"camera-press-amplia-parceira-com-durst-e-investe-em-modelo-p5-350","status":"publish","type":"post","link":"https:\/\/projetopack.com.br\/en\/camera-press-amplia-parceira-com-durst-e-investe-em-modelo-p5-350\/","title":{"rendered":"Camera Press amplia parceira com Durst e investe em modelo P5 350"},"content":{"rendered":"<p>Paix\u00e3o, muita hist\u00f3ria e foco na qualidade. Estas s\u00e3o algumas das principais marcas da <strong><a href=\"http:\/\/www.camerapress.com.br\/\" target=\"_blank\" rel=\"noreferrer noopener\">Camera Press<\/a><\/strong>, empresa do segmento de imagem, fotoproduto e comunica\u00e7\u00e3o visual com sede em S\u00e3o Paulo e cuja trajet\u00f3ria se mistura com a hist\u00f3ria da marca <strong><a href=\"https:\/\/www.durst.com.br\/\" target=\"_blank\" rel=\"noreferrer noopener\">Durst<\/a><\/strong> no Brasil. Agora, essa parceria est\u00e1 dando um novo e importante passo com a instala\u00e7\u00e3o da <strong>Durst<\/strong> <strong>P5 350<\/strong>, a nova gera\u00e7\u00e3o de solu\u00e7\u00f5es para impress\u00e3o industrial inkjet UV LED.<\/p>\n\n\n\n<figure class=\"wp-block-embed is-type-video is-provider-youtube wp-block-embed-youtube wp-embed-aspect-16-9 wp-has-aspect-ratio\"><div class=\"wp-block-embed__wrapper\">\n<iframe title=\"Durst P5 350\" width=\"800\" height=\"450\" src=\"https:\/\/www.youtube.com\/embed\/Yw87dWnbS_o?feature=oembed\" frameborder=\"0\" allow=\"accelerometer; autoplay; clipboard-write; encrypted-media; gyroscope; picture-in-picture\" allowfullscreen><\/iframe>\n<\/div><\/figure>\n\n\n\n<h2 class=\"wp-block-heading\" id=\"h-hist-ria-e-tradi-o\"><strong>Hist\u00f3ria e tradi\u00e7\u00e3o<\/strong><\/h2>\n\n\n\n<p>Fundada na d\u00e9cada de 50 por fot\u00f3grafos do jornal Correio Paulistano, com objetivo de produzir imagens fotogr\u00e1ficas e publicit\u00e1rias, a Camera Press cresceu, se diversificou e adaptou seus rumos para se tornar, hoje, uma das principais refer\u00eancias impress\u00e3o de alta qualidade.<\/p>\n\n\n\n<p>Em 1965, o Sr. <strong>Pedro Yamashita<\/strong>, hoje, propriet\u00e1rio da Camera Press, iniciou seu trabalho na empresa \u2013 na \u00e9poca, como fot\u00f3grafo. Posteriormente, j\u00e1 nas d\u00e9cadas de 60 e 70, tornou-se gerente e, depois, s\u00f3cio. O curso do destino e a paix\u00e3o pelo trabalho fizeram com que o Sr. Pedro, ap\u00f3s a dissolu\u00e7\u00e3o societ\u00e1ria original, se tornasse propriet\u00e1rio do neg\u00f3cio, estando \u00e0 frente de todas as fases pelas quais passou a empresa ao longo de quase 60 anos de hist\u00f3ria.<\/p>\n\n\n\n<figure class=\"wp-block-pullquote\"><blockquote><p>\u201cO mercado fotogr\u00e1fico mudou bastante, passando por crescimento e crises. Passamos por dificuldade, tivemos que nos reinventar e, hoje, estamos focados no segmento de impress\u00e3o fotogr\u00e1fica e comunica\u00e7\u00e3o visual.\u201d<\/p><cite>lembra o Sr. Pedro yamashita<\/cite><\/blockquote><\/figure>\n\n\n\n<p class=\"has-cyan-bluish-gray-background-color has-background\">Em 1968, \u00e9poca de expans\u00e3o da Camera Press no mercado fotogr\u00e1fico, a parceria entre a empresa e Durst teve in\u00edcio \u2013 o caso, com ampliadores. \u201cRealmente, a Durst era o que havia de melhor da \u00e9poca\u201d, diz Sr. Pedro.<\/p>\n\n\n\n<p>Depois, novos investimentos em solu\u00e7\u00f5es Durst foram realizados \u2013 ampliadores para c\u00f3pia e impress\u00e3o coloridas, ampliadores de trilho para gigantografia e a impressora digital fotogr\u00e1fica Lambda.<\/p>\n\n\n\n<p>\u201cPaulatinamente, com as mudan\u00e7as de mercado, com a fotografia digital e o crescimento dos equipamentos de comunica\u00e7\u00e3o visual, entremos no segmento de grandes formatos e fotoprodutos\u201d, explica Sr. Pedro. \u201cInvestimos em outras marcas, mas sempre encontramos na qualidade e na tradi\u00e7\u00e3o da Durst a confian\u00e7a que quer\u00edamos. J\u00e1 conhec\u00edamos a marca, a robustez, e isso foi fundamental.\u201d<\/p>\n\n\n\n<p>Segundo <strong>Alessandra Yamashita<\/strong>, diretora comercial da Camera Press, o investimento recente na P5 350 com tecnologia LED UV teve, como crit\u00e9rio, a qualidade.<\/p>\n\n\n\n<figure class=\"wp-block-pullquote\"><blockquote><p>\u201cA nosso ver, \u00e9 a melhor do mercado. Agrega muita tecnologia e, assim, trar\u00e1 muitos benef\u00edcios \u00e0 Camera Press. Temos uma longa hist\u00f3ria de parceria com a Durst e em time que est\u00e1 ganhando n\u00e3o se mexe.\u201d <\/p><cite>destaca Alessandra yamashita<\/cite><\/blockquote><\/figure>\n\n\n\n<p>Sobre o momento do investimento, em meio \u00e0 pandemia de Covid-19, Alessandra mostra otimismo. \u201cTodo p\u00f3s-crise \u00e9 seguido por um crescimento. Mesmo que hoje o momento seja de instabilidade, queremos estar preparados para quando o mercado voltar a aquecer, ou seja, oferecer qualidade e pontualidade na entrega por meio da P5 350\u201d, diz.<\/p>\n\n\n\n<p>Segundo ela, a capacidade produtiva do novo equipamento vai ao encontro das necessidades do mercado. \u201cTodo mundo quer qualidade e agilidade. A P5 350 sem d\u00favidas \u00e9 o equipamento que melhor pode nos oferecer isso atualmente\u201d, afirma. \u201cA partir do momento que voc\u00ea conhece e entra no mundo Durst, n\u00e3o sai mais. E n\u00e3o me refiro apenas ao equipamento, mas a toda equipe da Durst Brasil. Sempre fomos muito bem atendidos, desde a instala\u00e7\u00e3o, servi\u00e7os, entrega de consum\u00edveis. A filosofia da Durst Brasil combina com a nossa; por isso, temos uma parceria t\u00e3o longa e bem-sucedida.\u201d<\/p>\n\n\n\n<p class=\"has-cyan-bluish-gray-background-color has-background\">\u201cNos sentimos muito honrados pelo fato de a Durst fazer parte de uma empresa t\u00e3o tradicional em nosso mercado como a Camera Press, que, uma vez mais, est\u00e1 confiando em nossa tecnologia para levar ainda mais qualidade e produtividade para seus clientes por meio do investimento na nova P5 350\u201d, afirma <strong>Ricardo Pi<\/strong>, diretor geral da Durst Brasil.<\/p>\n\n\n\n<p>Confira na \u00edntegra o caso de Sucesso da Camera press no <a href=\"https:\/\/www.youtube.com\/watch?v=sJB2ruyZdQI\" target=\"_blank\" rel=\"noreferrer noopener\">v\u00eddeo<\/a>.<\/p>\n\n\n\n<p><strong>Leia mais em nosso blog:<\/strong><br><a href=\"https:\/\/projetopack.com.br\/durst-anuncia-p5-250-wt-para-o-segmento-de-embalagens-corrugadas\/\" target=\"_blank\" rel=\"noreferrer noopener\">Durst anuncia P5 250 WT para o segmento de embalagens<\/a><\/p>","protected":false},"excerpt":{"rendered":"<p>Camera Press expande sua participa\u00e7\u00e3o no mercado de comunica\u00e7\u00e3o visual com Durst P5<\/p>","protected":false},"author":485,"featured_media":12069,"comment_status":"open","ping_status":"closed","sticky":false,"template":"","format":"standard","meta":{"footnotes":""},"categories":[458],"tags":[828,219,129,634,705],"class_list":["post-12068","post","type-post","status-publish","format-standard","has-post-thumbnail","hentry","category-lancamentos","tag-camera-press","tag-durst","tag-impressao-digital","tag-inkjet","tag-inkjet-uv"],"yoast_head":"<!-- This site is optimized with the Yoast SEO Premium plugin v27.1 (Yoast SEO v27.1.1) - https:\/\/yoast.com\/product\/yoast-seo-premium-wordpress\/ -->\n<title>Camera Press amplia parceira com Durst e investe em modelo P5 350 - ProjetoPack<\/title>\n<meta name=\"description\" content=\"Camera Press expande sua participa\u00e7\u00e3o no mercado de comunica\u00e7\u00e3o visual por meio da nova tecnologia P5\" \/>\n<meta name=\"robots\" content=\"index, follow, max-snippet:-1, max-image-preview:large, max-video-preview:-1\" \/>\n<link rel=\"canonical\" href=\"https:\/\/projetopack.com.br\/en\/camera-press-amplia-parceira-com-durst-e-investe-em-modelo-p5-350\/\" \/>\n<meta property=\"og:locale\" content=\"en_US\" \/>\n<meta property=\"og:type\" content=\"article\" \/>\n<meta property=\"og:title\" content=\"Camera Press amplia parceira com Durst e investe em modelo P5 350\" \/>\n<meta property=\"og:description\" content=\"Camera Press expande sua participa\u00e7\u00e3o no mercado de comunica\u00e7\u00e3o visual por meio da nova tecnologia P5\" \/>\n<meta property=\"og:url\" content=\"https:\/\/projetopack.com.br\/en\/camera-press-amplia-parceira-com-durst-e-investe-em-modelo-p5-350\/\" \/>\n<meta property=\"og:site_name\" content=\"ProjetoPack\" \/>\n<meta property=\"article:published_time\" content=\"2021-06-04T17:06:47+00:00\" \/>\n<meta property=\"article:modified_time\" content=\"2026-03-16T19:57:40+00:00\" \/>\n<meta property=\"og:image\" content=\"https:\/\/projetopack.com.br\/wp-content\/uploads\/2021\/06\/IMG_20210427_124408-scaled.jpg\" \/>\n\t<meta property=\"og:image:width\" content=\"2048\" \/>\n\t<meta property=\"og:image:height\" content=\"1536\" \/>\n\t<meta property=\"og:image:type\" content=\"image\/jpeg\" \/>\n<meta name=\"author\" content=\"Projeto Pack Consultoria e Treinamento\" \/>\n<meta name=\"twitter:card\" content=\"summary_large_image\" \/>\n<meta name=\"twitter:creator\" content=\"@ProjetoPack\" \/>\n<meta name=\"twitter:site\" content=\"@ProjetoPack\" \/>\n<meta name=\"twitter:label1\" content=\"Written by\" \/>\n\t<meta name=\"twitter:data1\" content=\"Projeto Pack Consultoria e Treinamento\" \/>\n\t<meta name=\"twitter:label2\" content=\"Est. reading time\" \/>\n\t<meta name=\"twitter:data2\" content=\"3 minutes\" \/>\n<script type=\"application\/ld+json\" class=\"yoast-schema-graph\">{\"@context\":\"https:\/\/schema.org\",\"@graph\":[{\"@type\":\"Article\",\"@id\":\"https:\/\/projetopack.com.br\/camera-press-amplia-parceira-com-durst-e-investe-em-modelo-p5-350\/#article\",\"isPartOf\":{\"@id\":\"https:\/\/projetopack.com.br\/camera-press-amplia-parceira-com-durst-e-investe-em-modelo-p5-350\/\"},\"author\":{\"name\":\"Projeto Pack Consultoria e Treinamento\",\"@id\":\"https:\/\/projetopack.com.br\/#\/schema\/person\/85a2e510ed8149327b545eabf95ee7ab\"},\"headline\":\"Camera Press amplia parceira com Durst e investe em modelo P5 350\",\"datePublished\":\"2021-06-04T17:06:47+00:00\",\"dateModified\":\"2026-03-16T19:57:40+00:00\",\"mainEntityOfPage\":{\"@id\":\"https:\/\/projetopack.com.br\/camera-press-amplia-parceira-com-durst-e-investe-em-modelo-p5-350\/\"},\"wordCount\":707,\"commentCount\":0,\"publisher\":{\"@id\":\"https:\/\/projetopack.com.br\/#organization\"},\"image\":{\"@id\":\"https:\/\/projetopack.com.br\/camera-press-amplia-parceira-com-durst-e-investe-em-modelo-p5-350\/#primaryimage\"},\"thumbnailUrl\":\"https:\/\/projetopack.com.br\/wp-content\/uploads\/2021\/06\/IMG_20210427_124408-scaled.jpg\",\"keywords\":[\"camera press\",\"durst\",\"impress\u00e3o digital\",\"inkjet\",\"inkjet uv\"],\"articleSection\":[\"Lan\u00e7amentos\"],\"inLanguage\":\"en-US\",\"potentialAction\":[{\"@type\":\"CommentAction\",\"name\":\"Comment\",\"target\":[\"https:\/\/projetopack.com.br\/camera-press-amplia-parceira-com-durst-e-investe-em-modelo-p5-350\/#respond\"]}]},{\"@type\":\"WebPage\",\"@id\":\"https:\/\/projetopack.com.br\/camera-press-amplia-parceira-com-durst-e-investe-em-modelo-p5-350\/\",\"url\":\"https:\/\/projetopack.com.br\/camera-press-amplia-parceira-com-durst-e-investe-em-modelo-p5-350\/\",\"name\":\"Camera Press amplia parceira com Durst e investe em modelo P5 350 - ProjetoPack\",\"isPartOf\":{\"@id\":\"https:\/\/projetopack.com.br\/#website\"},\"primaryImageOfPage\":{\"@id\":\"https:\/\/projetopack.com.br\/camera-press-amplia-parceira-com-durst-e-investe-em-modelo-p5-350\/#primaryimage\"},\"image\":{\"@id\":\"https:\/\/projetopack.com.br\/camera-press-amplia-parceira-com-durst-e-investe-em-modelo-p5-350\/#primaryimage\"},\"thumbnailUrl\":\"https:\/\/projetopack.com.br\/wp-content\/uploads\/2021\/06\/IMG_20210427_124408-scaled.jpg\",\"datePublished\":\"2021-06-04T17:06:47+00:00\",\"dateModified\":\"2026-03-16T19:57:40+00:00\",\"description\":\"Camera Press expande sua participa\u00e7\u00e3o no mercado de comunica\u00e7\u00e3o visual por meio da nova tecnologia P5\",\"breadcrumb\":{\"@id\":\"https:\/\/projetopack.com.br\/camera-press-amplia-parceira-com-durst-e-investe-em-modelo-p5-350\/#breadcrumb\"},\"inLanguage\":\"en-US\",\"potentialAction\":[{\"@type\":\"ReadAction\",\"target\":[\"https:\/\/projetopack.com.br\/camera-press-amplia-parceira-com-durst-e-investe-em-modelo-p5-350\/\"]}]},{\"@type\":\"ImageObject\",\"inLanguage\":\"en-US\",\"@id\":\"https:\/\/projetopack.com.br\/camera-press-amplia-parceira-com-durst-e-investe-em-modelo-p5-350\/#primaryimage\",\"url\":\"https:\/\/projetopack.com.br\/wp-content\/uploads\/2021\/06\/IMG_20210427_124408-scaled.jpg\",\"contentUrl\":\"https:\/\/projetopack.com.br\/wp-content\/uploads\/2021\/06\/IMG_20210427_124408-scaled.jpg\",\"width\":2048,\"height\":1536,\"caption\":\"camera press e durst\"},{\"@type\":\"BreadcrumbList\",\"@id\":\"https:\/\/projetopack.com.br\/camera-press-amplia-parceira-com-durst-e-investe-em-modelo-p5-350\/#breadcrumb\",\"itemListElement\":[{\"@type\":\"ListItem\",\"position\":1,\"name\":\"P\u00e1gina Inicial\",\"item\":\"https:\/\/projetopack.com.br\/\"},{\"@type\":\"ListItem\",\"position\":2,\"name\":\"Lan\u00e7amentos\",\"item\":\"https:\/\/projetopack.com.br\/category\/lancamentos\/\"},{\"@type\":\"ListItem\",\"position\":3,\"name\":\"Camera Press amplia parceira com Durst e investe em modelo P5 350\"}]},{\"@type\":\"WebSite\",\"@id\":\"https:\/\/projetopack.com.br\/#website\",\"url\":\"https:\/\/projetopack.com.br\/\",\"name\":\"ProjetoPack\",\"description\":\"Consultoria e servi\u00e7os para embalagens, r\u00f3tulos, etiquetas e processos de impress\u00e3o\",\"publisher\":{\"@id\":\"https:\/\/projetopack.com.br\/#organization\"},\"potentialAction\":[{\"@type\":\"SearchAction\",\"target\":{\"@type\":\"EntryPoint\",\"urlTemplate\":\"https:\/\/projetopack.com.br\/?s={search_term_string}\"},\"query-input\":{\"@type\":\"PropertyValueSpecification\",\"valueRequired\":true,\"valueName\":\"search_term_string\"}}],\"inLanguage\":\"en-US\"},{\"@type\":\"Organization\",\"@id\":\"https:\/\/projetopack.com.br\/#organization\",\"name\":\"ProjetoPack & Associados\",\"url\":\"https:\/\/projetopack.com.br\/\",\"logo\":{\"@type\":\"ImageObject\",\"inLanguage\":\"en-US\",\"@id\":\"https:\/\/projetopack.com.br\/#\/schema\/logo\/image\/\",\"url\":\"https:\/\/projetopack.com.br\/wp-content\/uploads\/2020\/09\/projetopack.png\",\"contentUrl\":\"https:\/\/projetopack.com.br\/wp-content\/uploads\/2020\/09\/projetopack.png\",\"width\":200,\"height\":200,\"caption\":\"ProjetoPack & Associados\"},\"image\":{\"@id\":\"https:\/\/projetopack.com.br\/#\/schema\/logo\/image\/\"},\"sameAs\":[\"https:\/\/x.com\/ProjetoPack\",\"https:\/\/www.linkedin.com\/company\/projetopack\/\"]},{\"@type\":\"Person\",\"@id\":\"https:\/\/projetopack.com.br\/#\/schema\/person\/85a2e510ed8149327b545eabf95ee7ab\",\"name\":\"Projeto Pack Consultoria e Treinamento\",\"image\":{\"@type\":\"ImageObject\",\"inLanguage\":\"en-US\",\"@id\":\"https:\/\/projetopack.com.br\/#\/schema\/person\/image\/\",\"url\":\"https:\/\/projetopack.com.br\/wp-content\/uploads\/2020\/09\/Logo-ProjetoPack-Horizontal-100x100.jpg\",\"contentUrl\":\"https:\/\/projetopack.com.br\/wp-content\/uploads\/2020\/09\/Logo-ProjetoPack-Horizontal-100x100.jpg\",\"caption\":\"Projeto Pack Consultoria e Treinamento\"},\"url\":\"https:\/\/projetopack.com.br\/en\/author\/projetopack\/\"}]}<\/script>\n<!-- \/ Yoast SEO Premium plugin. -->","yoast_head_json":{"title":"Camera Press amplia parceira com Durst e investe em modelo P5 350 - ProjetoPack","description":"Camera Press expande sua participa\u00e7\u00e3o no mercado de comunica\u00e7\u00e3o visual por meio da nova tecnologia P5","robots":{"index":"index","follow":"follow","max-snippet":"max-snippet:-1","max-image-preview":"max-image-preview:large","max-video-preview":"max-video-preview:-1"},"canonical":"https:\/\/projetopack.com.br\/en\/camera-press-amplia-parceira-com-durst-e-investe-em-modelo-p5-350\/","og_locale":"en_US","og_type":"article","og_title":"Camera Press amplia parceira com Durst e investe em modelo P5 350","og_description":"Camera Press expande sua participa\u00e7\u00e3o no mercado de comunica\u00e7\u00e3o visual por meio da nova tecnologia P5","og_url":"https:\/\/projetopack.com.br\/en\/camera-press-amplia-parceira-com-durst-e-investe-em-modelo-p5-350\/","og_site_name":"ProjetoPack","article_published_time":"2021-06-04T17:06:47+00:00","article_modified_time":"2026-03-16T19:57:40+00:00","og_image":[{"width":2048,"height":1536,"url":"https:\/\/projetopack.com.br\/wp-content\/uploads\/2021\/06\/IMG_20210427_124408-scaled.jpg","type":"image\/jpeg"}],"author":"Projeto Pack Consultoria e Treinamento","twitter_card":"summary_large_image","twitter_creator":"@ProjetoPack","twitter_site":"@ProjetoPack","twitter_misc":{"Written by":"Projeto Pack Consultoria e Treinamento","Est. reading time":"3 minutes"},"schema":{"@context":"https:\/\/schema.org","@graph":[{"@type":"Article","@id":"https:\/\/projetopack.com.br\/camera-press-amplia-parceira-com-durst-e-investe-em-modelo-p5-350\/#article","isPartOf":{"@id":"https:\/\/projetopack.com.br\/camera-press-amplia-parceira-com-durst-e-investe-em-modelo-p5-350\/"},"author":{"name":"Projeto Pack Consultoria e Treinamento","@id":"https:\/\/projetopack.com.br\/#\/schema\/person\/85a2e510ed8149327b545eabf95ee7ab"},"headline":"Camera Press amplia parceira com Durst e investe em modelo P5 350","datePublished":"2021-06-04T17:06:47+00:00","dateModified":"2026-03-16T19:57:40+00:00","mainEntityOfPage":{"@id":"https:\/\/projetopack.com.br\/camera-press-amplia-parceira-com-durst-e-investe-em-modelo-p5-350\/"},"wordCount":707,"commentCount":0,"publisher":{"@id":"https:\/\/projetopack.com.br\/#organization"},"image":{"@id":"https:\/\/projetopack.com.br\/camera-press-amplia-parceira-com-durst-e-investe-em-modelo-p5-350\/#primaryimage"},"thumbnailUrl":"https:\/\/projetopack.com.br\/wp-content\/uploads\/2021\/06\/IMG_20210427_124408-scaled.jpg","keywords":["camera press","durst","impress\u00e3o digital","inkjet","inkjet uv"],"articleSection":["Lan\u00e7amentos"],"inLanguage":"en-US","potentialAction":[{"@type":"CommentAction","name":"Comment","target":["https:\/\/projetopack.com.br\/camera-press-amplia-parceira-com-durst-e-investe-em-modelo-p5-350\/#respond"]}]},{"@type":"WebPage","@id":"https:\/\/projetopack.com.br\/camera-press-amplia-parceira-com-durst-e-investe-em-modelo-p5-350\/","url":"https:\/\/projetopack.com.br\/camera-press-amplia-parceira-com-durst-e-investe-em-modelo-p5-350\/","name":"Camera Press amplia parceira com Durst e investe em modelo P5 350 - ProjetoPack","isPartOf":{"@id":"https:\/\/projetopack.com.br\/#website"},"primaryImageOfPage":{"@id":"https:\/\/projetopack.com.br\/camera-press-amplia-parceira-com-durst-e-investe-em-modelo-p5-350\/#primaryimage"},"image":{"@id":"https:\/\/projetopack.com.br\/camera-press-amplia-parceira-com-durst-e-investe-em-modelo-p5-350\/#primaryimage"},"thumbnailUrl":"https:\/\/projetopack.com.br\/wp-content\/uploads\/2021\/06\/IMG_20210427_124408-scaled.jpg","datePublished":"2021-06-04T17:06:47+00:00","dateModified":"2026-03-16T19:57:40+00:00","description":"Camera Press expande sua participa\u00e7\u00e3o no mercado de comunica\u00e7\u00e3o visual por meio da nova tecnologia P5","breadcrumb":{"@id":"https:\/\/projetopack.com.br\/camera-press-amplia-parceira-com-durst-e-investe-em-modelo-p5-350\/#breadcrumb"},"inLanguage":"en-US","potentialAction":[{"@type":"ReadAction","target":["https:\/\/projetopack.com.br\/camera-press-amplia-parceira-com-durst-e-investe-em-modelo-p5-350\/"]}]},{"@type":"ImageObject","inLanguage":"en-US","@id":"https:\/\/projetopack.com.br\/camera-press-amplia-parceira-com-durst-e-investe-em-modelo-p5-350\/#primaryimage","url":"https:\/\/projetopack.com.br\/wp-content\/uploads\/2021\/06\/IMG_20210427_124408-scaled.jpg","contentUrl":"https:\/\/projetopack.com.br\/wp-content\/uploads\/2021\/06\/IMG_20210427_124408-scaled.jpg","width":2048,"height":1536,"caption":"camera press e durst"},{"@type":"BreadcrumbList","@id":"https:\/\/projetopack.com.br\/camera-press-amplia-parceira-com-durst-e-investe-em-modelo-p5-350\/#breadcrumb","itemListElement":[{"@type":"ListItem","position":1,"name":"P\u00e1gina Inicial","item":"https:\/\/projetopack.com.br\/"},{"@type":"ListItem","position":2,"name":"Lan\u00e7amentos","item":"https:\/\/projetopack.com.br\/category\/lancamentos\/"},{"@type":"ListItem","position":3,"name":"Camera Press amplia parceira com Durst e investe em modelo P5 350"}]},{"@type":"WebSite","@id":"https:\/\/projetopack.com.br\/#website","url":"https:\/\/projetopack.com.br\/","name":"ProjetoPack","description":"Consultoria e servi\u00e7os para embalagens, r\u00f3tulos, etiquetas e processos de impress\u00e3o","publisher":{"@id":"https:\/\/projetopack.com.br\/#organization"},"potentialAction":[{"@type":"SearchAction","target":{"@type":"EntryPoint","urlTemplate":"https:\/\/projetopack.com.br\/?s={search_term_string}"},"query-input":{"@type":"PropertyValueSpecification","valueRequired":true,"valueName":"search_term_string"}}],"inLanguage":"en-US"},{"@type":"Organization","@id":"https:\/\/projetopack.com.br\/#organization","name":"ProjetoPack & Associados","url":"https:\/\/projetopack.com.br\/","logo":{"@type":"ImageObject","inLanguage":"en-US","@id":"https:\/\/projetopack.com.br\/#\/schema\/logo\/image\/","url":"https:\/\/projetopack.com.br\/wp-content\/uploads\/2020\/09\/projetopack.png","contentUrl":"https:\/\/projetopack.com.br\/wp-content\/uploads\/2020\/09\/projetopack.png","width":200,"height":200,"caption":"ProjetoPack & Associados"},"image":{"@id":"https:\/\/projetopack.com.br\/#\/schema\/logo\/image\/"},"sameAs":["https:\/\/x.com\/ProjetoPack","https:\/\/www.linkedin.com\/company\/projetopack\/"]},{"@type":"Person","@id":"https:\/\/projetopack.com.br\/#\/schema\/person\/85a2e510ed8149327b545eabf95ee7ab","name":"Projeto Pack Consultoria e Treinamento","image":{"@type":"ImageObject","inLanguage":"en-US","@id":"https:\/\/projetopack.com.br\/#\/schema\/person\/image\/","url":"https:\/\/projetopack.com.br\/wp-content\/uploads\/2020\/09\/Logo-ProjetoPack-Horizontal-100x100.jpg","contentUrl":"https:\/\/projetopack.com.br\/wp-content\/uploads\/2020\/09\/Logo-ProjetoPack-Horizontal-100x100.jpg","caption":"Projeto Pack Consultoria e Treinamento"},"url":"https:\/\/projetopack.com.br\/en\/author\/projetopack\/"}]}},"_links":{"self":[{"href":"https:\/\/projetopack.com.br\/en\/wp-json\/wp\/v2\/posts\/12068","targetHints":{"allow":["GET"]}}],"collection":[{"href":"https:\/\/projetopack.com.br\/en\/wp-json\/wp\/v2\/posts"}],"about":[{"href":"https:\/\/projetopack.com.br\/en\/wp-json\/wp\/v2\/types\/post"}],"author":[{"embeddable":true,"href":"https:\/\/projetopack.com.br\/en\/wp-json\/wp\/v2\/users\/485"}],"replies":[{"embeddable":true,"href":"https:\/\/projetopack.com.br\/en\/wp-json\/wp\/v2\/comments?post=12068"}],"version-history":[{"count":0,"href":"https:\/\/projetopack.com.br\/en\/wp-json\/wp\/v2\/posts\/12068\/revisions"}],"wp:featuredmedia":[{"embeddable":true,"href":"https:\/\/projetopack.com.br\/en\/wp-json\/wp\/v2\/media\/12069"}],"wp:attachment":[{"href":"https:\/\/projetopack.com.br\/en\/wp-json\/wp\/v2\/media?parent=12068"}],"wp:term":[{"taxonomy":"category","embeddable":true,"href":"https:\/\/projetopack.com.br\/en\/wp-json\/wp\/v2\/categories?post=12068"},{"taxonomy":"post_tag","embeddable":true,"href":"https:\/\/projetopack.com.br\/en\/wp-json\/wp\/v2\/tags?post=12068"}],"curies":[{"name":"wp","href":"https:\/\/api.w.org\/{rel}","templated":true}]}}