{"id":12151,"date":"2021-06-15T17:33:02","date_gmt":"2021-06-15T20:33:02","guid":{"rendered":"https:\/\/www.projetopack.com.br\/?p=12151"},"modified":"2021-06-23T13:42:42","modified_gmt":"2021-06-23T16:42:42","slug":"futuros-distopicos-onde-a-midia-impressa-teve-destaque-1984%e2%80%8b","status":"publish","type":"post","link":"https:\/\/projetopack.com.br\/en\/futuros-distopicos-onde-a-midia-impressa-teve-destaque-1984%e2%80%8b\/","title":{"rendered":"Futuros dist\u00f3picos onde a m\u00eddia impressa teve destaque &#8211; &#8220;1984&#8221;\u200b"},"content":{"rendered":"<p>No famoso romance dist\u00f3pico &#8220;1984&#8221;, de <strong>George Orwell<\/strong>, os habitantes vivem em uma guerra perp\u00e9tua, sob a vigil\u00e2ncia onipresente de um super estado e um regime totalit\u00e1rio em que o pr\u00f3prio pensamento \u00e9 considerado um crime. <\/p>\n\n\n\n<p>A suposta entidade por tr\u00e1s das cortinas \u00e9 o Grande Irm\u00e3o, &#8220;Big Brother&#8221;, que vigia voc\u00ea pela teletela, uma vers\u00e3o futur\u00edstica da televis\u00e3o (o Reality Show &#8220;BBB&#8221; onde o telespectador vigia os participantes o tempo todo faz alus\u00e3o ao tema, por sinal).<\/p>\n\n\n\n<p class=\"has-cyan-bluish-gray-background-color has-background\">A proximidade do romance com os dias atuais \u00e9 t\u00e3o assustadora que, tendo lido o romance tantas vezes em minha vida, sempre me pego pensando se n\u00e3o utilizaram o livro para fazer a engenharia social nas \u00faltimas d\u00e9cadas.<\/p>\n\n\n\n<p>O minist\u00e9rio da verdade e as ag\u00eancias de <em>fact checking<\/em>, a <em>novil\u00edngua<\/em> de Orwell e as manchetes dos jornais e portais de not\u00edcia com palavras como &#8220;desmelhorar&#8221; e o falat\u00f3rio da classe pol\u00edtica que, ao dizer algo, refere-se precisamente ao contr\u00e1rio &#8211; tal e qual o conceito do <em>duplipensar<\/em> da Ingsoc.<\/p>\n\n\n\n<p>A quantidade de artigos acad\u00eamicos ou mesmo livros inteiros escritos e que tentam explicar o significado de 1984 \u00e9 infind\u00e1vel. Confesso que li uma boa parcela dos livros, tamanha a paix\u00e3o que tenho pela obra. Exploram-se temas profundos como a poss\u00edvel conex\u00e3o entre o livro e o centen\u00e1rio da socialista Sociedade Fabiana, a decep\u00e7\u00e3o com a guerra fria, a lingu\u00edstica como instrumento de engenharia social e por a\u00ed vai.<\/p>\n\n\n\n<figure class=\"wp-block-pullquote\"><blockquote><p>O que pouca gente comenta \u00e9 a import\u00e2ncia metalingu\u00edstica da m\u00eddia impressa na pr\u00f3pria obra.<\/p><\/blockquote><\/figure>\n\n\n\n<p id=\"h-no-livro-1984-o-livro-em-si-um-agente-important-ssimo-o-personagem-central-do-livro-winston-smith-trabalha-como-funcion-rio-do-minist-rio-da-verdade-precisamente-apagando-informa-es-hist-ricas-e-editando-o-teor-de-not-cias-e-pronunciamentos-impressos-de-acordo-com-os-interesses-do-partido-uma-esp-cie-de-produtor-de-fake-news-a-servi-o-do-governo\">No livro 1984, o livro em si \u00e9 um agente important\u00edssimo. O personagem central do livro, Winston Smith, trabalha como funcion\u00e1rio do Minist\u00e9rio da Verdade, precisamente apagando informa\u00e7\u00f5es hist\u00f3ricas e editando o teor de not\u00edcias e pronunciamentos impressos de acordo com os interesses do partido &#8211; uma esp\u00e9cie de produtor de fake news a servi\u00e7o do governo.<\/p>\n\n\n\n<p>O &#8220;revisionismo hist\u00f3rico com teor ideol\u00f3gico e\/ou pol\u00edtico&#8221; de Winston \u00e9 corriqueiro nos dias atuais, favorecido pela tecnologia. Apenas como exemplo, o &#8220;<a href=\"https:\/\/www.wired.com\/story\/guerrilla-wikipedia-editors-who-combat-conspiracy-theories\/\" target=\"_blank\" rel=\"noreferrer noopener\">movimento c\u00e9tico<\/a>&#8221; de <strong>Susan Gerbic<\/strong>, dedica centenas de milhares de horas na edi\u00e7\u00e3o de artigos da Wikipedia, adulterados por pessoas ou grupos que advogam temas como o terraplanismo, teorias da conspira\u00e7\u00e3o, altera\u00e7\u00f5es das biografias de personalidades p\u00fablicas etc.;<\/p>\n\n\n\n<p>O fato \u00e9 que, no romance imaginado por Orwell, <em>era poss\u00edvel editar manualmente qualquer impresso<\/em>.<\/p>\n\n\n\n<p>As vers\u00f5es anteriores eram recolhidas e destru\u00eddas e a sustenta\u00e7\u00e3o da mentira ficava a cargo da efici\u00eancia dessa intrincada log\u00edstica. Em um dado momento do livro, explica-se que era instintivo recolher qualquer peda\u00e7o de papel do ch\u00e3o e imediatamente desova-lo no sistema de t\u00faneis de ar que levava a apara a um sistema autom\u00e1tico de destrui\u00e7\u00e3o.<\/p>\n\n\n\n<p>Hoje, com a prolifera\u00e7\u00e3o da leitura em meios digitais, o Partido teria colhido benef\u00edcios ainda maiores em seu <em>modus operandi<\/em> de edi\u00e7\u00e3o constante da hist\u00f3ria, da p\u00f3s-verdade e da checagem de fatos enviesada.<\/p>\n\n\n\n<p class=\"has-cyan-bluish-gray-background-color has-background\">A Amazon j\u00e1 retirou da sua estante virtual de vendas uma quantidade expressiva de publica\u00e7\u00f5es com vi\u00e9s ideol\u00f3gico danoso de acordo com as premissas da companhia. Livros que tecem cr\u00edticas ao transgenerismo, obras de cunho religioso que apresentam sua vis\u00e3o particular sobre a homossexualidade, um livro que denuncia a viol\u00eancia do movimento &#8220;antifa&#8221; e assim por diante.<\/p>\n\n\n\n<p>O impresso, indel\u00e9vel, \u00e9 hoje em boa parte dos casos, o \u00fanico registro hist\u00f3rico de certas civiliza\u00e7\u00f5es h\u00e1 muito desaparecidas, bem como em breve pode vir a ser o \u00fanico registro da pluralidade das ideias humanas &#8211; do Manifesto de Marx at\u00e9 A Riqueza das Na\u00e7\u00f5es de Smith, da B\u00edblia de autores desconhecidos a Deus Est\u00e1 Morto, de Nietzsche.<\/p>\n\n\n\n<p>O conhecimento que vaga no \u00e9ter da internet \u00e9 pass\u00edvel de edi\u00e7\u00e3o, terrorismo digital e censura por clique e manipula\u00e7\u00e3o de algoritmos.<\/p>\n\n\n\n<blockquote class=\"wp-block-quote is-layout-flow wp-block-quote-is-layout-flow\"><p>O conhecimento registrado no mundo tang\u00edvel das p\u00e1ginas impressas \u00e9 o contraponto que resiste, como os papiros, \u00e0 a\u00e7\u00e3o delet\u00e9ria dos censuradores.<\/p><\/blockquote>\n\n\n\n<p>O futuro dist\u00f3pico de Orwell nos ensina, dentre tantas outras coisas, que a ind\u00fastria gr\u00e1fica e os impressos ser\u00e3o uma salvaguarda importante \u00e0 fugacidade da internet. Vamos torcer.<\/p>\n\n\n\n<p><strong>Leia mais em nosso blog:<\/strong><br><a href=\"https:\/\/projetopack.com.br\/estamos-ou-nao-lendo-mais-durante-a-pandemia\/\" target=\"_blank\" rel=\"noreferrer noopener\">Estamos ou n\u00e3o lendo mais durante a pandemia?<\/a><\/p>","protected":false},"excerpt":{"rendered":"<p>Em v\u00e1rios futuros dist\u00f3picos imaginados, o impresso tem import\u00e2ncia vital \u00e0 humanidade.<\/p>","protected":false},"author":2,"featured_media":12152,"comment_status":"open","ping_status":"closed","sticky":false,"template":"","format":"standard","meta":{"footnotes":""},"categories":[344],"tags":[842,838,843,835],"class_list":["post-12151","post","type-post","status-publish","format-standard","has-post-thumbnail","hentry","category-opiniao","tag-842","tag-futuro-da-industria-grafica","tag-george-orwell","tag-midia-impressa"],"yoast_head":"<!-- This site is optimized with the Yoast SEO Premium plugin v27.1 (Yoast SEO v27.1.1) - https:\/\/yoast.com\/product\/yoast-seo-premium-wordpress\/ -->\n<title>Futuros dist\u00f3picos onde a m\u00eddia impressa teve destaque - &quot;1984&quot;\u200b - ProjetoPack<\/title>\n<meta name=\"description\" content=\"No famoso romance dist\u00f3pico &quot;1984&quot;, de George Orwell, os habitantes vivem em uma guerra perp\u00e9tua, sob a vigil\u00e2ncia onipresente de um super estado\" \/>\n<meta name=\"robots\" content=\"index, follow, max-snippet:-1, max-image-preview:large, max-video-preview:-1\" \/>\n<link rel=\"canonical\" href=\"https:\/\/projetopack.com.br\/en\/futuros-distopicos-onde-a-midia-impressa-teve-destaque-1984\u200b\/\" \/>\n<meta property=\"og:locale\" content=\"en_US\" \/>\n<meta property=\"og:type\" content=\"article\" \/>\n<meta property=\"og:title\" content=\"Futuros dist\u00f3picos onde a m\u00eddia impressa teve destaque - &quot;1984&quot;\u200b\" \/>\n<meta property=\"og:description\" content=\"No famoso romance dist\u00f3pico &quot;1984&quot;, de George Orwell, os habitantes vivem em uma guerra perp\u00e9tua, sob a vigil\u00e2ncia onipresente de um super estado\" \/>\n<meta property=\"og:url\" content=\"https:\/\/projetopack.com.br\/en\/futuros-distopicos-onde-a-midia-impressa-teve-destaque-1984\u200b\/\" \/>\n<meta property=\"og:site_name\" content=\"ProjetoPack\" \/>\n<meta property=\"article:published_time\" content=\"2021-06-15T20:33:02+00:00\" \/>\n<meta property=\"article:modified_time\" content=\"2021-06-23T16:42:42+00:00\" \/>\n<meta property=\"og:image\" content=\"https:\/\/projetopack.com.br\/wp-content\/uploads\/2021\/06\/george-orwell-quotes-header-min.jpg\" \/>\n\t<meta property=\"og:image:width\" content=\"1600\" \/>\n\t<meta property=\"og:image:height\" content=\"900\" \/>\n\t<meta property=\"og:image:type\" content=\"image\/jpeg\" \/>\n<meta name=\"author\" content=\"Aislan Baer\" \/>\n<meta name=\"twitter:card\" content=\"summary_large_image\" \/>\n<meta name=\"twitter:creator\" content=\"@ProjetoPack\" \/>\n<meta name=\"twitter:site\" content=\"@ProjetoPack\" \/>\n<meta name=\"twitter:label1\" content=\"Written by\" \/>\n\t<meta name=\"twitter:data1\" content=\"Aislan Baer\" \/>\n\t<meta name=\"twitter:label2\" content=\"Est. reading time\" \/>\n\t<meta name=\"twitter:data2\" content=\"3 minutes\" \/>\n<script type=\"application\/ld+json\" class=\"yoast-schema-graph\">{\"@context\":\"https:\/\/schema.org\",\"@graph\":[{\"@type\":\"Article\",\"@id\":\"https:\/\/projetopack.com.br\/en\/futuros-distopicos-onde-a-midia-impressa-teve-destaque-1984%e2%80%8b\/#article\",\"isPartOf\":{\"@id\":\"https:\/\/projetopack.com.br\/en\/futuros-distopicos-onde-a-midia-impressa-teve-destaque-1984%e2%80%8b\/\"},\"author\":{\"name\":\"Aislan Baer\",\"@id\":\"https:\/\/projetopack.com.br\/#\/schema\/person\/87cbd7d1e244880886d457815ebd2490\"},\"headline\":\"Futuros dist\u00f3picos onde a m\u00eddia impressa teve destaque &#8211; &#8220;1984&#8221;\u200b\",\"datePublished\":\"2021-06-15T20:33:02+00:00\",\"dateModified\":\"2021-06-23T16:42:42+00:00\",\"mainEntityOfPage\":{\"@id\":\"https:\/\/projetopack.com.br\/en\/futuros-distopicos-onde-a-midia-impressa-teve-destaque-1984%e2%80%8b\/\"},\"wordCount\":757,\"commentCount\":0,\"publisher\":{\"@id\":\"https:\/\/projetopack.com.br\/#organization\"},\"image\":{\"@id\":\"https:\/\/projetopack.com.br\/en\/futuros-distopicos-onde-a-midia-impressa-teve-destaque-1984%e2%80%8b\/#primaryimage\"},\"thumbnailUrl\":\"https:\/\/projetopack.com.br\/wp-content\/uploads\/2021\/06\/george-orwell-quotes-header-min.jpg\",\"keywords\":[\"1984\",\"futuro da ind\u00fastria gr\u00e1fica\",\"george orwell\",\"m\u00eddia impressa\"],\"articleSection\":[\"Opini\u00e3o\"],\"inLanguage\":\"en-US\",\"potentialAction\":[{\"@type\":\"CommentAction\",\"name\":\"Comment\",\"target\":[\"https:\/\/projetopack.com.br\/en\/futuros-distopicos-onde-a-midia-impressa-teve-destaque-1984%e2%80%8b\/#respond\"]}]},{\"@type\":\"WebPage\",\"@id\":\"https:\/\/projetopack.com.br\/en\/futuros-distopicos-onde-a-midia-impressa-teve-destaque-1984%e2%80%8b\/\",\"url\":\"https:\/\/projetopack.com.br\/en\/futuros-distopicos-onde-a-midia-impressa-teve-destaque-1984%e2%80%8b\/\",\"name\":\"Futuros dist\u00f3picos onde a m\u00eddia impressa teve destaque - \\\"1984\\\"\u200b - ProjetoPack\",\"isPartOf\":{\"@id\":\"https:\/\/projetopack.com.br\/#website\"},\"primaryImageOfPage\":{\"@id\":\"https:\/\/projetopack.com.br\/en\/futuros-distopicos-onde-a-midia-impressa-teve-destaque-1984%e2%80%8b\/#primaryimage\"},\"image\":{\"@id\":\"https:\/\/projetopack.com.br\/en\/futuros-distopicos-onde-a-midia-impressa-teve-destaque-1984%e2%80%8b\/#primaryimage\"},\"thumbnailUrl\":\"https:\/\/projetopack.com.br\/wp-content\/uploads\/2021\/06\/george-orwell-quotes-header-min.jpg\",\"datePublished\":\"2021-06-15T20:33:02+00:00\",\"dateModified\":\"2021-06-23T16:42:42+00:00\",\"description\":\"No famoso romance dist\u00f3pico \\\"1984\\\", de George Orwell, os habitantes vivem em uma guerra perp\u00e9tua, sob a vigil\u00e2ncia onipresente de um super estado\",\"breadcrumb\":{\"@id\":\"https:\/\/projetopack.com.br\/en\/futuros-distopicos-onde-a-midia-impressa-teve-destaque-1984%e2%80%8b\/#breadcrumb\"},\"inLanguage\":\"en-US\",\"potentialAction\":[{\"@type\":\"ReadAction\",\"target\":[\"https:\/\/projetopack.com.br\/en\/futuros-distopicos-onde-a-midia-impressa-teve-destaque-1984%e2%80%8b\/\"]}]},{\"@type\":\"ImageObject\",\"inLanguage\":\"en-US\",\"@id\":\"https:\/\/projetopack.com.br\/en\/futuros-distopicos-onde-a-midia-impressa-teve-destaque-1984%e2%80%8b\/#primaryimage\",\"url\":\"https:\/\/projetopack.com.br\/wp-content\/uploads\/2021\/06\/george-orwell-quotes-header-min.jpg\",\"contentUrl\":\"https:\/\/projetopack.com.br\/wp-content\/uploads\/2021\/06\/george-orwell-quotes-header-min.jpg\",\"width\":1600,\"height\":900,\"caption\":\"big brother is watching you\"},{\"@type\":\"BreadcrumbList\",\"@id\":\"https:\/\/projetopack.com.br\/en\/futuros-distopicos-onde-a-midia-impressa-teve-destaque-1984%e2%80%8b\/#breadcrumb\",\"itemListElement\":[{\"@type\":\"ListItem\",\"position\":1,\"name\":\"P\u00e1gina Inicial\",\"item\":\"https:\/\/projetopack.com.br\/\"},{\"@type\":\"ListItem\",\"position\":2,\"name\":\"Opini\u00e3o\",\"item\":\"https:\/\/projetopack.com.br\/en\/category\/opiniao\/\"},{\"@type\":\"ListItem\",\"position\":3,\"name\":\"Futuros dist\u00f3picos onde a m\u00eddia impressa teve destaque &#8211; &#8220;1984&#8221;\u200b\"}]},{\"@type\":\"WebSite\",\"@id\":\"https:\/\/projetopack.com.br\/#website\",\"url\":\"https:\/\/projetopack.com.br\/\",\"name\":\"ProjetoPack\",\"description\":\"Consultoria e servi\u00e7os para embalagens, r\u00f3tulos, etiquetas e processos de impress\u00e3o\",\"publisher\":{\"@id\":\"https:\/\/projetopack.com.br\/#organization\"},\"potentialAction\":[{\"@type\":\"SearchAction\",\"target\":{\"@type\":\"EntryPoint\",\"urlTemplate\":\"https:\/\/projetopack.com.br\/?s={search_term_string}\"},\"query-input\":{\"@type\":\"PropertyValueSpecification\",\"valueRequired\":true,\"valueName\":\"search_term_string\"}}],\"inLanguage\":\"en-US\"},{\"@type\":\"Organization\",\"@id\":\"https:\/\/projetopack.com.br\/#organization\",\"name\":\"ProjetoPack & Associados\",\"url\":\"https:\/\/projetopack.com.br\/\",\"logo\":{\"@type\":\"ImageObject\",\"inLanguage\":\"en-US\",\"@id\":\"https:\/\/projetopack.com.br\/#\/schema\/logo\/image\/\",\"url\":\"https:\/\/projetopack.com.br\/wp-content\/uploads\/2020\/09\/projetopack.png\",\"contentUrl\":\"https:\/\/projetopack.com.br\/wp-content\/uploads\/2020\/09\/projetopack.png\",\"width\":200,\"height\":200,\"caption\":\"ProjetoPack & Associados\"},\"image\":{\"@id\":\"https:\/\/projetopack.com.br\/#\/schema\/logo\/image\/\"},\"sameAs\":[\"https:\/\/x.com\/ProjetoPack\",\"https:\/\/www.linkedin.com\/company\/projetopack\/\"]},{\"@type\":\"Person\",\"@id\":\"https:\/\/projetopack.com.br\/#\/schema\/person\/87cbd7d1e244880886d457815ebd2490\",\"name\":\"Aislan Baer\",\"image\":{\"@type\":\"ImageObject\",\"inLanguage\":\"en-US\",\"@id\":\"https:\/\/projetopack.com.br\/#\/schema\/person\/image\/\",\"url\":\"https:\/\/projetopack.com.br\/wp-content\/uploads\/2021\/08\/Aislan-Busto-p-100x100.jpg\",\"contentUrl\":\"https:\/\/projetopack.com.br\/wp-content\/uploads\/2021\/08\/Aislan-Busto-p-100x100.jpg\",\"caption\":\"Aislan Baer\"},\"description\":\"Desde os \u00faltimos 20 anos, meu time e eu ajudamos mais de 300 empresas brasileiras e estrangeiras (algumas delas, l\u00edderes mundiais) a produzir embalagens flex\u00edveis e r\u00f3tulos com maior efici\u00eancia, menores custos e maior apelo visual, bem como centenas de donos de marcas a comprar suas embalagens flex\u00edveis e material impresso com um crit\u00e9rio mais t\u00e9cnico e assertivo. Ao mesmo tempo, gra\u00e7as \u00e0 nossa consultoria, muitas destas empresas melhoraram significativamente o seu processo de Impress\u00e3o (Impress\u00e3o de embalagens, Impress\u00e3o industrial, Impress\u00e3o funcional e, mais recentemente, bio impress\u00e3o e manufatura aditiva ou simplesmente Impress\u00e3o 3D). Se a sua empresa tem um problema relacionado a embalagens flex\u00edveis, r\u00f3tulos ou Impress\u00e3o, por mais insol\u00favel que lhe pare\u00e7a, aguardamos ansiosos a sua liga\u00e7\u00e3o ou e-mail. Este \u00e9 nosso trabalho e tamb\u00e9m a nossa paix\u00e3o.\",\"sameAs\":[\"http:\/\/www.projetopack.com\",\"https:\/\/www.linkedin.com\/in\/aislanbaer\/\"],\"jobTitle\":\"CEO @ ProjetoPack | L\u00edder em M&A no Setor de Impress\u00e3o e Embalagens no Brasil | Cofundador da Inovagraf e Neuraflow | Especialista em Inova\u00e7\u00e3o com IA na Impress\u00e3o | Printing Legacy Initiative | Empreendedor Serial\",\"url\":\"https:\/\/projetopack.com.br\/en\/author\/aislan\/\"}]}<\/script>\n<!-- \/ Yoast SEO Premium plugin. -->","yoast_head_json":{"title":"Futuros dist\u00f3picos onde a m\u00eddia impressa teve destaque - \"1984\"\u200b - ProjetoPack","description":"No famoso romance dist\u00f3pico \"1984\", de George Orwell, os habitantes vivem em uma guerra perp\u00e9tua, sob a vigil\u00e2ncia onipresente de um super estado","robots":{"index":"index","follow":"follow","max-snippet":"max-snippet:-1","max-image-preview":"max-image-preview:large","max-video-preview":"max-video-preview:-1"},"canonical":"https:\/\/projetopack.com.br\/en\/futuros-distopicos-onde-a-midia-impressa-teve-destaque-1984\u200b\/","og_locale":"en_US","og_type":"article","og_title":"Futuros dist\u00f3picos onde a m\u00eddia impressa teve destaque - \"1984\"\u200b","og_description":"No famoso romance dist\u00f3pico \"1984\", de George Orwell, os habitantes vivem em uma guerra perp\u00e9tua, sob a vigil\u00e2ncia onipresente de um super estado","og_url":"https:\/\/projetopack.com.br\/en\/futuros-distopicos-onde-a-midia-impressa-teve-destaque-1984\u200b\/","og_site_name":"ProjetoPack","article_published_time":"2021-06-15T20:33:02+00:00","article_modified_time":"2021-06-23T16:42:42+00:00","og_image":[{"width":1600,"height":900,"url":"https:\/\/projetopack.com.br\/wp-content\/uploads\/2021\/06\/george-orwell-quotes-header-min.jpg","type":"image\/jpeg"}],"author":"Aislan Baer","twitter_card":"summary_large_image","twitter_creator":"@ProjetoPack","twitter_site":"@ProjetoPack","twitter_misc":{"Written by":"Aislan Baer","Est. reading time":"3 minutes"},"schema":{"@context":"https:\/\/schema.org","@graph":[{"@type":"Article","@id":"https:\/\/projetopack.com.br\/en\/futuros-distopicos-onde-a-midia-impressa-teve-destaque-1984%e2%80%8b\/#article","isPartOf":{"@id":"https:\/\/projetopack.com.br\/en\/futuros-distopicos-onde-a-midia-impressa-teve-destaque-1984%e2%80%8b\/"},"author":{"name":"Aislan Baer","@id":"https:\/\/projetopack.com.br\/#\/schema\/person\/87cbd7d1e244880886d457815ebd2490"},"headline":"Futuros dist\u00f3picos onde a m\u00eddia impressa teve destaque &#8211; &#8220;1984&#8221;\u200b","datePublished":"2021-06-15T20:33:02+00:00","dateModified":"2021-06-23T16:42:42+00:00","mainEntityOfPage":{"@id":"https:\/\/projetopack.com.br\/en\/futuros-distopicos-onde-a-midia-impressa-teve-destaque-1984%e2%80%8b\/"},"wordCount":757,"commentCount":0,"publisher":{"@id":"https:\/\/projetopack.com.br\/#organization"},"image":{"@id":"https:\/\/projetopack.com.br\/en\/futuros-distopicos-onde-a-midia-impressa-teve-destaque-1984%e2%80%8b\/#primaryimage"},"thumbnailUrl":"https:\/\/projetopack.com.br\/wp-content\/uploads\/2021\/06\/george-orwell-quotes-header-min.jpg","keywords":["1984","futuro da ind\u00fastria gr\u00e1fica","george orwell","m\u00eddia impressa"],"articleSection":["Opini\u00e3o"],"inLanguage":"en-US","potentialAction":[{"@type":"CommentAction","name":"Comment","target":["https:\/\/projetopack.com.br\/en\/futuros-distopicos-onde-a-midia-impressa-teve-destaque-1984%e2%80%8b\/#respond"]}]},{"@type":"WebPage","@id":"https:\/\/projetopack.com.br\/en\/futuros-distopicos-onde-a-midia-impressa-teve-destaque-1984%e2%80%8b\/","url":"https:\/\/projetopack.com.br\/en\/futuros-distopicos-onde-a-midia-impressa-teve-destaque-1984%e2%80%8b\/","name":"Futuros dist\u00f3picos onde a m\u00eddia impressa teve destaque - \"1984\"\u200b - ProjetoPack","isPartOf":{"@id":"https:\/\/projetopack.com.br\/#website"},"primaryImageOfPage":{"@id":"https:\/\/projetopack.com.br\/en\/futuros-distopicos-onde-a-midia-impressa-teve-destaque-1984%e2%80%8b\/#primaryimage"},"image":{"@id":"https:\/\/projetopack.com.br\/en\/futuros-distopicos-onde-a-midia-impressa-teve-destaque-1984%e2%80%8b\/#primaryimage"},"thumbnailUrl":"https:\/\/projetopack.com.br\/wp-content\/uploads\/2021\/06\/george-orwell-quotes-header-min.jpg","datePublished":"2021-06-15T20:33:02+00:00","dateModified":"2021-06-23T16:42:42+00:00","description":"No famoso romance dist\u00f3pico \"1984\", de George Orwell, os habitantes vivem em uma guerra perp\u00e9tua, sob a vigil\u00e2ncia onipresente de um super estado","breadcrumb":{"@id":"https:\/\/projetopack.com.br\/en\/futuros-distopicos-onde-a-midia-impressa-teve-destaque-1984%e2%80%8b\/#breadcrumb"},"inLanguage":"en-US","potentialAction":[{"@type":"ReadAction","target":["https:\/\/projetopack.com.br\/en\/futuros-distopicos-onde-a-midia-impressa-teve-destaque-1984%e2%80%8b\/"]}]},{"@type":"ImageObject","inLanguage":"en-US","@id":"https:\/\/projetopack.com.br\/en\/futuros-distopicos-onde-a-midia-impressa-teve-destaque-1984%e2%80%8b\/#primaryimage","url":"https:\/\/projetopack.com.br\/wp-content\/uploads\/2021\/06\/george-orwell-quotes-header-min.jpg","contentUrl":"https:\/\/projetopack.com.br\/wp-content\/uploads\/2021\/06\/george-orwell-quotes-header-min.jpg","width":1600,"height":900,"caption":"big brother is watching you"},{"@type":"BreadcrumbList","@id":"https:\/\/projetopack.com.br\/en\/futuros-distopicos-onde-a-midia-impressa-teve-destaque-1984%e2%80%8b\/#breadcrumb","itemListElement":[{"@type":"ListItem","position":1,"name":"P\u00e1gina Inicial","item":"https:\/\/projetopack.com.br\/"},{"@type":"ListItem","position":2,"name":"Opini\u00e3o","item":"https:\/\/projetopack.com.br\/en\/category\/opiniao\/"},{"@type":"ListItem","position":3,"name":"Futuros dist\u00f3picos onde a m\u00eddia impressa teve destaque &#8211; &#8220;1984&#8221;\u200b"}]},{"@type":"WebSite","@id":"https:\/\/projetopack.com.br\/#website","url":"https:\/\/projetopack.com.br\/","name":"ProjetoPack","description":"Consultoria e servi\u00e7os para embalagens, r\u00f3tulos, etiquetas e processos de impress\u00e3o","publisher":{"@id":"https:\/\/projetopack.com.br\/#organization"},"potentialAction":[{"@type":"SearchAction","target":{"@type":"EntryPoint","urlTemplate":"https:\/\/projetopack.com.br\/?s={search_term_string}"},"query-input":{"@type":"PropertyValueSpecification","valueRequired":true,"valueName":"search_term_string"}}],"inLanguage":"en-US"},{"@type":"Organization","@id":"https:\/\/projetopack.com.br\/#organization","name":"ProjetoPack & Associados","url":"https:\/\/projetopack.com.br\/","logo":{"@type":"ImageObject","inLanguage":"en-US","@id":"https:\/\/projetopack.com.br\/#\/schema\/logo\/image\/","url":"https:\/\/projetopack.com.br\/wp-content\/uploads\/2020\/09\/projetopack.png","contentUrl":"https:\/\/projetopack.com.br\/wp-content\/uploads\/2020\/09\/projetopack.png","width":200,"height":200,"caption":"ProjetoPack & Associados"},"image":{"@id":"https:\/\/projetopack.com.br\/#\/schema\/logo\/image\/"},"sameAs":["https:\/\/x.com\/ProjetoPack","https:\/\/www.linkedin.com\/company\/projetopack\/"]},{"@type":"Person","@id":"https:\/\/projetopack.com.br\/#\/schema\/person\/87cbd7d1e244880886d457815ebd2490","name":"Aislan Baer","image":{"@type":"ImageObject","inLanguage":"en-US","@id":"https:\/\/projetopack.com.br\/#\/schema\/person\/image\/","url":"https:\/\/projetopack.com.br\/wp-content\/uploads\/2021\/08\/Aislan-Busto-p-100x100.jpg","contentUrl":"https:\/\/projetopack.com.br\/wp-content\/uploads\/2021\/08\/Aislan-Busto-p-100x100.jpg","caption":"Aislan Baer"},"description":"Desde os \u00faltimos 20 anos, meu time e eu ajudamos mais de 300 empresas brasileiras e estrangeiras (algumas delas, l\u00edderes mundiais) a produzir embalagens flex\u00edveis e r\u00f3tulos com maior efici\u00eancia, menores custos e maior apelo visual, bem como centenas de donos de marcas a comprar suas embalagens flex\u00edveis e material impresso com um crit\u00e9rio mais t\u00e9cnico e assertivo. Ao mesmo tempo, gra\u00e7as \u00e0 nossa consultoria, muitas destas empresas melhoraram significativamente o seu processo de Impress\u00e3o (Impress\u00e3o de embalagens, Impress\u00e3o industrial, Impress\u00e3o funcional e, mais recentemente, bio impress\u00e3o e manufatura aditiva ou simplesmente Impress\u00e3o 3D). Se a sua empresa tem um problema relacionado a embalagens flex\u00edveis, r\u00f3tulos ou Impress\u00e3o, por mais insol\u00favel que lhe pare\u00e7a, aguardamos ansiosos a sua liga\u00e7\u00e3o ou e-mail. Este \u00e9 nosso trabalho e tamb\u00e9m a nossa paix\u00e3o.","sameAs":["http:\/\/www.projetopack.com","https:\/\/www.linkedin.com\/in\/aislanbaer\/"],"jobTitle":"CEO @ ProjetoPack | L\u00edder em M&A no Setor de Impress\u00e3o e Embalagens no Brasil | Cofundador da Inovagraf e Neuraflow | Especialista em Inova\u00e7\u00e3o com IA na Impress\u00e3o | Printing Legacy Initiative | Empreendedor Serial","url":"https:\/\/projetopack.com.br\/en\/author\/aislan\/"}]}},"_links":{"self":[{"href":"https:\/\/projetopack.com.br\/en\/wp-json\/wp\/v2\/posts\/12151","targetHints":{"allow":["GET"]}}],"collection":[{"href":"https:\/\/projetopack.com.br\/en\/wp-json\/wp\/v2\/posts"}],"about":[{"href":"https:\/\/projetopack.com.br\/en\/wp-json\/wp\/v2\/types\/post"}],"author":[{"embeddable":true,"href":"https:\/\/projetopack.com.br\/en\/wp-json\/wp\/v2\/users\/2"}],"replies":[{"embeddable":true,"href":"https:\/\/projetopack.com.br\/en\/wp-json\/wp\/v2\/comments?post=12151"}],"version-history":[{"count":0,"href":"https:\/\/projetopack.com.br\/en\/wp-json\/wp\/v2\/posts\/12151\/revisions"}],"wp:featuredmedia":[{"embeddable":true,"href":"https:\/\/projetopack.com.br\/en\/wp-json\/wp\/v2\/media\/12152"}],"wp:attachment":[{"href":"https:\/\/projetopack.com.br\/en\/wp-json\/wp\/v2\/media?parent=12151"}],"wp:term":[{"taxonomy":"category","embeddable":true,"href":"https:\/\/projetopack.com.br\/en\/wp-json\/wp\/v2\/categories?post=12151"},{"taxonomy":"post_tag","embeddable":true,"href":"https:\/\/projetopack.com.br\/en\/wp-json\/wp\/v2\/tags?post=12151"}],"curies":[{"name":"wp","href":"https:\/\/api.w.org\/{rel}","templated":true}]}}