{"id":12154,"date":"2021-06-15T17:56:03","date_gmt":"2021-06-15T20:56:03","guid":{"rendered":"https:\/\/www.projetopack.com.br\/?p=12154"},"modified":"2026-03-16T16:57:39","modified_gmt":"2026-03-16T19:57:39","slug":"vr-label-inova-com-sistema-de-corte-a-laser-pioneiro-no-brasil","status":"publish","type":"post","link":"https:\/\/projetopack.com.br\/en\/vr-label-inova-com-sistema-de-corte-a-laser-pioneiro-no-brasil\/","title":{"rendered":"VR Label inova com sistema de corte a laser pioneiro no Brasil"},"content":{"rendered":"<p>Mais do que entregar uma impress\u00e3o de excel\u00eancia, oferecer um produto de alta qualidade em todos os aspectos. Com esse objetivo, a <strong><a href=\"https:\/\/vrlabel.com.br\/\" target=\"_blank\" rel=\"noreferrer noopener\">VR Label<\/a><\/strong>, detentora de um dos parques de produ\u00e7\u00e3o mais modernos do Brasil, e sediada em Aparecida de Goi\u00e2nia (GO), anunciou a aquisi\u00e7\u00e3o do sistema de corte a laser <strong><a href=\"https:\/\/www.cartes.it\/en\/homepage\/\" target=\"_blank\" rel=\"noreferrer noopener\">Cartes<\/a><\/strong>, o primeiro instalado no pa\u00eds e que conta com apenas 11 instala\u00e7\u00f5es em todo o mundo.<\/p>\n\n\n\n<p>Segundo <strong>Viomar Rodrigues<\/strong>, propriet\u00e1rio da VR Label, estar em sintonia com o que h\u00e1 de mais moderno em solu\u00e7\u00f5es para produ\u00e7\u00e3o de r\u00f3tulos em todo o mundo \u00e9 parte essencial do sucesso e do atendimento diferenciado oferecido aos clientes de norte a sul.<\/p>\n\n\n\n<blockquote class=\"wp-block-quote is-layout-flow wp-block-quote-is-layout-flow\"><p>\u201cHoje, o mercado est\u00e1 muito diversificado. Os clientes chegam com uma ideia e querem imprimir com valor agregado, em tiragens menores. Por isso, precisamos sempre investir em solu\u00e7\u00f5es de ponta que permitam n\u00e3o somente imprimir com a qualidade que nossos clientes desejam, mas tamb\u00e9m oferecer um produto finalizado com perfei\u00e7\u00e3o\u201d<\/p><cite>Concluiu Viomar Rodrigues, sobre a aquisi\u00e7\u00e3o do equipamento.<\/cite><\/blockquote>\n\n\n\n<p>No caso do sistema Cartes de corte a laser, o processo transcorre com mais precis\u00e3o e assertividade, uma fez que o feixe de luz \u00e9 direcionado precisamente para o local de corte, resultando em recortes com bordas de mais qualidade, com total automa\u00e7\u00e3o. Al\u00e9m disso, o sistema oferece velocidade superior, atingindo at\u00e9 700 metros\/minuto.<\/p>\n\n\n\n<p>\u201cQuando falamos em impress\u00e3o digital de r\u00f3tulos, ter um equipamento que acompanhe desse tipo de aplica\u00e7\u00e3o \u00e9 fundamental\u201d, explica Viomar. \u201cComo o digital produz com mais velocidade tiragens baixas e pequenas, ganhar agilidade e flexibilidade no acabamento \u00e9 essencial para n\u00e3o se criar gargalos e minimizar desperd\u00edcio. Tudo, com alta qualidade e precis\u00e3o.\u201d<\/p>\n\n\n\n<p><strong>Leia mais em nosso blog:<\/strong><br><a href=\"https:\/\/projetopack.com.br\/a-tau-330-rsc-tem-sido-um-verdadeiro-diferencial-para-a-vr-label\/\" target=\"_blank\" rel=\"noreferrer noopener\">A Tau 330 RSC tem sido um verdadeiro diferencial para a VR Label<\/a><\/p>","protected":false},"excerpt":{"rendered":"<p>No sistema Cartes de corte a laser, o processo transcorre com mais precis\u00e3o e assertividade.<\/p>","protected":false},"author":485,"featured_media":12155,"comment_status":"open","ping_status":"closed","sticky":true,"template":"","format":"standard","meta":{"footnotes":""},"categories":[458],"tags":[833,249,33,170,635],"class_list":["post-12154","post","type-post","status-publish","format-standard","has-post-thumbnail","hentry","category-lancamentos","tag-corte-a-laser","tag-rotulos","tag-rotulos-adesivos","tag-rotulos-e-etiquetas","tag-vr-label"],"yoast_head":"<!-- This site is optimized with the Yoast SEO Premium plugin v27.1 (Yoast SEO v27.1.1) - https:\/\/yoast.com\/product\/yoast-seo-premium-wordpress\/ -->\n<title>VR Label inova com sistema de corte a laser pioneiro no Brasil - ProjetoPack<\/title>\n<meta name=\"description\" content=\"A VR Label, anunciou a aquisi\u00e7\u00e3o do sistema de corte a laser Cartes, o primeiro do tipo instalado no pa\u00eds.\" \/>\n<meta name=\"robots\" content=\"index, follow, max-snippet:-1, max-image-preview:large, max-video-preview:-1\" \/>\n<link rel=\"canonical\" href=\"https:\/\/projetopack.com.br\/en\/vr-label-inova-com-sistema-de-corte-a-laser-pioneiro-no-brasil\/\" \/>\n<meta property=\"og:locale\" content=\"en_US\" \/>\n<meta property=\"og:type\" content=\"article\" \/>\n<meta property=\"og:title\" content=\"VR Label inova com sistema de corte a laser pioneiro no Brasil\" \/>\n<meta property=\"og:description\" content=\"A VR Label, anunciou a aquisi\u00e7\u00e3o do sistema de corte a laser Cartes, o primeiro do tipo instalado no pa\u00eds.\" \/>\n<meta property=\"og:url\" content=\"https:\/\/projetopack.com.br\/en\/vr-label-inova-com-sistema-de-corte-a-laser-pioneiro-no-brasil\/\" \/>\n<meta property=\"og:site_name\" content=\"ProjetoPack\" \/>\n<meta property=\"article:published_time\" content=\"2021-06-15T20:56:03+00:00\" \/>\n<meta property=\"article:modified_time\" content=\"2026-03-16T19:57:39+00:00\" \/>\n<meta property=\"og:image\" content=\"https:\/\/projetopack.com.br\/wp-content\/uploads\/2021\/06\/Cartes_Sistema-de-Corte.jpg\" \/>\n\t<meta property=\"og:image:width\" content=\"2048\" \/>\n\t<meta property=\"og:image:height\" content=\"1296\" \/>\n\t<meta property=\"og:image:type\" content=\"image\/jpeg\" \/>\n<meta name=\"author\" content=\"Projeto Pack Consultoria e Treinamento\" \/>\n<meta name=\"twitter:card\" content=\"summary_large_image\" \/>\n<meta name=\"twitter:creator\" content=\"@ProjetoPack\" \/>\n<meta name=\"twitter:site\" content=\"@ProjetoPack\" \/>\n<meta name=\"twitter:label1\" content=\"Written by\" \/>\n\t<meta name=\"twitter:data1\" content=\"Projeto Pack Consultoria e Treinamento\" \/>\n\t<meta name=\"twitter:label2\" content=\"Est. reading time\" \/>\n\t<meta name=\"twitter:data2\" content=\"2 minutes\" \/>\n<script type=\"application\/ld+json\" class=\"yoast-schema-graph\">{\"@context\":\"https:\/\/schema.org\",\"@graph\":[{\"@type\":\"Article\",\"@id\":\"https:\/\/projetopack.com.br\/vr-label-inova-com-sistema-de-corte-a-laser-pioneiro-no-brasil\/#article\",\"isPartOf\":{\"@id\":\"https:\/\/projetopack.com.br\/vr-label-inova-com-sistema-de-corte-a-laser-pioneiro-no-brasil\/\"},\"author\":{\"name\":\"Projeto Pack Consultoria e Treinamento\",\"@id\":\"https:\/\/projetopack.com.br\/#\/schema\/person\/85a2e510ed8149327b545eabf95ee7ab\"},\"headline\":\"VR Label inova com sistema de corte a laser pioneiro no Brasil\",\"datePublished\":\"2021-06-15T20:56:03+00:00\",\"dateModified\":\"2026-03-16T19:57:39+00:00\",\"mainEntityOfPage\":{\"@id\":\"https:\/\/projetopack.com.br\/vr-label-inova-com-sistema-de-corte-a-laser-pioneiro-no-brasil\/\"},\"wordCount\":325,\"commentCount\":0,\"publisher\":{\"@id\":\"https:\/\/projetopack.com.br\/#organization\"},\"image\":{\"@id\":\"https:\/\/projetopack.com.br\/vr-label-inova-com-sistema-de-corte-a-laser-pioneiro-no-brasil\/#primaryimage\"},\"thumbnailUrl\":\"https:\/\/projetopack.com.br\/wp-content\/uploads\/2021\/06\/Cartes_Sistema-de-Corte.jpg\",\"keywords\":[\"corte a laser\",\"r\u00f3tulos\",\"R\u00f3tulos Adesivos\",\"r\u00f3tulos e etiquetas\",\"vr label\"],\"articleSection\":[\"Lan\u00e7amentos\"],\"inLanguage\":\"en-US\",\"potentialAction\":[{\"@type\":\"CommentAction\",\"name\":\"Comment\",\"target\":[\"https:\/\/projetopack.com.br\/vr-label-inova-com-sistema-de-corte-a-laser-pioneiro-no-brasil\/#respond\"]}]},{\"@type\":\"WebPage\",\"@id\":\"https:\/\/projetopack.com.br\/vr-label-inova-com-sistema-de-corte-a-laser-pioneiro-no-brasil\/\",\"url\":\"https:\/\/projetopack.com.br\/vr-label-inova-com-sistema-de-corte-a-laser-pioneiro-no-brasil\/\",\"name\":\"VR Label inova com sistema de corte a laser pioneiro no Brasil - ProjetoPack\",\"isPartOf\":{\"@id\":\"https:\/\/projetopack.com.br\/#website\"},\"primaryImageOfPage\":{\"@id\":\"https:\/\/projetopack.com.br\/vr-label-inova-com-sistema-de-corte-a-laser-pioneiro-no-brasil\/#primaryimage\"},\"image\":{\"@id\":\"https:\/\/projetopack.com.br\/vr-label-inova-com-sistema-de-corte-a-laser-pioneiro-no-brasil\/#primaryimage\"},\"thumbnailUrl\":\"https:\/\/projetopack.com.br\/wp-content\/uploads\/2021\/06\/Cartes_Sistema-de-Corte.jpg\",\"datePublished\":\"2021-06-15T20:56:03+00:00\",\"dateModified\":\"2026-03-16T19:57:39+00:00\",\"description\":\"A VR Label, anunciou a aquisi\u00e7\u00e3o do sistema de corte a laser Cartes, o primeiro do tipo instalado no pa\u00eds.\",\"breadcrumb\":{\"@id\":\"https:\/\/projetopack.com.br\/vr-label-inova-com-sistema-de-corte-a-laser-pioneiro-no-brasil\/#breadcrumb\"},\"inLanguage\":\"en-US\",\"potentialAction\":[{\"@type\":\"ReadAction\",\"target\":[\"https:\/\/projetopack.com.br\/vr-label-inova-com-sistema-de-corte-a-laser-pioneiro-no-brasil\/\"]}]},{\"@type\":\"ImageObject\",\"inLanguage\":\"en-US\",\"@id\":\"https:\/\/projetopack.com.br\/vr-label-inova-com-sistema-de-corte-a-laser-pioneiro-no-brasil\/#primaryimage\",\"url\":\"https:\/\/projetopack.com.br\/wp-content\/uploads\/2021\/06\/Cartes_Sistema-de-Corte.jpg\",\"contentUrl\":\"https:\/\/projetopack.com.br\/wp-content\/uploads\/2021\/06\/Cartes_Sistema-de-Corte.jpg\",\"width\":2048,\"height\":1296,\"caption\":\"cartes vr label\"},{\"@type\":\"BreadcrumbList\",\"@id\":\"https:\/\/projetopack.com.br\/vr-label-inova-com-sistema-de-corte-a-laser-pioneiro-no-brasil\/#breadcrumb\",\"itemListElement\":[{\"@type\":\"ListItem\",\"position\":1,\"name\":\"P\u00e1gina Inicial\",\"item\":\"https:\/\/projetopack.com.br\/\"},{\"@type\":\"ListItem\",\"position\":2,\"name\":\"Lan\u00e7amentos\",\"item\":\"https:\/\/projetopack.com.br\/category\/lancamentos\/\"},{\"@type\":\"ListItem\",\"position\":3,\"name\":\"VR Label inova com sistema de corte a laser pioneiro no Brasil\"}]},{\"@type\":\"WebSite\",\"@id\":\"https:\/\/projetopack.com.br\/#website\",\"url\":\"https:\/\/projetopack.com.br\/\",\"name\":\"ProjetoPack\",\"description\":\"Consultoria e servi\u00e7os para embalagens, r\u00f3tulos, etiquetas e processos de impress\u00e3o\",\"publisher\":{\"@id\":\"https:\/\/projetopack.com.br\/#organization\"},\"potentialAction\":[{\"@type\":\"SearchAction\",\"target\":{\"@type\":\"EntryPoint\",\"urlTemplate\":\"https:\/\/projetopack.com.br\/?s={search_term_string}\"},\"query-input\":{\"@type\":\"PropertyValueSpecification\",\"valueRequired\":true,\"valueName\":\"search_term_string\"}}],\"inLanguage\":\"en-US\"},{\"@type\":\"Organization\",\"@id\":\"https:\/\/projetopack.com.br\/#organization\",\"name\":\"ProjetoPack & Associados\",\"url\":\"https:\/\/projetopack.com.br\/\",\"logo\":{\"@type\":\"ImageObject\",\"inLanguage\":\"en-US\",\"@id\":\"https:\/\/projetopack.com.br\/#\/schema\/logo\/image\/\",\"url\":\"https:\/\/projetopack.com.br\/wp-content\/uploads\/2020\/09\/projetopack.png\",\"contentUrl\":\"https:\/\/projetopack.com.br\/wp-content\/uploads\/2020\/09\/projetopack.png\",\"width\":200,\"height\":200,\"caption\":\"ProjetoPack & Associados\"},\"image\":{\"@id\":\"https:\/\/projetopack.com.br\/#\/schema\/logo\/image\/\"},\"sameAs\":[\"https:\/\/x.com\/ProjetoPack\",\"https:\/\/www.linkedin.com\/company\/projetopack\/\"]},{\"@type\":\"Person\",\"@id\":\"https:\/\/projetopack.com.br\/#\/schema\/person\/85a2e510ed8149327b545eabf95ee7ab\",\"name\":\"Projeto Pack Consultoria e Treinamento\",\"image\":{\"@type\":\"ImageObject\",\"inLanguage\":\"en-US\",\"@id\":\"https:\/\/projetopack.com.br\/#\/schema\/person\/image\/\",\"url\":\"https:\/\/projetopack.com.br\/wp-content\/uploads\/2020\/09\/Logo-ProjetoPack-Horizontal-100x100.jpg\",\"contentUrl\":\"https:\/\/projetopack.com.br\/wp-content\/uploads\/2020\/09\/Logo-ProjetoPack-Horizontal-100x100.jpg\",\"caption\":\"Projeto Pack Consultoria e Treinamento\"},\"url\":\"https:\/\/projetopack.com.br\/en\/author\/projetopack\/\"}]}<\/script>\n<!-- \/ Yoast SEO Premium plugin. -->","yoast_head_json":{"title":"VR Label inova com sistema de corte a laser pioneiro no Brasil - ProjetoPack","description":"A VR Label, anunciou a aquisi\u00e7\u00e3o do sistema de corte a laser Cartes, o primeiro do tipo instalado no pa\u00eds.","robots":{"index":"index","follow":"follow","max-snippet":"max-snippet:-1","max-image-preview":"max-image-preview:large","max-video-preview":"max-video-preview:-1"},"canonical":"https:\/\/projetopack.com.br\/en\/vr-label-inova-com-sistema-de-corte-a-laser-pioneiro-no-brasil\/","og_locale":"en_US","og_type":"article","og_title":"VR Label inova com sistema de corte a laser pioneiro no Brasil","og_description":"A VR Label, anunciou a aquisi\u00e7\u00e3o do sistema de corte a laser Cartes, o primeiro do tipo instalado no pa\u00eds.","og_url":"https:\/\/projetopack.com.br\/en\/vr-label-inova-com-sistema-de-corte-a-laser-pioneiro-no-brasil\/","og_site_name":"ProjetoPack","article_published_time":"2021-06-15T20:56:03+00:00","article_modified_time":"2026-03-16T19:57:39+00:00","og_image":[{"width":2048,"height":1296,"url":"https:\/\/projetopack.com.br\/wp-content\/uploads\/2021\/06\/Cartes_Sistema-de-Corte.jpg","type":"image\/jpeg"}],"author":"Projeto Pack Consultoria e Treinamento","twitter_card":"summary_large_image","twitter_creator":"@ProjetoPack","twitter_site":"@ProjetoPack","twitter_misc":{"Written by":"Projeto Pack Consultoria e Treinamento","Est. reading time":"2 minutes"},"schema":{"@context":"https:\/\/schema.org","@graph":[{"@type":"Article","@id":"https:\/\/projetopack.com.br\/vr-label-inova-com-sistema-de-corte-a-laser-pioneiro-no-brasil\/#article","isPartOf":{"@id":"https:\/\/projetopack.com.br\/vr-label-inova-com-sistema-de-corte-a-laser-pioneiro-no-brasil\/"},"author":{"name":"Projeto Pack Consultoria e Treinamento","@id":"https:\/\/projetopack.com.br\/#\/schema\/person\/85a2e510ed8149327b545eabf95ee7ab"},"headline":"VR Label inova com sistema de corte a laser pioneiro no Brasil","datePublished":"2021-06-15T20:56:03+00:00","dateModified":"2026-03-16T19:57:39+00:00","mainEntityOfPage":{"@id":"https:\/\/projetopack.com.br\/vr-label-inova-com-sistema-de-corte-a-laser-pioneiro-no-brasil\/"},"wordCount":325,"commentCount":0,"publisher":{"@id":"https:\/\/projetopack.com.br\/#organization"},"image":{"@id":"https:\/\/projetopack.com.br\/vr-label-inova-com-sistema-de-corte-a-laser-pioneiro-no-brasil\/#primaryimage"},"thumbnailUrl":"https:\/\/projetopack.com.br\/wp-content\/uploads\/2021\/06\/Cartes_Sistema-de-Corte.jpg","keywords":["corte a laser","r\u00f3tulos","R\u00f3tulos Adesivos","r\u00f3tulos e etiquetas","vr label"],"articleSection":["Lan\u00e7amentos"],"inLanguage":"en-US","potentialAction":[{"@type":"CommentAction","name":"Comment","target":["https:\/\/projetopack.com.br\/vr-label-inova-com-sistema-de-corte-a-laser-pioneiro-no-brasil\/#respond"]}]},{"@type":"WebPage","@id":"https:\/\/projetopack.com.br\/vr-label-inova-com-sistema-de-corte-a-laser-pioneiro-no-brasil\/","url":"https:\/\/projetopack.com.br\/vr-label-inova-com-sistema-de-corte-a-laser-pioneiro-no-brasil\/","name":"VR Label inova com sistema de corte a laser pioneiro no Brasil - ProjetoPack","isPartOf":{"@id":"https:\/\/projetopack.com.br\/#website"},"primaryImageOfPage":{"@id":"https:\/\/projetopack.com.br\/vr-label-inova-com-sistema-de-corte-a-laser-pioneiro-no-brasil\/#primaryimage"},"image":{"@id":"https:\/\/projetopack.com.br\/vr-label-inova-com-sistema-de-corte-a-laser-pioneiro-no-brasil\/#primaryimage"},"thumbnailUrl":"https:\/\/projetopack.com.br\/wp-content\/uploads\/2021\/06\/Cartes_Sistema-de-Corte.jpg","datePublished":"2021-06-15T20:56:03+00:00","dateModified":"2026-03-16T19:57:39+00:00","description":"A VR Label, anunciou a aquisi\u00e7\u00e3o do sistema de corte a laser Cartes, o primeiro do tipo instalado no pa\u00eds.","breadcrumb":{"@id":"https:\/\/projetopack.com.br\/vr-label-inova-com-sistema-de-corte-a-laser-pioneiro-no-brasil\/#breadcrumb"},"inLanguage":"en-US","potentialAction":[{"@type":"ReadAction","target":["https:\/\/projetopack.com.br\/vr-label-inova-com-sistema-de-corte-a-laser-pioneiro-no-brasil\/"]}]},{"@type":"ImageObject","inLanguage":"en-US","@id":"https:\/\/projetopack.com.br\/vr-label-inova-com-sistema-de-corte-a-laser-pioneiro-no-brasil\/#primaryimage","url":"https:\/\/projetopack.com.br\/wp-content\/uploads\/2021\/06\/Cartes_Sistema-de-Corte.jpg","contentUrl":"https:\/\/projetopack.com.br\/wp-content\/uploads\/2021\/06\/Cartes_Sistema-de-Corte.jpg","width":2048,"height":1296,"caption":"cartes vr label"},{"@type":"BreadcrumbList","@id":"https:\/\/projetopack.com.br\/vr-label-inova-com-sistema-de-corte-a-laser-pioneiro-no-brasil\/#breadcrumb","itemListElement":[{"@type":"ListItem","position":1,"name":"P\u00e1gina Inicial","item":"https:\/\/projetopack.com.br\/"},{"@type":"ListItem","position":2,"name":"Lan\u00e7amentos","item":"https:\/\/projetopack.com.br\/category\/lancamentos\/"},{"@type":"ListItem","position":3,"name":"VR Label inova com sistema de corte a laser pioneiro no Brasil"}]},{"@type":"WebSite","@id":"https:\/\/projetopack.com.br\/#website","url":"https:\/\/projetopack.com.br\/","name":"ProjetoPack","description":"Consultoria e servi\u00e7os para embalagens, r\u00f3tulos, etiquetas e processos de impress\u00e3o","publisher":{"@id":"https:\/\/projetopack.com.br\/#organization"},"potentialAction":[{"@type":"SearchAction","target":{"@type":"EntryPoint","urlTemplate":"https:\/\/projetopack.com.br\/?s={search_term_string}"},"query-input":{"@type":"PropertyValueSpecification","valueRequired":true,"valueName":"search_term_string"}}],"inLanguage":"en-US"},{"@type":"Organization","@id":"https:\/\/projetopack.com.br\/#organization","name":"ProjetoPack & Associados","url":"https:\/\/projetopack.com.br\/","logo":{"@type":"ImageObject","inLanguage":"en-US","@id":"https:\/\/projetopack.com.br\/#\/schema\/logo\/image\/","url":"https:\/\/projetopack.com.br\/wp-content\/uploads\/2020\/09\/projetopack.png","contentUrl":"https:\/\/projetopack.com.br\/wp-content\/uploads\/2020\/09\/projetopack.png","width":200,"height":200,"caption":"ProjetoPack & Associados"},"image":{"@id":"https:\/\/projetopack.com.br\/#\/schema\/logo\/image\/"},"sameAs":["https:\/\/x.com\/ProjetoPack","https:\/\/www.linkedin.com\/company\/projetopack\/"]},{"@type":"Person","@id":"https:\/\/projetopack.com.br\/#\/schema\/person\/85a2e510ed8149327b545eabf95ee7ab","name":"Projeto Pack Consultoria e Treinamento","image":{"@type":"ImageObject","inLanguage":"en-US","@id":"https:\/\/projetopack.com.br\/#\/schema\/person\/image\/","url":"https:\/\/projetopack.com.br\/wp-content\/uploads\/2020\/09\/Logo-ProjetoPack-Horizontal-100x100.jpg","contentUrl":"https:\/\/projetopack.com.br\/wp-content\/uploads\/2020\/09\/Logo-ProjetoPack-Horizontal-100x100.jpg","caption":"Projeto Pack Consultoria e Treinamento"},"url":"https:\/\/projetopack.com.br\/en\/author\/projetopack\/"}]}},"_links":{"self":[{"href":"https:\/\/projetopack.com.br\/en\/wp-json\/wp\/v2\/posts\/12154","targetHints":{"allow":["GET"]}}],"collection":[{"href":"https:\/\/projetopack.com.br\/en\/wp-json\/wp\/v2\/posts"}],"about":[{"href":"https:\/\/projetopack.com.br\/en\/wp-json\/wp\/v2\/types\/post"}],"author":[{"embeddable":true,"href":"https:\/\/projetopack.com.br\/en\/wp-json\/wp\/v2\/users\/485"}],"replies":[{"embeddable":true,"href":"https:\/\/projetopack.com.br\/en\/wp-json\/wp\/v2\/comments?post=12154"}],"version-history":[{"count":0,"href":"https:\/\/projetopack.com.br\/en\/wp-json\/wp\/v2\/posts\/12154\/revisions"}],"wp:featuredmedia":[{"embeddable":true,"href":"https:\/\/projetopack.com.br\/en\/wp-json\/wp\/v2\/media\/12155"}],"wp:attachment":[{"href":"https:\/\/projetopack.com.br\/en\/wp-json\/wp\/v2\/media?parent=12154"}],"wp:term":[{"taxonomy":"category","embeddable":true,"href":"https:\/\/projetopack.com.br\/en\/wp-json\/wp\/v2\/categories?post=12154"},{"taxonomy":"post_tag","embeddable":true,"href":"https:\/\/projetopack.com.br\/en\/wp-json\/wp\/v2\/tags?post=12154"}],"curies":[{"name":"wp","href":"https:\/\/api.w.org\/{rel}","templated":true}]}}