{"id":12285,"date":"2021-06-23T13:49:51","date_gmt":"2021-06-23T16:49:51","guid":{"rendered":"https:\/\/www.projetopack.com.br\/?p=12285"},"modified":"2026-03-16T16:57:37","modified_gmt":"2026-03-16T19:57:37","slug":"omo-anuncia-sua-primeira-embalagem-de-papel","status":"publish","type":"post","link":"https:\/\/projetopack.com.br\/en\/omo-anuncia-sua-primeira-embalagem-de-papel\/","title":{"rendered":"Omo anuncia sua primeira embalagem de papel"},"content":{"rendered":"<p>Um dos produtos que mais expressam a corrida ecol\u00f3gica da <strong>Unilever<\/strong>, o <strong>OMO<\/strong> ter\u00e1 sua primeira embalagem feita \u00e0 base de papel. Na luta contra o <strong>pl\u00e1stico<\/strong>, <a href=\"https:\/\/www.consumidormoderno.com.br\/2021\/03\/09\/unilever-plano-esg-cadeia-valor\/\" target=\"_blank\" rel=\"noreferrer noopener\">a Unilever, que recentemente revelou um ambicioso plano <strong>ESG<\/strong> com metas de curto, m\u00e9dio e longo prazo<\/a><a href=\"https:\/\/www.consumidormoderno.com.br\/2021\/03\/09\/unilever-plano-esg-cadeia-valor\/\">,<\/a> informa que a embalagem mais amig\u00e1vel ao meio ambiente est\u00e1 prevista para o primeiro semestre de 2022 no Brasil.<\/p>\n\n\n\n<p>\u201c\u00c9 muito significativo para a categoria no Brasil trazer uma novidade como esta. OMO tem tra\u00e7ado um caminho importante em dire\u00e7\u00e3o a um futuro mais limpo, puxando a transforma\u00e7\u00e3o de toda a cadeia. E esta \u00e9 mais uma demonstra\u00e7\u00e3o do nosso cuidado e preocupa\u00e7\u00e3o com o futuro. Temos trabalhado cada vez mais para oferecer novas possibilidades de o consumidor escolher o melhor dos dois mundos \u2014 um produto imbat\u00edvel na performance e no cuidado com o meio ambiente\u201d, afirma Eduardo Campanella, VP de marketing da Unilever no Brasil.<\/p>\n\n\n\n<p>A previs\u00e3o \u00e9 de que a distribui\u00e7\u00e3o seja estendida posteriormente para a Europa e outros pa\u00edses.<\/p>\n\n\n\n<p class=\"has-cyan-bluish-gray-background-color has-background\">Em seu compromisso com uma economia mais sustent\u00e1vel e segura, a novidade utiliza uma nova tecnologia desenvolvida em parceria com o cons\u00f3rcio Pulpex que re\u00fane outras empresas do setor, como a Diageo e Pilot Lite.<\/p>\n\n\n\n<p>Segundo a Unilever, a garrafa a ser lan\u00e7ada \u00e9 feita de <strong>celulose<\/strong> de origem sustent\u00e1vel e foi criada para ser reciclada junto com os outros res\u00edduos de papel dentro da cadeia de reciclagem. Internamente, ela conta com um material patenteado pela companhia, que repele a \u00e1gua e que permite que o conte\u00fado retenha produtos l\u00edquidos como detergente para roupas, xampu e outras f\u00f3rmulas de ingredientes ativos.<\/p>\n\n\n\n<p>\u201cPara lidar com o desperd\u00edcio de pl\u00e1stico, precisamos repensar completamente como projetamos e embalamos os produtos. Isso requer uma mudan\u00e7a dr\u00e1stica que s\u00f3 pode ser alcan\u00e7ada por meio da colabora\u00e7\u00e3o de todo o setor. A tecnologia de garrafas \u00e0 base de papel Pulpex \u00e9 um passo empolgante na dire\u00e7\u00e3o certa, e estamos muito satisfeitos por trabalharmos juntos para testar esta inova\u00e7\u00e3o em nossos produtos\u201d, revela Richard Slater, diretor de pesquisa e desenvolvimento da Unilever Global.<\/p>\n\n\n\n<p>Para os pr\u00f3ximos cinco anos, o plano da Unilever \u00e9 reduzir a fabrica\u00e7\u00e3o de pl\u00e1sticos novos em 50%, reciclar 25% de todos seus pl\u00e1sticos, fazer com que todos os pl\u00e1sticos sejam de material recicl\u00e1vel e zerar o desperd\u00edcio de comida em todas as opera\u00e7\u00f5es.<\/p>\n\n\n\n<h3 class=\"wp-block-heading\" id=\"h-reinventando-embalagens-e-produtos\"><strong>Reinventando embalagens e produtos<\/strong><\/h3>\n\n\n\n<p>Mais do que <strong>controle<\/strong> e <strong>log\u00edstica<\/strong> reversa de produtos que suas marcas disponibilizam, a Unilever luta para aprimorar tanto sua cadeia de valor estabelecida quanto a natureza dos produtos. Muitas vezes, os mercados e suas aus\u00eancias de regulamenta\u00e7\u00e3o tornam produtos sustent\u00e1veis invi\u00e1veis ou fontes de preju\u00edzo. Lan\u00e7ar um produto mais sustent\u00e1vel muitas vezes significa reinventar o produto e arrumar novos fornecedores de insumos e parceiros. S\u00e3o transforma\u00e7\u00f5es hol\u00edsticas para um novo item.<\/p>\n\n\n\n<p>Na categoria de cuidados com a casa da Unilever, <a href=\"https:\/\/www.consumidormoderno.com.br\/2021\/05\/21\/esg-unilever-fabrica-reinvencoes\/\" target=\"_blank\" rel=\"noreferrer noopener\">o OMO talvez seja o produto que a companhia mais tenha transformado nos \u00faltimos anos<\/a>. O produto tem mudado tamb\u00e9m sua f\u00f3rmula, no intuito de uma diminui\u00e7\u00e3o da quantidade de material utilizado. Hoje, o sab\u00e3o tem uma vers\u00e3o em refil para diluir que \u00e9 seis vezes mais concentrada que seu padr\u00e3o, o que faz com que sua embalagem consuma 75% menos pl\u00e1stico. Ainda assim, seu grande desafio \u00e9 a utiliza\u00e7\u00e3o do pl\u00e1stico em si, que, conforme an\u00fancio da Unilever sobre a tecnologia com celulose, est\u00e1 com os dias contados.<\/p>\n\n\n\n<p>A briga da Unilever contra o pl\u00e1stico tamb\u00e9m se estende a outros produtos com clico das embalagens, como os da linha Seda, que hoje tem 100% de seus pl\u00e1sticos recicl\u00e1veis, e a linha Dove, que conta com pl\u00e1stico proveniente da cana-de-a\u00e7\u00facar.<\/p>\n\n\n\n<h3 class=\"wp-block-heading\" id=\"h-lavanderias-omo\"><strong>Lavanderias OMO<\/strong><\/h3>\n\n\n\n<p>O cuidado da marca OMO com sua agenda ESG vai para al\u00e9m dos produtos em prateleiras. <a href=\"https:\/\/www.consumidormoderno.com.br\/2021\/03\/10\/omo-lavanderia-franquias-negocios-formato-self-service\/\" target=\"_blank\" rel=\"noreferrer noopener\">Mesmo em seu agressivo plano de expans\u00e3o de rede de lavanderias<\/a> \u2014 ao qual anunciou no primeiro trimestre deste ano as franquias no formato self-service \u2014, h\u00e1 foco na <strong>sustentabilidade<\/strong>.<\/p>\n\n\n\n<p>Projetadas para poupar recursos naturais, as lavanderias que levam a reputa\u00e7\u00e3o do sab\u00e3o utilizam menos \u00e1gua e energia com m\u00e1quinas semiprofissionais que despendem 65% menos \u00e1gua e energia no ciclo completo (lavagem e secagem) em compara\u00e7\u00e3o com uma m\u00e1quina residencial.<\/p>\n\n\n\n<p>Paralelamente a estas economias, as m\u00e1quinas da rede contam com dosagem autom\u00e1tica de sab\u00e3o, baixando a emiss\u00e3o de carbono do consumidor.<\/p>\n\n\n\n<p><strong>Leia mais em nosso blog:<\/strong><br><a href=\"https:\/\/projetopack.com.br\/europa-reavalia-a-restricao-para-os-plasticos-de-uso-unico\/\" target=\"_blank\" rel=\"noreferrer noopener\">Europa reavalia a restri\u00e7\u00e3o para os pl\u00e1sticos de uso \u00fanico<\/a><\/p>","protected":false},"excerpt":{"rendered":"<p>Um dos produtos que mais expressam a corrida ecol\u00f3gica da Unilever, o OMO ter\u00e1 sua primeira embalagem feita \u00e0 base de papel. Na luta contra o pl\u00e1stico, a Unilever, que recentemente revelou um ambicioso plano ESG com metas de curto, m\u00e9dio e longo prazo, informa que a embalagem mais amig\u00e1vel ao meio ambiente est\u00e1 prevista [&hellip;]<\/p>\n","protected":false},"author":485,"featured_media":12449,"comment_status":"open","ping_status":"closed","sticky":false,"template":"","format":"standard","meta":{"footnotes":""},"categories":[458],"tags":[],"class_list":["post-12285","post","type-post","status-publish","format-standard","has-post-thumbnail","hentry","category-lancamentos"],"yoast_head":"<!-- This site is optimized with the Yoast SEO Premium plugin v27.1 (Yoast SEO v27.1.1) - https:\/\/yoast.com\/product\/yoast-seo-premium-wordpress\/ -->\n<title>Omo anuncia sua primeira embalagem de papel - ProjetoPack<\/title>\n<meta name=\"description\" content=\"Investida faz parte de audacioso plano ESG da Unilever, que visa reduzir a fabrica\u00e7\u00e3o de pl\u00e1sticos novos em 50%.\" \/>\n<meta name=\"robots\" content=\"index, follow, max-snippet:-1, max-image-preview:large, max-video-preview:-1\" \/>\n<link rel=\"canonical\" href=\"https:\/\/projetopack.com.br\/en\/omo-anuncia-sua-primeira-embalagem-de-papel\/\" \/>\n<meta property=\"og:locale\" content=\"en_US\" \/>\n<meta property=\"og:type\" content=\"article\" \/>\n<meta property=\"og:title\" content=\"Omo anuncia sua primeira embalagem de papel\" \/>\n<meta property=\"og:description\" content=\"Investida faz parte de audacioso plano ESG da Unilever, que visa reduzir a fabrica\u00e7\u00e3o de pl\u00e1sticos novos em 50%.\" \/>\n<meta property=\"og:url\" content=\"https:\/\/projetopack.com.br\/en\/omo-anuncia-sua-primeira-embalagem-de-papel\/\" \/>\n<meta property=\"og:site_name\" content=\"ProjetoPack\" \/>\n<meta property=\"article:published_time\" content=\"2021-06-23T16:49:51+00:00\" \/>\n<meta property=\"article:modified_time\" content=\"2026-03-16T19:57:37+00:00\" \/>\n<meta property=\"og:image\" content=\"https:\/\/projetopack.com.br\/wp-content\/uploads\/2021\/06\/omo-embalagem-papel-1-720x720-1.jpg\" \/>\n\t<meta property=\"og:image:width\" content=\"720\" \/>\n\t<meta property=\"og:image:height\" content=\"720\" \/>\n\t<meta property=\"og:image:type\" content=\"image\/jpeg\" \/>\n<meta name=\"author\" content=\"Projeto Pack Consultoria e Treinamento\" \/>\n<meta name=\"twitter:card\" content=\"summary_large_image\" \/>\n<meta name=\"twitter:creator\" content=\"@ProjetoPack\" \/>\n<meta name=\"twitter:site\" content=\"@ProjetoPack\" \/>\n<meta name=\"twitter:label1\" content=\"Written by\" \/>\n\t<meta name=\"twitter:data1\" content=\"Projeto Pack Consultoria e Treinamento\" \/>\n\t<meta name=\"twitter:label2\" content=\"Est. reading time\" \/>\n\t<meta name=\"twitter:data2\" content=\"4 minutes\" \/>\n<script type=\"application\/ld+json\" class=\"yoast-schema-graph\">{\"@context\":\"https:\/\/schema.org\",\"@graph\":[{\"@type\":\"Article\",\"@id\":\"https:\/\/projetopack.com.br\/omo-anuncia-sua-primeira-embalagem-de-papel\/#article\",\"isPartOf\":{\"@id\":\"https:\/\/projetopack.com.br\/omo-anuncia-sua-primeira-embalagem-de-papel\/\"},\"author\":{\"name\":\"Projeto Pack Consultoria e Treinamento\",\"@id\":\"https:\/\/projetopack.com.br\/#\/schema\/person\/85a2e510ed8149327b545eabf95ee7ab\"},\"headline\":\"Omo anuncia sua primeira embalagem de papel\",\"datePublished\":\"2021-06-23T16:49:51+00:00\",\"dateModified\":\"2026-03-16T19:57:37+00:00\",\"mainEntityOfPage\":{\"@id\":\"https:\/\/projetopack.com.br\/omo-anuncia-sua-primeira-embalagem-de-papel\/\"},\"wordCount\":792,\"commentCount\":0,\"publisher\":{\"@id\":\"https:\/\/projetopack.com.br\/#organization\"},\"image\":{\"@id\":\"https:\/\/projetopack.com.br\/omo-anuncia-sua-primeira-embalagem-de-papel\/#primaryimage\"},\"thumbnailUrl\":\"https:\/\/projetopack.com.br\/wp-content\/uploads\/2021\/06\/omo-embalagem-papel-1-720x720-1.jpg\",\"articleSection\":[\"Lan\u00e7amentos\"],\"inLanguage\":\"en-US\",\"potentialAction\":[{\"@type\":\"CommentAction\",\"name\":\"Comment\",\"target\":[\"https:\/\/projetopack.com.br\/omo-anuncia-sua-primeira-embalagem-de-papel\/#respond\"]}]},{\"@type\":\"WebPage\",\"@id\":\"https:\/\/projetopack.com.br\/omo-anuncia-sua-primeira-embalagem-de-papel\/\",\"url\":\"https:\/\/projetopack.com.br\/omo-anuncia-sua-primeira-embalagem-de-papel\/\",\"name\":\"Omo anuncia sua primeira embalagem de papel - ProjetoPack\",\"isPartOf\":{\"@id\":\"https:\/\/projetopack.com.br\/#website\"},\"primaryImageOfPage\":{\"@id\":\"https:\/\/projetopack.com.br\/omo-anuncia-sua-primeira-embalagem-de-papel\/#primaryimage\"},\"image\":{\"@id\":\"https:\/\/projetopack.com.br\/omo-anuncia-sua-primeira-embalagem-de-papel\/#primaryimage\"},\"thumbnailUrl\":\"https:\/\/projetopack.com.br\/wp-content\/uploads\/2021\/06\/omo-embalagem-papel-1-720x720-1.jpg\",\"datePublished\":\"2021-06-23T16:49:51+00:00\",\"dateModified\":\"2026-03-16T19:57:37+00:00\",\"description\":\"Investida faz parte de audacioso plano ESG da Unilever, que visa reduzir a fabrica\u00e7\u00e3o de pl\u00e1sticos novos em 50%.\",\"breadcrumb\":{\"@id\":\"https:\/\/projetopack.com.br\/omo-anuncia-sua-primeira-embalagem-de-papel\/#breadcrumb\"},\"inLanguage\":\"en-US\",\"potentialAction\":[{\"@type\":\"ReadAction\",\"target\":[\"https:\/\/projetopack.com.br\/omo-anuncia-sua-primeira-embalagem-de-papel\/\"]}]},{\"@type\":\"ImageObject\",\"inLanguage\":\"en-US\",\"@id\":\"https:\/\/projetopack.com.br\/omo-anuncia-sua-primeira-embalagem-de-papel\/#primaryimage\",\"url\":\"https:\/\/projetopack.com.br\/wp-content\/uploads\/2021\/06\/omo-embalagem-papel-1-720x720-1.jpg\",\"contentUrl\":\"https:\/\/projetopack.com.br\/wp-content\/uploads\/2021\/06\/omo-embalagem-papel-1-720x720-1.jpg\",\"width\":720,\"height\":720},{\"@type\":\"BreadcrumbList\",\"@id\":\"https:\/\/projetopack.com.br\/omo-anuncia-sua-primeira-embalagem-de-papel\/#breadcrumb\",\"itemListElement\":[{\"@type\":\"ListItem\",\"position\":1,\"name\":\"P\u00e1gina Inicial\",\"item\":\"https:\/\/projetopack.com.br\/\"},{\"@type\":\"ListItem\",\"position\":2,\"name\":\"Lan\u00e7amentos\",\"item\":\"https:\/\/projetopack.com.br\/category\/lancamentos\/\"},{\"@type\":\"ListItem\",\"position\":3,\"name\":\"Omo anuncia sua primeira embalagem de papel\"}]},{\"@type\":\"WebSite\",\"@id\":\"https:\/\/projetopack.com.br\/#website\",\"url\":\"https:\/\/projetopack.com.br\/\",\"name\":\"ProjetoPack\",\"description\":\"Consultoria e servi\u00e7os para embalagens, r\u00f3tulos, etiquetas e processos de impress\u00e3o\",\"publisher\":{\"@id\":\"https:\/\/projetopack.com.br\/#organization\"},\"potentialAction\":[{\"@type\":\"SearchAction\",\"target\":{\"@type\":\"EntryPoint\",\"urlTemplate\":\"https:\/\/projetopack.com.br\/?s={search_term_string}\"},\"query-input\":{\"@type\":\"PropertyValueSpecification\",\"valueRequired\":true,\"valueName\":\"search_term_string\"}}],\"inLanguage\":\"en-US\"},{\"@type\":\"Organization\",\"@id\":\"https:\/\/projetopack.com.br\/#organization\",\"name\":\"ProjetoPack & Associados\",\"url\":\"https:\/\/projetopack.com.br\/\",\"logo\":{\"@type\":\"ImageObject\",\"inLanguage\":\"en-US\",\"@id\":\"https:\/\/projetopack.com.br\/#\/schema\/logo\/image\/\",\"url\":\"https:\/\/projetopack.com.br\/wp-content\/uploads\/2020\/09\/projetopack.png\",\"contentUrl\":\"https:\/\/projetopack.com.br\/wp-content\/uploads\/2020\/09\/projetopack.png\",\"width\":200,\"height\":200,\"caption\":\"ProjetoPack & Associados\"},\"image\":{\"@id\":\"https:\/\/projetopack.com.br\/#\/schema\/logo\/image\/\"},\"sameAs\":[\"https:\/\/x.com\/ProjetoPack\",\"https:\/\/www.linkedin.com\/company\/projetopack\/\"]},{\"@type\":\"Person\",\"@id\":\"https:\/\/projetopack.com.br\/#\/schema\/person\/85a2e510ed8149327b545eabf95ee7ab\",\"name\":\"Projeto Pack Consultoria e Treinamento\",\"image\":{\"@type\":\"ImageObject\",\"inLanguage\":\"en-US\",\"@id\":\"https:\/\/projetopack.com.br\/#\/schema\/person\/image\/\",\"url\":\"https:\/\/projetopack.com.br\/wp-content\/uploads\/2020\/09\/Logo-ProjetoPack-Horizontal-100x100.jpg\",\"contentUrl\":\"https:\/\/projetopack.com.br\/wp-content\/uploads\/2020\/09\/Logo-ProjetoPack-Horizontal-100x100.jpg\",\"caption\":\"Projeto Pack Consultoria e Treinamento\"},\"url\":\"https:\/\/projetopack.com.br\/en\/author\/projetopack\/\"}]}<\/script>\n<!-- \/ Yoast SEO Premium plugin. -->","yoast_head_json":{"title":"Omo anuncia sua primeira embalagem de papel - ProjetoPack","description":"Investida faz parte de audacioso plano ESG da Unilever, que visa reduzir a fabrica\u00e7\u00e3o de pl\u00e1sticos novos em 50%.","robots":{"index":"index","follow":"follow","max-snippet":"max-snippet:-1","max-image-preview":"max-image-preview:large","max-video-preview":"max-video-preview:-1"},"canonical":"https:\/\/projetopack.com.br\/en\/omo-anuncia-sua-primeira-embalagem-de-papel\/","og_locale":"en_US","og_type":"article","og_title":"Omo anuncia sua primeira embalagem de papel","og_description":"Investida faz parte de audacioso plano ESG da Unilever, que visa reduzir a fabrica\u00e7\u00e3o de pl\u00e1sticos novos em 50%.","og_url":"https:\/\/projetopack.com.br\/en\/omo-anuncia-sua-primeira-embalagem-de-papel\/","og_site_name":"ProjetoPack","article_published_time":"2021-06-23T16:49:51+00:00","article_modified_time":"2026-03-16T19:57:37+00:00","og_image":[{"width":720,"height":720,"url":"https:\/\/projetopack.com.br\/wp-content\/uploads\/2021\/06\/omo-embalagem-papel-1-720x720-1.jpg","type":"image\/jpeg"}],"author":"Projeto Pack Consultoria e Treinamento","twitter_card":"summary_large_image","twitter_creator":"@ProjetoPack","twitter_site":"@ProjetoPack","twitter_misc":{"Written by":"Projeto Pack Consultoria e Treinamento","Est. reading time":"4 minutes"},"schema":{"@context":"https:\/\/schema.org","@graph":[{"@type":"Article","@id":"https:\/\/projetopack.com.br\/omo-anuncia-sua-primeira-embalagem-de-papel\/#article","isPartOf":{"@id":"https:\/\/projetopack.com.br\/omo-anuncia-sua-primeira-embalagem-de-papel\/"},"author":{"name":"Projeto Pack Consultoria e Treinamento","@id":"https:\/\/projetopack.com.br\/#\/schema\/person\/85a2e510ed8149327b545eabf95ee7ab"},"headline":"Omo anuncia sua primeira embalagem de papel","datePublished":"2021-06-23T16:49:51+00:00","dateModified":"2026-03-16T19:57:37+00:00","mainEntityOfPage":{"@id":"https:\/\/projetopack.com.br\/omo-anuncia-sua-primeira-embalagem-de-papel\/"},"wordCount":792,"commentCount":0,"publisher":{"@id":"https:\/\/projetopack.com.br\/#organization"},"image":{"@id":"https:\/\/projetopack.com.br\/omo-anuncia-sua-primeira-embalagem-de-papel\/#primaryimage"},"thumbnailUrl":"https:\/\/projetopack.com.br\/wp-content\/uploads\/2021\/06\/omo-embalagem-papel-1-720x720-1.jpg","articleSection":["Lan\u00e7amentos"],"inLanguage":"en-US","potentialAction":[{"@type":"CommentAction","name":"Comment","target":["https:\/\/projetopack.com.br\/omo-anuncia-sua-primeira-embalagem-de-papel\/#respond"]}]},{"@type":"WebPage","@id":"https:\/\/projetopack.com.br\/omo-anuncia-sua-primeira-embalagem-de-papel\/","url":"https:\/\/projetopack.com.br\/omo-anuncia-sua-primeira-embalagem-de-papel\/","name":"Omo anuncia sua primeira embalagem de papel - ProjetoPack","isPartOf":{"@id":"https:\/\/projetopack.com.br\/#website"},"primaryImageOfPage":{"@id":"https:\/\/projetopack.com.br\/omo-anuncia-sua-primeira-embalagem-de-papel\/#primaryimage"},"image":{"@id":"https:\/\/projetopack.com.br\/omo-anuncia-sua-primeira-embalagem-de-papel\/#primaryimage"},"thumbnailUrl":"https:\/\/projetopack.com.br\/wp-content\/uploads\/2021\/06\/omo-embalagem-papel-1-720x720-1.jpg","datePublished":"2021-06-23T16:49:51+00:00","dateModified":"2026-03-16T19:57:37+00:00","description":"Investida faz parte de audacioso plano ESG da Unilever, que visa reduzir a fabrica\u00e7\u00e3o de pl\u00e1sticos novos em 50%.","breadcrumb":{"@id":"https:\/\/projetopack.com.br\/omo-anuncia-sua-primeira-embalagem-de-papel\/#breadcrumb"},"inLanguage":"en-US","potentialAction":[{"@type":"ReadAction","target":["https:\/\/projetopack.com.br\/omo-anuncia-sua-primeira-embalagem-de-papel\/"]}]},{"@type":"ImageObject","inLanguage":"en-US","@id":"https:\/\/projetopack.com.br\/omo-anuncia-sua-primeira-embalagem-de-papel\/#primaryimage","url":"https:\/\/projetopack.com.br\/wp-content\/uploads\/2021\/06\/omo-embalagem-papel-1-720x720-1.jpg","contentUrl":"https:\/\/projetopack.com.br\/wp-content\/uploads\/2021\/06\/omo-embalagem-papel-1-720x720-1.jpg","width":720,"height":720},{"@type":"BreadcrumbList","@id":"https:\/\/projetopack.com.br\/omo-anuncia-sua-primeira-embalagem-de-papel\/#breadcrumb","itemListElement":[{"@type":"ListItem","position":1,"name":"P\u00e1gina Inicial","item":"https:\/\/projetopack.com.br\/"},{"@type":"ListItem","position":2,"name":"Lan\u00e7amentos","item":"https:\/\/projetopack.com.br\/category\/lancamentos\/"},{"@type":"ListItem","position":3,"name":"Omo anuncia sua primeira embalagem de papel"}]},{"@type":"WebSite","@id":"https:\/\/projetopack.com.br\/#website","url":"https:\/\/projetopack.com.br\/","name":"ProjetoPack","description":"Consultoria e servi\u00e7os para embalagens, r\u00f3tulos, etiquetas e processos de impress\u00e3o","publisher":{"@id":"https:\/\/projetopack.com.br\/#organization"},"potentialAction":[{"@type":"SearchAction","target":{"@type":"EntryPoint","urlTemplate":"https:\/\/projetopack.com.br\/?s={search_term_string}"},"query-input":{"@type":"PropertyValueSpecification","valueRequired":true,"valueName":"search_term_string"}}],"inLanguage":"en-US"},{"@type":"Organization","@id":"https:\/\/projetopack.com.br\/#organization","name":"ProjetoPack & Associados","url":"https:\/\/projetopack.com.br\/","logo":{"@type":"ImageObject","inLanguage":"en-US","@id":"https:\/\/projetopack.com.br\/#\/schema\/logo\/image\/","url":"https:\/\/projetopack.com.br\/wp-content\/uploads\/2020\/09\/projetopack.png","contentUrl":"https:\/\/projetopack.com.br\/wp-content\/uploads\/2020\/09\/projetopack.png","width":200,"height":200,"caption":"ProjetoPack & Associados"},"image":{"@id":"https:\/\/projetopack.com.br\/#\/schema\/logo\/image\/"},"sameAs":["https:\/\/x.com\/ProjetoPack","https:\/\/www.linkedin.com\/company\/projetopack\/"]},{"@type":"Person","@id":"https:\/\/projetopack.com.br\/#\/schema\/person\/85a2e510ed8149327b545eabf95ee7ab","name":"Projeto Pack Consultoria e Treinamento","image":{"@type":"ImageObject","inLanguage":"en-US","@id":"https:\/\/projetopack.com.br\/#\/schema\/person\/image\/","url":"https:\/\/projetopack.com.br\/wp-content\/uploads\/2020\/09\/Logo-ProjetoPack-Horizontal-100x100.jpg","contentUrl":"https:\/\/projetopack.com.br\/wp-content\/uploads\/2020\/09\/Logo-ProjetoPack-Horizontal-100x100.jpg","caption":"Projeto Pack Consultoria e Treinamento"},"url":"https:\/\/projetopack.com.br\/en\/author\/projetopack\/"}]}},"_links":{"self":[{"href":"https:\/\/projetopack.com.br\/en\/wp-json\/wp\/v2\/posts\/12285","targetHints":{"allow":["GET"]}}],"collection":[{"href":"https:\/\/projetopack.com.br\/en\/wp-json\/wp\/v2\/posts"}],"about":[{"href":"https:\/\/projetopack.com.br\/en\/wp-json\/wp\/v2\/types\/post"}],"author":[{"embeddable":true,"href":"https:\/\/projetopack.com.br\/en\/wp-json\/wp\/v2\/users\/485"}],"replies":[{"embeddable":true,"href":"https:\/\/projetopack.com.br\/en\/wp-json\/wp\/v2\/comments?post=12285"}],"version-history":[{"count":0,"href":"https:\/\/projetopack.com.br\/en\/wp-json\/wp\/v2\/posts\/12285\/revisions"}],"wp:featuredmedia":[{"embeddable":true,"href":"https:\/\/projetopack.com.br\/en\/wp-json\/wp\/v2\/media\/12449"}],"wp:attachment":[{"href":"https:\/\/projetopack.com.br\/en\/wp-json\/wp\/v2\/media?parent=12285"}],"wp:term":[{"taxonomy":"category","embeddable":true,"href":"https:\/\/projetopack.com.br\/en\/wp-json\/wp\/v2\/categories?post=12285"},{"taxonomy":"post_tag","embeddable":true,"href":"https:\/\/projetopack.com.br\/en\/wp-json\/wp\/v2\/tags?post=12285"}],"curies":[{"name":"wp","href":"https:\/\/api.w.org\/{rel}","templated":true}]}}