{"id":12521,"date":"2021-07-07T13:55:47","date_gmt":"2021-07-07T16:55:47","guid":{"rendered":"https:\/\/www.projetopack.com.br\/?p=12521"},"modified":"2026-03-16T16:57:36","modified_gmt":"2026-03-16T19:57:36","slug":"periodo-agitado-de-fusoes-e-aquisicoes-a-industria-de-embalagens-e-rotulos-global","status":"publish","type":"post","link":"https:\/\/projetopack.com.br\/en\/periodo-agitado-de-fusoes-e-aquisicoes-a-industria-de-embalagens-e-rotulos-global\/","title":{"rendered":"Per\u00edodo agitado de fus\u00f5es e aquisi\u00e7\u00f5es \u00e0 ind\u00fastria de embalagens e r\u00f3tulos global"},"content":{"rendered":"<p>Em meados de maio do ano passado, o private equity austr\u00edaco B&amp;C adquiriu 80% das a\u00e7\u00f5es na <a href=\"https:\/\/www.schurflexibles.com\/\" target=\"_blank\" rel=\"noreferrer noopener\">Schur Flexibles<\/a> (em posse da firma de investimentos <a href=\"https:\/\/www.lindsaygoldbergllc.com\/\" target=\"_blank\" rel=\"noreferrer noopener\">Lindsay Goldberg<\/a>), um convertedor bastante conhecido por suas solu\u00e7\u00f5es de embalagens flex\u00edveis de alta barreira &#8211; pela bagatela de USD 1,09 bilh\u00e3o.<\/p>\n\n\n\n<blockquote class=\"wp-block-quote is-layout-flow wp-block-quote-is-layout-flow\"><p>A Lindsay Goldberg, que investiu na Schur em 2016, viu a receita de vendas aumentar mais de 50% para os \u20ac540m ($659m) no \u00faltimo ano. O EBITDA praticamente triplicou.<\/p><\/blockquote>\n\n\n\n<p>Em termos de infraestrutura, a Schur saiu de uma for\u00e7a de trabalho na ordem de 1200 colaboradores para mais de 2100, distribu\u00eddos em 22 sites ao redor da Europa. A Lindsay Goldberg permaneceu co-propriet\u00e1ria da Schur, com 20% das cotas.<\/p>\n\n\n\n<h3 class=\"wp-block-heading\" id=\"h-na-ltima-semana-a-schur-anunciou-a-aquisi-o-da-termoplast-s-r-l-convertedora-italiana-especializada-em-filmes-recicl-veis-e-um-dos-pioneiros-na-europa-a-oferecer-solu-es-100-recicl-veis-com-pe-mdo\">Na \u00faltima semana, a Schur anunciou a aquisi\u00e7\u00e3o da <a href=\"http:\/\/www.termoplast.it\/en\/\" target=\"_blank\" rel=\"noreferrer noopener\">Termoplast S.r.L.<\/a>, convertedora italiana especializada em filmes recicl\u00e1veis e um dos pioneiros na Europa a oferecer solu\u00e7\u00f5es 100% recicl\u00e1veis com PE MDO.<\/h3>\n\n\n\n<p>Com aproximadamente 100 colaboradores, o neg\u00f3cio familiar, agora gerido pela segunda e terceira gera\u00e7\u00f5es, reportou uma receita ao redor de \u20ac 50 milh\u00f5es em 2020, com uma produ\u00e7\u00e3o m\u00e9dia de 28 mil toneladas de embalagem ao ano. O valor da transa\u00e7\u00e3o n\u00e3o foi revelado.<\/p>\n\n\n\n<figure class=\"wp-block-image\"><img decoding=\"async\" src=\"https:\/\/media-exp3.licdn.com\/dms\/image\/C4E12AQEg07jzkNmVZQ\/article-inline_image-shrink_1000_1488\/0\/1625672787447?e=1631145600&amp;v=beta&amp;t=oOfHleyL9RwBn6Pkg5-HFuLGzgoi6ezxeU_PLhF4Er8\" alt=\"N\u00e3o foi fornecido texto alternativo para esta imagem\"\/><\/figure>\n\n\n\n<p>Caminhando para seu primeiro bilh\u00e3o de d\u00f3lares em receita anual de vendas, a convertedora norteamericana <a href=\"https:\/\/www.proampac.com\/en-us\/\" target=\"_blank\" rel=\"noreferrer noopener\">ProAmpac<\/a> anunciou a aquisi\u00e7\u00e3o da <a href=\"https:\/\/ultimate-packaging.co.uk\/about-us\/\" target=\"_blank\" rel=\"noreferrer noopener\">Ultimate Packaging<\/a>, pioneira na oferta de embalagens flex\u00edveis impressas tanto em flexografia quanto em digital no Reino Unido.<\/p>\n\n\n\n<p>Os termos da transa\u00e7\u00e3o n\u00e3o foram revelados. Todavia, \u00e9 sabido que a Ultimate Packaging \u00e9 atualmente uma das maiores convertedoras de flex\u00edveis de todo o Reino Unido, com grande vi\u00e9s em inova\u00e7\u00e3o. A ProAmpac \u00e9 propriedade da <a href=\"https:\/\/www.pritzkergroup.com\/\" target=\"_blank\" rel=\"noreferrer noopener\">Pritzker Capital<\/a>, em conjunto com outros investidores.<\/p>\n\n\n\n<h3 class=\"wp-block-heading\" id=\"h-a-adi-o-da-ultimate-packaging-a-quarta-aquisi-o-do-grupo-somente-em-2021-amplia-o-alcance-da-companhia-para-44-sites-globalmente-e-mais-de-5800-colaboradores-atendendo-a-uma-carteira-de-mais-de-5-mil-clientes-ativos-distribu-dos-em-90-pa-ses\">A adi\u00e7\u00e3o da Ultimate Packaging, a quarta aquisi\u00e7\u00e3o do grupo somente em 2021, amplia o alcance da companhia para 44 sites globalmente e mais de 5800 colaboradores, atendendo a uma carteira de mais de 5 mil clientes ativos distribu\u00eddos em 90 pa\u00edses.<\/h3>\n\n\n\n<p>Setores adjacentes \u00e0 convers\u00e3o e impress\u00e3o tamb\u00e9m acusaram apetite nas \u00faltimas semanas.<\/p>\n\n\n\n<p>A <a href=\"https:\/\/www.sunchemical.com\/\" target=\"_blank\" rel=\"noreferrer noopener\">SunChemical<\/a> e o grupo <a href=\"https:\/\/www.dic-global.com\/en\/\" target=\"_blank\" rel=\"noreferrer noopener\">DIC<\/a> conclu\u00edram a aquisi\u00e7\u00e3o do neg\u00f3cio de pigmentos da <a href=\"https:\/\/www.basf.com\/global\/en\/products\/plastics-rubber\/fairs\/BASFatK2016\/must_sees\/Innovative-products-of-BASF-Colors---Effects.html\" target=\"_blank\" rel=\"noreferrer noopener\">BASF<\/a>, uma unidade chamada de BCE (BASF Colors &amp; Effects).<\/p>\n\n\n\n<blockquote class=\"wp-block-quote is-layout-flow wp-block-quote-is-layout-flow\"><p>Com a unidade, espera-se um incremento nas vendas (especialmente em fun\u00e7\u00e3o da amplia\u00e7\u00e3o do portf\u00f3lio e sinergias comerciais) ao redor de 1 trilh\u00e3o de ienes (aproximadamente \u20ac8 bilh\u00f5es) at\u00e9 2025.<\/p><\/blockquote>\n\n\n\n<p>A italiana <a href=\"https:\/\/www.fedrigoni.pt\/\" target=\"_blank\" rel=\"noreferrer noopener\">Fedrigoni<\/a> completou a aquisi\u00e7\u00e3o da norteamericana <a href=\"http:\/\/www.acucote.com\/\" target=\"_blank\" rel=\"noreferrer noopener\">Acucote<\/a>, fabricante de material autoadesivo para r\u00f3tulos e etiquetas. \u00c9 a terceira aquisi\u00e7\u00e3o da empresa em 18 meses, considerando a compra da <a href=\"https:\/\/fedrigoni.com\/en\/press-release\/fedrigoni-completes-the-acquisition-of-ritrama\/\" target=\"_blank\" rel=\"noreferrer noopener\">Ritrama<\/a> e da <a href=\"https:\/\/fedrigoni.com\/en\/news\/fedrigoni-si-espande-allestero-conclusa-lacquisizione-della-messicana-industrial-papeleria-venus\/\" target=\"_blank\" rel=\"noreferrer noopener\">Industria Papelera Venus<\/a>, no M\u00e9xico (a Acucote auferiu receita anual de vendas na ordem de USD 70 milh\u00f5es em 2020).<\/p>\n\n\n\n<p>No mundo dos r\u00f3tulos e etiquetas, a <a href=\"https:\/\/www.mcclabel.com\/en\" target=\"_blank\" rel=\"noreferrer noopener\">MCC<\/a> adquiriu a totalidade das cotas da <a href=\"https:\/\/www.hexagonholdings.nz\/\" target=\"_blank\" rel=\"noreferrer noopener\">Hexagon Holdings<\/a>, que inclui as opera\u00e7\u00f5es Hally Labels, Label Partners, Adhesif Labels, Hally Labels, Kiwi Labels and Rapid Labels (todas na Austr\u00e1lia e Nova Zel\u00e2ndia).<\/p>\n\n\n\n<figure class=\"wp-block-image\"><img decoding=\"async\" src=\"https:\/\/media-exp3.licdn.com\/dms\/image\/C4E12AQHSWnfXBLf2AQ\/article-inline_image-shrink_1000_1488\/0\/1625673975442?e=1631145600&amp;v=beta&amp;t=Lno1C_o3LMjIrl4golOwbsYNJz_6YxSDkFhUyKSU3Go\" alt=\"N\u00e3o foi fornecido texto alternativo para esta imagem\"\/><\/figure>\n\n\n\n<p>Espera-se que a segunda metade do ano seja ainda mais ativa, com um n\u00famero crescente de deals no chamado &#8220;middle market&#8221;. Com a incerteza do mercado financeiro, a busca pela economia real e o excesso de liquidez, \u00e9 natural que haja essa intensifica\u00e7\u00e3o e o setor gr\u00e1fico &#8211; prioritariamente embalagens e r\u00f3tulos &#8211; \u00e9 uma tese robusta, tanto para investidores estrat\u00e9gicos quanto n\u00e3o-estrat\u00e9gicos.<\/p>\n\n\n\n<p>Aguardemos pelas cenas dos pr\u00f3ximos cap\u00edtulos.<\/p>\n\n\n\n<p><strong>Leia mais em nosso blog:<\/strong><br><a href=\"https:\/\/projetopack.com.br\/gualapack-adquire-participacao-majoritaria-da-easy-snap-technology\/\" target=\"_blank\" rel=\"noreferrer noopener\">Gualapack adquire participa\u00e7\u00e3o majorit\u00e1ria na Easy Snap<\/a><\/p>","protected":false},"excerpt":{"rendered":"<p>Espera-se que a segunda metade do ano seja ainda mais ativa, com um n\u00famero crescente de deals no chamado &#8220;middle market&#8221;.<\/p>","protected":false},"author":485,"featured_media":12522,"comment_status":"open","ping_status":"closed","sticky":true,"template":"","format":"standard","meta":{"footnotes":""},"categories":[782],"tags":[135,320,45,684,853,38,855,851,850,852,854],"class_list":["post-12521","post","type-post","status-publish","format-standard","has-post-thumbnail","hentry","category-fusoes-e-aquisicoes","tag-embalagem","tag-embalagens","tag-embalagens-flexiveis","tag-embalagens-sustentaveis","tag-fedrigoni","tag-fusoes-e-aquisicoes","tag-mcc-label","tag-proampac","tag-schur-flexibles","tag-sunchemical","tag-ultimate-packaging"],"yoast_head":"<!-- This site is optimized with the Yoast SEO Premium plugin v27.1 (Yoast SEO v27.1.1) - https:\/\/yoast.com\/product\/yoast-seo-premium-wordpress\/ -->\n<title>Per\u00edodo agitado de fus\u00f5es e aquisi\u00e7\u00f5es \u00e0 ind\u00fastria de embalagens e r\u00f3tulos global - ProjetoPack<\/title>\n<meta name=\"description\" content=\"Na \u00faltima semana, a Schur anunciou a aquisi\u00e7\u00e3o da Termoplast S.r.L., convertedora italiana especializada em filmes recicl\u00e1veis.\" \/>\n<meta name=\"robots\" content=\"index, follow, max-snippet:-1, max-image-preview:large, max-video-preview:-1\" \/>\n<link rel=\"canonical\" href=\"https:\/\/projetopack.com.br\/en\/periodo-agitado-de-fusoes-e-aquisicoes-a-industria-de-embalagens-e-rotulos-global\/\" \/>\n<meta property=\"og:locale\" content=\"en_US\" \/>\n<meta property=\"og:type\" content=\"article\" \/>\n<meta property=\"og:title\" content=\"Per\u00edodo agitado de fus\u00f5es e aquisi\u00e7\u00f5es \u00e0 ind\u00fastria de embalagens e r\u00f3tulos global\" \/>\n<meta property=\"og:description\" content=\"Na \u00faltima semana, a Schur anunciou a aquisi\u00e7\u00e3o da Termoplast S.r.L., convertedora italiana especializada em filmes recicl\u00e1veis.\" \/>\n<meta property=\"og:url\" content=\"https:\/\/projetopack.com.br\/en\/periodo-agitado-de-fusoes-e-aquisicoes-a-industria-de-embalagens-e-rotulos-global\/\" \/>\n<meta property=\"og:site_name\" content=\"ProjetoPack\" \/>\n<meta property=\"article:published_time\" content=\"2021-07-07T16:55:47+00:00\" \/>\n<meta property=\"article:modified_time\" content=\"2026-03-16T19:57:36+00:00\" \/>\n<meta property=\"og:image\" content=\"https:\/\/projetopack.com.br\/wp-content\/uploads\/2021\/07\/4b3c343e2845dbefbc41bebab8e5c1e6.jpg\" \/>\n\t<meta property=\"og:image:width\" content=\"1100\" \/>\n\t<meta property=\"og:image:height\" content=\"733\" \/>\n\t<meta property=\"og:image:type\" content=\"image\/jpeg\" \/>\n<meta name=\"author\" content=\"Projeto Pack Consultoria e Treinamento\" \/>\n<meta name=\"twitter:card\" content=\"summary_large_image\" \/>\n<meta name=\"twitter:creator\" content=\"@ProjetoPack\" \/>\n<meta name=\"twitter:site\" content=\"@ProjetoPack\" \/>\n<meta name=\"twitter:label1\" content=\"Written by\" \/>\n\t<meta name=\"twitter:data1\" content=\"Projeto Pack Consultoria e Treinamento\" \/>\n\t<meta name=\"twitter:label2\" content=\"Est. reading time\" \/>\n\t<meta name=\"twitter:data2\" content=\"3 minutes\" \/>\n<script type=\"application\/ld+json\" class=\"yoast-schema-graph\">{\"@context\":\"https:\/\/schema.org\",\"@graph\":[{\"@type\":\"Article\",\"@id\":\"https:\/\/projetopack.com.br\/periodo-agitado-de-fusoes-e-aquisicoes-a-industria-de-embalagens-e-rotulos-global\/#article\",\"isPartOf\":{\"@id\":\"https:\/\/projetopack.com.br\/periodo-agitado-de-fusoes-e-aquisicoes-a-industria-de-embalagens-e-rotulos-global\/\"},\"author\":{\"name\":\"Projeto Pack Consultoria e Treinamento\",\"@id\":\"https:\/\/projetopack.com.br\/#\/schema\/person\/85a2e510ed8149327b545eabf95ee7ab\"},\"headline\":\"Per\u00edodo agitado de fus\u00f5es e aquisi\u00e7\u00f5es \u00e0 ind\u00fastria de embalagens e r\u00f3tulos global\",\"datePublished\":\"2021-07-07T16:55:47+00:00\",\"dateModified\":\"2026-03-16T19:57:36+00:00\",\"mainEntityOfPage\":{\"@id\":\"https:\/\/projetopack.com.br\/periodo-agitado-de-fusoes-e-aquisicoes-a-industria-de-embalagens-e-rotulos-global\/\"},\"wordCount\":606,\"commentCount\":0,\"publisher\":{\"@id\":\"https:\/\/projetopack.com.br\/#organization\"},\"image\":{\"@id\":\"https:\/\/projetopack.com.br\/periodo-agitado-de-fusoes-e-aquisicoes-a-industria-de-embalagens-e-rotulos-global\/#primaryimage\"},\"thumbnailUrl\":\"https:\/\/projetopack.com.br\/wp-content\/uploads\/2021\/07\/4b3c343e2845dbefbc41bebab8e5c1e6.jpg\",\"keywords\":[\"Embalagem\",\"embalagens\",\"Embalagens flex\u00edveis\",\"embalagens sustent\u00e1veis\",\"fedrigoni\",\"Fus\u00f5es e Aquisi\u00e7\u00f5es\",\"mcc label\",\"proampac\",\"schur flexibles\",\"sunchemical\",\"ultimate packaging\"],\"articleSection\":[\"Fus\u00f5es e aquisi\u00e7\u00f5es\"],\"inLanguage\":\"en-US\",\"potentialAction\":[{\"@type\":\"CommentAction\",\"name\":\"Comment\",\"target\":[\"https:\/\/projetopack.com.br\/periodo-agitado-de-fusoes-e-aquisicoes-a-industria-de-embalagens-e-rotulos-global\/#respond\"]}]},{\"@type\":\"WebPage\",\"@id\":\"https:\/\/projetopack.com.br\/periodo-agitado-de-fusoes-e-aquisicoes-a-industria-de-embalagens-e-rotulos-global\/\",\"url\":\"https:\/\/projetopack.com.br\/periodo-agitado-de-fusoes-e-aquisicoes-a-industria-de-embalagens-e-rotulos-global\/\",\"name\":\"Per\u00edodo agitado de fus\u00f5es e aquisi\u00e7\u00f5es \u00e0 ind\u00fastria de embalagens e r\u00f3tulos global - ProjetoPack\",\"isPartOf\":{\"@id\":\"https:\/\/projetopack.com.br\/#website\"},\"primaryImageOfPage\":{\"@id\":\"https:\/\/projetopack.com.br\/periodo-agitado-de-fusoes-e-aquisicoes-a-industria-de-embalagens-e-rotulos-global\/#primaryimage\"},\"image\":{\"@id\":\"https:\/\/projetopack.com.br\/periodo-agitado-de-fusoes-e-aquisicoes-a-industria-de-embalagens-e-rotulos-global\/#primaryimage\"},\"thumbnailUrl\":\"https:\/\/projetopack.com.br\/wp-content\/uploads\/2021\/07\/4b3c343e2845dbefbc41bebab8e5c1e6.jpg\",\"datePublished\":\"2021-07-07T16:55:47+00:00\",\"dateModified\":\"2026-03-16T19:57:36+00:00\",\"description\":\"Na \u00faltima semana, a Schur anunciou a aquisi\u00e7\u00e3o da Termoplast S.r.L., convertedora italiana especializada em filmes recicl\u00e1veis.\",\"breadcrumb\":{\"@id\":\"https:\/\/projetopack.com.br\/periodo-agitado-de-fusoes-e-aquisicoes-a-industria-de-embalagens-e-rotulos-global\/#breadcrumb\"},\"inLanguage\":\"en-US\",\"potentialAction\":[{\"@type\":\"ReadAction\",\"target\":[\"https:\/\/projetopack.com.br\/periodo-agitado-de-fusoes-e-aquisicoes-a-industria-de-embalagens-e-rotulos-global\/\"]}]},{\"@type\":\"ImageObject\",\"inLanguage\":\"en-US\",\"@id\":\"https:\/\/projetopack.com.br\/periodo-agitado-de-fusoes-e-aquisicoes-a-industria-de-embalagens-e-rotulos-global\/#primaryimage\",\"url\":\"https:\/\/projetopack.com.br\/wp-content\/uploads\/2021\/07\/4b3c343e2845dbefbc41bebab8e5c1e6.jpg\",\"contentUrl\":\"https:\/\/projetopack.com.br\/wp-content\/uploads\/2021\/07\/4b3c343e2845dbefbc41bebab8e5c1e6.jpg\",\"width\":1100,\"height\":733,\"caption\":\"aperto de m\u00e3o\"},{\"@type\":\"BreadcrumbList\",\"@id\":\"https:\/\/projetopack.com.br\/periodo-agitado-de-fusoes-e-aquisicoes-a-industria-de-embalagens-e-rotulos-global\/#breadcrumb\",\"itemListElement\":[{\"@type\":\"ListItem\",\"position\":1,\"name\":\"P\u00e1gina Inicial\",\"item\":\"https:\/\/projetopack.com.br\/\"},{\"@type\":\"ListItem\",\"position\":2,\"name\":\"Fus\u00f5es e aquisi\u00e7\u00f5es\",\"item\":\"https:\/\/projetopack.com.br\/en\/category\/fusoes-e-aquisicoes\/\"},{\"@type\":\"ListItem\",\"position\":3,\"name\":\"Per\u00edodo agitado de fus\u00f5es e aquisi\u00e7\u00f5es \u00e0 ind\u00fastria de embalagens e r\u00f3tulos global\"}]},{\"@type\":\"WebSite\",\"@id\":\"https:\/\/projetopack.com.br\/#website\",\"url\":\"https:\/\/projetopack.com.br\/\",\"name\":\"ProjetoPack\",\"description\":\"Consultoria e servi\u00e7os para embalagens, r\u00f3tulos, etiquetas e processos de impress\u00e3o\",\"publisher\":{\"@id\":\"https:\/\/projetopack.com.br\/#organization\"},\"potentialAction\":[{\"@type\":\"SearchAction\",\"target\":{\"@type\":\"EntryPoint\",\"urlTemplate\":\"https:\/\/projetopack.com.br\/?s={search_term_string}\"},\"query-input\":{\"@type\":\"PropertyValueSpecification\",\"valueRequired\":true,\"valueName\":\"search_term_string\"}}],\"inLanguage\":\"en-US\"},{\"@type\":\"Organization\",\"@id\":\"https:\/\/projetopack.com.br\/#organization\",\"name\":\"ProjetoPack & Associados\",\"url\":\"https:\/\/projetopack.com.br\/\",\"logo\":{\"@type\":\"ImageObject\",\"inLanguage\":\"en-US\",\"@id\":\"https:\/\/projetopack.com.br\/#\/schema\/logo\/image\/\",\"url\":\"https:\/\/projetopack.com.br\/wp-content\/uploads\/2020\/09\/projetopack.png\",\"contentUrl\":\"https:\/\/projetopack.com.br\/wp-content\/uploads\/2020\/09\/projetopack.png\",\"width\":200,\"height\":200,\"caption\":\"ProjetoPack & Associados\"},\"image\":{\"@id\":\"https:\/\/projetopack.com.br\/#\/schema\/logo\/image\/\"},\"sameAs\":[\"https:\/\/x.com\/ProjetoPack\",\"https:\/\/www.linkedin.com\/company\/projetopack\/\"]},{\"@type\":\"Person\",\"@id\":\"https:\/\/projetopack.com.br\/#\/schema\/person\/85a2e510ed8149327b545eabf95ee7ab\",\"name\":\"Projeto Pack Consultoria e Treinamento\",\"image\":{\"@type\":\"ImageObject\",\"inLanguage\":\"en-US\",\"@id\":\"https:\/\/projetopack.com.br\/#\/schema\/person\/image\/\",\"url\":\"https:\/\/projetopack.com.br\/wp-content\/uploads\/2020\/09\/Logo-ProjetoPack-Horizontal-100x100.jpg\",\"contentUrl\":\"https:\/\/projetopack.com.br\/wp-content\/uploads\/2020\/09\/Logo-ProjetoPack-Horizontal-100x100.jpg\",\"caption\":\"Projeto Pack Consultoria e Treinamento\"},\"url\":\"https:\/\/projetopack.com.br\/en\/author\/projetopack\/\"}]}<\/script>\n<!-- \/ Yoast SEO Premium plugin. -->","yoast_head_json":{"title":"Per\u00edodo agitado de fus\u00f5es e aquisi\u00e7\u00f5es \u00e0 ind\u00fastria de embalagens e r\u00f3tulos global - ProjetoPack","description":"Na \u00faltima semana, a Schur anunciou a aquisi\u00e7\u00e3o da Termoplast S.r.L., convertedora italiana especializada em filmes recicl\u00e1veis.","robots":{"index":"index","follow":"follow","max-snippet":"max-snippet:-1","max-image-preview":"max-image-preview:large","max-video-preview":"max-video-preview:-1"},"canonical":"https:\/\/projetopack.com.br\/en\/periodo-agitado-de-fusoes-e-aquisicoes-a-industria-de-embalagens-e-rotulos-global\/","og_locale":"en_US","og_type":"article","og_title":"Per\u00edodo agitado de fus\u00f5es e aquisi\u00e7\u00f5es \u00e0 ind\u00fastria de embalagens e r\u00f3tulos global","og_description":"Na \u00faltima semana, a Schur anunciou a aquisi\u00e7\u00e3o da Termoplast S.r.L., convertedora italiana especializada em filmes recicl\u00e1veis.","og_url":"https:\/\/projetopack.com.br\/en\/periodo-agitado-de-fusoes-e-aquisicoes-a-industria-de-embalagens-e-rotulos-global\/","og_site_name":"ProjetoPack","article_published_time":"2021-07-07T16:55:47+00:00","article_modified_time":"2026-03-16T19:57:36+00:00","og_image":[{"width":1100,"height":733,"url":"https:\/\/projetopack.com.br\/wp-content\/uploads\/2021\/07\/4b3c343e2845dbefbc41bebab8e5c1e6.jpg","type":"image\/jpeg"}],"author":"Projeto Pack Consultoria e Treinamento","twitter_card":"summary_large_image","twitter_creator":"@ProjetoPack","twitter_site":"@ProjetoPack","twitter_misc":{"Written by":"Projeto Pack Consultoria e Treinamento","Est. reading time":"3 minutes"},"schema":{"@context":"https:\/\/schema.org","@graph":[{"@type":"Article","@id":"https:\/\/projetopack.com.br\/periodo-agitado-de-fusoes-e-aquisicoes-a-industria-de-embalagens-e-rotulos-global\/#article","isPartOf":{"@id":"https:\/\/projetopack.com.br\/periodo-agitado-de-fusoes-e-aquisicoes-a-industria-de-embalagens-e-rotulos-global\/"},"author":{"name":"Projeto Pack Consultoria e Treinamento","@id":"https:\/\/projetopack.com.br\/#\/schema\/person\/85a2e510ed8149327b545eabf95ee7ab"},"headline":"Per\u00edodo agitado de fus\u00f5es e aquisi\u00e7\u00f5es \u00e0 ind\u00fastria de embalagens e r\u00f3tulos global","datePublished":"2021-07-07T16:55:47+00:00","dateModified":"2026-03-16T19:57:36+00:00","mainEntityOfPage":{"@id":"https:\/\/projetopack.com.br\/periodo-agitado-de-fusoes-e-aquisicoes-a-industria-de-embalagens-e-rotulos-global\/"},"wordCount":606,"commentCount":0,"publisher":{"@id":"https:\/\/projetopack.com.br\/#organization"},"image":{"@id":"https:\/\/projetopack.com.br\/periodo-agitado-de-fusoes-e-aquisicoes-a-industria-de-embalagens-e-rotulos-global\/#primaryimage"},"thumbnailUrl":"https:\/\/projetopack.com.br\/wp-content\/uploads\/2021\/07\/4b3c343e2845dbefbc41bebab8e5c1e6.jpg","keywords":["Embalagem","embalagens","Embalagens flex\u00edveis","embalagens sustent\u00e1veis","fedrigoni","Fus\u00f5es e Aquisi\u00e7\u00f5es","mcc label","proampac","schur flexibles","sunchemical","ultimate packaging"],"articleSection":["Fus\u00f5es e aquisi\u00e7\u00f5es"],"inLanguage":"en-US","potentialAction":[{"@type":"CommentAction","name":"Comment","target":["https:\/\/projetopack.com.br\/periodo-agitado-de-fusoes-e-aquisicoes-a-industria-de-embalagens-e-rotulos-global\/#respond"]}]},{"@type":"WebPage","@id":"https:\/\/projetopack.com.br\/periodo-agitado-de-fusoes-e-aquisicoes-a-industria-de-embalagens-e-rotulos-global\/","url":"https:\/\/projetopack.com.br\/periodo-agitado-de-fusoes-e-aquisicoes-a-industria-de-embalagens-e-rotulos-global\/","name":"Per\u00edodo agitado de fus\u00f5es e aquisi\u00e7\u00f5es \u00e0 ind\u00fastria de embalagens e r\u00f3tulos global - ProjetoPack","isPartOf":{"@id":"https:\/\/projetopack.com.br\/#website"},"primaryImageOfPage":{"@id":"https:\/\/projetopack.com.br\/periodo-agitado-de-fusoes-e-aquisicoes-a-industria-de-embalagens-e-rotulos-global\/#primaryimage"},"image":{"@id":"https:\/\/projetopack.com.br\/periodo-agitado-de-fusoes-e-aquisicoes-a-industria-de-embalagens-e-rotulos-global\/#primaryimage"},"thumbnailUrl":"https:\/\/projetopack.com.br\/wp-content\/uploads\/2021\/07\/4b3c343e2845dbefbc41bebab8e5c1e6.jpg","datePublished":"2021-07-07T16:55:47+00:00","dateModified":"2026-03-16T19:57:36+00:00","description":"Na \u00faltima semana, a Schur anunciou a aquisi\u00e7\u00e3o da Termoplast S.r.L., convertedora italiana especializada em filmes recicl\u00e1veis.","breadcrumb":{"@id":"https:\/\/projetopack.com.br\/periodo-agitado-de-fusoes-e-aquisicoes-a-industria-de-embalagens-e-rotulos-global\/#breadcrumb"},"inLanguage":"en-US","potentialAction":[{"@type":"ReadAction","target":["https:\/\/projetopack.com.br\/periodo-agitado-de-fusoes-e-aquisicoes-a-industria-de-embalagens-e-rotulos-global\/"]}]},{"@type":"ImageObject","inLanguage":"en-US","@id":"https:\/\/projetopack.com.br\/periodo-agitado-de-fusoes-e-aquisicoes-a-industria-de-embalagens-e-rotulos-global\/#primaryimage","url":"https:\/\/projetopack.com.br\/wp-content\/uploads\/2021\/07\/4b3c343e2845dbefbc41bebab8e5c1e6.jpg","contentUrl":"https:\/\/projetopack.com.br\/wp-content\/uploads\/2021\/07\/4b3c343e2845dbefbc41bebab8e5c1e6.jpg","width":1100,"height":733,"caption":"aperto de m\u00e3o"},{"@type":"BreadcrumbList","@id":"https:\/\/projetopack.com.br\/periodo-agitado-de-fusoes-e-aquisicoes-a-industria-de-embalagens-e-rotulos-global\/#breadcrumb","itemListElement":[{"@type":"ListItem","position":1,"name":"P\u00e1gina Inicial","item":"https:\/\/projetopack.com.br\/"},{"@type":"ListItem","position":2,"name":"Fus\u00f5es e aquisi\u00e7\u00f5es","item":"https:\/\/projetopack.com.br\/en\/category\/fusoes-e-aquisicoes\/"},{"@type":"ListItem","position":3,"name":"Per\u00edodo agitado de fus\u00f5es e aquisi\u00e7\u00f5es \u00e0 ind\u00fastria de embalagens e r\u00f3tulos global"}]},{"@type":"WebSite","@id":"https:\/\/projetopack.com.br\/#website","url":"https:\/\/projetopack.com.br\/","name":"ProjetoPack","description":"Consultoria e servi\u00e7os para embalagens, r\u00f3tulos, etiquetas e processos de impress\u00e3o","publisher":{"@id":"https:\/\/projetopack.com.br\/#organization"},"potentialAction":[{"@type":"SearchAction","target":{"@type":"EntryPoint","urlTemplate":"https:\/\/projetopack.com.br\/?s={search_term_string}"},"query-input":{"@type":"PropertyValueSpecification","valueRequired":true,"valueName":"search_term_string"}}],"inLanguage":"en-US"},{"@type":"Organization","@id":"https:\/\/projetopack.com.br\/#organization","name":"ProjetoPack & Associados","url":"https:\/\/projetopack.com.br\/","logo":{"@type":"ImageObject","inLanguage":"en-US","@id":"https:\/\/projetopack.com.br\/#\/schema\/logo\/image\/","url":"https:\/\/projetopack.com.br\/wp-content\/uploads\/2020\/09\/projetopack.png","contentUrl":"https:\/\/projetopack.com.br\/wp-content\/uploads\/2020\/09\/projetopack.png","width":200,"height":200,"caption":"ProjetoPack & Associados"},"image":{"@id":"https:\/\/projetopack.com.br\/#\/schema\/logo\/image\/"},"sameAs":["https:\/\/x.com\/ProjetoPack","https:\/\/www.linkedin.com\/company\/projetopack\/"]},{"@type":"Person","@id":"https:\/\/projetopack.com.br\/#\/schema\/person\/85a2e510ed8149327b545eabf95ee7ab","name":"Projeto Pack Consultoria e Treinamento","image":{"@type":"ImageObject","inLanguage":"en-US","@id":"https:\/\/projetopack.com.br\/#\/schema\/person\/image\/","url":"https:\/\/projetopack.com.br\/wp-content\/uploads\/2020\/09\/Logo-ProjetoPack-Horizontal-100x100.jpg","contentUrl":"https:\/\/projetopack.com.br\/wp-content\/uploads\/2020\/09\/Logo-ProjetoPack-Horizontal-100x100.jpg","caption":"Projeto Pack Consultoria e Treinamento"},"url":"https:\/\/projetopack.com.br\/en\/author\/projetopack\/"}]}},"_links":{"self":[{"href":"https:\/\/projetopack.com.br\/en\/wp-json\/wp\/v2\/posts\/12521","targetHints":{"allow":["GET"]}}],"collection":[{"href":"https:\/\/projetopack.com.br\/en\/wp-json\/wp\/v2\/posts"}],"about":[{"href":"https:\/\/projetopack.com.br\/en\/wp-json\/wp\/v2\/types\/post"}],"author":[{"embeddable":true,"href":"https:\/\/projetopack.com.br\/en\/wp-json\/wp\/v2\/users\/485"}],"replies":[{"embeddable":true,"href":"https:\/\/projetopack.com.br\/en\/wp-json\/wp\/v2\/comments?post=12521"}],"version-history":[{"count":0,"href":"https:\/\/projetopack.com.br\/en\/wp-json\/wp\/v2\/posts\/12521\/revisions"}],"wp:featuredmedia":[{"embeddable":true,"href":"https:\/\/projetopack.com.br\/en\/wp-json\/wp\/v2\/media\/12522"}],"wp:attachment":[{"href":"https:\/\/projetopack.com.br\/en\/wp-json\/wp\/v2\/media?parent=12521"}],"wp:term":[{"taxonomy":"category","embeddable":true,"href":"https:\/\/projetopack.com.br\/en\/wp-json\/wp\/v2\/categories?post=12521"},{"taxonomy":"post_tag","embeddable":true,"href":"https:\/\/projetopack.com.br\/en\/wp-json\/wp\/v2\/tags?post=12521"}],"curies":[{"name":"wp","href":"https:\/\/api.w.org\/{rel}","templated":true}]}}