{"id":12560,"date":"2021-07-10T17:35:49","date_gmt":"2021-07-10T20:35:49","guid":{"rendered":"https:\/\/www.projetopack.com.br\/?p=12560"},"modified":"2021-07-10T17:45:26","modified_gmt":"2021-07-10T20:45:26","slug":"evento-da-abief-conclui-reciclagem-de-embalagens-flexiveis-e-viavel","status":"publish","type":"post","link":"https:\/\/projetopack.com.br\/en\/evento-da-abief-conclui-reciclagem-de-embalagens-flexiveis-e-viavel\/","title":{"rendered":"Evento da ABIEF conclui: reciclagem de embalagens flex\u00edveis \u00e9 vi\u00e1vel"},"content":{"rendered":"<p>Num Semin\u00e1rio virtual organizado em parceria com a <a href=\"https:\/\/plasticosemrevista.com.br\" target=\"_blank\" rel=\"noreferrer noopener\"><strong>Pl\u00e1sticos em Revista<\/strong><\/a>, a <a href=\"http:\/\/abief.org.br\/home\" target=\"_blank\" rel=\"noreferrer noopener\"><strong>ABIEF<\/strong><\/a><strong> (Associa\u00e7\u00e3o Brasileira da Ind\u00fastria de Embalagens Pl\u00e1sticas Flex\u00edveis)<\/strong>, reuniu importantes players da cadeia de valor para discutir tend\u00eancias, entraves e solu\u00e7\u00f5es para a reciclagem das embalagens pl\u00e1sticas flex\u00edveis. <\/p>\n\n\n\n<p class=\"has-cyan-bluish-gray-background-color has-background\">Todos foram un\u00e2nimes em concluir que a economia circular rege os novos modelos de neg\u00f3cio e que, portanto, pensar na reciclagem destas embalagens \u00e9 garantir o crescimento sustent\u00e1vel do setor.<\/p>\n\n\n\n<p>Como? Segundo o Presidente da <strong>ABIEF<\/strong>, empres\u00e1rio <strong>Rog\u00e9rio Mani<\/strong>, \u201ccriatividade e engajamento de todos os elos da cadeia de transforma\u00e7\u00e3o s\u00e3o fundamentais, assim como o uso da tecnologia para criar solu\u00e7\u00f5es que garantam valor para o pl\u00e1stico\u201d.<\/p>\n\n\n\n<figure class=\"wp-block-pullquote\"><blockquote><p>Anualmente a ind\u00fastria de flex\u00edveis transforma 2 milh\u00f5es de toneladas de embalagens. <\/p><\/blockquote><\/figure>\n\n\n\n<p>\u201cEste n\u00famero demonstra como a sustentabilidade pode ser a grande oportunidade de investimento das pr\u00f3ximas d\u00e9cadas. Dados da <strong>Funda\u00e7\u00e3o Ellen MacArthur<\/strong> indicam que o equivalente entre US$ 80 e US$ 120 bilh\u00f5es em pl\u00e1sticos s\u00e3o descartados anualmente de forma inapropriada. H\u00e1, portanto, uma demanda crescente de oportunidades para o desenvolvimento de solu\u00e7\u00f5es\u201d, pondera Mani.<\/p>\n\n\n\n<p>Segundo ele, \u00e9 poss\u00edvel reciclar todas as embalagens pl\u00e1sticas; os entraves ainda s\u00e3o o custo e ter uma cadeia focada e organizada para reciclar mecanicamente tudo o que for poss\u00edvel e retornar o material para a produ\u00e7\u00e3o. \u201cOnde a reciclagem mec\u00e2nica n\u00e3o \u00e9 vi\u00e1vel, contamos com a reciclagem qu\u00edmica. \u00c9 preciso discutir ainda a desonera\u00e7\u00e3o do material reciclado, um item importante, inclusive, para fomentar mais investimentos e trabalhar em novas solu\u00e7\u00f5es.\u201d<\/p>\n\n\n\n<p>Para <strong>Paulo Teixeira<\/strong>, Executivo da <a href=\"http:\/\/www.abiplast.org.br\/\" target=\"_blank\" rel=\"noreferrer noopener\">Abiplast<\/a>, a quest\u00e3o \u00e9 at\u00e9 mais hist\u00f3rica. \u201cVivemos um problema do s\u00e9culo 20 embora estejamos no s\u00e9culo 21: a gest\u00e3o de res\u00edduos. Antes de discutirmos se a reciclagem ser\u00e1 mec\u00e2nica ou qu\u00edmica, precisamos estudar, junto ao governo, a gest\u00e3o de res\u00edduos no pa\u00eds e criar modelos de neg\u00f3cio que o setor privado possa levar para as prefeituras como uma alternativa \u00e0 pol\u00edtica p\u00fablica e que atraia investimentos. S\u00f3 assim teremos escala na produ\u00e7\u00e3o de materiais reciclados capaz de alimentar um sistema de produ\u00e7\u00e3o circular.\u201d<\/p>\n\n\n\n<p>A l\u00f3gica de Teixeira parte do princ\u00edpio de buscar solu\u00e7\u00f5es junto a parceiros de todos os setores e garantir escala e <em>payback<\/em> do projeto. E para tal, vale trabalhar com cooperativas, munic\u00edpios, empresas e governo. Este \u2018passo para tr\u00e1s\u2019 ajudar\u00e1 a resolver a quest\u00e3o dos res\u00edduos e permitir\u00e1 avan\u00e7ar com as solu\u00e7\u00f5es de circularidade, inclusive no que tange a educa\u00e7\u00e3o do consumidor final, com sistemas de <em>cash back<\/em> por exemplo, e alavancar <em>\u2018eco startups\u2019<\/em>.<\/p>\n\n\n\n<p>Novamente, o potencial \u00e9 gigante pois dos 379 kg de res\u00edduos gerados por cada brasileiro anualmente, entre 35% e 40% poderiam ser reciclados. \u201cPrecisamos trabalhar em planos macro onde os <em>brand owners<\/em> t\u00eam um papel fundamental como aceleradores. Um caminho \u00e9 eles exigirem embalagens com conte\u00fado reciclado\u201d, diz Rog\u00e9rio Mani.<\/p>\n\n\n\n<p>Paulo Teixeira, da Abiplast completa: \u201cA sociedade comprou a ideia de que n\u00e3o usar pl\u00e1stico \u00e9 ser sustent\u00e1vel e esta \u00e9 uma quest\u00e3o global. O desafio portanto tamb\u00e9m \u00e9 desconstruir essa imagem.\u201d Ele lembra que a circularidade est\u00e1 no DNA dos pl\u00e1sticos e este deve ser o direcionador do setor.<\/p>\n\n\n\n<p><strong>Eduardo Prestes<\/strong>, da <a href=\"https:\/\/crisis.com.br\/\" target=\"_blank\" rel=\"noreferrer noopener\">Crisis Solutions<\/a>, vai al\u00e9m e completa: \u201cA grande briga do pl\u00e1stico n\u00e3o \u00e9 t\u00e9cnica, mas de comunica\u00e7\u00e3o por conta das imagens e narrativas. Assim a quest\u00e3o \u00e9: a ind\u00fastria tem condi\u00e7\u00f5es de competir na era da comunica\u00e7\u00e3o global do jeito que \u00e9 hoje? Infelizmente \u00e9 na \u00e1rea de comunica\u00e7\u00e3o que as coisas ser\u00e3o definidas. Um exemplo? Apesar de sabermos que a sacola pl\u00e1stica \u00e9 reutiliz\u00e1vel, somos muito t\u00edmidos em comunicar isso, assim como todas as outras qualidades do pl\u00e1stico. Temos que comunicar melhor e de forma mais clara para n\u00e3o perdermos a \u2018licen\u00e7a social\u2019 de uso do pl\u00e1stico!\u201d<\/p>\n\n\n\n<h2 class=\"wp-block-heading\" id=\"h-sim-existem-solu-es\"><strong>Sim, existem solu\u00e7\u00f5es!<\/strong><\/h2>\n\n\n\n<p>Solu\u00e7\u00f5es para reciclar as embalagens flex\u00edveis j\u00e1 existem e come\u00e7am a ganhar escala. Algumas delas foram apresentados por <strong>Cesar Sanches<\/strong>, diretor global de Sustentabilidade do <a href=\"https:\/\/valgroup.com.br\/\" target=\"_blank\" rel=\"noreferrer noopener\">Valgroup<\/a>. Ele citou a embalagem \u2018Super R\u2019 desenvolvida com base no conceito \u2018pronta para reciclar\u2019. \u201cEsta \u00e9 uma solu\u00e7\u00e3o economicamente eficiente, com resist\u00eancia mec\u00e2nica e a temperatura, que pode ser usada com produtos l\u00edquidos e s\u00f3lidos, e que pode ser personalizada.\u201d Outra solu\u00e7\u00e3o da empresa s\u00e3o os filmes <em>shrink<\/em> com conte\u00fado reciclado p\u00f3s consumo; a Valgroup tamb\u00e9m recicla 300 milh\u00f5es de garrafas PET p\u00f3s consumo por m\u00eas usadas em novas embalagens.<\/p>\n\n\n\n<p>Sobre reciclagem de filmes, uma outra solu\u00e7\u00e3o foi apresentada pela Ambev a partir da tecnologia de destintamento da <a href=\"https:\/\/www.deinkbrasil.com.br\/\" target=\"_blank\" rel=\"noreferrer noopener\">Deink Brasil<\/a>, ou seja, retirada de 100% da tinta dos filmes <em>shrink\/stretch<\/em> que voltam a ser peletes utiliz\u00e1veis na produ\u00e7\u00e3o de novos filmes. \u201cEste foi um passo importante para a Ambev se considerarmos que as embalagens flex\u00edveis representam 35% de todos os pl\u00e1sticos que utilizamos\u201d, celebrou <strong>Lisa Lieberbaum<\/strong>, gerente de Sustentabilidade em Embalagem.<\/p>\n\n\n\n<p class=\"has-cyan-bluish-gray-background-color has-background\">Mas sempre que se fala de reciclagem p\u00f3s consumo, o entrave fica por conta da coleta e separa\u00e7\u00e3o. A <em>startup<\/em> <a href=\"https:\/\/greenmining.com.br\/\" target=\"_blank\" rel=\"noreferrer noopener\">Green Mining<\/a>, acelerada pela pr\u00f3pria Ambev, enxergou nesta defici\u00eancia uma oportunidade e criou um sistema que ajuda na efici\u00eancia \u2013 e intelig\u00eancia \u2013 da log\u00edstica reversa.<\/p>\n\n\n\n<p>Segundo o fundador <strong>Rodrigo Oliveira<\/strong>, a partir do volume de produtos entregues nos diversos PDV atendidos pela Ambev, o sistema identifica o volume e o tipo de embalagem que ser\u00e1 descartado p\u00f3s consumo, al\u00e9m de plotar as informa\u00e7\u00f5es em um mapa. A partir destes dados, \u00e9 poss\u00edvel roteirizar a coleta e engajar os estabelecimentos nesta cadeia de reciclagem. \u201cRacionalizamos o descarte para trazer de volta os materiais. E este \u00e9 um grande desafio especialmente com os filmes <em>shrink<\/em> por conta da leveza do material. Para se ter uma ideia, 1 tonelada de material coletado p\u00f3s consumo equivale a 50 mil embalagens.\u201d<\/p>\n\n\n\n<p>Como sintetizou <strong>Edison Terra<\/strong>, vice-presidente neg\u00f3cios de Olefinas e Poliolefinas da <a href=\"https:\/\/www.braskem.com.br\/\" target=\"_blank\" rel=\"noreferrer noopener\">Braskem<\/a> Am\u00e9rica do Sul, \u201co momento \u00e9 de transforma\u00e7\u00e3o e n\u00e3o podemos pensar em solu\u00e7\u00f5es como sempre pensamos. Temos que trabalhar para rejuvenescer o pl\u00e1stico, mesmo que isso impacte em algumas aplica\u00e7\u00f5es. \u00c9 muito dif\u00edcil reciclar o que n\u00e3o foi pensado para ser reciclado.\u201d<\/p>\n\n\n\n<p>Como desafios para este novo momento da ind\u00fastria ficam:<\/p>\n\n\n\n<ul class=\"wp-block-list\"><li>O trabalho mais pr\u00f3ximo \u00e0s cooperativas;<\/li><li>Um novo olhar para o design das embalagens;<\/li><li>Uma nova \u2013 e mais eficiente &#8211; forma de comunicar os benef\u00edcios do pl\u00e1stico;<\/li><li>Novas tecnologias para reciclagem;<\/li><li>Uma participa\u00e7\u00e3o ativa nas etapas de coleta e separa\u00e7\u00e3o dos materiais p\u00f3s consumo.\u00a0<\/li><\/ul>\n\n\n\n<p>\u201cA ind\u00fastria de embalagens pl\u00e1sticas, e do pl\u00e1stico em geral, precisa de uma tr\u00e9gua. Estamos fazendo um <em>mea culpa<\/em>, mas precisamos de um tempo para digerir todas as informa\u00e7\u00f5es e tomar as a\u00e7\u00f5es necess\u00e1rias, com base em muita tecnologia de ponta e num di\u00e1logo franco, aberto e transparente com a sociedade.\u00a0 E isso s\u00f3 poder\u00e1 ser feito com a participa\u00e7\u00e3o de todos\u201d, finalizou o Presidente da ABIEF, Rog\u00e9rio Mani.<\/p>\n\n\n\n<p><strong>Leia mais em nosso blog:<\/strong><br><a href=\"https:\/\/projetopack.com.br\/reciclagem-de-embalagens-de-nylon-e-uma-das-frentes-de-sustentabilidade-da-ube\/\" target=\"_blank\" rel=\"noreferrer noopener\">Reciclagem de embalagens de nylon \u00e9 uma das frentes da UBE<\/a><\/p>","protected":false},"excerpt":{"rendered":"<p>Pensar na reciclagem destas embalagens \u00e9 garantir o crescimento sustent\u00e1vel do setor.<\/p>","protected":false},"author":18,"featured_media":12561,"comment_status":"open","ping_status":"closed","sticky":true,"template":"","format":"standard","meta":{"footnotes":""},"categories":[600],"tags":[467,552,45,548,684,542],"class_list":["post-12560","post","type-post","status-publish","format-standard","has-post-thumbnail","hentry","category-eventos","tag-abief-embalagens-flexiveis-pesquisa","tag-economia-circular","tag-embalagens-flexiveis","tag-embalagens-plasticas","tag-embalagens-sustentaveis","tag-reciclagem"],"yoast_head":"<!-- This site is optimized with the Yoast SEO Premium plugin v27.1 (Yoast SEO v27.1.1) - https:\/\/yoast.com\/product\/yoast-seo-premium-wordpress\/ -->\n<title>Evento da ABIEF conclui: reciclagem de embalagens flex\u00edveis \u00e9 vi\u00e1vel - ProjetoPack<\/title>\n<meta name=\"description\" content=\"A ABIEF reuniu importantes players da cadeia para discutir a reciclagem das embalagens pl\u00e1sticas flex\u00edveis.\" \/>\n<meta name=\"robots\" content=\"index, follow, max-snippet:-1, max-image-preview:large, max-video-preview:-1\" \/>\n<link rel=\"canonical\" href=\"https:\/\/projetopack.com.br\/en\/evento-da-abief-conclui-reciclagem-de-embalagens-flexiveis-e-viavel\/\" \/>\n<meta property=\"og:locale\" content=\"en_US\" \/>\n<meta property=\"og:type\" content=\"article\" \/>\n<meta property=\"og:title\" content=\"Evento da ABIEF conclui: reciclagem de embalagens flex\u00edveis \u00e9 vi\u00e1vel\" \/>\n<meta property=\"og:description\" content=\"A ABIEF reuniu importantes players da cadeia para discutir a reciclagem das embalagens pl\u00e1sticas flex\u00edveis.\" \/>\n<meta property=\"og:url\" content=\"https:\/\/projetopack.com.br\/en\/evento-da-abief-conclui-reciclagem-de-embalagens-flexiveis-e-viavel\/\" \/>\n<meta property=\"og:site_name\" content=\"ProjetoPack\" \/>\n<meta property=\"article:published_time\" content=\"2021-07-10T20:35:49+00:00\" \/>\n<meta property=\"article:modified_time\" content=\"2021-07-10T20:45:26+00:00\" \/>\n<meta property=\"og:image\" content=\"https:\/\/projetopack.com.br\/wp-content\/uploads\/2021\/07\/recyclability.jpg\" \/>\n\t<meta property=\"og:image:width\" content=\"1600\" \/>\n\t<meta property=\"og:image:height\" content=\"945\" \/>\n\t<meta property=\"og:image:type\" content=\"image\/jpeg\" \/>\n<meta name=\"author\" content=\"Andrea\" \/>\n<meta name=\"twitter:card\" content=\"summary_large_image\" \/>\n<meta name=\"twitter:creator\" content=\"@ProjetoPack\" \/>\n<meta name=\"twitter:site\" content=\"@ProjetoPack\" \/>\n<meta name=\"twitter:label1\" content=\"Written by\" \/>\n\t<meta name=\"twitter:data1\" content=\"Andrea\" \/>\n\t<meta name=\"twitter:label2\" content=\"Est. reading time\" \/>\n\t<meta name=\"twitter:data2\" content=\"5 minutes\" \/>\n<script type=\"application\/ld+json\" class=\"yoast-schema-graph\">{\"@context\":\"https:\/\/schema.org\",\"@graph\":[{\"@type\":\"Article\",\"@id\":\"https:\/\/projetopack.com.br\/en\/evento-da-abief-conclui-reciclagem-de-embalagens-flexiveis-e-viavel\/#article\",\"isPartOf\":{\"@id\":\"https:\/\/projetopack.com.br\/en\/evento-da-abief-conclui-reciclagem-de-embalagens-flexiveis-e-viavel\/\"},\"author\":{\"name\":\"Andrea\",\"@id\":\"https:\/\/projetopack.com.br\/#\/schema\/person\/d17c72a4bc2b7e461496dd8a14d4cef1\"},\"headline\":\"Evento da ABIEF conclui: reciclagem de embalagens flex\u00edveis \u00e9 vi\u00e1vel\",\"datePublished\":\"2021-07-10T20:35:49+00:00\",\"dateModified\":\"2021-07-10T20:45:26+00:00\",\"mainEntityOfPage\":{\"@id\":\"https:\/\/projetopack.com.br\/en\/evento-da-abief-conclui-reciclagem-de-embalagens-flexiveis-e-viavel\/\"},\"wordCount\":1249,\"commentCount\":0,\"publisher\":{\"@id\":\"https:\/\/projetopack.com.br\/#organization\"},\"image\":{\"@id\":\"https:\/\/projetopack.com.br\/en\/evento-da-abief-conclui-reciclagem-de-embalagens-flexiveis-e-viavel\/#primaryimage\"},\"thumbnailUrl\":\"https:\/\/projetopack.com.br\/wp-content\/uploads\/2021\/07\/recyclability.jpg\",\"keywords\":[\"ABIEF; EMBALAGENS FLEX\u00cdVEIS; PESQUISA;\",\"economia circular\",\"Embalagens flex\u00edveis\",\"embalagens pl\u00e1sticas\",\"embalagens sustent\u00e1veis\",\"reciclagem\"],\"articleSection\":[\"Eventos\"],\"inLanguage\":\"en-US\",\"potentialAction\":[{\"@type\":\"CommentAction\",\"name\":\"Comment\",\"target\":[\"https:\/\/projetopack.com.br\/en\/evento-da-abief-conclui-reciclagem-de-embalagens-flexiveis-e-viavel\/#respond\"]}]},{\"@type\":\"WebPage\",\"@id\":\"https:\/\/projetopack.com.br\/en\/evento-da-abief-conclui-reciclagem-de-embalagens-flexiveis-e-viavel\/\",\"url\":\"https:\/\/projetopack.com.br\/en\/evento-da-abief-conclui-reciclagem-de-embalagens-flexiveis-e-viavel\/\",\"name\":\"Evento da ABIEF conclui: reciclagem de embalagens flex\u00edveis \u00e9 vi\u00e1vel - ProjetoPack\",\"isPartOf\":{\"@id\":\"https:\/\/projetopack.com.br\/#website\"},\"primaryImageOfPage\":{\"@id\":\"https:\/\/projetopack.com.br\/en\/evento-da-abief-conclui-reciclagem-de-embalagens-flexiveis-e-viavel\/#primaryimage\"},\"image\":{\"@id\":\"https:\/\/projetopack.com.br\/en\/evento-da-abief-conclui-reciclagem-de-embalagens-flexiveis-e-viavel\/#primaryimage\"},\"thumbnailUrl\":\"https:\/\/projetopack.com.br\/wp-content\/uploads\/2021\/07\/recyclability.jpg\",\"datePublished\":\"2021-07-10T20:35:49+00:00\",\"dateModified\":\"2021-07-10T20:45:26+00:00\",\"description\":\"A ABIEF reuniu importantes players da cadeia para discutir a reciclagem das embalagens pl\u00e1sticas flex\u00edveis.\",\"breadcrumb\":{\"@id\":\"https:\/\/projetopack.com.br\/en\/evento-da-abief-conclui-reciclagem-de-embalagens-flexiveis-e-viavel\/#breadcrumb\"},\"inLanguage\":\"en-US\",\"potentialAction\":[{\"@type\":\"ReadAction\",\"target\":[\"https:\/\/projetopack.com.br\/en\/evento-da-abief-conclui-reciclagem-de-embalagens-flexiveis-e-viavel\/\"]}]},{\"@type\":\"ImageObject\",\"inLanguage\":\"en-US\",\"@id\":\"https:\/\/projetopack.com.br\/en\/evento-da-abief-conclui-reciclagem-de-embalagens-flexiveis-e-viavel\/#primaryimage\",\"url\":\"https:\/\/projetopack.com.br\/wp-content\/uploads\/2021\/07\/recyclability.jpg\",\"contentUrl\":\"https:\/\/projetopack.com.br\/wp-content\/uploads\/2021\/07\/recyclability.jpg\",\"width\":1600,\"height\":945},{\"@type\":\"BreadcrumbList\",\"@id\":\"https:\/\/projetopack.com.br\/en\/evento-da-abief-conclui-reciclagem-de-embalagens-flexiveis-e-viavel\/#breadcrumb\",\"itemListElement\":[{\"@type\":\"ListItem\",\"position\":1,\"name\":\"P\u00e1gina Inicial\",\"item\":\"https:\/\/projetopack.com.br\/\"},{\"@type\":\"ListItem\",\"position\":2,\"name\":\"Eventos\",\"item\":\"https:\/\/projetopack.com.br\/category\/eventos\/\"},{\"@type\":\"ListItem\",\"position\":3,\"name\":\"Evento da ABIEF conclui: reciclagem de embalagens flex\u00edveis \u00e9 vi\u00e1vel\"}]},{\"@type\":\"WebSite\",\"@id\":\"https:\/\/projetopack.com.br\/#website\",\"url\":\"https:\/\/projetopack.com.br\/\",\"name\":\"ProjetoPack\",\"description\":\"Consultoria e servi\u00e7os para embalagens, r\u00f3tulos, etiquetas e processos de impress\u00e3o\",\"publisher\":{\"@id\":\"https:\/\/projetopack.com.br\/#organization\"},\"potentialAction\":[{\"@type\":\"SearchAction\",\"target\":{\"@type\":\"EntryPoint\",\"urlTemplate\":\"https:\/\/projetopack.com.br\/?s={search_term_string}\"},\"query-input\":{\"@type\":\"PropertyValueSpecification\",\"valueRequired\":true,\"valueName\":\"search_term_string\"}}],\"inLanguage\":\"en-US\"},{\"@type\":\"Organization\",\"@id\":\"https:\/\/projetopack.com.br\/#organization\",\"name\":\"ProjetoPack & Associados\",\"url\":\"https:\/\/projetopack.com.br\/\",\"logo\":{\"@type\":\"ImageObject\",\"inLanguage\":\"en-US\",\"@id\":\"https:\/\/projetopack.com.br\/#\/schema\/logo\/image\/\",\"url\":\"https:\/\/projetopack.com.br\/wp-content\/uploads\/2020\/09\/projetopack.png\",\"contentUrl\":\"https:\/\/projetopack.com.br\/wp-content\/uploads\/2020\/09\/projetopack.png\",\"width\":200,\"height\":200,\"caption\":\"ProjetoPack & Associados\"},\"image\":{\"@id\":\"https:\/\/projetopack.com.br\/#\/schema\/logo\/image\/\"},\"sameAs\":[\"https:\/\/x.com\/ProjetoPack\",\"https:\/\/www.linkedin.com\/company\/projetopack\/\"]},{\"@type\":\"Person\",\"@id\":\"https:\/\/projetopack.com.br\/#\/schema\/person\/d17c72a4bc2b7e461496dd8a14d4cef1\",\"name\":\"Andrea\",\"image\":{\"@type\":\"ImageObject\",\"inLanguage\":\"en-US\",\"@id\":\"https:\/\/projetopack.com.br\/#\/schema\/person\/image\/\",\"url\":\"https:\/\/projetopack.com.br\/wp-content\/uploads\/2026\/03\/eu-150x150.jpg\",\"contentUrl\":\"https:\/\/projetopack.com.br\/wp-content\/uploads\/2026\/03\/eu-150x150.jpg\",\"caption\":\"Andrea\"},\"url\":\"https:\/\/projetopack.com.br\/en\/author\/andrea\/\"}]}<\/script>\n<!-- \/ Yoast SEO Premium plugin. -->","yoast_head_json":{"title":"Evento da ABIEF conclui: reciclagem de embalagens flex\u00edveis \u00e9 vi\u00e1vel - ProjetoPack","description":"A ABIEF reuniu importantes players da cadeia para discutir a reciclagem das embalagens pl\u00e1sticas flex\u00edveis.","robots":{"index":"index","follow":"follow","max-snippet":"max-snippet:-1","max-image-preview":"max-image-preview:large","max-video-preview":"max-video-preview:-1"},"canonical":"https:\/\/projetopack.com.br\/en\/evento-da-abief-conclui-reciclagem-de-embalagens-flexiveis-e-viavel\/","og_locale":"en_US","og_type":"article","og_title":"Evento da ABIEF conclui: reciclagem de embalagens flex\u00edveis \u00e9 vi\u00e1vel","og_description":"A ABIEF reuniu importantes players da cadeia para discutir a reciclagem das embalagens pl\u00e1sticas flex\u00edveis.","og_url":"https:\/\/projetopack.com.br\/en\/evento-da-abief-conclui-reciclagem-de-embalagens-flexiveis-e-viavel\/","og_site_name":"ProjetoPack","article_published_time":"2021-07-10T20:35:49+00:00","article_modified_time":"2021-07-10T20:45:26+00:00","og_image":[{"width":1600,"height":945,"url":"https:\/\/projetopack.com.br\/wp-content\/uploads\/2021\/07\/recyclability.jpg","type":"image\/jpeg"}],"author":"Andrea","twitter_card":"summary_large_image","twitter_creator":"@ProjetoPack","twitter_site":"@ProjetoPack","twitter_misc":{"Written by":"Andrea","Est. reading time":"5 minutes"},"schema":{"@context":"https:\/\/schema.org","@graph":[{"@type":"Article","@id":"https:\/\/projetopack.com.br\/en\/evento-da-abief-conclui-reciclagem-de-embalagens-flexiveis-e-viavel\/#article","isPartOf":{"@id":"https:\/\/projetopack.com.br\/en\/evento-da-abief-conclui-reciclagem-de-embalagens-flexiveis-e-viavel\/"},"author":{"name":"Andrea","@id":"https:\/\/projetopack.com.br\/#\/schema\/person\/d17c72a4bc2b7e461496dd8a14d4cef1"},"headline":"Evento da ABIEF conclui: reciclagem de embalagens flex\u00edveis \u00e9 vi\u00e1vel","datePublished":"2021-07-10T20:35:49+00:00","dateModified":"2021-07-10T20:45:26+00:00","mainEntityOfPage":{"@id":"https:\/\/projetopack.com.br\/en\/evento-da-abief-conclui-reciclagem-de-embalagens-flexiveis-e-viavel\/"},"wordCount":1249,"commentCount":0,"publisher":{"@id":"https:\/\/projetopack.com.br\/#organization"},"image":{"@id":"https:\/\/projetopack.com.br\/en\/evento-da-abief-conclui-reciclagem-de-embalagens-flexiveis-e-viavel\/#primaryimage"},"thumbnailUrl":"https:\/\/projetopack.com.br\/wp-content\/uploads\/2021\/07\/recyclability.jpg","keywords":["ABIEF; EMBALAGENS FLEX\u00cdVEIS; PESQUISA;","economia circular","Embalagens flex\u00edveis","embalagens pl\u00e1sticas","embalagens sustent\u00e1veis","reciclagem"],"articleSection":["Eventos"],"inLanguage":"en-US","potentialAction":[{"@type":"CommentAction","name":"Comment","target":["https:\/\/projetopack.com.br\/en\/evento-da-abief-conclui-reciclagem-de-embalagens-flexiveis-e-viavel\/#respond"]}]},{"@type":"WebPage","@id":"https:\/\/projetopack.com.br\/en\/evento-da-abief-conclui-reciclagem-de-embalagens-flexiveis-e-viavel\/","url":"https:\/\/projetopack.com.br\/en\/evento-da-abief-conclui-reciclagem-de-embalagens-flexiveis-e-viavel\/","name":"Evento da ABIEF conclui: reciclagem de embalagens flex\u00edveis \u00e9 vi\u00e1vel - ProjetoPack","isPartOf":{"@id":"https:\/\/projetopack.com.br\/#website"},"primaryImageOfPage":{"@id":"https:\/\/projetopack.com.br\/en\/evento-da-abief-conclui-reciclagem-de-embalagens-flexiveis-e-viavel\/#primaryimage"},"image":{"@id":"https:\/\/projetopack.com.br\/en\/evento-da-abief-conclui-reciclagem-de-embalagens-flexiveis-e-viavel\/#primaryimage"},"thumbnailUrl":"https:\/\/projetopack.com.br\/wp-content\/uploads\/2021\/07\/recyclability.jpg","datePublished":"2021-07-10T20:35:49+00:00","dateModified":"2021-07-10T20:45:26+00:00","description":"A ABIEF reuniu importantes players da cadeia para discutir a reciclagem das embalagens pl\u00e1sticas flex\u00edveis.","breadcrumb":{"@id":"https:\/\/projetopack.com.br\/en\/evento-da-abief-conclui-reciclagem-de-embalagens-flexiveis-e-viavel\/#breadcrumb"},"inLanguage":"en-US","potentialAction":[{"@type":"ReadAction","target":["https:\/\/projetopack.com.br\/en\/evento-da-abief-conclui-reciclagem-de-embalagens-flexiveis-e-viavel\/"]}]},{"@type":"ImageObject","inLanguage":"en-US","@id":"https:\/\/projetopack.com.br\/en\/evento-da-abief-conclui-reciclagem-de-embalagens-flexiveis-e-viavel\/#primaryimage","url":"https:\/\/projetopack.com.br\/wp-content\/uploads\/2021\/07\/recyclability.jpg","contentUrl":"https:\/\/projetopack.com.br\/wp-content\/uploads\/2021\/07\/recyclability.jpg","width":1600,"height":945},{"@type":"BreadcrumbList","@id":"https:\/\/projetopack.com.br\/en\/evento-da-abief-conclui-reciclagem-de-embalagens-flexiveis-e-viavel\/#breadcrumb","itemListElement":[{"@type":"ListItem","position":1,"name":"P\u00e1gina Inicial","item":"https:\/\/projetopack.com.br\/"},{"@type":"ListItem","position":2,"name":"Eventos","item":"https:\/\/projetopack.com.br\/category\/eventos\/"},{"@type":"ListItem","position":3,"name":"Evento da ABIEF conclui: reciclagem de embalagens flex\u00edveis \u00e9 vi\u00e1vel"}]},{"@type":"WebSite","@id":"https:\/\/projetopack.com.br\/#website","url":"https:\/\/projetopack.com.br\/","name":"ProjetoPack","description":"Consultoria e servi\u00e7os para embalagens, r\u00f3tulos, etiquetas e processos de impress\u00e3o","publisher":{"@id":"https:\/\/projetopack.com.br\/#organization"},"potentialAction":[{"@type":"SearchAction","target":{"@type":"EntryPoint","urlTemplate":"https:\/\/projetopack.com.br\/?s={search_term_string}"},"query-input":{"@type":"PropertyValueSpecification","valueRequired":true,"valueName":"search_term_string"}}],"inLanguage":"en-US"},{"@type":"Organization","@id":"https:\/\/projetopack.com.br\/#organization","name":"ProjetoPack & Associados","url":"https:\/\/projetopack.com.br\/","logo":{"@type":"ImageObject","inLanguage":"en-US","@id":"https:\/\/projetopack.com.br\/#\/schema\/logo\/image\/","url":"https:\/\/projetopack.com.br\/wp-content\/uploads\/2020\/09\/projetopack.png","contentUrl":"https:\/\/projetopack.com.br\/wp-content\/uploads\/2020\/09\/projetopack.png","width":200,"height":200,"caption":"ProjetoPack & Associados"},"image":{"@id":"https:\/\/projetopack.com.br\/#\/schema\/logo\/image\/"},"sameAs":["https:\/\/x.com\/ProjetoPack","https:\/\/www.linkedin.com\/company\/projetopack\/"]},{"@type":"Person","@id":"https:\/\/projetopack.com.br\/#\/schema\/person\/d17c72a4bc2b7e461496dd8a14d4cef1","name":"Andrea","image":{"@type":"ImageObject","inLanguage":"en-US","@id":"https:\/\/projetopack.com.br\/#\/schema\/person\/image\/","url":"https:\/\/projetopack.com.br\/wp-content\/uploads\/2026\/03\/eu-150x150.jpg","contentUrl":"https:\/\/projetopack.com.br\/wp-content\/uploads\/2026\/03\/eu-150x150.jpg","caption":"Andrea"},"url":"https:\/\/projetopack.com.br\/en\/author\/andrea\/"}]}},"_links":{"self":[{"href":"https:\/\/projetopack.com.br\/en\/wp-json\/wp\/v2\/posts\/12560","targetHints":{"allow":["GET"]}}],"collection":[{"href":"https:\/\/projetopack.com.br\/en\/wp-json\/wp\/v2\/posts"}],"about":[{"href":"https:\/\/projetopack.com.br\/en\/wp-json\/wp\/v2\/types\/post"}],"author":[{"embeddable":true,"href":"https:\/\/projetopack.com.br\/en\/wp-json\/wp\/v2\/users\/18"}],"replies":[{"embeddable":true,"href":"https:\/\/projetopack.com.br\/en\/wp-json\/wp\/v2\/comments?post=12560"}],"version-history":[{"count":0,"href":"https:\/\/projetopack.com.br\/en\/wp-json\/wp\/v2\/posts\/12560\/revisions"}],"wp:featuredmedia":[{"embeddable":true,"href":"https:\/\/projetopack.com.br\/en\/wp-json\/wp\/v2\/media\/12561"}],"wp:attachment":[{"href":"https:\/\/projetopack.com.br\/en\/wp-json\/wp\/v2\/media?parent=12560"}],"wp:term":[{"taxonomy":"category","embeddable":true,"href":"https:\/\/projetopack.com.br\/en\/wp-json\/wp\/v2\/categories?post=12560"},{"taxonomy":"post_tag","embeddable":true,"href":"https:\/\/projetopack.com.br\/en\/wp-json\/wp\/v2\/tags?post=12560"}],"curies":[{"name":"wp","href":"https:\/\/api.w.org\/{rel}","templated":true}]}}