{"id":12631,"date":"2021-07-15T18:54:25","date_gmt":"2021-07-15T21:54:25","guid":{"rendered":"https:\/\/www.projetopack.com.br\/?p=12631"},"modified":"2021-07-15T18:54:29","modified_gmt":"2021-07-15T21:54:29","slug":"konica-minolta-amplia-estrutura-de-seu-digital-imaging-square-no-brasil","status":"publish","type":"post","link":"https:\/\/projetopack.com.br\/en\/konica-minolta-amplia-estrutura-de-seu-digital-imaging-square-no-brasil\/","title":{"rendered":"Konica Minolta amplia estrutura de seu Digital Imaging Square no Brasil"},"content":{"rendered":"<p>A <strong><a href=\"https:\/\/www.konicaminolta.com\/br-pt\/index.html\" target=\"_blank\" rel=\"noreferrer noopener\">Konica Minolta<\/a> <\/strong>ampliou a estrutura de seu <strong>Digital Imaging Square (DIS)<\/strong> no Brasil, mesmo em meio \u00e0 pandemia. <\/p>\n\n\n\n<p>Localizado em S\u00e3o Paulo, o local, que funciona tanto como showroom como espa\u00e7o para treinamentos e demonstra\u00e7\u00f5es comerciais, agora conta com uma \u00e1rea mais ampla localizada no bairro paulistano do Ipiranga.<\/p>\n\n\n\n<p>Ao todo, s\u00e3o aproximadamente 500 m<sup>2<\/sup> em uma estrutura de dois andares com estacionamento localizada na Rua Bom Pastor, 1649.<\/p>\n\n\n\n<p>No piso inferior, est\u00e1 em opera\u00e7\u00e3o o showroom, que conta com todo o portf\u00f3lio de equipamentos comercializados no Brasil, incluindo as impressoras digitais para r\u00f3tulos e etiquetas adesivas <strong>AccurioLabel 230 e a AccurioLabel 190<\/strong> (com opcional do Overprinting Kit ES-101, que permite sobreimpress\u00e3o em base pr\u00e9-impressa).<\/p>\n\n\n\n<p>Os visitantes tamb\u00e9m podem conferir toda a produtividade e qualidade da <strong>AccurioPress C14000,<\/strong> o membro mais recente da fam\u00edlia AccurioPress que atinge at\u00e9 140 p\u00e1ginas\/minuto, suporta gramaturas de at\u00e9 450 g\/m2, e, gra\u00e7as ao sistema otimizador inteligente de qualidade, (acess\u00f3rios opcionais) voc\u00ea ganha velocidade, produtividade por meio da automa\u00e7\u00e3o para ajustes autom\u00e1ticos de calibra\u00e7\u00e3o de cor e registro frente e verso, garantindo qualidade da primeira \u00e0 \u00faltima folha impressa \u2013 com m\u00ednima interven\u00e7\u00e3o manual.<\/p>\n\n\n\n<p>No piso superior, foram montadas salas de treinamentos, bem como infraestrutura para acomodar o time do service desk, que atendem suportes t\u00e9cnicos de primeiro e segundo n\u00edveis. Na recep\u00e7\u00e3o os visitantes ter\u00e3o acesso aos trabalhos realizados utilizando a tecnologia de impress\u00e3o digital Konica Minolta, onde est\u00e3o expostos, em nichos e bancadas, materiais de v\u00e1rios segmentos, como r\u00f3tulos, foto-\u00e1lbuns, fotoprodutos e impressos promocionais.<\/p>\n\n\n\n<p>Apesar da pandemia e da restri\u00e7\u00e3o de visita\u00e7\u00f5es presenciais, o DIS da Konica Minolta tem sido palco de demonstra\u00e7\u00f5es virtuais e, tamb\u00e9m, abrigou grava\u00e7\u00f5es de uma webserie online sobre aplica\u00e7\u00f5es nos equipamentos. Os epis\u00f3dios foram disponibilizados no canal do Youtube da empresa (Konica Minolta Brasil).<\/p>\n\n\n\n<p class=\"has-cyan-bluish-gray-background-color has-background\">\u201cA nova estrutura do DIS Brasil foi pensada para acomodar os mais recentes lan\u00e7amentos da\u00a0 Konica Minolta que, muito em breve, devem chegar ao Brasil. Al\u00e9m disso, o espa\u00e7o est\u00e1 totalmente preparado para, quando for permitido, receber clientes, realizar demonstra\u00e7\u00f5es e, se for necess\u00e1rio, oferecer uma esp\u00e9cie de background para que clientes possam imprimir seus trabalhos em pequenas tiragens em casos emergenciais\u201d, diz <strong>Ronaldo Arakaki<\/strong>, diretor e COO da Konica Minolta.<\/p>\n\n\n\n<p>Sobre as a\u00e7\u00f5es virtuais, Arakaki destaca que desde mar\u00e7o de 2020 a Konica Minolta tem primado pela seguran\u00e7a de seus colaboradores e clientes. \u201cFoi um per\u00edodo de reaprendizado e, felizmente, temos tido um excelente retorno tanto de nossas demonstra\u00e7\u00f5es virtuais previamente agendadas com clientes de todo o Brasil, como tamb\u00e9m da webserie em nosso Youtube\u201d, frisa.<\/p>\n\n\n\n<h2 class=\"wp-block-heading\" id=\"h-showroom-de-excel-ncia\"><strong>Showroom de excel\u00eancia<\/strong><\/h2>\n\n\n\n<p>O Digital Imaging Square Brasil foi o primeiro DIS montado na Am\u00e9rica do Sul. Ele segue os mesmos par\u00e2metros e conceitos de outros DIS da Konica Minolta montados pelo mundo, fora do Jap\u00e3o.<\/p>\n\n\n\n<blockquote class=\"wp-block-quote is-layout-flow wp-block-quote-is-layout-flow\"><p>\u201cNovamente, a Konica Minolta refor\u00e7a o compromisso com o mercado brasileiro e a import\u00e2ncia do Brasil em n\u00edvel global para a companhia. O investimento na nova estrutura do DIS \u00e9 prova disso; estamos, mais do que nunca, apostando no crescimento do mercado brasileiro e no sucesso de nossos clientes atrav\u00e9s de nossas tecnologias e servi\u00e7os diferenciados de p\u00f3s-venda\u201d<\/p><cite>Ronaldo Arakaki.<\/cite><\/blockquote>\n\n\n\n<p><strong>Leia mais em nosso blog:<\/strong><br><a href=\"https:\/\/projetopack.com.br\/com-dois-investimentos-na-tecnologia-konica-minolta-pro-visual-se-destaca-pelo-pioneirismo-e-expande-portfolio-de-produtos-com-a-accuriolabel-190\/\" target=\"_blank\" rel=\"noreferrer noopener\">Com dois investimentos na tecnologia Konica, Pro Visual se destaca por pioneirismo<\/a><\/p>","protected":false},"excerpt":{"rendered":"<p>A Konica Minolta ampliou a estrutura de seu Digital Imaging Square (DIS) no Brasil, mesmo em meio \u00e0 pandemia. <\/p>","protected":false},"author":18,"featured_media":12633,"comment_status":"open","ping_status":"closed","sticky":false,"template":"","format":"standard","meta":{"footnotes":""},"categories":[458],"tags":[859,129,227],"class_list":["post-12631","post","type-post","status-publish","format-standard","has-post-thumbnail","hentry","category-lancamentos","tag-digital-imaging-square","tag-impressao-digital","tag-konica-minolta"],"yoast_head":"<!-- This site is optimized with the Yoast SEO Premium plugin v27.1 (Yoast SEO v27.1.1) - https:\/\/yoast.com\/product\/yoast-seo-premium-wordpress\/ -->\n<title>Konica Minolta amplia estrutura de seu Digital Imaging Square no Brasil - ProjetoPack<\/title>\n<meta name=\"description\" content=\"Localizado em S\u00e3o Paulo, o local, que funciona tanto como showroom como espa\u00e7o para treinamentos e demonstra\u00e7\u00f5es comerciais.\" \/>\n<meta name=\"robots\" content=\"index, follow, max-snippet:-1, max-image-preview:large, max-video-preview:-1\" \/>\n<link rel=\"canonical\" href=\"https:\/\/projetopack.com.br\/en\/konica-minolta-amplia-estrutura-de-seu-digital-imaging-square-no-brasil\/\" \/>\n<meta property=\"og:locale\" content=\"en_US\" \/>\n<meta property=\"og:type\" content=\"article\" \/>\n<meta property=\"og:title\" content=\"Konica Minolta amplia estrutura de seu Digital Imaging Square no Brasil\" \/>\n<meta property=\"og:description\" content=\"Localizado em S\u00e3o Paulo, o local, que funciona tanto como showroom como espa\u00e7o para treinamentos e demonstra\u00e7\u00f5es comerciais.\" \/>\n<meta property=\"og:url\" content=\"https:\/\/projetopack.com.br\/en\/konica-minolta-amplia-estrutura-de-seu-digital-imaging-square-no-brasil\/\" \/>\n<meta property=\"og:site_name\" content=\"ProjetoPack\" \/>\n<meta property=\"article:published_time\" content=\"2021-07-15T21:54:25+00:00\" \/>\n<meta property=\"article:modified_time\" content=\"2021-07-15T21:54:29+00:00\" \/>\n<meta property=\"og:image\" content=\"https:\/\/projetopack.com.br\/wp-content\/uploads\/2021\/07\/DIS-Konica-Minolta.jpg\" \/>\n\t<meta property=\"og:image:width\" content=\"1920\" \/>\n\t<meta property=\"og:image:height\" content=\"868\" \/>\n\t<meta property=\"og:image:type\" content=\"image\/jpeg\" \/>\n<meta name=\"author\" content=\"Andrea\" \/>\n<meta name=\"twitter:card\" content=\"summary_large_image\" \/>\n<meta name=\"twitter:creator\" content=\"@ProjetoPack\" \/>\n<meta name=\"twitter:site\" content=\"@ProjetoPack\" \/>\n<meta name=\"twitter:label1\" content=\"Written by\" \/>\n\t<meta name=\"twitter:data1\" content=\"Andrea\" \/>\n\t<meta name=\"twitter:label2\" content=\"Est. reading time\" \/>\n\t<meta name=\"twitter:data2\" content=\"3 minutes\" \/>\n<script type=\"application\/ld+json\" class=\"yoast-schema-graph\">{\"@context\":\"https:\/\/schema.org\",\"@graph\":[{\"@type\":\"Article\",\"@id\":\"https:\/\/projetopack.com.br\/konica-minolta-amplia-estrutura-de-seu-digital-imaging-square-no-brasil\/#article\",\"isPartOf\":{\"@id\":\"https:\/\/projetopack.com.br\/konica-minolta-amplia-estrutura-de-seu-digital-imaging-square-no-brasil\/\"},\"author\":{\"name\":\"Andrea\",\"@id\":\"https:\/\/projetopack.com.br\/#\/schema\/person\/d17c72a4bc2b7e461496dd8a14d4cef1\"},\"headline\":\"Konica Minolta amplia estrutura de seu Digital Imaging Square no Brasil\",\"datePublished\":\"2021-07-15T21:54:25+00:00\",\"dateModified\":\"2021-07-15T21:54:29+00:00\",\"mainEntityOfPage\":{\"@id\":\"https:\/\/projetopack.com.br\/konica-minolta-amplia-estrutura-de-seu-digital-imaging-square-no-brasil\/\"},\"wordCount\":596,\"commentCount\":0,\"publisher\":{\"@id\":\"https:\/\/projetopack.com.br\/#organization\"},\"image\":{\"@id\":\"https:\/\/projetopack.com.br\/konica-minolta-amplia-estrutura-de-seu-digital-imaging-square-no-brasil\/#primaryimage\"},\"thumbnailUrl\":\"https:\/\/projetopack.com.br\/wp-content\/uploads\/2021\/07\/DIS-Konica-Minolta.jpg\",\"keywords\":[\"digital imaging square\",\"impress\u00e3o digital\",\"konica minolta\"],\"articleSection\":[\"Lan\u00e7amentos\"],\"inLanguage\":\"en-US\",\"potentialAction\":[{\"@type\":\"CommentAction\",\"name\":\"Comment\",\"target\":[\"https:\/\/projetopack.com.br\/konica-minolta-amplia-estrutura-de-seu-digital-imaging-square-no-brasil\/#respond\"]}]},{\"@type\":\"WebPage\",\"@id\":\"https:\/\/projetopack.com.br\/konica-minolta-amplia-estrutura-de-seu-digital-imaging-square-no-brasil\/\",\"url\":\"https:\/\/projetopack.com.br\/konica-minolta-amplia-estrutura-de-seu-digital-imaging-square-no-brasil\/\",\"name\":\"Konica Minolta amplia estrutura de seu Digital Imaging Square no Brasil - ProjetoPack\",\"isPartOf\":{\"@id\":\"https:\/\/projetopack.com.br\/#website\"},\"primaryImageOfPage\":{\"@id\":\"https:\/\/projetopack.com.br\/konica-minolta-amplia-estrutura-de-seu-digital-imaging-square-no-brasil\/#primaryimage\"},\"image\":{\"@id\":\"https:\/\/projetopack.com.br\/konica-minolta-amplia-estrutura-de-seu-digital-imaging-square-no-brasil\/#primaryimage\"},\"thumbnailUrl\":\"https:\/\/projetopack.com.br\/wp-content\/uploads\/2021\/07\/DIS-Konica-Minolta.jpg\",\"datePublished\":\"2021-07-15T21:54:25+00:00\",\"dateModified\":\"2021-07-15T21:54:29+00:00\",\"description\":\"Localizado em S\u00e3o Paulo, o local, que funciona tanto como showroom como espa\u00e7o para treinamentos e demonstra\u00e7\u00f5es comerciais.\",\"breadcrumb\":{\"@id\":\"https:\/\/projetopack.com.br\/konica-minolta-amplia-estrutura-de-seu-digital-imaging-square-no-brasil\/#breadcrumb\"},\"inLanguage\":\"en-US\",\"potentialAction\":[{\"@type\":\"ReadAction\",\"target\":[\"https:\/\/projetopack.com.br\/konica-minolta-amplia-estrutura-de-seu-digital-imaging-square-no-brasil\/\"]}]},{\"@type\":\"ImageObject\",\"inLanguage\":\"en-US\",\"@id\":\"https:\/\/projetopack.com.br\/konica-minolta-amplia-estrutura-de-seu-digital-imaging-square-no-brasil\/#primaryimage\",\"url\":\"https:\/\/projetopack.com.br\/wp-content\/uploads\/2021\/07\/DIS-Konica-Minolta.jpg\",\"contentUrl\":\"https:\/\/projetopack.com.br\/wp-content\/uploads\/2021\/07\/DIS-Konica-Minolta.jpg\",\"width\":1920,\"height\":868,\"caption\":\"dis konica minolta\"},{\"@type\":\"BreadcrumbList\",\"@id\":\"https:\/\/projetopack.com.br\/konica-minolta-amplia-estrutura-de-seu-digital-imaging-square-no-brasil\/#breadcrumb\",\"itemListElement\":[{\"@type\":\"ListItem\",\"position\":1,\"name\":\"P\u00e1gina Inicial\",\"item\":\"https:\/\/projetopack.com.br\/\"},{\"@type\":\"ListItem\",\"position\":2,\"name\":\"Lan\u00e7amentos\",\"item\":\"https:\/\/projetopack.com.br\/category\/lancamentos\/\"},{\"@type\":\"ListItem\",\"position\":3,\"name\":\"Konica Minolta amplia estrutura de seu Digital Imaging Square no Brasil\"}]},{\"@type\":\"WebSite\",\"@id\":\"https:\/\/projetopack.com.br\/#website\",\"url\":\"https:\/\/projetopack.com.br\/\",\"name\":\"ProjetoPack\",\"description\":\"Consultoria e servi\u00e7os para embalagens, r\u00f3tulos, etiquetas e processos de impress\u00e3o\",\"publisher\":{\"@id\":\"https:\/\/projetopack.com.br\/#organization\"},\"potentialAction\":[{\"@type\":\"SearchAction\",\"target\":{\"@type\":\"EntryPoint\",\"urlTemplate\":\"https:\/\/projetopack.com.br\/?s={search_term_string}\"},\"query-input\":{\"@type\":\"PropertyValueSpecification\",\"valueRequired\":true,\"valueName\":\"search_term_string\"}}],\"inLanguage\":\"en-US\"},{\"@type\":\"Organization\",\"@id\":\"https:\/\/projetopack.com.br\/#organization\",\"name\":\"ProjetoPack & Associados\",\"url\":\"https:\/\/projetopack.com.br\/\",\"logo\":{\"@type\":\"ImageObject\",\"inLanguage\":\"en-US\",\"@id\":\"https:\/\/projetopack.com.br\/#\/schema\/logo\/image\/\",\"url\":\"https:\/\/projetopack.com.br\/wp-content\/uploads\/2020\/09\/projetopack.png\",\"contentUrl\":\"https:\/\/projetopack.com.br\/wp-content\/uploads\/2020\/09\/projetopack.png\",\"width\":200,\"height\":200,\"caption\":\"ProjetoPack & Associados\"},\"image\":{\"@id\":\"https:\/\/projetopack.com.br\/#\/schema\/logo\/image\/\"},\"sameAs\":[\"https:\/\/x.com\/ProjetoPack\",\"https:\/\/www.linkedin.com\/company\/projetopack\/\"]},{\"@type\":\"Person\",\"@id\":\"https:\/\/projetopack.com.br\/#\/schema\/person\/d17c72a4bc2b7e461496dd8a14d4cef1\",\"name\":\"Andrea\",\"image\":{\"@type\":\"ImageObject\",\"inLanguage\":\"en-US\",\"@id\":\"https:\/\/projetopack.com.br\/#\/schema\/person\/image\/\",\"url\":\"https:\/\/projetopack.com.br\/wp-content\/uploads\/2026\/03\/eu-150x150.jpg\",\"contentUrl\":\"https:\/\/projetopack.com.br\/wp-content\/uploads\/2026\/03\/eu-150x150.jpg\",\"caption\":\"Andrea\"},\"url\":\"https:\/\/projetopack.com.br\/en\/author\/andrea\/\"}]}<\/script>\n<!-- \/ Yoast SEO Premium plugin. -->","yoast_head_json":{"title":"Konica Minolta amplia estrutura de seu Digital Imaging Square no Brasil - ProjetoPack","description":"Localizado em S\u00e3o Paulo, o local, que funciona tanto como showroom como espa\u00e7o para treinamentos e demonstra\u00e7\u00f5es comerciais.","robots":{"index":"index","follow":"follow","max-snippet":"max-snippet:-1","max-image-preview":"max-image-preview:large","max-video-preview":"max-video-preview:-1"},"canonical":"https:\/\/projetopack.com.br\/en\/konica-minolta-amplia-estrutura-de-seu-digital-imaging-square-no-brasil\/","og_locale":"en_US","og_type":"article","og_title":"Konica Minolta amplia estrutura de seu Digital Imaging Square no Brasil","og_description":"Localizado em S\u00e3o Paulo, o local, que funciona tanto como showroom como espa\u00e7o para treinamentos e demonstra\u00e7\u00f5es comerciais.","og_url":"https:\/\/projetopack.com.br\/en\/konica-minolta-amplia-estrutura-de-seu-digital-imaging-square-no-brasil\/","og_site_name":"ProjetoPack","article_published_time":"2021-07-15T21:54:25+00:00","article_modified_time":"2021-07-15T21:54:29+00:00","og_image":[{"width":1920,"height":868,"url":"https:\/\/projetopack.com.br\/wp-content\/uploads\/2021\/07\/DIS-Konica-Minolta.jpg","type":"image\/jpeg"}],"author":"Andrea","twitter_card":"summary_large_image","twitter_creator":"@ProjetoPack","twitter_site":"@ProjetoPack","twitter_misc":{"Written by":"Andrea","Est. reading time":"3 minutes"},"schema":{"@context":"https:\/\/schema.org","@graph":[{"@type":"Article","@id":"https:\/\/projetopack.com.br\/konica-minolta-amplia-estrutura-de-seu-digital-imaging-square-no-brasil\/#article","isPartOf":{"@id":"https:\/\/projetopack.com.br\/konica-minolta-amplia-estrutura-de-seu-digital-imaging-square-no-brasil\/"},"author":{"name":"Andrea","@id":"https:\/\/projetopack.com.br\/#\/schema\/person\/d17c72a4bc2b7e461496dd8a14d4cef1"},"headline":"Konica Minolta amplia estrutura de seu Digital Imaging Square no Brasil","datePublished":"2021-07-15T21:54:25+00:00","dateModified":"2021-07-15T21:54:29+00:00","mainEntityOfPage":{"@id":"https:\/\/projetopack.com.br\/konica-minolta-amplia-estrutura-de-seu-digital-imaging-square-no-brasil\/"},"wordCount":596,"commentCount":0,"publisher":{"@id":"https:\/\/projetopack.com.br\/#organization"},"image":{"@id":"https:\/\/projetopack.com.br\/konica-minolta-amplia-estrutura-de-seu-digital-imaging-square-no-brasil\/#primaryimage"},"thumbnailUrl":"https:\/\/projetopack.com.br\/wp-content\/uploads\/2021\/07\/DIS-Konica-Minolta.jpg","keywords":["digital imaging square","impress\u00e3o digital","konica minolta"],"articleSection":["Lan\u00e7amentos"],"inLanguage":"en-US","potentialAction":[{"@type":"CommentAction","name":"Comment","target":["https:\/\/projetopack.com.br\/konica-minolta-amplia-estrutura-de-seu-digital-imaging-square-no-brasil\/#respond"]}]},{"@type":"WebPage","@id":"https:\/\/projetopack.com.br\/konica-minolta-amplia-estrutura-de-seu-digital-imaging-square-no-brasil\/","url":"https:\/\/projetopack.com.br\/konica-minolta-amplia-estrutura-de-seu-digital-imaging-square-no-brasil\/","name":"Konica Minolta amplia estrutura de seu Digital Imaging Square no Brasil - ProjetoPack","isPartOf":{"@id":"https:\/\/projetopack.com.br\/#website"},"primaryImageOfPage":{"@id":"https:\/\/projetopack.com.br\/konica-minolta-amplia-estrutura-de-seu-digital-imaging-square-no-brasil\/#primaryimage"},"image":{"@id":"https:\/\/projetopack.com.br\/konica-minolta-amplia-estrutura-de-seu-digital-imaging-square-no-brasil\/#primaryimage"},"thumbnailUrl":"https:\/\/projetopack.com.br\/wp-content\/uploads\/2021\/07\/DIS-Konica-Minolta.jpg","datePublished":"2021-07-15T21:54:25+00:00","dateModified":"2021-07-15T21:54:29+00:00","description":"Localizado em S\u00e3o Paulo, o local, que funciona tanto como showroom como espa\u00e7o para treinamentos e demonstra\u00e7\u00f5es comerciais.","breadcrumb":{"@id":"https:\/\/projetopack.com.br\/konica-minolta-amplia-estrutura-de-seu-digital-imaging-square-no-brasil\/#breadcrumb"},"inLanguage":"en-US","potentialAction":[{"@type":"ReadAction","target":["https:\/\/projetopack.com.br\/konica-minolta-amplia-estrutura-de-seu-digital-imaging-square-no-brasil\/"]}]},{"@type":"ImageObject","inLanguage":"en-US","@id":"https:\/\/projetopack.com.br\/konica-minolta-amplia-estrutura-de-seu-digital-imaging-square-no-brasil\/#primaryimage","url":"https:\/\/projetopack.com.br\/wp-content\/uploads\/2021\/07\/DIS-Konica-Minolta.jpg","contentUrl":"https:\/\/projetopack.com.br\/wp-content\/uploads\/2021\/07\/DIS-Konica-Minolta.jpg","width":1920,"height":868,"caption":"dis konica minolta"},{"@type":"BreadcrumbList","@id":"https:\/\/projetopack.com.br\/konica-minolta-amplia-estrutura-de-seu-digital-imaging-square-no-brasil\/#breadcrumb","itemListElement":[{"@type":"ListItem","position":1,"name":"P\u00e1gina Inicial","item":"https:\/\/projetopack.com.br\/"},{"@type":"ListItem","position":2,"name":"Lan\u00e7amentos","item":"https:\/\/projetopack.com.br\/category\/lancamentos\/"},{"@type":"ListItem","position":3,"name":"Konica Minolta amplia estrutura de seu Digital Imaging Square no Brasil"}]},{"@type":"WebSite","@id":"https:\/\/projetopack.com.br\/#website","url":"https:\/\/projetopack.com.br\/","name":"ProjetoPack","description":"Consultoria e servi\u00e7os para embalagens, r\u00f3tulos, etiquetas e processos de impress\u00e3o","publisher":{"@id":"https:\/\/projetopack.com.br\/#organization"},"potentialAction":[{"@type":"SearchAction","target":{"@type":"EntryPoint","urlTemplate":"https:\/\/projetopack.com.br\/?s={search_term_string}"},"query-input":{"@type":"PropertyValueSpecification","valueRequired":true,"valueName":"search_term_string"}}],"inLanguage":"en-US"},{"@type":"Organization","@id":"https:\/\/projetopack.com.br\/#organization","name":"ProjetoPack & Associados","url":"https:\/\/projetopack.com.br\/","logo":{"@type":"ImageObject","inLanguage":"en-US","@id":"https:\/\/projetopack.com.br\/#\/schema\/logo\/image\/","url":"https:\/\/projetopack.com.br\/wp-content\/uploads\/2020\/09\/projetopack.png","contentUrl":"https:\/\/projetopack.com.br\/wp-content\/uploads\/2020\/09\/projetopack.png","width":200,"height":200,"caption":"ProjetoPack & Associados"},"image":{"@id":"https:\/\/projetopack.com.br\/#\/schema\/logo\/image\/"},"sameAs":["https:\/\/x.com\/ProjetoPack","https:\/\/www.linkedin.com\/company\/projetopack\/"]},{"@type":"Person","@id":"https:\/\/projetopack.com.br\/#\/schema\/person\/d17c72a4bc2b7e461496dd8a14d4cef1","name":"Andrea","image":{"@type":"ImageObject","inLanguage":"en-US","@id":"https:\/\/projetopack.com.br\/#\/schema\/person\/image\/","url":"https:\/\/projetopack.com.br\/wp-content\/uploads\/2026\/03\/eu-150x150.jpg","contentUrl":"https:\/\/projetopack.com.br\/wp-content\/uploads\/2026\/03\/eu-150x150.jpg","caption":"Andrea"},"url":"https:\/\/projetopack.com.br\/en\/author\/andrea\/"}]}},"_links":{"self":[{"href":"https:\/\/projetopack.com.br\/en\/wp-json\/wp\/v2\/posts\/12631","targetHints":{"allow":["GET"]}}],"collection":[{"href":"https:\/\/projetopack.com.br\/en\/wp-json\/wp\/v2\/posts"}],"about":[{"href":"https:\/\/projetopack.com.br\/en\/wp-json\/wp\/v2\/types\/post"}],"author":[{"embeddable":true,"href":"https:\/\/projetopack.com.br\/en\/wp-json\/wp\/v2\/users\/18"}],"replies":[{"embeddable":true,"href":"https:\/\/projetopack.com.br\/en\/wp-json\/wp\/v2\/comments?post=12631"}],"version-history":[{"count":0,"href":"https:\/\/projetopack.com.br\/en\/wp-json\/wp\/v2\/posts\/12631\/revisions"}],"wp:featuredmedia":[{"embeddable":true,"href":"https:\/\/projetopack.com.br\/en\/wp-json\/wp\/v2\/media\/12633"}],"wp:attachment":[{"href":"https:\/\/projetopack.com.br\/en\/wp-json\/wp\/v2\/media?parent=12631"}],"wp:term":[{"taxonomy":"category","embeddable":true,"href":"https:\/\/projetopack.com.br\/en\/wp-json\/wp\/v2\/categories?post=12631"},{"taxonomy":"post_tag","embeddable":true,"href":"https:\/\/projetopack.com.br\/en\/wp-json\/wp\/v2\/tags?post=12631"}],"curies":[{"name":"wp","href":"https:\/\/api.w.org\/{rel}","templated":true}]}}