{"id":12706,"date":"2021-07-21T17:30:03","date_gmt":"2021-07-21T20:30:03","guid":{"rendered":"https:\/\/www.projetopack.com.br\/?p=12706"},"modified":"2021-07-21T17:30:06","modified_gmt":"2021-07-21T20:30:06","slug":"novo-comite-tecnico-de-clicherias-para-as-americas","status":"publish","type":"post","link":"https:\/\/projetopack.com.br\/en\/novo-comite-tecnico-de-clicherias-para-as-americas\/","title":{"rendered":"Novo comit\u00ea t\u00e9cnico de clicherias para as Am\u00e9ricas"},"content":{"rendered":"<p>Em julho deste ano, a <a href=\"https:\/\/projetopack.com.br\" target=\"_blank\" rel=\"noreferrer noopener\">ProjetoPack &amp; Associados<\/a> e suas subsidi\u00e1rias <strong>ProjetoPack Printing Experts, Inc.<\/strong> e <strong>ProyectoPack Expertos de Impresi\u00f3n<\/strong> <strong>Ltda.<\/strong> \u2013 criaram uma iniciativa na \u00e1rea de flexografia: o <span class=\"has-inline-color has-vivid-red-color\">primeiro comit\u00ea t\u00e9cnico de clicherias<\/span>, para debater temas ligados \u00e0 tecnologia, informa\u00e7\u00e3o e aperfei\u00e7oamento dos nossos clientes em comum \u2013 os convertedores de embalagens flex\u00edveis, etiquetas, r\u00f3tulos e impressos cartot\u00e9cnicos.<\/p>\n\n\n\n<p class=\"has-cyan-bluish-gray-background-color has-background\">A ideia central do comit\u00ea foi a de reunir um time de profissionais para debater as d\u00favidas e anseios dos clientes percebidas em projetos de consultoria em \u00e2mbito nacional e internacional e discutir formas de solucion\u00e1-los ou mitig\u00e1-los, criando valor \u00e0 ind\u00fastria flexogr\u00e1fica como um todo.<\/p>\n\n\n\n<p>Para tal, convidamos as tr\u00eas maiores clicherias do pa\u00eds \u2013 empresas dotadas n\u00e3o apenas de capital intelectual inestim\u00e1vel, mas usu\u00e1rios avan\u00e7ados em todas as tecnologias de pr\u00e9-impress\u00e3o e manufatura de chapas flexogr\u00e1ficas consideradas o \u201cestado da arte\u201d.<\/p>\n\n\n\n<p>A pauta deste comit\u00ea ser\u00e1 absolutamente t\u00e9cnica e os resultados ser\u00e3o compartilhados com seus membros, nossos clientes de consultoria e treinamento, os clientes dos integrantes do comit\u00ea e uma parcela importante das conclus\u00f5es ser\u00e1 transformada em material editorial na ProjetoPack em Revista, suplementos impressos, e-books e eventos presenciais e online, sempre com fins did\u00e1ticos.<\/p>\n\n\n\n<blockquote class=\"wp-block-quote is-layout-flow wp-block-quote-is-layout-flow\"><p>Agradecemos de antem\u00e3o a <a href=\"https:\/\/www.clicheriablumenau.com.br\/\" target=\"_blank\" rel=\"noreferrer noopener\">Clicheria Blumenau<\/a>, <a href=\"http:\/\/alphaclicheria.com.br\/\" target=\"_blank\" rel=\"noreferrer noopener\">Alpha Clicheria<\/a> e a <a href=\"http:\/\/fotograv.com.br\/\" target=\"_blank\" rel=\"noreferrer noopener\">Fotograv<\/a>, dando-lhes boas-vindas e \u00e1vidos em receber e compartilhar experi\u00eancias e conhecimento junto \u00e0 nossa equipe de profissionais em prol da melhora da ind\u00fastria flexogr\u00e1fica.<\/p><cite>Completou <strong>Aislan Baer<\/strong>, CEO da ProjetoPack, acerca da inaugura\u00e7\u00e3o do comit\u00ea.<\/cite><\/blockquote>\n\n\n\n<p><strong>Leia mais em nosso blog:<\/strong><br><a href=\"https:\/\/projetopack.com.br\/pre-impressao-no-mercado-flexografico\/\" target=\"_blank\" rel=\"noreferrer noopener\">Pr\u00e9-impress\u00e3o no mercado flexogr\u00e1fico<\/a><\/p>","protected":false},"excerpt":{"rendered":"<p>A pauta deste comit\u00ea ser\u00e1 absolutamente t\u00e9cnica e os resultados ser\u00e3o compartilhados com seus membros.<\/p>","protected":false},"author":12,"featured_media":12707,"comment_status":"open","ping_status":"closed","sticky":true,"template":"","format":"standard","meta":{"footnotes":""},"categories":[458],"tags":[264,796,252,251,861,841,149],"class_list":["post-12706","post","type-post","status-publish","format-standard","has-post-thumbnail","hentry","category-lancamentos","tag-alpha-clicheria","tag-cliche","tag-clicheria","tag-clicheria-blumenau","tag-fotograv","tag-pre-impressao","tag-prepress"],"yoast_head":"<!-- This site is optimized with the Yoast SEO Premium plugin v27.1 (Yoast SEO v27.1.1) - https:\/\/yoast.com\/product\/yoast-seo-premium-wordpress\/ -->\n<title>Novo comit\u00ea t\u00e9cnico de clicherias para as Am\u00e9ricas - ProjetoPack<\/title>\n<meta name=\"description\" content=\"Em julho deste ano, a ProjetoPack &amp; Associados criou uma iniciativa na \u00e1rea de flexografia: o primeiro comit\u00ea t\u00e9cnico de clicherias\" \/>\n<meta name=\"robots\" content=\"index, follow, max-snippet:-1, max-image-preview:large, max-video-preview:-1\" \/>\n<link rel=\"canonical\" href=\"https:\/\/projetopack.com.br\/en\/novo-comite-tecnico-de-clicherias-para-as-americas\/\" \/>\n<meta property=\"og:locale\" content=\"en_US\" \/>\n<meta property=\"og:type\" content=\"article\" \/>\n<meta property=\"og:title\" content=\"Novo comit\u00ea t\u00e9cnico de clicherias para as Am\u00e9ricas\" \/>\n<meta property=\"og:description\" content=\"Em julho deste ano, a ProjetoPack &amp; Associados criou uma iniciativa na \u00e1rea de flexografia: o primeiro comit\u00ea t\u00e9cnico de clicherias\" \/>\n<meta property=\"og:url\" content=\"https:\/\/projetopack.com.br\/en\/novo-comite-tecnico-de-clicherias-para-as-americas\/\" \/>\n<meta property=\"og:site_name\" content=\"ProjetoPack\" \/>\n<meta property=\"article:published_time\" content=\"2021-07-21T20:30:03+00:00\" \/>\n<meta property=\"article:modified_time\" content=\"2021-07-21T20:30:06+00:00\" \/>\n<meta property=\"og:image\" content=\"https:\/\/projetopack.com.br\/wp-content\/uploads\/2021\/07\/WhatsApp-Image-2021-07-19-at-17.40.04.jpeg\" \/>\n\t<meta property=\"og:image:width\" content=\"398\" \/>\n\t<meta property=\"og:image:height\" content=\"397\" \/>\n\t<meta property=\"og:image:type\" content=\"image\/jpeg\" \/>\n<meta name=\"author\" content=\"Murilo Pinto Pereira\" \/>\n<meta name=\"twitter:card\" content=\"summary_large_image\" \/>\n<meta name=\"twitter:creator\" content=\"@ProjetoPack\" \/>\n<meta name=\"twitter:site\" content=\"@ProjetoPack\" \/>\n<meta name=\"twitter:label1\" content=\"Written by\" \/>\n\t<meta name=\"twitter:data1\" content=\"Murilo Pinto Pereira\" \/>\n\t<meta name=\"twitter:label2\" content=\"Est. reading time\" \/>\n\t<meta name=\"twitter:data2\" content=\"2 minutes\" \/>\n<script type=\"application\/ld+json\" class=\"yoast-schema-graph\">{\"@context\":\"https:\/\/schema.org\",\"@graph\":[{\"@type\":\"Article\",\"@id\":\"https:\/\/projetopack.com.br\/en\/novo-comite-tecnico-de-clicherias-para-as-americas\/#article\",\"isPartOf\":{\"@id\":\"https:\/\/projetopack.com.br\/en\/novo-comite-tecnico-de-clicherias-para-as-americas\/\"},\"author\":{\"name\":\"Murilo Pinto Pereira\",\"@id\":\"https:\/\/projetopack.com.br\/#\/schema\/person\/6e860f8340d3f2e089f05382c00b3e4b\"},\"headline\":\"Novo comit\u00ea t\u00e9cnico de clicherias para as Am\u00e9ricas\",\"datePublished\":\"2021-07-21T20:30:03+00:00\",\"dateModified\":\"2021-07-21T20:30:06+00:00\",\"mainEntityOfPage\":{\"@id\":\"https:\/\/projetopack.com.br\/en\/novo-comite-tecnico-de-clicherias-para-as-americas\/\"},\"wordCount\":290,\"commentCount\":0,\"publisher\":{\"@id\":\"https:\/\/projetopack.com.br\/#organization\"},\"image\":{\"@id\":\"https:\/\/projetopack.com.br\/en\/novo-comite-tecnico-de-clicherias-para-as-americas\/#primaryimage\"},\"thumbnailUrl\":\"https:\/\/projetopack.com.br\/wp-content\/uploads\/2021\/07\/WhatsApp-Image-2021-07-19-at-17.40.04.jpeg\",\"keywords\":[\"alpha clicheria\",\"clich\u00ea\",\"clicheria\",\"clicheria blumenau\",\"fotograv\",\"pr\u00e9-impress\u00e3o\",\"prepress\"],\"articleSection\":[\"Lan\u00e7amentos\"],\"inLanguage\":\"en-US\",\"potentialAction\":[{\"@type\":\"CommentAction\",\"name\":\"Comment\",\"target\":[\"https:\/\/projetopack.com.br\/en\/novo-comite-tecnico-de-clicherias-para-as-americas\/#respond\"]}]},{\"@type\":\"WebPage\",\"@id\":\"https:\/\/projetopack.com.br\/en\/novo-comite-tecnico-de-clicherias-para-as-americas\/\",\"url\":\"https:\/\/projetopack.com.br\/en\/novo-comite-tecnico-de-clicherias-para-as-americas\/\",\"name\":\"Novo comit\u00ea t\u00e9cnico de clicherias para as Am\u00e9ricas - ProjetoPack\",\"isPartOf\":{\"@id\":\"https:\/\/projetopack.com.br\/#website\"},\"primaryImageOfPage\":{\"@id\":\"https:\/\/projetopack.com.br\/en\/novo-comite-tecnico-de-clicherias-para-as-americas\/#primaryimage\"},\"image\":{\"@id\":\"https:\/\/projetopack.com.br\/en\/novo-comite-tecnico-de-clicherias-para-as-americas\/#primaryimage\"},\"thumbnailUrl\":\"https:\/\/projetopack.com.br\/wp-content\/uploads\/2021\/07\/WhatsApp-Image-2021-07-19-at-17.40.04.jpeg\",\"datePublished\":\"2021-07-21T20:30:03+00:00\",\"dateModified\":\"2021-07-21T20:30:06+00:00\",\"description\":\"Em julho deste ano, a ProjetoPack & Associados criou uma iniciativa na \u00e1rea de flexografia: o primeiro comit\u00ea t\u00e9cnico de clicherias\",\"breadcrumb\":{\"@id\":\"https:\/\/projetopack.com.br\/en\/novo-comite-tecnico-de-clicherias-para-as-americas\/#breadcrumb\"},\"inLanguage\":\"en-US\",\"potentialAction\":[{\"@type\":\"ReadAction\",\"target\":[\"https:\/\/projetopack.com.br\/en\/novo-comite-tecnico-de-clicherias-para-as-americas\/\"]}]},{\"@type\":\"ImageObject\",\"inLanguage\":\"en-US\",\"@id\":\"https:\/\/projetopack.com.br\/en\/novo-comite-tecnico-de-clicherias-para-as-americas\/#primaryimage\",\"url\":\"https:\/\/projetopack.com.br\/wp-content\/uploads\/2021\/07\/WhatsApp-Image-2021-07-19-at-17.40.04.jpeg\",\"contentUrl\":\"https:\/\/projetopack.com.br\/wp-content\/uploads\/2021\/07\/WhatsApp-Image-2021-07-19-at-17.40.04.jpeg\",\"width\":398,\"height\":397,\"caption\":\"comit\u00ea t\u00e9cnico de clicherias\"},{\"@type\":\"BreadcrumbList\",\"@id\":\"https:\/\/projetopack.com.br\/en\/novo-comite-tecnico-de-clicherias-para-as-americas\/#breadcrumb\",\"itemListElement\":[{\"@type\":\"ListItem\",\"position\":1,\"name\":\"P\u00e1gina Inicial\",\"item\":\"https:\/\/projetopack.com.br\/\"},{\"@type\":\"ListItem\",\"position\":2,\"name\":\"Lan\u00e7amentos\",\"item\":\"https:\/\/projetopack.com.br\/category\/lancamentos\/\"},{\"@type\":\"ListItem\",\"position\":3,\"name\":\"Novo comit\u00ea t\u00e9cnico de clicherias para as Am\u00e9ricas\"}]},{\"@type\":\"WebSite\",\"@id\":\"https:\/\/projetopack.com.br\/#website\",\"url\":\"https:\/\/projetopack.com.br\/\",\"name\":\"ProjetoPack\",\"description\":\"Consultoria e servi\u00e7os para embalagens, r\u00f3tulos, etiquetas e processos de impress\u00e3o\",\"publisher\":{\"@id\":\"https:\/\/projetopack.com.br\/#organization\"},\"potentialAction\":[{\"@type\":\"SearchAction\",\"target\":{\"@type\":\"EntryPoint\",\"urlTemplate\":\"https:\/\/projetopack.com.br\/?s={search_term_string}\"},\"query-input\":{\"@type\":\"PropertyValueSpecification\",\"valueRequired\":true,\"valueName\":\"search_term_string\"}}],\"inLanguage\":\"en-US\"},{\"@type\":\"Organization\",\"@id\":\"https:\/\/projetopack.com.br\/#organization\",\"name\":\"ProjetoPack & Associados\",\"url\":\"https:\/\/projetopack.com.br\/\",\"logo\":{\"@type\":\"ImageObject\",\"inLanguage\":\"en-US\",\"@id\":\"https:\/\/projetopack.com.br\/#\/schema\/logo\/image\/\",\"url\":\"https:\/\/projetopack.com.br\/wp-content\/uploads\/2020\/09\/projetopack.png\",\"contentUrl\":\"https:\/\/projetopack.com.br\/wp-content\/uploads\/2020\/09\/projetopack.png\",\"width\":200,\"height\":200,\"caption\":\"ProjetoPack & Associados\"},\"image\":{\"@id\":\"https:\/\/projetopack.com.br\/#\/schema\/logo\/image\/\"},\"sameAs\":[\"https:\/\/x.com\/ProjetoPack\",\"https:\/\/www.linkedin.com\/company\/projetopack\/\"]},{\"@type\":\"Person\",\"@id\":\"https:\/\/projetopack.com.br\/#\/schema\/person\/6e860f8340d3f2e089f05382c00b3e4b\",\"name\":\"Murilo Pinto Pereira\",\"image\":{\"@type\":\"ImageObject\",\"inLanguage\":\"en-US\",\"@id\":\"https:\/\/projetopack.com.br\/#\/schema\/person\/image\/\",\"url\":\"https:\/\/secure.gravatar.com\/avatar\/e88bd6a2108abef484e059b32103eaab8e51ed452ebb33926c80dea054c7e6c7?s=96&d=mm&r=g\",\"contentUrl\":\"https:\/\/secure.gravatar.com\/avatar\/e88bd6a2108abef484e059b32103eaab8e51ed452ebb33926c80dea054c7e6c7?s=96&d=mm&r=g\",\"caption\":\"Murilo Pinto Pereira\"},\"sameAs\":[\"http:\/\/murilopereira.com.br\/\"],\"url\":\"https:\/\/projetopack.com.br\/en\/author\/murilo\/\"}]}<\/script>\n<!-- \/ Yoast SEO Premium plugin. -->","yoast_head_json":{"title":"Novo comit\u00ea t\u00e9cnico de clicherias para as Am\u00e9ricas - ProjetoPack","description":"Em julho deste ano, a ProjetoPack & Associados criou uma iniciativa na \u00e1rea de flexografia: o primeiro comit\u00ea t\u00e9cnico de clicherias","robots":{"index":"index","follow":"follow","max-snippet":"max-snippet:-1","max-image-preview":"max-image-preview:large","max-video-preview":"max-video-preview:-1"},"canonical":"https:\/\/projetopack.com.br\/en\/novo-comite-tecnico-de-clicherias-para-as-americas\/","og_locale":"en_US","og_type":"article","og_title":"Novo comit\u00ea t\u00e9cnico de clicherias para as Am\u00e9ricas","og_description":"Em julho deste ano, a ProjetoPack & Associados criou uma iniciativa na \u00e1rea de flexografia: o primeiro comit\u00ea t\u00e9cnico de clicherias","og_url":"https:\/\/projetopack.com.br\/en\/novo-comite-tecnico-de-clicherias-para-as-americas\/","og_site_name":"ProjetoPack","article_published_time":"2021-07-21T20:30:03+00:00","article_modified_time":"2021-07-21T20:30:06+00:00","og_image":[{"width":398,"height":397,"url":"https:\/\/projetopack.com.br\/wp-content\/uploads\/2021\/07\/WhatsApp-Image-2021-07-19-at-17.40.04.jpeg","type":"image\/jpeg"}],"author":"Murilo Pinto Pereira","twitter_card":"summary_large_image","twitter_creator":"@ProjetoPack","twitter_site":"@ProjetoPack","twitter_misc":{"Written by":"Murilo Pinto Pereira","Est. reading time":"2 minutes"},"schema":{"@context":"https:\/\/schema.org","@graph":[{"@type":"Article","@id":"https:\/\/projetopack.com.br\/en\/novo-comite-tecnico-de-clicherias-para-as-americas\/#article","isPartOf":{"@id":"https:\/\/projetopack.com.br\/en\/novo-comite-tecnico-de-clicherias-para-as-americas\/"},"author":{"name":"Murilo Pinto Pereira","@id":"https:\/\/projetopack.com.br\/#\/schema\/person\/6e860f8340d3f2e089f05382c00b3e4b"},"headline":"Novo comit\u00ea t\u00e9cnico de clicherias para as Am\u00e9ricas","datePublished":"2021-07-21T20:30:03+00:00","dateModified":"2021-07-21T20:30:06+00:00","mainEntityOfPage":{"@id":"https:\/\/projetopack.com.br\/en\/novo-comite-tecnico-de-clicherias-para-as-americas\/"},"wordCount":290,"commentCount":0,"publisher":{"@id":"https:\/\/projetopack.com.br\/#organization"},"image":{"@id":"https:\/\/projetopack.com.br\/en\/novo-comite-tecnico-de-clicherias-para-as-americas\/#primaryimage"},"thumbnailUrl":"https:\/\/projetopack.com.br\/wp-content\/uploads\/2021\/07\/WhatsApp-Image-2021-07-19-at-17.40.04.jpeg","keywords":["alpha clicheria","clich\u00ea","clicheria","clicheria blumenau","fotograv","pr\u00e9-impress\u00e3o","prepress"],"articleSection":["Lan\u00e7amentos"],"inLanguage":"en-US","potentialAction":[{"@type":"CommentAction","name":"Comment","target":["https:\/\/projetopack.com.br\/en\/novo-comite-tecnico-de-clicherias-para-as-americas\/#respond"]}]},{"@type":"WebPage","@id":"https:\/\/projetopack.com.br\/en\/novo-comite-tecnico-de-clicherias-para-as-americas\/","url":"https:\/\/projetopack.com.br\/en\/novo-comite-tecnico-de-clicherias-para-as-americas\/","name":"Novo comit\u00ea t\u00e9cnico de clicherias para as Am\u00e9ricas - ProjetoPack","isPartOf":{"@id":"https:\/\/projetopack.com.br\/#website"},"primaryImageOfPage":{"@id":"https:\/\/projetopack.com.br\/en\/novo-comite-tecnico-de-clicherias-para-as-americas\/#primaryimage"},"image":{"@id":"https:\/\/projetopack.com.br\/en\/novo-comite-tecnico-de-clicherias-para-as-americas\/#primaryimage"},"thumbnailUrl":"https:\/\/projetopack.com.br\/wp-content\/uploads\/2021\/07\/WhatsApp-Image-2021-07-19-at-17.40.04.jpeg","datePublished":"2021-07-21T20:30:03+00:00","dateModified":"2021-07-21T20:30:06+00:00","description":"Em julho deste ano, a ProjetoPack & Associados criou uma iniciativa na \u00e1rea de flexografia: o primeiro comit\u00ea t\u00e9cnico de clicherias","breadcrumb":{"@id":"https:\/\/projetopack.com.br\/en\/novo-comite-tecnico-de-clicherias-para-as-americas\/#breadcrumb"},"inLanguage":"en-US","potentialAction":[{"@type":"ReadAction","target":["https:\/\/projetopack.com.br\/en\/novo-comite-tecnico-de-clicherias-para-as-americas\/"]}]},{"@type":"ImageObject","inLanguage":"en-US","@id":"https:\/\/projetopack.com.br\/en\/novo-comite-tecnico-de-clicherias-para-as-americas\/#primaryimage","url":"https:\/\/projetopack.com.br\/wp-content\/uploads\/2021\/07\/WhatsApp-Image-2021-07-19-at-17.40.04.jpeg","contentUrl":"https:\/\/projetopack.com.br\/wp-content\/uploads\/2021\/07\/WhatsApp-Image-2021-07-19-at-17.40.04.jpeg","width":398,"height":397,"caption":"comit\u00ea t\u00e9cnico de clicherias"},{"@type":"BreadcrumbList","@id":"https:\/\/projetopack.com.br\/en\/novo-comite-tecnico-de-clicherias-para-as-americas\/#breadcrumb","itemListElement":[{"@type":"ListItem","position":1,"name":"P\u00e1gina Inicial","item":"https:\/\/projetopack.com.br\/"},{"@type":"ListItem","position":2,"name":"Lan\u00e7amentos","item":"https:\/\/projetopack.com.br\/category\/lancamentos\/"},{"@type":"ListItem","position":3,"name":"Novo comit\u00ea t\u00e9cnico de clicherias para as Am\u00e9ricas"}]},{"@type":"WebSite","@id":"https:\/\/projetopack.com.br\/#website","url":"https:\/\/projetopack.com.br\/","name":"ProjetoPack","description":"Consultoria e servi\u00e7os para embalagens, r\u00f3tulos, etiquetas e processos de impress\u00e3o","publisher":{"@id":"https:\/\/projetopack.com.br\/#organization"},"potentialAction":[{"@type":"SearchAction","target":{"@type":"EntryPoint","urlTemplate":"https:\/\/projetopack.com.br\/?s={search_term_string}"},"query-input":{"@type":"PropertyValueSpecification","valueRequired":true,"valueName":"search_term_string"}}],"inLanguage":"en-US"},{"@type":"Organization","@id":"https:\/\/projetopack.com.br\/#organization","name":"ProjetoPack & Associados","url":"https:\/\/projetopack.com.br\/","logo":{"@type":"ImageObject","inLanguage":"en-US","@id":"https:\/\/projetopack.com.br\/#\/schema\/logo\/image\/","url":"https:\/\/projetopack.com.br\/wp-content\/uploads\/2020\/09\/projetopack.png","contentUrl":"https:\/\/projetopack.com.br\/wp-content\/uploads\/2020\/09\/projetopack.png","width":200,"height":200,"caption":"ProjetoPack & Associados"},"image":{"@id":"https:\/\/projetopack.com.br\/#\/schema\/logo\/image\/"},"sameAs":["https:\/\/x.com\/ProjetoPack","https:\/\/www.linkedin.com\/company\/projetopack\/"]},{"@type":"Person","@id":"https:\/\/projetopack.com.br\/#\/schema\/person\/6e860f8340d3f2e089f05382c00b3e4b","name":"Murilo Pinto Pereira","image":{"@type":"ImageObject","inLanguage":"en-US","@id":"https:\/\/projetopack.com.br\/#\/schema\/person\/image\/","url":"https:\/\/secure.gravatar.com\/avatar\/e88bd6a2108abef484e059b32103eaab8e51ed452ebb33926c80dea054c7e6c7?s=96&d=mm&r=g","contentUrl":"https:\/\/secure.gravatar.com\/avatar\/e88bd6a2108abef484e059b32103eaab8e51ed452ebb33926c80dea054c7e6c7?s=96&d=mm&r=g","caption":"Murilo Pinto Pereira"},"sameAs":["http:\/\/murilopereira.com.br\/"],"url":"https:\/\/projetopack.com.br\/en\/author\/murilo\/"}]}},"_links":{"self":[{"href":"https:\/\/projetopack.com.br\/en\/wp-json\/wp\/v2\/posts\/12706","targetHints":{"allow":["GET"]}}],"collection":[{"href":"https:\/\/projetopack.com.br\/en\/wp-json\/wp\/v2\/posts"}],"about":[{"href":"https:\/\/projetopack.com.br\/en\/wp-json\/wp\/v2\/types\/post"}],"author":[{"embeddable":true,"href":"https:\/\/projetopack.com.br\/en\/wp-json\/wp\/v2\/users\/12"}],"replies":[{"embeddable":true,"href":"https:\/\/projetopack.com.br\/en\/wp-json\/wp\/v2\/comments?post=12706"}],"version-history":[{"count":0,"href":"https:\/\/projetopack.com.br\/en\/wp-json\/wp\/v2\/posts\/12706\/revisions"}],"wp:featuredmedia":[{"embeddable":true,"href":"https:\/\/projetopack.com.br\/en\/wp-json\/wp\/v2\/media\/12707"}],"wp:attachment":[{"href":"https:\/\/projetopack.com.br\/en\/wp-json\/wp\/v2\/media?parent=12706"}],"wp:term":[{"taxonomy":"category","embeddable":true,"href":"https:\/\/projetopack.com.br\/en\/wp-json\/wp\/v2\/categories?post=12706"},{"taxonomy":"post_tag","embeddable":true,"href":"https:\/\/projetopack.com.br\/en\/wp-json\/wp\/v2\/tags?post=12706"}],"curies":[{"name":"wp","href":"https:\/\/api.w.org\/{rel}","templated":true}]}}