{"id":12809,"date":"2021-07-29T11:27:24","date_gmt":"2021-07-29T14:27:24","guid":{"rendered":"https:\/\/www.projetopack.com.br\/?p=12809"},"modified":"2026-03-16T16:57:35","modified_gmt":"2026-03-16T19:57:35","slug":"projetopack-e-embracon-maior-administradora-de-consorcios-independente-do-pais-firmam-parceria","status":"publish","type":"post","link":"https:\/\/projetopack.com.br\/en\/projetopack-e-embracon-maior-administradora-de-consorcios-independente-do-pais-firmam-parceria\/","title":{"rendered":"ProjetoPack e Embracon, maior administradora de cons\u00f3rcios independente do pa\u00eds, firmam parceria"},"content":{"rendered":"<p>A <a href=\"https:\/\/www.embracon.com.br\" rel=\"noreferrer noopener\" target=\"_blank\">Embracon<\/a> &#8211; Empresa Brasileira de Cons\u00f3rcios, fundada em 1988 por <strong>Juarez Antonio da Silva<\/strong> e <strong>Guido Savian Jr.<\/strong>, ocupa atualmente a primeira posi\u00e7\u00e3o de acordo com o ranking do BACEN na categoria \u201cde administradora de cons\u00f3rcios independente\u201d no pa\u00eds.<\/p>\n\n\n\n<p>Com uma impressionante carteira de mais de 120 mil clientes ativos, entre pessoas f\u00edsicas e jur\u00eddicas, a Embracon registra cifras ainda mais impressionantes:<\/p>\n\n\n\n<ul class=\"wp-block-list\"><li>J\u00e1 s\u00e3o mais de 500 mil bens entregues aos consorciados;<\/li><li>Gerencia mais de 1000 contempla\u00e7\u00f5es mensais;<\/li><li>Fatura mais de 500 milh\u00f5es de reais mensais exclusivamente com cons\u00f3rcios.<\/li><\/ul>\n\n\n\n<p>Para administrar n\u00fameros dessa magnitude, a Embracon possui um experiente e bem treinado time de mais de 2 mil colaboradores, distribu\u00eddos em mais de 90 filiais situadas em praticamente todas as capitais e regi\u00f5es metropolitanas. A sede da Embracon, em Santana do Parna\u00edba, Alphaville (S\u00e3o Paulo) \u00e9 o <em>hub<\/em> estrat\u00e9gico para a discuss\u00e3o de novos projetos.<\/p>\n\n\n\n<p>Como maior agente brasileira de cons\u00f3rcios independente, a Embracon oferece uma ampla gama de modalidades de cons\u00f3rcio. No \u00e2mbito de pessoas jur\u00eddicas, cons\u00f3rcios que cobrem a necessidade de aquisi\u00e7\u00e3o de im\u00f3veis, autom\u00f3veis, reformas, amplia\u00e7\u00f5es, projetos, quita\u00e7\u00e3o de financiamentos banc\u00e1rios, maquin\u00e1rio agr\u00edcola, aeronaves, renova\u00e7\u00e3o de frotas, buffer financeiro dentre outros.<\/p>\n\n\n\n<p>Em n\u00edvel pessoal, al\u00e9m da aquisi\u00e7\u00e3o de bens variados, h\u00e1 uma infinidade de servi\u00e7os pass\u00edveis de cons\u00f3rcio,&nbsp;tais como viagens, cirurgias est\u00e9ticas, despesas com casamentos, plano odontol\u00f3gico etc.<\/p>\n\n\n\n<h2 class=\"wp-block-heading\" id=\"h-a-din-mica-do-cons-rcio\"><strong>A din\u00e2mica do cons\u00f3rcio<\/strong><\/h2>\n\n\n\n<p>Cons\u00f3rcio \u00e9 uma reuni\u00e3o de pessoas f\u00edsicas ou jur\u00eddicas, em grupo fechado, promovido pela administradora com a autoriza\u00e7\u00e3o do BACEN, o Banco Central.<\/p>\n\n\n\n<p>\u00c9 definido por ser um sistema de compra parcelada e programada de um determinado bem ou servi\u00e7o em um dado per\u00edodo de tempo.<\/p>\n\n\n\n<p>Os consorciados s\u00e3o separados em grupos que, com contribui\u00e7\u00f5es mensais, arrecadam o valor necess\u00e1rio para as chamadas contempla\u00e7\u00f5es &#8211; isto \u00e9, a entrega dos bens escolhidos. Mensalmente, os participantes com o pagamento em dia concorrem a \u201csorteios\u201d.<\/p>\n\n\n\n<p class=\"has-cyan-bluish-gray-background-color has-background\">Quando comparado a outras op\u00e7\u00f5es de cr\u00e9dito dispon\u00edveis no mercado financeiro, o cons\u00f3rcio em geral \u00e9 mais barato &#8211; uma vez que as parcelas podem ser definidas de acordo com a sua capacidade de realizar pagamentos, n\u00e3o t\u00eam juros e n\u00e3o exigem nenhum tipo de entrada.<\/p>\n\n\n\n<p>Cada cliente de um cons\u00f3rcio contrata uma opera\u00e7\u00e3o espec\u00edfica junto \u00e0 Embracon, que estuda individualmente o caso. As contrata\u00e7\u00f5es em geral partem de 36 a 240 meses para a aquisi\u00e7\u00e3o de im\u00f3veis, 36 a 100 meses para automotores (autom\u00f3veis, caminh\u00f5es, m\u00e1quinas agr\u00edcolas, motocicletas, embarca\u00e7\u00f5es, m\u00e1quinas industriais e afins) e prazos mais enxutos &#8211; na ordem de 20 a 40 meses, para servi\u00e7os em geral.<\/p>\n\n\n\n<p>No decorrer de uma opera\u00e7\u00e3o de cons\u00f3rcio, s\u00e3o realizadas assembl\u00e9ias mensais. Neste quesito, a Embracon possui um diferencial competitivo importante: \u00e9 a \u00fanica a disponibilizar \u00e0 sua base de clientes quatro chances reais de contempla\u00e7\u00f5es, onde uma categoria n\u00e3o concorre com a outra; uma vantagem que t\u00eam sido estrat\u00e9gica no aumento do volume de contemplados m\u00eas a m\u00eas, corroborando para o crescimento da companhia.<\/p>\n\n\n\n<p>Outra vantagem da modalidade de cons\u00f3rcio \u00e9 o prazo mais curto do que um financiamento convencional, que pode ser ainda menor uma vez que n\u00e3o h\u00e1 incid\u00eancia de juros como as demais institui\u00e7\u00f5es financeiras, provendo liquidez ao adquirente para que possa at\u00e9 mesmo adiantar as suas parcelas.<\/p>\n\n\n\n<p class=\"has-cyan-bluish-gray-background-color has-background\" id=\"h-a-embracon-prov-uma-assessoria-personalizada-a-cada-opera-o-visando-elucidar-d-vidas-e-estruturar-a-opera-o-que-atenda-s-necessidades-dos-consorciados-por-prazo-montante-do-investimento-ou-ambos\">A Embracon prov\u00ea uma assessoria personalizada a cada opera\u00e7\u00e3o, visando elucidar d\u00favidas e estruturar a opera\u00e7\u00e3o que atenda \u00e0s necessidades dos consorciados por prazo, montante do investimento ou ambos.<\/p>\n\n\n\n<p>Apesar de ser uma opera\u00e7\u00e3o financeira interessante em custo e prazo, a cultura do cons\u00f3rcio &#8211; especialmente na pessoa jur\u00eddica &#8211; \u00e9 relativamente recente. A bem da verdade, nos anos 90 existiam restri\u00e7\u00f5es para esta modalidade, que foram sendo superadas com o aprimoramento e diversifica\u00e7\u00e3o do setor financeiro no pa\u00eds.<\/p>\n\n\n\n<p>Hoje, as opera\u00e7\u00f5es de cons\u00f3rcio superaram os mais de R$ 163 bilh\u00f5es somente em 2020, um ano sabidamente dif\u00edcil em virtude do cen\u00e1rio pol\u00edtico inst\u00e1vel e da pr\u00f3pria pandemia. Esta cifra corresponde a um aumento de mais de 21% em rela\u00e7\u00e3o ao ano anterior.<\/p>\n\n\n\n<h2 class=\"wp-block-heading\" id=\"h-cons-rcio-versus-finame\"><strong>Cons\u00f3rcio <em>versus<\/em> FINAME<\/strong><\/h2>\n\n\n\n<p>Aos nossos leitores &#8211; profissionais oriundos das ind\u00fastrias gr\u00e1ficas e convertedoras de embalagens, r\u00f3tulos e etiquetas &#8211; uma das d\u00favidas que certamente deve passar pela cabe\u00e7a \u00e9: &#8211; Ser\u00e1 que o cons\u00f3rcio poderia ser uma op\u00e7\u00e3o ao FINAME na aquisi\u00e7\u00e3o de uma m\u00e1quina impressora, por exemplo?<\/p>\n\n\n\n<p>A resposta \u00e9 sim. Com taxas e prazos bastante competitivos, as opera\u00e7\u00f5es estruturadas desenvolvidas pela Embracon atendem expectativas reais de contempla\u00e7\u00e3o &#8211; algo especialmente cr\u00edtico para a pessoa jur\u00eddica, onde atrasos representam perdas econ\u00f4micas reais ou custo de oportunidade que podem impactar sensivelmente a companhia.<\/p>\n\n\n\n<p>Para lastrear uma opera\u00e7\u00e3o de cons\u00f3rcio, existe tamb\u00e9m uma vasta gama de possibilidades. Im\u00f3veis comerciais, industriais, residenciais, bens de capital, automotores ou mesmo notas fiscais de servi\u00e7o s\u00e3o algumas das possibilidades.<\/p>\n\n\n\n<h2 class=\"wp-block-heading\" id=\"h-comprando-m-quinas-via-cons-rcio\"><strong>Comprando m\u00e1quinas via cons\u00f3rcio<\/strong><\/h2>\n\n\n\n<p>Quando se trata da aquisi\u00e7\u00e3o de m\u00e1quinas &#8211; impressoras, laminadoras, extrusoras, m\u00e1quinas de acabamento e por a\u00ed vai &#8211; a opera\u00e7\u00e3o \u00e9 basicamente a mesma de um cons\u00f3rcio convencional, por\u00e9m as garantias s\u00e3o substitutivas.<\/p>\n\n\n\n<p>Uma poss\u00edvel vantagem estrat\u00e9gica adicional, especificamente no caso da aquisi\u00e7\u00e3o de uma m\u00e1quina ou equipamento \u00e9 tratar a opera\u00e7\u00e3o de uma forma mais sist\u00eamica, considerando na estrutura\u00e7\u00e3o n\u00e3o apenas o valor da m\u00e1quina, mas os recursos necess\u00e1rios desde os acess\u00f3rios, instala\u00e7\u00e3o e tudo o que, de alguma forma, potencialize o projeto sem, contudo, \u201csangrar\u201d o fluxo de caixa da ind\u00fastria &#8211; o que no caso das ind\u00fastrias gr\u00e1ficas e convertedoras, \u00e9 um ponto crucial.<\/p>\n\n\n\n<p>Se a engenharia for precisa, a opera\u00e7\u00e3o \u00e9 autossuficiente. A opera\u00e7\u00e3o estruturada trar\u00e1 um pulm\u00e3o financeiro (buffer) equivalente a uma car\u00eancia como a do FINAME, dando o f\u00f4lego necess\u00e1rio para que a m\u00e1quina passe a produzir receita, pagando mensalmente as parcelas sem juros no fluxo de forma sustent\u00e1vel.<\/p>\n\n\n\n<h2 class=\"wp-block-heading\" id=\"h-parceria-exclusiva-com-a-projetopack\"><strong>Parceria exclusiva com a ProjetoPack<\/strong><\/h2>\n\n\n\n<p>A partir de um cliente comum da Embracon e da ProjetoPack, iniciamos uma aproxima\u00e7\u00e3o para criar um projeto personalizado \u00e0s ind\u00fastrias gr\u00e1ficas e convertedoras, entendendo que a <a href=\"https:\/\/projetopack.com.br\" rel=\"noreferrer noopener\" target=\"_blank\">ProjetoPack &amp; Associados<\/a> \u00e9, atualmente, refer\u00eancia t\u00e9cnica e de mercado nestes setores &#8211; algo inclusive referendado pela nossa cliente em comum, a <a href=\"https:\/\/www.laserflex.com.br\/site\/\" rel=\"noreferrer noopener\" target=\"_blank\">Laserflex Matrizes Gr\u00e1ficas<\/a>.<\/p>\n\n\n\n<p>A Laserflex \u00e9 uma empresa que ocupa posi\u00e7\u00e3o de lideran\u00e7a no mercado nacional na fabrica\u00e7\u00e3o de camisas e cilindros porta-clich\u00eas, anilox e acess\u00f3rios correlatos.<\/p>\n\n\n\n<p>Movimentamos junto \u00e0 Laserflex uma opera\u00e7\u00e3o inicial no valor de R$ 10 milh\u00f5es, tendo contemplado 50% do montante em menos de 4 meses da sua estrutura\u00e7\u00e3o. Para este projeto de R$ 10 milh\u00f5es, a Laserflex teve um desembolso m\u00e9dio em parcelas na ordem de R$ 300 mil reais apenas e quase 0% de lances realizados com recurso pr\u00f3prio.<\/p>\n\n\n\n<p>&#8220;Ap\u00f3s um criterioso mapeamento das necessidades financeiras m\u00e9dias das ind\u00fastrias gr\u00e1ficas e convertedoras brasileiras, a ProjetoPack desenhou conosco alguns cen\u00e1rios para que a Embracon pudesse oferecer condi\u00e7\u00f5es que espelham a realidade deste mercado e que possam, de fato, servir de ferramenta para fomentar novos investimentos n\u00e3o apenas aos clientes da ProjetoPack, mas para toda a ind\u00fastria gr\u00e1fica de forma geral&#8221;<\/p>\n\n\n\n<p>Um outro benef\u00edcio importante \u00e9 que todas as opera\u00e7\u00f5es de cons\u00f3rcio estruturadas para este setores que envolvem a aquisi\u00e7\u00e3o de m\u00e1quinas, equipamentos e acess\u00f3rios fabricados ou comercializados por anunciantes da <a href=\"https:\/\/projetopack.com.br\/revista-projeto-pack\/\" rel=\"noreferrer noopener\" target=\"_blank\">ProjetoPack em Revista<\/a> &#8211; ind\u00fastrias como <a href=\"https:\/\/www.flexopower.com.br\/\" rel=\"noreferrer noopener\" target=\"_blank\">Flexopower<\/a>, <a href=\"https:\/\/comexi.com\/pt\" rel=\"noreferrer noopener\" target=\"_blank\">Comexi<\/a>, <a href=\"http:\/\/etirama.com.br\/\" rel=\"noreferrer noopener\" target=\"_blank\">Etirama<\/a>, <a href=\"https:\/\/www.totani.co.jp\/en\/\" rel=\"noreferrer noopener\" target=\"_blank\">Totani<\/a>, <a href=\"https:\/\/maquinarium.com.br\/\" rel=\"noreferrer noopener\" target=\"_blank\">Maquinarium<\/a>, <a href=\"https:\/\/www.inovagraf.com\/\" rel=\"noreferrer noopener\" target=\"_blank\">Inovagraf<\/a>, <a href=\"https:\/\/viscoflex.com.br\/\" rel=\"noreferrer noopener\" target=\"_blank\">Viscoflex<\/a>, <a href=\"https:\/\/www.flexolinea.com.br\/\" rel=\"noreferrer noopener\" target=\"_blank\">Flexol\u00ednea<\/a>, <a href=\"https:\/\/www.miraclon.com\/\" rel=\"noreferrer noopener\" target=\"_blank\">Miraclon<\/a>, <a href=\"https:\/\/www.zanatto.com.br\/\" rel=\"noreferrer noopener\" target=\"_blank\">Zanatto<\/a>, <a href=\"https:\/\/www.perfilcg.com\/\" rel=\"noreferrer noopener\" target=\"_blank\">Perfil CG<\/a>, <a href=\"https:\/\/www.techkon.com\/home-techkon.html\" rel=\"noreferrer noopener\" target=\"_blank\">Techkon<\/a>, <a href=\"https:\/\/pt-br.apexinternational.com\/\" rel=\"noreferrer noopener\" target=\"_blank\">Apex<\/a>, <a href=\"http:\/\/www.jmheaford.co.uk\/\" rel=\"noreferrer noopener\" target=\"_blank\">JM Heaford<\/a>, <a href=\"https:\/\/reinaflexmaquinas.com.br\/\" rel=\"noreferrer noopener\" target=\"_blank\">Reinaflex<\/a> dentre outras &#8211; ter\u00e3o tabelas com condi\u00e7\u00f5es especiais ainda mais arrojadas. M\u00e1quinas e equipamentos importados tamb\u00e9m podem ser considerados mediante garantias substitutivas.<\/p>\n\n\n\n<p class=\"has-cyan-bluish-gray-background-color has-background\">\u00c9 poss\u00edvel realizar simula\u00e7\u00f5es gratuitas e sem compromisso destas opera\u00e7\u00f5es. Para tal, envie um e-mail contando um pouco mais sobre seu projeto ou ideia e qual a sua necessidade financeira para concretiz\u00e1-lo para <a href=\"http:\/\/mailto:atendimento@projetopack.com\" rel=\"noreferrer noopener\" target=\"_blank\">atendimento@projetopack.com<\/a>.<\/p>\n\n\n\n<p>\u201cEstamos bastante empolgados e seguros de que a Embracon e suas opera\u00e7\u00f5es de cons\u00f3rcio podem literalmente salvar empresas que est\u00e3o ref\u00e9ns de amplia\u00e7\u00e3o ou renova\u00e7\u00e3o de seu parque gr\u00e1fico ou, ainda, trazer uma vantagem important\u00edssima \u00e0s gr\u00e1ficas e convertedoras que j\u00e1 ocupam posi\u00e7\u00e3o de destaque e querem continuar ampliando seus neg\u00f3cios nos pr\u00f3ximos meses\u201d, afirma <strong>Robson Diego F. Caldas<\/strong>, executivo de opera\u00e7\u00f5es estruturadas da Embracon.<\/p>\n\n\n\n<p>Com o cen\u00e1rio inst\u00e1vel que descompassou o balan\u00e7o de muitas gr\u00e1ficas e convertedoras na pandemia, o processo de financiamento em bancos ou FINAME ficou caro, mais burocr\u00e1tico e, para muitos, invi\u00e1vel.<\/p>\n\n\n\n<p>A Embracon \u00e9 a \u00fanica empresa capaz de prover com confiabilidade e seguran\u00e7a uma solu\u00e7\u00e3o para esta ind\u00fastria e isto nos motivou a engendrar uma parceria com eles. A ind\u00fastria gr\u00e1fica e convertedora n\u00e3o pode parar de investir e crescer por conta da pandemia. Agora as gr\u00e1ficas e convertedoras ter\u00e3o uma nova e competitiva op\u00e7\u00e3o a somar-se com as outras modalidades de financiamento dispon\u00edveis no mercado de capitais.<\/p>\n\n\n\n<p><strong>Leia mais em nosso blog:<\/strong><br><a href=\"https:\/\/projetopack.com.br\/corona-a-crise-economica-e-as-possiveis-solucoes-a-industria-de-embalagens-e-rotulos\/\" target=\"_blank\" rel=\"noreferrer noopener\">Corona, a crise econ\u00f4mica e as poss\u00edveis solu\u00e7\u00f5es \u00e0 ind\u00fastria gr\u00e1fica e convertedora<\/a><\/p>","protected":false},"excerpt":{"rendered":"<p>Agora as gr\u00e1ficas e convertedoras ter\u00e3o uma nova e competitiva op\u00e7\u00e3o a somar-se com as outras modalidades de financiamento dispon\u00edveis no mercado de capitais.<\/p>","protected":false},"author":485,"featured_media":12811,"comment_status":"open","ping_status":"closed","sticky":true,"template":"","format":"standard","meta":{"footnotes":""},"categories":[458],"tags":[864,862,867,866,865,863,26],"class_list":["post-12809","post","type-post","status-publish","format-standard","has-post-thumbnail","hentry","category-lancamentos","tag-compra-de-maquinas","tag-consorcio","tag-embracon","tag-finame","tag-financiamento-de-maquinas","tag-investimento","tag-projetopack"],"yoast_head":"<!-- This site is optimized with the Yoast SEO Premium plugin v27.1 (Yoast SEO v27.1.1) - https:\/\/yoast.com\/product\/yoast-seo-premium-wordpress\/ -->\n<title>ProjetoPack e Embracon, maior administradora de cons\u00f3rcios independente do pa\u00eds, firmam parceria - ProjetoPack<\/title>\n<meta name=\"description\" content=\"Com o cen\u00e1rio inst\u00e1vel, o processo de financiamento em bancos ou FINAME ficou caro, mais burocr\u00e1tico e, para muitos, invi\u00e1vel.\" \/>\n<meta name=\"robots\" content=\"index, follow, max-snippet:-1, max-image-preview:large, max-video-preview:-1\" \/>\n<link rel=\"canonical\" href=\"https:\/\/projetopack.com.br\/en\/projetopack-e-embracon-maior-administradora-de-consorcios-independente-do-pais-firmam-parceria\/\" \/>\n<meta property=\"og:locale\" content=\"en_US\" \/>\n<meta property=\"og:type\" content=\"article\" \/>\n<meta property=\"og:title\" content=\"ProjetoPack e Embracon, maior administradora de cons\u00f3rcios independente do pa\u00eds, firmam parceria\" \/>\n<meta property=\"og:description\" content=\"Com o cen\u00e1rio inst\u00e1vel, o processo de financiamento em bancos ou FINAME ficou caro, mais burocr\u00e1tico e, para muitos, invi\u00e1vel.\" \/>\n<meta property=\"og:url\" content=\"https:\/\/projetopack.com.br\/en\/projetopack-e-embracon-maior-administradora-de-consorcios-independente-do-pais-firmam-parceria\/\" \/>\n<meta property=\"og:site_name\" content=\"ProjetoPack\" \/>\n<meta property=\"article:published_time\" content=\"2021-07-29T14:27:24+00:00\" \/>\n<meta property=\"article:modified_time\" content=\"2026-03-16T19:57:35+00:00\" \/>\n<meta property=\"og:image\" content=\"https:\/\/projetopack.com.br\/wp-content\/uploads\/2021\/07\/Embracon.jpg\" \/>\n\t<meta property=\"og:image:width\" content=\"1814\" \/>\n\t<meta property=\"og:image:height\" content=\"1507\" \/>\n\t<meta property=\"og:image:type\" content=\"image\/jpeg\" \/>\n<meta name=\"author\" content=\"Projeto Pack Consultoria e Treinamento\" \/>\n<meta name=\"twitter:card\" content=\"summary_large_image\" \/>\n<meta name=\"twitter:creator\" content=\"@ProjetoPack\" \/>\n<meta name=\"twitter:site\" content=\"@ProjetoPack\" \/>\n<meta name=\"twitter:label1\" content=\"Written by\" \/>\n\t<meta name=\"twitter:data1\" content=\"Projeto Pack Consultoria e Treinamento\" \/>\n\t<meta name=\"twitter:label2\" content=\"Est. reading time\" \/>\n\t<meta name=\"twitter:data2\" content=\"7 minutes\" \/>\n<script type=\"application\/ld+json\" class=\"yoast-schema-graph\">{\"@context\":\"https:\/\/schema.org\",\"@graph\":[{\"@type\":\"Article\",\"@id\":\"https:\/\/projetopack.com.br\/projetopack-e-embracon-maior-administradora-de-consorcios-independente-do-pais-firmam-parceria\/#article\",\"isPartOf\":{\"@id\":\"https:\/\/projetopack.com.br\/projetopack-e-embracon-maior-administradora-de-consorcios-independente-do-pais-firmam-parceria\/\"},\"author\":{\"name\":\"Projeto Pack Consultoria e Treinamento\",\"@id\":\"https:\/\/projetopack.com.br\/#\/schema\/person\/85a2e510ed8149327b545eabf95ee7ab\"},\"headline\":\"ProjetoPack e Embracon, maior administradora de cons\u00f3rcios independente do pa\u00eds, firmam parceria\",\"datePublished\":\"2021-07-29T14:27:24+00:00\",\"dateModified\":\"2026-03-16T19:57:35+00:00\",\"mainEntityOfPage\":{\"@id\":\"https:\/\/projetopack.com.br\/projetopack-e-embracon-maior-administradora-de-consorcios-independente-do-pais-firmam-parceria\/\"},\"wordCount\":1632,\"commentCount\":0,\"publisher\":{\"@id\":\"https:\/\/projetopack.com.br\/#organization\"},\"image\":{\"@id\":\"https:\/\/projetopack.com.br\/projetopack-e-embracon-maior-administradora-de-consorcios-independente-do-pais-firmam-parceria\/#primaryimage\"},\"thumbnailUrl\":\"https:\/\/projetopack.com.br\/wp-content\/uploads\/2021\/07\/Embracon.jpg\",\"keywords\":[\"compra de m\u00e1quinas\",\"cons\u00f3rcio\",\"embracon\",\"finame\",\"financiamento de m\u00e1quinas\",\"investimento\",\"ProjetoPack\"],\"articleSection\":[\"Lan\u00e7amentos\"],\"inLanguage\":\"en-US\",\"potentialAction\":[{\"@type\":\"CommentAction\",\"name\":\"Comment\",\"target\":[\"https:\/\/projetopack.com.br\/projetopack-e-embracon-maior-administradora-de-consorcios-independente-do-pais-firmam-parceria\/#respond\"]}]},{\"@type\":\"WebPage\",\"@id\":\"https:\/\/projetopack.com.br\/projetopack-e-embracon-maior-administradora-de-consorcios-independente-do-pais-firmam-parceria\/\",\"url\":\"https:\/\/projetopack.com.br\/projetopack-e-embracon-maior-administradora-de-consorcios-independente-do-pais-firmam-parceria\/\",\"name\":\"ProjetoPack e Embracon, maior administradora de cons\u00f3rcios independente do pa\u00eds, firmam parceria - ProjetoPack\",\"isPartOf\":{\"@id\":\"https:\/\/projetopack.com.br\/#website\"},\"primaryImageOfPage\":{\"@id\":\"https:\/\/projetopack.com.br\/projetopack-e-embracon-maior-administradora-de-consorcios-independente-do-pais-firmam-parceria\/#primaryimage\"},\"image\":{\"@id\":\"https:\/\/projetopack.com.br\/projetopack-e-embracon-maior-administradora-de-consorcios-independente-do-pais-firmam-parceria\/#primaryimage\"},\"thumbnailUrl\":\"https:\/\/projetopack.com.br\/wp-content\/uploads\/2021\/07\/Embracon.jpg\",\"datePublished\":\"2021-07-29T14:27:24+00:00\",\"dateModified\":\"2026-03-16T19:57:35+00:00\",\"description\":\"Com o cen\u00e1rio inst\u00e1vel, o processo de financiamento em bancos ou FINAME ficou caro, mais burocr\u00e1tico e, para muitos, invi\u00e1vel.\",\"breadcrumb\":{\"@id\":\"https:\/\/projetopack.com.br\/projetopack-e-embracon-maior-administradora-de-consorcios-independente-do-pais-firmam-parceria\/#breadcrumb\"},\"inLanguage\":\"en-US\",\"potentialAction\":[{\"@type\":\"ReadAction\",\"target\":[\"https:\/\/projetopack.com.br\/projetopack-e-embracon-maior-administradora-de-consorcios-independente-do-pais-firmam-parceria\/\"]}]},{\"@type\":\"ImageObject\",\"inLanguage\":\"en-US\",\"@id\":\"https:\/\/projetopack.com.br\/projetopack-e-embracon-maior-administradora-de-consorcios-independente-do-pais-firmam-parceria\/#primaryimage\",\"url\":\"https:\/\/projetopack.com.br\/wp-content\/uploads\/2021\/07\/Embracon.jpg\",\"contentUrl\":\"https:\/\/projetopack.com.br\/wp-content\/uploads\/2021\/07\/Embracon.jpg\",\"width\":1814,\"height\":1507,\"caption\":\"embracon\"},{\"@type\":\"BreadcrumbList\",\"@id\":\"https:\/\/projetopack.com.br\/projetopack-e-embracon-maior-administradora-de-consorcios-independente-do-pais-firmam-parceria\/#breadcrumb\",\"itemListElement\":[{\"@type\":\"ListItem\",\"position\":1,\"name\":\"P\u00e1gina Inicial\",\"item\":\"https:\/\/projetopack.com.br\/\"},{\"@type\":\"ListItem\",\"position\":2,\"name\":\"Lan\u00e7amentos\",\"item\":\"https:\/\/projetopack.com.br\/category\/lancamentos\/\"},{\"@type\":\"ListItem\",\"position\":3,\"name\":\"ProjetoPack e Embracon, maior administradora de cons\u00f3rcios independente do pa\u00eds, firmam parceria\"}]},{\"@type\":\"WebSite\",\"@id\":\"https:\/\/projetopack.com.br\/#website\",\"url\":\"https:\/\/projetopack.com.br\/\",\"name\":\"ProjetoPack\",\"description\":\"Consultoria e servi\u00e7os para embalagens, r\u00f3tulos, etiquetas e processos de impress\u00e3o\",\"publisher\":{\"@id\":\"https:\/\/projetopack.com.br\/#organization\"},\"potentialAction\":[{\"@type\":\"SearchAction\",\"target\":{\"@type\":\"EntryPoint\",\"urlTemplate\":\"https:\/\/projetopack.com.br\/?s={search_term_string}\"},\"query-input\":{\"@type\":\"PropertyValueSpecification\",\"valueRequired\":true,\"valueName\":\"search_term_string\"}}],\"inLanguage\":\"en-US\"},{\"@type\":\"Organization\",\"@id\":\"https:\/\/projetopack.com.br\/#organization\",\"name\":\"ProjetoPack & Associados\",\"url\":\"https:\/\/projetopack.com.br\/\",\"logo\":{\"@type\":\"ImageObject\",\"inLanguage\":\"en-US\",\"@id\":\"https:\/\/projetopack.com.br\/#\/schema\/logo\/image\/\",\"url\":\"https:\/\/projetopack.com.br\/wp-content\/uploads\/2020\/09\/projetopack.png\",\"contentUrl\":\"https:\/\/projetopack.com.br\/wp-content\/uploads\/2020\/09\/projetopack.png\",\"width\":200,\"height\":200,\"caption\":\"ProjetoPack & Associados\"},\"image\":{\"@id\":\"https:\/\/projetopack.com.br\/#\/schema\/logo\/image\/\"},\"sameAs\":[\"https:\/\/x.com\/ProjetoPack\",\"https:\/\/www.linkedin.com\/company\/projetopack\/\"]},{\"@type\":\"Person\",\"@id\":\"https:\/\/projetopack.com.br\/#\/schema\/person\/85a2e510ed8149327b545eabf95ee7ab\",\"name\":\"Projeto Pack Consultoria e Treinamento\",\"image\":{\"@type\":\"ImageObject\",\"inLanguage\":\"en-US\",\"@id\":\"https:\/\/projetopack.com.br\/#\/schema\/person\/image\/\",\"url\":\"https:\/\/projetopack.com.br\/wp-content\/uploads\/2020\/09\/Logo-ProjetoPack-Horizontal-100x100.jpg\",\"contentUrl\":\"https:\/\/projetopack.com.br\/wp-content\/uploads\/2020\/09\/Logo-ProjetoPack-Horizontal-100x100.jpg\",\"caption\":\"Projeto Pack Consultoria e Treinamento\"},\"url\":\"https:\/\/projetopack.com.br\/en\/author\/projetopack\/\"}]}<\/script>\n<!-- \/ Yoast SEO Premium plugin. -->","yoast_head_json":{"title":"ProjetoPack e Embracon, maior administradora de cons\u00f3rcios independente do pa\u00eds, firmam parceria - ProjetoPack","description":"Com o cen\u00e1rio inst\u00e1vel, o processo de financiamento em bancos ou FINAME ficou caro, mais burocr\u00e1tico e, para muitos, invi\u00e1vel.","robots":{"index":"index","follow":"follow","max-snippet":"max-snippet:-1","max-image-preview":"max-image-preview:large","max-video-preview":"max-video-preview:-1"},"canonical":"https:\/\/projetopack.com.br\/en\/projetopack-e-embracon-maior-administradora-de-consorcios-independente-do-pais-firmam-parceria\/","og_locale":"en_US","og_type":"article","og_title":"ProjetoPack e Embracon, maior administradora de cons\u00f3rcios independente do pa\u00eds, firmam parceria","og_description":"Com o cen\u00e1rio inst\u00e1vel, o processo de financiamento em bancos ou FINAME ficou caro, mais burocr\u00e1tico e, para muitos, invi\u00e1vel.","og_url":"https:\/\/projetopack.com.br\/en\/projetopack-e-embracon-maior-administradora-de-consorcios-independente-do-pais-firmam-parceria\/","og_site_name":"ProjetoPack","article_published_time":"2021-07-29T14:27:24+00:00","article_modified_time":"2026-03-16T19:57:35+00:00","og_image":[{"width":1814,"height":1507,"url":"https:\/\/projetopack.com.br\/wp-content\/uploads\/2021\/07\/Embracon.jpg","type":"image\/jpeg"}],"author":"Projeto Pack Consultoria e Treinamento","twitter_card":"summary_large_image","twitter_creator":"@ProjetoPack","twitter_site":"@ProjetoPack","twitter_misc":{"Written by":"Projeto Pack Consultoria e Treinamento","Est. reading time":"7 minutes"},"schema":{"@context":"https:\/\/schema.org","@graph":[{"@type":"Article","@id":"https:\/\/projetopack.com.br\/projetopack-e-embracon-maior-administradora-de-consorcios-independente-do-pais-firmam-parceria\/#article","isPartOf":{"@id":"https:\/\/projetopack.com.br\/projetopack-e-embracon-maior-administradora-de-consorcios-independente-do-pais-firmam-parceria\/"},"author":{"name":"Projeto Pack Consultoria e Treinamento","@id":"https:\/\/projetopack.com.br\/#\/schema\/person\/85a2e510ed8149327b545eabf95ee7ab"},"headline":"ProjetoPack e Embracon, maior administradora de cons\u00f3rcios independente do pa\u00eds, firmam parceria","datePublished":"2021-07-29T14:27:24+00:00","dateModified":"2026-03-16T19:57:35+00:00","mainEntityOfPage":{"@id":"https:\/\/projetopack.com.br\/projetopack-e-embracon-maior-administradora-de-consorcios-independente-do-pais-firmam-parceria\/"},"wordCount":1632,"commentCount":0,"publisher":{"@id":"https:\/\/projetopack.com.br\/#organization"},"image":{"@id":"https:\/\/projetopack.com.br\/projetopack-e-embracon-maior-administradora-de-consorcios-independente-do-pais-firmam-parceria\/#primaryimage"},"thumbnailUrl":"https:\/\/projetopack.com.br\/wp-content\/uploads\/2021\/07\/Embracon.jpg","keywords":["compra de m\u00e1quinas","cons\u00f3rcio","embracon","finame","financiamento de m\u00e1quinas","investimento","ProjetoPack"],"articleSection":["Lan\u00e7amentos"],"inLanguage":"en-US","potentialAction":[{"@type":"CommentAction","name":"Comment","target":["https:\/\/projetopack.com.br\/projetopack-e-embracon-maior-administradora-de-consorcios-independente-do-pais-firmam-parceria\/#respond"]}]},{"@type":"WebPage","@id":"https:\/\/projetopack.com.br\/projetopack-e-embracon-maior-administradora-de-consorcios-independente-do-pais-firmam-parceria\/","url":"https:\/\/projetopack.com.br\/projetopack-e-embracon-maior-administradora-de-consorcios-independente-do-pais-firmam-parceria\/","name":"ProjetoPack e Embracon, maior administradora de cons\u00f3rcios independente do pa\u00eds, firmam parceria - ProjetoPack","isPartOf":{"@id":"https:\/\/projetopack.com.br\/#website"},"primaryImageOfPage":{"@id":"https:\/\/projetopack.com.br\/projetopack-e-embracon-maior-administradora-de-consorcios-independente-do-pais-firmam-parceria\/#primaryimage"},"image":{"@id":"https:\/\/projetopack.com.br\/projetopack-e-embracon-maior-administradora-de-consorcios-independente-do-pais-firmam-parceria\/#primaryimage"},"thumbnailUrl":"https:\/\/projetopack.com.br\/wp-content\/uploads\/2021\/07\/Embracon.jpg","datePublished":"2021-07-29T14:27:24+00:00","dateModified":"2026-03-16T19:57:35+00:00","description":"Com o cen\u00e1rio inst\u00e1vel, o processo de financiamento em bancos ou FINAME ficou caro, mais burocr\u00e1tico e, para muitos, invi\u00e1vel.","breadcrumb":{"@id":"https:\/\/projetopack.com.br\/projetopack-e-embracon-maior-administradora-de-consorcios-independente-do-pais-firmam-parceria\/#breadcrumb"},"inLanguage":"en-US","potentialAction":[{"@type":"ReadAction","target":["https:\/\/projetopack.com.br\/projetopack-e-embracon-maior-administradora-de-consorcios-independente-do-pais-firmam-parceria\/"]}]},{"@type":"ImageObject","inLanguage":"en-US","@id":"https:\/\/projetopack.com.br\/projetopack-e-embracon-maior-administradora-de-consorcios-independente-do-pais-firmam-parceria\/#primaryimage","url":"https:\/\/projetopack.com.br\/wp-content\/uploads\/2021\/07\/Embracon.jpg","contentUrl":"https:\/\/projetopack.com.br\/wp-content\/uploads\/2021\/07\/Embracon.jpg","width":1814,"height":1507,"caption":"embracon"},{"@type":"BreadcrumbList","@id":"https:\/\/projetopack.com.br\/projetopack-e-embracon-maior-administradora-de-consorcios-independente-do-pais-firmam-parceria\/#breadcrumb","itemListElement":[{"@type":"ListItem","position":1,"name":"P\u00e1gina Inicial","item":"https:\/\/projetopack.com.br\/"},{"@type":"ListItem","position":2,"name":"Lan\u00e7amentos","item":"https:\/\/projetopack.com.br\/category\/lancamentos\/"},{"@type":"ListItem","position":3,"name":"ProjetoPack e Embracon, maior administradora de cons\u00f3rcios independente do pa\u00eds, firmam parceria"}]},{"@type":"WebSite","@id":"https:\/\/projetopack.com.br\/#website","url":"https:\/\/projetopack.com.br\/","name":"ProjetoPack","description":"Consultoria e servi\u00e7os para embalagens, r\u00f3tulos, etiquetas e processos de impress\u00e3o","publisher":{"@id":"https:\/\/projetopack.com.br\/#organization"},"potentialAction":[{"@type":"SearchAction","target":{"@type":"EntryPoint","urlTemplate":"https:\/\/projetopack.com.br\/?s={search_term_string}"},"query-input":{"@type":"PropertyValueSpecification","valueRequired":true,"valueName":"search_term_string"}}],"inLanguage":"en-US"},{"@type":"Organization","@id":"https:\/\/projetopack.com.br\/#organization","name":"ProjetoPack & Associados","url":"https:\/\/projetopack.com.br\/","logo":{"@type":"ImageObject","inLanguage":"en-US","@id":"https:\/\/projetopack.com.br\/#\/schema\/logo\/image\/","url":"https:\/\/projetopack.com.br\/wp-content\/uploads\/2020\/09\/projetopack.png","contentUrl":"https:\/\/projetopack.com.br\/wp-content\/uploads\/2020\/09\/projetopack.png","width":200,"height":200,"caption":"ProjetoPack & Associados"},"image":{"@id":"https:\/\/projetopack.com.br\/#\/schema\/logo\/image\/"},"sameAs":["https:\/\/x.com\/ProjetoPack","https:\/\/www.linkedin.com\/company\/projetopack\/"]},{"@type":"Person","@id":"https:\/\/projetopack.com.br\/#\/schema\/person\/85a2e510ed8149327b545eabf95ee7ab","name":"Projeto Pack Consultoria e Treinamento","image":{"@type":"ImageObject","inLanguage":"en-US","@id":"https:\/\/projetopack.com.br\/#\/schema\/person\/image\/","url":"https:\/\/projetopack.com.br\/wp-content\/uploads\/2020\/09\/Logo-ProjetoPack-Horizontal-100x100.jpg","contentUrl":"https:\/\/projetopack.com.br\/wp-content\/uploads\/2020\/09\/Logo-ProjetoPack-Horizontal-100x100.jpg","caption":"Projeto Pack Consultoria e Treinamento"},"url":"https:\/\/projetopack.com.br\/en\/author\/projetopack\/"}]}},"_links":{"self":[{"href":"https:\/\/projetopack.com.br\/en\/wp-json\/wp\/v2\/posts\/12809","targetHints":{"allow":["GET"]}}],"collection":[{"href":"https:\/\/projetopack.com.br\/en\/wp-json\/wp\/v2\/posts"}],"about":[{"href":"https:\/\/projetopack.com.br\/en\/wp-json\/wp\/v2\/types\/post"}],"author":[{"embeddable":true,"href":"https:\/\/projetopack.com.br\/en\/wp-json\/wp\/v2\/users\/485"}],"replies":[{"embeddable":true,"href":"https:\/\/projetopack.com.br\/en\/wp-json\/wp\/v2\/comments?post=12809"}],"version-history":[{"count":0,"href":"https:\/\/projetopack.com.br\/en\/wp-json\/wp\/v2\/posts\/12809\/revisions"}],"wp:featuredmedia":[{"embeddable":true,"href":"https:\/\/projetopack.com.br\/en\/wp-json\/wp\/v2\/media\/12811"}],"wp:attachment":[{"href":"https:\/\/projetopack.com.br\/en\/wp-json\/wp\/v2\/media?parent=12809"}],"wp:term":[{"taxonomy":"category","embeddable":true,"href":"https:\/\/projetopack.com.br\/en\/wp-json\/wp\/v2\/categories?post=12809"},{"taxonomy":"post_tag","embeddable":true,"href":"https:\/\/projetopack.com.br\/en\/wp-json\/wp\/v2\/tags?post=12809"}],"curies":[{"name":"wp","href":"https:\/\/api.w.org\/{rel}","templated":true}]}}