{"id":13100,"date":"2021-08-14T13:43:59","date_gmt":"2021-08-14T16:43:59","guid":{"rendered":"https:\/\/www.projetopack.com.br\/?p=13100"},"modified":"2021-08-14T13:44:03","modified_gmt":"2021-08-14T16:44:03","slug":"o-que-nos-diz-o-setimo-premio-de-excelencia-umberto-giannobile-2021","status":"publish","type":"post","link":"https:\/\/projetopack.com.br\/en\/o-que-nos-diz-o-setimo-premio-de-excelencia-umberto-giannobile-2021\/","title":{"rendered":"O que nos diz o s\u00e9timo pr\u00eamio de Excel\u00eancia Umberto Giannobile 2021?"},"content":{"rendered":"<p>O Pr\u00eamio bianual <a href=\"https:\/\/www.abiea.org.br\/premio-abiea\" rel=\"noreferrer noopener\" target=\"_blank\">ABIEA<\/a> iniciou sua hist\u00f3ria em 2008, tendo como principais objetivos reconhecer e premiar as gr\u00e1ficas e fornecedores que atuam especificamente no segmento de flexografia \u201cbanda estreita\u201d no Brasil. Com a evolu\u00e7\u00e3o tecnol\u00f3gica e setorial, novas categorias representativas de outros sistemas de impress\u00e3o foram sendo adicionadas.<\/p>\n\n\n\n<p>Em sua s\u00e9tima edi\u00e7\u00e3o, a primeira realizada de forma online em raz\u00e3o da pandemia, a premia\u00e7\u00e3o teve seu nome alterado para <em>Pr\u00eamio de Excel\u00eancia Umberto Giannobile<\/em> em homenagem p\u00f3stuma ao empres\u00e1rio e ex-presidente da entidade.<\/p>\n\n\n\n<figure class=\"wp-block-image size-full\"><img fetchpriority=\"high\" decoding=\"async\" width=\"661\" height=\"321\" src=\"https:\/\/projetopack.com.br\/wp-content\/uploads\/2021\/08\/Imagem5.jpg\" alt=\"premia\u00e7\u00e3o abiea 2021\" class=\"wp-image-13104\" srcset=\"https:\/\/projetopack.com.br\/wp-content\/uploads\/2021\/08\/Imagem5.jpg 661w, https:\/\/projetopack.com.br\/wp-content\/uploads\/2021\/08\/Imagem5-300x146.jpg 300w, https:\/\/projetopack.com.br\/wp-content\/uploads\/2021\/08\/Imagem5-600x291.jpg 600w, https:\/\/projetopack.com.br\/wp-content\/uploads\/2021\/08\/Imagem5-768x372.jpg 768w\" sizes=\"(max-width: 661px) 100vw, 661px\" \/><figcaption>William D&#8217;Vas, presidente da entidade durante a cerim\u00f4nia online<\/figcaption><\/figure>\n\n\n\n<p>Toda premia\u00e7\u00e3o s\u00e9ria oferece a oportunidade de um vislumbre do que est\u00e1 se passando naquele setor e, para olhos atentos, apresenta tend\u00eancias que de uma forma mais ou menos sutil est\u00e3o gradualmente lapidando o mercado e os neg\u00f3cios.<\/p>\n\n\n\n<p>Doze convertedoras dividiram 39 trof\u00e9us Ouro, Prata e Bronze (cinco delas somadas abocanharam 77% das premia\u00e7\u00f5es).<\/p>\n\n\n\n<h3 class=\"wp-block-heading\" id=\"h-o-avan-o-do-digital\"><strong>O avan\u00e7o do digital<\/strong><\/h3>\n\n\n\n<p>Quase 40% de todos os impressos premiados foram concebidos em sistemas digitais, talvez o recorde hist\u00f3rico da premia\u00e7\u00e3o. Basicamente, os 14 trof\u00e9us outorgados a impressos digitais foram gerados em tr\u00eas plataformas: inkjet UV da <a href=\"https:\/\/www.durst.com.br\/\" rel=\"noreferrer noopener\" target=\"_blank\">Durst<\/a>, offset digital da <a href=\"https:\/\/www.hp.com\/br-pt\/industrial-printers\/indigo-digital-presses.html\" rel=\"noreferrer noopener\" target=\"_blank\">HP<\/a> e laser eletrost\u00e1tico, da <a href=\"https:\/\/www.konicaminolta.com.br\/accurio-label-190.php\" rel=\"noreferrer noopener\" target=\"_blank\">Konica Minolta<\/a>:<\/p>\n\n\n\n<figure class=\"wp-block-image size-full\"><img decoding=\"async\" width=\"768\" height=\"166\" src=\"https:\/\/projetopack.com.br\/wp-content\/uploads\/2021\/08\/Imagem3.jpg\" alt=\"breakdown premia\u00e7\u00e3o abiea 2021\" class=\"wp-image-13105\" srcset=\"https:\/\/projetopack.com.br\/wp-content\/uploads\/2021\/08\/Imagem3.jpg 768w, https:\/\/projetopack.com.br\/wp-content\/uploads\/2021\/08\/Imagem3-300x65.jpg 300w, https:\/\/projetopack.com.br\/wp-content\/uploads\/2021\/08\/Imagem3-600x129.jpg 600w\" sizes=\"(max-width: 768px) 100vw, 768px\" \/><\/figure>\n\n\n\n<p>Outro item digno de nota \u00e9 o aumento expressivo de solu\u00e7\u00f5es digitais &#8220;entry level&#8221;. A maioria dos convertedores &#8211; mesmo os de pequeno porte &#8211; t\u00eam buscado complementar a oferta com impressoras digitais mais baratas em termos de investimento para, ao consolidar uma demanda mais s\u00f3lida de trabalhos e clientes, escalar ou n\u00e3o para uma impressora digital mais robusta.<\/p>\n\n\n\n<h3 class=\"wp-block-heading\" id=\"h-flexografia-ainda-liderando\"><strong>Flexografia ainda liderando<\/strong><\/h3>\n\n\n\n<p>Cinco plataformas de equipamento flexogr\u00e1fico foram respons\u00e1veis por 22 impressos premiados. Vinte e um deles, oriundos de impressoras flexogr\u00e1ficas modulares. <a href=\"http:\/\/etirama.com.br\/\" rel=\"noreferrer noopener\" target=\"_blank\">Etirama<\/a> e <a href=\"https:\/\/www.nilpeter.de\/Technology-Centers\/Brazil\" rel=\"noreferrer noopener\" target=\"_blank\">Nilpeter<\/a> responderam juntas por 59% dos impressos premiados (36% e 23%, respectivamente).<\/p>\n\n\n\n<p class=\"has-cyan-bluish-gray-background-color has-background\">Uma observa\u00e7\u00e3o interessante a ser feita \u00e9 que a flexografia, al\u00e9m de ainda representar com boa margem o principal sistema de impress\u00e3o premiado, foi tamb\u00e9m o mais vers\u00e1til em termos de segmento ou aplica\u00e7\u00e3o, estando presente em alimentos, bebidas, higiene e limpeza, farmac\u00eauticos, industrial, cosm\u00e9ticos e impressos de seguran\u00e7a. A impress\u00e3o digital, de forma geral, marcou mais presen\u00e7a nos setores de bebidas (cervejas artesanais), industrial (majoritariamente, em lubrificantes), suplementos e alguns produtos aliment\u00edcios.<\/p>\n\n\n\n<h3 class=\"wp-block-heading\" id=\"h-perfil-dos-ganhadores\">Perfil dos ganhadores<\/h3>\n\n\n\n<p>H\u00e1 uma pouca ades\u00e3o das convertedoras no topo da pir\u00e2mide. A maioria esmagadora dos premiados s\u00e3o empresas do middle market ou iniciantes (gr\u00e1ficas offset que h\u00e1 pouco come\u00e7aram a aventurar-se na impress\u00e3o flexogr\u00e1fica de r\u00f3tulos).<\/p>\n\n\n\n<p>Uma boa oportunidade, portanto, \u00e0s empresas de pequeno e m\u00e9dio porte mostrarem ao mercado (clientes e prospects) sua capacidade t\u00e9cnica e consist\u00eancia de qualidade na produ\u00e7\u00e3o de impressos de alto n\u00edvel &#8211; condi\u00e7\u00e3o <em>sine qua non<\/em> para representar uma marca.<\/p>\n\n\n\n<p>A <a href=\"https:\/\/projetopack.com.br\" rel=\"noreferrer noopener\" target=\"_blank\">ProjetoPack<\/a> \u00e9 apoiadora institucional do pr\u00eamio da entidade desde as suas primeiras edi\u00e7\u00f5es.<\/p>\n\n\n\n<p>Leia m<strong>ais em nosso blog:<\/strong><br><a href=\"https:\/\/projetopack.com.br\/o-que-aprendemos-na-quarta-entrevista-do-programa-packcast-com-a-hp\/\" target=\"_blank\" rel=\"noreferrer noopener\">O que aprendemos na quinta edi\u00e7\u00e3o do PackCast com a HP<\/a><\/p>","protected":false},"excerpt":{"rendered":"<p>Doze convertedoras dividiram 39 trof\u00e9us Ouro, Prata e Bronze (cinco delas somadas abocanharam 77% das premia\u00e7\u00f5es).<\/p>","protected":false},"author":12,"featured_media":13106,"comment_status":"open","ping_status":"closed","sticky":true,"template":"","format":"standard","meta":{"footnotes":""},"categories":[600],"tags":[248,170],"class_list":["post-13100","post","type-post","status-publish","format-standard","has-post-thumbnail","hentry","category-eventos","tag-premio-abiea","tag-rotulos-e-etiquetas"],"yoast_head":"<!-- This site is optimized with the Yoast SEO Premium plugin v27.1 (Yoast SEO v27.1.1) - https:\/\/yoast.com\/product\/yoast-seo-premium-wordpress\/ -->\n<title>O que nos diz o s\u00e9timo pr\u00eamio de Excel\u00eancia Umberto Giannobile 2021? - ProjetoPack<\/title>\n<meta name=\"description\" content=\"O Pr\u00eamio ABIEA iniciou em 2008 tendo como principais objetivos reconhecer e premiar gr\u00e1ficas no segmento de flexografia \u201cbanda estreita\u201d no Brasil.\" \/>\n<meta name=\"robots\" content=\"index, follow, max-snippet:-1, max-image-preview:large, max-video-preview:-1\" \/>\n<link rel=\"canonical\" href=\"https:\/\/projetopack.com.br\/en\/o-que-nos-diz-o-setimo-premio-de-excelencia-umberto-giannobile-2021\/\" \/>\n<meta property=\"og:locale\" content=\"en_US\" \/>\n<meta property=\"og:type\" content=\"article\" \/>\n<meta property=\"og:title\" content=\"O que nos diz o s\u00e9timo pr\u00eamio de Excel\u00eancia Umberto Giannobile 2021?\" \/>\n<meta property=\"og:description\" content=\"O Pr\u00eamio ABIEA iniciou em 2008 tendo como principais objetivos reconhecer e premiar gr\u00e1ficas no segmento de flexografia \u201cbanda estreita\u201d no Brasil.\" \/>\n<meta property=\"og:url\" content=\"https:\/\/projetopack.com.br\/en\/o-que-nos-diz-o-setimo-premio-de-excelencia-umberto-giannobile-2021\/\" \/>\n<meta property=\"og:site_name\" content=\"ProjetoPack\" \/>\n<meta property=\"article:published_time\" content=\"2021-08-14T16:43:59+00:00\" \/>\n<meta property=\"article:modified_time\" content=\"2021-08-14T16:44:03+00:00\" \/>\n<meta property=\"og:image\" content=\"https:\/\/projetopack.com.br\/wp-content\/uploads\/2021\/08\/maxresdefault.jpg\" \/>\n\t<meta property=\"og:image:width\" content=\"1280\" \/>\n\t<meta property=\"og:image:height\" content=\"720\" \/>\n\t<meta property=\"og:image:type\" content=\"image\/jpeg\" \/>\n<meta name=\"author\" content=\"Murilo Pinto Pereira\" \/>\n<meta name=\"twitter:card\" content=\"summary_large_image\" \/>\n<meta name=\"twitter:creator\" content=\"@ProjetoPack\" \/>\n<meta name=\"twitter:site\" content=\"@ProjetoPack\" \/>\n<meta name=\"twitter:label1\" content=\"Written by\" \/>\n\t<meta name=\"twitter:data1\" content=\"Murilo Pinto Pereira\" \/>\n\t<meta name=\"twitter:label2\" content=\"Est. reading time\" \/>\n\t<meta name=\"twitter:data2\" content=\"3 minutes\" \/>\n<script type=\"application\/ld+json\" class=\"yoast-schema-graph\">{\"@context\":\"https:\/\/schema.org\",\"@graph\":[{\"@type\":\"Article\",\"@id\":\"https:\/\/projetopack.com.br\/o-que-nos-diz-o-setimo-premio-de-excelencia-umberto-giannobile-2021\/#article\",\"isPartOf\":{\"@id\":\"https:\/\/projetopack.com.br\/o-que-nos-diz-o-setimo-premio-de-excelencia-umberto-giannobile-2021\/\"},\"author\":{\"name\":\"Murilo Pinto Pereira\",\"@id\":\"https:\/\/projetopack.com.br\/#\/schema\/person\/6e860f8340d3f2e089f05382c00b3e4b\"},\"headline\":\"O que nos diz o s\u00e9timo pr\u00eamio de Excel\u00eancia Umberto Giannobile 2021?\",\"datePublished\":\"2021-08-14T16:43:59+00:00\",\"dateModified\":\"2021-08-14T16:44:03+00:00\",\"mainEntityOfPage\":{\"@id\":\"https:\/\/projetopack.com.br\/o-que-nos-diz-o-setimo-premio-de-excelencia-umberto-giannobile-2021\/\"},\"wordCount\":539,\"commentCount\":0,\"publisher\":{\"@id\":\"https:\/\/projetopack.com.br\/#organization\"},\"image\":{\"@id\":\"https:\/\/projetopack.com.br\/o-que-nos-diz-o-setimo-premio-de-excelencia-umberto-giannobile-2021\/#primaryimage\"},\"thumbnailUrl\":\"https:\/\/projetopack.com.br\/wp-content\/uploads\/2021\/08\/maxresdefault.jpg\",\"keywords\":[\"pr\u00eamio abiea\",\"r\u00f3tulos e etiquetas\"],\"articleSection\":[\"Eventos\"],\"inLanguage\":\"en-US\",\"potentialAction\":[{\"@type\":\"CommentAction\",\"name\":\"Comment\",\"target\":[\"https:\/\/projetopack.com.br\/o-que-nos-diz-o-setimo-premio-de-excelencia-umberto-giannobile-2021\/#respond\"]}]},{\"@type\":\"WebPage\",\"@id\":\"https:\/\/projetopack.com.br\/o-que-nos-diz-o-setimo-premio-de-excelencia-umberto-giannobile-2021\/\",\"url\":\"https:\/\/projetopack.com.br\/o-que-nos-diz-o-setimo-premio-de-excelencia-umberto-giannobile-2021\/\",\"name\":\"O que nos diz o s\u00e9timo pr\u00eamio de Excel\u00eancia Umberto Giannobile 2021? - ProjetoPack\",\"isPartOf\":{\"@id\":\"https:\/\/projetopack.com.br\/#website\"},\"primaryImageOfPage\":{\"@id\":\"https:\/\/projetopack.com.br\/o-que-nos-diz-o-setimo-premio-de-excelencia-umberto-giannobile-2021\/#primaryimage\"},\"image\":{\"@id\":\"https:\/\/projetopack.com.br\/o-que-nos-diz-o-setimo-premio-de-excelencia-umberto-giannobile-2021\/#primaryimage\"},\"thumbnailUrl\":\"https:\/\/projetopack.com.br\/wp-content\/uploads\/2021\/08\/maxresdefault.jpg\",\"datePublished\":\"2021-08-14T16:43:59+00:00\",\"dateModified\":\"2021-08-14T16:44:03+00:00\",\"description\":\"O Pr\u00eamio ABIEA iniciou em 2008 tendo como principais objetivos reconhecer e premiar gr\u00e1ficas no segmento de flexografia \u201cbanda estreita\u201d no Brasil.\",\"breadcrumb\":{\"@id\":\"https:\/\/projetopack.com.br\/o-que-nos-diz-o-setimo-premio-de-excelencia-umberto-giannobile-2021\/#breadcrumb\"},\"inLanguage\":\"en-US\",\"potentialAction\":[{\"@type\":\"ReadAction\",\"target\":[\"https:\/\/projetopack.com.br\/o-que-nos-diz-o-setimo-premio-de-excelencia-umberto-giannobile-2021\/\"]}]},{\"@type\":\"ImageObject\",\"inLanguage\":\"en-US\",\"@id\":\"https:\/\/projetopack.com.br\/o-que-nos-diz-o-setimo-premio-de-excelencia-umberto-giannobile-2021\/#primaryimage\",\"url\":\"https:\/\/projetopack.com.br\/wp-content\/uploads\/2021\/08\/maxresdefault.jpg\",\"contentUrl\":\"https:\/\/projetopack.com.br\/wp-content\/uploads\/2021\/08\/maxresdefault.jpg\",\"width\":1280,\"height\":720,\"caption\":\"pr\u00eamio abiea 2021\"},{\"@type\":\"BreadcrumbList\",\"@id\":\"https:\/\/projetopack.com.br\/o-que-nos-diz-o-setimo-premio-de-excelencia-umberto-giannobile-2021\/#breadcrumb\",\"itemListElement\":[{\"@type\":\"ListItem\",\"position\":1,\"name\":\"P\u00e1gina Inicial\",\"item\":\"https:\/\/projetopack.com.br\/\"},{\"@type\":\"ListItem\",\"position\":2,\"name\":\"Eventos\",\"item\":\"https:\/\/projetopack.com.br\/category\/eventos\/\"},{\"@type\":\"ListItem\",\"position\":3,\"name\":\"O que nos diz o s\u00e9timo pr\u00eamio de Excel\u00eancia Umberto Giannobile 2021?\"}]},{\"@type\":\"WebSite\",\"@id\":\"https:\/\/projetopack.com.br\/#website\",\"url\":\"https:\/\/projetopack.com.br\/\",\"name\":\"ProjetoPack\",\"description\":\"Consultoria e servi\u00e7os para embalagens, r\u00f3tulos, etiquetas e processos de impress\u00e3o\",\"publisher\":{\"@id\":\"https:\/\/projetopack.com.br\/#organization\"},\"potentialAction\":[{\"@type\":\"SearchAction\",\"target\":{\"@type\":\"EntryPoint\",\"urlTemplate\":\"https:\/\/projetopack.com.br\/?s={search_term_string}\"},\"query-input\":{\"@type\":\"PropertyValueSpecification\",\"valueRequired\":true,\"valueName\":\"search_term_string\"}}],\"inLanguage\":\"en-US\"},{\"@type\":\"Organization\",\"@id\":\"https:\/\/projetopack.com.br\/#organization\",\"name\":\"ProjetoPack & Associados\",\"url\":\"https:\/\/projetopack.com.br\/\",\"logo\":{\"@type\":\"ImageObject\",\"inLanguage\":\"en-US\",\"@id\":\"https:\/\/projetopack.com.br\/#\/schema\/logo\/image\/\",\"url\":\"https:\/\/projetopack.com.br\/wp-content\/uploads\/2020\/09\/projetopack.png\",\"contentUrl\":\"https:\/\/projetopack.com.br\/wp-content\/uploads\/2020\/09\/projetopack.png\",\"width\":200,\"height\":200,\"caption\":\"ProjetoPack & Associados\"},\"image\":{\"@id\":\"https:\/\/projetopack.com.br\/#\/schema\/logo\/image\/\"},\"sameAs\":[\"https:\/\/x.com\/ProjetoPack\",\"https:\/\/www.linkedin.com\/company\/projetopack\/\"]},{\"@type\":\"Person\",\"@id\":\"https:\/\/projetopack.com.br\/#\/schema\/person\/6e860f8340d3f2e089f05382c00b3e4b\",\"name\":\"Murilo Pinto Pereira\",\"image\":{\"@type\":\"ImageObject\",\"inLanguage\":\"en-US\",\"@id\":\"https:\/\/projetopack.com.br\/#\/schema\/person\/image\/\",\"url\":\"https:\/\/secure.gravatar.com\/avatar\/e88bd6a2108abef484e059b32103eaab8e51ed452ebb33926c80dea054c7e6c7?s=96&d=mm&r=g\",\"contentUrl\":\"https:\/\/secure.gravatar.com\/avatar\/e88bd6a2108abef484e059b32103eaab8e51ed452ebb33926c80dea054c7e6c7?s=96&d=mm&r=g\",\"caption\":\"Murilo Pinto Pereira\"},\"sameAs\":[\"http:\/\/murilopereira.com.br\/\"],\"url\":\"https:\/\/projetopack.com.br\/en\/author\/murilo\/\"}]}<\/script>\n<!-- \/ Yoast SEO Premium plugin. -->","yoast_head_json":{"title":"O que nos diz o s\u00e9timo pr\u00eamio de Excel\u00eancia Umberto Giannobile 2021? - ProjetoPack","description":"O Pr\u00eamio ABIEA iniciou em 2008 tendo como principais objetivos reconhecer e premiar gr\u00e1ficas no segmento de flexografia \u201cbanda estreita\u201d no Brasil.","robots":{"index":"index","follow":"follow","max-snippet":"max-snippet:-1","max-image-preview":"max-image-preview:large","max-video-preview":"max-video-preview:-1"},"canonical":"https:\/\/projetopack.com.br\/en\/o-que-nos-diz-o-setimo-premio-de-excelencia-umberto-giannobile-2021\/","og_locale":"en_US","og_type":"article","og_title":"O que nos diz o s\u00e9timo pr\u00eamio de Excel\u00eancia Umberto Giannobile 2021?","og_description":"O Pr\u00eamio ABIEA iniciou em 2008 tendo como principais objetivos reconhecer e premiar gr\u00e1ficas no segmento de flexografia \u201cbanda estreita\u201d no Brasil.","og_url":"https:\/\/projetopack.com.br\/en\/o-que-nos-diz-o-setimo-premio-de-excelencia-umberto-giannobile-2021\/","og_site_name":"ProjetoPack","article_published_time":"2021-08-14T16:43:59+00:00","article_modified_time":"2021-08-14T16:44:03+00:00","og_image":[{"width":1280,"height":720,"url":"https:\/\/projetopack.com.br\/wp-content\/uploads\/2021\/08\/maxresdefault.jpg","type":"image\/jpeg"}],"author":"Murilo Pinto Pereira","twitter_card":"summary_large_image","twitter_creator":"@ProjetoPack","twitter_site":"@ProjetoPack","twitter_misc":{"Written by":"Murilo Pinto Pereira","Est. reading time":"3 minutes"},"schema":{"@context":"https:\/\/schema.org","@graph":[{"@type":"Article","@id":"https:\/\/projetopack.com.br\/o-que-nos-diz-o-setimo-premio-de-excelencia-umberto-giannobile-2021\/#article","isPartOf":{"@id":"https:\/\/projetopack.com.br\/o-que-nos-diz-o-setimo-premio-de-excelencia-umberto-giannobile-2021\/"},"author":{"name":"Murilo Pinto Pereira","@id":"https:\/\/projetopack.com.br\/#\/schema\/person\/6e860f8340d3f2e089f05382c00b3e4b"},"headline":"O que nos diz o s\u00e9timo pr\u00eamio de Excel\u00eancia Umberto Giannobile 2021?","datePublished":"2021-08-14T16:43:59+00:00","dateModified":"2021-08-14T16:44:03+00:00","mainEntityOfPage":{"@id":"https:\/\/projetopack.com.br\/o-que-nos-diz-o-setimo-premio-de-excelencia-umberto-giannobile-2021\/"},"wordCount":539,"commentCount":0,"publisher":{"@id":"https:\/\/projetopack.com.br\/#organization"},"image":{"@id":"https:\/\/projetopack.com.br\/o-que-nos-diz-o-setimo-premio-de-excelencia-umberto-giannobile-2021\/#primaryimage"},"thumbnailUrl":"https:\/\/projetopack.com.br\/wp-content\/uploads\/2021\/08\/maxresdefault.jpg","keywords":["pr\u00eamio abiea","r\u00f3tulos e etiquetas"],"articleSection":["Eventos"],"inLanguage":"en-US","potentialAction":[{"@type":"CommentAction","name":"Comment","target":["https:\/\/projetopack.com.br\/o-que-nos-diz-o-setimo-premio-de-excelencia-umberto-giannobile-2021\/#respond"]}]},{"@type":"WebPage","@id":"https:\/\/projetopack.com.br\/o-que-nos-diz-o-setimo-premio-de-excelencia-umberto-giannobile-2021\/","url":"https:\/\/projetopack.com.br\/o-que-nos-diz-o-setimo-premio-de-excelencia-umberto-giannobile-2021\/","name":"O que nos diz o s\u00e9timo pr\u00eamio de Excel\u00eancia Umberto Giannobile 2021? - ProjetoPack","isPartOf":{"@id":"https:\/\/projetopack.com.br\/#website"},"primaryImageOfPage":{"@id":"https:\/\/projetopack.com.br\/o-que-nos-diz-o-setimo-premio-de-excelencia-umberto-giannobile-2021\/#primaryimage"},"image":{"@id":"https:\/\/projetopack.com.br\/o-que-nos-diz-o-setimo-premio-de-excelencia-umberto-giannobile-2021\/#primaryimage"},"thumbnailUrl":"https:\/\/projetopack.com.br\/wp-content\/uploads\/2021\/08\/maxresdefault.jpg","datePublished":"2021-08-14T16:43:59+00:00","dateModified":"2021-08-14T16:44:03+00:00","description":"O Pr\u00eamio ABIEA iniciou em 2008 tendo como principais objetivos reconhecer e premiar gr\u00e1ficas no segmento de flexografia \u201cbanda estreita\u201d no Brasil.","breadcrumb":{"@id":"https:\/\/projetopack.com.br\/o-que-nos-diz-o-setimo-premio-de-excelencia-umberto-giannobile-2021\/#breadcrumb"},"inLanguage":"en-US","potentialAction":[{"@type":"ReadAction","target":["https:\/\/projetopack.com.br\/o-que-nos-diz-o-setimo-premio-de-excelencia-umberto-giannobile-2021\/"]}]},{"@type":"ImageObject","inLanguage":"en-US","@id":"https:\/\/projetopack.com.br\/o-que-nos-diz-o-setimo-premio-de-excelencia-umberto-giannobile-2021\/#primaryimage","url":"https:\/\/projetopack.com.br\/wp-content\/uploads\/2021\/08\/maxresdefault.jpg","contentUrl":"https:\/\/projetopack.com.br\/wp-content\/uploads\/2021\/08\/maxresdefault.jpg","width":1280,"height":720,"caption":"pr\u00eamio abiea 2021"},{"@type":"BreadcrumbList","@id":"https:\/\/projetopack.com.br\/o-que-nos-diz-o-setimo-premio-de-excelencia-umberto-giannobile-2021\/#breadcrumb","itemListElement":[{"@type":"ListItem","position":1,"name":"P\u00e1gina Inicial","item":"https:\/\/projetopack.com.br\/"},{"@type":"ListItem","position":2,"name":"Eventos","item":"https:\/\/projetopack.com.br\/category\/eventos\/"},{"@type":"ListItem","position":3,"name":"O que nos diz o s\u00e9timo pr\u00eamio de Excel\u00eancia Umberto Giannobile 2021?"}]},{"@type":"WebSite","@id":"https:\/\/projetopack.com.br\/#website","url":"https:\/\/projetopack.com.br\/","name":"ProjetoPack","description":"Consultoria e servi\u00e7os para embalagens, r\u00f3tulos, etiquetas e processos de impress\u00e3o","publisher":{"@id":"https:\/\/projetopack.com.br\/#organization"},"potentialAction":[{"@type":"SearchAction","target":{"@type":"EntryPoint","urlTemplate":"https:\/\/projetopack.com.br\/?s={search_term_string}"},"query-input":{"@type":"PropertyValueSpecification","valueRequired":true,"valueName":"search_term_string"}}],"inLanguage":"en-US"},{"@type":"Organization","@id":"https:\/\/projetopack.com.br\/#organization","name":"ProjetoPack & Associados","url":"https:\/\/projetopack.com.br\/","logo":{"@type":"ImageObject","inLanguage":"en-US","@id":"https:\/\/projetopack.com.br\/#\/schema\/logo\/image\/","url":"https:\/\/projetopack.com.br\/wp-content\/uploads\/2020\/09\/projetopack.png","contentUrl":"https:\/\/projetopack.com.br\/wp-content\/uploads\/2020\/09\/projetopack.png","width":200,"height":200,"caption":"ProjetoPack & Associados"},"image":{"@id":"https:\/\/projetopack.com.br\/#\/schema\/logo\/image\/"},"sameAs":["https:\/\/x.com\/ProjetoPack","https:\/\/www.linkedin.com\/company\/projetopack\/"]},{"@type":"Person","@id":"https:\/\/projetopack.com.br\/#\/schema\/person\/6e860f8340d3f2e089f05382c00b3e4b","name":"Murilo Pinto Pereira","image":{"@type":"ImageObject","inLanguage":"en-US","@id":"https:\/\/projetopack.com.br\/#\/schema\/person\/image\/","url":"https:\/\/secure.gravatar.com\/avatar\/e88bd6a2108abef484e059b32103eaab8e51ed452ebb33926c80dea054c7e6c7?s=96&d=mm&r=g","contentUrl":"https:\/\/secure.gravatar.com\/avatar\/e88bd6a2108abef484e059b32103eaab8e51ed452ebb33926c80dea054c7e6c7?s=96&d=mm&r=g","caption":"Murilo Pinto Pereira"},"sameAs":["http:\/\/murilopereira.com.br\/"],"url":"https:\/\/projetopack.com.br\/en\/author\/murilo\/"}]}},"_links":{"self":[{"href":"https:\/\/projetopack.com.br\/en\/wp-json\/wp\/v2\/posts\/13100","targetHints":{"allow":["GET"]}}],"collection":[{"href":"https:\/\/projetopack.com.br\/en\/wp-json\/wp\/v2\/posts"}],"about":[{"href":"https:\/\/projetopack.com.br\/en\/wp-json\/wp\/v2\/types\/post"}],"author":[{"embeddable":true,"href":"https:\/\/projetopack.com.br\/en\/wp-json\/wp\/v2\/users\/12"}],"replies":[{"embeddable":true,"href":"https:\/\/projetopack.com.br\/en\/wp-json\/wp\/v2\/comments?post=13100"}],"version-history":[{"count":0,"href":"https:\/\/projetopack.com.br\/en\/wp-json\/wp\/v2\/posts\/13100\/revisions"}],"wp:featuredmedia":[{"embeddable":true,"href":"https:\/\/projetopack.com.br\/en\/wp-json\/wp\/v2\/media\/13106"}],"wp:attachment":[{"href":"https:\/\/projetopack.com.br\/en\/wp-json\/wp\/v2\/media?parent=13100"}],"wp:term":[{"taxonomy":"category","embeddable":true,"href":"https:\/\/projetopack.com.br\/en\/wp-json\/wp\/v2\/categories?post=13100"},{"taxonomy":"post_tag","embeddable":true,"href":"https:\/\/projetopack.com.br\/en\/wp-json\/wp\/v2\/tags?post=13100"}],"curies":[{"name":"wp","href":"https:\/\/api.w.org\/{rel}","templated":true}]}}