{"id":13550,"date":"2021-08-25T18:05:31","date_gmt":"2021-08-25T21:05:31","guid":{"rendered":"https:\/\/www.projetopack.com.br\/?p=13550"},"modified":"2021-08-25T18:05:35","modified_gmt":"2021-08-25T21:05:35","slug":"a-aposta-na-recuperacao-da-industria-de-embalagens-plasticas-flexiveis-no-segundo-semestre","status":"publish","type":"post","link":"https:\/\/projetopack.com.br\/en\/a-aposta-na-recuperacao-da-industria-de-embalagens-plasticas-flexiveis-no-segundo-semestre\/","title":{"rendered":"A aposta na recupera\u00e7\u00e3o da ind\u00fastria de embalagens pl\u00e1sticas flex\u00edveis no segundo semestre"},"content":{"rendered":"<p>Hoje pela manh\u00e3, a <a href=\"http:\/\/abief.org.br\/home\" target=\"_blank\" rel=\"noreferrer noopener\">ABIEF<\/a> (Associa\u00e7\u00e3o Brasileira da Ind\u00fastria de Embalagens Flex\u00edveis) emitiu um comunicado dizendo que, embora o desempenho do setor no segundo semestre tenha deixado a desejar, h\u00e1 otimismo para uma recupera\u00e7\u00e3o gradual nos pr\u00f3ximos meses.<\/p>\n\n\n\n<p class=\"has-cyan-bluish-gray-background-color has-background\" id=\"h-um-dos-fatores-que-justificariam-o-otimismo-seria-o-avan-o-da-vacina-o-e-a-conseguinte-redu-o-das-medidas-restritivas-da-mobilidade-urbana-e-da-atividade-comercial-e-tur-stica-em-virtude-do-decl-nio-das-interna-es\">Um dos fatores que justificariam o otimismo seria o avan\u00e7o da vacina\u00e7\u00e3o e a conseguinte redu\u00e7\u00e3o das medidas restritivas da mobilidade urbana e da atividade comercial e tur\u00edstica em virtude do decl\u00ednio das interna\u00e7\u00f5es.<\/p>\n\n\n\n<p>\u00c9 evidente que para toda estimativa otimista, h\u00e1 uma contra corrente realista &#8211; pessimista. E as novas variantes que surgem &#8211; a exemplo da variante Delta &#8211; podem ser um percal\u00e7o nessa eventual retomada.<\/p>\n\n\n\n<blockquote class=\"wp-block-quote is-layout-flow wp-block-quote-is-layout-flow\"><p>&#8220;O desempenho de nossa ind\u00fastria est\u00e1 atrelado ao desempenho da macroeconomia. Contudo, sabemos que o desempenho deste segundo trimestre tamb\u00e9m est\u00e1 atrelado, principalmente, a uma readequa\u00e7\u00e3o dos estoques. A cadeia produtiva como um todo, inclusive o varejo, estava bem estocada e os estoques foram usados. Ou seja, tivemos um fluxo invertido: a cadeia produtiva desovou seus estoques ao mesmo tempo em que houve queda do consumo. Mas nada indica que haja algum risco eminente de falta de produtos\u201d.<\/p><cite><strong>Rog\u00e9rio Mani<\/strong>, presidente da entidade<\/cite><\/blockquote>\n\n\n\n<p>Essa queda do consumo, associada ao aumento do n\u00edvel de estoque foi, de fato, um fator de desequil\u00edbrio na balan\u00e7a.<\/p>\n\n\n\n<p class=\"has-cyan-bluish-gray-background-color has-background\">Mas aproveitando o ensejo da macroeconomia, n\u00e3o podemos nos olvidar do impacto da infla\u00e7\u00e3o nos meses \u00e0 frente e o seu reflexo no consumo de itens embalados. Com a redu\u00e7\u00e3o do volume de itens no carrinho do supermercado (e uma escolha mais inclinada ao pre\u00e7o em boa parte dos casos), \u00e9 poss\u00edvel que tenhamos diminui\u00e7\u00e3o &#8211; ou uma recupera\u00e7\u00e3o mais let\u00e1rgica &#8211; do volume total de material de embalagem.<\/p>\n\n\n\n<p>O comunicado finaliza com a conclus\u00e3o do estudo exclusivo da <a href=\"https:\/\/www.maxiquim.com.br\/\" target=\"_blank\" rel=\"noreferrer noopener\">Maxiquim<\/a>, apontando a disponibilidade de resinas termopl\u00e1sticas como &#8220;normalizada&#8221; ap\u00f3s paradas para manuten\u00e7\u00e3o. No dia a dia, ainda sentimos falta de algumas resinas especiais como EVOH, por exemplo &#8211; que devem implicar em algumas mudan\u00e7as graduais em estruturas de materiais barreira, como a ado\u00e7\u00e3o de PET PvdC ou filmes revestidos com AlOx.<\/p>\n\n\n\n<p>Temos ainda que levar em considera\u00e7\u00e3o a escalada de pre\u00e7os dos containeres, principalmente os oriundos da China, nas decis\u00f5es das empresas por novas importa\u00e7\u00f5es. Embora muitos destes aspectos, nos indicadores macro podem n\u00e3o alterar a tend\u00eancia geral, sem d\u00favida criam assimetrias que precisam ser consideradas.<\/p>\n\n\n\n<figure class=\"wp-block-pullquote\"><blockquote><p>Nesse cen\u00e1rio nebuloso de incertezas por todos os lados (isso porque sequer adentramos nas quest\u00f5es de ordem pol\u00edtica), preferimos corroborar com o otimismo da ABIEF. Oremos.<\/p><\/blockquote><\/figure>\n\n\n\n<p>Relembre<strong>, em nosso blog:<\/strong><\/p>\n\n\n\n<p>O que foi o cen\u00e1rio da ind\u00fastria de flex\u00edveis no segun<a href=\"https:\/\/projetopack.com.br\/industria-brasileira-de-embalagens-plasticas-flexiveis-fecha-1o-semestre-superando-a-marca-de-1-milhao-de-toneladas-produzidas\/\" target=\"_blank\" rel=\"noreferrer noopener\">do semestre de 2020<\/a><\/p>","protected":false},"excerpt":{"rendered":"<p>H\u00e1 otimismo da ABIEF para uma recupera\u00e7\u00e3o gradual nos pr\u00f3ximos meses.<\/p>","protected":false},"author":18,"featured_media":13555,"comment_status":"open","ping_status":"closed","sticky":true,"template":"","format":"standard","meta":{"footnotes":""},"categories":[344],"tags":[393,323,359,321,135,45],"class_list":["post-13550","post","type-post","status-publish","format-standard","has-post-thumbnail","hentry","category-opiniao","tag-abief","tag-coronavirus","tag-covid","tag-covid19","tag-embalagem","tag-embalagens-flexiveis"],"yoast_head":"<!-- This site is optimized with the Yoast SEO Premium plugin v27.1 (Yoast SEO v27.1.1) - https:\/\/yoast.com\/product\/yoast-seo-premium-wordpress\/ -->\n<title>A aposta na recupera\u00e7\u00e3o da ind\u00fastria de embalagens pl\u00e1sticas flex\u00edveis no segundo semestre - ProjetoPack<\/title>\n<meta name=\"description\" content=\"Um dos fatores que justificariam o otimismo seria o avan\u00e7o da vacina\u00e7\u00e3o e a conseguinte redu\u00e7\u00e3o das medidas restritivas.\" \/>\n<meta name=\"robots\" content=\"index, follow, max-snippet:-1, max-image-preview:large, max-video-preview:-1\" \/>\n<link rel=\"canonical\" href=\"https:\/\/projetopack.com.br\/en\/a-aposta-na-recuperacao-da-industria-de-embalagens-plasticas-flexiveis-no-segundo-semestre\/\" \/>\n<meta property=\"og:locale\" content=\"en_US\" \/>\n<meta property=\"og:type\" content=\"article\" \/>\n<meta property=\"og:title\" content=\"A aposta na recupera\u00e7\u00e3o da ind\u00fastria de embalagens pl\u00e1sticas flex\u00edveis no segundo semestre\" \/>\n<meta property=\"og:description\" content=\"Um dos fatores que justificariam o otimismo seria o avan\u00e7o da vacina\u00e7\u00e3o e a conseguinte redu\u00e7\u00e3o das medidas restritivas.\" \/>\n<meta property=\"og:url\" content=\"https:\/\/projetopack.com.br\/en\/a-aposta-na-recuperacao-da-industria-de-embalagens-plasticas-flexiveis-no-segundo-semestre\/\" \/>\n<meta property=\"og:site_name\" content=\"ProjetoPack\" \/>\n<meta property=\"article:published_time\" content=\"2021-08-25T21:05:31+00:00\" \/>\n<meta property=\"article:modified_time\" content=\"2021-08-25T21:05:35+00:00\" \/>\n<meta property=\"og:image\" content=\"https:\/\/projetopack.com.br\/wp-content\/uploads\/2021\/08\/20201028PHT90329_original.jpg\" \/>\n\t<meta property=\"og:image:width\" content=\"1618\" \/>\n\t<meta property=\"og:image:height\" content=\"1144\" \/>\n\t<meta property=\"og:image:type\" content=\"image\/jpeg\" \/>\n<meta name=\"author\" content=\"Andrea\" \/>\n<meta name=\"twitter:card\" content=\"summary_large_image\" \/>\n<meta name=\"twitter:creator\" content=\"@ProjetoPack\" \/>\n<meta name=\"twitter:site\" content=\"@ProjetoPack\" \/>\n<meta name=\"twitter:label1\" content=\"Written by\" \/>\n\t<meta name=\"twitter:data1\" content=\"Andrea\" \/>\n\t<meta name=\"twitter:label2\" content=\"Est. reading time\" \/>\n\t<meta name=\"twitter:data2\" content=\"2 minutes\" \/>\n<script type=\"application\/ld+json\" class=\"yoast-schema-graph\">{\"@context\":\"https:\/\/schema.org\",\"@graph\":[{\"@type\":\"Article\",\"@id\":\"https:\/\/projetopack.com.br\/en\/a-aposta-na-recuperacao-da-industria-de-embalagens-plasticas-flexiveis-no-segundo-semestre\/#article\",\"isPartOf\":{\"@id\":\"https:\/\/projetopack.com.br\/en\/a-aposta-na-recuperacao-da-industria-de-embalagens-plasticas-flexiveis-no-segundo-semestre\/\"},\"author\":{\"name\":\"Andrea\",\"@id\":\"https:\/\/projetopack.com.br\/#\/schema\/person\/d17c72a4bc2b7e461496dd8a14d4cef1\"},\"headline\":\"A aposta na recupera\u00e7\u00e3o da ind\u00fastria de embalagens pl\u00e1sticas flex\u00edveis no segundo semestre\",\"datePublished\":\"2021-08-25T21:05:31+00:00\",\"dateModified\":\"2021-08-25T21:05:35+00:00\",\"mainEntityOfPage\":{\"@id\":\"https:\/\/projetopack.com.br\/en\/a-aposta-na-recuperacao-da-industria-de-embalagens-plasticas-flexiveis-no-segundo-semestre\/\"},\"wordCount\":488,\"commentCount\":0,\"publisher\":{\"@id\":\"https:\/\/projetopack.com.br\/#organization\"},\"image\":{\"@id\":\"https:\/\/projetopack.com.br\/en\/a-aposta-na-recuperacao-da-industria-de-embalagens-plasticas-flexiveis-no-segundo-semestre\/#primaryimage\"},\"thumbnailUrl\":\"https:\/\/projetopack.com.br\/wp-content\/uploads\/2021\/08\/20201028PHT90329_original.jpg\",\"keywords\":[\"abief\",\"coronavirus\",\"covid\",\"covid19\",\"Embalagem\",\"Embalagens flex\u00edveis\"],\"articleSection\":[\"Opini\u00e3o\"],\"inLanguage\":\"en-US\",\"potentialAction\":[{\"@type\":\"CommentAction\",\"name\":\"Comment\",\"target\":[\"https:\/\/projetopack.com.br\/en\/a-aposta-na-recuperacao-da-industria-de-embalagens-plasticas-flexiveis-no-segundo-semestre\/#respond\"]}]},{\"@type\":\"WebPage\",\"@id\":\"https:\/\/projetopack.com.br\/en\/a-aposta-na-recuperacao-da-industria-de-embalagens-plasticas-flexiveis-no-segundo-semestre\/\",\"url\":\"https:\/\/projetopack.com.br\/en\/a-aposta-na-recuperacao-da-industria-de-embalagens-plasticas-flexiveis-no-segundo-semestre\/\",\"name\":\"A aposta na recupera\u00e7\u00e3o da ind\u00fastria de embalagens pl\u00e1sticas flex\u00edveis no segundo semestre - ProjetoPack\",\"isPartOf\":{\"@id\":\"https:\/\/projetopack.com.br\/#website\"},\"primaryImageOfPage\":{\"@id\":\"https:\/\/projetopack.com.br\/en\/a-aposta-na-recuperacao-da-industria-de-embalagens-plasticas-flexiveis-no-segundo-semestre\/#primaryimage\"},\"image\":{\"@id\":\"https:\/\/projetopack.com.br\/en\/a-aposta-na-recuperacao-da-industria-de-embalagens-plasticas-flexiveis-no-segundo-semestre\/#primaryimage\"},\"thumbnailUrl\":\"https:\/\/projetopack.com.br\/wp-content\/uploads\/2021\/08\/20201028PHT90329_original.jpg\",\"datePublished\":\"2021-08-25T21:05:31+00:00\",\"dateModified\":\"2021-08-25T21:05:35+00:00\",\"description\":\"Um dos fatores que justificariam o otimismo seria o avan\u00e7o da vacina\u00e7\u00e3o e a conseguinte redu\u00e7\u00e3o das medidas restritivas.\",\"breadcrumb\":{\"@id\":\"https:\/\/projetopack.com.br\/en\/a-aposta-na-recuperacao-da-industria-de-embalagens-plasticas-flexiveis-no-segundo-semestre\/#breadcrumb\"},\"inLanguage\":\"en-US\",\"potentialAction\":[{\"@type\":\"ReadAction\",\"target\":[\"https:\/\/projetopack.com.br\/en\/a-aposta-na-recuperacao-da-industria-de-embalagens-plasticas-flexiveis-no-segundo-semestre\/\"]}]},{\"@type\":\"ImageObject\",\"inLanguage\":\"en-US\",\"@id\":\"https:\/\/projetopack.com.br\/en\/a-aposta-na-recuperacao-da-industria-de-embalagens-plasticas-flexiveis-no-segundo-semestre\/#primaryimage\",\"url\":\"https:\/\/projetopack.com.br\/wp-content\/uploads\/2021\/08\/20201028PHT90329_original.jpg\",\"contentUrl\":\"https:\/\/projetopack.com.br\/wp-content\/uploads\/2021\/08\/20201028PHT90329_original.jpg\",\"width\":1618,\"height\":1144,\"caption\":\"retomada do mercado\"},{\"@type\":\"BreadcrumbList\",\"@id\":\"https:\/\/projetopack.com.br\/en\/a-aposta-na-recuperacao-da-industria-de-embalagens-plasticas-flexiveis-no-segundo-semestre\/#breadcrumb\",\"itemListElement\":[{\"@type\":\"ListItem\",\"position\":1,\"name\":\"P\u00e1gina Inicial\",\"item\":\"https:\/\/projetopack.com.br\/\"},{\"@type\":\"ListItem\",\"position\":2,\"name\":\"Opini\u00e3o\",\"item\":\"https:\/\/projetopack.com.br\/en\/category\/opiniao\/\"},{\"@type\":\"ListItem\",\"position\":3,\"name\":\"A aposta na recupera\u00e7\u00e3o da ind\u00fastria de embalagens pl\u00e1sticas flex\u00edveis no segundo semestre\"}]},{\"@type\":\"WebSite\",\"@id\":\"https:\/\/projetopack.com.br\/#website\",\"url\":\"https:\/\/projetopack.com.br\/\",\"name\":\"ProjetoPack\",\"description\":\"Consultoria e servi\u00e7os para embalagens, r\u00f3tulos, etiquetas e processos de impress\u00e3o\",\"publisher\":{\"@id\":\"https:\/\/projetopack.com.br\/#organization\"},\"potentialAction\":[{\"@type\":\"SearchAction\",\"target\":{\"@type\":\"EntryPoint\",\"urlTemplate\":\"https:\/\/projetopack.com.br\/?s={search_term_string}\"},\"query-input\":{\"@type\":\"PropertyValueSpecification\",\"valueRequired\":true,\"valueName\":\"search_term_string\"}}],\"inLanguage\":\"en-US\"},{\"@type\":\"Organization\",\"@id\":\"https:\/\/projetopack.com.br\/#organization\",\"name\":\"ProjetoPack & Associados\",\"url\":\"https:\/\/projetopack.com.br\/\",\"logo\":{\"@type\":\"ImageObject\",\"inLanguage\":\"en-US\",\"@id\":\"https:\/\/projetopack.com.br\/#\/schema\/logo\/image\/\",\"url\":\"https:\/\/projetopack.com.br\/wp-content\/uploads\/2020\/09\/projetopack.png\",\"contentUrl\":\"https:\/\/projetopack.com.br\/wp-content\/uploads\/2020\/09\/projetopack.png\",\"width\":200,\"height\":200,\"caption\":\"ProjetoPack & Associados\"},\"image\":{\"@id\":\"https:\/\/projetopack.com.br\/#\/schema\/logo\/image\/\"},\"sameAs\":[\"https:\/\/x.com\/ProjetoPack\",\"https:\/\/www.linkedin.com\/company\/projetopack\/\"]},{\"@type\":\"Person\",\"@id\":\"https:\/\/projetopack.com.br\/#\/schema\/person\/d17c72a4bc2b7e461496dd8a14d4cef1\",\"name\":\"Andrea\",\"image\":{\"@type\":\"ImageObject\",\"inLanguage\":\"en-US\",\"@id\":\"https:\/\/projetopack.com.br\/#\/schema\/person\/image\/\",\"url\":\"https:\/\/projetopack.com.br\/wp-content\/uploads\/2026\/03\/eu-150x150.jpg\",\"contentUrl\":\"https:\/\/projetopack.com.br\/wp-content\/uploads\/2026\/03\/eu-150x150.jpg\",\"caption\":\"Andrea\"},\"url\":\"https:\/\/projetopack.com.br\/en\/author\/andrea\/\"}]}<\/script>\n<!-- \/ Yoast SEO Premium plugin. -->","yoast_head_json":{"title":"A aposta na recupera\u00e7\u00e3o da ind\u00fastria de embalagens pl\u00e1sticas flex\u00edveis no segundo semestre - ProjetoPack","description":"Um dos fatores que justificariam o otimismo seria o avan\u00e7o da vacina\u00e7\u00e3o e a conseguinte redu\u00e7\u00e3o das medidas restritivas.","robots":{"index":"index","follow":"follow","max-snippet":"max-snippet:-1","max-image-preview":"max-image-preview:large","max-video-preview":"max-video-preview:-1"},"canonical":"https:\/\/projetopack.com.br\/en\/a-aposta-na-recuperacao-da-industria-de-embalagens-plasticas-flexiveis-no-segundo-semestre\/","og_locale":"en_US","og_type":"article","og_title":"A aposta na recupera\u00e7\u00e3o da ind\u00fastria de embalagens pl\u00e1sticas flex\u00edveis no segundo semestre","og_description":"Um dos fatores que justificariam o otimismo seria o avan\u00e7o da vacina\u00e7\u00e3o e a conseguinte redu\u00e7\u00e3o das medidas restritivas.","og_url":"https:\/\/projetopack.com.br\/en\/a-aposta-na-recuperacao-da-industria-de-embalagens-plasticas-flexiveis-no-segundo-semestre\/","og_site_name":"ProjetoPack","article_published_time":"2021-08-25T21:05:31+00:00","article_modified_time":"2021-08-25T21:05:35+00:00","og_image":[{"width":1618,"height":1144,"url":"https:\/\/projetopack.com.br\/wp-content\/uploads\/2021\/08\/20201028PHT90329_original.jpg","type":"image\/jpeg"}],"author":"Andrea","twitter_card":"summary_large_image","twitter_creator":"@ProjetoPack","twitter_site":"@ProjetoPack","twitter_misc":{"Written by":"Andrea","Est. reading time":"2 minutes"},"schema":{"@context":"https:\/\/schema.org","@graph":[{"@type":"Article","@id":"https:\/\/projetopack.com.br\/en\/a-aposta-na-recuperacao-da-industria-de-embalagens-plasticas-flexiveis-no-segundo-semestre\/#article","isPartOf":{"@id":"https:\/\/projetopack.com.br\/en\/a-aposta-na-recuperacao-da-industria-de-embalagens-plasticas-flexiveis-no-segundo-semestre\/"},"author":{"name":"Andrea","@id":"https:\/\/projetopack.com.br\/#\/schema\/person\/d17c72a4bc2b7e461496dd8a14d4cef1"},"headline":"A aposta na recupera\u00e7\u00e3o da ind\u00fastria de embalagens pl\u00e1sticas flex\u00edveis no segundo semestre","datePublished":"2021-08-25T21:05:31+00:00","dateModified":"2021-08-25T21:05:35+00:00","mainEntityOfPage":{"@id":"https:\/\/projetopack.com.br\/en\/a-aposta-na-recuperacao-da-industria-de-embalagens-plasticas-flexiveis-no-segundo-semestre\/"},"wordCount":488,"commentCount":0,"publisher":{"@id":"https:\/\/projetopack.com.br\/#organization"},"image":{"@id":"https:\/\/projetopack.com.br\/en\/a-aposta-na-recuperacao-da-industria-de-embalagens-plasticas-flexiveis-no-segundo-semestre\/#primaryimage"},"thumbnailUrl":"https:\/\/projetopack.com.br\/wp-content\/uploads\/2021\/08\/20201028PHT90329_original.jpg","keywords":["abief","coronavirus","covid","covid19","Embalagem","Embalagens flex\u00edveis"],"articleSection":["Opini\u00e3o"],"inLanguage":"en-US","potentialAction":[{"@type":"CommentAction","name":"Comment","target":["https:\/\/projetopack.com.br\/en\/a-aposta-na-recuperacao-da-industria-de-embalagens-plasticas-flexiveis-no-segundo-semestre\/#respond"]}]},{"@type":"WebPage","@id":"https:\/\/projetopack.com.br\/en\/a-aposta-na-recuperacao-da-industria-de-embalagens-plasticas-flexiveis-no-segundo-semestre\/","url":"https:\/\/projetopack.com.br\/en\/a-aposta-na-recuperacao-da-industria-de-embalagens-plasticas-flexiveis-no-segundo-semestre\/","name":"A aposta na recupera\u00e7\u00e3o da ind\u00fastria de embalagens pl\u00e1sticas flex\u00edveis no segundo semestre - ProjetoPack","isPartOf":{"@id":"https:\/\/projetopack.com.br\/#website"},"primaryImageOfPage":{"@id":"https:\/\/projetopack.com.br\/en\/a-aposta-na-recuperacao-da-industria-de-embalagens-plasticas-flexiveis-no-segundo-semestre\/#primaryimage"},"image":{"@id":"https:\/\/projetopack.com.br\/en\/a-aposta-na-recuperacao-da-industria-de-embalagens-plasticas-flexiveis-no-segundo-semestre\/#primaryimage"},"thumbnailUrl":"https:\/\/projetopack.com.br\/wp-content\/uploads\/2021\/08\/20201028PHT90329_original.jpg","datePublished":"2021-08-25T21:05:31+00:00","dateModified":"2021-08-25T21:05:35+00:00","description":"Um dos fatores que justificariam o otimismo seria o avan\u00e7o da vacina\u00e7\u00e3o e a conseguinte redu\u00e7\u00e3o das medidas restritivas.","breadcrumb":{"@id":"https:\/\/projetopack.com.br\/en\/a-aposta-na-recuperacao-da-industria-de-embalagens-plasticas-flexiveis-no-segundo-semestre\/#breadcrumb"},"inLanguage":"en-US","potentialAction":[{"@type":"ReadAction","target":["https:\/\/projetopack.com.br\/en\/a-aposta-na-recuperacao-da-industria-de-embalagens-plasticas-flexiveis-no-segundo-semestre\/"]}]},{"@type":"ImageObject","inLanguage":"en-US","@id":"https:\/\/projetopack.com.br\/en\/a-aposta-na-recuperacao-da-industria-de-embalagens-plasticas-flexiveis-no-segundo-semestre\/#primaryimage","url":"https:\/\/projetopack.com.br\/wp-content\/uploads\/2021\/08\/20201028PHT90329_original.jpg","contentUrl":"https:\/\/projetopack.com.br\/wp-content\/uploads\/2021\/08\/20201028PHT90329_original.jpg","width":1618,"height":1144,"caption":"retomada do mercado"},{"@type":"BreadcrumbList","@id":"https:\/\/projetopack.com.br\/en\/a-aposta-na-recuperacao-da-industria-de-embalagens-plasticas-flexiveis-no-segundo-semestre\/#breadcrumb","itemListElement":[{"@type":"ListItem","position":1,"name":"P\u00e1gina Inicial","item":"https:\/\/projetopack.com.br\/"},{"@type":"ListItem","position":2,"name":"Opini\u00e3o","item":"https:\/\/projetopack.com.br\/en\/category\/opiniao\/"},{"@type":"ListItem","position":3,"name":"A aposta na recupera\u00e7\u00e3o da ind\u00fastria de embalagens pl\u00e1sticas flex\u00edveis no segundo semestre"}]},{"@type":"WebSite","@id":"https:\/\/projetopack.com.br\/#website","url":"https:\/\/projetopack.com.br\/","name":"ProjetoPack","description":"Consultoria e servi\u00e7os para embalagens, r\u00f3tulos, etiquetas e processos de impress\u00e3o","publisher":{"@id":"https:\/\/projetopack.com.br\/#organization"},"potentialAction":[{"@type":"SearchAction","target":{"@type":"EntryPoint","urlTemplate":"https:\/\/projetopack.com.br\/?s={search_term_string}"},"query-input":{"@type":"PropertyValueSpecification","valueRequired":true,"valueName":"search_term_string"}}],"inLanguage":"en-US"},{"@type":"Organization","@id":"https:\/\/projetopack.com.br\/#organization","name":"ProjetoPack & Associados","url":"https:\/\/projetopack.com.br\/","logo":{"@type":"ImageObject","inLanguage":"en-US","@id":"https:\/\/projetopack.com.br\/#\/schema\/logo\/image\/","url":"https:\/\/projetopack.com.br\/wp-content\/uploads\/2020\/09\/projetopack.png","contentUrl":"https:\/\/projetopack.com.br\/wp-content\/uploads\/2020\/09\/projetopack.png","width":200,"height":200,"caption":"ProjetoPack & Associados"},"image":{"@id":"https:\/\/projetopack.com.br\/#\/schema\/logo\/image\/"},"sameAs":["https:\/\/x.com\/ProjetoPack","https:\/\/www.linkedin.com\/company\/projetopack\/"]},{"@type":"Person","@id":"https:\/\/projetopack.com.br\/#\/schema\/person\/d17c72a4bc2b7e461496dd8a14d4cef1","name":"Andrea","image":{"@type":"ImageObject","inLanguage":"en-US","@id":"https:\/\/projetopack.com.br\/#\/schema\/person\/image\/","url":"https:\/\/projetopack.com.br\/wp-content\/uploads\/2026\/03\/eu-150x150.jpg","contentUrl":"https:\/\/projetopack.com.br\/wp-content\/uploads\/2026\/03\/eu-150x150.jpg","caption":"Andrea"},"url":"https:\/\/projetopack.com.br\/en\/author\/andrea\/"}]}},"_links":{"self":[{"href":"https:\/\/projetopack.com.br\/en\/wp-json\/wp\/v2\/posts\/13550","targetHints":{"allow":["GET"]}}],"collection":[{"href":"https:\/\/projetopack.com.br\/en\/wp-json\/wp\/v2\/posts"}],"about":[{"href":"https:\/\/projetopack.com.br\/en\/wp-json\/wp\/v2\/types\/post"}],"author":[{"embeddable":true,"href":"https:\/\/projetopack.com.br\/en\/wp-json\/wp\/v2\/users\/18"}],"replies":[{"embeddable":true,"href":"https:\/\/projetopack.com.br\/en\/wp-json\/wp\/v2\/comments?post=13550"}],"version-history":[{"count":0,"href":"https:\/\/projetopack.com.br\/en\/wp-json\/wp\/v2\/posts\/13550\/revisions"}],"wp:featuredmedia":[{"embeddable":true,"href":"https:\/\/projetopack.com.br\/en\/wp-json\/wp\/v2\/media\/13555"}],"wp:attachment":[{"href":"https:\/\/projetopack.com.br\/en\/wp-json\/wp\/v2\/media?parent=13550"}],"wp:term":[{"taxonomy":"category","embeddable":true,"href":"https:\/\/projetopack.com.br\/en\/wp-json\/wp\/v2\/categories?post=13550"},{"taxonomy":"post_tag","embeddable":true,"href":"https:\/\/projetopack.com.br\/en\/wp-json\/wp\/v2\/tags?post=13550"}],"curies":[{"name":"wp","href":"https:\/\/api.w.org\/{rel}","templated":true}]}}