{"id":13942,"date":"2021-09-08T15:26:25","date_gmt":"2021-09-08T18:26:25","guid":{"rendered":"https:\/\/www.projetopack.com.br\/?p=13942"},"modified":"2021-09-09T11:09:42","modified_gmt":"2021-09-09T14:09:42","slug":"projetopack-incorpora-relatorio-de-mercado-na-area-de-plasticos-e-embalagens-flexiveis-plasticmatrix","status":"publish","type":"post","link":"https:\/\/projetopack.com.br\/en\/projetopack-incorpora-relatorio-de-mercado-na-area-de-plasticos-e-embalagens-flexiveis-plasticmatrix\/","title":{"rendered":"ProjetoPack incorpora relat\u00f3rio de mercado na \u00e1rea de pl\u00e1sticos e embalagens flex\u00edveis PlasticMatrix"},"content":{"rendered":"<p>J\u00e1 algum tempo, temos identificado uma lacuna no mercado de embalagens pl\u00e1sticas flex\u00edveis, r\u00f3tulos e impress\u00e3o: a falta de um robusto relat\u00f3rio t\u00e9cnico e mercadol\u00f3gico mensal para tomada de decis\u00e3o.<br><\/p>\n\n\n\n<p>Por algumas vezes, esta iniciativa esteve em nosso pipeline de projetos, mas em virtude de tantas outras frentes abertas, n\u00e3o pudemos nos dedicar a ele.<\/p>\n\n\n\n<p>Qual n\u00e3o foi nossa surpresa ao ver, pela primeira vez, o relat\u00f3rio <strong><a href=\"https:\/\/pages.services\/cursos.projetopack.com.br\/relatrio-semanal-plastic-matrix\/\" target=\"_blank\" rel=\"noreferrer noopener\">PlasticMatrix<\/a><\/strong>.<br><\/p>\n\n\n\n<p class=\"has-cyan-bluish-gray-background-color has-background\">Absolutamente completo, com um panorama econ\u00f4mico avan\u00e7ado, tend\u00eancias e um volume impressionante de intelig\u00eancia de neg\u00f3cios da nossa \u00e1rea &#8211; muni\u00e7\u00e3o mais do que suficiente &#8211; para suplantar a estrat\u00e9gia de qualquer player da cadeia das embalagens flex\u00edveis pl\u00e1sticas.<br><\/p>\n\n\n\n<p>Nos aproximamos de seu fundador e idealizador, <strong>Erasmo Fraccalvieri<\/strong>, para cooperar financeira e tecnicamente com o relat\u00f3rio, com o intuito de incorporar o valioso servi\u00e7o em nosso portf\u00f3lio.<\/p>\n\n\n\n<figure class=\"wp-block-pullquote\"><blockquote><p>A partir de setembro deste ano, o relat\u00f3rio t\u00e9cnico da ind\u00fastria de pl\u00e1sticos e embalagens flex\u00edveis pl\u00e1sticas &#8220;PlasticMatrix&#8221; ser\u00e1 parte integrante de nossos servi\u00e7os de assinatura aos clientes.<\/p><\/blockquote><\/figure>\n\n\n\n<p>Leia mais sobre o relat\u00f3rio e o projeto na pr\u00f3xima edi\u00e7\u00e3o da <a href=\"https:\/\/projetopack.com.br\/revista-projeto-pack\/\" target=\"_blank\" rel=\"noreferrer noopener\">ProjetoPack em Revista<\/a>.<\/p>","protected":false},"excerpt":{"rendered":"<p>O relat\u00f3rio PlasticMatrix poder\u00e1 ser adquirido individualmente ou via servi\u00e7o de assinatura.<\/p>","protected":false},"author":18,"featured_media":13951,"comment_status":"open","ping_status":"closed","sticky":true,"template":"","format":"standard","meta":{"footnotes":""},"categories":[458],"tags":[878,882,880,881],"class_list":["post-13942","post","type-post","status-publish","format-standard","has-post-thumbnail","hentry","category-lancamentos","tag-plasticmatrix","tag-polipropileno","tag-resinas","tag-resinas-termoplasticas"],"yoast_head":"<!-- This site is optimized with the Yoast SEO Premium plugin v27.1 (Yoast SEO v27.1.1) - https:\/\/yoast.com\/product\/yoast-seo-premium-wordpress\/ -->\n<title>ProjetoPack incorpora relat\u00f3rio de mercado na \u00e1rea de pl\u00e1sticos e embalagens flex\u00edveis PlasticMatrix - ProjetoPack<\/title>\n<meta name=\"description\" content=\"ProjetoPack incorpora o relat\u00f3rio de mercado e economia na \u00e1rea de pl\u00e1sticos e embalagens flex\u00edveis PlasticMatrix.\" \/>\n<meta name=\"robots\" content=\"index, follow, max-snippet:-1, max-image-preview:large, max-video-preview:-1\" \/>\n<link rel=\"canonical\" href=\"https:\/\/projetopack.com.br\/en\/projetopack-incorpora-relatorio-de-mercado-na-area-de-plasticos-e-embalagens-flexiveis-plasticmatrix\/\" \/>\n<meta property=\"og:locale\" content=\"en_US\" \/>\n<meta property=\"og:type\" content=\"article\" \/>\n<meta property=\"og:title\" content=\"ProjetoPack incorpora relat\u00f3rio de mercado na \u00e1rea de pl\u00e1sticos e embalagens flex\u00edveis PlasticMatrix\" \/>\n<meta property=\"og:description\" content=\"ProjetoPack incorpora o relat\u00f3rio de mercado e economia na \u00e1rea de pl\u00e1sticos e embalagens flex\u00edveis PlasticMatrix.\" \/>\n<meta property=\"og:url\" content=\"https:\/\/projetopack.com.br\/en\/projetopack-incorpora-relatorio-de-mercado-na-area-de-plasticos-e-embalagens-flexiveis-plasticmatrix\/\" \/>\n<meta property=\"og:site_name\" content=\"ProjetoPack\" \/>\n<meta property=\"article:published_time\" content=\"2021-09-08T18:26:25+00:00\" \/>\n<meta property=\"article:modified_time\" content=\"2021-09-09T14:09:42+00:00\" \/>\n<meta property=\"og:image\" content=\"https:\/\/projetopack.com.br\/wp-content\/uploads\/2021\/09\/belgian-plastics-day-2019-2000x1200-1.jpg\" \/>\n\t<meta property=\"og:image:width\" content=\"2000\" \/>\n\t<meta property=\"og:image:height\" content=\"1200\" \/>\n\t<meta property=\"og:image:type\" content=\"image\/jpeg\" \/>\n<meta name=\"author\" content=\"Andrea\" \/>\n<meta name=\"twitter:card\" content=\"summary_large_image\" \/>\n<meta name=\"twitter:image\" content=\"https:\/\/projetopack.com.br\/wp-content\/uploads\/2021\/09\/belgian-plastics-day-BG.jpg\" \/>\n<meta name=\"twitter:creator\" content=\"@ProjetoPack\" \/>\n<meta name=\"twitter:site\" content=\"@ProjetoPack\" \/>\n<meta name=\"twitter:label1\" content=\"Written by\" \/>\n\t<meta name=\"twitter:data1\" content=\"Andrea\" \/>\n\t<meta name=\"twitter:label2\" content=\"Est. reading time\" \/>\n\t<meta name=\"twitter:data2\" content=\"1 minute\" \/>\n<script type=\"application\/ld+json\" class=\"yoast-schema-graph\">{\"@context\":\"https:\/\/schema.org\",\"@graph\":[{\"@type\":\"Article\",\"@id\":\"https:\/\/projetopack.com.br\/projetopack-incorpora-relatorio-de-mercado-na-area-de-plasticos-e-embalagens-flexiveis-plasticmatrix\/#article\",\"isPartOf\":{\"@id\":\"https:\/\/projetopack.com.br\/projetopack-incorpora-relatorio-de-mercado-na-area-de-plasticos-e-embalagens-flexiveis-plasticmatrix\/\"},\"author\":{\"name\":\"Andrea\",\"@id\":\"https:\/\/projetopack.com.br\/#\/schema\/person\/d17c72a4bc2b7e461496dd8a14d4cef1\"},\"headline\":\"ProjetoPack incorpora relat\u00f3rio de mercado na \u00e1rea de pl\u00e1sticos e embalagens flex\u00edveis PlasticMatrix\",\"datePublished\":\"2021-09-08T18:26:25+00:00\",\"dateModified\":\"2021-09-09T14:09:42+00:00\",\"mainEntityOfPage\":{\"@id\":\"https:\/\/projetopack.com.br\/projetopack-incorpora-relatorio-de-mercado-na-area-de-plasticos-e-embalagens-flexiveis-plasticmatrix\/\"},\"wordCount\":227,\"commentCount\":0,\"publisher\":{\"@id\":\"https:\/\/projetopack.com.br\/#organization\"},\"image\":{\"@id\":\"https:\/\/projetopack.com.br\/projetopack-incorpora-relatorio-de-mercado-na-area-de-plasticos-e-embalagens-flexiveis-plasticmatrix\/#primaryimage\"},\"thumbnailUrl\":\"https:\/\/projetopack.com.br\/wp-content\/uploads\/2021\/09\/belgian-plastics-day-BG.jpg\",\"keywords\":[\"plasticmatrix\",\"polipropileno\",\"resinas\",\"resinas termopl\u00e1sticas\"],\"articleSection\":[\"Lan\u00e7amentos\"],\"inLanguage\":\"en-US\",\"potentialAction\":[{\"@type\":\"CommentAction\",\"name\":\"Comment\",\"target\":[\"https:\/\/projetopack.com.br\/projetopack-incorpora-relatorio-de-mercado-na-area-de-plasticos-e-embalagens-flexiveis-plasticmatrix\/#respond\"]}]},{\"@type\":\"WebPage\",\"@id\":\"https:\/\/projetopack.com.br\/projetopack-incorpora-relatorio-de-mercado-na-area-de-plasticos-e-embalagens-flexiveis-plasticmatrix\/\",\"url\":\"https:\/\/projetopack.com.br\/projetopack-incorpora-relatorio-de-mercado-na-area-de-plasticos-e-embalagens-flexiveis-plasticmatrix\/\",\"name\":\"ProjetoPack incorpora relat\u00f3rio de mercado na \u00e1rea de pl\u00e1sticos e embalagens flex\u00edveis PlasticMatrix - ProjetoPack\",\"isPartOf\":{\"@id\":\"https:\/\/projetopack.com.br\/#website\"},\"primaryImageOfPage\":{\"@id\":\"https:\/\/projetopack.com.br\/projetopack-incorpora-relatorio-de-mercado-na-area-de-plasticos-e-embalagens-flexiveis-plasticmatrix\/#primaryimage\"},\"image\":{\"@id\":\"https:\/\/projetopack.com.br\/projetopack-incorpora-relatorio-de-mercado-na-area-de-plasticos-e-embalagens-flexiveis-plasticmatrix\/#primaryimage\"},\"thumbnailUrl\":\"https:\/\/projetopack.com.br\/wp-content\/uploads\/2021\/09\/belgian-plastics-day-BG.jpg\",\"datePublished\":\"2021-09-08T18:26:25+00:00\",\"dateModified\":\"2021-09-09T14:09:42+00:00\",\"description\":\"ProjetoPack incorpora o relat\u00f3rio de mercado e economia na \u00e1rea de pl\u00e1sticos e embalagens flex\u00edveis PlasticMatrix.\",\"breadcrumb\":{\"@id\":\"https:\/\/projetopack.com.br\/projetopack-incorpora-relatorio-de-mercado-na-area-de-plasticos-e-embalagens-flexiveis-plasticmatrix\/#breadcrumb\"},\"inLanguage\":\"en-US\",\"potentialAction\":[{\"@type\":\"ReadAction\",\"target\":[\"https:\/\/projetopack.com.br\/projetopack-incorpora-relatorio-de-mercado-na-area-de-plasticos-e-embalagens-flexiveis-plasticmatrix\/\"]}]},{\"@type\":\"ImageObject\",\"inLanguage\":\"en-US\",\"@id\":\"https:\/\/projetopack.com.br\/projetopack-incorpora-relatorio-de-mercado-na-area-de-plasticos-e-embalagens-flexiveis-plasticmatrix\/#primaryimage\",\"url\":\"https:\/\/projetopack.com.br\/wp-content\/uploads\/2021\/09\/belgian-plastics-day-BG.jpg\",\"contentUrl\":\"https:\/\/projetopack.com.br\/wp-content\/uploads\/2021\/09\/belgian-plastics-day-BG.jpg\",\"width\":1920,\"height\":1152},{\"@type\":\"BreadcrumbList\",\"@id\":\"https:\/\/projetopack.com.br\/projetopack-incorpora-relatorio-de-mercado-na-area-de-plasticos-e-embalagens-flexiveis-plasticmatrix\/#breadcrumb\",\"itemListElement\":[{\"@type\":\"ListItem\",\"position\":1,\"name\":\"P\u00e1gina Inicial\",\"item\":\"https:\/\/projetopack.com.br\/\"},{\"@type\":\"ListItem\",\"position\":2,\"name\":\"Lan\u00e7amentos\",\"item\":\"https:\/\/projetopack.com.br\/category\/lancamentos\/\"},{\"@type\":\"ListItem\",\"position\":3,\"name\":\"ProjetoPack incorpora relat\u00f3rio de mercado na \u00e1rea de pl\u00e1sticos e embalagens flex\u00edveis PlasticMatrix\"}]},{\"@type\":\"WebSite\",\"@id\":\"https:\/\/projetopack.com.br\/#website\",\"url\":\"https:\/\/projetopack.com.br\/\",\"name\":\"ProjetoPack\",\"description\":\"Consultoria e servi\u00e7os para embalagens, r\u00f3tulos, etiquetas e processos de impress\u00e3o\",\"publisher\":{\"@id\":\"https:\/\/projetopack.com.br\/#organization\"},\"potentialAction\":[{\"@type\":\"SearchAction\",\"target\":{\"@type\":\"EntryPoint\",\"urlTemplate\":\"https:\/\/projetopack.com.br\/?s={search_term_string}\"},\"query-input\":{\"@type\":\"PropertyValueSpecification\",\"valueRequired\":true,\"valueName\":\"search_term_string\"}}],\"inLanguage\":\"en-US\"},{\"@type\":\"Organization\",\"@id\":\"https:\/\/projetopack.com.br\/#organization\",\"name\":\"ProjetoPack & Associados\",\"url\":\"https:\/\/projetopack.com.br\/\",\"logo\":{\"@type\":\"ImageObject\",\"inLanguage\":\"en-US\",\"@id\":\"https:\/\/projetopack.com.br\/#\/schema\/logo\/image\/\",\"url\":\"https:\/\/projetopack.com.br\/wp-content\/uploads\/2020\/09\/projetopack.png\",\"contentUrl\":\"https:\/\/projetopack.com.br\/wp-content\/uploads\/2020\/09\/projetopack.png\",\"width\":200,\"height\":200,\"caption\":\"ProjetoPack & Associados\"},\"image\":{\"@id\":\"https:\/\/projetopack.com.br\/#\/schema\/logo\/image\/\"},\"sameAs\":[\"https:\/\/x.com\/ProjetoPack\",\"https:\/\/www.linkedin.com\/company\/projetopack\/\"]},{\"@type\":\"Person\",\"@id\":\"https:\/\/projetopack.com.br\/#\/schema\/person\/d17c72a4bc2b7e461496dd8a14d4cef1\",\"name\":\"Andrea\",\"image\":{\"@type\":\"ImageObject\",\"inLanguage\":\"en-US\",\"@id\":\"https:\/\/projetopack.com.br\/#\/schema\/person\/image\/\",\"url\":\"https:\/\/projetopack.com.br\/wp-content\/uploads\/2026\/03\/eu-150x150.jpg\",\"contentUrl\":\"https:\/\/projetopack.com.br\/wp-content\/uploads\/2026\/03\/eu-150x150.jpg\",\"caption\":\"Andrea\"},\"url\":\"https:\/\/projetopack.com.br\/en\/author\/andrea\/\"}]}<\/script>\n<!-- \/ Yoast SEO Premium plugin. -->","yoast_head_json":{"title":"ProjetoPack incorpora relat\u00f3rio de mercado na \u00e1rea de pl\u00e1sticos e embalagens flex\u00edveis PlasticMatrix - ProjetoPack","description":"ProjetoPack incorpora o relat\u00f3rio de mercado e economia na \u00e1rea de pl\u00e1sticos e embalagens flex\u00edveis PlasticMatrix.","robots":{"index":"index","follow":"follow","max-snippet":"max-snippet:-1","max-image-preview":"max-image-preview:large","max-video-preview":"max-video-preview:-1"},"canonical":"https:\/\/projetopack.com.br\/en\/projetopack-incorpora-relatorio-de-mercado-na-area-de-plasticos-e-embalagens-flexiveis-plasticmatrix\/","og_locale":"en_US","og_type":"article","og_title":"ProjetoPack incorpora relat\u00f3rio de mercado na \u00e1rea de pl\u00e1sticos e embalagens flex\u00edveis PlasticMatrix","og_description":"ProjetoPack incorpora o relat\u00f3rio de mercado e economia na \u00e1rea de pl\u00e1sticos e embalagens flex\u00edveis PlasticMatrix.","og_url":"https:\/\/projetopack.com.br\/en\/projetopack-incorpora-relatorio-de-mercado-na-area-de-plasticos-e-embalagens-flexiveis-plasticmatrix\/","og_site_name":"ProjetoPack","article_published_time":"2021-09-08T18:26:25+00:00","article_modified_time":"2021-09-09T14:09:42+00:00","og_image":[{"width":2000,"height":1200,"url":"https:\/\/projetopack.com.br\/wp-content\/uploads\/2021\/09\/belgian-plastics-day-2019-2000x1200-1.jpg","type":"image\/jpeg"}],"author":"Andrea","twitter_card":"summary_large_image","twitter_image":"https:\/\/projetopack.com.br\/wp-content\/uploads\/2021\/09\/belgian-plastics-day-BG.jpg","twitter_creator":"@ProjetoPack","twitter_site":"@ProjetoPack","twitter_misc":{"Written by":"Andrea","Est. reading time":"1 minute"},"schema":{"@context":"https:\/\/schema.org","@graph":[{"@type":"Article","@id":"https:\/\/projetopack.com.br\/projetopack-incorpora-relatorio-de-mercado-na-area-de-plasticos-e-embalagens-flexiveis-plasticmatrix\/#article","isPartOf":{"@id":"https:\/\/projetopack.com.br\/projetopack-incorpora-relatorio-de-mercado-na-area-de-plasticos-e-embalagens-flexiveis-plasticmatrix\/"},"author":{"name":"Andrea","@id":"https:\/\/projetopack.com.br\/#\/schema\/person\/d17c72a4bc2b7e461496dd8a14d4cef1"},"headline":"ProjetoPack incorpora relat\u00f3rio de mercado na \u00e1rea de pl\u00e1sticos e embalagens flex\u00edveis PlasticMatrix","datePublished":"2021-09-08T18:26:25+00:00","dateModified":"2021-09-09T14:09:42+00:00","mainEntityOfPage":{"@id":"https:\/\/projetopack.com.br\/projetopack-incorpora-relatorio-de-mercado-na-area-de-plasticos-e-embalagens-flexiveis-plasticmatrix\/"},"wordCount":227,"commentCount":0,"publisher":{"@id":"https:\/\/projetopack.com.br\/#organization"},"image":{"@id":"https:\/\/projetopack.com.br\/projetopack-incorpora-relatorio-de-mercado-na-area-de-plasticos-e-embalagens-flexiveis-plasticmatrix\/#primaryimage"},"thumbnailUrl":"https:\/\/projetopack.com.br\/wp-content\/uploads\/2021\/09\/belgian-plastics-day-BG.jpg","keywords":["plasticmatrix","polipropileno","resinas","resinas termopl\u00e1sticas"],"articleSection":["Lan\u00e7amentos"],"inLanguage":"en-US","potentialAction":[{"@type":"CommentAction","name":"Comment","target":["https:\/\/projetopack.com.br\/projetopack-incorpora-relatorio-de-mercado-na-area-de-plasticos-e-embalagens-flexiveis-plasticmatrix\/#respond"]}]},{"@type":"WebPage","@id":"https:\/\/projetopack.com.br\/projetopack-incorpora-relatorio-de-mercado-na-area-de-plasticos-e-embalagens-flexiveis-plasticmatrix\/","url":"https:\/\/projetopack.com.br\/projetopack-incorpora-relatorio-de-mercado-na-area-de-plasticos-e-embalagens-flexiveis-plasticmatrix\/","name":"ProjetoPack incorpora relat\u00f3rio de mercado na \u00e1rea de pl\u00e1sticos e embalagens flex\u00edveis PlasticMatrix - ProjetoPack","isPartOf":{"@id":"https:\/\/projetopack.com.br\/#website"},"primaryImageOfPage":{"@id":"https:\/\/projetopack.com.br\/projetopack-incorpora-relatorio-de-mercado-na-area-de-plasticos-e-embalagens-flexiveis-plasticmatrix\/#primaryimage"},"image":{"@id":"https:\/\/projetopack.com.br\/projetopack-incorpora-relatorio-de-mercado-na-area-de-plasticos-e-embalagens-flexiveis-plasticmatrix\/#primaryimage"},"thumbnailUrl":"https:\/\/projetopack.com.br\/wp-content\/uploads\/2021\/09\/belgian-plastics-day-BG.jpg","datePublished":"2021-09-08T18:26:25+00:00","dateModified":"2021-09-09T14:09:42+00:00","description":"ProjetoPack incorpora o relat\u00f3rio de mercado e economia na \u00e1rea de pl\u00e1sticos e embalagens flex\u00edveis PlasticMatrix.","breadcrumb":{"@id":"https:\/\/projetopack.com.br\/projetopack-incorpora-relatorio-de-mercado-na-area-de-plasticos-e-embalagens-flexiveis-plasticmatrix\/#breadcrumb"},"inLanguage":"en-US","potentialAction":[{"@type":"ReadAction","target":["https:\/\/projetopack.com.br\/projetopack-incorpora-relatorio-de-mercado-na-area-de-plasticos-e-embalagens-flexiveis-plasticmatrix\/"]}]},{"@type":"ImageObject","inLanguage":"en-US","@id":"https:\/\/projetopack.com.br\/projetopack-incorpora-relatorio-de-mercado-na-area-de-plasticos-e-embalagens-flexiveis-plasticmatrix\/#primaryimage","url":"https:\/\/projetopack.com.br\/wp-content\/uploads\/2021\/09\/belgian-plastics-day-BG.jpg","contentUrl":"https:\/\/projetopack.com.br\/wp-content\/uploads\/2021\/09\/belgian-plastics-day-BG.jpg","width":1920,"height":1152},{"@type":"BreadcrumbList","@id":"https:\/\/projetopack.com.br\/projetopack-incorpora-relatorio-de-mercado-na-area-de-plasticos-e-embalagens-flexiveis-plasticmatrix\/#breadcrumb","itemListElement":[{"@type":"ListItem","position":1,"name":"P\u00e1gina Inicial","item":"https:\/\/projetopack.com.br\/"},{"@type":"ListItem","position":2,"name":"Lan\u00e7amentos","item":"https:\/\/projetopack.com.br\/category\/lancamentos\/"},{"@type":"ListItem","position":3,"name":"ProjetoPack incorpora relat\u00f3rio de mercado na \u00e1rea de pl\u00e1sticos e embalagens flex\u00edveis PlasticMatrix"}]},{"@type":"WebSite","@id":"https:\/\/projetopack.com.br\/#website","url":"https:\/\/projetopack.com.br\/","name":"ProjetoPack","description":"Consultoria e servi\u00e7os para embalagens, r\u00f3tulos, etiquetas e processos de impress\u00e3o","publisher":{"@id":"https:\/\/projetopack.com.br\/#organization"},"potentialAction":[{"@type":"SearchAction","target":{"@type":"EntryPoint","urlTemplate":"https:\/\/projetopack.com.br\/?s={search_term_string}"},"query-input":{"@type":"PropertyValueSpecification","valueRequired":true,"valueName":"search_term_string"}}],"inLanguage":"en-US"},{"@type":"Organization","@id":"https:\/\/projetopack.com.br\/#organization","name":"ProjetoPack & Associados","url":"https:\/\/projetopack.com.br\/","logo":{"@type":"ImageObject","inLanguage":"en-US","@id":"https:\/\/projetopack.com.br\/#\/schema\/logo\/image\/","url":"https:\/\/projetopack.com.br\/wp-content\/uploads\/2020\/09\/projetopack.png","contentUrl":"https:\/\/projetopack.com.br\/wp-content\/uploads\/2020\/09\/projetopack.png","width":200,"height":200,"caption":"ProjetoPack & Associados"},"image":{"@id":"https:\/\/projetopack.com.br\/#\/schema\/logo\/image\/"},"sameAs":["https:\/\/x.com\/ProjetoPack","https:\/\/www.linkedin.com\/company\/projetopack\/"]},{"@type":"Person","@id":"https:\/\/projetopack.com.br\/#\/schema\/person\/d17c72a4bc2b7e461496dd8a14d4cef1","name":"Andrea","image":{"@type":"ImageObject","inLanguage":"en-US","@id":"https:\/\/projetopack.com.br\/#\/schema\/person\/image\/","url":"https:\/\/projetopack.com.br\/wp-content\/uploads\/2026\/03\/eu-150x150.jpg","contentUrl":"https:\/\/projetopack.com.br\/wp-content\/uploads\/2026\/03\/eu-150x150.jpg","caption":"Andrea"},"url":"https:\/\/projetopack.com.br\/en\/author\/andrea\/"}]}},"_links":{"self":[{"href":"https:\/\/projetopack.com.br\/en\/wp-json\/wp\/v2\/posts\/13942","targetHints":{"allow":["GET"]}}],"collection":[{"href":"https:\/\/projetopack.com.br\/en\/wp-json\/wp\/v2\/posts"}],"about":[{"href":"https:\/\/projetopack.com.br\/en\/wp-json\/wp\/v2\/types\/post"}],"author":[{"embeddable":true,"href":"https:\/\/projetopack.com.br\/en\/wp-json\/wp\/v2\/users\/18"}],"replies":[{"embeddable":true,"href":"https:\/\/projetopack.com.br\/en\/wp-json\/wp\/v2\/comments?post=13942"}],"version-history":[{"count":0,"href":"https:\/\/projetopack.com.br\/en\/wp-json\/wp\/v2\/posts\/13942\/revisions"}],"wp:featuredmedia":[{"embeddable":true,"href":"https:\/\/projetopack.com.br\/en\/wp-json\/wp\/v2\/media\/13951"}],"wp:attachment":[{"href":"https:\/\/projetopack.com.br\/en\/wp-json\/wp\/v2\/media?parent=13942"}],"wp:term":[{"taxonomy":"category","embeddable":true,"href":"https:\/\/projetopack.com.br\/en\/wp-json\/wp\/v2\/categories?post=13942"},{"taxonomy":"post_tag","embeddable":true,"href":"https:\/\/projetopack.com.br\/en\/wp-json\/wp\/v2\/tags?post=13942"}],"curies":[{"name":"wp","href":"https:\/\/api.w.org\/{rel}","templated":true}]}}