{"id":14663,"date":"2021-10-01T14:02:30","date_gmt":"2021-10-01T17:02:30","guid":{"rendered":"https:\/\/www.projetopack.com.br\/?p=14663"},"modified":"2026-03-16T16:57:33","modified_gmt":"2026-03-16T19:57:33","slug":"o-que-aprendemos-no-packcast-com-a-epema","status":"publish","type":"post","link":"https:\/\/projetopack.com.br\/en\/o-que-aprendemos-no-packcast-com-a-epema\/","title":{"rendered":"O que aprendemos no PackCast com a Epema?"},"content":{"rendered":"<p>Voltando ao nosso programa de podcast PackCast (ap\u00f3s um afastamento for\u00e7ado em virtude da covid-19), fizemos uma entrevista com a convertedora de embalagens flex\u00edveis <a href=\"https:\/\/epema.com.br\/\" target=\"_blank\" rel=\"noreferrer noopener\">Epema Embalagens<\/a>. Mantendo o protocolo, aproveitamos o v\u00eddeo para o formato webcast em nosso canal do <a href=\"https:\/\/youtu.be\/v-vS66_Cjbs\" target=\"_blank\" rel=\"noreferrer noopener\">YouTube<\/a> (convidamos a todos para se inscreverem em ambos, links ao longo da postagem).<\/p>\n\n\n\n<p>Nosso bate-papo contou com a ilustre presen\u00e7a de <strong>Rog\u00e9rio Mani<\/strong>, presidente da empresa e tamb\u00e9m presidente para o bi\u00eanio 2021 \/ 2023 da <a href=\"http:\/\/www.abief.org.br\/conselho\" target=\"_blank\" rel=\"noreferrer noopener\">ABIEF<\/a>, a Associa\u00e7\u00e3o Brasileira da Ind\u00fastria de Embalagens Flex\u00edveis.<\/p>\n\n\n\n<figure class=\"wp-block-embed is-type-video is-provider-youtube wp-block-embed-youtube wp-embed-aspect-16-9 wp-has-aspect-ratio\"><div class=\"wp-block-embed__wrapper\">\n<iframe title=\"PackLive com a Epema\" width=\"800\" height=\"450\" src=\"https:\/\/www.youtube.com\/embed\/v-vS66_Cjbs?feature=oembed\" frameborder=\"0\" allow=\"accelerometer; autoplay; clipboard-write; encrypted-media; gyroscope; picture-in-picture\" allowfullscreen><\/iframe>\n<\/div><\/figure>\n\n\n\n<p>Rog\u00e9rio, hoje com 45 anos de profiss\u00e3o no ramo dos pl\u00e1sticos, nos conta que resolveu dar vaz\u00e3o \u00e0 sua veia empreendedora ao montar a sua primeira empresa &#8211; com o sugestivo nome de &#8220;P\u00f3lo Lim\u00e3o&#8221;, que representava comercialmente \u00e0 \u00e9poca a Pedrini Pl\u00e1sticos, um \u00edcone do setor em Santa Catarina.<\/p>\n\n\n\n<p>A parada da empresa foi o gatilho para que Rog\u00e9rio come\u00e7asse a empreender no \u00e2mbito industrial, adquirindo m\u00e1quinas extrusoras, impressoras e de acabamento para a produ\u00e7\u00e3o de sacos de polipropileno. Anos mais tarde, a P\u00f3lo Lim\u00e3o foi adquirida e incorporada ao grupo SOL, sob o nome de SOL PP &#8211; e Rog\u00e9rio passou a desempenhar um papel na diretoria comercial do grupo.<\/p>\n\n\n\n<p>Em meados de 2007, ao sair definitivamente do grupo com a venda da sua participa\u00e7\u00e3o acion\u00e1ria, adquiriu enfim a Epema &#8211; Empresa Paulista de Embalagens Agroindustriais, em Araraquara, interior do estado de S\u00e3o Paulo (uma empresa fundada pelas empresas Cutrale e Citrosuco, em 1987).<\/p>\n\n\n\n<p class=\"has-cyan-bluish-gray-background-color has-background\">No momento da compra, a Epema era um pequeno convertedor de embalagens, que fazia inclusive raschel (a &#8220;redinha&#8221; para transportar produtos agr\u00edcolas como lim\u00f5es e laranjas) e produzia ao redor de 300 toneladas de materiais de embalagem mensalmente.<\/p>\n\n\n\n<p>Hoje, 14 anos mais tarde, a convertedora &#8211; que possui um parque industrial moderno, com impressoras flexogr\u00e1ficas gearless, laminadoras, extrusoras e m\u00e1quinas de acabamento de alta produtividade &#8211; tem capacidade para produzir ao redor de 1500 toneladas, um crescimento impressionante.<\/p>\n\n\n\n<p>Rog\u00e9rio nos conta emocionado e empolgado que h\u00e1 uma nova gera\u00e7\u00e3o de jovens extremamente bem preparados come\u00e7ando a assumir as empresas de embalagens flex\u00edveis, a exemplo de seu filho <strong>Alan Mani<\/strong>, que hoje trabalha ativamente nesta &#8220;nova fase&#8221; da companhia, bastante focado na opera\u00e7\u00e3o, na forma\u00e7\u00e3o das equipes e, principalmente, na gest\u00e3o dos indicadores.<\/p>\n\n\n\n<p>Entre muitos temas explorados &#8211; tais como a reconfigura\u00e7\u00e3o do mercado sob o prisma das mat\u00e9rias-primas e seu impacto no custo de fabrica\u00e7\u00e3o, a sustentabilidade, a consolida\u00e7\u00e3o e tantos outros &#8211; Rog\u00e9rio nos explica que um dos fatores mais importantes e que tem potencial para &#8220;salvaguardar a ind\u00fastria de embalagens flex\u00edveis nacional&#8221; \u00e9 a valoriza\u00e7\u00e3o do produto embalagem pelos pr\u00f3prios empres\u00e1rios.<\/p>\n\n\n\n<figure class=\"wp-block-pullquote\"><blockquote><p>&#8220;A pandemia mostrou que o que de fato \u00e9 caro \u00e9 o que voc\u00ea n\u00e3o tem. Vimos de perto a preocupa\u00e7\u00e3o dos clientes por manter o suprimento de seus materiais de embalagem assegurado no momento em que tudo estava faltando.&#8221;<\/p><cite>Rog\u00e9rio mani, presidente da epema<\/cite><\/blockquote><\/figure>\n\n\n\n<p>Sugerimos fortemente que assista a entrevista na \u00edntegra ou escute-a durante o caminho para casa ou trabalho em nosso <a href=\"https:\/\/anchor.fm\/pack-cast\/episodes\/A-Epema-fala-sobre-as-tendncias-que--pouco-a-pouco--vo-lapidando-o-setor-de-embalagens-flexveis-e17g7br\" target=\"_blank\" rel=\"noreferrer noopener\">podcast<\/a>.<\/p>\n\n\n\n<p><strong>Leia mais em nosso blog:<\/strong><br><a href=\"https:\/\/projetopack.com.br\/demanda-por-embalagens-flexiveis-aumenta-durante-a-pandemia\/\" target=\"_blank\" rel=\"noreferrer noopener\">Demanda por embalagens flex\u00edveis aumenta durante a pandemia<\/a><\/p>","protected":false},"excerpt":{"rendered":"<p>Saiba como foi a nossa entrevista com o presidente da Epema Embalagens<\/p>","protected":false},"author":485,"featured_media":14666,"comment_status":"open","ping_status":"closed","sticky":true,"template":"","format":"standard","meta":{"footnotes":""},"categories":[632],"tags":[891],"class_list":["post-14663","post","type-post","status-publish","format-standard","has-post-thumbnail","hentry","category-entrevistas","tag-pedrini-plasticos"],"yoast_head":"<!-- This site is optimized with the Yoast SEO Premium plugin v27.1 (Yoast SEO v27.1.1) - https:\/\/yoast.com\/product\/yoast-seo-premium-wordpress\/ -->\n<title>O que aprendemos no PackCast com a Epema? - ProjetoPack<\/title>\n<meta name=\"description\" content=\"Voltando ao nosso programa de podcast PackCast, fizemos uma entrevista com a convertedora de embalagens flex\u00edveis Epema Embalagens.\" \/>\n<meta name=\"robots\" content=\"index, follow, max-snippet:-1, max-image-preview:large, max-video-preview:-1\" \/>\n<link rel=\"canonical\" href=\"https:\/\/projetopack.com.br\/en\/o-que-aprendemos-no-packcast-com-a-epema\/\" \/>\n<meta property=\"og:locale\" content=\"en_US\" \/>\n<meta property=\"og:type\" content=\"article\" \/>\n<meta property=\"og:title\" content=\"O que aprendemos no PackCast com a Epema?\" \/>\n<meta property=\"og:description\" content=\"Voltando ao nosso programa de podcast PackCast, fizemos uma entrevista com a convertedora de embalagens flex\u00edveis Epema Embalagens.\" \/>\n<meta property=\"og:url\" content=\"https:\/\/projetopack.com.br\/en\/o-que-aprendemos-no-packcast-com-a-epema\/\" \/>\n<meta property=\"og:site_name\" content=\"ProjetoPack\" \/>\n<meta property=\"article:published_time\" content=\"2021-10-01T17:02:30+00:00\" \/>\n<meta property=\"article:modified_time\" content=\"2026-03-16T19:57:33+00:00\" \/>\n<meta property=\"og:image\" content=\"https:\/\/projetopack.com.br\/wp-content\/uploads\/2021\/10\/Capa-Podcast-17.png\" \/>\n\t<meta property=\"og:image:width\" content=\"1080\" \/>\n\t<meta property=\"og:image:height\" content=\"1080\" \/>\n\t<meta property=\"og:image:type\" content=\"image\/png\" \/>\n<meta name=\"author\" content=\"Projeto Pack Consultoria e Treinamento\" \/>\n<meta name=\"twitter:card\" content=\"summary_large_image\" \/>\n<meta name=\"twitter:creator\" content=\"@ProjetoPack\" \/>\n<meta name=\"twitter:site\" content=\"@ProjetoPack\" \/>\n<meta name=\"twitter:label1\" content=\"Written by\" \/>\n\t<meta name=\"twitter:data1\" content=\"Projeto Pack Consultoria e Treinamento\" \/>\n\t<meta name=\"twitter:label2\" content=\"Est. reading time\" \/>\n\t<meta name=\"twitter:data2\" content=\"3 minutes\" \/>\n<script type=\"application\/ld+json\" class=\"yoast-schema-graph\">{\"@context\":\"https:\/\/schema.org\",\"@graph\":[{\"@type\":\"Article\",\"@id\":\"https:\/\/projetopack.com.br\/o-que-aprendemos-no-packcast-com-a-epema\/#article\",\"isPartOf\":{\"@id\":\"https:\/\/projetopack.com.br\/o-que-aprendemos-no-packcast-com-a-epema\/\"},\"author\":{\"name\":\"Projeto Pack Consultoria e Treinamento\",\"@id\":\"https:\/\/projetopack.com.br\/#\/schema\/person\/85a2e510ed8149327b545eabf95ee7ab\"},\"headline\":\"O que aprendemos no PackCast com a Epema?\",\"datePublished\":\"2021-10-01T17:02:30+00:00\",\"dateModified\":\"2026-03-16T19:57:33+00:00\",\"mainEntityOfPage\":{\"@id\":\"https:\/\/projetopack.com.br\/o-que-aprendemos-no-packcast-com-a-epema\/\"},\"wordCount\":565,\"commentCount\":0,\"publisher\":{\"@id\":\"https:\/\/projetopack.com.br\/#organization\"},\"image\":{\"@id\":\"https:\/\/projetopack.com.br\/o-que-aprendemos-no-packcast-com-a-epema\/#primaryimage\"},\"thumbnailUrl\":\"https:\/\/projetopack.com.br\/wp-content\/uploads\/2021\/10\/Capa-Podcast-17.png\",\"keywords\":[\"pedrini pl\u00e1sticos\"],\"articleSection\":[\"Entrevistas\"],\"inLanguage\":\"en-US\",\"potentialAction\":[{\"@type\":\"CommentAction\",\"name\":\"Comment\",\"target\":[\"https:\/\/projetopack.com.br\/o-que-aprendemos-no-packcast-com-a-epema\/#respond\"]}]},{\"@type\":\"WebPage\",\"@id\":\"https:\/\/projetopack.com.br\/o-que-aprendemos-no-packcast-com-a-epema\/\",\"url\":\"https:\/\/projetopack.com.br\/o-que-aprendemos-no-packcast-com-a-epema\/\",\"name\":\"O que aprendemos no PackCast com a Epema? - ProjetoPack\",\"isPartOf\":{\"@id\":\"https:\/\/projetopack.com.br\/#website\"},\"primaryImageOfPage\":{\"@id\":\"https:\/\/projetopack.com.br\/o-que-aprendemos-no-packcast-com-a-epema\/#primaryimage\"},\"image\":{\"@id\":\"https:\/\/projetopack.com.br\/o-que-aprendemos-no-packcast-com-a-epema\/#primaryimage\"},\"thumbnailUrl\":\"https:\/\/projetopack.com.br\/wp-content\/uploads\/2021\/10\/Capa-Podcast-17.png\",\"datePublished\":\"2021-10-01T17:02:30+00:00\",\"dateModified\":\"2026-03-16T19:57:33+00:00\",\"description\":\"Voltando ao nosso programa de podcast PackCast, fizemos uma entrevista com a convertedora de embalagens flex\u00edveis Epema Embalagens.\",\"breadcrumb\":{\"@id\":\"https:\/\/projetopack.com.br\/o-que-aprendemos-no-packcast-com-a-epema\/#breadcrumb\"},\"inLanguage\":\"en-US\",\"potentialAction\":[{\"@type\":\"ReadAction\",\"target\":[\"https:\/\/projetopack.com.br\/o-que-aprendemos-no-packcast-com-a-epema\/\"]}]},{\"@type\":\"ImageObject\",\"inLanguage\":\"en-US\",\"@id\":\"https:\/\/projetopack.com.br\/o-que-aprendemos-no-packcast-com-a-epema\/#primaryimage\",\"url\":\"https:\/\/projetopack.com.br\/wp-content\/uploads\/2021\/10\/Capa-Podcast-17.png\",\"contentUrl\":\"https:\/\/projetopack.com.br\/wp-content\/uploads\/2021\/10\/Capa-Podcast-17.png\",\"width\":1080,\"height\":1080,\"caption\":\"packcast epema\"},{\"@type\":\"BreadcrumbList\",\"@id\":\"https:\/\/projetopack.com.br\/o-que-aprendemos-no-packcast-com-a-epema\/#breadcrumb\",\"itemListElement\":[{\"@type\":\"ListItem\",\"position\":1,\"name\":\"P\u00e1gina Inicial\",\"item\":\"https:\/\/projetopack.com.br\/\"},{\"@type\":\"ListItem\",\"position\":2,\"name\":\"Entrevistas\",\"item\":\"https:\/\/projetopack.com.br\/category\/entrevistas\/\"},{\"@type\":\"ListItem\",\"position\":3,\"name\":\"O que aprendemos no PackCast com a Epema?\"}]},{\"@type\":\"WebSite\",\"@id\":\"https:\/\/projetopack.com.br\/#website\",\"url\":\"https:\/\/projetopack.com.br\/\",\"name\":\"ProjetoPack\",\"description\":\"Consultoria e servi\u00e7os para embalagens, r\u00f3tulos, etiquetas e processos de impress\u00e3o\",\"publisher\":{\"@id\":\"https:\/\/projetopack.com.br\/#organization\"},\"potentialAction\":[{\"@type\":\"SearchAction\",\"target\":{\"@type\":\"EntryPoint\",\"urlTemplate\":\"https:\/\/projetopack.com.br\/?s={search_term_string}\"},\"query-input\":{\"@type\":\"PropertyValueSpecification\",\"valueRequired\":true,\"valueName\":\"search_term_string\"}}],\"inLanguage\":\"en-US\"},{\"@type\":\"Organization\",\"@id\":\"https:\/\/projetopack.com.br\/#organization\",\"name\":\"ProjetoPack & Associados\",\"url\":\"https:\/\/projetopack.com.br\/\",\"logo\":{\"@type\":\"ImageObject\",\"inLanguage\":\"en-US\",\"@id\":\"https:\/\/projetopack.com.br\/#\/schema\/logo\/image\/\",\"url\":\"https:\/\/projetopack.com.br\/wp-content\/uploads\/2020\/09\/projetopack.png\",\"contentUrl\":\"https:\/\/projetopack.com.br\/wp-content\/uploads\/2020\/09\/projetopack.png\",\"width\":200,\"height\":200,\"caption\":\"ProjetoPack & Associados\"},\"image\":{\"@id\":\"https:\/\/projetopack.com.br\/#\/schema\/logo\/image\/\"},\"sameAs\":[\"https:\/\/x.com\/ProjetoPack\",\"https:\/\/www.linkedin.com\/company\/projetopack\/\"]},{\"@type\":\"Person\",\"@id\":\"https:\/\/projetopack.com.br\/#\/schema\/person\/85a2e510ed8149327b545eabf95ee7ab\",\"name\":\"Projeto Pack Consultoria e Treinamento\",\"image\":{\"@type\":\"ImageObject\",\"inLanguage\":\"en-US\",\"@id\":\"https:\/\/projetopack.com.br\/#\/schema\/person\/image\/\",\"url\":\"https:\/\/projetopack.com.br\/wp-content\/uploads\/2020\/09\/Logo-ProjetoPack-Horizontal-100x100.jpg\",\"contentUrl\":\"https:\/\/projetopack.com.br\/wp-content\/uploads\/2020\/09\/Logo-ProjetoPack-Horizontal-100x100.jpg\",\"caption\":\"Projeto Pack Consultoria e Treinamento\"},\"url\":\"https:\/\/projetopack.com.br\/en\/author\/projetopack\/\"}]}<\/script>\n<!-- \/ Yoast SEO Premium plugin. -->","yoast_head_json":{"title":"O que aprendemos no PackCast com a Epema? - ProjetoPack","description":"Voltando ao nosso programa de podcast PackCast, fizemos uma entrevista com a convertedora de embalagens flex\u00edveis Epema Embalagens.","robots":{"index":"index","follow":"follow","max-snippet":"max-snippet:-1","max-image-preview":"max-image-preview:large","max-video-preview":"max-video-preview:-1"},"canonical":"https:\/\/projetopack.com.br\/en\/o-que-aprendemos-no-packcast-com-a-epema\/","og_locale":"en_US","og_type":"article","og_title":"O que aprendemos no PackCast com a Epema?","og_description":"Voltando ao nosso programa de podcast PackCast, fizemos uma entrevista com a convertedora de embalagens flex\u00edveis Epema Embalagens.","og_url":"https:\/\/projetopack.com.br\/en\/o-que-aprendemos-no-packcast-com-a-epema\/","og_site_name":"ProjetoPack","article_published_time":"2021-10-01T17:02:30+00:00","article_modified_time":"2026-03-16T19:57:33+00:00","og_image":[{"width":1080,"height":1080,"url":"https:\/\/projetopack.com.br\/wp-content\/uploads\/2021\/10\/Capa-Podcast-17.png","type":"image\/png"}],"author":"Projeto Pack Consultoria e Treinamento","twitter_card":"summary_large_image","twitter_creator":"@ProjetoPack","twitter_site":"@ProjetoPack","twitter_misc":{"Written by":"Projeto Pack Consultoria e Treinamento","Est. reading time":"3 minutes"},"schema":{"@context":"https:\/\/schema.org","@graph":[{"@type":"Article","@id":"https:\/\/projetopack.com.br\/o-que-aprendemos-no-packcast-com-a-epema\/#article","isPartOf":{"@id":"https:\/\/projetopack.com.br\/o-que-aprendemos-no-packcast-com-a-epema\/"},"author":{"name":"Projeto Pack Consultoria e Treinamento","@id":"https:\/\/projetopack.com.br\/#\/schema\/person\/85a2e510ed8149327b545eabf95ee7ab"},"headline":"O que aprendemos no PackCast com a Epema?","datePublished":"2021-10-01T17:02:30+00:00","dateModified":"2026-03-16T19:57:33+00:00","mainEntityOfPage":{"@id":"https:\/\/projetopack.com.br\/o-que-aprendemos-no-packcast-com-a-epema\/"},"wordCount":565,"commentCount":0,"publisher":{"@id":"https:\/\/projetopack.com.br\/#organization"},"image":{"@id":"https:\/\/projetopack.com.br\/o-que-aprendemos-no-packcast-com-a-epema\/#primaryimage"},"thumbnailUrl":"https:\/\/projetopack.com.br\/wp-content\/uploads\/2021\/10\/Capa-Podcast-17.png","keywords":["pedrini pl\u00e1sticos"],"articleSection":["Entrevistas"],"inLanguage":"en-US","potentialAction":[{"@type":"CommentAction","name":"Comment","target":["https:\/\/projetopack.com.br\/o-que-aprendemos-no-packcast-com-a-epema\/#respond"]}]},{"@type":"WebPage","@id":"https:\/\/projetopack.com.br\/o-que-aprendemos-no-packcast-com-a-epema\/","url":"https:\/\/projetopack.com.br\/o-que-aprendemos-no-packcast-com-a-epema\/","name":"O que aprendemos no PackCast com a Epema? - ProjetoPack","isPartOf":{"@id":"https:\/\/projetopack.com.br\/#website"},"primaryImageOfPage":{"@id":"https:\/\/projetopack.com.br\/o-que-aprendemos-no-packcast-com-a-epema\/#primaryimage"},"image":{"@id":"https:\/\/projetopack.com.br\/o-que-aprendemos-no-packcast-com-a-epema\/#primaryimage"},"thumbnailUrl":"https:\/\/projetopack.com.br\/wp-content\/uploads\/2021\/10\/Capa-Podcast-17.png","datePublished":"2021-10-01T17:02:30+00:00","dateModified":"2026-03-16T19:57:33+00:00","description":"Voltando ao nosso programa de podcast PackCast, fizemos uma entrevista com a convertedora de embalagens flex\u00edveis Epema Embalagens.","breadcrumb":{"@id":"https:\/\/projetopack.com.br\/o-que-aprendemos-no-packcast-com-a-epema\/#breadcrumb"},"inLanguage":"en-US","potentialAction":[{"@type":"ReadAction","target":["https:\/\/projetopack.com.br\/o-que-aprendemos-no-packcast-com-a-epema\/"]}]},{"@type":"ImageObject","inLanguage":"en-US","@id":"https:\/\/projetopack.com.br\/o-que-aprendemos-no-packcast-com-a-epema\/#primaryimage","url":"https:\/\/projetopack.com.br\/wp-content\/uploads\/2021\/10\/Capa-Podcast-17.png","contentUrl":"https:\/\/projetopack.com.br\/wp-content\/uploads\/2021\/10\/Capa-Podcast-17.png","width":1080,"height":1080,"caption":"packcast epema"},{"@type":"BreadcrumbList","@id":"https:\/\/projetopack.com.br\/o-que-aprendemos-no-packcast-com-a-epema\/#breadcrumb","itemListElement":[{"@type":"ListItem","position":1,"name":"P\u00e1gina Inicial","item":"https:\/\/projetopack.com.br\/"},{"@type":"ListItem","position":2,"name":"Entrevistas","item":"https:\/\/projetopack.com.br\/category\/entrevistas\/"},{"@type":"ListItem","position":3,"name":"O que aprendemos no PackCast com a Epema?"}]},{"@type":"WebSite","@id":"https:\/\/projetopack.com.br\/#website","url":"https:\/\/projetopack.com.br\/","name":"ProjetoPack","description":"Consultoria e servi\u00e7os para embalagens, r\u00f3tulos, etiquetas e processos de impress\u00e3o","publisher":{"@id":"https:\/\/projetopack.com.br\/#organization"},"potentialAction":[{"@type":"SearchAction","target":{"@type":"EntryPoint","urlTemplate":"https:\/\/projetopack.com.br\/?s={search_term_string}"},"query-input":{"@type":"PropertyValueSpecification","valueRequired":true,"valueName":"search_term_string"}}],"inLanguage":"en-US"},{"@type":"Organization","@id":"https:\/\/projetopack.com.br\/#organization","name":"ProjetoPack & Associados","url":"https:\/\/projetopack.com.br\/","logo":{"@type":"ImageObject","inLanguage":"en-US","@id":"https:\/\/projetopack.com.br\/#\/schema\/logo\/image\/","url":"https:\/\/projetopack.com.br\/wp-content\/uploads\/2020\/09\/projetopack.png","contentUrl":"https:\/\/projetopack.com.br\/wp-content\/uploads\/2020\/09\/projetopack.png","width":200,"height":200,"caption":"ProjetoPack & Associados"},"image":{"@id":"https:\/\/projetopack.com.br\/#\/schema\/logo\/image\/"},"sameAs":["https:\/\/x.com\/ProjetoPack","https:\/\/www.linkedin.com\/company\/projetopack\/"]},{"@type":"Person","@id":"https:\/\/projetopack.com.br\/#\/schema\/person\/85a2e510ed8149327b545eabf95ee7ab","name":"Projeto Pack Consultoria e Treinamento","image":{"@type":"ImageObject","inLanguage":"en-US","@id":"https:\/\/projetopack.com.br\/#\/schema\/person\/image\/","url":"https:\/\/projetopack.com.br\/wp-content\/uploads\/2020\/09\/Logo-ProjetoPack-Horizontal-100x100.jpg","contentUrl":"https:\/\/projetopack.com.br\/wp-content\/uploads\/2020\/09\/Logo-ProjetoPack-Horizontal-100x100.jpg","caption":"Projeto Pack Consultoria e Treinamento"},"url":"https:\/\/projetopack.com.br\/en\/author\/projetopack\/"}]}},"_links":{"self":[{"href":"https:\/\/projetopack.com.br\/en\/wp-json\/wp\/v2\/posts\/14663","targetHints":{"allow":["GET"]}}],"collection":[{"href":"https:\/\/projetopack.com.br\/en\/wp-json\/wp\/v2\/posts"}],"about":[{"href":"https:\/\/projetopack.com.br\/en\/wp-json\/wp\/v2\/types\/post"}],"author":[{"embeddable":true,"href":"https:\/\/projetopack.com.br\/en\/wp-json\/wp\/v2\/users\/485"}],"replies":[{"embeddable":true,"href":"https:\/\/projetopack.com.br\/en\/wp-json\/wp\/v2\/comments?post=14663"}],"version-history":[{"count":0,"href":"https:\/\/projetopack.com.br\/en\/wp-json\/wp\/v2\/posts\/14663\/revisions"}],"wp:featuredmedia":[{"embeddable":true,"href":"https:\/\/projetopack.com.br\/en\/wp-json\/wp\/v2\/media\/14666"}],"wp:attachment":[{"href":"https:\/\/projetopack.com.br\/en\/wp-json\/wp\/v2\/media?parent=14663"}],"wp:term":[{"taxonomy":"category","embeddable":true,"href":"https:\/\/projetopack.com.br\/en\/wp-json\/wp\/v2\/categories?post=14663"},{"taxonomy":"post_tag","embeddable":true,"href":"https:\/\/projetopack.com.br\/en\/wp-json\/wp\/v2\/tags?post=14663"}],"curies":[{"name":"wp","href":"https:\/\/api.w.org\/{rel}","templated":true}]}}