{"id":14751,"date":"2021-10-06T15:23:59","date_gmt":"2021-10-06T18:23:59","guid":{"rendered":"https:\/\/www.projetopack.com.br\/?p=14751"},"modified":"2026-03-16T16:57:32","modified_gmt":"2026-03-16T19:57:32","slug":"ahlstrom-munksjo-foca-sustentabilidade-e-tecnologia-para-a-flexo-labels-2022","status":"publish","type":"post","link":"https:\/\/projetopack.com.br\/en\/ahlstrom-munksjo-foca-sustentabilidade-e-tecnologia-para-a-flexo-labels-2022\/","title":{"rendered":"Ahlstrom-Munksj\u00f6 foca sustentabilidade e tecnologia para a Flexo &#038; Labels 2022"},"content":{"rendered":"<p>Com presen\u00e7a confirmada na <strong><a href=\"https:\/\/flexoelabels.com\/\" target=\"_blank\" rel=\"noreferrer noopener\">Flexo &amp; Labels 2022<\/a><\/strong> (24 a 27 de maio, no Pro Magno Centro de Eventos, S\u00e3o Paulo) a <strong><a href=\"https:\/\/www.ahlstrom-munksjo.com\/\" target=\"_blank\" rel=\"noreferrer noopener\">Ahlstrom-Munksj\u00f6<\/a><\/strong> dar\u00e1 foco especial em seus novos desenvolvimentos na linha de pap\u00e9is com vi\u00e9s sustent\u00e1vel.<\/p>\n\n\n\n<p>Atuando no Brasil desde 1995, e com mais de 170 anos de hist\u00f3ria no mercado mundial, a empresa levar\u00e1 para a feira toda tecnologia e inova\u00e7\u00e3o usada para criar solu\u00e7\u00f5es em pap\u00e9is sustent\u00e1veis para o segmento de autoadesivos, com produtos provenientes de fontes renov\u00e1veis, biodegrad\u00e1veis, recicl\u00e1veis e agora reciclados contribuindo ativamente para uma economia mais circular.<\/p>\n\n\n\n<p>O destaque vai para a linha de pap\u00e9is revestidos <strong>L1 LUMIMAX PCR<\/strong>, que, como diferencial, possui grande conte\u00fado reciclado na sua composi\u00e7\u00e3o de fibras &#8211; sendo pelo menos 25% proveniente do p\u00f3s-consumo. <\/p>\n\n\n\n<blockquote class=\"wp-block-quote is-layout-flow wp-block-quote-is-layout-flow\"><p>\u201cDesta forma, contribu\u00edmos ainda mais com os alt\u00edssimos \u00edndices de reciclagem de papel no mercado brasileiro e mundial criando um novo caminho para a reciclagem em r\u00f3tulos e\/ou embalagens flex\u00edveis\u201d, <\/p><cite>salienta <strong>Rafael Yamamoto<\/strong>, gerente de marketing e desenvolvimento de neg\u00f3cios da Ahlstrom-Munksj\u00f6.<\/cite><\/blockquote>\n\n\n\n<h2 class=\"wp-block-heading\" id=\"h-fam-lia-que-prima-pela-sustentabilidade\"><strong>Fam\u00edlia que prima pela sustentabilidade<\/strong><\/h2>\n\n\n\n<p>A fam\u00edlia de pap\u00e9is couch\u00e9 L1 \u00e9 indicada para diversas aplica\u00e7\u00f5es, de r\u00f3tulos a embalagens flex\u00edveis, contando com m\u00eddias de, pelo menos, 50% de fibra reciclada, sendo o m\u00ednimo de 25% de fibra reciclada PCR, pass\u00edvel de certifica\u00e7\u00e3o, com excelente superf\u00edcie de impress\u00e3o e rotulagem e uso, como componentes, de materiais recicl\u00e1veis, biodegrad\u00e1veis e compost\u00e1veis.<\/p>\n\n\n\n<p>\u201cA Flexo &amp; Labels \u00e9 um evento que abrange um grande p\u00fablico altamente qualificado em segmentos priorit\u00e1rios para a Ahlstrom-Munksj\u00f6, como embalagens, r\u00f3tulos e etiquetas, oferecendo um excelente espa\u00e7o para que apresentemos nossas novidades para o mercado, permitindo aos visitantes terem contato com estas novas tecnologias para seus neg\u00f3cios\u201d, diz Rafael.<\/p>\n\n\n\n<h2 class=\"wp-block-heading\"><strong>P\u00f3s-pandemia<\/strong><\/h2>\n\n\n\n<p>Para&nbsp; Rafael Yamamoto, o per\u00edodo p\u00f3s-pandemia, com a retomada dos eventos, tende a significar uma nova e abrangente oportunidade de neg\u00f3cios.<\/p>\n\n\n\n<p>\u201cAp\u00f3s um longo per\u00edodo de distanciamento e poucas intera\u00e7\u00f5es presenciais entre os elos da cadeia, entendemos que \u00e9 importante a retomada dessas atividades, que se mostram infinitamente mais eficazes na gera\u00e7\u00e3o de novos contatos, discuss\u00f5es e por vezes novos neg\u00f3cios. Tudo isso ainda alinhado ao nosso objetivo de aumentar a conscientiza\u00e7\u00e3o sobre as possibilidades e vantagens de solu\u00e7\u00f5es em pap\u00e9is especiais como a melhor op\u00e7\u00e3o para r\u00f3tulos e embalagens\u201d, acrescenta.<\/p>\n\n\n\n<p class=\"has-cyan-bluish-gray-background-color has-background\">Atualmente, a Ahlstrom-Munksj\u00f6 conta com 45 f\u00e1bricas em 14 pa\u00edses, 8 mil empregados e mais de 3 bilh\u00f5es de euros movimentados anualmente. Com uma forte presen\u00e7a no mundo todo, a empresa \u00e9 l\u00edder na produ\u00e7\u00e3o e comercializa\u00e7\u00e3o de pap\u00e9is especiais (Release Liners e Frontais) para o segmento de r\u00f3tulos e etiquetas autoadesivas.<\/p>\n\n\n\n<p>Em 2018, a Ahlstrom-Munksj\u00f6 adquiriu a planta de Caieiras, e, hoje, s\u00e3o totaliza tr\u00eas unidades produtivas localizadas em S\u00e3o Paulo: Jacare\u00ed, Caieiras e Louveira, especializadas nos respectivos mercados de pap\u00e9is revestidos para r\u00f3tulos\/embalagens, decorativos e filtra\u00e7\u00e3o industrial.<\/p>\n\n\n\n<p><strong>Leia mais em nosso blog:<br><\/strong><a href=\"https:\/\/projetopack.com.br\/a-polpa-de-celulose-moldada-moldara%e2%80%8b-o-mercado-de-garrafas\/\" target=\"_blank\" rel=\"noreferrer noopener\">A polpa de celulose moldada moldar\u00e1 o mercado<\/a><\/p>","protected":false},"excerpt":{"rendered":"<p>A Ahlstrom-Munksj\u00f6 dar\u00e1 foco especial na linha de pap\u00e9is com vi\u00e9s sustent\u00e1vel.<\/p>","protected":false},"author":485,"featured_media":14752,"comment_status":"open","ping_status":"closed","sticky":true,"template":"","format":"standard","meta":{"footnotes":""},"categories":[600],"tags":[895,899,900,897],"class_list":["post-14751","post","type-post","status-publish","format-standard","has-post-thumbnail","hentry","category-eventos","tag-ahlstrom","tag-papeis","tag-papel-reciclado","tag-pcr"],"yoast_head":"<!-- This site is optimized with the Yoast SEO Premium plugin v27.1 (Yoast SEO v27.1.1) - https:\/\/yoast.com\/product\/yoast-seo-premium-wordpress\/ -->\n<title>Ahlstrom-Munksj\u00f6 foca sustentabilidade e tecnologia para a Flexo &amp; Labels 2022 - ProjetoPack<\/title>\n<meta name=\"description\" content=\"A linha de pap\u00e9is revestidos L1 LUMIMAX PCR, possui grande conte\u00fado reciclado na sua composi\u00e7\u00e3o de fibras.\" \/>\n<meta name=\"robots\" content=\"index, follow, max-snippet:-1, max-image-preview:large, max-video-preview:-1\" \/>\n<link rel=\"canonical\" href=\"https:\/\/projetopack.com.br\/en\/ahlstrom-munksjo-foca-sustentabilidade-e-tecnologia-para-a-flexo-labels-2022\/\" \/>\n<meta property=\"og:locale\" content=\"en_US\" \/>\n<meta property=\"og:type\" content=\"article\" \/>\n<meta property=\"og:title\" content=\"Ahlstrom-Munksj\u00f6 foca sustentabilidade e tecnologia para a Flexo &amp; Labels 2022\" \/>\n<meta property=\"og:description\" content=\"A linha de pap\u00e9is revestidos L1 LUMIMAX PCR, possui grande conte\u00fado reciclado na sua composi\u00e7\u00e3o de fibras.\" \/>\n<meta property=\"og:url\" content=\"https:\/\/projetopack.com.br\/en\/ahlstrom-munksjo-foca-sustentabilidade-e-tecnologia-para-a-flexo-labels-2022\/\" \/>\n<meta property=\"og:site_name\" content=\"ProjetoPack\" \/>\n<meta property=\"article:published_time\" content=\"2021-10-06T18:23:59+00:00\" \/>\n<meta property=\"article:modified_time\" content=\"2026-03-16T19:57:32+00:00\" \/>\n<meta property=\"og:image\" content=\"https:\/\/projetopack.com.br\/wp-content\/uploads\/2021\/10\/Ahlstrom-Munksjo_Basket-of-products_sem-logo-scaled.jpg\" \/>\n\t<meta property=\"og:image:width\" content=\"2048\" \/>\n\t<meta property=\"og:image:height\" content=\"1366\" \/>\n\t<meta property=\"og:image:type\" content=\"image\/jpeg\" \/>\n<meta name=\"author\" content=\"Projeto Pack Consultoria e Treinamento\" \/>\n<meta name=\"twitter:card\" content=\"summary_large_image\" \/>\n<meta name=\"twitter:creator\" content=\"@ProjetoPack\" \/>\n<meta name=\"twitter:site\" content=\"@ProjetoPack\" \/>\n<meta name=\"twitter:label1\" content=\"Written by\" \/>\n\t<meta name=\"twitter:data1\" content=\"Projeto Pack Consultoria e Treinamento\" \/>\n\t<meta name=\"twitter:label2\" content=\"Est. reading time\" \/>\n\t<meta name=\"twitter:data2\" content=\"3 minutes\" \/>\n<script type=\"application\/ld+json\" class=\"yoast-schema-graph\">{\"@context\":\"https:\/\/schema.org\",\"@graph\":[{\"@type\":\"Article\",\"@id\":\"https:\/\/projetopack.com.br\/ahlstrom-munksjo-foca-sustentabilidade-e-tecnologia-para-a-flexo-labels-2022\/#article\",\"isPartOf\":{\"@id\":\"https:\/\/projetopack.com.br\/ahlstrom-munksjo-foca-sustentabilidade-e-tecnologia-para-a-flexo-labels-2022\/\"},\"author\":{\"name\":\"Projeto Pack Consultoria e Treinamento\",\"@id\":\"https:\/\/projetopack.com.br\/#\/schema\/person\/85a2e510ed8149327b545eabf95ee7ab\"},\"headline\":\"Ahlstrom-Munksj\u00f6 foca sustentabilidade e tecnologia para a Flexo &#038; Labels 2022\",\"datePublished\":\"2021-10-06T18:23:59+00:00\",\"dateModified\":\"2026-03-16T19:57:32+00:00\",\"mainEntityOfPage\":{\"@id\":\"https:\/\/projetopack.com.br\/ahlstrom-munksjo-foca-sustentabilidade-e-tecnologia-para-a-flexo-labels-2022\/\"},\"wordCount\":539,\"commentCount\":0,\"publisher\":{\"@id\":\"https:\/\/projetopack.com.br\/#organization\"},\"image\":{\"@id\":\"https:\/\/projetopack.com.br\/ahlstrom-munksjo-foca-sustentabilidade-e-tecnologia-para-a-flexo-labels-2022\/#primaryimage\"},\"thumbnailUrl\":\"https:\/\/projetopack.com.br\/wp-content\/uploads\/2021\/10\/Ahlstrom-Munksjo_Basket-of-products_sem-logo-scaled.jpg\",\"keywords\":[\"ahlstrom\",\"pap\u00e9is\",\"papel reciclado\",\"pcr\"],\"articleSection\":[\"Eventos\"],\"inLanguage\":\"en-US\",\"potentialAction\":[{\"@type\":\"CommentAction\",\"name\":\"Comment\",\"target\":[\"https:\/\/projetopack.com.br\/ahlstrom-munksjo-foca-sustentabilidade-e-tecnologia-para-a-flexo-labels-2022\/#respond\"]}]},{\"@type\":\"WebPage\",\"@id\":\"https:\/\/projetopack.com.br\/ahlstrom-munksjo-foca-sustentabilidade-e-tecnologia-para-a-flexo-labels-2022\/\",\"url\":\"https:\/\/projetopack.com.br\/ahlstrom-munksjo-foca-sustentabilidade-e-tecnologia-para-a-flexo-labels-2022\/\",\"name\":\"Ahlstrom-Munksj\u00f6 foca sustentabilidade e tecnologia para a Flexo & Labels 2022 - ProjetoPack\",\"isPartOf\":{\"@id\":\"https:\/\/projetopack.com.br\/#website\"},\"primaryImageOfPage\":{\"@id\":\"https:\/\/projetopack.com.br\/ahlstrom-munksjo-foca-sustentabilidade-e-tecnologia-para-a-flexo-labels-2022\/#primaryimage\"},\"image\":{\"@id\":\"https:\/\/projetopack.com.br\/ahlstrom-munksjo-foca-sustentabilidade-e-tecnologia-para-a-flexo-labels-2022\/#primaryimage\"},\"thumbnailUrl\":\"https:\/\/projetopack.com.br\/wp-content\/uploads\/2021\/10\/Ahlstrom-Munksjo_Basket-of-products_sem-logo-scaled.jpg\",\"datePublished\":\"2021-10-06T18:23:59+00:00\",\"dateModified\":\"2026-03-16T19:57:32+00:00\",\"description\":\"A linha de pap\u00e9is revestidos L1 LUMIMAX PCR, possui grande conte\u00fado reciclado na sua composi\u00e7\u00e3o de fibras.\",\"breadcrumb\":{\"@id\":\"https:\/\/projetopack.com.br\/ahlstrom-munksjo-foca-sustentabilidade-e-tecnologia-para-a-flexo-labels-2022\/#breadcrumb\"},\"inLanguage\":\"en-US\",\"potentialAction\":[{\"@type\":\"ReadAction\",\"target\":[\"https:\/\/projetopack.com.br\/ahlstrom-munksjo-foca-sustentabilidade-e-tecnologia-para-a-flexo-labels-2022\/\"]}]},{\"@type\":\"ImageObject\",\"inLanguage\":\"en-US\",\"@id\":\"https:\/\/projetopack.com.br\/ahlstrom-munksjo-foca-sustentabilidade-e-tecnologia-para-a-flexo-labels-2022\/#primaryimage\",\"url\":\"https:\/\/projetopack.com.br\/wp-content\/uploads\/2021\/10\/Ahlstrom-Munksjo_Basket-of-products_sem-logo-scaled.jpg\",\"contentUrl\":\"https:\/\/projetopack.com.br\/wp-content\/uploads\/2021\/10\/Ahlstrom-Munksjo_Basket-of-products_sem-logo-scaled.jpg\",\"width\":2048,\"height\":1366,\"caption\":\"ahlstrom\"},{\"@type\":\"BreadcrumbList\",\"@id\":\"https:\/\/projetopack.com.br\/ahlstrom-munksjo-foca-sustentabilidade-e-tecnologia-para-a-flexo-labels-2022\/#breadcrumb\",\"itemListElement\":[{\"@type\":\"ListItem\",\"position\":1,\"name\":\"P\u00e1gina Inicial\",\"item\":\"https:\/\/projetopack.com.br\/\"},{\"@type\":\"ListItem\",\"position\":2,\"name\":\"Eventos\",\"item\":\"https:\/\/projetopack.com.br\/category\/eventos\/\"},{\"@type\":\"ListItem\",\"position\":3,\"name\":\"Ahlstrom-Munksj\u00f6 foca sustentabilidade e tecnologia para a Flexo &#038; Labels 2022\"}]},{\"@type\":\"WebSite\",\"@id\":\"https:\/\/projetopack.com.br\/#website\",\"url\":\"https:\/\/projetopack.com.br\/\",\"name\":\"ProjetoPack\",\"description\":\"Consultoria e servi\u00e7os para embalagens, r\u00f3tulos, etiquetas e processos de impress\u00e3o\",\"publisher\":{\"@id\":\"https:\/\/projetopack.com.br\/#organization\"},\"potentialAction\":[{\"@type\":\"SearchAction\",\"target\":{\"@type\":\"EntryPoint\",\"urlTemplate\":\"https:\/\/projetopack.com.br\/?s={search_term_string}\"},\"query-input\":{\"@type\":\"PropertyValueSpecification\",\"valueRequired\":true,\"valueName\":\"search_term_string\"}}],\"inLanguage\":\"en-US\"},{\"@type\":\"Organization\",\"@id\":\"https:\/\/projetopack.com.br\/#organization\",\"name\":\"ProjetoPack & Associados\",\"url\":\"https:\/\/projetopack.com.br\/\",\"logo\":{\"@type\":\"ImageObject\",\"inLanguage\":\"en-US\",\"@id\":\"https:\/\/projetopack.com.br\/#\/schema\/logo\/image\/\",\"url\":\"https:\/\/projetopack.com.br\/wp-content\/uploads\/2020\/09\/projetopack.png\",\"contentUrl\":\"https:\/\/projetopack.com.br\/wp-content\/uploads\/2020\/09\/projetopack.png\",\"width\":200,\"height\":200,\"caption\":\"ProjetoPack & Associados\"},\"image\":{\"@id\":\"https:\/\/projetopack.com.br\/#\/schema\/logo\/image\/\"},\"sameAs\":[\"https:\/\/x.com\/ProjetoPack\",\"https:\/\/www.linkedin.com\/company\/projetopack\/\"]},{\"@type\":\"Person\",\"@id\":\"https:\/\/projetopack.com.br\/#\/schema\/person\/85a2e510ed8149327b545eabf95ee7ab\",\"name\":\"Projeto Pack Consultoria e Treinamento\",\"image\":{\"@type\":\"ImageObject\",\"inLanguage\":\"en-US\",\"@id\":\"https:\/\/projetopack.com.br\/#\/schema\/person\/image\/\",\"url\":\"https:\/\/projetopack.com.br\/wp-content\/uploads\/2020\/09\/Logo-ProjetoPack-Horizontal-100x100.jpg\",\"contentUrl\":\"https:\/\/projetopack.com.br\/wp-content\/uploads\/2020\/09\/Logo-ProjetoPack-Horizontal-100x100.jpg\",\"caption\":\"Projeto Pack Consultoria e Treinamento\"},\"url\":\"https:\/\/projetopack.com.br\/en\/author\/projetopack\/\"}]}<\/script>\n<!-- \/ Yoast SEO Premium plugin. -->","yoast_head_json":{"title":"Ahlstrom-Munksj\u00f6 foca sustentabilidade e tecnologia para a Flexo & Labels 2022 - ProjetoPack","description":"A linha de pap\u00e9is revestidos L1 LUMIMAX PCR, possui grande conte\u00fado reciclado na sua composi\u00e7\u00e3o de fibras.","robots":{"index":"index","follow":"follow","max-snippet":"max-snippet:-1","max-image-preview":"max-image-preview:large","max-video-preview":"max-video-preview:-1"},"canonical":"https:\/\/projetopack.com.br\/en\/ahlstrom-munksjo-foca-sustentabilidade-e-tecnologia-para-a-flexo-labels-2022\/","og_locale":"en_US","og_type":"article","og_title":"Ahlstrom-Munksj\u00f6 foca sustentabilidade e tecnologia para a Flexo & Labels 2022","og_description":"A linha de pap\u00e9is revestidos L1 LUMIMAX PCR, possui grande conte\u00fado reciclado na sua composi\u00e7\u00e3o de fibras.","og_url":"https:\/\/projetopack.com.br\/en\/ahlstrom-munksjo-foca-sustentabilidade-e-tecnologia-para-a-flexo-labels-2022\/","og_site_name":"ProjetoPack","article_published_time":"2021-10-06T18:23:59+00:00","article_modified_time":"2026-03-16T19:57:32+00:00","og_image":[{"width":2048,"height":1366,"url":"https:\/\/projetopack.com.br\/wp-content\/uploads\/2021\/10\/Ahlstrom-Munksjo_Basket-of-products_sem-logo-scaled.jpg","type":"image\/jpeg"}],"author":"Projeto Pack Consultoria e Treinamento","twitter_card":"summary_large_image","twitter_creator":"@ProjetoPack","twitter_site":"@ProjetoPack","twitter_misc":{"Written by":"Projeto Pack Consultoria e Treinamento","Est. reading time":"3 minutes"},"schema":{"@context":"https:\/\/schema.org","@graph":[{"@type":"Article","@id":"https:\/\/projetopack.com.br\/ahlstrom-munksjo-foca-sustentabilidade-e-tecnologia-para-a-flexo-labels-2022\/#article","isPartOf":{"@id":"https:\/\/projetopack.com.br\/ahlstrom-munksjo-foca-sustentabilidade-e-tecnologia-para-a-flexo-labels-2022\/"},"author":{"name":"Projeto Pack Consultoria e Treinamento","@id":"https:\/\/projetopack.com.br\/#\/schema\/person\/85a2e510ed8149327b545eabf95ee7ab"},"headline":"Ahlstrom-Munksj\u00f6 foca sustentabilidade e tecnologia para a Flexo &#038; Labels 2022","datePublished":"2021-10-06T18:23:59+00:00","dateModified":"2026-03-16T19:57:32+00:00","mainEntityOfPage":{"@id":"https:\/\/projetopack.com.br\/ahlstrom-munksjo-foca-sustentabilidade-e-tecnologia-para-a-flexo-labels-2022\/"},"wordCount":539,"commentCount":0,"publisher":{"@id":"https:\/\/projetopack.com.br\/#organization"},"image":{"@id":"https:\/\/projetopack.com.br\/ahlstrom-munksjo-foca-sustentabilidade-e-tecnologia-para-a-flexo-labels-2022\/#primaryimage"},"thumbnailUrl":"https:\/\/projetopack.com.br\/wp-content\/uploads\/2021\/10\/Ahlstrom-Munksjo_Basket-of-products_sem-logo-scaled.jpg","keywords":["ahlstrom","pap\u00e9is","papel reciclado","pcr"],"articleSection":["Eventos"],"inLanguage":"en-US","potentialAction":[{"@type":"CommentAction","name":"Comment","target":["https:\/\/projetopack.com.br\/ahlstrom-munksjo-foca-sustentabilidade-e-tecnologia-para-a-flexo-labels-2022\/#respond"]}]},{"@type":"WebPage","@id":"https:\/\/projetopack.com.br\/ahlstrom-munksjo-foca-sustentabilidade-e-tecnologia-para-a-flexo-labels-2022\/","url":"https:\/\/projetopack.com.br\/ahlstrom-munksjo-foca-sustentabilidade-e-tecnologia-para-a-flexo-labels-2022\/","name":"Ahlstrom-Munksj\u00f6 foca sustentabilidade e tecnologia para a Flexo & Labels 2022 - ProjetoPack","isPartOf":{"@id":"https:\/\/projetopack.com.br\/#website"},"primaryImageOfPage":{"@id":"https:\/\/projetopack.com.br\/ahlstrom-munksjo-foca-sustentabilidade-e-tecnologia-para-a-flexo-labels-2022\/#primaryimage"},"image":{"@id":"https:\/\/projetopack.com.br\/ahlstrom-munksjo-foca-sustentabilidade-e-tecnologia-para-a-flexo-labels-2022\/#primaryimage"},"thumbnailUrl":"https:\/\/projetopack.com.br\/wp-content\/uploads\/2021\/10\/Ahlstrom-Munksjo_Basket-of-products_sem-logo-scaled.jpg","datePublished":"2021-10-06T18:23:59+00:00","dateModified":"2026-03-16T19:57:32+00:00","description":"A linha de pap\u00e9is revestidos L1 LUMIMAX PCR, possui grande conte\u00fado reciclado na sua composi\u00e7\u00e3o de fibras.","breadcrumb":{"@id":"https:\/\/projetopack.com.br\/ahlstrom-munksjo-foca-sustentabilidade-e-tecnologia-para-a-flexo-labels-2022\/#breadcrumb"},"inLanguage":"en-US","potentialAction":[{"@type":"ReadAction","target":["https:\/\/projetopack.com.br\/ahlstrom-munksjo-foca-sustentabilidade-e-tecnologia-para-a-flexo-labels-2022\/"]}]},{"@type":"ImageObject","inLanguage":"en-US","@id":"https:\/\/projetopack.com.br\/ahlstrom-munksjo-foca-sustentabilidade-e-tecnologia-para-a-flexo-labels-2022\/#primaryimage","url":"https:\/\/projetopack.com.br\/wp-content\/uploads\/2021\/10\/Ahlstrom-Munksjo_Basket-of-products_sem-logo-scaled.jpg","contentUrl":"https:\/\/projetopack.com.br\/wp-content\/uploads\/2021\/10\/Ahlstrom-Munksjo_Basket-of-products_sem-logo-scaled.jpg","width":2048,"height":1366,"caption":"ahlstrom"},{"@type":"BreadcrumbList","@id":"https:\/\/projetopack.com.br\/ahlstrom-munksjo-foca-sustentabilidade-e-tecnologia-para-a-flexo-labels-2022\/#breadcrumb","itemListElement":[{"@type":"ListItem","position":1,"name":"P\u00e1gina Inicial","item":"https:\/\/projetopack.com.br\/"},{"@type":"ListItem","position":2,"name":"Eventos","item":"https:\/\/projetopack.com.br\/category\/eventos\/"},{"@type":"ListItem","position":3,"name":"Ahlstrom-Munksj\u00f6 foca sustentabilidade e tecnologia para a Flexo &#038; Labels 2022"}]},{"@type":"WebSite","@id":"https:\/\/projetopack.com.br\/#website","url":"https:\/\/projetopack.com.br\/","name":"ProjetoPack","description":"Consultoria e servi\u00e7os para embalagens, r\u00f3tulos, etiquetas e processos de impress\u00e3o","publisher":{"@id":"https:\/\/projetopack.com.br\/#organization"},"potentialAction":[{"@type":"SearchAction","target":{"@type":"EntryPoint","urlTemplate":"https:\/\/projetopack.com.br\/?s={search_term_string}"},"query-input":{"@type":"PropertyValueSpecification","valueRequired":true,"valueName":"search_term_string"}}],"inLanguage":"en-US"},{"@type":"Organization","@id":"https:\/\/projetopack.com.br\/#organization","name":"ProjetoPack & Associados","url":"https:\/\/projetopack.com.br\/","logo":{"@type":"ImageObject","inLanguage":"en-US","@id":"https:\/\/projetopack.com.br\/#\/schema\/logo\/image\/","url":"https:\/\/projetopack.com.br\/wp-content\/uploads\/2020\/09\/projetopack.png","contentUrl":"https:\/\/projetopack.com.br\/wp-content\/uploads\/2020\/09\/projetopack.png","width":200,"height":200,"caption":"ProjetoPack & Associados"},"image":{"@id":"https:\/\/projetopack.com.br\/#\/schema\/logo\/image\/"},"sameAs":["https:\/\/x.com\/ProjetoPack","https:\/\/www.linkedin.com\/company\/projetopack\/"]},{"@type":"Person","@id":"https:\/\/projetopack.com.br\/#\/schema\/person\/85a2e510ed8149327b545eabf95ee7ab","name":"Projeto Pack Consultoria e Treinamento","image":{"@type":"ImageObject","inLanguage":"en-US","@id":"https:\/\/projetopack.com.br\/#\/schema\/person\/image\/","url":"https:\/\/projetopack.com.br\/wp-content\/uploads\/2020\/09\/Logo-ProjetoPack-Horizontal-100x100.jpg","contentUrl":"https:\/\/projetopack.com.br\/wp-content\/uploads\/2020\/09\/Logo-ProjetoPack-Horizontal-100x100.jpg","caption":"Projeto Pack Consultoria e Treinamento"},"url":"https:\/\/projetopack.com.br\/en\/author\/projetopack\/"}]}},"_links":{"self":[{"href":"https:\/\/projetopack.com.br\/en\/wp-json\/wp\/v2\/posts\/14751","targetHints":{"allow":["GET"]}}],"collection":[{"href":"https:\/\/projetopack.com.br\/en\/wp-json\/wp\/v2\/posts"}],"about":[{"href":"https:\/\/projetopack.com.br\/en\/wp-json\/wp\/v2\/types\/post"}],"author":[{"embeddable":true,"href":"https:\/\/projetopack.com.br\/en\/wp-json\/wp\/v2\/users\/485"}],"replies":[{"embeddable":true,"href":"https:\/\/projetopack.com.br\/en\/wp-json\/wp\/v2\/comments?post=14751"}],"version-history":[{"count":0,"href":"https:\/\/projetopack.com.br\/en\/wp-json\/wp\/v2\/posts\/14751\/revisions"}],"wp:featuredmedia":[{"embeddable":true,"href":"https:\/\/projetopack.com.br\/en\/wp-json\/wp\/v2\/media\/14752"}],"wp:attachment":[{"href":"https:\/\/projetopack.com.br\/en\/wp-json\/wp\/v2\/media?parent=14751"}],"wp:term":[{"taxonomy":"category","embeddable":true,"href":"https:\/\/projetopack.com.br\/en\/wp-json\/wp\/v2\/categories?post=14751"},{"taxonomy":"post_tag","embeddable":true,"href":"https:\/\/projetopack.com.br\/en\/wp-json\/wp\/v2\/tags?post=14751"}],"curies":[{"name":"wp","href":"https:\/\/api.w.org\/{rel}","templated":true}]}}