{"id":1483,"date":"2016-04-25T00:26:15","date_gmt":"2016-04-25T03:26:15","guid":{"rendered":"http:\/\/projetopack.com.br\/?p=1483"},"modified":"2021-04-27T02:39:59","modified_gmt":"2021-04-27T05:39:59","slug":"amcor-adquire-sul-americana-alusa-por-usd-435-milhoes","status":"publish","type":"post","link":"https:\/\/projetopack.com.br\/en\/amcor-adquire-sul-americana-alusa-por-usd-435-milhoes\/","title":{"rendered":"Amcor adquire sul-americana Alusa por USD 435 milh\u00f5es"},"content":{"rendered":"<p>A gigante de embalagens australiana Amcor adquiriu o maior convertedor da Am\u00e9rica do Sul &#8211; a Alusa &#8211; por USD 435 milh\u00f5es, de seus propriet\u00e1rios Techpack S.A. e o fundo de investimentos Nexus. Esta aquisi\u00e7\u00e3o vem quase imediata \u00e0 compra da convertedora californiana Deluxe Packaging, em Janeiro, por USD 45 milh\u00f5es.<\/p>\n<p>A Alusa possui quatro unidades fabris: Alusa (Chile), Peruplast (Peru), Aluflex (Argentina) e Flexa (Colombia), somando receita de vendas anual na ordem de USD 375 milh\u00f5es.<\/p>\n<p>A aquisi\u00e7\u00e3o refor\u00e7a tamb\u00e9m uma s\u00e9rie de capabilidades que v\u00e3o desde a extrus\u00e3o, impress\u00e3o rotogravura e flexografia, lamina\u00e7\u00e3o e acabamentos m\u00faltiplos. Ela ficar\u00e1 sob o guarda-chuva da rec\u00e9m-criada unidade de neg\u00f3cios de flex\u00edveis Amcor Americas.<\/p>\n<p>O CEO e diretor geral da Amcor, Ron Delia, conclui: &#8220;Com a cria\u00e7\u00e3o da unidade de neg\u00f3cios desde Julho de 2015, havia muita expectativa de acelerarmos o crescimento e a nossa participa\u00e7\u00e3o de mercado em flex\u00edveis nos mercados norte-americano e sul-americano. Com a aquisi\u00e7\u00e3o da Alusa e Deluxe, nos EUA, nossa venda de embalagens na regi\u00e3o deve praticamente dobrar num espa\u00e7o de tempo curto, para aproximadamente USD 1 bilh\u00e3o.&#8221; A Amcor ainda espera alavancar os lucros da Alusa com as sinergias de escala e custos.<\/p>","protected":false},"excerpt":{"rendered":"<p>A gigante de embalagens australiana Amcor adquiriu o maior convertedor da Am\u00e9rica do Sul &#8211; a Alusa &#8211; por USD 435 milh\u00f5es, de seus propriet\u00e1rios Techpack S.A. e o fundo de investimentos Nexus. Esta aquisi\u00e7\u00e3o vem quase imediata \u00e0 compra da convertedora californiana Deluxe Packaging, em Janeiro, por USD 45 milh\u00f5es. A Alusa possui quatro [&hellip;]<\/p>\n","protected":false},"author":2,"featured_media":0,"comment_status":"closed","ping_status":"closed","sticky":false,"template":"","format":"standard","meta":{"footnotes":""},"categories":[782],"tags":[],"class_list":["post-1483","post","type-post","status-publish","format-standard","hentry","category-fusoes-e-aquisicoes"],"yoast_head":"<!-- This site is optimized with the Yoast SEO Premium plugin v27.1 (Yoast SEO v27.1.1) - https:\/\/yoast.com\/product\/yoast-seo-premium-wordpress\/ -->\n<title>Amcor adquire sul-americana Alusa por USD 435 milh\u00f5es - ProjetoPack<\/title>\n<meta name=\"description\" content=\"A gigante de embalagens australiana Amcor adquiriu o maior convertedor da Am\u00e9rica do Sul - a Alusa - por USD 435 milh\u00f5es.\" \/>\n<meta name=\"robots\" content=\"index, follow, max-snippet:-1, max-image-preview:large, max-video-preview:-1\" \/>\n<link rel=\"canonical\" href=\"https:\/\/projetopack.com.br\/en\/amcor-adquire-sul-americana-alusa-por-usd-435-milhoes\/\" \/>\n<meta property=\"og:locale\" content=\"en_US\" \/>\n<meta property=\"og:type\" content=\"article\" \/>\n<meta property=\"og:title\" content=\"Amcor adquire sul-americana Alusa por USD 435 milh\u00f5es\" \/>\n<meta property=\"og:description\" content=\"A gigante de embalagens australiana Amcor adquiriu o maior convertedor da Am\u00e9rica do Sul - a Alusa - por USD 435 milh\u00f5es.\" \/>\n<meta property=\"og:url\" content=\"https:\/\/projetopack.com.br\/en\/amcor-adquire-sul-americana-alusa-por-usd-435-milhoes\/\" \/>\n<meta property=\"og:site_name\" content=\"ProjetoPack\" \/>\n<meta property=\"article:published_time\" content=\"2016-04-25T03:26:15+00:00\" \/>\n<meta property=\"article:modified_time\" content=\"2021-04-27T05:39:59+00:00\" \/>\n<meta property=\"og:image\" content=\"https:\/\/projetopack.com.br\/wp-content\/uploads\/2020\/06\/Capa-1200x630-1.png\" \/>\n\t<meta property=\"og:image:width\" content=\"1200\" \/>\n\t<meta property=\"og:image:height\" content=\"630\" \/>\n\t<meta property=\"og:image:type\" content=\"image\/png\" \/>\n<meta name=\"author\" content=\"Aislan Baer\" \/>\n<meta name=\"twitter:card\" content=\"summary_large_image\" \/>\n<meta name=\"twitter:creator\" content=\"@ProjetoPack\" \/>\n<meta name=\"twitter:site\" content=\"@ProjetoPack\" \/>\n<meta name=\"twitter:label1\" content=\"Written by\" \/>\n\t<meta name=\"twitter:data1\" content=\"Aislan Baer\" \/>\n\t<meta name=\"twitter:label2\" content=\"Est. reading time\" \/>\n\t<meta name=\"twitter:data2\" content=\"1 minute\" \/>\n<script type=\"application\/ld+json\" class=\"yoast-schema-graph\">{\"@context\":\"https:\/\/schema.org\",\"@graph\":[{\"@type\":\"Article\",\"@id\":\"https:\/\/projetopack.com.br\/en\/amcor-adquire-sul-americana-alusa-por-usd-435-milhoes\/#article\",\"isPartOf\":{\"@id\":\"https:\/\/projetopack.com.br\/en\/amcor-adquire-sul-americana-alusa-por-usd-435-milhoes\/\"},\"author\":{\"name\":\"Aislan Baer\",\"@id\":\"https:\/\/projetopack.com.br\/#\/schema\/person\/87cbd7d1e244880886d457815ebd2490\"},\"headline\":\"Amcor adquire sul-americana Alusa por USD 435 milh\u00f5es\",\"datePublished\":\"2016-04-25T03:26:15+00:00\",\"dateModified\":\"2021-04-27T05:39:59+00:00\",\"mainEntityOfPage\":{\"@id\":\"https:\/\/projetopack.com.br\/en\/amcor-adquire-sul-americana-alusa-por-usd-435-milhoes\/\"},\"wordCount\":226,\"publisher\":{\"@id\":\"https:\/\/projetopack.com.br\/#organization\"},\"articleSection\":[\"Fus\u00f5es e aquisi\u00e7\u00f5es\"],\"inLanguage\":\"en-US\"},{\"@type\":\"WebPage\",\"@id\":\"https:\/\/projetopack.com.br\/en\/amcor-adquire-sul-americana-alusa-por-usd-435-milhoes\/\",\"url\":\"https:\/\/projetopack.com.br\/en\/amcor-adquire-sul-americana-alusa-por-usd-435-milhoes\/\",\"name\":\"Amcor adquire sul-americana Alusa por USD 435 milh\u00f5es - ProjetoPack\",\"isPartOf\":{\"@id\":\"https:\/\/projetopack.com.br\/#website\"},\"datePublished\":\"2016-04-25T03:26:15+00:00\",\"dateModified\":\"2021-04-27T05:39:59+00:00\",\"description\":\"A gigante de embalagens australiana Amcor adquiriu o maior convertedor da Am\u00e9rica do Sul - a Alusa - por USD 435 milh\u00f5es.\",\"breadcrumb\":{\"@id\":\"https:\/\/projetopack.com.br\/en\/amcor-adquire-sul-americana-alusa-por-usd-435-milhoes\/#breadcrumb\"},\"inLanguage\":\"en-US\",\"potentialAction\":[{\"@type\":\"ReadAction\",\"target\":[\"https:\/\/projetopack.com.br\/en\/amcor-adquire-sul-americana-alusa-por-usd-435-milhoes\/\"]}]},{\"@type\":\"BreadcrumbList\",\"@id\":\"https:\/\/projetopack.com.br\/en\/amcor-adquire-sul-americana-alusa-por-usd-435-milhoes\/#breadcrumb\",\"itemListElement\":[{\"@type\":\"ListItem\",\"position\":1,\"name\":\"P\u00e1gina Inicial\",\"item\":\"https:\/\/projetopack.com.br\/\"},{\"@type\":\"ListItem\",\"position\":2,\"name\":\"Fus\u00f5es e aquisi\u00e7\u00f5es\",\"item\":\"https:\/\/projetopack.com.br\/en\/category\/fusoes-e-aquisicoes\/\"},{\"@type\":\"ListItem\",\"position\":3,\"name\":\"Amcor adquire sul-americana Alusa por USD 435 milh\u00f5es\"}]},{\"@type\":\"WebSite\",\"@id\":\"https:\/\/projetopack.com.br\/#website\",\"url\":\"https:\/\/projetopack.com.br\/\",\"name\":\"ProjetoPack\",\"description\":\"Consultoria e servi\u00e7os para embalagens, r\u00f3tulos, etiquetas e processos de impress\u00e3o\",\"publisher\":{\"@id\":\"https:\/\/projetopack.com.br\/#organization\"},\"potentialAction\":[{\"@type\":\"SearchAction\",\"target\":{\"@type\":\"EntryPoint\",\"urlTemplate\":\"https:\/\/projetopack.com.br\/?s={search_term_string}\"},\"query-input\":{\"@type\":\"PropertyValueSpecification\",\"valueRequired\":true,\"valueName\":\"search_term_string\"}}],\"inLanguage\":\"en-US\"},{\"@type\":\"Organization\",\"@id\":\"https:\/\/projetopack.com.br\/#organization\",\"name\":\"ProjetoPack & Associados\",\"url\":\"https:\/\/projetopack.com.br\/\",\"logo\":{\"@type\":\"ImageObject\",\"inLanguage\":\"en-US\",\"@id\":\"https:\/\/projetopack.com.br\/#\/schema\/logo\/image\/\",\"url\":\"https:\/\/projetopack.com.br\/wp-content\/uploads\/2020\/09\/projetopack.png\",\"contentUrl\":\"https:\/\/projetopack.com.br\/wp-content\/uploads\/2020\/09\/projetopack.png\",\"width\":200,\"height\":200,\"caption\":\"ProjetoPack & Associados\"},\"image\":{\"@id\":\"https:\/\/projetopack.com.br\/#\/schema\/logo\/image\/\"},\"sameAs\":[\"https:\/\/x.com\/ProjetoPack\",\"https:\/\/www.linkedin.com\/company\/projetopack\/\"]},{\"@type\":\"Person\",\"@id\":\"https:\/\/projetopack.com.br\/#\/schema\/person\/87cbd7d1e244880886d457815ebd2490\",\"name\":\"Aislan Baer\",\"image\":{\"@type\":\"ImageObject\",\"inLanguage\":\"en-US\",\"@id\":\"https:\/\/projetopack.com.br\/#\/schema\/person\/image\/\",\"url\":\"https:\/\/projetopack.com.br\/wp-content\/uploads\/2021\/08\/Aislan-Busto-p-100x100.jpg\",\"contentUrl\":\"https:\/\/projetopack.com.br\/wp-content\/uploads\/2021\/08\/Aislan-Busto-p-100x100.jpg\",\"caption\":\"Aislan Baer\"},\"description\":\"Desde os \u00faltimos 20 anos, meu time e eu ajudamos mais de 300 empresas brasileiras e estrangeiras (algumas delas, l\u00edderes mundiais) a produzir embalagens flex\u00edveis e r\u00f3tulos com maior efici\u00eancia, menores custos e maior apelo visual, bem como centenas de donos de marcas a comprar suas embalagens flex\u00edveis e material impresso com um crit\u00e9rio mais t\u00e9cnico e assertivo. Ao mesmo tempo, gra\u00e7as \u00e0 nossa consultoria, muitas destas empresas melhoraram significativamente o seu processo de Impress\u00e3o (Impress\u00e3o de embalagens, Impress\u00e3o industrial, Impress\u00e3o funcional e, mais recentemente, bio impress\u00e3o e manufatura aditiva ou simplesmente Impress\u00e3o 3D). Se a sua empresa tem um problema relacionado a embalagens flex\u00edveis, r\u00f3tulos ou Impress\u00e3o, por mais insol\u00favel que lhe pare\u00e7a, aguardamos ansiosos a sua liga\u00e7\u00e3o ou e-mail. Este \u00e9 nosso trabalho e tamb\u00e9m a nossa paix\u00e3o.\",\"sameAs\":[\"http:\/\/www.projetopack.com\",\"https:\/\/www.linkedin.com\/in\/aislanbaer\/\"],\"jobTitle\":\"CEO @ ProjetoPack | L\u00edder em M&A no Setor de Impress\u00e3o e Embalagens no Brasil | Cofundador da Inovagraf e Neuraflow | Especialista em Inova\u00e7\u00e3o com IA na Impress\u00e3o | Printing Legacy Initiative | Empreendedor Serial\",\"url\":\"https:\/\/projetopack.com.br\/en\/author\/aislan\/\"}]}<\/script>\n<!-- \/ Yoast SEO Premium plugin. -->","yoast_head_json":{"title":"Amcor adquire sul-americana Alusa por USD 435 milh\u00f5es - ProjetoPack","description":"A gigante de embalagens australiana Amcor adquiriu o maior convertedor da Am\u00e9rica do Sul - a Alusa - por USD 435 milh\u00f5es.","robots":{"index":"index","follow":"follow","max-snippet":"max-snippet:-1","max-image-preview":"max-image-preview:large","max-video-preview":"max-video-preview:-1"},"canonical":"https:\/\/projetopack.com.br\/en\/amcor-adquire-sul-americana-alusa-por-usd-435-milhoes\/","og_locale":"en_US","og_type":"article","og_title":"Amcor adquire sul-americana Alusa por USD 435 milh\u00f5es","og_description":"A gigante de embalagens australiana Amcor adquiriu o maior convertedor da Am\u00e9rica do Sul - a Alusa - por USD 435 milh\u00f5es.","og_url":"https:\/\/projetopack.com.br\/en\/amcor-adquire-sul-americana-alusa-por-usd-435-milhoes\/","og_site_name":"ProjetoPack","article_published_time":"2016-04-25T03:26:15+00:00","article_modified_time":"2021-04-27T05:39:59+00:00","og_image":[{"width":1200,"height":630,"url":"https:\/\/projetopack.com.br\/wp-content\/uploads\/2020\/06\/Capa-1200x630-1.png","type":"image\/png"}],"author":"Aislan Baer","twitter_card":"summary_large_image","twitter_creator":"@ProjetoPack","twitter_site":"@ProjetoPack","twitter_misc":{"Written by":"Aislan Baer","Est. reading time":"1 minute"},"schema":{"@context":"https:\/\/schema.org","@graph":[{"@type":"Article","@id":"https:\/\/projetopack.com.br\/en\/amcor-adquire-sul-americana-alusa-por-usd-435-milhoes\/#article","isPartOf":{"@id":"https:\/\/projetopack.com.br\/en\/amcor-adquire-sul-americana-alusa-por-usd-435-milhoes\/"},"author":{"name":"Aislan Baer","@id":"https:\/\/projetopack.com.br\/#\/schema\/person\/87cbd7d1e244880886d457815ebd2490"},"headline":"Amcor adquire sul-americana Alusa por USD 435 milh\u00f5es","datePublished":"2016-04-25T03:26:15+00:00","dateModified":"2021-04-27T05:39:59+00:00","mainEntityOfPage":{"@id":"https:\/\/projetopack.com.br\/en\/amcor-adquire-sul-americana-alusa-por-usd-435-milhoes\/"},"wordCount":226,"publisher":{"@id":"https:\/\/projetopack.com.br\/#organization"},"articleSection":["Fus\u00f5es e aquisi\u00e7\u00f5es"],"inLanguage":"en-US"},{"@type":"WebPage","@id":"https:\/\/projetopack.com.br\/en\/amcor-adquire-sul-americana-alusa-por-usd-435-milhoes\/","url":"https:\/\/projetopack.com.br\/en\/amcor-adquire-sul-americana-alusa-por-usd-435-milhoes\/","name":"Amcor adquire sul-americana Alusa por USD 435 milh\u00f5es - ProjetoPack","isPartOf":{"@id":"https:\/\/projetopack.com.br\/#website"},"datePublished":"2016-04-25T03:26:15+00:00","dateModified":"2021-04-27T05:39:59+00:00","description":"A gigante de embalagens australiana Amcor adquiriu o maior convertedor da Am\u00e9rica do Sul - a Alusa - por USD 435 milh\u00f5es.","breadcrumb":{"@id":"https:\/\/projetopack.com.br\/en\/amcor-adquire-sul-americana-alusa-por-usd-435-milhoes\/#breadcrumb"},"inLanguage":"en-US","potentialAction":[{"@type":"ReadAction","target":["https:\/\/projetopack.com.br\/en\/amcor-adquire-sul-americana-alusa-por-usd-435-milhoes\/"]}]},{"@type":"BreadcrumbList","@id":"https:\/\/projetopack.com.br\/en\/amcor-adquire-sul-americana-alusa-por-usd-435-milhoes\/#breadcrumb","itemListElement":[{"@type":"ListItem","position":1,"name":"P\u00e1gina Inicial","item":"https:\/\/projetopack.com.br\/"},{"@type":"ListItem","position":2,"name":"Fus\u00f5es e aquisi\u00e7\u00f5es","item":"https:\/\/projetopack.com.br\/en\/category\/fusoes-e-aquisicoes\/"},{"@type":"ListItem","position":3,"name":"Amcor adquire sul-americana Alusa por USD 435 milh\u00f5es"}]},{"@type":"WebSite","@id":"https:\/\/projetopack.com.br\/#website","url":"https:\/\/projetopack.com.br\/","name":"ProjetoPack","description":"Consultoria e servi\u00e7os para embalagens, r\u00f3tulos, etiquetas e processos de impress\u00e3o","publisher":{"@id":"https:\/\/projetopack.com.br\/#organization"},"potentialAction":[{"@type":"SearchAction","target":{"@type":"EntryPoint","urlTemplate":"https:\/\/projetopack.com.br\/?s={search_term_string}"},"query-input":{"@type":"PropertyValueSpecification","valueRequired":true,"valueName":"search_term_string"}}],"inLanguage":"en-US"},{"@type":"Organization","@id":"https:\/\/projetopack.com.br\/#organization","name":"ProjetoPack & Associados","url":"https:\/\/projetopack.com.br\/","logo":{"@type":"ImageObject","inLanguage":"en-US","@id":"https:\/\/projetopack.com.br\/#\/schema\/logo\/image\/","url":"https:\/\/projetopack.com.br\/wp-content\/uploads\/2020\/09\/projetopack.png","contentUrl":"https:\/\/projetopack.com.br\/wp-content\/uploads\/2020\/09\/projetopack.png","width":200,"height":200,"caption":"ProjetoPack & Associados"},"image":{"@id":"https:\/\/projetopack.com.br\/#\/schema\/logo\/image\/"},"sameAs":["https:\/\/x.com\/ProjetoPack","https:\/\/www.linkedin.com\/company\/projetopack\/"]},{"@type":"Person","@id":"https:\/\/projetopack.com.br\/#\/schema\/person\/87cbd7d1e244880886d457815ebd2490","name":"Aislan Baer","image":{"@type":"ImageObject","inLanguage":"en-US","@id":"https:\/\/projetopack.com.br\/#\/schema\/person\/image\/","url":"https:\/\/projetopack.com.br\/wp-content\/uploads\/2021\/08\/Aislan-Busto-p-100x100.jpg","contentUrl":"https:\/\/projetopack.com.br\/wp-content\/uploads\/2021\/08\/Aislan-Busto-p-100x100.jpg","caption":"Aislan Baer"},"description":"Desde os \u00faltimos 20 anos, meu time e eu ajudamos mais de 300 empresas brasileiras e estrangeiras (algumas delas, l\u00edderes mundiais) a produzir embalagens flex\u00edveis e r\u00f3tulos com maior efici\u00eancia, menores custos e maior apelo visual, bem como centenas de donos de marcas a comprar suas embalagens flex\u00edveis e material impresso com um crit\u00e9rio mais t\u00e9cnico e assertivo. Ao mesmo tempo, gra\u00e7as \u00e0 nossa consultoria, muitas destas empresas melhoraram significativamente o seu processo de Impress\u00e3o (Impress\u00e3o de embalagens, Impress\u00e3o industrial, Impress\u00e3o funcional e, mais recentemente, bio impress\u00e3o e manufatura aditiva ou simplesmente Impress\u00e3o 3D). Se a sua empresa tem um problema relacionado a embalagens flex\u00edveis, r\u00f3tulos ou Impress\u00e3o, por mais insol\u00favel que lhe pare\u00e7a, aguardamos ansiosos a sua liga\u00e7\u00e3o ou e-mail. Este \u00e9 nosso trabalho e tamb\u00e9m a nossa paix\u00e3o.","sameAs":["http:\/\/www.projetopack.com","https:\/\/www.linkedin.com\/in\/aislanbaer\/"],"jobTitle":"CEO @ ProjetoPack | L\u00edder em M&A no Setor de Impress\u00e3o e Embalagens no Brasil | Cofundador da Inovagraf e Neuraflow | Especialista em Inova\u00e7\u00e3o com IA na Impress\u00e3o | Printing Legacy Initiative | Empreendedor Serial","url":"https:\/\/projetopack.com.br\/en\/author\/aislan\/"}]}},"_links":{"self":[{"href":"https:\/\/projetopack.com.br\/en\/wp-json\/wp\/v2\/posts\/1483","targetHints":{"allow":["GET"]}}],"collection":[{"href":"https:\/\/projetopack.com.br\/en\/wp-json\/wp\/v2\/posts"}],"about":[{"href":"https:\/\/projetopack.com.br\/en\/wp-json\/wp\/v2\/types\/post"}],"author":[{"embeddable":true,"href":"https:\/\/projetopack.com.br\/en\/wp-json\/wp\/v2\/users\/2"}],"replies":[{"embeddable":true,"href":"https:\/\/projetopack.com.br\/en\/wp-json\/wp\/v2\/comments?post=1483"}],"version-history":[{"count":0,"href":"https:\/\/projetopack.com.br\/en\/wp-json\/wp\/v2\/posts\/1483\/revisions"}],"wp:attachment":[{"href":"https:\/\/projetopack.com.br\/en\/wp-json\/wp\/v2\/media?parent=1483"}],"wp:term":[{"taxonomy":"category","embeddable":true,"href":"https:\/\/projetopack.com.br\/en\/wp-json\/wp\/v2\/categories?post=1483"},{"taxonomy":"post_tag","embeddable":true,"href":"https:\/\/projetopack.com.br\/en\/wp-json\/wp\/v2\/tags?post=1483"}],"curies":[{"name":"wp","href":"https:\/\/api.w.org\/{rel}","templated":true}]}}