{"id":14895,"date":"2021-10-14T16:52:58","date_gmt":"2021-10-14T19:52:58","guid":{"rendered":"https:\/\/www.projetopack.com.br\/?p=14895"},"modified":"2021-10-14T18:16:20","modified_gmt":"2021-10-14T21:16:20","slug":"industria-5-0-na-flexografia-marketing-ou-desconexao-com-a-realidade","status":"publish","type":"post","link":"https:\/\/projetopack.com.br\/en\/industria-5-0-na-flexografia-marketing-ou-desconexao-com-a-realidade\/","title":{"rendered":"Ind\u00fastria 5.0 na flexografia: marketing ou desconex\u00e3o com a realidade?"},"content":{"rendered":"<p>H\u00e1 alguns dias, a Associa\u00e7\u00e3o Brasileira de Flexografia, a <a href=\"https:\/\/abflexo.org.br\/\" target=\"_blank\" rel=\"noreferrer noopener\">ABFLEXO<\/a> (agora &#8220;de impress\u00e3o digital&#8221; <strong>e<\/strong> flexografia) realizou um evento online com a tem\u00e1tica da ind\u00fastria 5.0. para o setor.<\/p>\n\n\n\n<p>Nos dias que antecederam o evento, recebemos uma s\u00e9rie de mensagens de leitores ou clientes de consultoria e treinamentos, questionando se a tem\u00e1tica seria uma disson\u00e2ncia cognitiva da entidade, uma &#8220;jogada de marketing&#8221; ou se as suas empresas estariam, de fato, t\u00e3o m\u00edopes \u00e0 nova realidade tecnol\u00f3gica que se avizinha.<\/p>\n\n\n\n<p class=\"has-cyan-bluish-gray-background-color has-background\"><strong>Embora eu seja cr\u00edtico ferrenho do papel das associa\u00e7\u00f5es &#8211; algumas mais do que outras &#8211; no setor gr\u00e1fico e de embalagens<\/strong>, consigo entender as motiva\u00e7\u00f5es da entidade em trazer aos seus seguidores uma vis\u00e3o de futuro e preencher com temas interessantes um certo n\u00famero de horas que, principalmente em eventos online, \u00e9 sempre uma tarefa \u00e1rdua prender a aten\u00e7\u00e3o dos telespectadores (em meio a tantas potenciais distra\u00e7\u00f5es).<\/p>\n\n\n\n<p>Disson\u00e2ncia cognitiva \u00e9 definida como um estado de desconforto emocional causado pela percep\u00e7\u00e3o de que certos conte\u00fados &#8211; opini\u00f5es, comportamentos, cren\u00e7as etc. &#8211; est\u00e3o em contradi\u00e7\u00e3o. \u00c9 o caso daquela pessoa que sabe que o a\u00e7\u00facar em demasia faz mal \u00e0 sa\u00fade, mas gosta muito de doces e come guloseimas adocicadas todos os dias.<\/p>\n\n\n\n<p>Para que o tema da ind\u00fastria 5.0 fosse, de fato, algo que &#8220;soa contradit\u00f3rio&#8221;, \u00e9 preciso duas coisas: conhecer o mercado e estar em contato di\u00e1rio com as empresas do setor.<\/p>\n\n\n\n<figure class=\"wp-block-pullquote\"><blockquote><p>No contato di\u00e1rio, \u00e9 poss\u00edvel verificar que &#8211; em termos de Brasil e, mais gravemente, em termos de ind\u00fastria gr\u00e1fica &#8211; \u00e9 imposs\u00edvel tratarmos a ind\u00fastria 4.0 ou 5.0 sem antes tratarmos do &#8220;operador 0.4 ou 0.5&#8221;.<\/p><\/blockquote><\/figure>\n\n\n\n<p>A ind\u00fastria flexogr\u00e1fica carece, como nunca antes na sua hist\u00f3ria, de m\u00e3o-de-obra qualificada. As empresas continuam investindo pouco ou quase nada nos processos de contrata\u00e7\u00e3o, treinamento, reten\u00e7\u00e3o, motiva\u00e7\u00e3o e desenvolvimento de seu talento humano. <\/p>\n\n\n\n<p>E, mesmo com o avan\u00e7o indiscut\u00edvel, gradual e exponencial das tecnologias &#8220;smart&#8221;, as f\u00e1bricas n\u00e3o ser\u00e3o operadas por rob\u00f4s ou softwares antes de pararem por falta de pessoal treinado. N\u00e3o acredite em mim, saia e veja o mundo real por si.<\/p>\n\n\n\n<figure class=\"wp-block-image size-full\"><img fetchpriority=\"high\" decoding=\"async\" width=\"1200\" height=\"800\" src=\"https:\/\/projetopack.com.br\/wp-content\/uploads\/2021\/10\/Economia01.jpg\" alt=\"\" class=\"wp-image-14896\" srcset=\"https:\/\/projetopack.com.br\/wp-content\/uploads\/2021\/10\/Economia01.jpg 1200w, https:\/\/projetopack.com.br\/wp-content\/uploads\/2021\/10\/Economia01-300x200.jpg 300w, https:\/\/projetopack.com.br\/wp-content\/uploads\/2021\/10\/Economia01-600x400.jpg 600w, https:\/\/projetopack.com.br\/wp-content\/uploads\/2021\/10\/Economia01-768x512.jpg 768w, https:\/\/projetopack.com.br\/wp-content\/uploads\/2021\/10\/Economia01-18x12.jpg 18w\" sizes=\"(max-width: 1200px) 100vw, 1200px\" \/><\/figure>\n\n\n\n<p>O pr\u00f3prio conceito da Ind\u00fastria 5.0 foi cunhado justamente por conta das transforma\u00e7\u00f5es sociais e tecnol\u00f3gicas, aceleradas inclusive durante a pandemia (e em virtude da Agenda 2030) rumo \u00e0 Sociedade 5.0 &#8211; uma nova proposta de organiza\u00e7\u00e3o social em que tecnologias como Big Data, Intelig\u00eancia Artificial e a Internet das Coisas s\u00e3o aplicadas com foco \u00fanico e espec\u00edfico nas necessidades humanas.<\/p>\n\n\n\n<p>O elemento humano volta \u00e0 equa\u00e7\u00e3o &#8211; com a combina\u00e7\u00e3o homem e m\u00e1quina &#8211; que, idealmente, traria os benef\u00edcios da precis\u00e3o e rapidez da automa\u00e7\u00e3o industrial total, com as habilidades cr\u00edticas e cognitivas dos seres humanos, liderando os processos dos neg\u00f3cios.<\/p>\n\n\n\n<figure class=\"wp-block-image size-full\"><img decoding=\"async\" width=\"800\" height=\"1200\" src=\"https:\/\/projetopack.com.br\/wp-content\/uploads\/2021\/10\/Economia03.jpg\" alt=\"\" class=\"wp-image-14897\" srcset=\"https:\/\/projetopack.com.br\/wp-content\/uploads\/2021\/10\/Economia03.jpg 800w, https:\/\/projetopack.com.br\/wp-content\/uploads\/2021\/10\/Economia03-300x450.jpg 300w, https:\/\/projetopack.com.br\/wp-content\/uploads\/2021\/10\/Economia03-600x900.jpg 600w, https:\/\/projetopack.com.br\/wp-content\/uploads\/2021\/10\/Economia03-768x1152.jpg 768w\" sizes=\"(max-width: 800px) 100vw, 800px\" \/><\/figure>\n\n\n\n<h2 class=\"wp-block-heading\" id=\"h-por-que-o-brasil-n-o-conseguiu-decolar-na-migra-o-nem-terceira-tampouco-quarta-revolu-o-industrial\">Por que o Brasil n\u00e3o conseguiu decolar na migra\u00e7\u00e3o nem \u00e0 terceira, tampouco \u00e0 quarta revolu\u00e7\u00e3o industrial?<\/h2>\n\n\n\n<p>Precisamente por relegarmos a qualifica\u00e7\u00e3o das pessoas. Numa palestra em que tive a oportunidade de assistir, do atual diretor da Escola Senai <a href=\"https:\/\/grafica.sp.senai.br\/\" target=\"_blank\" rel=\"noreferrer noopener\">Theobaldo de Nigris<\/a> em um evento de inova\u00e7\u00e3o conjunto com o <a href=\"http:\/\/www.senaicimatec.com.br\/\" target=\"_blank\" rel=\"noreferrer noopener\">Cimatec<\/a>, ouvi que &#8220;faltam engenheiros, falta infraestrutura e, especialmente, falta a mentalidade&#8221;.<\/p>\n\n\n\n<p>Pois bem. Dar foco \u00e0 carro\u00e7a, na frente dos bois, \u00e9 um claro sinal de disson\u00e2ncia cognitiva.<\/p>\n\n\n\n<figure class=\"wp-block-pullquote\"><blockquote><p>Antes de dominar a Gal\u00e1xia, os Stormtroopers precisam treinar pontaria e o engenheiro respons\u00e1vel pela Estrela da Morte (geonosianos a mando do Arquiduque Poggle, o menor), ter mais conhecimento sobre os pontos fracos do projeto.<\/p><\/blockquote><\/figure>\n\n\n\n<p class=\"has-cyan-bluish-gray-background-color has-background\">A flexografia nacional precisa passar pela primeira revolu\u00e7\u00e3o e a mais importante de todas: a do conhecimento.<\/p>\n\n\n\n<p><strong>Leia mais em nosso blog:<\/strong><\/p>\n\n\n\n<p><a href=\"https:\/\/projetopack.com.br\/o-elemento-humano-e-os-processos-de-capacitacao-pesquisa\/\" target=\"_blank\" rel=\"noreferrer noopener\">O elemento humano e os processos de capacita\u00e7\u00e3o<\/a><\/p>","protected":false},"excerpt":{"rendered":"<p>A ind\u00fastria flexogr\u00e1fica carece, como nunca antes na sua hist\u00f3ria, de m\u00e3o-de-obra qualificada.<\/p>","protected":false},"author":2,"featured_media":14898,"comment_status":"open","ping_status":"closed","sticky":true,"template":"","format":"standard","meta":{"footnotes":""},"categories":[344],"tags":[901,905,906,902,903],"class_list":["post-14895","post","type-post","status-publish","format-standard","has-post-thumbnail","hentry","category-opiniao","tag-abflexo","tag-automacao","tag-cif-abflexo","tag-industria-4-0","tag-industria-5-0"],"yoast_head":"<!-- This site is optimized with the Yoast SEO Premium plugin v27.1 (Yoast SEO v27.1.1) - https:\/\/yoast.com\/product\/yoast-seo-premium-wordpress\/ -->\n<title>Ind\u00fastria 5.0 na flexografia: marketing ou desconex\u00e3o com a realidade? - ProjetoPack<\/title>\n<meta name=\"description\" content=\"\u00c9 imposs\u00edvel tratarmos a ind\u00fastria 4.0 ou 5.0 sem antes tratarmos do &quot;operador 0.4 ou 0.5&quot;.\" \/>\n<meta name=\"robots\" content=\"index, follow, max-snippet:-1, max-image-preview:large, max-video-preview:-1\" \/>\n<link rel=\"canonical\" href=\"https:\/\/projetopack.com.br\/en\/industria-5-0-na-flexografia-marketing-ou-desconexao-com-a-realidade\/\" \/>\n<meta property=\"og:locale\" content=\"en_US\" \/>\n<meta property=\"og:type\" content=\"article\" \/>\n<meta property=\"og:title\" content=\"Ind\u00fastria 5.0 na flexografia: marketing ou desconex\u00e3o com a realidade?\" \/>\n<meta property=\"og:description\" content=\"\u00c9 imposs\u00edvel tratarmos a ind\u00fastria 4.0 ou 5.0 sem antes tratarmos do &quot;operador 0.4 ou 0.5&quot;.\" \/>\n<meta property=\"og:url\" content=\"https:\/\/projetopack.com.br\/en\/industria-5-0-na-flexografia-marketing-ou-desconexao-com-a-realidade\/\" \/>\n<meta property=\"og:site_name\" content=\"ProjetoPack\" \/>\n<meta property=\"article:published_time\" content=\"2021-10-14T19:52:58+00:00\" \/>\n<meta property=\"article:modified_time\" content=\"2021-10-14T21:16:20+00:00\" \/>\n<meta property=\"og:image\" content=\"https:\/\/projetopack.com.br\/wp-content\/uploads\/2021\/10\/poste-de-luz.jpg\" \/>\n\t<meta property=\"og:image:width\" content=\"1141\" \/>\n\t<meta property=\"og:image:height\" content=\"768\" \/>\n\t<meta property=\"og:image:type\" content=\"image\/jpeg\" \/>\n<meta name=\"author\" content=\"Aislan Baer\" \/>\n<meta name=\"twitter:card\" content=\"summary_large_image\" \/>\n<meta name=\"twitter:creator\" content=\"@ProjetoPack\" \/>\n<meta name=\"twitter:site\" content=\"@ProjetoPack\" \/>\n<meta name=\"twitter:label1\" content=\"Written by\" \/>\n\t<meta name=\"twitter:data1\" content=\"Aislan Baer\" \/>\n\t<meta name=\"twitter:label2\" content=\"Est. reading time\" \/>\n\t<meta name=\"twitter:data2\" content=\"3 minutes\" \/>\n<script type=\"application\/ld+json\" class=\"yoast-schema-graph\">{\"@context\":\"https:\/\/schema.org\",\"@graph\":[{\"@type\":\"Article\",\"@id\":\"https:\/\/projetopack.com.br\/en\/industria-5-0-na-flexografia-marketing-ou-desconexao-com-a-realidade\/#article\",\"isPartOf\":{\"@id\":\"https:\/\/projetopack.com.br\/en\/industria-5-0-na-flexografia-marketing-ou-desconexao-com-a-realidade\/\"},\"author\":{\"name\":\"Aislan Baer\",\"@id\":\"https:\/\/projetopack.com.br\/#\/schema\/person\/87cbd7d1e244880886d457815ebd2490\"},\"headline\":\"Ind\u00fastria 5.0 na flexografia: marketing ou desconex\u00e3o com a realidade?\",\"datePublished\":\"2021-10-14T19:52:58+00:00\",\"dateModified\":\"2021-10-14T21:16:20+00:00\",\"mainEntityOfPage\":{\"@id\":\"https:\/\/projetopack.com.br\/en\/industria-5-0-na-flexografia-marketing-ou-desconexao-com-a-realidade\/\"},\"wordCount\":655,\"commentCount\":0,\"publisher\":{\"@id\":\"https:\/\/projetopack.com.br\/#organization\"},\"image\":{\"@id\":\"https:\/\/projetopack.com.br\/en\/industria-5-0-na-flexografia-marketing-ou-desconexao-com-a-realidade\/#primaryimage\"},\"thumbnailUrl\":\"https:\/\/projetopack.com.br\/wp-content\/uploads\/2021\/10\/poste-de-luz.jpg\",\"keywords\":[\"abflexo\",\"automa\u00e7\u00e3o\",\"cif abflexo\",\"ind\u00fastria 4.0\",\"ind\u00fastria 5.0\"],\"articleSection\":[\"Opini\u00e3o\"],\"inLanguage\":\"en-US\",\"potentialAction\":[{\"@type\":\"CommentAction\",\"name\":\"Comment\",\"target\":[\"https:\/\/projetopack.com.br\/en\/industria-5-0-na-flexografia-marketing-ou-desconexao-com-a-realidade\/#respond\"]}]},{\"@type\":\"WebPage\",\"@id\":\"https:\/\/projetopack.com.br\/en\/industria-5-0-na-flexografia-marketing-ou-desconexao-com-a-realidade\/\",\"url\":\"https:\/\/projetopack.com.br\/en\/industria-5-0-na-flexografia-marketing-ou-desconexao-com-a-realidade\/\",\"name\":\"Ind\u00fastria 5.0 na flexografia: marketing ou desconex\u00e3o com a realidade? - ProjetoPack\",\"isPartOf\":{\"@id\":\"https:\/\/projetopack.com.br\/#website\"},\"primaryImageOfPage\":{\"@id\":\"https:\/\/projetopack.com.br\/en\/industria-5-0-na-flexografia-marketing-ou-desconexao-com-a-realidade\/#primaryimage\"},\"image\":{\"@id\":\"https:\/\/projetopack.com.br\/en\/industria-5-0-na-flexografia-marketing-ou-desconexao-com-a-realidade\/#primaryimage\"},\"thumbnailUrl\":\"https:\/\/projetopack.com.br\/wp-content\/uploads\/2021\/10\/poste-de-luz.jpg\",\"datePublished\":\"2021-10-14T19:52:58+00:00\",\"dateModified\":\"2021-10-14T21:16:20+00:00\",\"description\":\"\u00c9 imposs\u00edvel tratarmos a ind\u00fastria 4.0 ou 5.0 sem antes tratarmos do \\\"operador 0.4 ou 0.5\\\".\",\"breadcrumb\":{\"@id\":\"https:\/\/projetopack.com.br\/en\/industria-5-0-na-flexografia-marketing-ou-desconexao-com-a-realidade\/#breadcrumb\"},\"inLanguage\":\"en-US\",\"potentialAction\":[{\"@type\":\"ReadAction\",\"target\":[\"https:\/\/projetopack.com.br\/en\/industria-5-0-na-flexografia-marketing-ou-desconexao-com-a-realidade\/\"]}]},{\"@type\":\"ImageObject\",\"inLanguage\":\"en-US\",\"@id\":\"https:\/\/projetopack.com.br\/en\/industria-5-0-na-flexografia-marketing-ou-desconexao-com-a-realidade\/#primaryimage\",\"url\":\"https:\/\/projetopack.com.br\/wp-content\/uploads\/2021\/10\/poste-de-luz.jpg\",\"contentUrl\":\"https:\/\/projetopack.com.br\/wp-content\/uploads\/2021\/10\/poste-de-luz.jpg\",\"width\":1141,\"height\":768,\"caption\":\"flexografia abflexo\"},{\"@type\":\"BreadcrumbList\",\"@id\":\"https:\/\/projetopack.com.br\/en\/industria-5-0-na-flexografia-marketing-ou-desconexao-com-a-realidade\/#breadcrumb\",\"itemListElement\":[{\"@type\":\"ListItem\",\"position\":1,\"name\":\"P\u00e1gina Inicial\",\"item\":\"https:\/\/projetopack.com.br\/\"},{\"@type\":\"ListItem\",\"position\":2,\"name\":\"Opini\u00e3o\",\"item\":\"https:\/\/projetopack.com.br\/en\/category\/opiniao\/\"},{\"@type\":\"ListItem\",\"position\":3,\"name\":\"Ind\u00fastria 5.0 na flexografia: marketing ou desconex\u00e3o com a realidade?\"}]},{\"@type\":\"WebSite\",\"@id\":\"https:\/\/projetopack.com.br\/#website\",\"url\":\"https:\/\/projetopack.com.br\/\",\"name\":\"ProjetoPack\",\"description\":\"Consultoria e servi\u00e7os para embalagens, r\u00f3tulos, etiquetas e processos de impress\u00e3o\",\"publisher\":{\"@id\":\"https:\/\/projetopack.com.br\/#organization\"},\"potentialAction\":[{\"@type\":\"SearchAction\",\"target\":{\"@type\":\"EntryPoint\",\"urlTemplate\":\"https:\/\/projetopack.com.br\/?s={search_term_string}\"},\"query-input\":{\"@type\":\"PropertyValueSpecification\",\"valueRequired\":true,\"valueName\":\"search_term_string\"}}],\"inLanguage\":\"en-US\"},{\"@type\":\"Organization\",\"@id\":\"https:\/\/projetopack.com.br\/#organization\",\"name\":\"ProjetoPack & Associados\",\"url\":\"https:\/\/projetopack.com.br\/\",\"logo\":{\"@type\":\"ImageObject\",\"inLanguage\":\"en-US\",\"@id\":\"https:\/\/projetopack.com.br\/#\/schema\/logo\/image\/\",\"url\":\"https:\/\/projetopack.com.br\/wp-content\/uploads\/2020\/09\/projetopack.png\",\"contentUrl\":\"https:\/\/projetopack.com.br\/wp-content\/uploads\/2020\/09\/projetopack.png\",\"width\":200,\"height\":200,\"caption\":\"ProjetoPack & Associados\"},\"image\":{\"@id\":\"https:\/\/projetopack.com.br\/#\/schema\/logo\/image\/\"},\"sameAs\":[\"https:\/\/x.com\/ProjetoPack\",\"https:\/\/www.linkedin.com\/company\/projetopack\/\"]},{\"@type\":\"Person\",\"@id\":\"https:\/\/projetopack.com.br\/#\/schema\/person\/87cbd7d1e244880886d457815ebd2490\",\"name\":\"Aislan Baer\",\"image\":{\"@type\":\"ImageObject\",\"inLanguage\":\"en-US\",\"@id\":\"https:\/\/projetopack.com.br\/#\/schema\/person\/image\/\",\"url\":\"https:\/\/projetopack.com.br\/wp-content\/uploads\/2021\/08\/Aislan-Busto-p-100x100.jpg\",\"contentUrl\":\"https:\/\/projetopack.com.br\/wp-content\/uploads\/2021\/08\/Aislan-Busto-p-100x100.jpg\",\"caption\":\"Aislan Baer\"},\"description\":\"Desde os \u00faltimos 20 anos, meu time e eu ajudamos mais de 300 empresas brasileiras e estrangeiras (algumas delas, l\u00edderes mundiais) a produzir embalagens flex\u00edveis e r\u00f3tulos com maior efici\u00eancia, menores custos e maior apelo visual, bem como centenas de donos de marcas a comprar suas embalagens flex\u00edveis e material impresso com um crit\u00e9rio mais t\u00e9cnico e assertivo. Ao mesmo tempo, gra\u00e7as \u00e0 nossa consultoria, muitas destas empresas melhoraram significativamente o seu processo de Impress\u00e3o (Impress\u00e3o de embalagens, Impress\u00e3o industrial, Impress\u00e3o funcional e, mais recentemente, bio impress\u00e3o e manufatura aditiva ou simplesmente Impress\u00e3o 3D). Se a sua empresa tem um problema relacionado a embalagens flex\u00edveis, r\u00f3tulos ou Impress\u00e3o, por mais insol\u00favel que lhe pare\u00e7a, aguardamos ansiosos a sua liga\u00e7\u00e3o ou e-mail. Este \u00e9 nosso trabalho e tamb\u00e9m a nossa paix\u00e3o.\",\"sameAs\":[\"http:\/\/www.projetopack.com\",\"https:\/\/www.linkedin.com\/in\/aislanbaer\/\"],\"jobTitle\":\"CEO @ ProjetoPack | L\u00edder em M&A no Setor de Impress\u00e3o e Embalagens no Brasil | Cofundador da Inovagraf e Neuraflow | Especialista em Inova\u00e7\u00e3o com IA na Impress\u00e3o | Printing Legacy Initiative | Empreendedor Serial\",\"url\":\"https:\/\/projetopack.com.br\/en\/author\/aislan\/\"}]}<\/script>\n<!-- \/ Yoast SEO Premium plugin. -->","yoast_head_json":{"title":"Ind\u00fastria 5.0 na flexografia: marketing ou desconex\u00e3o com a realidade? - ProjetoPack","description":"\u00c9 imposs\u00edvel tratarmos a ind\u00fastria 4.0 ou 5.0 sem antes tratarmos do \"operador 0.4 ou 0.5\".","robots":{"index":"index","follow":"follow","max-snippet":"max-snippet:-1","max-image-preview":"max-image-preview:large","max-video-preview":"max-video-preview:-1"},"canonical":"https:\/\/projetopack.com.br\/en\/industria-5-0-na-flexografia-marketing-ou-desconexao-com-a-realidade\/","og_locale":"en_US","og_type":"article","og_title":"Ind\u00fastria 5.0 na flexografia: marketing ou desconex\u00e3o com a realidade?","og_description":"\u00c9 imposs\u00edvel tratarmos a ind\u00fastria 4.0 ou 5.0 sem antes tratarmos do \"operador 0.4 ou 0.5\".","og_url":"https:\/\/projetopack.com.br\/en\/industria-5-0-na-flexografia-marketing-ou-desconexao-com-a-realidade\/","og_site_name":"ProjetoPack","article_published_time":"2021-10-14T19:52:58+00:00","article_modified_time":"2021-10-14T21:16:20+00:00","og_image":[{"width":1141,"height":768,"url":"https:\/\/projetopack.com.br\/wp-content\/uploads\/2021\/10\/poste-de-luz.jpg","type":"image\/jpeg"}],"author":"Aislan Baer","twitter_card":"summary_large_image","twitter_creator":"@ProjetoPack","twitter_site":"@ProjetoPack","twitter_misc":{"Written by":"Aislan Baer","Est. reading time":"3 minutes"},"schema":{"@context":"https:\/\/schema.org","@graph":[{"@type":"Article","@id":"https:\/\/projetopack.com.br\/en\/industria-5-0-na-flexografia-marketing-ou-desconexao-com-a-realidade\/#article","isPartOf":{"@id":"https:\/\/projetopack.com.br\/en\/industria-5-0-na-flexografia-marketing-ou-desconexao-com-a-realidade\/"},"author":{"name":"Aislan Baer","@id":"https:\/\/projetopack.com.br\/#\/schema\/person\/87cbd7d1e244880886d457815ebd2490"},"headline":"Ind\u00fastria 5.0 na flexografia: marketing ou desconex\u00e3o com a realidade?","datePublished":"2021-10-14T19:52:58+00:00","dateModified":"2021-10-14T21:16:20+00:00","mainEntityOfPage":{"@id":"https:\/\/projetopack.com.br\/en\/industria-5-0-na-flexografia-marketing-ou-desconexao-com-a-realidade\/"},"wordCount":655,"commentCount":0,"publisher":{"@id":"https:\/\/projetopack.com.br\/#organization"},"image":{"@id":"https:\/\/projetopack.com.br\/en\/industria-5-0-na-flexografia-marketing-ou-desconexao-com-a-realidade\/#primaryimage"},"thumbnailUrl":"https:\/\/projetopack.com.br\/wp-content\/uploads\/2021\/10\/poste-de-luz.jpg","keywords":["abflexo","automa\u00e7\u00e3o","cif abflexo","ind\u00fastria 4.0","ind\u00fastria 5.0"],"articleSection":["Opini\u00e3o"],"inLanguage":"en-US","potentialAction":[{"@type":"CommentAction","name":"Comment","target":["https:\/\/projetopack.com.br\/en\/industria-5-0-na-flexografia-marketing-ou-desconexao-com-a-realidade\/#respond"]}]},{"@type":"WebPage","@id":"https:\/\/projetopack.com.br\/en\/industria-5-0-na-flexografia-marketing-ou-desconexao-com-a-realidade\/","url":"https:\/\/projetopack.com.br\/en\/industria-5-0-na-flexografia-marketing-ou-desconexao-com-a-realidade\/","name":"Ind\u00fastria 5.0 na flexografia: marketing ou desconex\u00e3o com a realidade? - ProjetoPack","isPartOf":{"@id":"https:\/\/projetopack.com.br\/#website"},"primaryImageOfPage":{"@id":"https:\/\/projetopack.com.br\/en\/industria-5-0-na-flexografia-marketing-ou-desconexao-com-a-realidade\/#primaryimage"},"image":{"@id":"https:\/\/projetopack.com.br\/en\/industria-5-0-na-flexografia-marketing-ou-desconexao-com-a-realidade\/#primaryimage"},"thumbnailUrl":"https:\/\/projetopack.com.br\/wp-content\/uploads\/2021\/10\/poste-de-luz.jpg","datePublished":"2021-10-14T19:52:58+00:00","dateModified":"2021-10-14T21:16:20+00:00","description":"\u00c9 imposs\u00edvel tratarmos a ind\u00fastria 4.0 ou 5.0 sem antes tratarmos do \"operador 0.4 ou 0.5\".","breadcrumb":{"@id":"https:\/\/projetopack.com.br\/en\/industria-5-0-na-flexografia-marketing-ou-desconexao-com-a-realidade\/#breadcrumb"},"inLanguage":"en-US","potentialAction":[{"@type":"ReadAction","target":["https:\/\/projetopack.com.br\/en\/industria-5-0-na-flexografia-marketing-ou-desconexao-com-a-realidade\/"]}]},{"@type":"ImageObject","inLanguage":"en-US","@id":"https:\/\/projetopack.com.br\/en\/industria-5-0-na-flexografia-marketing-ou-desconexao-com-a-realidade\/#primaryimage","url":"https:\/\/projetopack.com.br\/wp-content\/uploads\/2021\/10\/poste-de-luz.jpg","contentUrl":"https:\/\/projetopack.com.br\/wp-content\/uploads\/2021\/10\/poste-de-luz.jpg","width":1141,"height":768,"caption":"flexografia abflexo"},{"@type":"BreadcrumbList","@id":"https:\/\/projetopack.com.br\/en\/industria-5-0-na-flexografia-marketing-ou-desconexao-com-a-realidade\/#breadcrumb","itemListElement":[{"@type":"ListItem","position":1,"name":"P\u00e1gina Inicial","item":"https:\/\/projetopack.com.br\/"},{"@type":"ListItem","position":2,"name":"Opini\u00e3o","item":"https:\/\/projetopack.com.br\/en\/category\/opiniao\/"},{"@type":"ListItem","position":3,"name":"Ind\u00fastria 5.0 na flexografia: marketing ou desconex\u00e3o com a realidade?"}]},{"@type":"WebSite","@id":"https:\/\/projetopack.com.br\/#website","url":"https:\/\/projetopack.com.br\/","name":"ProjetoPack","description":"Consultoria e servi\u00e7os para embalagens, r\u00f3tulos, etiquetas e processos de impress\u00e3o","publisher":{"@id":"https:\/\/projetopack.com.br\/#organization"},"potentialAction":[{"@type":"SearchAction","target":{"@type":"EntryPoint","urlTemplate":"https:\/\/projetopack.com.br\/?s={search_term_string}"},"query-input":{"@type":"PropertyValueSpecification","valueRequired":true,"valueName":"search_term_string"}}],"inLanguage":"en-US"},{"@type":"Organization","@id":"https:\/\/projetopack.com.br\/#organization","name":"ProjetoPack & Associados","url":"https:\/\/projetopack.com.br\/","logo":{"@type":"ImageObject","inLanguage":"en-US","@id":"https:\/\/projetopack.com.br\/#\/schema\/logo\/image\/","url":"https:\/\/projetopack.com.br\/wp-content\/uploads\/2020\/09\/projetopack.png","contentUrl":"https:\/\/projetopack.com.br\/wp-content\/uploads\/2020\/09\/projetopack.png","width":200,"height":200,"caption":"ProjetoPack & Associados"},"image":{"@id":"https:\/\/projetopack.com.br\/#\/schema\/logo\/image\/"},"sameAs":["https:\/\/x.com\/ProjetoPack","https:\/\/www.linkedin.com\/company\/projetopack\/"]},{"@type":"Person","@id":"https:\/\/projetopack.com.br\/#\/schema\/person\/87cbd7d1e244880886d457815ebd2490","name":"Aislan Baer","image":{"@type":"ImageObject","inLanguage":"en-US","@id":"https:\/\/projetopack.com.br\/#\/schema\/person\/image\/","url":"https:\/\/projetopack.com.br\/wp-content\/uploads\/2021\/08\/Aislan-Busto-p-100x100.jpg","contentUrl":"https:\/\/projetopack.com.br\/wp-content\/uploads\/2021\/08\/Aislan-Busto-p-100x100.jpg","caption":"Aislan Baer"},"description":"Desde os \u00faltimos 20 anos, meu time e eu ajudamos mais de 300 empresas brasileiras e estrangeiras (algumas delas, l\u00edderes mundiais) a produzir embalagens flex\u00edveis e r\u00f3tulos com maior efici\u00eancia, menores custos e maior apelo visual, bem como centenas de donos de marcas a comprar suas embalagens flex\u00edveis e material impresso com um crit\u00e9rio mais t\u00e9cnico e assertivo. Ao mesmo tempo, gra\u00e7as \u00e0 nossa consultoria, muitas destas empresas melhoraram significativamente o seu processo de Impress\u00e3o (Impress\u00e3o de embalagens, Impress\u00e3o industrial, Impress\u00e3o funcional e, mais recentemente, bio impress\u00e3o e manufatura aditiva ou simplesmente Impress\u00e3o 3D). Se a sua empresa tem um problema relacionado a embalagens flex\u00edveis, r\u00f3tulos ou Impress\u00e3o, por mais insol\u00favel que lhe pare\u00e7a, aguardamos ansiosos a sua liga\u00e7\u00e3o ou e-mail. Este \u00e9 nosso trabalho e tamb\u00e9m a nossa paix\u00e3o.","sameAs":["http:\/\/www.projetopack.com","https:\/\/www.linkedin.com\/in\/aislanbaer\/"],"jobTitle":"CEO @ ProjetoPack | L\u00edder em M&A no Setor de Impress\u00e3o e Embalagens no Brasil | Cofundador da Inovagraf e Neuraflow | Especialista em Inova\u00e7\u00e3o com IA na Impress\u00e3o | Printing Legacy Initiative | Empreendedor Serial","url":"https:\/\/projetopack.com.br\/en\/author\/aislan\/"}]}},"_links":{"self":[{"href":"https:\/\/projetopack.com.br\/en\/wp-json\/wp\/v2\/posts\/14895","targetHints":{"allow":["GET"]}}],"collection":[{"href":"https:\/\/projetopack.com.br\/en\/wp-json\/wp\/v2\/posts"}],"about":[{"href":"https:\/\/projetopack.com.br\/en\/wp-json\/wp\/v2\/types\/post"}],"author":[{"embeddable":true,"href":"https:\/\/projetopack.com.br\/en\/wp-json\/wp\/v2\/users\/2"}],"replies":[{"embeddable":true,"href":"https:\/\/projetopack.com.br\/en\/wp-json\/wp\/v2\/comments?post=14895"}],"version-history":[{"count":0,"href":"https:\/\/projetopack.com.br\/en\/wp-json\/wp\/v2\/posts\/14895\/revisions"}],"wp:featuredmedia":[{"embeddable":true,"href":"https:\/\/projetopack.com.br\/en\/wp-json\/wp\/v2\/media\/14898"}],"wp:attachment":[{"href":"https:\/\/projetopack.com.br\/en\/wp-json\/wp\/v2\/media?parent=14895"}],"wp:term":[{"taxonomy":"category","embeddable":true,"href":"https:\/\/projetopack.com.br\/en\/wp-json\/wp\/v2\/categories?post=14895"},{"taxonomy":"post_tag","embeddable":true,"href":"https:\/\/projetopack.com.br\/en\/wp-json\/wp\/v2\/tags?post=14895"}],"curies":[{"name":"wp","href":"https:\/\/api.w.org\/{rel}","templated":true}]}}