{"id":15167,"date":"2021-10-26T15:39:16","date_gmt":"2021-10-26T18:39:16","guid":{"rendered":"https:\/\/www.projetopack.com.br\/?p=15167"},"modified":"2021-10-26T15:39:16","modified_gmt":"2021-10-26T18:39:16","slug":"dupont-cyrel-solutions-lanca-estudo-de-acv-analise-de-ciclo-de-vida-da-impressao-flexografica","status":"publish","type":"post","link":"https:\/\/projetopack.com.br\/en\/dupont-cyrel-solutions-lanca-estudo-de-acv-analise-de-ciclo-de-vida-da-impressao-flexografica\/","title":{"rendered":"DuPont\u2122 Cyrel\u00ae Solutions lan\u00e7a estudo de ACV (An\u00e1lise de Ciclo de Vida) da impress\u00e3o flexogr\u00e1fica"},"content":{"rendered":"<p>No dia 27 de Outubro, \u00e0s 9h40 (hor\u00e1rio de Bras\u00edlia), <strong>Maria Eugenia Tib\u00e9ssio<\/strong>, presidente da DuPont Argentina e diretora de Vendas Latam Sul da DuPont Industrial\u00a0 Solutions, apresentar\u00e1 o rec\u00e9m publicado estudo de ACV (An\u00e1lise de Ciclo de Vida) sobre impress\u00e3o flexogr\u00e1fica, no <a href=\"http:\/\/www.institutodeembalagens.com.br\" target=\"_blank\" rel=\"noreferrer noopener\">F\u00f3rum Embalagem &amp; Sustentabilidade<\/a>. <\/p>\n\n\n\n<blockquote class=\"wp-block-quote is-layout-flow wp-block-quote-is-layout-flow\"><p>\u201cAtualmente, o neg\u00f3cio da flexografia tamb\u00e9m \u00e9 norteado pela sustentabilidade. Da\u00ed a import\u00e2ncia desta An\u00e1lise de Ciclo de Vida que a DuPont fez, comparando a flexografia \u00e0 rotogravura e o processo t\u00e9rmico de grava\u00e7\u00e3o de chapas Cyrel\u00ae FAST com o processo tradicional que utiliza solvente\u201d<\/p><cite>explica Maria Eug\u00eania.<\/cite><\/blockquote>\n\n\n\n<p>O ACV mostra que a impress\u00e3o flexogr\u00e1fica continua sendo mais vantajosa, do ponto de vista ambiental, que a rotogravura gra\u00e7as a um consumo de energia n\u00e3o renov\u00e1vel 46% menor e a uma redu\u00e7\u00e3o de 51% no potencial de aquecimento global. <\/p>\n\n\n\n<p class=\"has-cyan-bluish-gray-background-color has-background\">O estudo mostra ainda que o processamento t\u00e9rmico das chapas flexogr\u00e1ficas tem uma pegada ambiental menor que o processo \u00e0 base de solventes.<\/p>\n\n\n\n<p>\u201cEm outras palavras, s\u00e3o in\u00fameras as possibilidades de inovar e garantir mais sustentabilidade para produtos e embalagens com a flexografia\u201d, conclui Maria Eugenia. Este conceito est\u00e1 alinhado ao F\u00f3rum Embalagem &amp; Sustentabilidade cuja proposta \u00e9 apresentar solu\u00e7\u00f5es de embalagens que levem a um modelo de economia circular.<\/p>\n\n\n\n<p>\u201cOs estudos mostram que a economia linear \u00e9 insustent\u00e1vel se quisermos evitar a escassez e o esgotamento dos recursos naturais. Por isso \u00e9 importante estabelecermos projetos de recupera\u00e7\u00e3o dos materiais, repensar nossos processos produtivos e reduzir os impactos das opera\u00e7\u00f5es e dos produtos na natureza, de forma a impulsionar a cria\u00e7\u00e3o de modelos de neg\u00f3cios que fomentem a economia circular. E a flexografia tem um enorme potencial neste sentido\u201d, completa a executiva da DuPont.<\/p>\n\n\n\n<p>O F\u00f3rum Embalagem &amp; Sustentabilidade, que acontece nos dias 27 e 28 de outubro, no formato online, com transmiss\u00e3o ao vivo, e reunir\u00e1 l\u00edderes da cadeia de valor de embalagens para debater oportunidades e iniciativas que promovam a jornada de circularidade das embalagens e seus sistemas de produ\u00e7\u00e3o.<\/p>\n\n\n\n<blockquote class=\"wp-block-quote is-layout-flow wp-block-quote-is-layout-flow\"><p>\u201c\u00c9 importante abordar a circularidade das embalagens como uma responsabilidade compartilhada de toda a cadeia de valor para encontrar solu\u00e7\u00f5es efetivas que preservem o meio ambiente\u201d<\/p><cite>afirma <strong>Assunta Napolitano Camilo<\/strong>, diretora do Instituto de Embalagens e organizadora do F\u00f3rum Embalagem &amp; Sustentabilidade.<\/cite><\/blockquote>\n\n\n\n<p><strong>Leia mais em nosso blog:<\/strong><\/p>\n\n\n\n<p>N\u00e3o h\u00e1 conte\u00fado relacionado sugerido para esta mat\u00e9ria.<\/p>","protected":false},"excerpt":{"rendered":"<p>O ACV mostra que a impress\u00e3o flexogr\u00e1fica continua sendo mais vantajosa, do ponto de vista ambiental.<\/p>","protected":false},"author":18,"featured_media":15180,"comment_status":"open","ping_status":"closed","sticky":false,"template":"","format":"standard","meta":{"footnotes":""},"categories":[600],"tags":[],"class_list":["post-15167","post","type-post","status-publish","format-standard","has-post-thumbnail","hentry","category-eventos"],"yoast_head":"<!-- This site is optimized with the Yoast SEO Premium plugin v27.1 (Yoast SEO v27.1.1) - https:\/\/yoast.com\/product\/yoast-seo-premium-wordpress\/ -->\n<title>DuPont\u2122 Cyrel\u00ae Solutions lan\u00e7a estudo de ACV (An\u00e1lise de Ciclo de Vida) da impress\u00e3o flexogr\u00e1fica - ProjetoPack<\/title>\n<meta name=\"description\" content=\"Confira o melhor conte\u00fado sobre tecnologia, design e gest\u00e3o de embalagens flex\u00edveis, r\u00f3tulos e impress\u00e3o.\" \/>\n<meta name=\"robots\" content=\"index, follow, max-snippet:-1, max-image-preview:large, max-video-preview:-1\" \/>\n<link rel=\"canonical\" href=\"https:\/\/projetopack.com.br\/en\/dupont-cyrel-solutions-lanca-estudo-de-acv-analise-de-ciclo-de-vida-da-impressao-flexografica\/\" \/>\n<meta property=\"og:locale\" content=\"en_US\" \/>\n<meta property=\"og:type\" content=\"article\" \/>\n<meta property=\"og:title\" content=\"DuPont\u2122 Cyrel\u00ae Solutions lan\u00e7a estudo de ACV (An\u00e1lise de Ciclo de Vida) da impress\u00e3o flexogr\u00e1fica\" \/>\n<meta property=\"og:description\" content=\"Confira o melhor conte\u00fado sobre tecnologia, design e gest\u00e3o de embalagens flex\u00edveis, r\u00f3tulos e impress\u00e3o.\" \/>\n<meta property=\"og:url\" content=\"https:\/\/projetopack.com.br\/en\/dupont-cyrel-solutions-lanca-estudo-de-acv-analise-de-ciclo-de-vida-da-impressao-flexografica\/\" \/>\n<meta property=\"og:site_name\" content=\"ProjetoPack\" \/>\n<meta property=\"article:published_time\" content=\"2021-10-26T18:39:16+00:00\" \/>\n<meta property=\"og:image\" content=\"https:\/\/projetopack.com.br\/wp-content\/uploads\/2021\/10\/image010.jpg\" \/>\n\t<meta property=\"og:image:width\" content=\"339\" \/>\n\t<meta property=\"og:image:height\" content=\"339\" \/>\n\t<meta property=\"og:image:type\" content=\"image\/jpeg\" \/>\n<meta name=\"author\" content=\"Andrea\" \/>\n<meta name=\"twitter:card\" content=\"summary_large_image\" \/>\n<meta name=\"twitter:creator\" content=\"@ProjetoPack\" \/>\n<meta name=\"twitter:site\" content=\"@ProjetoPack\" \/>\n<meta name=\"twitter:label1\" content=\"Written by\" \/>\n\t<meta name=\"twitter:data1\" content=\"Andrea\" \/>\n\t<meta name=\"twitter:label2\" content=\"Est. reading time\" \/>\n\t<meta name=\"twitter:data2\" content=\"2 minutes\" \/>\n<script type=\"application\/ld+json\" class=\"yoast-schema-graph\">{\"@context\":\"https:\/\/schema.org\",\"@graph\":[{\"@type\":\"Article\",\"@id\":\"https:\/\/projetopack.com.br\/dupont-cyrel-solutions-lanca-estudo-de-acv-analise-de-ciclo-de-vida-da-impressao-flexografica\/#article\",\"isPartOf\":{\"@id\":\"https:\/\/projetopack.com.br\/dupont-cyrel-solutions-lanca-estudo-de-acv-analise-de-ciclo-de-vida-da-impressao-flexografica\/\"},\"author\":{\"name\":\"Andrea\",\"@id\":\"https:\/\/projetopack.com.br\/#\/schema\/person\/d17c72a4bc2b7e461496dd8a14d4cef1\"},\"headline\":\"DuPont\u2122 Cyrel\u00ae Solutions lan\u00e7a estudo de ACV (An\u00e1lise de Ciclo de Vida) da impress\u00e3o flexogr\u00e1fica\",\"datePublished\":\"2021-10-26T18:39:16+00:00\",\"mainEntityOfPage\":{\"@id\":\"https:\/\/projetopack.com.br\/dupont-cyrel-solutions-lanca-estudo-de-acv-analise-de-ciclo-de-vida-da-impressao-flexografica\/\"},\"wordCount\":430,\"commentCount\":0,\"publisher\":{\"@id\":\"https:\/\/projetopack.com.br\/#organization\"},\"image\":{\"@id\":\"https:\/\/projetopack.com.br\/dupont-cyrel-solutions-lanca-estudo-de-acv-analise-de-ciclo-de-vida-da-impressao-flexografica\/#primaryimage\"},\"thumbnailUrl\":\"https:\/\/projetopack.com.br\/wp-content\/uploads\/2021\/10\/image010.jpg\",\"articleSection\":[\"Eventos\"],\"inLanguage\":\"en-US\",\"potentialAction\":[{\"@type\":\"CommentAction\",\"name\":\"Comment\",\"target\":[\"https:\/\/projetopack.com.br\/dupont-cyrel-solutions-lanca-estudo-de-acv-analise-de-ciclo-de-vida-da-impressao-flexografica\/#respond\"]}]},{\"@type\":\"WebPage\",\"@id\":\"https:\/\/projetopack.com.br\/dupont-cyrel-solutions-lanca-estudo-de-acv-analise-de-ciclo-de-vida-da-impressao-flexografica\/\",\"url\":\"https:\/\/projetopack.com.br\/dupont-cyrel-solutions-lanca-estudo-de-acv-analise-de-ciclo-de-vida-da-impressao-flexografica\/\",\"name\":\"DuPont\u2122 Cyrel\u00ae Solutions lan\u00e7a estudo de ACV (An\u00e1lise de Ciclo de Vida) da impress\u00e3o flexogr\u00e1fica - ProjetoPack\",\"isPartOf\":{\"@id\":\"https:\/\/projetopack.com.br\/#website\"},\"primaryImageOfPage\":{\"@id\":\"https:\/\/projetopack.com.br\/dupont-cyrel-solutions-lanca-estudo-de-acv-analise-de-ciclo-de-vida-da-impressao-flexografica\/#primaryimage\"},\"image\":{\"@id\":\"https:\/\/projetopack.com.br\/dupont-cyrel-solutions-lanca-estudo-de-acv-analise-de-ciclo-de-vida-da-impressao-flexografica\/#primaryimage\"},\"thumbnailUrl\":\"https:\/\/projetopack.com.br\/wp-content\/uploads\/2021\/10\/image010.jpg\",\"datePublished\":\"2021-10-26T18:39:16+00:00\",\"description\":\"Confira o melhor conte\u00fado sobre tecnologia, design e gest\u00e3o de embalagens flex\u00edveis, r\u00f3tulos e impress\u00e3o.\",\"breadcrumb\":{\"@id\":\"https:\/\/projetopack.com.br\/dupont-cyrel-solutions-lanca-estudo-de-acv-analise-de-ciclo-de-vida-da-impressao-flexografica\/#breadcrumb\"},\"inLanguage\":\"en-US\",\"potentialAction\":[{\"@type\":\"ReadAction\",\"target\":[\"https:\/\/projetopack.com.br\/dupont-cyrel-solutions-lanca-estudo-de-acv-analise-de-ciclo-de-vida-da-impressao-flexografica\/\"]}]},{\"@type\":\"ImageObject\",\"inLanguage\":\"en-US\",\"@id\":\"https:\/\/projetopack.com.br\/dupont-cyrel-solutions-lanca-estudo-de-acv-analise-de-ciclo-de-vida-da-impressao-flexografica\/#primaryimage\",\"url\":\"https:\/\/projetopack.com.br\/wp-content\/uploads\/2021\/10\/image010.jpg\",\"contentUrl\":\"https:\/\/projetopack.com.br\/wp-content\/uploads\/2021\/10\/image010.jpg\",\"width\":339,\"height\":339,\"caption\":\"forum sustentabilidade\"},{\"@type\":\"BreadcrumbList\",\"@id\":\"https:\/\/projetopack.com.br\/dupont-cyrel-solutions-lanca-estudo-de-acv-analise-de-ciclo-de-vida-da-impressao-flexografica\/#breadcrumb\",\"itemListElement\":[{\"@type\":\"ListItem\",\"position\":1,\"name\":\"P\u00e1gina Inicial\",\"item\":\"https:\/\/projetopack.com.br\/\"},{\"@type\":\"ListItem\",\"position\":2,\"name\":\"Eventos\",\"item\":\"https:\/\/projetopack.com.br\/category\/eventos\/\"},{\"@type\":\"ListItem\",\"position\":3,\"name\":\"DuPont\u2122 Cyrel\u00ae Solutions lan\u00e7a estudo de ACV (An\u00e1lise de Ciclo de Vida) da impress\u00e3o flexogr\u00e1fica\"}]},{\"@type\":\"WebSite\",\"@id\":\"https:\/\/projetopack.com.br\/#website\",\"url\":\"https:\/\/projetopack.com.br\/\",\"name\":\"ProjetoPack\",\"description\":\"Consultoria e servi\u00e7os para embalagens, r\u00f3tulos, etiquetas e processos de impress\u00e3o\",\"publisher\":{\"@id\":\"https:\/\/projetopack.com.br\/#organization\"},\"potentialAction\":[{\"@type\":\"SearchAction\",\"target\":{\"@type\":\"EntryPoint\",\"urlTemplate\":\"https:\/\/projetopack.com.br\/?s={search_term_string}\"},\"query-input\":{\"@type\":\"PropertyValueSpecification\",\"valueRequired\":true,\"valueName\":\"search_term_string\"}}],\"inLanguage\":\"en-US\"},{\"@type\":\"Organization\",\"@id\":\"https:\/\/projetopack.com.br\/#organization\",\"name\":\"ProjetoPack & Associados\",\"url\":\"https:\/\/projetopack.com.br\/\",\"logo\":{\"@type\":\"ImageObject\",\"inLanguage\":\"en-US\",\"@id\":\"https:\/\/projetopack.com.br\/#\/schema\/logo\/image\/\",\"url\":\"https:\/\/projetopack.com.br\/wp-content\/uploads\/2020\/09\/projetopack.png\",\"contentUrl\":\"https:\/\/projetopack.com.br\/wp-content\/uploads\/2020\/09\/projetopack.png\",\"width\":200,\"height\":200,\"caption\":\"ProjetoPack & Associados\"},\"image\":{\"@id\":\"https:\/\/projetopack.com.br\/#\/schema\/logo\/image\/\"},\"sameAs\":[\"https:\/\/x.com\/ProjetoPack\",\"https:\/\/www.linkedin.com\/company\/projetopack\/\"]},{\"@type\":\"Person\",\"@id\":\"https:\/\/projetopack.com.br\/#\/schema\/person\/d17c72a4bc2b7e461496dd8a14d4cef1\",\"name\":\"Andrea\",\"image\":{\"@type\":\"ImageObject\",\"inLanguage\":\"en-US\",\"@id\":\"https:\/\/projetopack.com.br\/#\/schema\/person\/image\/\",\"url\":\"https:\/\/projetopack.com.br\/wp-content\/uploads\/2026\/03\/eu-150x150.jpg\",\"contentUrl\":\"https:\/\/projetopack.com.br\/wp-content\/uploads\/2026\/03\/eu-150x150.jpg\",\"caption\":\"Andrea\"},\"url\":\"https:\/\/projetopack.com.br\/en\/author\/andrea\/\"}]}<\/script>\n<!-- \/ Yoast SEO Premium plugin. -->","yoast_head_json":{"title":"DuPont\u2122 Cyrel\u00ae Solutions lan\u00e7a estudo de ACV (An\u00e1lise de Ciclo de Vida) da impress\u00e3o flexogr\u00e1fica - ProjetoPack","description":"Confira o melhor conte\u00fado sobre tecnologia, design e gest\u00e3o de embalagens flex\u00edveis, r\u00f3tulos e impress\u00e3o.","robots":{"index":"index","follow":"follow","max-snippet":"max-snippet:-1","max-image-preview":"max-image-preview:large","max-video-preview":"max-video-preview:-1"},"canonical":"https:\/\/projetopack.com.br\/en\/dupont-cyrel-solutions-lanca-estudo-de-acv-analise-de-ciclo-de-vida-da-impressao-flexografica\/","og_locale":"en_US","og_type":"article","og_title":"DuPont\u2122 Cyrel\u00ae Solutions lan\u00e7a estudo de ACV (An\u00e1lise de Ciclo de Vida) da impress\u00e3o flexogr\u00e1fica","og_description":"Confira o melhor conte\u00fado sobre tecnologia, design e gest\u00e3o de embalagens flex\u00edveis, r\u00f3tulos e impress\u00e3o.","og_url":"https:\/\/projetopack.com.br\/en\/dupont-cyrel-solutions-lanca-estudo-de-acv-analise-de-ciclo-de-vida-da-impressao-flexografica\/","og_site_name":"ProjetoPack","article_published_time":"2021-10-26T18:39:16+00:00","og_image":[{"width":339,"height":339,"url":"https:\/\/projetopack.com.br\/wp-content\/uploads\/2021\/10\/image010.jpg","type":"image\/jpeg"}],"author":"Andrea","twitter_card":"summary_large_image","twitter_creator":"@ProjetoPack","twitter_site":"@ProjetoPack","twitter_misc":{"Written by":"Andrea","Est. reading time":"2 minutes"},"schema":{"@context":"https:\/\/schema.org","@graph":[{"@type":"Article","@id":"https:\/\/projetopack.com.br\/dupont-cyrel-solutions-lanca-estudo-de-acv-analise-de-ciclo-de-vida-da-impressao-flexografica\/#article","isPartOf":{"@id":"https:\/\/projetopack.com.br\/dupont-cyrel-solutions-lanca-estudo-de-acv-analise-de-ciclo-de-vida-da-impressao-flexografica\/"},"author":{"name":"Andrea","@id":"https:\/\/projetopack.com.br\/#\/schema\/person\/d17c72a4bc2b7e461496dd8a14d4cef1"},"headline":"DuPont\u2122 Cyrel\u00ae Solutions lan\u00e7a estudo de ACV (An\u00e1lise de Ciclo de Vida) da impress\u00e3o flexogr\u00e1fica","datePublished":"2021-10-26T18:39:16+00:00","mainEntityOfPage":{"@id":"https:\/\/projetopack.com.br\/dupont-cyrel-solutions-lanca-estudo-de-acv-analise-de-ciclo-de-vida-da-impressao-flexografica\/"},"wordCount":430,"commentCount":0,"publisher":{"@id":"https:\/\/projetopack.com.br\/#organization"},"image":{"@id":"https:\/\/projetopack.com.br\/dupont-cyrel-solutions-lanca-estudo-de-acv-analise-de-ciclo-de-vida-da-impressao-flexografica\/#primaryimage"},"thumbnailUrl":"https:\/\/projetopack.com.br\/wp-content\/uploads\/2021\/10\/image010.jpg","articleSection":["Eventos"],"inLanguage":"en-US","potentialAction":[{"@type":"CommentAction","name":"Comment","target":["https:\/\/projetopack.com.br\/dupont-cyrel-solutions-lanca-estudo-de-acv-analise-de-ciclo-de-vida-da-impressao-flexografica\/#respond"]}]},{"@type":"WebPage","@id":"https:\/\/projetopack.com.br\/dupont-cyrel-solutions-lanca-estudo-de-acv-analise-de-ciclo-de-vida-da-impressao-flexografica\/","url":"https:\/\/projetopack.com.br\/dupont-cyrel-solutions-lanca-estudo-de-acv-analise-de-ciclo-de-vida-da-impressao-flexografica\/","name":"DuPont\u2122 Cyrel\u00ae Solutions lan\u00e7a estudo de ACV (An\u00e1lise de Ciclo de Vida) da impress\u00e3o flexogr\u00e1fica - ProjetoPack","isPartOf":{"@id":"https:\/\/projetopack.com.br\/#website"},"primaryImageOfPage":{"@id":"https:\/\/projetopack.com.br\/dupont-cyrel-solutions-lanca-estudo-de-acv-analise-de-ciclo-de-vida-da-impressao-flexografica\/#primaryimage"},"image":{"@id":"https:\/\/projetopack.com.br\/dupont-cyrel-solutions-lanca-estudo-de-acv-analise-de-ciclo-de-vida-da-impressao-flexografica\/#primaryimage"},"thumbnailUrl":"https:\/\/projetopack.com.br\/wp-content\/uploads\/2021\/10\/image010.jpg","datePublished":"2021-10-26T18:39:16+00:00","description":"Confira o melhor conte\u00fado sobre tecnologia, design e gest\u00e3o de embalagens flex\u00edveis, r\u00f3tulos e impress\u00e3o.","breadcrumb":{"@id":"https:\/\/projetopack.com.br\/dupont-cyrel-solutions-lanca-estudo-de-acv-analise-de-ciclo-de-vida-da-impressao-flexografica\/#breadcrumb"},"inLanguage":"en-US","potentialAction":[{"@type":"ReadAction","target":["https:\/\/projetopack.com.br\/dupont-cyrel-solutions-lanca-estudo-de-acv-analise-de-ciclo-de-vida-da-impressao-flexografica\/"]}]},{"@type":"ImageObject","inLanguage":"en-US","@id":"https:\/\/projetopack.com.br\/dupont-cyrel-solutions-lanca-estudo-de-acv-analise-de-ciclo-de-vida-da-impressao-flexografica\/#primaryimage","url":"https:\/\/projetopack.com.br\/wp-content\/uploads\/2021\/10\/image010.jpg","contentUrl":"https:\/\/projetopack.com.br\/wp-content\/uploads\/2021\/10\/image010.jpg","width":339,"height":339,"caption":"forum sustentabilidade"},{"@type":"BreadcrumbList","@id":"https:\/\/projetopack.com.br\/dupont-cyrel-solutions-lanca-estudo-de-acv-analise-de-ciclo-de-vida-da-impressao-flexografica\/#breadcrumb","itemListElement":[{"@type":"ListItem","position":1,"name":"P\u00e1gina Inicial","item":"https:\/\/projetopack.com.br\/"},{"@type":"ListItem","position":2,"name":"Eventos","item":"https:\/\/projetopack.com.br\/category\/eventos\/"},{"@type":"ListItem","position":3,"name":"DuPont\u2122 Cyrel\u00ae Solutions lan\u00e7a estudo de ACV (An\u00e1lise de Ciclo de Vida) da impress\u00e3o flexogr\u00e1fica"}]},{"@type":"WebSite","@id":"https:\/\/projetopack.com.br\/#website","url":"https:\/\/projetopack.com.br\/","name":"ProjetoPack","description":"Consultoria e servi\u00e7os para embalagens, r\u00f3tulos, etiquetas e processos de impress\u00e3o","publisher":{"@id":"https:\/\/projetopack.com.br\/#organization"},"potentialAction":[{"@type":"SearchAction","target":{"@type":"EntryPoint","urlTemplate":"https:\/\/projetopack.com.br\/?s={search_term_string}"},"query-input":{"@type":"PropertyValueSpecification","valueRequired":true,"valueName":"search_term_string"}}],"inLanguage":"en-US"},{"@type":"Organization","@id":"https:\/\/projetopack.com.br\/#organization","name":"ProjetoPack & Associados","url":"https:\/\/projetopack.com.br\/","logo":{"@type":"ImageObject","inLanguage":"en-US","@id":"https:\/\/projetopack.com.br\/#\/schema\/logo\/image\/","url":"https:\/\/projetopack.com.br\/wp-content\/uploads\/2020\/09\/projetopack.png","contentUrl":"https:\/\/projetopack.com.br\/wp-content\/uploads\/2020\/09\/projetopack.png","width":200,"height":200,"caption":"ProjetoPack & Associados"},"image":{"@id":"https:\/\/projetopack.com.br\/#\/schema\/logo\/image\/"},"sameAs":["https:\/\/x.com\/ProjetoPack","https:\/\/www.linkedin.com\/company\/projetopack\/"]},{"@type":"Person","@id":"https:\/\/projetopack.com.br\/#\/schema\/person\/d17c72a4bc2b7e461496dd8a14d4cef1","name":"Andrea","image":{"@type":"ImageObject","inLanguage":"en-US","@id":"https:\/\/projetopack.com.br\/#\/schema\/person\/image\/","url":"https:\/\/projetopack.com.br\/wp-content\/uploads\/2026\/03\/eu-150x150.jpg","contentUrl":"https:\/\/projetopack.com.br\/wp-content\/uploads\/2026\/03\/eu-150x150.jpg","caption":"Andrea"},"url":"https:\/\/projetopack.com.br\/en\/author\/andrea\/"}]}},"_links":{"self":[{"href":"https:\/\/projetopack.com.br\/en\/wp-json\/wp\/v2\/posts\/15167","targetHints":{"allow":["GET"]}}],"collection":[{"href":"https:\/\/projetopack.com.br\/en\/wp-json\/wp\/v2\/posts"}],"about":[{"href":"https:\/\/projetopack.com.br\/en\/wp-json\/wp\/v2\/types\/post"}],"author":[{"embeddable":true,"href":"https:\/\/projetopack.com.br\/en\/wp-json\/wp\/v2\/users\/18"}],"replies":[{"embeddable":true,"href":"https:\/\/projetopack.com.br\/en\/wp-json\/wp\/v2\/comments?post=15167"}],"version-history":[{"count":0,"href":"https:\/\/projetopack.com.br\/en\/wp-json\/wp\/v2\/posts\/15167\/revisions"}],"wp:featuredmedia":[{"embeddable":true,"href":"https:\/\/projetopack.com.br\/en\/wp-json\/wp\/v2\/media\/15180"}],"wp:attachment":[{"href":"https:\/\/projetopack.com.br\/en\/wp-json\/wp\/v2\/media?parent=15167"}],"wp:term":[{"taxonomy":"category","embeddable":true,"href":"https:\/\/projetopack.com.br\/en\/wp-json\/wp\/v2\/categories?post=15167"},{"taxonomy":"post_tag","embeddable":true,"href":"https:\/\/projetopack.com.br\/en\/wp-json\/wp\/v2\/tags?post=15167"}],"curies":[{"name":"wp","href":"https:\/\/api.w.org\/{rel}","templated":true}]}}