{"id":1560,"date":"2016-05-19T17:33:04","date_gmt":"2016-05-19T20:33:04","guid":{"rendered":"http:\/\/projetopack.com.br\/?p=1560"},"modified":"2021-09-09T12:15:39","modified_gmt":"2021-09-09T15:15:39","slug":"spgprints-participa-da-label-summit-2016-e-alavanca-novos-negocios-na-america-latina","status":"publish","type":"post","link":"https:\/\/projetopack.com.br\/en\/spgprints-participa-da-label-summit-2016-e-alavanca-novos-negocios-na-america-latina\/","title":{"rendered":"SPGPrints participa da Label Summit 2016 e alavanca novos neg\u00f3cios na Am\u00e9rica Latina"},"content":{"rendered":"<p><strong>Piracicaba, maio de 2016 &#8211; <\/strong>A SPGPrints Brasil &#8211; anteriormente conhecida como Stork Prints -, l\u00edder mundial no segmento gr\u00e1fico, participou no final do m\u00eas da 13\u00aa edi\u00e7\u00e3o Label Summit Latin America. A empresa apresentou durante o evento suas principais solu\u00e7\u00f5es digitais e convencionais para o setor e ainda alavancou novos neg\u00f3cios na Regi\u00e3o, que podem chegar a mais de R$ 1 milh\u00e3o em vendas, consolidando seu posicionamento na Am\u00e9rica Latina.<\/p>\n<p>\u201c<em>A nossa participa\u00e7\u00e3o na Label Summit foi muito positiva, n\u00e3o s\u00f3 porque encontramos com nossos clientes, conhecemos novos e estabelecemos novas parcerias na Am\u00e9rica Latina, mas tamb\u00e9m porque pudemos trocar informa\u00e7\u00f5es t\u00e9cnicas e de tend\u00eancias do nosso mercado com as empresas do segmento nas plen\u00e1rias em que estivemos presentes. Estamos consolidando a posi\u00e7\u00e3o da SPGPrints na Regi\u00e3o<\/em>\u201d, destacou Marco Sales, Gerente de Vendas da SPGPrints. No evento, a companhia levou aos visitantes, solu\u00e7\u00f5es digitais e convencionais como a VariLEX e DSI Inkjet.<\/p>\n<p>Considerado um dos eventos mais importantes do segmento, a Label Summit, destinada aos profissionais do mercado, incluindo os segmentos de impressoras, etiqueta e designers de embalagem, contou com a participa\u00e7\u00e3o de mais de 80 empresas internacionais e 621 participantes, em dois dias de exposi\u00e7\u00e3o e workshops.<\/p>\n<p><strong>Solu\u00e7\u00f5es \u2013 <\/strong>Entre as solu\u00e7\u00f5es que a SPGPrints levou para a Label Summit 2016 est\u00e3o a VariLEX, solu\u00e7\u00e3o CTP Multifuncional para tecnologia LAM (M\u00e1scara Negra) e\/ou exposi\u00e7\u00e3o UV, com sistema de software RIP incluso, com alta qualidade na produ\u00e7\u00e3o de r\u00f3tulos e etiquetas, que tem como principais caracter\u00edsticas a versatilidade e tecnologia; e o DSI Inkjet, que \u00e9 um sistema totalmente integrado com alta qualidade de impress\u00e3o, com excelente custo operacional, sistema modular h\u00edbrido, flexibilidade de substrato, tinta produzida pela SPGPrints, de f\u00e1cil opera\u00e7\u00e3o, n\u00e3o necessita de pr\u00e9-tratamento do substrato e \u00fanico com sistema do primer aplicado em linha.<\/p>\n<p><strong>Sobre a SPGPrints \u2013 <\/strong>A SPGPrints \u00e9 uma empresa l\u00edder mundial do mercado em impress\u00e3o gr\u00e1fica e t\u00eaxtil. Disponibiliza solu\u00e7\u00f5es completas para sistemas de impress\u00e3o rotativa e digital, nos setores gr\u00e1fico e t\u00eaxtil com equipamentos, cilindros, emuls\u00f5es, servi\u00e7os de grava\u00e7\u00e3o, software, pe\u00e7as de reposi\u00e7\u00e3o, assist\u00eancia t\u00e9cnica, engenharia de aplica\u00e7\u00e3o e tintas digitais. Por ser especialista em galvanoplastia, implica em que al\u00e9m de uma tecnologia altamente confi\u00e1vel, possui um extenso programa de produtos de metal de precis\u00e3o.<\/p>","protected":false},"excerpt":{"rendered":"<p>Piracicaba, maio de 2016 &#8211; A SPGPrints Brasil &#8211; anteriormente conhecida como Stork Prints -, l\u00edder mundial no segmento gr\u00e1fico, participou no final do m\u00eas da 13\u00aa edi\u00e7\u00e3o Label Summit Latin America. A empresa apresentou durante o evento suas principais solu\u00e7\u00f5es digitais e convencionais para o setor e ainda alavancou novos neg\u00f3cios na Regi\u00e3o, que [&hellip;]<\/p>\n","protected":false},"author":2,"featured_media":0,"comment_status":"closed","ping_status":"closed","sticky":false,"template":"","format":"standard","meta":{"footnotes":""},"categories":[877],"tags":[],"class_list":["post-1560","post","type-post","status-publish","format-standard","hentry","category-arquivo"],"yoast_head":"<!-- This site is optimized with the Yoast SEO Premium plugin v27.1 (Yoast SEO v27.1.1) - https:\/\/yoast.com\/product\/yoast-seo-premium-wordpress\/ -->\n<title>SPGPrints participa da Label Summit 2016 e alavanca novos neg\u00f3cios na Am\u00e9rica Latina - ProjetoPack<\/title>\n<meta name=\"description\" content=\"A SPGPrints Brasil - anteriormente conhecida como Stork Prints -, l\u00edder mundial no segmento gr\u00e1fico, participou no final do m\u00eas da 13\u00aa edi\u00e7\u00e3o Label Summit Latin America.\" \/>\n<meta name=\"robots\" content=\"index, follow, max-snippet:-1, max-image-preview:large, max-video-preview:-1\" \/>\n<link rel=\"canonical\" href=\"https:\/\/projetopack.com.br\/en\/spgprints-participa-da-label-summit-2016-e-alavanca-novos-negocios-na-america-latina\/\" \/>\n<meta property=\"og:locale\" content=\"en_US\" \/>\n<meta property=\"og:type\" content=\"article\" \/>\n<meta property=\"og:title\" content=\"SPGPrints participa da Label Summit 2016 e alavanca novos neg\u00f3cios na Am\u00e9rica Latina\" \/>\n<meta property=\"og:description\" content=\"A SPGPrints Brasil - anteriormente conhecida como Stork Prints -, l\u00edder mundial no segmento gr\u00e1fico, participou no final do m\u00eas da 13\u00aa edi\u00e7\u00e3o Label Summit Latin America.\" \/>\n<meta property=\"og:url\" content=\"https:\/\/projetopack.com.br\/en\/spgprints-participa-da-label-summit-2016-e-alavanca-novos-negocios-na-america-latina\/\" \/>\n<meta property=\"og:site_name\" content=\"ProjetoPack\" \/>\n<meta property=\"article:published_time\" content=\"2016-05-19T20:33:04+00:00\" \/>\n<meta property=\"article:modified_time\" content=\"2021-09-09T15:15:39+00:00\" \/>\n<meta property=\"og:image\" content=\"https:\/\/projetopack.com.br\/wp-content\/uploads\/2020\/06\/Capa-1200x630-1.png\" \/>\n\t<meta property=\"og:image:width\" content=\"1200\" \/>\n\t<meta property=\"og:image:height\" content=\"630\" \/>\n\t<meta property=\"og:image:type\" content=\"image\/png\" \/>\n<meta name=\"author\" content=\"Aislan Baer\" \/>\n<meta name=\"twitter:card\" content=\"summary_large_image\" \/>\n<meta name=\"twitter:creator\" content=\"@ProjetoPack\" \/>\n<meta name=\"twitter:site\" content=\"@ProjetoPack\" \/>\n<meta name=\"twitter:label1\" content=\"Written by\" \/>\n\t<meta name=\"twitter:data1\" content=\"Aislan Baer\" \/>\n\t<meta name=\"twitter:label2\" content=\"Est. reading time\" \/>\n\t<meta name=\"twitter:data2\" content=\"2 minutes\" \/>\n<script type=\"application\/ld+json\" class=\"yoast-schema-graph\">{\"@context\":\"https:\/\/schema.org\",\"@graph\":[{\"@type\":\"Article\",\"@id\":\"https:\/\/projetopack.com.br\/en\/spgprints-participa-da-label-summit-2016-e-alavanca-novos-negocios-na-america-latina\/#article\",\"isPartOf\":{\"@id\":\"https:\/\/projetopack.com.br\/en\/spgprints-participa-da-label-summit-2016-e-alavanca-novos-negocios-na-america-latina\/\"},\"author\":{\"name\":\"Aislan Baer\",\"@id\":\"https:\/\/projetopack.com.br\/#\/schema\/person\/87cbd7d1e244880886d457815ebd2490\"},\"headline\":\"SPGPrints participa da Label Summit 2016 e alavanca novos neg\u00f3cios na Am\u00e9rica Latina\",\"datePublished\":\"2016-05-19T20:33:04+00:00\",\"dateModified\":\"2021-09-09T15:15:39+00:00\",\"mainEntityOfPage\":{\"@id\":\"https:\/\/projetopack.com.br\/en\/spgprints-participa-da-label-summit-2016-e-alavanca-novos-negocios-na-america-latina\/\"},\"wordCount\":435,\"publisher\":{\"@id\":\"https:\/\/projetopack.com.br\/#organization\"},\"articleSection\":[\"Arquivo\"],\"inLanguage\":\"en-US\"},{\"@type\":\"WebPage\",\"@id\":\"https:\/\/projetopack.com.br\/en\/spgprints-participa-da-label-summit-2016-e-alavanca-novos-negocios-na-america-latina\/\",\"url\":\"https:\/\/projetopack.com.br\/en\/spgprints-participa-da-label-summit-2016-e-alavanca-novos-negocios-na-america-latina\/\",\"name\":\"SPGPrints participa da Label Summit 2016 e alavanca novos neg\u00f3cios na Am\u00e9rica Latina - ProjetoPack\",\"isPartOf\":{\"@id\":\"https:\/\/projetopack.com.br\/#website\"},\"datePublished\":\"2016-05-19T20:33:04+00:00\",\"dateModified\":\"2021-09-09T15:15:39+00:00\",\"description\":\"A SPGPrints Brasil - anteriormente conhecida como Stork Prints -, l\u00edder mundial no segmento gr\u00e1fico, participou no final do m\u00eas da 13\u00aa edi\u00e7\u00e3o Label Summit Latin America.\",\"breadcrumb\":{\"@id\":\"https:\/\/projetopack.com.br\/en\/spgprints-participa-da-label-summit-2016-e-alavanca-novos-negocios-na-america-latina\/#breadcrumb\"},\"inLanguage\":\"en-US\",\"potentialAction\":[{\"@type\":\"ReadAction\",\"target\":[\"https:\/\/projetopack.com.br\/en\/spgprints-participa-da-label-summit-2016-e-alavanca-novos-negocios-na-america-latina\/\"]}]},{\"@type\":\"BreadcrumbList\",\"@id\":\"https:\/\/projetopack.com.br\/en\/spgprints-participa-da-label-summit-2016-e-alavanca-novos-negocios-na-america-latina\/#breadcrumb\",\"itemListElement\":[{\"@type\":\"ListItem\",\"position\":1,\"name\":\"P\u00e1gina Inicial\",\"item\":\"https:\/\/projetopack.com.br\/\"},{\"@type\":\"ListItem\",\"position\":2,\"name\":\"Arquivo\",\"item\":\"https:\/\/projetopack.com.br\/en\/category\/arquivo\/\"},{\"@type\":\"ListItem\",\"position\":3,\"name\":\"SPGPrints participa da Label Summit 2016 e alavanca novos neg\u00f3cios na Am\u00e9rica Latina\"}]},{\"@type\":\"WebSite\",\"@id\":\"https:\/\/projetopack.com.br\/#website\",\"url\":\"https:\/\/projetopack.com.br\/\",\"name\":\"ProjetoPack\",\"description\":\"Consultoria e servi\u00e7os para embalagens, r\u00f3tulos, etiquetas e processos de impress\u00e3o\",\"publisher\":{\"@id\":\"https:\/\/projetopack.com.br\/#organization\"},\"potentialAction\":[{\"@type\":\"SearchAction\",\"target\":{\"@type\":\"EntryPoint\",\"urlTemplate\":\"https:\/\/projetopack.com.br\/?s={search_term_string}\"},\"query-input\":{\"@type\":\"PropertyValueSpecification\",\"valueRequired\":true,\"valueName\":\"search_term_string\"}}],\"inLanguage\":\"en-US\"},{\"@type\":\"Organization\",\"@id\":\"https:\/\/projetopack.com.br\/#organization\",\"name\":\"ProjetoPack & Associados\",\"url\":\"https:\/\/projetopack.com.br\/\",\"logo\":{\"@type\":\"ImageObject\",\"inLanguage\":\"en-US\",\"@id\":\"https:\/\/projetopack.com.br\/#\/schema\/logo\/image\/\",\"url\":\"https:\/\/projetopack.com.br\/wp-content\/uploads\/2020\/09\/projetopack.png\",\"contentUrl\":\"https:\/\/projetopack.com.br\/wp-content\/uploads\/2020\/09\/projetopack.png\",\"width\":200,\"height\":200,\"caption\":\"ProjetoPack & Associados\"},\"image\":{\"@id\":\"https:\/\/projetopack.com.br\/#\/schema\/logo\/image\/\"},\"sameAs\":[\"https:\/\/x.com\/ProjetoPack\",\"https:\/\/www.linkedin.com\/company\/projetopack\/\"]},{\"@type\":\"Person\",\"@id\":\"https:\/\/projetopack.com.br\/#\/schema\/person\/87cbd7d1e244880886d457815ebd2490\",\"name\":\"Aislan Baer\",\"image\":{\"@type\":\"ImageObject\",\"inLanguage\":\"en-US\",\"@id\":\"https:\/\/projetopack.com.br\/#\/schema\/person\/image\/\",\"url\":\"https:\/\/projetopack.com.br\/wp-content\/uploads\/2021\/08\/Aislan-Busto-p-100x100.jpg\",\"contentUrl\":\"https:\/\/projetopack.com.br\/wp-content\/uploads\/2021\/08\/Aislan-Busto-p-100x100.jpg\",\"caption\":\"Aislan Baer\"},\"description\":\"Desde os \u00faltimos 20 anos, meu time e eu ajudamos mais de 300 empresas brasileiras e estrangeiras (algumas delas, l\u00edderes mundiais) a produzir embalagens flex\u00edveis e r\u00f3tulos com maior efici\u00eancia, menores custos e maior apelo visual, bem como centenas de donos de marcas a comprar suas embalagens flex\u00edveis e material impresso com um crit\u00e9rio mais t\u00e9cnico e assertivo. Ao mesmo tempo, gra\u00e7as \u00e0 nossa consultoria, muitas destas empresas melhoraram significativamente o seu processo de Impress\u00e3o (Impress\u00e3o de embalagens, Impress\u00e3o industrial, Impress\u00e3o funcional e, mais recentemente, bio impress\u00e3o e manufatura aditiva ou simplesmente Impress\u00e3o 3D). Se a sua empresa tem um problema relacionado a embalagens flex\u00edveis, r\u00f3tulos ou Impress\u00e3o, por mais insol\u00favel que lhe pare\u00e7a, aguardamos ansiosos a sua liga\u00e7\u00e3o ou e-mail. Este \u00e9 nosso trabalho e tamb\u00e9m a nossa paix\u00e3o.\",\"sameAs\":[\"http:\/\/www.projetopack.com\",\"https:\/\/www.linkedin.com\/in\/aislanbaer\/\"],\"jobTitle\":\"CEO @ ProjetoPack | L\u00edder em M&A no Setor de Impress\u00e3o e Embalagens no Brasil | Cofundador da Inovagraf e Neuraflow | Especialista em Inova\u00e7\u00e3o com IA na Impress\u00e3o | Printing Legacy Initiative | Empreendedor Serial\",\"url\":\"https:\/\/projetopack.com.br\/en\/author\/aislan\/\"}]}<\/script>\n<!-- \/ Yoast SEO Premium plugin. -->","yoast_head_json":{"title":"SPGPrints participa da Label Summit 2016 e alavanca novos neg\u00f3cios na Am\u00e9rica Latina - ProjetoPack","description":"A SPGPrints Brasil - anteriormente conhecida como Stork Prints -, l\u00edder mundial no segmento gr\u00e1fico, participou no final do m\u00eas da 13\u00aa edi\u00e7\u00e3o Label Summit Latin America.","robots":{"index":"index","follow":"follow","max-snippet":"max-snippet:-1","max-image-preview":"max-image-preview:large","max-video-preview":"max-video-preview:-1"},"canonical":"https:\/\/projetopack.com.br\/en\/spgprints-participa-da-label-summit-2016-e-alavanca-novos-negocios-na-america-latina\/","og_locale":"en_US","og_type":"article","og_title":"SPGPrints participa da Label Summit 2016 e alavanca novos neg\u00f3cios na Am\u00e9rica Latina","og_description":"A SPGPrints Brasil - anteriormente conhecida como Stork Prints -, l\u00edder mundial no segmento gr\u00e1fico, participou no final do m\u00eas da 13\u00aa edi\u00e7\u00e3o Label Summit Latin America.","og_url":"https:\/\/projetopack.com.br\/en\/spgprints-participa-da-label-summit-2016-e-alavanca-novos-negocios-na-america-latina\/","og_site_name":"ProjetoPack","article_published_time":"2016-05-19T20:33:04+00:00","article_modified_time":"2021-09-09T15:15:39+00:00","og_image":[{"width":1200,"height":630,"url":"https:\/\/projetopack.com.br\/wp-content\/uploads\/2020\/06\/Capa-1200x630-1.png","type":"image\/png"}],"author":"Aislan Baer","twitter_card":"summary_large_image","twitter_creator":"@ProjetoPack","twitter_site":"@ProjetoPack","twitter_misc":{"Written by":"Aislan Baer","Est. reading time":"2 minutes"},"schema":{"@context":"https:\/\/schema.org","@graph":[{"@type":"Article","@id":"https:\/\/projetopack.com.br\/en\/spgprints-participa-da-label-summit-2016-e-alavanca-novos-negocios-na-america-latina\/#article","isPartOf":{"@id":"https:\/\/projetopack.com.br\/en\/spgprints-participa-da-label-summit-2016-e-alavanca-novos-negocios-na-america-latina\/"},"author":{"name":"Aislan Baer","@id":"https:\/\/projetopack.com.br\/#\/schema\/person\/87cbd7d1e244880886d457815ebd2490"},"headline":"SPGPrints participa da Label Summit 2016 e alavanca novos neg\u00f3cios na Am\u00e9rica Latina","datePublished":"2016-05-19T20:33:04+00:00","dateModified":"2021-09-09T15:15:39+00:00","mainEntityOfPage":{"@id":"https:\/\/projetopack.com.br\/en\/spgprints-participa-da-label-summit-2016-e-alavanca-novos-negocios-na-america-latina\/"},"wordCount":435,"publisher":{"@id":"https:\/\/projetopack.com.br\/#organization"},"articleSection":["Arquivo"],"inLanguage":"en-US"},{"@type":"WebPage","@id":"https:\/\/projetopack.com.br\/en\/spgprints-participa-da-label-summit-2016-e-alavanca-novos-negocios-na-america-latina\/","url":"https:\/\/projetopack.com.br\/en\/spgprints-participa-da-label-summit-2016-e-alavanca-novos-negocios-na-america-latina\/","name":"SPGPrints participa da Label Summit 2016 e alavanca novos neg\u00f3cios na Am\u00e9rica Latina - ProjetoPack","isPartOf":{"@id":"https:\/\/projetopack.com.br\/#website"},"datePublished":"2016-05-19T20:33:04+00:00","dateModified":"2021-09-09T15:15:39+00:00","description":"A SPGPrints Brasil - anteriormente conhecida como Stork Prints -, l\u00edder mundial no segmento gr\u00e1fico, participou no final do m\u00eas da 13\u00aa edi\u00e7\u00e3o Label Summit Latin America.","breadcrumb":{"@id":"https:\/\/projetopack.com.br\/en\/spgprints-participa-da-label-summit-2016-e-alavanca-novos-negocios-na-america-latina\/#breadcrumb"},"inLanguage":"en-US","potentialAction":[{"@type":"ReadAction","target":["https:\/\/projetopack.com.br\/en\/spgprints-participa-da-label-summit-2016-e-alavanca-novos-negocios-na-america-latina\/"]}]},{"@type":"BreadcrumbList","@id":"https:\/\/projetopack.com.br\/en\/spgprints-participa-da-label-summit-2016-e-alavanca-novos-negocios-na-america-latina\/#breadcrumb","itemListElement":[{"@type":"ListItem","position":1,"name":"P\u00e1gina Inicial","item":"https:\/\/projetopack.com.br\/"},{"@type":"ListItem","position":2,"name":"Arquivo","item":"https:\/\/projetopack.com.br\/en\/category\/arquivo\/"},{"@type":"ListItem","position":3,"name":"SPGPrints participa da Label Summit 2016 e alavanca novos neg\u00f3cios na Am\u00e9rica Latina"}]},{"@type":"WebSite","@id":"https:\/\/projetopack.com.br\/#website","url":"https:\/\/projetopack.com.br\/","name":"ProjetoPack","description":"Consultoria e servi\u00e7os para embalagens, r\u00f3tulos, etiquetas e processos de impress\u00e3o","publisher":{"@id":"https:\/\/projetopack.com.br\/#organization"},"potentialAction":[{"@type":"SearchAction","target":{"@type":"EntryPoint","urlTemplate":"https:\/\/projetopack.com.br\/?s={search_term_string}"},"query-input":{"@type":"PropertyValueSpecification","valueRequired":true,"valueName":"search_term_string"}}],"inLanguage":"en-US"},{"@type":"Organization","@id":"https:\/\/projetopack.com.br\/#organization","name":"ProjetoPack & Associados","url":"https:\/\/projetopack.com.br\/","logo":{"@type":"ImageObject","inLanguage":"en-US","@id":"https:\/\/projetopack.com.br\/#\/schema\/logo\/image\/","url":"https:\/\/projetopack.com.br\/wp-content\/uploads\/2020\/09\/projetopack.png","contentUrl":"https:\/\/projetopack.com.br\/wp-content\/uploads\/2020\/09\/projetopack.png","width":200,"height":200,"caption":"ProjetoPack & Associados"},"image":{"@id":"https:\/\/projetopack.com.br\/#\/schema\/logo\/image\/"},"sameAs":["https:\/\/x.com\/ProjetoPack","https:\/\/www.linkedin.com\/company\/projetopack\/"]},{"@type":"Person","@id":"https:\/\/projetopack.com.br\/#\/schema\/person\/87cbd7d1e244880886d457815ebd2490","name":"Aislan Baer","image":{"@type":"ImageObject","inLanguage":"en-US","@id":"https:\/\/projetopack.com.br\/#\/schema\/person\/image\/","url":"https:\/\/projetopack.com.br\/wp-content\/uploads\/2021\/08\/Aislan-Busto-p-100x100.jpg","contentUrl":"https:\/\/projetopack.com.br\/wp-content\/uploads\/2021\/08\/Aislan-Busto-p-100x100.jpg","caption":"Aislan Baer"},"description":"Desde os \u00faltimos 20 anos, meu time e eu ajudamos mais de 300 empresas brasileiras e estrangeiras (algumas delas, l\u00edderes mundiais) a produzir embalagens flex\u00edveis e r\u00f3tulos com maior efici\u00eancia, menores custos e maior apelo visual, bem como centenas de donos de marcas a comprar suas embalagens flex\u00edveis e material impresso com um crit\u00e9rio mais t\u00e9cnico e assertivo. Ao mesmo tempo, gra\u00e7as \u00e0 nossa consultoria, muitas destas empresas melhoraram significativamente o seu processo de Impress\u00e3o (Impress\u00e3o de embalagens, Impress\u00e3o industrial, Impress\u00e3o funcional e, mais recentemente, bio impress\u00e3o e manufatura aditiva ou simplesmente Impress\u00e3o 3D). Se a sua empresa tem um problema relacionado a embalagens flex\u00edveis, r\u00f3tulos ou Impress\u00e3o, por mais insol\u00favel que lhe pare\u00e7a, aguardamos ansiosos a sua liga\u00e7\u00e3o ou e-mail. Este \u00e9 nosso trabalho e tamb\u00e9m a nossa paix\u00e3o.","sameAs":["http:\/\/www.projetopack.com","https:\/\/www.linkedin.com\/in\/aislanbaer\/"],"jobTitle":"CEO @ ProjetoPack | L\u00edder em M&A no Setor de Impress\u00e3o e Embalagens no Brasil | Cofundador da Inovagraf e Neuraflow | Especialista em Inova\u00e7\u00e3o com IA na Impress\u00e3o | Printing Legacy Initiative | Empreendedor Serial","url":"https:\/\/projetopack.com.br\/en\/author\/aislan\/"}]}},"_links":{"self":[{"href":"https:\/\/projetopack.com.br\/en\/wp-json\/wp\/v2\/posts\/1560","targetHints":{"allow":["GET"]}}],"collection":[{"href":"https:\/\/projetopack.com.br\/en\/wp-json\/wp\/v2\/posts"}],"about":[{"href":"https:\/\/projetopack.com.br\/en\/wp-json\/wp\/v2\/types\/post"}],"author":[{"embeddable":true,"href":"https:\/\/projetopack.com.br\/en\/wp-json\/wp\/v2\/users\/2"}],"replies":[{"embeddable":true,"href":"https:\/\/projetopack.com.br\/en\/wp-json\/wp\/v2\/comments?post=1560"}],"version-history":[{"count":0,"href":"https:\/\/projetopack.com.br\/en\/wp-json\/wp\/v2\/posts\/1560\/revisions"}],"wp:attachment":[{"href":"https:\/\/projetopack.com.br\/en\/wp-json\/wp\/v2\/media?parent=1560"}],"wp:term":[{"taxonomy":"category","embeddable":true,"href":"https:\/\/projetopack.com.br\/en\/wp-json\/wp\/v2\/categories?post=1560"},{"taxonomy":"post_tag","embeddable":true,"href":"https:\/\/projetopack.com.br\/en\/wp-json\/wp\/v2\/tags?post=1560"}],"curies":[{"name":"wp","href":"https:\/\/api.w.org\/{rel}","templated":true}]}}