{"id":1748,"date":"2016-08-29T17:37:09","date_gmt":"2016-08-29T20:37:09","guid":{"rendered":"http:\/\/projetopack.com.br\/?p=1748"},"modified":"2021-09-09T12:35:48","modified_gmt":"2021-09-09T15:35:48","slug":"abflexo-e-afeigraf-anunciam-parceria-historica-para-o-mercado-de-impressao","status":"publish","type":"post","link":"https:\/\/projetopack.com.br\/en\/abflexo-e-afeigraf-anunciam-parceria-historica-para-o-mercado-de-impressao\/","title":{"rendered":"Abflexo e Afeigraf anunciam parceria para o mercado de impress\u00e3o"},"content":{"rendered":"<p>A Afeigraf (Associa\u00e7\u00e3o dos Agentes de Fornecedores de Equipamentos e Insumos para a Ind\u00fastria Gr\u00e1fica) e a Abflexo\/FTA-Brasil (Associa\u00e7\u00e3o Brasileira T\u00e9cnica de Flexografia) fazem um an\u00fancio hist\u00f3rico para a ind\u00fastria de impress\u00e3o da Am\u00e9rica Latina.<\/p>\n<p>A Abflexo anunciou a cria\u00e7\u00e3o da ConverExpo, feira internacional voltada para a Ind\u00fastria de Convers\u00e3o de Flex\u00edveis, Corrugados e R\u00f3tulos. Ela vai acontecer juntamente com a ExpoPrint Latin America, o maior evento de impress\u00e3o das Am\u00e9ricas.<\/p>\n<p>A parceria entre as duas feiras fortalece o setor de impress\u00e3o, consolidando o fato de que todos os segmentos de impress\u00e3o estar\u00e3o presentes na exposi\u00e7\u00e3o de 20 a 24 de mar\u00e7o de 2018, nos Pavilh\u00f5es Azul e Branco do Expo Center Norte, em S\u00e3o Paulo.<\/p>\n<p>Miguel Troccoli, presidente da Abflexo, destacou durante o jantar de lan\u00e7amento da feira em S\u00e3o Paulo: &#8220;A ExpoPrint tem um nome vinculado e consolidado como a maior feira da ind\u00fastria gr\u00e1fica das Am\u00e9ricas. A ExpoPrint \u00e9 composta por expositores de todos os segmentos de impress\u00e3o. Por\u00e9m, faltava uma voz mais forte em convers\u00e3o. Para a Abflexo, a parceria \u00e9 um dos acontecimentos mais importantes dos \u00faltimos 15 anos. Estar junto com a maior feira das Am\u00e9ricas e gerido pela empresa que melhor faz isso no Brasil, a APS Feiras, \u00e9 muito bom&#8221;.<\/p>\n<p><img fetchpriority=\"high\" decoding=\"async\" src=\"https:\/\/projetopack.com.br\/wp-content\/uploads\/2016\/08\/converexpo.jpg\" alt=\"converexpo\" class=\"alignnone size-full wp-image-1749\" width=\"1400\" height=\"1001\" srcset=\"https:\/\/projetopack.com.br\/wp-content\/uploads\/2016\/08\/converexpo.jpg 1400w, https:\/\/projetopack.com.br\/wp-content\/uploads\/2016\/08\/converexpo-300x215.jpg 300w, https:\/\/projetopack.com.br\/wp-content\/uploads\/2016\/08\/converexpo-600x429.jpg 600w, https:\/\/projetopack.com.br\/wp-content\/uploads\/2016\/08\/converexpo-1024x732.jpg 1024w\" sizes=\"(max-width: 1400px) 100vw, 1400px\" \/><\/p>\n<p>O presidente da Afeigraf, Eduardo Sousa, enxerga na jun\u00e7\u00e3o de for\u00e7as a consolida\u00e7\u00e3o da ExpoPrint, feira realizada pela associa\u00e7\u00e3o: &#8220;Em 2014, comprovamos que a ExpoPrint Latin America \u00e9 o maior evento de impress\u00e3o das Am\u00e9ricas. Agora, com a ConverExpo conosco, temos a certeza de que oferecemos todas as solu\u00e7\u00f5es poss\u00edveis dentro da cadeia de impress\u00e3o, seja qual for o segmento. Se \u00e9 impress\u00e3o, estar\u00e1 na ExpoPrint&#8221;.<\/p>\n<p>A ConverExpo vem, desta forma, atender a uma antiga demanda do setor de embalagem que desejava por uma feira forte, com p\u00fablico qualificado e que fosse de fato uma grande reuni\u00e3o do mercado. &#8220;Escolhemos o nome ConverExpo pois ele \u00e9 abrangente. \u00c9 preciso salientar que a feira n\u00e3o abrange somente os processos de impress\u00e3o, e sim toda a cadeia de convers\u00e3o. Isso faz com que empresas enxerguem a feira como o local ideal de exposi\u00e7\u00e3o, trazendo novos clientes para o evento&#8221;, frisa Troccoli.<\/p>\n<p>A mesma vis\u00e3o tem Eduardo Sousa: &#8220;Com a presen\u00e7a da ConverExpo, abre-se um novo p\u00fablico dentro da ExpoPrint. Nossos expositores ter\u00e3o uma oportunidade ainda maior de apresentar suas solu\u00e7\u00f5es a mais empres\u00e1rios. Por outro lado, o visitante ter\u00e1 uma gama ampliada de empresas participantes, podendo conhecer a inova\u00e7\u00e3o em seu segmento e vislumbrando as possibilidades de outros setores da impress\u00e3o, tendo um panorama completo da ind\u00fastria&#8221;.<\/p>\n<p>A ExpoPrint Latin America e a ConverExpo ocorrem de 20 a 24 de mar\u00e7o de 2018 no Expo Center Norte, em S\u00e3o Paulo. Mais informa\u00e7\u00f5es nos sites: <a href=\"http:\/\/www.expoprint.com.br\" target=\"_blank\" rel=\"noopener\">www.expoprint.com.br<\/a> e <a href=\"http:\/\/www.converexpo.com.br\" target=\"_blank\" rel=\"noopener\">www.converexpo.com.br<\/a>.<\/p>","protected":false},"excerpt":{"rendered":"<p>A Afeigraf (Associa\u00e7\u00e3o dos Agentes de Fornecedores de Equipamentos e Insumos para a Ind\u00fastria Gr\u00e1fica) e a Abflexo\/FTA-Brasil (Associa\u00e7\u00e3o Brasileira T\u00e9cnica de Flexografia) fazem um an\u00fancio hist\u00f3rico para a ind\u00fastria de impress\u00e3o da Am\u00e9rica Latina. A Abflexo anunciou a cria\u00e7\u00e3o da ConverExpo, feira internacional voltada para a Ind\u00fastria de Convers\u00e3o de Flex\u00edveis, Corrugados e R\u00f3tulos. [&hellip;]<\/p>\n","protected":false},"author":2,"featured_media":0,"comment_status":"closed","ping_status":"closed","sticky":false,"template":"","format":"standard","meta":{"footnotes":""},"categories":[877],"tags":[],"class_list":["post-1748","post","type-post","status-publish","format-standard","hentry","category-arquivo"],"yoast_head":"<!-- This site is optimized with the Yoast SEO Premium plugin v27.1 (Yoast SEO v27.1.1) - https:\/\/yoast.com\/product\/yoast-seo-premium-wordpress\/ -->\n<title>Abflexo e Afeigraf anunciam parceria para o mercado de impress\u00e3o - ProjetoPack<\/title>\n<meta name=\"description\" content=\"A Abflexo anunciou a cria\u00e7\u00e3o da ConverExpo, feira internacional voltada para a Ind\u00fastria de Convers\u00e3o de Flex\u00edveis, Corrugados e R\u00f3tulos.\" \/>\n<meta name=\"robots\" content=\"index, follow, max-snippet:-1, max-image-preview:large, max-video-preview:-1\" \/>\n<link rel=\"canonical\" href=\"https:\/\/projetopack.com.br\/en\/abflexo-e-afeigraf-anunciam-parceria-historica-para-o-mercado-de-impressao\/\" \/>\n<meta property=\"og:locale\" content=\"en_US\" \/>\n<meta property=\"og:type\" content=\"article\" \/>\n<meta property=\"og:title\" content=\"Abflexo e Afeigraf anunciam parceria para o mercado de impress\u00e3o\" \/>\n<meta property=\"og:description\" content=\"A Abflexo anunciou a cria\u00e7\u00e3o da ConverExpo, feira internacional voltada para a Ind\u00fastria de Convers\u00e3o de Flex\u00edveis, Corrugados e R\u00f3tulos.\" \/>\n<meta property=\"og:url\" content=\"https:\/\/projetopack.com.br\/en\/abflexo-e-afeigraf-anunciam-parceria-historica-para-o-mercado-de-impressao\/\" \/>\n<meta property=\"og:site_name\" content=\"ProjetoPack\" \/>\n<meta property=\"article:published_time\" content=\"2016-08-29T20:37:09+00:00\" \/>\n<meta property=\"article:modified_time\" content=\"2021-09-09T15:35:48+00:00\" \/>\n<meta property=\"og:image\" content=\"https:\/\/projetopack.com.br\/wp-content\/uploads\/2016\/08\/converexpo.jpg\" \/>\n<meta name=\"author\" content=\"Aislan Baer\" \/>\n<meta name=\"twitter:card\" content=\"summary_large_image\" \/>\n<meta name=\"twitter:creator\" content=\"@ProjetoPack\" \/>\n<meta name=\"twitter:site\" content=\"@ProjetoPack\" \/>\n<meta name=\"twitter:label1\" content=\"Written by\" \/>\n\t<meta name=\"twitter:data1\" content=\"Aislan Baer\" \/>\n\t<meta name=\"twitter:label2\" content=\"Est. reading time\" \/>\n\t<meta name=\"twitter:data2\" content=\"3 minutes\" \/>\n<script type=\"application\/ld+json\" class=\"yoast-schema-graph\">{\"@context\":\"https:\/\/schema.org\",\"@graph\":[{\"@type\":\"Article\",\"@id\":\"https:\/\/projetopack.com.br\/en\/abflexo-e-afeigraf-anunciam-parceria-historica-para-o-mercado-de-impressao\/#article\",\"isPartOf\":{\"@id\":\"https:\/\/projetopack.com.br\/en\/abflexo-e-afeigraf-anunciam-parceria-historica-para-o-mercado-de-impressao\/\"},\"author\":{\"name\":\"Aislan Baer\",\"@id\":\"https:\/\/projetopack.com.br\/#\/schema\/person\/87cbd7d1e244880886d457815ebd2490\"},\"headline\":\"Abflexo e Afeigraf anunciam parceria para o mercado de impress\u00e3o\",\"datePublished\":\"2016-08-29T20:37:09+00:00\",\"dateModified\":\"2021-09-09T15:35:48+00:00\",\"mainEntityOfPage\":{\"@id\":\"https:\/\/projetopack.com.br\/en\/abflexo-e-afeigraf-anunciam-parceria-historica-para-o-mercado-de-impressao\/\"},\"wordCount\":517,\"publisher\":{\"@id\":\"https:\/\/projetopack.com.br\/#organization\"},\"image\":{\"@id\":\"https:\/\/projetopack.com.br\/en\/abflexo-e-afeigraf-anunciam-parceria-historica-para-o-mercado-de-impressao\/#primaryimage\"},\"thumbnailUrl\":\"https:\/\/projetopack.com.br\/wp-content\/uploads\/2016\/08\/converexpo.jpg\",\"articleSection\":[\"Arquivo\"],\"inLanguage\":\"en-US\"},{\"@type\":\"WebPage\",\"@id\":\"https:\/\/projetopack.com.br\/en\/abflexo-e-afeigraf-anunciam-parceria-historica-para-o-mercado-de-impressao\/\",\"url\":\"https:\/\/projetopack.com.br\/en\/abflexo-e-afeigraf-anunciam-parceria-historica-para-o-mercado-de-impressao\/\",\"name\":\"Abflexo e Afeigraf anunciam parceria para o mercado de impress\u00e3o - ProjetoPack\",\"isPartOf\":{\"@id\":\"https:\/\/projetopack.com.br\/#website\"},\"primaryImageOfPage\":{\"@id\":\"https:\/\/projetopack.com.br\/en\/abflexo-e-afeigraf-anunciam-parceria-historica-para-o-mercado-de-impressao\/#primaryimage\"},\"image\":{\"@id\":\"https:\/\/projetopack.com.br\/en\/abflexo-e-afeigraf-anunciam-parceria-historica-para-o-mercado-de-impressao\/#primaryimage\"},\"thumbnailUrl\":\"https:\/\/projetopack.com.br\/wp-content\/uploads\/2016\/08\/converexpo.jpg\",\"datePublished\":\"2016-08-29T20:37:09+00:00\",\"dateModified\":\"2021-09-09T15:35:48+00:00\",\"description\":\"A Abflexo anunciou a cria\u00e7\u00e3o da ConverExpo, feira internacional voltada para a Ind\u00fastria de Convers\u00e3o de Flex\u00edveis, Corrugados e R\u00f3tulos.\",\"breadcrumb\":{\"@id\":\"https:\/\/projetopack.com.br\/en\/abflexo-e-afeigraf-anunciam-parceria-historica-para-o-mercado-de-impressao\/#breadcrumb\"},\"inLanguage\":\"en-US\",\"potentialAction\":[{\"@type\":\"ReadAction\",\"target\":[\"https:\/\/projetopack.com.br\/en\/abflexo-e-afeigraf-anunciam-parceria-historica-para-o-mercado-de-impressao\/\"]}]},{\"@type\":\"ImageObject\",\"inLanguage\":\"en-US\",\"@id\":\"https:\/\/projetopack.com.br\/en\/abflexo-e-afeigraf-anunciam-parceria-historica-para-o-mercado-de-impressao\/#primaryimage\",\"url\":\"https:\/\/projetopack.com.br\/wp-content\/uploads\/2016\/08\/converexpo.jpg\",\"contentUrl\":\"https:\/\/projetopack.com.br\/wp-content\/uploads\/2016\/08\/converexpo.jpg\"},{\"@type\":\"BreadcrumbList\",\"@id\":\"https:\/\/projetopack.com.br\/en\/abflexo-e-afeigraf-anunciam-parceria-historica-para-o-mercado-de-impressao\/#breadcrumb\",\"itemListElement\":[{\"@type\":\"ListItem\",\"position\":1,\"name\":\"P\u00e1gina Inicial\",\"item\":\"https:\/\/projetopack.com.br\/\"},{\"@type\":\"ListItem\",\"position\":2,\"name\":\"Arquivo\",\"item\":\"https:\/\/projetopack.com.br\/en\/category\/arquivo\/\"},{\"@type\":\"ListItem\",\"position\":3,\"name\":\"Abflexo e Afeigraf anunciam parceria para o mercado de impress\u00e3o\"}]},{\"@type\":\"WebSite\",\"@id\":\"https:\/\/projetopack.com.br\/#website\",\"url\":\"https:\/\/projetopack.com.br\/\",\"name\":\"ProjetoPack\",\"description\":\"Consultoria e servi\u00e7os para embalagens, r\u00f3tulos, etiquetas e processos de impress\u00e3o\",\"publisher\":{\"@id\":\"https:\/\/projetopack.com.br\/#organization\"},\"potentialAction\":[{\"@type\":\"SearchAction\",\"target\":{\"@type\":\"EntryPoint\",\"urlTemplate\":\"https:\/\/projetopack.com.br\/?s={search_term_string}\"},\"query-input\":{\"@type\":\"PropertyValueSpecification\",\"valueRequired\":true,\"valueName\":\"search_term_string\"}}],\"inLanguage\":\"en-US\"},{\"@type\":\"Organization\",\"@id\":\"https:\/\/projetopack.com.br\/#organization\",\"name\":\"ProjetoPack & Associados\",\"url\":\"https:\/\/projetopack.com.br\/\",\"logo\":{\"@type\":\"ImageObject\",\"inLanguage\":\"en-US\",\"@id\":\"https:\/\/projetopack.com.br\/#\/schema\/logo\/image\/\",\"url\":\"https:\/\/projetopack.com.br\/wp-content\/uploads\/2020\/09\/projetopack.png\",\"contentUrl\":\"https:\/\/projetopack.com.br\/wp-content\/uploads\/2020\/09\/projetopack.png\",\"width\":200,\"height\":200,\"caption\":\"ProjetoPack & Associados\"},\"image\":{\"@id\":\"https:\/\/projetopack.com.br\/#\/schema\/logo\/image\/\"},\"sameAs\":[\"https:\/\/x.com\/ProjetoPack\",\"https:\/\/www.linkedin.com\/company\/projetopack\/\"]},{\"@type\":\"Person\",\"@id\":\"https:\/\/projetopack.com.br\/#\/schema\/person\/87cbd7d1e244880886d457815ebd2490\",\"name\":\"Aislan Baer\",\"image\":{\"@type\":\"ImageObject\",\"inLanguage\":\"en-US\",\"@id\":\"https:\/\/projetopack.com.br\/#\/schema\/person\/image\/\",\"url\":\"https:\/\/projetopack.com.br\/wp-content\/uploads\/2021\/08\/Aislan-Busto-p-100x100.jpg\",\"contentUrl\":\"https:\/\/projetopack.com.br\/wp-content\/uploads\/2021\/08\/Aislan-Busto-p-100x100.jpg\",\"caption\":\"Aislan Baer\"},\"description\":\"Desde os \u00faltimos 20 anos, meu time e eu ajudamos mais de 300 empresas brasileiras e estrangeiras (algumas delas, l\u00edderes mundiais) a produzir embalagens flex\u00edveis e r\u00f3tulos com maior efici\u00eancia, menores custos e maior apelo visual, bem como centenas de donos de marcas a comprar suas embalagens flex\u00edveis e material impresso com um crit\u00e9rio mais t\u00e9cnico e assertivo. Ao mesmo tempo, gra\u00e7as \u00e0 nossa consultoria, muitas destas empresas melhoraram significativamente o seu processo de Impress\u00e3o (Impress\u00e3o de embalagens, Impress\u00e3o industrial, Impress\u00e3o funcional e, mais recentemente, bio impress\u00e3o e manufatura aditiva ou simplesmente Impress\u00e3o 3D). Se a sua empresa tem um problema relacionado a embalagens flex\u00edveis, r\u00f3tulos ou Impress\u00e3o, por mais insol\u00favel que lhe pare\u00e7a, aguardamos ansiosos a sua liga\u00e7\u00e3o ou e-mail. Este \u00e9 nosso trabalho e tamb\u00e9m a nossa paix\u00e3o.\",\"sameAs\":[\"http:\/\/www.projetopack.com\",\"https:\/\/www.linkedin.com\/in\/aislanbaer\/\"],\"jobTitle\":\"CEO @ ProjetoPack | L\u00edder em M&A no Setor de Impress\u00e3o e Embalagens no Brasil | Cofundador da Inovagraf e Neuraflow | Especialista em Inova\u00e7\u00e3o com IA na Impress\u00e3o | Printing Legacy Initiative | Empreendedor Serial\",\"url\":\"https:\/\/projetopack.com.br\/en\/author\/aislan\/\"}]}<\/script>\n<!-- \/ Yoast SEO Premium plugin. -->","yoast_head_json":{"title":"Abflexo e Afeigraf anunciam parceria para o mercado de impress\u00e3o - ProjetoPack","description":"A Abflexo anunciou a cria\u00e7\u00e3o da ConverExpo, feira internacional voltada para a Ind\u00fastria de Convers\u00e3o de Flex\u00edveis, Corrugados e R\u00f3tulos.","robots":{"index":"index","follow":"follow","max-snippet":"max-snippet:-1","max-image-preview":"max-image-preview:large","max-video-preview":"max-video-preview:-1"},"canonical":"https:\/\/projetopack.com.br\/en\/abflexo-e-afeigraf-anunciam-parceria-historica-para-o-mercado-de-impressao\/","og_locale":"en_US","og_type":"article","og_title":"Abflexo e Afeigraf anunciam parceria para o mercado de impress\u00e3o","og_description":"A Abflexo anunciou a cria\u00e7\u00e3o da ConverExpo, feira internacional voltada para a Ind\u00fastria de Convers\u00e3o de Flex\u00edveis, Corrugados e R\u00f3tulos.","og_url":"https:\/\/projetopack.com.br\/en\/abflexo-e-afeigraf-anunciam-parceria-historica-para-o-mercado-de-impressao\/","og_site_name":"ProjetoPack","article_published_time":"2016-08-29T20:37:09+00:00","article_modified_time":"2021-09-09T15:35:48+00:00","og_image":[{"url":"https:\/\/projetopack.com.br\/wp-content\/uploads\/2016\/08\/converexpo.jpg","type":"","width":"","height":""}],"author":"Aislan Baer","twitter_card":"summary_large_image","twitter_creator":"@ProjetoPack","twitter_site":"@ProjetoPack","twitter_misc":{"Written by":"Aislan Baer","Est. reading time":"3 minutes"},"schema":{"@context":"https:\/\/schema.org","@graph":[{"@type":"Article","@id":"https:\/\/projetopack.com.br\/en\/abflexo-e-afeigraf-anunciam-parceria-historica-para-o-mercado-de-impressao\/#article","isPartOf":{"@id":"https:\/\/projetopack.com.br\/en\/abflexo-e-afeigraf-anunciam-parceria-historica-para-o-mercado-de-impressao\/"},"author":{"name":"Aislan Baer","@id":"https:\/\/projetopack.com.br\/#\/schema\/person\/87cbd7d1e244880886d457815ebd2490"},"headline":"Abflexo e Afeigraf anunciam parceria para o mercado de impress\u00e3o","datePublished":"2016-08-29T20:37:09+00:00","dateModified":"2021-09-09T15:35:48+00:00","mainEntityOfPage":{"@id":"https:\/\/projetopack.com.br\/en\/abflexo-e-afeigraf-anunciam-parceria-historica-para-o-mercado-de-impressao\/"},"wordCount":517,"publisher":{"@id":"https:\/\/projetopack.com.br\/#organization"},"image":{"@id":"https:\/\/projetopack.com.br\/en\/abflexo-e-afeigraf-anunciam-parceria-historica-para-o-mercado-de-impressao\/#primaryimage"},"thumbnailUrl":"https:\/\/projetopack.com.br\/wp-content\/uploads\/2016\/08\/converexpo.jpg","articleSection":["Arquivo"],"inLanguage":"en-US"},{"@type":"WebPage","@id":"https:\/\/projetopack.com.br\/en\/abflexo-e-afeigraf-anunciam-parceria-historica-para-o-mercado-de-impressao\/","url":"https:\/\/projetopack.com.br\/en\/abflexo-e-afeigraf-anunciam-parceria-historica-para-o-mercado-de-impressao\/","name":"Abflexo e Afeigraf anunciam parceria para o mercado de impress\u00e3o - ProjetoPack","isPartOf":{"@id":"https:\/\/projetopack.com.br\/#website"},"primaryImageOfPage":{"@id":"https:\/\/projetopack.com.br\/en\/abflexo-e-afeigraf-anunciam-parceria-historica-para-o-mercado-de-impressao\/#primaryimage"},"image":{"@id":"https:\/\/projetopack.com.br\/en\/abflexo-e-afeigraf-anunciam-parceria-historica-para-o-mercado-de-impressao\/#primaryimage"},"thumbnailUrl":"https:\/\/projetopack.com.br\/wp-content\/uploads\/2016\/08\/converexpo.jpg","datePublished":"2016-08-29T20:37:09+00:00","dateModified":"2021-09-09T15:35:48+00:00","description":"A Abflexo anunciou a cria\u00e7\u00e3o da ConverExpo, feira internacional voltada para a Ind\u00fastria de Convers\u00e3o de Flex\u00edveis, Corrugados e R\u00f3tulos.","breadcrumb":{"@id":"https:\/\/projetopack.com.br\/en\/abflexo-e-afeigraf-anunciam-parceria-historica-para-o-mercado-de-impressao\/#breadcrumb"},"inLanguage":"en-US","potentialAction":[{"@type":"ReadAction","target":["https:\/\/projetopack.com.br\/en\/abflexo-e-afeigraf-anunciam-parceria-historica-para-o-mercado-de-impressao\/"]}]},{"@type":"ImageObject","inLanguage":"en-US","@id":"https:\/\/projetopack.com.br\/en\/abflexo-e-afeigraf-anunciam-parceria-historica-para-o-mercado-de-impressao\/#primaryimage","url":"https:\/\/projetopack.com.br\/wp-content\/uploads\/2016\/08\/converexpo.jpg","contentUrl":"https:\/\/projetopack.com.br\/wp-content\/uploads\/2016\/08\/converexpo.jpg"},{"@type":"BreadcrumbList","@id":"https:\/\/projetopack.com.br\/en\/abflexo-e-afeigraf-anunciam-parceria-historica-para-o-mercado-de-impressao\/#breadcrumb","itemListElement":[{"@type":"ListItem","position":1,"name":"P\u00e1gina Inicial","item":"https:\/\/projetopack.com.br\/"},{"@type":"ListItem","position":2,"name":"Arquivo","item":"https:\/\/projetopack.com.br\/en\/category\/arquivo\/"},{"@type":"ListItem","position":3,"name":"Abflexo e Afeigraf anunciam parceria para o mercado de impress\u00e3o"}]},{"@type":"WebSite","@id":"https:\/\/projetopack.com.br\/#website","url":"https:\/\/projetopack.com.br\/","name":"ProjetoPack","description":"Consultoria e servi\u00e7os para embalagens, r\u00f3tulos, etiquetas e processos de impress\u00e3o","publisher":{"@id":"https:\/\/projetopack.com.br\/#organization"},"potentialAction":[{"@type":"SearchAction","target":{"@type":"EntryPoint","urlTemplate":"https:\/\/projetopack.com.br\/?s={search_term_string}"},"query-input":{"@type":"PropertyValueSpecification","valueRequired":true,"valueName":"search_term_string"}}],"inLanguage":"en-US"},{"@type":"Organization","@id":"https:\/\/projetopack.com.br\/#organization","name":"ProjetoPack & Associados","url":"https:\/\/projetopack.com.br\/","logo":{"@type":"ImageObject","inLanguage":"en-US","@id":"https:\/\/projetopack.com.br\/#\/schema\/logo\/image\/","url":"https:\/\/projetopack.com.br\/wp-content\/uploads\/2020\/09\/projetopack.png","contentUrl":"https:\/\/projetopack.com.br\/wp-content\/uploads\/2020\/09\/projetopack.png","width":200,"height":200,"caption":"ProjetoPack & Associados"},"image":{"@id":"https:\/\/projetopack.com.br\/#\/schema\/logo\/image\/"},"sameAs":["https:\/\/x.com\/ProjetoPack","https:\/\/www.linkedin.com\/company\/projetopack\/"]},{"@type":"Person","@id":"https:\/\/projetopack.com.br\/#\/schema\/person\/87cbd7d1e244880886d457815ebd2490","name":"Aislan Baer","image":{"@type":"ImageObject","inLanguage":"en-US","@id":"https:\/\/projetopack.com.br\/#\/schema\/person\/image\/","url":"https:\/\/projetopack.com.br\/wp-content\/uploads\/2021\/08\/Aislan-Busto-p-100x100.jpg","contentUrl":"https:\/\/projetopack.com.br\/wp-content\/uploads\/2021\/08\/Aislan-Busto-p-100x100.jpg","caption":"Aislan Baer"},"description":"Desde os \u00faltimos 20 anos, meu time e eu ajudamos mais de 300 empresas brasileiras e estrangeiras (algumas delas, l\u00edderes mundiais) a produzir embalagens flex\u00edveis e r\u00f3tulos com maior efici\u00eancia, menores custos e maior apelo visual, bem como centenas de donos de marcas a comprar suas embalagens flex\u00edveis e material impresso com um crit\u00e9rio mais t\u00e9cnico e assertivo. Ao mesmo tempo, gra\u00e7as \u00e0 nossa consultoria, muitas destas empresas melhoraram significativamente o seu processo de Impress\u00e3o (Impress\u00e3o de embalagens, Impress\u00e3o industrial, Impress\u00e3o funcional e, mais recentemente, bio impress\u00e3o e manufatura aditiva ou simplesmente Impress\u00e3o 3D). Se a sua empresa tem um problema relacionado a embalagens flex\u00edveis, r\u00f3tulos ou Impress\u00e3o, por mais insol\u00favel que lhe pare\u00e7a, aguardamos ansiosos a sua liga\u00e7\u00e3o ou e-mail. Este \u00e9 nosso trabalho e tamb\u00e9m a nossa paix\u00e3o.","sameAs":["http:\/\/www.projetopack.com","https:\/\/www.linkedin.com\/in\/aislanbaer\/"],"jobTitle":"CEO @ ProjetoPack | L\u00edder em M&A no Setor de Impress\u00e3o e Embalagens no Brasil | Cofundador da Inovagraf e Neuraflow | Especialista em Inova\u00e7\u00e3o com IA na Impress\u00e3o | Printing Legacy Initiative | Empreendedor Serial","url":"https:\/\/projetopack.com.br\/en\/author\/aislan\/"}]}},"_links":{"self":[{"href":"https:\/\/projetopack.com.br\/en\/wp-json\/wp\/v2\/posts\/1748","targetHints":{"allow":["GET"]}}],"collection":[{"href":"https:\/\/projetopack.com.br\/en\/wp-json\/wp\/v2\/posts"}],"about":[{"href":"https:\/\/projetopack.com.br\/en\/wp-json\/wp\/v2\/types\/post"}],"author":[{"embeddable":true,"href":"https:\/\/projetopack.com.br\/en\/wp-json\/wp\/v2\/users\/2"}],"replies":[{"embeddable":true,"href":"https:\/\/projetopack.com.br\/en\/wp-json\/wp\/v2\/comments?post=1748"}],"version-history":[{"count":0,"href":"https:\/\/projetopack.com.br\/en\/wp-json\/wp\/v2\/posts\/1748\/revisions"}],"wp:attachment":[{"href":"https:\/\/projetopack.com.br\/en\/wp-json\/wp\/v2\/media?parent=1748"}],"wp:term":[{"taxonomy":"category","embeddable":true,"href":"https:\/\/projetopack.com.br\/en\/wp-json\/wp\/v2\/categories?post=1748"},{"taxonomy":"post_tag","embeddable":true,"href":"https:\/\/projetopack.com.br\/en\/wp-json\/wp\/v2\/tags?post=1748"}],"curies":[{"name":"wp","href":"https:\/\/api.w.org\/{rel}","templated":true}]}}