{"id":18297,"date":"2022-02-24T00:31:32","date_gmt":"2022-02-24T03:31:32","guid":{"rendered":"https:\/\/www.projetopack.com.br\/?p=18297"},"modified":"2022-02-25T15:19:57","modified_gmt":"2022-02-25T18:19:57","slug":"voce-piscou-e-o-mercado-mudou-flexoprint-agora-e-all4labels","status":"publish","type":"post","link":"https:\/\/projetopack.com.br\/en\/voce-piscou-e-o-mercado-mudou-flexoprint-agora-e-all4labels\/","title":{"rendered":"Voc\u00ea piscou e o mercado mudou: Flexoprint agora \u00e9 All4Labels"},"content":{"rendered":"<figure class=\"wp-block-image size-full\"><img fetchpriority=\"high\" decoding=\"async\" width=\"1280\" height=\"720\" src=\"https:\/\/projetopack.com.br\/wp-content\/uploads\/2022\/02\/maxresdefault.jpg\" alt=\"\" class=\"wp-image-18300\" srcset=\"https:\/\/projetopack.com.br\/wp-content\/uploads\/2022\/02\/maxresdefault.jpg 1280w, https:\/\/projetopack.com.br\/wp-content\/uploads\/2022\/02\/maxresdefault-300x169.jpg 300w, https:\/\/projetopack.com.br\/wp-content\/uploads\/2022\/02\/maxresdefault-600x337.jpg 600w, https:\/\/projetopack.com.br\/wp-content\/uploads\/2022\/02\/maxresdefault-768x432.jpg 768w\" sizes=\"(max-width: 1280px) 100vw, 1280px\" \/><figcaption>Matriz da Flexoprint, em Marialva \/ PR (site da empresa)<\/figcaption><\/figure>\n\n\n\n<p>Posso lhe dizer: voc\u00ea foi dormir hoje, e amanh\u00e3, ao acordar &#8211; vai perceber que o mercado de r\u00f3tulos e etiquetas nacional deu mais uma guinada hist\u00f3rica.<\/p>\n\n\n\n<p>Dois dos &#8220;top 3&#8221; convertedores de r\u00f3tulos e etiquetas agora far\u00e3o parte do mesmo grupo econ\u00f4mico: a <a href=\"http:\/\/www.all4labels.com.br\/\" rel=\"noreferrer noopener\" target=\"_blank\">All4Labels Global Packaging Group<\/a> (outrora <a href=\"https:\/\/oblumenauense.com.br\/um-ano-de-fusao-da-antiga-baumgarten-grafica-com-o-grupo-all4labels\/\" rel=\"noreferrer noopener\" target=\"_blank\">Baumgarten<\/a>, no Brasil) e as fam\u00edlias <strong>Stange Warmeling<\/strong> e <strong>Schlickmann<\/strong>, propriet\u00e1rias da <a href=\"https:\/\/www.flexoprint.com.br\/\" rel=\"noreferrer noopener\" target=\"_blank\">Flexoprint Labels S\/A<\/a> assinaram um acordo, de valor n\u00e3o-declarado, cujo fim \u00e9 um s\u00f3: a Flexoprint Labels S\/A, com plantas produtivas no Brasil e Paraguai, passa a ser uma subsidi\u00e1ria 100% &#8220;All4Labels&#8221;.<\/p>\n\n\n\n<figure class=\"wp-block-image size-full\"><img decoding=\"async\" width=\"1043\" height=\"707\" src=\"https:\/\/projetopack.com.br\/wp-content\/uploads\/2022\/02\/image-1.jpeg\" alt=\"\" class=\"wp-image-18299\" srcset=\"https:\/\/projetopack.com.br\/wp-content\/uploads\/2022\/02\/image-1.jpeg 1043w, https:\/\/projetopack.com.br\/wp-content\/uploads\/2022\/02\/image-1-300x203.jpeg 300w, https:\/\/projetopack.com.br\/wp-content\/uploads\/2022\/02\/image-1-600x406.jpeg 600w, https:\/\/projetopack.com.br\/wp-content\/uploads\/2022\/02\/image-1-768x520.jpeg 768w, https:\/\/projetopack.com.br\/wp-content\/uploads\/2022\/02\/image-1-18x12.jpeg 18w\" sizes=\"(max-width: 1043px) 100vw, 1043px\" \/><figcaption>Equipes da All4Labels e Flexoprint em foto divulgada na nota de imprensa<\/figcaption><\/figure>\n\n\n\n<p>Os propriet\u00e1rios, de acordo com nota divulgada \u00e0 imprensa, continuar\u00e3o \u00e0 frente do seu neg\u00f3cio, mas adicionalmente &#8220;assumir\u00e3o responsabilidade-chave na organiza\u00e7\u00e3o da All4Labels LATAM para impulsionar o crescimento na regi\u00e3o, juntamente com Fernando Gabel e sua equipe&#8221;.<\/p>\n\n\n\n<figure class=\"wp-block-pullquote\"><blockquote><p>Espera-se que a transa\u00e7\u00e3o se conclua no segundo trimestre de 2022, sujeita \u00e0s habituais aprova\u00e7\u00f5es das entidades regulat\u00f3rias.<\/p><\/blockquote><\/figure>\n\n\n\n<p>Ainda na nota \u00e0 imprensa e de forma at\u00edpica, uma se\u00e7\u00e3o de Q&amp;A tratou de responder com antecipa\u00e7\u00e3o a perguntas como benef\u00edcios e sinergias da opera\u00e7\u00e3o, o que mudaria num primeiro momento em termos operacionais, as inten\u00e7\u00f5es em n\u00e3o fechar nenhuma planta produtiva ap\u00f3s a transa\u00e7\u00e3o e outros temas de menor signific\u00e2ncia.<\/p>\n\n\n\n<p class=\"has-cyan-bluish-gray-background-color has-background\">Ao subir o quarto colocado ao posto de terceiro, pode-se dizer que temos a\u00ed uma tr\u00edade de multinacionais capitaneando o mercado de r\u00f3tulos e etiquetas e dando a t\u00f4nica da din\u00e2mica para com os grandes donos de marca e com os fornecedores (laminadores).<\/p>\n\n\n\n<h3 class=\"wp-block-heading\" id=\"h-na-danca-das-cadeiras-estao-sobrando-poucas-e-os-assentos-estao-ficando-apertados-mas-a-musica-esta-tocando-mais-alta-e-frenetica-do-que-nunca\">Na dan\u00e7a das cadeiras, est\u00e3o sobrando poucas e os assentos est\u00e3o ficando apertados. Mas a m\u00fasica est\u00e1 tocando, mais alta e fren\u00e9tica do que nunca.<\/h3>\n\n\n\n<p>Leia mais em nosso blog:<\/p>\n\n\n\n<p><a href=\"https:\/\/projetopack.com.br\/en\/baumgarten-all4labels-anuncia-mais-uma-fusao\/\" target=\"_blank\" rel=\"noreferrer noopener\">All4Labels anuncia mais uma fus\u00e3<\/a><a href=\"https:\/\/projetopack.com.br\/en\/baumgarten-all4labels-anuncia-mais-uma-fusao\/\">o<\/a><\/p>","protected":false},"excerpt":{"rendered":"<p>A Flexoprint Labels S\/A, com plantas produtivas no Brasil e Paraguai, passa a ser uma subsidi\u00e1ria 100% All4Labels.<\/p>","protected":false},"author":18,"featured_media":18298,"comment_status":"open","ping_status":"closed","sticky":true,"template":"","format":"standard","meta":{"footnotes":""},"categories":[782],"tags":[929,930,931],"class_list":["post-18297","post","type-post","status-publish","format-standard","has-post-thumbnail","hentry","category-fusoes-e-aquisicoes","tag-flexoprint","tag-grafica-baumgartem","tag-grafica-baumgarten"],"yoast_head":"<!-- This site is optimized with the Yoast SEO Premium plugin v27.1 (Yoast SEO v27.1.1) - https:\/\/yoast.com\/product\/yoast-seo-premium-wordpress\/ -->\n<title>Voc\u00ea piscou e o mercado mudou: Flexoprint agora \u00e9 All4Labels - ProjetoPack<\/title>\n<meta name=\"description\" content=\"Dois dos &quot;top 3&quot; convertedores de r\u00f3tulos e etiquetas agora far\u00e3o parte do mesmo grupo econ\u00f4mico: a All4Labels Global Packaging Group.\" \/>\n<meta name=\"robots\" content=\"index, follow, max-snippet:-1, max-image-preview:large, max-video-preview:-1\" \/>\n<link rel=\"canonical\" href=\"https:\/\/projetopack.com.br\/en\/voce-piscou-e-o-mercado-mudou-flexoprint-agora-e-all4labels\/\" \/>\n<meta property=\"og:locale\" content=\"en_US\" \/>\n<meta property=\"og:type\" content=\"article\" \/>\n<meta property=\"og:title\" content=\"Voc\u00ea piscou e o mercado mudou: Flexoprint agora \u00e9 All4Labels\" \/>\n<meta property=\"og:description\" content=\"Dois dos &quot;top 3&quot; convertedores de r\u00f3tulos e etiquetas agora far\u00e3o parte do mesmo grupo econ\u00f4mico: a All4Labels Global Packaging Group.\" \/>\n<meta property=\"og:url\" content=\"https:\/\/projetopack.com.br\/en\/voce-piscou-e-o-mercado-mudou-flexoprint-agora-e-all4labels\/\" \/>\n<meta property=\"og:site_name\" content=\"ProjetoPack\" \/>\n<meta property=\"article:published_time\" content=\"2022-02-24T03:31:32+00:00\" \/>\n<meta property=\"article:modified_time\" content=\"2022-02-25T18:19:57+00:00\" \/>\n<meta property=\"og:image\" content=\"https:\/\/projetopack.com.br\/wp-content\/uploads\/2022\/02\/image.jpeg\" \/>\n\t<meta property=\"og:image:width\" content=\"1280\" \/>\n\t<meta property=\"og:image:height\" content=\"720\" \/>\n\t<meta property=\"og:image:type\" content=\"image\/jpeg\" \/>\n<meta name=\"author\" content=\"Andrea\" \/>\n<meta name=\"twitter:card\" content=\"summary_large_image\" \/>\n<meta name=\"twitter:creator\" content=\"@ProjetoPack\" \/>\n<meta name=\"twitter:site\" content=\"@ProjetoPack\" \/>\n<meta name=\"twitter:label1\" content=\"Written by\" \/>\n\t<meta name=\"twitter:data1\" content=\"Andrea\" \/>\n\t<meta name=\"twitter:label2\" content=\"Est. reading time\" \/>\n\t<meta name=\"twitter:data2\" content=\"3 minutes\" \/>\n<script type=\"application\/ld+json\" class=\"yoast-schema-graph\">{\"@context\":\"https:\/\/schema.org\",\"@graph\":[{\"@type\":\"Article\",\"@id\":\"https:\/\/projetopack.com.br\/voce-piscou-e-o-mercado-mudou-flexoprint-agora-e-all4labels\/#article\",\"isPartOf\":{\"@id\":\"https:\/\/projetopack.com.br\/voce-piscou-e-o-mercado-mudou-flexoprint-agora-e-all4labels\/\"},\"author\":{\"name\":\"Andrea\",\"@id\":\"https:\/\/projetopack.com.br\/#\/schema\/person\/d17c72a4bc2b7e461496dd8a14d4cef1\"},\"headline\":\"Voc\u00ea piscou e o mercado mudou: Flexoprint agora \u00e9 All4Labels\",\"datePublished\":\"2022-02-24T03:31:32+00:00\",\"dateModified\":\"2022-02-25T18:19:57+00:00\",\"mainEntityOfPage\":{\"@id\":\"https:\/\/projetopack.com.br\/voce-piscou-e-o-mercado-mudou-flexoprint-agora-e-all4labels\/\"},\"wordCount\":349,\"commentCount\":0,\"publisher\":{\"@id\":\"https:\/\/projetopack.com.br\/#organization\"},\"image\":{\"@id\":\"https:\/\/projetopack.com.br\/voce-piscou-e-o-mercado-mudou-flexoprint-agora-e-all4labels\/#primaryimage\"},\"thumbnailUrl\":\"https:\/\/projetopack.com.br\/wp-content\/uploads\/2022\/02\/image.jpeg\",\"keywords\":[\"flexoprint\",\"gr\u00e1fica baumgartem\",\"gr\u00e1fica baumgarten\"],\"articleSection\":[\"Fus\u00f5es e aquisi\u00e7\u00f5es\"],\"inLanguage\":\"en-US\",\"potentialAction\":[{\"@type\":\"CommentAction\",\"name\":\"Comment\",\"target\":[\"https:\/\/projetopack.com.br\/voce-piscou-e-o-mercado-mudou-flexoprint-agora-e-all4labels\/#respond\"]}]},{\"@type\":\"WebPage\",\"@id\":\"https:\/\/projetopack.com.br\/voce-piscou-e-o-mercado-mudou-flexoprint-agora-e-all4labels\/\",\"url\":\"https:\/\/projetopack.com.br\/voce-piscou-e-o-mercado-mudou-flexoprint-agora-e-all4labels\/\",\"name\":\"Voc\u00ea piscou e o mercado mudou: Flexoprint agora \u00e9 All4Labels - ProjetoPack\",\"isPartOf\":{\"@id\":\"https:\/\/projetopack.com.br\/#website\"},\"primaryImageOfPage\":{\"@id\":\"https:\/\/projetopack.com.br\/voce-piscou-e-o-mercado-mudou-flexoprint-agora-e-all4labels\/#primaryimage\"},\"image\":{\"@id\":\"https:\/\/projetopack.com.br\/voce-piscou-e-o-mercado-mudou-flexoprint-agora-e-all4labels\/#primaryimage\"},\"thumbnailUrl\":\"https:\/\/projetopack.com.br\/wp-content\/uploads\/2022\/02\/image.jpeg\",\"datePublished\":\"2022-02-24T03:31:32+00:00\",\"dateModified\":\"2022-02-25T18:19:57+00:00\",\"description\":\"Dois dos \\\"top 3\\\" convertedores de r\u00f3tulos e etiquetas agora far\u00e3o parte do mesmo grupo econ\u00f4mico: a All4Labels Global Packaging Group.\",\"breadcrumb\":{\"@id\":\"https:\/\/projetopack.com.br\/voce-piscou-e-o-mercado-mudou-flexoprint-agora-e-all4labels\/#breadcrumb\"},\"inLanguage\":\"en-US\",\"potentialAction\":[{\"@type\":\"ReadAction\",\"target\":[\"https:\/\/projetopack.com.br\/voce-piscou-e-o-mercado-mudou-flexoprint-agora-e-all4labels\/\"]}]},{\"@type\":\"ImageObject\",\"inLanguage\":\"en-US\",\"@id\":\"https:\/\/projetopack.com.br\/voce-piscou-e-o-mercado-mudou-flexoprint-agora-e-all4labels\/#primaryimage\",\"url\":\"https:\/\/projetopack.com.br\/wp-content\/uploads\/2022\/02\/image.jpeg\",\"contentUrl\":\"https:\/\/projetopack.com.br\/wp-content\/uploads\/2022\/02\/image.jpeg\",\"width\":1280,\"height\":720,\"caption\":\"Flexoprint\"},{\"@type\":\"BreadcrumbList\",\"@id\":\"https:\/\/projetopack.com.br\/voce-piscou-e-o-mercado-mudou-flexoprint-agora-e-all4labels\/#breadcrumb\",\"itemListElement\":[{\"@type\":\"ListItem\",\"position\":1,\"name\":\"P\u00e1gina Inicial\",\"item\":\"https:\/\/projetopack.com.br\/\"},{\"@type\":\"ListItem\",\"position\":2,\"name\":\"Fus\u00f5es e aquisi\u00e7\u00f5es\",\"item\":\"https:\/\/projetopack.com.br\/en\/category\/fusoes-e-aquisicoes\/\"},{\"@type\":\"ListItem\",\"position\":3,\"name\":\"Voc\u00ea piscou e o mercado mudou: Flexoprint agora \u00e9 All4Labels\"}]},{\"@type\":\"WebSite\",\"@id\":\"https:\/\/projetopack.com.br\/#website\",\"url\":\"https:\/\/projetopack.com.br\/\",\"name\":\"ProjetoPack\",\"description\":\"Consultoria e servi\u00e7os para embalagens, r\u00f3tulos, etiquetas e processos de impress\u00e3o\",\"publisher\":{\"@id\":\"https:\/\/projetopack.com.br\/#organization\"},\"potentialAction\":[{\"@type\":\"SearchAction\",\"target\":{\"@type\":\"EntryPoint\",\"urlTemplate\":\"https:\/\/projetopack.com.br\/?s={search_term_string}\"},\"query-input\":{\"@type\":\"PropertyValueSpecification\",\"valueRequired\":true,\"valueName\":\"search_term_string\"}}],\"inLanguage\":\"en-US\"},{\"@type\":\"Organization\",\"@id\":\"https:\/\/projetopack.com.br\/#organization\",\"name\":\"ProjetoPack & Associados\",\"url\":\"https:\/\/projetopack.com.br\/\",\"logo\":{\"@type\":\"ImageObject\",\"inLanguage\":\"en-US\",\"@id\":\"https:\/\/projetopack.com.br\/#\/schema\/logo\/image\/\",\"url\":\"https:\/\/projetopack.com.br\/wp-content\/uploads\/2020\/09\/projetopack.png\",\"contentUrl\":\"https:\/\/projetopack.com.br\/wp-content\/uploads\/2020\/09\/projetopack.png\",\"width\":200,\"height\":200,\"caption\":\"ProjetoPack & Associados\"},\"image\":{\"@id\":\"https:\/\/projetopack.com.br\/#\/schema\/logo\/image\/\"},\"sameAs\":[\"https:\/\/x.com\/ProjetoPack\",\"https:\/\/www.linkedin.com\/company\/projetopack\/\"]},{\"@type\":\"Person\",\"@id\":\"https:\/\/projetopack.com.br\/#\/schema\/person\/d17c72a4bc2b7e461496dd8a14d4cef1\",\"name\":\"Andrea\",\"image\":{\"@type\":\"ImageObject\",\"inLanguage\":\"en-US\",\"@id\":\"https:\/\/projetopack.com.br\/#\/schema\/person\/image\/\",\"url\":\"https:\/\/projetopack.com.br\/wp-content\/uploads\/2026\/03\/eu-150x150.jpg\",\"contentUrl\":\"https:\/\/projetopack.com.br\/wp-content\/uploads\/2026\/03\/eu-150x150.jpg\",\"caption\":\"Andrea\"},\"url\":\"https:\/\/projetopack.com.br\/en\/author\/andrea\/\"}]}<\/script>\n<!-- \/ Yoast SEO Premium plugin. -->","yoast_head_json":{"title":"Voc\u00ea piscou e o mercado mudou: Flexoprint agora \u00e9 All4Labels - ProjetoPack","description":"Dois dos \"top 3\" convertedores de r\u00f3tulos e etiquetas agora far\u00e3o parte do mesmo grupo econ\u00f4mico: a All4Labels Global Packaging Group.","robots":{"index":"index","follow":"follow","max-snippet":"max-snippet:-1","max-image-preview":"max-image-preview:large","max-video-preview":"max-video-preview:-1"},"canonical":"https:\/\/projetopack.com.br\/en\/voce-piscou-e-o-mercado-mudou-flexoprint-agora-e-all4labels\/","og_locale":"en_US","og_type":"article","og_title":"Voc\u00ea piscou e o mercado mudou: Flexoprint agora \u00e9 All4Labels","og_description":"Dois dos \"top 3\" convertedores de r\u00f3tulos e etiquetas agora far\u00e3o parte do mesmo grupo econ\u00f4mico: a All4Labels Global Packaging Group.","og_url":"https:\/\/projetopack.com.br\/en\/voce-piscou-e-o-mercado-mudou-flexoprint-agora-e-all4labels\/","og_site_name":"ProjetoPack","article_published_time":"2022-02-24T03:31:32+00:00","article_modified_time":"2022-02-25T18:19:57+00:00","og_image":[{"width":1280,"height":720,"url":"https:\/\/projetopack.com.br\/wp-content\/uploads\/2022\/02\/image.jpeg","type":"image\/jpeg"}],"author":"Andrea","twitter_card":"summary_large_image","twitter_creator":"@ProjetoPack","twitter_site":"@ProjetoPack","twitter_misc":{"Written by":"Andrea","Est. reading time":"3 minutes"},"schema":{"@context":"https:\/\/schema.org","@graph":[{"@type":"Article","@id":"https:\/\/projetopack.com.br\/voce-piscou-e-o-mercado-mudou-flexoprint-agora-e-all4labels\/#article","isPartOf":{"@id":"https:\/\/projetopack.com.br\/voce-piscou-e-o-mercado-mudou-flexoprint-agora-e-all4labels\/"},"author":{"name":"Andrea","@id":"https:\/\/projetopack.com.br\/#\/schema\/person\/d17c72a4bc2b7e461496dd8a14d4cef1"},"headline":"Voc\u00ea piscou e o mercado mudou: Flexoprint agora \u00e9 All4Labels","datePublished":"2022-02-24T03:31:32+00:00","dateModified":"2022-02-25T18:19:57+00:00","mainEntityOfPage":{"@id":"https:\/\/projetopack.com.br\/voce-piscou-e-o-mercado-mudou-flexoprint-agora-e-all4labels\/"},"wordCount":349,"commentCount":0,"publisher":{"@id":"https:\/\/projetopack.com.br\/#organization"},"image":{"@id":"https:\/\/projetopack.com.br\/voce-piscou-e-o-mercado-mudou-flexoprint-agora-e-all4labels\/#primaryimage"},"thumbnailUrl":"https:\/\/projetopack.com.br\/wp-content\/uploads\/2022\/02\/image.jpeg","keywords":["flexoprint","gr\u00e1fica baumgartem","gr\u00e1fica baumgarten"],"articleSection":["Fus\u00f5es e aquisi\u00e7\u00f5es"],"inLanguage":"en-US","potentialAction":[{"@type":"CommentAction","name":"Comment","target":["https:\/\/projetopack.com.br\/voce-piscou-e-o-mercado-mudou-flexoprint-agora-e-all4labels\/#respond"]}]},{"@type":"WebPage","@id":"https:\/\/projetopack.com.br\/voce-piscou-e-o-mercado-mudou-flexoprint-agora-e-all4labels\/","url":"https:\/\/projetopack.com.br\/voce-piscou-e-o-mercado-mudou-flexoprint-agora-e-all4labels\/","name":"Voc\u00ea piscou e o mercado mudou: Flexoprint agora \u00e9 All4Labels - ProjetoPack","isPartOf":{"@id":"https:\/\/projetopack.com.br\/#website"},"primaryImageOfPage":{"@id":"https:\/\/projetopack.com.br\/voce-piscou-e-o-mercado-mudou-flexoprint-agora-e-all4labels\/#primaryimage"},"image":{"@id":"https:\/\/projetopack.com.br\/voce-piscou-e-o-mercado-mudou-flexoprint-agora-e-all4labels\/#primaryimage"},"thumbnailUrl":"https:\/\/projetopack.com.br\/wp-content\/uploads\/2022\/02\/image.jpeg","datePublished":"2022-02-24T03:31:32+00:00","dateModified":"2022-02-25T18:19:57+00:00","description":"Dois dos \"top 3\" convertedores de r\u00f3tulos e etiquetas agora far\u00e3o parte do mesmo grupo econ\u00f4mico: a All4Labels Global Packaging Group.","breadcrumb":{"@id":"https:\/\/projetopack.com.br\/voce-piscou-e-o-mercado-mudou-flexoprint-agora-e-all4labels\/#breadcrumb"},"inLanguage":"en-US","potentialAction":[{"@type":"ReadAction","target":["https:\/\/projetopack.com.br\/voce-piscou-e-o-mercado-mudou-flexoprint-agora-e-all4labels\/"]}]},{"@type":"ImageObject","inLanguage":"en-US","@id":"https:\/\/projetopack.com.br\/voce-piscou-e-o-mercado-mudou-flexoprint-agora-e-all4labels\/#primaryimage","url":"https:\/\/projetopack.com.br\/wp-content\/uploads\/2022\/02\/image.jpeg","contentUrl":"https:\/\/projetopack.com.br\/wp-content\/uploads\/2022\/02\/image.jpeg","width":1280,"height":720,"caption":"Flexoprint"},{"@type":"BreadcrumbList","@id":"https:\/\/projetopack.com.br\/voce-piscou-e-o-mercado-mudou-flexoprint-agora-e-all4labels\/#breadcrumb","itemListElement":[{"@type":"ListItem","position":1,"name":"P\u00e1gina Inicial","item":"https:\/\/projetopack.com.br\/"},{"@type":"ListItem","position":2,"name":"Fus\u00f5es e aquisi\u00e7\u00f5es","item":"https:\/\/projetopack.com.br\/en\/category\/fusoes-e-aquisicoes\/"},{"@type":"ListItem","position":3,"name":"Voc\u00ea piscou e o mercado mudou: Flexoprint agora \u00e9 All4Labels"}]},{"@type":"WebSite","@id":"https:\/\/projetopack.com.br\/#website","url":"https:\/\/projetopack.com.br\/","name":"ProjetoPack","description":"Consultoria e servi\u00e7os para embalagens, r\u00f3tulos, etiquetas e processos de impress\u00e3o","publisher":{"@id":"https:\/\/projetopack.com.br\/#organization"},"potentialAction":[{"@type":"SearchAction","target":{"@type":"EntryPoint","urlTemplate":"https:\/\/projetopack.com.br\/?s={search_term_string}"},"query-input":{"@type":"PropertyValueSpecification","valueRequired":true,"valueName":"search_term_string"}}],"inLanguage":"en-US"},{"@type":"Organization","@id":"https:\/\/projetopack.com.br\/#organization","name":"ProjetoPack & Associados","url":"https:\/\/projetopack.com.br\/","logo":{"@type":"ImageObject","inLanguage":"en-US","@id":"https:\/\/projetopack.com.br\/#\/schema\/logo\/image\/","url":"https:\/\/projetopack.com.br\/wp-content\/uploads\/2020\/09\/projetopack.png","contentUrl":"https:\/\/projetopack.com.br\/wp-content\/uploads\/2020\/09\/projetopack.png","width":200,"height":200,"caption":"ProjetoPack & Associados"},"image":{"@id":"https:\/\/projetopack.com.br\/#\/schema\/logo\/image\/"},"sameAs":["https:\/\/x.com\/ProjetoPack","https:\/\/www.linkedin.com\/company\/projetopack\/"]},{"@type":"Person","@id":"https:\/\/projetopack.com.br\/#\/schema\/person\/d17c72a4bc2b7e461496dd8a14d4cef1","name":"Andrea","image":{"@type":"ImageObject","inLanguage":"en-US","@id":"https:\/\/projetopack.com.br\/#\/schema\/person\/image\/","url":"https:\/\/projetopack.com.br\/wp-content\/uploads\/2026\/03\/eu-150x150.jpg","contentUrl":"https:\/\/projetopack.com.br\/wp-content\/uploads\/2026\/03\/eu-150x150.jpg","caption":"Andrea"},"url":"https:\/\/projetopack.com.br\/en\/author\/andrea\/"}]}},"_links":{"self":[{"href":"https:\/\/projetopack.com.br\/en\/wp-json\/wp\/v2\/posts\/18297","targetHints":{"allow":["GET"]}}],"collection":[{"href":"https:\/\/projetopack.com.br\/en\/wp-json\/wp\/v2\/posts"}],"about":[{"href":"https:\/\/projetopack.com.br\/en\/wp-json\/wp\/v2\/types\/post"}],"author":[{"embeddable":true,"href":"https:\/\/projetopack.com.br\/en\/wp-json\/wp\/v2\/users\/18"}],"replies":[{"embeddable":true,"href":"https:\/\/projetopack.com.br\/en\/wp-json\/wp\/v2\/comments?post=18297"}],"version-history":[{"count":0,"href":"https:\/\/projetopack.com.br\/en\/wp-json\/wp\/v2\/posts\/18297\/revisions"}],"wp:featuredmedia":[{"embeddable":true,"href":"https:\/\/projetopack.com.br\/en\/wp-json\/wp\/v2\/media\/18298"}],"wp:attachment":[{"href":"https:\/\/projetopack.com.br\/en\/wp-json\/wp\/v2\/media?parent=18297"}],"wp:term":[{"taxonomy":"category","embeddable":true,"href":"https:\/\/projetopack.com.br\/en\/wp-json\/wp\/v2\/categories?post=18297"},{"taxonomy":"post_tag","embeddable":true,"href":"https:\/\/projetopack.com.br\/en\/wp-json\/wp\/v2\/tags?post=18297"}],"curies":[{"name":"wp","href":"https:\/\/api.w.org\/{rel}","templated":true}]}}