{"id":18453,"date":"2022-03-01T16:45:23","date_gmt":"2022-03-01T19:45:23","guid":{"rendered":"https:\/\/www.projetopack.com.br\/?p=18453"},"modified":"2022-03-01T16:45:24","modified_gmt":"2022-03-01T19:45:24","slug":"labelexpo-europe-adiada-culpa-do-putin","status":"publish","type":"post","link":"https:\/\/projetopack.com.br\/en\/labelexpo-europe-adiada-culpa-do-putin\/","title":{"rendered":"LabelExpo Europe adiada: culpa do Putin?"},"content":{"rendered":"<figure class=\"wp-block-image size-full\"><img fetchpriority=\"high\" decoding=\"async\" width=\"1400\" height=\"984\" src=\"https:\/\/projetopack.com.br\/wp-content\/uploads\/2022\/03\/image.jpeg\" alt=\"labelexpo europe pr\u00e9dio\" class=\"wp-image-18454\" srcset=\"https:\/\/projetopack.com.br\/wp-content\/uploads\/2022\/03\/image.jpeg 1400w, https:\/\/projetopack.com.br\/wp-content\/uploads\/2022\/03\/image-300x211.jpeg 300w, https:\/\/projetopack.com.br\/wp-content\/uploads\/2022\/03\/image-600x421.jpeg 600w, https:\/\/projetopack.com.br\/wp-content\/uploads\/2022\/03\/image-768x539.jpeg 768w, https:\/\/projetopack.com.br\/wp-content\/uploads\/2022\/03\/image-18x12.jpeg 18w\" sizes=\"(max-width: 1400px) 100vw, 1400px\" \/><figcaption>Fachada da LabelExpo Europe &#8211; da internet<\/figcaption><\/figure>\n\n\n\n<p>Bem, acho que todos j\u00e1 meio que imaginavam que a <a href=\"https:\/\/www.labelexpo-europe.com\/\" rel=\"noreferrer noopener\" target=\"_blank\">nota<\/a> da <a href=\"https:\/\/www.tarsus.com\/\" rel=\"noreferrer noopener\" target=\"_blank\">Tarsus Group<\/a> chegaria, cedo ou tarde, por e-mail. Pois bem, chegou hoje.<\/p>\n\n\n\n<figure class=\"wp-block-pullquote\" id=\"h-o-time-de-organizadores-tomou-a-decisao-de-mover-a-data-do-evento-a-luz-da-significativa-pressao-sobre-a-cadeia-de-suprimentos-enfrentada-pela-industria-convertedora-de-rotulos-e-etiquetas-europeia-que-esta-experimentando-em-conjunto-com-a-rapida-evolucao-da-situacao-da-ucrania\"><blockquote><p>&#8220;O time de organizadores tomou a decis\u00e3o de mover a data do evento \u00e0 luz da significativa press\u00e3o sobre a cadeia de suprimentos enfrentada pela ind\u00fastria convertedora de r\u00f3tulos e etiquetas europeia, que est\u00e1 experimentando em conjunto com a r\u00e1pida evolu\u00e7\u00e3o da situa\u00e7\u00e3o da Ucr\u00e2nia&#8221;.<\/p><\/blockquote><\/figure>\n\n\n\n<p>Este par\u00e1grafo traduz a situa\u00e7\u00e3o complexa do cen\u00e1rio europeu, provavelmente o maior p\u00fablico do evento em participa\u00e7\u00e3o, que sofre com a covid-19 (embora as restri\u00e7\u00f5es tenham diminu\u00eddo, assim como as mortes, muitas destas ind\u00fastrias est\u00e3o prejudicadas em termos econ\u00f4micos), com a falta de mat\u00e9rias-primas (algu\u00e9m leu nosso Infopack sobre a <a href=\"https:\/\/www.linkedin.com\/pulse\/apertem-os-cintos-o-liner-sumiu-aislan-baer\/\" target=\"_blank\" rel=\"noreferrer noopener\">falta de liner<\/a>?) e, agora, com o medo e preocupa\u00e7\u00e3o da escalada do conflito russo &#8211; ucraniano.<\/p>\n\n\n\n<h2 class=\"wp-block-heading\" id=\"h-as-feiras-e-eventos-internacionais-de-grande-porte-ja-seguiam-seriamente-abaladas-pela-pandemia\">As feiras e eventos internacionais de grande porte j\u00e1 seguiam seriamente abaladas pela pandemia.<\/h2>\n\n\n\n<p>Talvez agora e nos pr\u00f3ximos anos, o mundo se torne mais isolacionista e segregado (um movimento no sentido oposto \u00e0 globaliza\u00e7\u00e3o). Ser\u00e1 que os processos de virtualiza\u00e7\u00e3o das intera\u00e7\u00f5es como o metaverso v\u00e3o acelerar ainda mais?<\/p>\n\n\n\n<p>A nova data da <strong>LabelExpo Europe<\/strong> ficar\u00e1 para os dias <strong>11 a 14 de setembro de 2023<\/strong>. Para voc\u00ea, que j\u00e1 tinha reservado as passagens e estava ansioso por uma feira setorial, sugerimos a <a href=\"https:\/\/flexoelabels.com\/\" rel=\"noreferrer noopener\" target=\"_blank\">Flexo &amp; Labels<\/a>, em S\u00e3o Paulo nos dias <strong>24 a 27 de maio deste ano<\/strong>.<\/p>\n\n\n\n<p class=\"has-cyan-bluish-gray-background-color has-background\">Um evento focado, de nicho, bem diferente das tediosas feiras gen\u00e9ricas. Aproveita a visita e j\u00e1 procura o estande da ProjetoPack para que possamos tomar um caf\u00e9 juntos e discutir tend\u00eancias e oportunidades no setor gr\u00e1fico.<\/p>\n\n\n\n<p><strong>Leia mais em nosso blog:<\/strong><\/p>\n\n\n\n<p><a href=\"https:\/\/projetopack.com.br\/en\/o-que-rolou-na-labelexpo-europe-2019\/\" target=\"_blank\" rel=\"noreferrer noopener\">O que rolou na LabelExpo Europe 2019<\/a><\/p>\n\n\n\n<p>&#8212;<\/p>","protected":false},"excerpt":{"rendered":"<p>A LabelExpo Europe \u00e9 adiada para setembro de 2023. Saiba o porqu\u00ea.<\/p>","protected":false},"author":18,"featured_media":18454,"comment_status":"open","ping_status":"closed","sticky":true,"template":"","format":"standard","meta":{"footnotes":""},"categories":[600],"tags":[935,934,396,292,249,170,933],"class_list":["post-18453","post","type-post","status-publish","format-standard","has-post-thumbnail","hentry","category-eventos","tag-adiamento-da-labelexpo","tag-cancelamento-da-feira","tag-labelexpo","tag-labelexpo-europe","tag-rotulos","tag-rotulos-e-etiquetas","tag-tarsus-group"],"yoast_head":"<!-- This site is optimized with the Yoast SEO Premium plugin v27.1 (Yoast SEO v27.1.1) - https:\/\/yoast.com\/product\/yoast-seo-premium-wordpress\/ -->\n<title>LabelExpo Europe adiada: culpa do Putin? - ProjetoPack<\/title>\n<meta name=\"description\" content=\"A nova data da feira internacional LabelExpo Europe ficar\u00e1 para os dias 11 a 14 de setembro de 2023, um ano adiante.\" \/>\n<meta name=\"robots\" content=\"index, follow, max-snippet:-1, max-image-preview:large, max-video-preview:-1\" \/>\n<link rel=\"canonical\" href=\"https:\/\/projetopack.com.br\/en\/labelexpo-europe-adiada-culpa-do-putin\/\" \/>\n<meta property=\"og:locale\" content=\"en_US\" \/>\n<meta property=\"og:type\" content=\"article\" \/>\n<meta property=\"og:title\" content=\"LabelExpo Europe adiada: culpa do Putin?\" \/>\n<meta property=\"og:description\" content=\"A nova data da feira internacional LabelExpo Europe ficar\u00e1 para os dias 11 a 14 de setembro de 2023, um ano adiante.\" \/>\n<meta property=\"og:url\" content=\"https:\/\/projetopack.com.br\/en\/labelexpo-europe-adiada-culpa-do-putin\/\" \/>\n<meta property=\"og:site_name\" content=\"ProjetoPack\" \/>\n<meta property=\"article:published_time\" content=\"2022-03-01T19:45:23+00:00\" \/>\n<meta property=\"article:modified_time\" content=\"2022-03-01T19:45:24+00:00\" \/>\n<meta property=\"og:image\" content=\"https:\/\/projetopack.com.br\/wp-content\/uploads\/2022\/03\/image.jpeg\" \/>\n\t<meta property=\"og:image:width\" content=\"1400\" \/>\n\t<meta property=\"og:image:height\" content=\"984\" \/>\n\t<meta property=\"og:image:type\" content=\"image\/jpeg\" \/>\n<meta name=\"author\" content=\"Andrea\" \/>\n<meta name=\"twitter:card\" content=\"summary_large_image\" \/>\n<meta name=\"twitter:creator\" content=\"@ProjetoPack\" \/>\n<meta name=\"twitter:site\" content=\"@ProjetoPack\" \/>\n<meta name=\"twitter:label1\" content=\"Written by\" \/>\n\t<meta name=\"twitter:data1\" content=\"Andrea\" \/>\n\t<meta name=\"twitter:label2\" content=\"Est. reading time\" \/>\n\t<meta name=\"twitter:data2\" content=\"2 minutes\" \/>\n<script type=\"application\/ld+json\" class=\"yoast-schema-graph\">{\"@context\":\"https:\/\/schema.org\",\"@graph\":[{\"@type\":\"Article\",\"@id\":\"https:\/\/projetopack.com.br\/labelexpo-europe-adiada-culpa-do-putin\/#article\",\"isPartOf\":{\"@id\":\"https:\/\/projetopack.com.br\/labelexpo-europe-adiada-culpa-do-putin\/\"},\"author\":{\"name\":\"Andrea\",\"@id\":\"https:\/\/projetopack.com.br\/#\/schema\/person\/d17c72a4bc2b7e461496dd8a14d4cef1\"},\"headline\":\"LabelExpo Europe adiada: culpa do Putin?\",\"datePublished\":\"2022-03-01T19:45:23+00:00\",\"dateModified\":\"2022-03-01T19:45:24+00:00\",\"mainEntityOfPage\":{\"@id\":\"https:\/\/projetopack.com.br\/labelexpo-europe-adiada-culpa-do-putin\/\"},\"wordCount\":319,\"commentCount\":0,\"publisher\":{\"@id\":\"https:\/\/projetopack.com.br\/#organization\"},\"image\":{\"@id\":\"https:\/\/projetopack.com.br\/labelexpo-europe-adiada-culpa-do-putin\/#primaryimage\"},\"thumbnailUrl\":\"https:\/\/projetopack.com.br\/wp-content\/uploads\/2022\/03\/image.jpeg\",\"keywords\":[\"adiamento da labelexpo\",\"cancelamento da feira\",\"labelexpo\",\"Labelexpo Europe\",\"r\u00f3tulos\",\"r\u00f3tulos e etiquetas\",\"tarsus group\"],\"articleSection\":[\"Eventos\"],\"inLanguage\":\"en-US\",\"potentialAction\":[{\"@type\":\"CommentAction\",\"name\":\"Comment\",\"target\":[\"https:\/\/projetopack.com.br\/labelexpo-europe-adiada-culpa-do-putin\/#respond\"]}]},{\"@type\":\"WebPage\",\"@id\":\"https:\/\/projetopack.com.br\/labelexpo-europe-adiada-culpa-do-putin\/\",\"url\":\"https:\/\/projetopack.com.br\/labelexpo-europe-adiada-culpa-do-putin\/\",\"name\":\"LabelExpo Europe adiada: culpa do Putin? - ProjetoPack\",\"isPartOf\":{\"@id\":\"https:\/\/projetopack.com.br\/#website\"},\"primaryImageOfPage\":{\"@id\":\"https:\/\/projetopack.com.br\/labelexpo-europe-adiada-culpa-do-putin\/#primaryimage\"},\"image\":{\"@id\":\"https:\/\/projetopack.com.br\/labelexpo-europe-adiada-culpa-do-putin\/#primaryimage\"},\"thumbnailUrl\":\"https:\/\/projetopack.com.br\/wp-content\/uploads\/2022\/03\/image.jpeg\",\"datePublished\":\"2022-03-01T19:45:23+00:00\",\"dateModified\":\"2022-03-01T19:45:24+00:00\",\"description\":\"A nova data da feira internacional LabelExpo Europe ficar\u00e1 para os dias 11 a 14 de setembro de 2023, um ano adiante.\",\"breadcrumb\":{\"@id\":\"https:\/\/projetopack.com.br\/labelexpo-europe-adiada-culpa-do-putin\/#breadcrumb\"},\"inLanguage\":\"en-US\",\"potentialAction\":[{\"@type\":\"ReadAction\",\"target\":[\"https:\/\/projetopack.com.br\/labelexpo-europe-adiada-culpa-do-putin\/\"]}]},{\"@type\":\"ImageObject\",\"inLanguage\":\"en-US\",\"@id\":\"https:\/\/projetopack.com.br\/labelexpo-europe-adiada-culpa-do-putin\/#primaryimage\",\"url\":\"https:\/\/projetopack.com.br\/wp-content\/uploads\/2022\/03\/image.jpeg\",\"contentUrl\":\"https:\/\/projetopack.com.br\/wp-content\/uploads\/2022\/03\/image.jpeg\",\"width\":1400,\"height\":984,\"caption\":\"labelexpo europe\"},{\"@type\":\"BreadcrumbList\",\"@id\":\"https:\/\/projetopack.com.br\/labelexpo-europe-adiada-culpa-do-putin\/#breadcrumb\",\"itemListElement\":[{\"@type\":\"ListItem\",\"position\":1,\"name\":\"P\u00e1gina Inicial\",\"item\":\"https:\/\/projetopack.com.br\/\"},{\"@type\":\"ListItem\",\"position\":2,\"name\":\"Eventos\",\"item\":\"https:\/\/projetopack.com.br\/category\/eventos\/\"},{\"@type\":\"ListItem\",\"position\":3,\"name\":\"LabelExpo Europe adiada: culpa do Putin?\"}]},{\"@type\":\"WebSite\",\"@id\":\"https:\/\/projetopack.com.br\/#website\",\"url\":\"https:\/\/projetopack.com.br\/\",\"name\":\"ProjetoPack\",\"description\":\"Consultoria e servi\u00e7os para embalagens, r\u00f3tulos, etiquetas e processos de impress\u00e3o\",\"publisher\":{\"@id\":\"https:\/\/projetopack.com.br\/#organization\"},\"potentialAction\":[{\"@type\":\"SearchAction\",\"target\":{\"@type\":\"EntryPoint\",\"urlTemplate\":\"https:\/\/projetopack.com.br\/?s={search_term_string}\"},\"query-input\":{\"@type\":\"PropertyValueSpecification\",\"valueRequired\":true,\"valueName\":\"search_term_string\"}}],\"inLanguage\":\"en-US\"},{\"@type\":\"Organization\",\"@id\":\"https:\/\/projetopack.com.br\/#organization\",\"name\":\"ProjetoPack & Associados\",\"url\":\"https:\/\/projetopack.com.br\/\",\"logo\":{\"@type\":\"ImageObject\",\"inLanguage\":\"en-US\",\"@id\":\"https:\/\/projetopack.com.br\/#\/schema\/logo\/image\/\",\"url\":\"https:\/\/projetopack.com.br\/wp-content\/uploads\/2020\/09\/projetopack.png\",\"contentUrl\":\"https:\/\/projetopack.com.br\/wp-content\/uploads\/2020\/09\/projetopack.png\",\"width\":200,\"height\":200,\"caption\":\"ProjetoPack & Associados\"},\"image\":{\"@id\":\"https:\/\/projetopack.com.br\/#\/schema\/logo\/image\/\"},\"sameAs\":[\"https:\/\/x.com\/ProjetoPack\",\"https:\/\/www.linkedin.com\/company\/projetopack\/\"]},{\"@type\":\"Person\",\"@id\":\"https:\/\/projetopack.com.br\/#\/schema\/person\/d17c72a4bc2b7e461496dd8a14d4cef1\",\"name\":\"Andrea\",\"image\":{\"@type\":\"ImageObject\",\"inLanguage\":\"en-US\",\"@id\":\"https:\/\/projetopack.com.br\/#\/schema\/person\/image\/\",\"url\":\"https:\/\/projetopack.com.br\/wp-content\/uploads\/2026\/03\/eu-150x150.jpg\",\"contentUrl\":\"https:\/\/projetopack.com.br\/wp-content\/uploads\/2026\/03\/eu-150x150.jpg\",\"caption\":\"Andrea\"},\"url\":\"https:\/\/projetopack.com.br\/en\/author\/andrea\/\"}]}<\/script>\n<!-- \/ Yoast SEO Premium plugin. -->","yoast_head_json":{"title":"LabelExpo Europe adiada: culpa do Putin? - ProjetoPack","description":"A nova data da feira internacional LabelExpo Europe ficar\u00e1 para os dias 11 a 14 de setembro de 2023, um ano adiante.","robots":{"index":"index","follow":"follow","max-snippet":"max-snippet:-1","max-image-preview":"max-image-preview:large","max-video-preview":"max-video-preview:-1"},"canonical":"https:\/\/projetopack.com.br\/en\/labelexpo-europe-adiada-culpa-do-putin\/","og_locale":"en_US","og_type":"article","og_title":"LabelExpo Europe adiada: culpa do Putin?","og_description":"A nova data da feira internacional LabelExpo Europe ficar\u00e1 para os dias 11 a 14 de setembro de 2023, um ano adiante.","og_url":"https:\/\/projetopack.com.br\/en\/labelexpo-europe-adiada-culpa-do-putin\/","og_site_name":"ProjetoPack","article_published_time":"2022-03-01T19:45:23+00:00","article_modified_time":"2022-03-01T19:45:24+00:00","og_image":[{"width":1400,"height":984,"url":"https:\/\/projetopack.com.br\/wp-content\/uploads\/2022\/03\/image.jpeg","type":"image\/jpeg"}],"author":"Andrea","twitter_card":"summary_large_image","twitter_creator":"@ProjetoPack","twitter_site":"@ProjetoPack","twitter_misc":{"Written by":"Andrea","Est. reading time":"2 minutes"},"schema":{"@context":"https:\/\/schema.org","@graph":[{"@type":"Article","@id":"https:\/\/projetopack.com.br\/labelexpo-europe-adiada-culpa-do-putin\/#article","isPartOf":{"@id":"https:\/\/projetopack.com.br\/labelexpo-europe-adiada-culpa-do-putin\/"},"author":{"name":"Andrea","@id":"https:\/\/projetopack.com.br\/#\/schema\/person\/d17c72a4bc2b7e461496dd8a14d4cef1"},"headline":"LabelExpo Europe adiada: culpa do Putin?","datePublished":"2022-03-01T19:45:23+00:00","dateModified":"2022-03-01T19:45:24+00:00","mainEntityOfPage":{"@id":"https:\/\/projetopack.com.br\/labelexpo-europe-adiada-culpa-do-putin\/"},"wordCount":319,"commentCount":0,"publisher":{"@id":"https:\/\/projetopack.com.br\/#organization"},"image":{"@id":"https:\/\/projetopack.com.br\/labelexpo-europe-adiada-culpa-do-putin\/#primaryimage"},"thumbnailUrl":"https:\/\/projetopack.com.br\/wp-content\/uploads\/2022\/03\/image.jpeg","keywords":["adiamento da labelexpo","cancelamento da feira","labelexpo","Labelexpo Europe","r\u00f3tulos","r\u00f3tulos e etiquetas","tarsus group"],"articleSection":["Eventos"],"inLanguage":"en-US","potentialAction":[{"@type":"CommentAction","name":"Comment","target":["https:\/\/projetopack.com.br\/labelexpo-europe-adiada-culpa-do-putin\/#respond"]}]},{"@type":"WebPage","@id":"https:\/\/projetopack.com.br\/labelexpo-europe-adiada-culpa-do-putin\/","url":"https:\/\/projetopack.com.br\/labelexpo-europe-adiada-culpa-do-putin\/","name":"LabelExpo Europe adiada: culpa do Putin? - ProjetoPack","isPartOf":{"@id":"https:\/\/projetopack.com.br\/#website"},"primaryImageOfPage":{"@id":"https:\/\/projetopack.com.br\/labelexpo-europe-adiada-culpa-do-putin\/#primaryimage"},"image":{"@id":"https:\/\/projetopack.com.br\/labelexpo-europe-adiada-culpa-do-putin\/#primaryimage"},"thumbnailUrl":"https:\/\/projetopack.com.br\/wp-content\/uploads\/2022\/03\/image.jpeg","datePublished":"2022-03-01T19:45:23+00:00","dateModified":"2022-03-01T19:45:24+00:00","description":"A nova data da feira internacional LabelExpo Europe ficar\u00e1 para os dias 11 a 14 de setembro de 2023, um ano adiante.","breadcrumb":{"@id":"https:\/\/projetopack.com.br\/labelexpo-europe-adiada-culpa-do-putin\/#breadcrumb"},"inLanguage":"en-US","potentialAction":[{"@type":"ReadAction","target":["https:\/\/projetopack.com.br\/labelexpo-europe-adiada-culpa-do-putin\/"]}]},{"@type":"ImageObject","inLanguage":"en-US","@id":"https:\/\/projetopack.com.br\/labelexpo-europe-adiada-culpa-do-putin\/#primaryimage","url":"https:\/\/projetopack.com.br\/wp-content\/uploads\/2022\/03\/image.jpeg","contentUrl":"https:\/\/projetopack.com.br\/wp-content\/uploads\/2022\/03\/image.jpeg","width":1400,"height":984,"caption":"labelexpo europe"},{"@type":"BreadcrumbList","@id":"https:\/\/projetopack.com.br\/labelexpo-europe-adiada-culpa-do-putin\/#breadcrumb","itemListElement":[{"@type":"ListItem","position":1,"name":"P\u00e1gina Inicial","item":"https:\/\/projetopack.com.br\/"},{"@type":"ListItem","position":2,"name":"Eventos","item":"https:\/\/projetopack.com.br\/category\/eventos\/"},{"@type":"ListItem","position":3,"name":"LabelExpo Europe adiada: culpa do Putin?"}]},{"@type":"WebSite","@id":"https:\/\/projetopack.com.br\/#website","url":"https:\/\/projetopack.com.br\/","name":"ProjetoPack","description":"Consultoria e servi\u00e7os para embalagens, r\u00f3tulos, etiquetas e processos de impress\u00e3o","publisher":{"@id":"https:\/\/projetopack.com.br\/#organization"},"potentialAction":[{"@type":"SearchAction","target":{"@type":"EntryPoint","urlTemplate":"https:\/\/projetopack.com.br\/?s={search_term_string}"},"query-input":{"@type":"PropertyValueSpecification","valueRequired":true,"valueName":"search_term_string"}}],"inLanguage":"en-US"},{"@type":"Organization","@id":"https:\/\/projetopack.com.br\/#organization","name":"ProjetoPack & Associados","url":"https:\/\/projetopack.com.br\/","logo":{"@type":"ImageObject","inLanguage":"en-US","@id":"https:\/\/projetopack.com.br\/#\/schema\/logo\/image\/","url":"https:\/\/projetopack.com.br\/wp-content\/uploads\/2020\/09\/projetopack.png","contentUrl":"https:\/\/projetopack.com.br\/wp-content\/uploads\/2020\/09\/projetopack.png","width":200,"height":200,"caption":"ProjetoPack & Associados"},"image":{"@id":"https:\/\/projetopack.com.br\/#\/schema\/logo\/image\/"},"sameAs":["https:\/\/x.com\/ProjetoPack","https:\/\/www.linkedin.com\/company\/projetopack\/"]},{"@type":"Person","@id":"https:\/\/projetopack.com.br\/#\/schema\/person\/d17c72a4bc2b7e461496dd8a14d4cef1","name":"Andrea","image":{"@type":"ImageObject","inLanguage":"en-US","@id":"https:\/\/projetopack.com.br\/#\/schema\/person\/image\/","url":"https:\/\/projetopack.com.br\/wp-content\/uploads\/2026\/03\/eu-150x150.jpg","contentUrl":"https:\/\/projetopack.com.br\/wp-content\/uploads\/2026\/03\/eu-150x150.jpg","caption":"Andrea"},"url":"https:\/\/projetopack.com.br\/en\/author\/andrea\/"}]}},"_links":{"self":[{"href":"https:\/\/projetopack.com.br\/en\/wp-json\/wp\/v2\/posts\/18453","targetHints":{"allow":["GET"]}}],"collection":[{"href":"https:\/\/projetopack.com.br\/en\/wp-json\/wp\/v2\/posts"}],"about":[{"href":"https:\/\/projetopack.com.br\/en\/wp-json\/wp\/v2\/types\/post"}],"author":[{"embeddable":true,"href":"https:\/\/projetopack.com.br\/en\/wp-json\/wp\/v2\/users\/18"}],"replies":[{"embeddable":true,"href":"https:\/\/projetopack.com.br\/en\/wp-json\/wp\/v2\/comments?post=18453"}],"version-history":[{"count":0,"href":"https:\/\/projetopack.com.br\/en\/wp-json\/wp\/v2\/posts\/18453\/revisions"}],"wp:featuredmedia":[{"embeddable":true,"href":"https:\/\/projetopack.com.br\/en\/wp-json\/wp\/v2\/media\/18454"}],"wp:attachment":[{"href":"https:\/\/projetopack.com.br\/en\/wp-json\/wp\/v2\/media?parent=18453"}],"wp:term":[{"taxonomy":"category","embeddable":true,"href":"https:\/\/projetopack.com.br\/en\/wp-json\/wp\/v2\/categories?post=18453"},{"taxonomy":"post_tag","embeddable":true,"href":"https:\/\/projetopack.com.br\/en\/wp-json\/wp\/v2\/tags?post=18453"}],"curies":[{"name":"wp","href":"https:\/\/api.w.org\/{rel}","templated":true}]}}