{"id":18801,"date":"2022-03-13T13:05:46","date_gmt":"2022-03-13T16:05:46","guid":{"rendered":"https:\/\/www.projetopack.com.br\/?p=18801"},"modified":"2022-03-13T13:05:47","modified_gmt":"2022-03-13T16:05:47","slug":"combustivel-nas-alturas-favorece-a-embalagem-flexivel","status":"publish","type":"post","link":"https:\/\/projetopack.com.br\/en\/combustivel-nas-alturas-favorece-a-embalagem-flexivel\/","title":{"rendered":"Combust\u00edvel nas alturas favorece a embalagem flex\u00edvel?"},"content":{"rendered":"<p>\u00c9 ineg\u00e1vel: esta loucura de Putin trar\u00e1 um sabor amargo aos convertedores de embalagens flex\u00edveis e r\u00f3tulos, no que concerne ao aumento gradual das resinas termopl\u00e1sticas. Pl\u00e1stico mais caro significa uma eros\u00e3o ainda maior das margens, ao menos num primeiro momento enquanto dura o processo de repasse aos clientes, os donos das marcas.<\/p>\n\n\n\n<p>Mas esta conclus\u00e3o sobre os inexor\u00e1veis aumentos de mat\u00e9rias-primas vindouros e a dificuldade em negociar com os clientes (muito disso em virtude dos concorrentes que represam os aumentos por medo de perder o cliente, ou por estrat\u00e9gia comercial mesmo) s\u00e3o obviedades que n\u00e3o merecem que desperdicemos tempo debatendo por aqui.<\/p>\n\n\n\n<figure class=\"wp-block-pullquote\"><blockquote><p>O interessante \u00e9 tentarmos enxergar al\u00e9m e, de prefer\u00eancia, com algum otimismo.<\/p><\/blockquote><\/figure>\n\n\n\n<figure class=\"wp-block-image size-full\"><img fetchpriority=\"high\" decoding=\"async\" width=\"1120\" height=\"910\" src=\"https:\/\/projetopack.com.br\/wp-content\/uploads\/2022\/03\/general.jpg\" alt=\"crise do petr\u00f3leo em 1973\" class=\"wp-image-18802\" srcset=\"https:\/\/projetopack.com.br\/wp-content\/uploads\/2022\/03\/general.jpg 1120w, https:\/\/projetopack.com.br\/wp-content\/uploads\/2022\/03\/general-300x244.jpg 300w, https:\/\/projetopack.com.br\/wp-content\/uploads\/2022\/03\/general-600x487.jpg 600w, https:\/\/projetopack.com.br\/wp-content\/uploads\/2022\/03\/general-768x624.jpg 768w\" sizes=\"(max-width: 1120px) 100vw, 1120px\" \/><figcaption>Leon Mill usa um spray num cartaz no posto de combust\u00edvel 66, nos EUA, informando que n\u00e3o havia combust\u00edvel durante a crise do petr\u00f3leo em 1973<\/figcaption><\/figure>\n\n\n\n<p>Um aumento nos pre\u00e7os dos combust\u00edveis sempre traz consigo um impacto devastador nas empresas de transportes e na cadeia log\u00edstica como um todo. E estes pre\u00e7os &#8211; podem ter certeza &#8211; s\u00e3o, cedo ou tarde, repassados ao consumidor final. Tudo isso corrobora para uma s\u00e9rie de considera\u00e7\u00f5es dos donos das marcas, acerca de estrat\u00e9gias para, pelo menos, reduzir um pouco o impacto econ\u00f4mico de suas mercadorias logisticamente inflacionadas.<\/p>\n\n\n\n<p class=\"has-cyan-bluish-gray-background-color has-background\"><strong>Uma destas estrat\u00e9gias \u00e9 a de unitizar melhor as cargas.<\/strong> Transportar mais, por menos. Quando se trata de embalagens, implica em entregar um maior n\u00famero de unidades a cada despacho, preferencialmente com menor peso &#8211; de forma a reduzir a rela\u00e7\u00e3o combust\u00edvel por unidade de embalagem transportada.<\/p>\n\n\n\n<p>E, vejam s\u00f3, advinha qual a solu\u00e7\u00e3o de embalagem que mais favorece esta l\u00f3gica?<\/p>\n\n\n\n<p>Acertou quem pensou nas embalagens flex\u00edveis. Em momentos de alta de combust\u00edveis, &#8220;transportar vento&#8221; &#8211; na forma de frascos pl\u00e1sticos soprados ou injetados &#8211; come\u00e7a a incomodar um pouco mais. Transportar peso demais, na forma de garrafas de vidro ou latas met\u00e1licas, \u00e9 tamb\u00e9m algo sob judice.<\/p>\n\n\n\n<p>A maioria das grandes convers\u00f5es de SKU&#8217;s de embalagens r\u00edgidas e semi-r\u00edgidas para solu\u00e7\u00f5es equivalentes em flex\u00edveis veio, coincid\u00eancia ou n\u00e3o, ap\u00f3s uma alta de pre\u00e7os hist\u00f3rica que impactou a cadeia log\u00edstica (ou, n\u00e3o menos importante, em situa\u00e7\u00e3o de escassez de uma determinada mat\u00e9ria-prima).<\/p>\n\n\n\n<p>A crise global do petr\u00f3leo, deflagrada em meados dos anos 70 adveio do embargo dos pa\u00edses \u00e1rabes da OPEC aos Estados Unidos, em resposta ao apoio norte-americano \u00e0 Israel na <a href=\"https:\/\/brasilescola.uol.com.br\/guerras\/guerra-yom-kippur.htm\" target=\"_blank\" rel=\"noreferrer noopener\">Guerra de Yom Kippur<\/a>. Pouco tempo antes, surgia na Fran\u00e7a (um dos pa\u00edses que viria a ser mais impactado pela crise do petr\u00f3leo) a solu\u00e7\u00e3o <strong>Stand-Up Pouch<\/strong>, que pouparia um valor inestim\u00e1vel de combust\u00edvel no transporte de produtos aliment\u00edcios.<\/p>\n\n\n\n<figure class=\"wp-block-pullquote\"><blockquote><p>Coincid\u00eancia? Talvez n\u00e3o.<\/p><\/blockquote><\/figure>\n\n\n\n<p>Grandes cases da ind\u00fastria nacional como a inser\u00e7\u00e3o de molho de tomate da lata ou vidro para o SUP e a estreia dos refis de produtos sapon\u00e1ceos veio, mais ou menos concomitante, \u00e0 escassez e alta no pre\u00e7o dos combust\u00edveis.<\/p>\n\n\n\n<p class=\"has-cyan-bluish-gray-background-color has-background\" id=\"h-portanto-se-voce-e-um-convertedor-sugiro-que-tente-manter-a-calma-e-pense-um-pouco-mais-estrategicamente-e-uma-boa-oportunidade-de-propor-solucoes-que-reduzam-o-custo-do-frete-unitario-por-unidade-de-embalagem-aos-seus-clientes\">Portanto, se voc\u00ea \u00e9 um convertedor, sugiro que tente manter a calma e pense um pouco mais estrategicamente: \u00e9 uma boa oportunidade de propor solu\u00e7\u00f5es que reduzam o custo do frete unit\u00e1rio por unidade de embalagem aos seus clientes.<\/p>\n\n\n\n<p>Em suma, boa hora para fazer o pessoal de PD&amp;I trabalhar redobrado. Boa sorte!<\/p>\n\n\n\n<p><strong>Leia mais em nosso blog:<\/strong><\/p>\n\n\n\n<p><a href=\"https:\/\/projetopack.com.br\/o-que-a-aquisicao-da-scholle-ipn-pela-sig-combibloc-de-fato-significa\/\" target=\"_blank\" rel=\"noreferrer noopener\">O que significa a aquisi\u00e7\u00e3o da Scholle IPN pela Sig Combibloc?<\/a><\/p>","protected":false},"excerpt":{"rendered":"<p>Aumento dos combust\u00edveis \u00e9 uma oportunidade de m\u00e9dio prazo para a embalagem flex\u00edvel<\/p>","protected":false},"author":2,"featured_media":18803,"comment_status":"open","ping_status":"closed","sticky":true,"template":"","format":"standard","meta":{"footnotes":""},"categories":[344],"tags":[937,936,940,939,938],"class_list":["post-18801","post","type-post","status-publish","format-standard","has-post-thumbnail","hentry","category-opiniao","tag-combustivel","tag-petroleo","tag-putin","tag-russia","tag-ucrania"],"yoast_head":"<!-- This site is optimized with the Yoast SEO Premium plugin v27.1 (Yoast SEO v27.1.1) - https:\/\/yoast.com\/product\/yoast-seo-premium-wordpress\/ -->\n<title>Combust\u00edvel nas alturas favorece a embalagem flex\u00edvel? - ProjetoPack<\/title>\n<meta name=\"description\" content=\"A loucura de Putin trar\u00e1 um sabor amargo aos convertedores de embalagens flex\u00edveis e r\u00f3tulos, no que concerne ao aumento gradual das resinas.\" \/>\n<meta name=\"robots\" content=\"index, follow, max-snippet:-1, max-image-preview:large, max-video-preview:-1\" \/>\n<link rel=\"canonical\" href=\"https:\/\/projetopack.com.br\/en\/combustivel-nas-alturas-favorece-a-embalagem-flexivel\/\" \/>\n<meta property=\"og:locale\" content=\"en_US\" \/>\n<meta property=\"og:type\" content=\"article\" \/>\n<meta property=\"og:title\" content=\"Combust\u00edvel nas alturas favorece a embalagem flex\u00edvel?\" \/>\n<meta property=\"og:description\" content=\"A loucura de Putin trar\u00e1 um sabor amargo aos convertedores de embalagens flex\u00edveis e r\u00f3tulos, no que concerne ao aumento gradual das resinas.\" \/>\n<meta property=\"og:url\" content=\"https:\/\/projetopack.com.br\/en\/combustivel-nas-alturas-favorece-a-embalagem-flexivel\/\" \/>\n<meta property=\"og:site_name\" content=\"ProjetoPack\" \/>\n<meta property=\"article:published_time\" content=\"2022-03-13T16:05:46+00:00\" \/>\n<meta property=\"article:modified_time\" content=\"2022-03-13T16:05:47+00:00\" \/>\n<meta property=\"og:image\" content=\"https:\/\/projetopack.com.br\/wp-content\/uploads\/2022\/03\/frentista-corrige-placa-com-preco-da-gasolina-em-posto-de-colatina-reajustes-constantes-436497-article-860x484-1.jpeg\" \/>\n\t<meta property=\"og:image:width\" content=\"860\" \/>\n\t<meta property=\"og:image:height\" content=\"484\" \/>\n\t<meta property=\"og:image:type\" content=\"image\/jpeg\" \/>\n<meta name=\"author\" content=\"Aislan Baer\" \/>\n<meta name=\"twitter:card\" content=\"summary_large_image\" \/>\n<meta name=\"twitter:creator\" content=\"@ProjetoPack\" \/>\n<meta name=\"twitter:site\" content=\"@ProjetoPack\" \/>\n<meta name=\"twitter:label1\" content=\"Written by\" \/>\n\t<meta name=\"twitter:data1\" content=\"Aislan Baer\" \/>\n\t<meta name=\"twitter:label2\" content=\"Est. reading time\" \/>\n\t<meta name=\"twitter:data2\" content=\"4 minutes\" \/>\n<script type=\"application\/ld+json\" class=\"yoast-schema-graph\">{\"@context\":\"https:\/\/schema.org\",\"@graph\":[{\"@type\":\"Article\",\"@id\":\"https:\/\/projetopack.com.br\/combustivel-nas-alturas-favorece-a-embalagem-flexivel\/#article\",\"isPartOf\":{\"@id\":\"https:\/\/projetopack.com.br\/combustivel-nas-alturas-favorece-a-embalagem-flexivel\/\"},\"author\":{\"name\":\"Aislan Baer\",\"@id\":\"https:\/\/projetopack.com.br\/#\/schema\/person\/87cbd7d1e244880886d457815ebd2490\"},\"headline\":\"Combust\u00edvel nas alturas favorece a embalagem flex\u00edvel?\",\"datePublished\":\"2022-03-13T16:05:46+00:00\",\"dateModified\":\"2022-03-13T16:05:47+00:00\",\"mainEntityOfPage\":{\"@id\":\"https:\/\/projetopack.com.br\/combustivel-nas-alturas-favorece-a-embalagem-flexivel\/\"},\"wordCount\":615,\"commentCount\":0,\"publisher\":{\"@id\":\"https:\/\/projetopack.com.br\/#organization\"},\"image\":{\"@id\":\"https:\/\/projetopack.com.br\/combustivel-nas-alturas-favorece-a-embalagem-flexivel\/#primaryimage\"},\"thumbnailUrl\":\"https:\/\/projetopack.com.br\/wp-content\/uploads\/2022\/03\/frentista-corrige-placa-com-preco-da-gasolina-em-posto-de-colatina-reajustes-constantes-436497-article-860x484-1.jpeg\",\"keywords\":[\"combust\u00edvel\",\"petr\u00f3leo\",\"putin\",\"r\u00fassia\",\"ucr\u00e2nia\"],\"articleSection\":[\"Opini\u00e3o\"],\"inLanguage\":\"en-US\",\"potentialAction\":[{\"@type\":\"CommentAction\",\"name\":\"Comment\",\"target\":[\"https:\/\/projetopack.com.br\/combustivel-nas-alturas-favorece-a-embalagem-flexivel\/#respond\"]}]},{\"@type\":\"WebPage\",\"@id\":\"https:\/\/projetopack.com.br\/combustivel-nas-alturas-favorece-a-embalagem-flexivel\/\",\"url\":\"https:\/\/projetopack.com.br\/combustivel-nas-alturas-favorece-a-embalagem-flexivel\/\",\"name\":\"Combust\u00edvel nas alturas favorece a embalagem flex\u00edvel? - ProjetoPack\",\"isPartOf\":{\"@id\":\"https:\/\/projetopack.com.br\/#website\"},\"primaryImageOfPage\":{\"@id\":\"https:\/\/projetopack.com.br\/combustivel-nas-alturas-favorece-a-embalagem-flexivel\/#primaryimage\"},\"image\":{\"@id\":\"https:\/\/projetopack.com.br\/combustivel-nas-alturas-favorece-a-embalagem-flexivel\/#primaryimage\"},\"thumbnailUrl\":\"https:\/\/projetopack.com.br\/wp-content\/uploads\/2022\/03\/frentista-corrige-placa-com-preco-da-gasolina-em-posto-de-colatina-reajustes-constantes-436497-article-860x484-1.jpeg\",\"datePublished\":\"2022-03-13T16:05:46+00:00\",\"dateModified\":\"2022-03-13T16:05:47+00:00\",\"description\":\"A loucura de Putin trar\u00e1 um sabor amargo aos convertedores de embalagens flex\u00edveis e r\u00f3tulos, no que concerne ao aumento gradual das resinas.\",\"breadcrumb\":{\"@id\":\"https:\/\/projetopack.com.br\/combustivel-nas-alturas-favorece-a-embalagem-flexivel\/#breadcrumb\"},\"inLanguage\":\"en-US\",\"potentialAction\":[{\"@type\":\"ReadAction\",\"target\":[\"https:\/\/projetopack.com.br\/combustivel-nas-alturas-favorece-a-embalagem-flexivel\/\"]}]},{\"@type\":\"ImageObject\",\"inLanguage\":\"en-US\",\"@id\":\"https:\/\/projetopack.com.br\/combustivel-nas-alturas-favorece-a-embalagem-flexivel\/#primaryimage\",\"url\":\"https:\/\/projetopack.com.br\/wp-content\/uploads\/2022\/03\/frentista-corrige-placa-com-preco-da-gasolina-em-posto-de-colatina-reajustes-constantes-436497-article-860x484-1.jpeg\",\"contentUrl\":\"https:\/\/projetopack.com.br\/wp-content\/uploads\/2022\/03\/frentista-corrige-placa-com-preco-da-gasolina-em-posto-de-colatina-reajustes-constantes-436497-article-860x484-1.jpeg\",\"width\":860,\"height\":484,\"caption\":\"remarca\u00e7\u00e3o de pre\u00e7os em postos de combust\u00edvel\"},{\"@type\":\"BreadcrumbList\",\"@id\":\"https:\/\/projetopack.com.br\/combustivel-nas-alturas-favorece-a-embalagem-flexivel\/#breadcrumb\",\"itemListElement\":[{\"@type\":\"ListItem\",\"position\":1,\"name\":\"P\u00e1gina Inicial\",\"item\":\"https:\/\/projetopack.com.br\/\"},{\"@type\":\"ListItem\",\"position\":2,\"name\":\"Opini\u00e3o\",\"item\":\"https:\/\/projetopack.com.br\/en\/category\/opiniao\/\"},{\"@type\":\"ListItem\",\"position\":3,\"name\":\"Combust\u00edvel nas alturas favorece a embalagem flex\u00edvel?\"}]},{\"@type\":\"WebSite\",\"@id\":\"https:\/\/projetopack.com.br\/#website\",\"url\":\"https:\/\/projetopack.com.br\/\",\"name\":\"ProjetoPack\",\"description\":\"Consultoria e servi\u00e7os para embalagens, r\u00f3tulos, etiquetas e processos de impress\u00e3o\",\"publisher\":{\"@id\":\"https:\/\/projetopack.com.br\/#organization\"},\"potentialAction\":[{\"@type\":\"SearchAction\",\"target\":{\"@type\":\"EntryPoint\",\"urlTemplate\":\"https:\/\/projetopack.com.br\/?s={search_term_string}\"},\"query-input\":{\"@type\":\"PropertyValueSpecification\",\"valueRequired\":true,\"valueName\":\"search_term_string\"}}],\"inLanguage\":\"en-US\"},{\"@type\":\"Organization\",\"@id\":\"https:\/\/projetopack.com.br\/#organization\",\"name\":\"ProjetoPack & Associados\",\"url\":\"https:\/\/projetopack.com.br\/\",\"logo\":{\"@type\":\"ImageObject\",\"inLanguage\":\"en-US\",\"@id\":\"https:\/\/projetopack.com.br\/#\/schema\/logo\/image\/\",\"url\":\"https:\/\/projetopack.com.br\/wp-content\/uploads\/2020\/09\/projetopack.png\",\"contentUrl\":\"https:\/\/projetopack.com.br\/wp-content\/uploads\/2020\/09\/projetopack.png\",\"width\":200,\"height\":200,\"caption\":\"ProjetoPack & Associados\"},\"image\":{\"@id\":\"https:\/\/projetopack.com.br\/#\/schema\/logo\/image\/\"},\"sameAs\":[\"https:\/\/x.com\/ProjetoPack\",\"https:\/\/www.linkedin.com\/company\/projetopack\/\"]},{\"@type\":\"Person\",\"@id\":\"https:\/\/projetopack.com.br\/#\/schema\/person\/87cbd7d1e244880886d457815ebd2490\",\"name\":\"Aislan Baer\",\"image\":{\"@type\":\"ImageObject\",\"inLanguage\":\"en-US\",\"@id\":\"https:\/\/projetopack.com.br\/#\/schema\/person\/image\/\",\"url\":\"https:\/\/projetopack.com.br\/wp-content\/uploads\/2021\/08\/Aislan-Busto-p-100x100.jpg\",\"contentUrl\":\"https:\/\/projetopack.com.br\/wp-content\/uploads\/2021\/08\/Aislan-Busto-p-100x100.jpg\",\"caption\":\"Aislan Baer\"},\"description\":\"Desde os \u00faltimos 20 anos, meu time e eu ajudamos mais de 300 empresas brasileiras e estrangeiras (algumas delas, l\u00edderes mundiais) a produzir embalagens flex\u00edveis e r\u00f3tulos com maior efici\u00eancia, menores custos e maior apelo visual, bem como centenas de donos de marcas a comprar suas embalagens flex\u00edveis e material impresso com um crit\u00e9rio mais t\u00e9cnico e assertivo. Ao mesmo tempo, gra\u00e7as \u00e0 nossa consultoria, muitas destas empresas melhoraram significativamente o seu processo de Impress\u00e3o (Impress\u00e3o de embalagens, Impress\u00e3o industrial, Impress\u00e3o funcional e, mais recentemente, bio impress\u00e3o e manufatura aditiva ou simplesmente Impress\u00e3o 3D). Se a sua empresa tem um problema relacionado a embalagens flex\u00edveis, r\u00f3tulos ou Impress\u00e3o, por mais insol\u00favel que lhe pare\u00e7a, aguardamos ansiosos a sua liga\u00e7\u00e3o ou e-mail. Este \u00e9 nosso trabalho e tamb\u00e9m a nossa paix\u00e3o.\",\"sameAs\":[\"http:\/\/www.projetopack.com\",\"https:\/\/www.linkedin.com\/in\/aislanbaer\/\"],\"jobTitle\":\"CEO @ ProjetoPack | L\u00edder em M&A no Setor de Impress\u00e3o e Embalagens no Brasil | Cofundador da Inovagraf e Neuraflow | Especialista em Inova\u00e7\u00e3o com IA na Impress\u00e3o | Printing Legacy Initiative | Empreendedor Serial\",\"url\":\"https:\/\/projetopack.com.br\/en\/author\/aislan\/\"}]}<\/script>\n<!-- \/ Yoast SEO Premium plugin. -->","yoast_head_json":{"title":"Combust\u00edvel nas alturas favorece a embalagem flex\u00edvel? - ProjetoPack","description":"A loucura de Putin trar\u00e1 um sabor amargo aos convertedores de embalagens flex\u00edveis e r\u00f3tulos, no que concerne ao aumento gradual das resinas.","robots":{"index":"index","follow":"follow","max-snippet":"max-snippet:-1","max-image-preview":"max-image-preview:large","max-video-preview":"max-video-preview:-1"},"canonical":"https:\/\/projetopack.com.br\/en\/combustivel-nas-alturas-favorece-a-embalagem-flexivel\/","og_locale":"en_US","og_type":"article","og_title":"Combust\u00edvel nas alturas favorece a embalagem flex\u00edvel?","og_description":"A loucura de Putin trar\u00e1 um sabor amargo aos convertedores de embalagens flex\u00edveis e r\u00f3tulos, no que concerne ao aumento gradual das resinas.","og_url":"https:\/\/projetopack.com.br\/en\/combustivel-nas-alturas-favorece-a-embalagem-flexivel\/","og_site_name":"ProjetoPack","article_published_time":"2022-03-13T16:05:46+00:00","article_modified_time":"2022-03-13T16:05:47+00:00","og_image":[{"width":860,"height":484,"url":"https:\/\/projetopack.com.br\/wp-content\/uploads\/2022\/03\/frentista-corrige-placa-com-preco-da-gasolina-em-posto-de-colatina-reajustes-constantes-436497-article-860x484-1.jpeg","type":"image\/jpeg"}],"author":"Aislan Baer","twitter_card":"summary_large_image","twitter_creator":"@ProjetoPack","twitter_site":"@ProjetoPack","twitter_misc":{"Written by":"Aislan Baer","Est. reading time":"4 minutes"},"schema":{"@context":"https:\/\/schema.org","@graph":[{"@type":"Article","@id":"https:\/\/projetopack.com.br\/combustivel-nas-alturas-favorece-a-embalagem-flexivel\/#article","isPartOf":{"@id":"https:\/\/projetopack.com.br\/combustivel-nas-alturas-favorece-a-embalagem-flexivel\/"},"author":{"name":"Aislan Baer","@id":"https:\/\/projetopack.com.br\/#\/schema\/person\/87cbd7d1e244880886d457815ebd2490"},"headline":"Combust\u00edvel nas alturas favorece a embalagem flex\u00edvel?","datePublished":"2022-03-13T16:05:46+00:00","dateModified":"2022-03-13T16:05:47+00:00","mainEntityOfPage":{"@id":"https:\/\/projetopack.com.br\/combustivel-nas-alturas-favorece-a-embalagem-flexivel\/"},"wordCount":615,"commentCount":0,"publisher":{"@id":"https:\/\/projetopack.com.br\/#organization"},"image":{"@id":"https:\/\/projetopack.com.br\/combustivel-nas-alturas-favorece-a-embalagem-flexivel\/#primaryimage"},"thumbnailUrl":"https:\/\/projetopack.com.br\/wp-content\/uploads\/2022\/03\/frentista-corrige-placa-com-preco-da-gasolina-em-posto-de-colatina-reajustes-constantes-436497-article-860x484-1.jpeg","keywords":["combust\u00edvel","petr\u00f3leo","putin","r\u00fassia","ucr\u00e2nia"],"articleSection":["Opini\u00e3o"],"inLanguage":"en-US","potentialAction":[{"@type":"CommentAction","name":"Comment","target":["https:\/\/projetopack.com.br\/combustivel-nas-alturas-favorece-a-embalagem-flexivel\/#respond"]}]},{"@type":"WebPage","@id":"https:\/\/projetopack.com.br\/combustivel-nas-alturas-favorece-a-embalagem-flexivel\/","url":"https:\/\/projetopack.com.br\/combustivel-nas-alturas-favorece-a-embalagem-flexivel\/","name":"Combust\u00edvel nas alturas favorece a embalagem flex\u00edvel? - ProjetoPack","isPartOf":{"@id":"https:\/\/projetopack.com.br\/#website"},"primaryImageOfPage":{"@id":"https:\/\/projetopack.com.br\/combustivel-nas-alturas-favorece-a-embalagem-flexivel\/#primaryimage"},"image":{"@id":"https:\/\/projetopack.com.br\/combustivel-nas-alturas-favorece-a-embalagem-flexivel\/#primaryimage"},"thumbnailUrl":"https:\/\/projetopack.com.br\/wp-content\/uploads\/2022\/03\/frentista-corrige-placa-com-preco-da-gasolina-em-posto-de-colatina-reajustes-constantes-436497-article-860x484-1.jpeg","datePublished":"2022-03-13T16:05:46+00:00","dateModified":"2022-03-13T16:05:47+00:00","description":"A loucura de Putin trar\u00e1 um sabor amargo aos convertedores de embalagens flex\u00edveis e r\u00f3tulos, no que concerne ao aumento gradual das resinas.","breadcrumb":{"@id":"https:\/\/projetopack.com.br\/combustivel-nas-alturas-favorece-a-embalagem-flexivel\/#breadcrumb"},"inLanguage":"en-US","potentialAction":[{"@type":"ReadAction","target":["https:\/\/projetopack.com.br\/combustivel-nas-alturas-favorece-a-embalagem-flexivel\/"]}]},{"@type":"ImageObject","inLanguage":"en-US","@id":"https:\/\/projetopack.com.br\/combustivel-nas-alturas-favorece-a-embalagem-flexivel\/#primaryimage","url":"https:\/\/projetopack.com.br\/wp-content\/uploads\/2022\/03\/frentista-corrige-placa-com-preco-da-gasolina-em-posto-de-colatina-reajustes-constantes-436497-article-860x484-1.jpeg","contentUrl":"https:\/\/projetopack.com.br\/wp-content\/uploads\/2022\/03\/frentista-corrige-placa-com-preco-da-gasolina-em-posto-de-colatina-reajustes-constantes-436497-article-860x484-1.jpeg","width":860,"height":484,"caption":"remarca\u00e7\u00e3o de pre\u00e7os em postos de combust\u00edvel"},{"@type":"BreadcrumbList","@id":"https:\/\/projetopack.com.br\/combustivel-nas-alturas-favorece-a-embalagem-flexivel\/#breadcrumb","itemListElement":[{"@type":"ListItem","position":1,"name":"P\u00e1gina Inicial","item":"https:\/\/projetopack.com.br\/"},{"@type":"ListItem","position":2,"name":"Opini\u00e3o","item":"https:\/\/projetopack.com.br\/en\/category\/opiniao\/"},{"@type":"ListItem","position":3,"name":"Combust\u00edvel nas alturas favorece a embalagem flex\u00edvel?"}]},{"@type":"WebSite","@id":"https:\/\/projetopack.com.br\/#website","url":"https:\/\/projetopack.com.br\/","name":"ProjetoPack","description":"Consultoria e servi\u00e7os para embalagens, r\u00f3tulos, etiquetas e processos de impress\u00e3o","publisher":{"@id":"https:\/\/projetopack.com.br\/#organization"},"potentialAction":[{"@type":"SearchAction","target":{"@type":"EntryPoint","urlTemplate":"https:\/\/projetopack.com.br\/?s={search_term_string}"},"query-input":{"@type":"PropertyValueSpecification","valueRequired":true,"valueName":"search_term_string"}}],"inLanguage":"en-US"},{"@type":"Organization","@id":"https:\/\/projetopack.com.br\/#organization","name":"ProjetoPack & Associados","url":"https:\/\/projetopack.com.br\/","logo":{"@type":"ImageObject","inLanguage":"en-US","@id":"https:\/\/projetopack.com.br\/#\/schema\/logo\/image\/","url":"https:\/\/projetopack.com.br\/wp-content\/uploads\/2020\/09\/projetopack.png","contentUrl":"https:\/\/projetopack.com.br\/wp-content\/uploads\/2020\/09\/projetopack.png","width":200,"height":200,"caption":"ProjetoPack & Associados"},"image":{"@id":"https:\/\/projetopack.com.br\/#\/schema\/logo\/image\/"},"sameAs":["https:\/\/x.com\/ProjetoPack","https:\/\/www.linkedin.com\/company\/projetopack\/"]},{"@type":"Person","@id":"https:\/\/projetopack.com.br\/#\/schema\/person\/87cbd7d1e244880886d457815ebd2490","name":"Aislan Baer","image":{"@type":"ImageObject","inLanguage":"en-US","@id":"https:\/\/projetopack.com.br\/#\/schema\/person\/image\/","url":"https:\/\/projetopack.com.br\/wp-content\/uploads\/2021\/08\/Aislan-Busto-p-100x100.jpg","contentUrl":"https:\/\/projetopack.com.br\/wp-content\/uploads\/2021\/08\/Aislan-Busto-p-100x100.jpg","caption":"Aislan Baer"},"description":"Desde os \u00faltimos 20 anos, meu time e eu ajudamos mais de 300 empresas brasileiras e estrangeiras (algumas delas, l\u00edderes mundiais) a produzir embalagens flex\u00edveis e r\u00f3tulos com maior efici\u00eancia, menores custos e maior apelo visual, bem como centenas de donos de marcas a comprar suas embalagens flex\u00edveis e material impresso com um crit\u00e9rio mais t\u00e9cnico e assertivo. Ao mesmo tempo, gra\u00e7as \u00e0 nossa consultoria, muitas destas empresas melhoraram significativamente o seu processo de Impress\u00e3o (Impress\u00e3o de embalagens, Impress\u00e3o industrial, Impress\u00e3o funcional e, mais recentemente, bio impress\u00e3o e manufatura aditiva ou simplesmente Impress\u00e3o 3D). Se a sua empresa tem um problema relacionado a embalagens flex\u00edveis, r\u00f3tulos ou Impress\u00e3o, por mais insol\u00favel que lhe pare\u00e7a, aguardamos ansiosos a sua liga\u00e7\u00e3o ou e-mail. Este \u00e9 nosso trabalho e tamb\u00e9m a nossa paix\u00e3o.","sameAs":["http:\/\/www.projetopack.com","https:\/\/www.linkedin.com\/in\/aislanbaer\/"],"jobTitle":"CEO @ ProjetoPack | L\u00edder em M&A no Setor de Impress\u00e3o e Embalagens no Brasil | Cofundador da Inovagraf e Neuraflow | Especialista em Inova\u00e7\u00e3o com IA na Impress\u00e3o | Printing Legacy Initiative | Empreendedor Serial","url":"https:\/\/projetopack.com.br\/en\/author\/aislan\/"}]}},"_links":{"self":[{"href":"https:\/\/projetopack.com.br\/en\/wp-json\/wp\/v2\/posts\/18801","targetHints":{"allow":["GET"]}}],"collection":[{"href":"https:\/\/projetopack.com.br\/en\/wp-json\/wp\/v2\/posts"}],"about":[{"href":"https:\/\/projetopack.com.br\/en\/wp-json\/wp\/v2\/types\/post"}],"author":[{"embeddable":true,"href":"https:\/\/projetopack.com.br\/en\/wp-json\/wp\/v2\/users\/2"}],"replies":[{"embeddable":true,"href":"https:\/\/projetopack.com.br\/en\/wp-json\/wp\/v2\/comments?post=18801"}],"version-history":[{"count":0,"href":"https:\/\/projetopack.com.br\/en\/wp-json\/wp\/v2\/posts\/18801\/revisions"}],"wp:featuredmedia":[{"embeddable":true,"href":"https:\/\/projetopack.com.br\/en\/wp-json\/wp\/v2\/media\/18803"}],"wp:attachment":[{"href":"https:\/\/projetopack.com.br\/en\/wp-json\/wp\/v2\/media?parent=18801"}],"wp:term":[{"taxonomy":"category","embeddable":true,"href":"https:\/\/projetopack.com.br\/en\/wp-json\/wp\/v2\/categories?post=18801"},{"taxonomy":"post_tag","embeddable":true,"href":"https:\/\/projetopack.com.br\/en\/wp-json\/wp\/v2\/tags?post=18801"}],"curies":[{"name":"wp","href":"https:\/\/api.w.org\/{rel}","templated":true}]}}