{"id":19031,"date":"2022-03-22T11:42:34","date_gmt":"2022-03-22T14:42:34","guid":{"rendered":"https:\/\/www.projetopack.com.br\/?p=19031"},"modified":"2022-03-22T11:42:36","modified_gmt":"2022-03-22T14:42:36","slug":"solucao-2-de-6-para-um-ano-de-crise","status":"publish","type":"post","link":"https:\/\/projetopack.com.br\/en\/solucao-2-de-6-para-um-ano-de-crise\/","title":{"rendered":"Solu\u00e7\u00e3o 2 de 6 para um ano de crise"},"content":{"rendered":"<p>Continuando a nossa pauta especial em que assumimos o compromisso de debater eventuais solu\u00e7\u00f5es para mitigar a crise que afeta, dentre outros setores, o nosso ramo gr\u00e1fico e convertedor, prosseguiremos com o tema do <em>risco associado ao suprimento de mat\u00e9rias-primas<\/em>.<\/p>\n\n\n\n<figure class=\"wp-block-pullquote\"><blockquote><p>O mundo est\u00e1 ficando cada vez mais beligerante, e isso p\u00f5e em xeque a todo momento o fluxo cont\u00ednuo de mat\u00e9rias-primas necess\u00e1rias \u00e0 manufatura dos mais variados bens de consumo e capital.<\/p><\/blockquote><\/figure>\n\n\n\n<p>Apenas para citar um exemplo, praticamente todo o fornecimento de microchips do planeta \u2013 usados em computadores, smartphones, autom\u00f3veis e equipamentos militares \u2013 <a href=\"https:\/\/www.bloomberg.com\/news\/features\/2021-01-25\/the-world-is-dangerously-dependent-on-taiwan-for-semiconductors\" target=\"_blank\" rel=\"noreferrer noopener\">reside em Taiwan<\/a> (o pa\u00eds produz mais de 90% da produ\u00e7\u00e3o asi\u00e1tica, que corresponde a mais de 75% do fornecimento global), um pa\u00eds que vive em <a href=\"https:\/\/www.ft.com\/content\/165d676e-e2e2-44e9-bf83-cf5dd19b8444\" target=\"_blank\" rel=\"noreferrer noopener\">constante amea\u00e7a<\/a> militar pela Rep\u00fablica Popular da China.<\/p>\n\n\n\n<p class=\"has-cyan-bluish-gray-background-color has-background\">A pr\u00f3pria invas\u00e3o da Ucr\u00e2nia pela R\u00fassia ilustra a depend\u00eancia e a fragilidade das cadeias de suprimento: a Europa inicia uma corrida desenfreada para <a href=\"https:\/\/news.climate.columbia.edu\/2022\/03\/14\/qa-how-deep-is-europes-dependence-on-russian-oil\/\" target=\"_blank\" rel=\"noreferrer noopener\">reduzir a depend\u00eancia<\/a> do g\u00e1s e petr\u00f3leo russos, pari passu o Brasil busca uma rota alternativa para as 40 milh\u00f5es de toneladas anuais de fertilizantes NPK (nitrogenados, fosfatados e pot\u00e1ssicos) importadas da R\u00fassia e que s\u00e3o o <a href=\"https:\/\/brazilian.report\/liveblog\/2022\/03\/04\/farmers-fertilizer-exports-russia\/\" target=\"_blank\" rel=\"noreferrer noopener\">pin\u00e1culo da produ\u00e7\u00e3o agr\u00edcola nacional<\/a>.<\/p>\n\n\n\n<figure class=\"wp-block-image size-full\"><img fetchpriority=\"high\" decoding=\"async\" width=\"848\" height=\"426\" src=\"https:\/\/projetopack.com.br\/wp-content\/uploads\/2022\/03\/18566978441646661212conteiner.jpg\" alt=\"containeres de trigo aguardando na ucrania\" class=\"wp-image-19033\" srcset=\"https:\/\/projetopack.com.br\/wp-content\/uploads\/2022\/03\/18566978441646661212conteiner.jpg 848w, https:\/\/projetopack.com.br\/wp-content\/uploads\/2022\/03\/18566978441646661212conteiner-300x151.jpg 300w, https:\/\/projetopack.com.br\/wp-content\/uploads\/2022\/03\/18566978441646661212conteiner-600x301.jpg 600w, https:\/\/projetopack.com.br\/wp-content\/uploads\/2022\/03\/18566978441646661212conteiner-768x385.jpg 768w\" sizes=\"(max-width: 848px) 100vw, 848px\" \/><\/figure>\n\n\n\n<p>O mercado de gr\u00e3os, em especial o de trigo, demonstram nos pre\u00e7os negociados a futuro, o impacto da crise militar russo-ucraniana, dupla que representa mais de 30% da exporta\u00e7\u00e3o do planeta e que, segundo a <a href=\"http:\/\/www.abitrigo.com.br\/nota-oficial-abitrigo-conflitos-entre-a-russia-e-a-ucrania-e-os-impactos-sobre-o-mercado-do-trigo-no-brasil-e-no-mundo\/\" target=\"_blank\" rel=\"noreferrer noopener\">Abitrigo<\/a> (Associa\u00e7\u00e3o Brasileira do Trigo), embora j\u00e1 tenha escalado quase 40% nos pre\u00e7os, est\u00e1 longe de estabilizar.<\/p>\n\n\n\n<figure class=\"wp-block-pullquote\"><blockquote><p>Trazendo o assunto para a nossa \u00e1rea, temos visto o sufoco das gr\u00e1ficas e convertedoras com a falta de pap\u00e9is revestidos, liner glassine para material autoadesivo, resinas termopl\u00e1sticas com barreira (a exemplo do EVOH e Nylon) e por a\u00ed vai.<\/p><\/blockquote><\/figure>\n\n\n\n<p>A qualquer instante, um \u201cCisne Negro\u201d pode eclodir nalguma parte do planeta, com capacidade para interromper ou, na melhor das situa\u00e7\u00f5es, <strong>restringir a oferta e impactar t\u00e3o duramente nos pre\u00e7os que torna o repasse pleno na ponta algo imposs\u00edvel, ao meno<\/strong>s num curto espa\u00e7o de tempo.<\/p>\n\n\n\n<p class=\"has-cyan-bluish-gray-background-color has-background\">Desastres naturais como furac\u00f5es, enchentes e invernos irregularmente rigorosos s\u00e3o alguns destes eventos que temos nos habituado, cada vez mais, a contingenciar. Algu\u00e9m lembra do rec\u00e9m congelamento das refinarias do Texas, Estados Unidos, e o seu impacto na oferta e nos pre\u00e7os das resinas termopl\u00e1sticas?<\/p>\n\n\n\n<figure class=\"wp-block-image size-full\"><img decoding=\"async\" width=\"1500\" height=\"844\" src=\"https:\/\/projetopack.com.br\/wp-content\/uploads\/2022\/03\/bp-1500x844-1.jpg\" alt=\"refinarias do texas congeladas\" class=\"wp-image-19034\" srcset=\"https:\/\/projetopack.com.br\/wp-content\/uploads\/2022\/03\/bp-1500x844-1.jpg 1500w, https:\/\/projetopack.com.br\/wp-content\/uploads\/2022\/03\/bp-1500x844-1-300x169.jpg 300w, https:\/\/projetopack.com.br\/wp-content\/uploads\/2022\/03\/bp-1500x844-1-600x337.jpg 600w, https:\/\/projetopack.com.br\/wp-content\/uploads\/2022\/03\/bp-1500x844-1-768x432.jpg 768w\" sizes=\"(max-width: 1500px) 100vw, 1500px\" \/><\/figure>\n\n\n\n<p>A incerteza geopol\u00edtica tem, como uma das consequ\u00eancias, a guerra tarif\u00e1ria entre na\u00e7\u00f5es. \u00c9 bastante prov\u00e1vel que veremos novo e constante ordenamento de medidas protecionistas, com forte vi\u00e9s ideol\u00f3gico e geopol\u00edtico. Poder\u00edamos ilustrar com as mudan\u00e7as tarif\u00e1rias, aumento dos lead times, aumento dos custos administrativos, disp\u00eandio de capital com invent\u00e1rio e, por fim, <a href=\"https:\/\/listers.co.uk\/news\/2020\/11\/what-effect-will-brexit-have-on-car\" target=\"_blank\" rel=\"noreferrer noopener\">aumento de pre\u00e7os dos ve\u00edculos<\/a> no Reino Unido ap\u00f3s o Brexit.<\/p>\n\n\n\n<p>Vimos tamb\u00e9m, ap\u00f3s a pandemia da Covid-19, uma sutil mudan\u00e7a de eixo no mercado norte-americano, para reduzir a importa\u00e7\u00e3o de produtos da China \u2013 especialmente no auge da doen\u00e7a, onde a suspei\u00e7\u00e3o sobre a forma de propaga\u00e7\u00e3o do v\u00edrus em superf\u00edcies como as embalagens pl\u00e1sticas era atroz. <strong>Todavia, isso deve mudar<\/strong>.<\/p>\n\n\n\n<blockquote class=\"wp-block-quote is-layout-flow wp-block-quote-is-layout-flow\"><p>Empresas tem decis\u00f5es a tomar muito parecidas com os governos, mas geralmente numa escala bem menor. Governos precisam avaliar estrategicamente a preserva\u00e7\u00e3o da sua economia e posicionar-se diplomaticamente em certos assuntos delicados, pensando preferencialmente n\u00e3o s\u00f3 em termos de um mandato, mas al\u00e9m.<\/p><\/blockquote>\n\n\n\n<p>As companhias, por sua vez, precisam estar atentas \u00e0s principais mudan\u00e7as geopol\u00edticas \u2013 e antecipar-se na intensifica\u00e7\u00e3o ou n\u00e3o de rela\u00e7\u00f5es com fornecedores de um dado pa\u00eds ou bloco, com a solv\u00eancia ou n\u00e3o destes grupos e assim por diante. Enxergar din\u00e2micas muitas vezes antag\u00f4nicas como a <a href=\"https:\/\/thediplomat.com\/2022\/01\/chinas-new-year-ambitions-for-latin-america-and-the-caribbean\/\" target=\"_blank\" rel=\"noreferrer noopener\">maior agressividade comercial da China na Am\u00e9rica Latina e o esfor\u00e7o de aproxima\u00e7\u00e3o e revitaliza\u00e7\u00e3o da ind\u00fastria norte-americana e tomar partido em termos de cadeia de suprimento.<\/a><\/p>\n\n\n\n<h2 class=\"wp-block-heading\" id=\"h-e-ai-chegamos-ao-ponto-central-deste-artigo-de-numero-dois-o-grau-de-inteligencia-e-profissionalismo-do-setor-de-compras-do-nosso-ramo\">E a\u00ed, chegamos ao ponto central deste artigo de n\u00famero dois. O grau de intelig\u00eancia e profissionalismo do setor de compras do nosso ramo<em>.<\/em><\/h2>\n\n\n\n<p>A maioria das empresas, ainda com gest\u00e3o familiar, \u00e9 mais responsiva em compras do que propriamente \u201cestrat\u00e9gica\u201d. Isso pode parecer estranho, quando levamos em considera\u00e7\u00e3o que mat\u00e9rias-primas costumam representar algo entre 50 a 60% do custo total de fabrica\u00e7\u00e3o de embalagens, etiquetas e r\u00f3tulos.<\/p>\n\n\n\n<figure class=\"wp-block-image size-full\"><img decoding=\"async\" width=\"1000\" height=\"622\" src=\"https:\/\/projetopack.com.br\/wp-content\/uploads\/2022\/03\/2725b5_53e008c6c1744f7da2353ba8fe63a2ddmv2.jpg\" alt=\"esquema de compras\" class=\"wp-image-19035\" srcset=\"https:\/\/projetopack.com.br\/wp-content\/uploads\/2022\/03\/2725b5_53e008c6c1744f7da2353ba8fe63a2ddmv2.jpg 1000w, https:\/\/projetopack.com.br\/wp-content\/uploads\/2022\/03\/2725b5_53e008c6c1744f7da2353ba8fe63a2ddmv2-300x187.jpg 300w, https:\/\/projetopack.com.br\/wp-content\/uploads\/2022\/03\/2725b5_53e008c6c1744f7da2353ba8fe63a2ddmv2-600x373.jpg 600w, https:\/\/projetopack.com.br\/wp-content\/uploads\/2022\/03\/2725b5_53e008c6c1744f7da2353ba8fe63a2ddmv2-768x477.jpg 768w, https:\/\/projetopack.com.br\/wp-content\/uploads\/2022\/03\/2725b5_53e008c6c1744f7da2353ba8fe63a2ddmv2-18x12.jpg 18w\" sizes=\"(max-width: 1000px) 100vw, 1000px\" \/><\/figure>\n\n\n\n<p>Poucas gr\u00e1ficas e convertedoras investem recursos, por exemplo, na <a href=\"https:\/\/blog.procurify.com\/2019\/03\/25\/purchasing-automation-what-it-is-and-why-it-works\/\" target=\"_blank\" rel=\"noreferrer noopener\">automa\u00e7\u00e3o dos processos de compra<\/a> e na intelig\u00eancia de mercado, para antever as disrup\u00e7\u00f5es da cadeia de suprimentos. *<\/p>\n\n\n\n<figure class=\"wp-block-pullquote\"><blockquote><p>No cen\u00e1rio mais adverso da falta de intelig\u00eancia em compras, as empresas acabam comprando mais do que deveriam na hora errada, ou mantendo estoques num n\u00edvel perigoso justamente \u00e0s v\u00e9speras de uma escassez de oferta. Quantas empresas n\u00e3o cometeram deslizes em momentos cr\u00edticos nesta pandemia e ainda n\u00e3o se recuperaram totalmente?<\/p><\/blockquote><\/figure>\n\n\n\n<p class=\"has-cyan-bluish-gray-background-color has-background\">Existem diversos \u201cmapas estrat\u00e9gicos\u201d \u00e0 disposi\u00e7\u00e3o para pensar nos riscos associados \u00e0 atividade de compras. Basicamente, todos eles acabam classificando o risco em grupos de maior ou menor possibilidade de antecipa\u00e7\u00e3o e severidade.<\/p>\n\n\n\n<p><strong>Riscos de baixo impacto e dif\u00edceis de antever<\/strong> s\u00e3o, por exemplo, a fal\u00eancia repentina de um fornecedor ou mesmo o fechamento de um fornecedor em virtude de conflito militar ou resolu\u00e7\u00e3o governamental num ambiente de neg\u00f3cios com grande interfer\u00eancia estatal.<\/p>\n\n\n\n<p>A compra de folha de alum\u00ednio para impress\u00e3o e lamina\u00e7\u00e3o de empresas russas \u00e9, neste instante, uma boa ilustra\u00e7\u00e3o do problema. Felizmente, esta situa\u00e7\u00e3o se resolve facilmente, com uma pol\u00edtica de compras de dois ou mais fornecedores (observando para que o volume de compra n\u00e3o seja dilu\u00eddo em uma mir\u00edade de fornecedores, de tal forma que o poder de barganha se exaure).<\/p>\n\n\n\n<p>Uma falha comum da \u00e1rea de compras nesse aspecto \u00e9 a de n\u00e3o se preparar para a substitui\u00e7\u00e3o de um fornecedor com um trabalho t\u00e9cnico e meticuloso de identifica\u00e7\u00e3o de contratipos; \u00e9 preciso ter sempre pr\u00e9-validada a equival\u00eancia t\u00e9cnica, de qualidade e performance (maquinabilidade) de uma mat\u00e9ria-prima do fornecedor A para o portf\u00f3lio de B e C.<\/p>\n\n\n\n<p><strong>Riscos de maior grau de impacto e dif\u00edceis de antever<\/strong> abrangem uma s\u00e9rie de fatores, tais como os j\u00e1 citados desastres naturais, cyber ataques ou amea\u00e7as repentinas \u00e0 sa\u00fade p\u00fablica (como est\u00e1 sendo a pandemia). O monitoramento e previs\u00e3o da redu\u00e7\u00e3o de capacidades nos fornecedores permite um dimensionamento do pior cen\u00e1rio de buffer (estoque pulm\u00e3o) at\u00e9 que a normalidade se reestabele\u00e7a na parte atingida. Mecanismos de seguros e hedge cambial tamb\u00e9m s\u00e3o essenciais para o enfrentamento do problema.<\/p>\n\n\n\n<p><strong>Riscos de baixo impacto e f\u00e1ceis de se antever <\/strong>podem derivar de in\u00fameros fatores, tais como disputas trabalhistas, mudan\u00e7as de marco regulat\u00f3rio ou at\u00e9 prefer\u00eancias do consumidor (a exemplo da press\u00e3o pela redu\u00e7\u00e3o de pl\u00e1sticos de uso \u00fanico). Sistematizar as informa\u00e7\u00f5es dos fornecedores, do processo de compra e acompanhar periodicamente relat\u00f3rios e\/ou servi\u00e7os de intelig\u00eancia de mercado (DataMark, PlasticMatrix, Maxiquim, Platts etc.) \u00e9 uma estrat\u00e9gia vencedora para prever a dire\u00e7\u00e3o do vento.<\/p>\n\n\n\n<p><strong>Riscos de alto impacto e f\u00e1ceis de se antever<\/strong> dizem respeito \u00e0s grandes mudan\u00e7as geopol\u00edticas que dar\u00e3o a t\u00f4nica das rela\u00e7\u00f5es nos pr\u00f3ximos anos: a nova guerra fria entre o ocidente (Uni\u00e3o Europeia, Israel e Estados Unidos) e a alian\u00e7a sino-russa, a descarboniza\u00e7\u00e3o (ou esverdeamento) da economia \u2013 embora talvez a crise energ\u00e9tica deflagrada justamente pela depend\u00eancia europeia do combust\u00edvel russo possa dar uma nova matiz \u00e0 quest\u00e3o \u2013 e a migra\u00e7\u00e3o gradual da economia linear para a circular s\u00e3o apenas <em>algumas das grandes quest\u00f5es que influenciar\u00e3o a cadeia de suprimentos adiante<\/em>.<\/p>\n\n\n\n<p>O desenvolvimento econ\u00f4mico de regi\u00f5es que passaram ou passar\u00e3o a integrar a nova rota da seda chinesa afetar\u00e3o o escoamento de portos e aeroportos; o direcionamento de pa\u00edses e governos em busca de uma maior ou menor abertura econ\u00f4mica e a sua necessidade de importa\u00e7\u00e3o de commodities tamb\u00e9m s\u00e3o fatores que se deve ter no radar na hora de decidir por clusters de fornecedores.<\/p>\n\n\n\n<p>Apenas para trazer uma quest\u00e3o pr\u00e1tica: \u00e9 preciso se perguntar se haver\u00e1, no curto e m\u00e9dio prazos, novas capacidades mundiais (e onde) para a produ\u00e7\u00e3o de glassine ou se \u00e9 inexor\u00e1vel pensar em solu\u00e7\u00f5es de liner filme ou linerless, por exemplo.<\/p>\n\n\n\n<p><strong>A profissionaliza\u00e7\u00e3o do setor de compras n\u00e3o passa, logicamente, apenas por quest\u00f5es externas e estrat\u00e9gicas.<\/strong><\/p>\n\n\n\n<p>Cabe \u00e0s ind\u00fastrias gr\u00e1ficas e convertedoras, investir na informa\u00e7\u00e3o para negociar volumes anuais, ao inv\u00e9s de olhar sempre \u201cda m\u00e3o para a boca\u201d. A maioria dos fornecedores de mat\u00e9rias-primas pensa em termos de \u201ccampanha\u201d (escala, palavra de ordem no mundo das commodities). Tratar volumes individuais de compra por ordem de produ\u00e7\u00e3o do cliente final, quase sempre leva a uma redu\u00e7\u00e3o do poder de barganha e, por conseguinte, a um pre\u00e7o elevado.<\/p>\n\n\n\n<p>Quando se sentar na mesa para discutir, tenha sempre em m\u00e3os o forecast anual e o desembolso no ano anterior. No mundo vol\u00e1til em que vivemos, volume, recorr\u00eancia e cumprimento de acordos \u00e9 uma moeda valiosa demais.<\/p>\n\n\n\n<p>Certa vez li um livro \u00f3timo, mas apavorante, sobre redu\u00e7\u00e3o de custos e maximiza\u00e7\u00e3o dos resultados. A capa do livro (<a href=\"https:\/\/www.amazon.com.br\/dp\/B005PMWM1I\/ref=dp-kindle-redirect?_encoding=UTF8&amp;btkr=1\" target=\"_blank\" rel=\"noreferrer noopener\">Dobre seus lucros, de Bob Fifer<\/a>) menciona com grande destaque que ele \u00e9 \u201co livro de cabeceira de Marcel Telles, fundador da Ambev\u201d.<\/p>\n\n\n\n<p class=\"has-cyan-bluish-gray-background-color has-background\">H\u00e1 cap\u00edtulos com grande riqueza de detalhes de como \u201cespremer seus fornecedores\u201d, com t\u00e9cnicas de como criar n\u00edveis de negocia\u00e7\u00e3o com metas individualizadas de redu\u00e7\u00e3o dos valores das faturas, como arranjar um \u201cvil\u00e3o\u201d para justificar o aperto, como decretar congelamentos e cortes e como \u201cpartir para um segundo ataque\u201d usando estratagemas psicol\u00f3gicos na negocia\u00e7\u00e3o.<\/p>\n\n\n\n<p>Eu, honestamente, acho que este modelo n\u00e3o se sustenta. Especialmente quando falamos de um setor em que os clientes s\u00e3o quase sempre, bem menores em porte do que seus fornecedores. \u00c9 preciso buscar a \u201cparceria\u201d, e tentar, portanto, <strong>tangibilizar melhor este conceito para absorv\u00ea-lo e adot\u00e1-lo no seu dia a dia<\/strong>.<\/p>\n\n\n\n<figure class=\"wp-block-pullquote\"><blockquote><p>A ra\u00edz etimol\u00f3gica das palavras sempre \u00e9 uma pista consistente do conceito das coisas. Parceria vem do latim <em>partialis<\/em>, divis\u00edvel, peda\u00e7o de alguma coisa ou <em>pars<\/em>, de parte.<\/p><\/blockquote><\/figure>\n\n\n\n<p>Sempre que se fala em parceria, se associa a uma rela\u00e7\u00e3o \u201cganha x ganha\u201d, mas este tipo de rela\u00e7\u00e3o \u00e9 ut\u00f3pica. Para que se construa uma parceria, ambas as partes devem estar igualmente dispostas a \u201cperder\u201d algo. O mais apropriado seria uma rela\u00e7\u00e3o \u201cperde x perde\u201d. <strong>Quando todos est\u00e3o dispostos a \u201cdividir o peda\u00e7o\u201d, como bem diz a ra\u00edz etimol\u00f3gica de parceria, h\u00e1 um ganho coletivo e sustent\u00e1vel no tempo.<\/strong><\/p>\n\n\n\n<p>A gr\u00e1fica estando disposta a abdicar de um pouco de sua liquidez, por exemplo, em prol de um pre\u00e7o e um volume de compra mais competitivos \u2013 sustenta que o fornecedor abdique de parte da sua margem.<\/p>\n\n\n\n<p>E aqui entra o aspecto mais cr\u00edtico da \u00e1rea de compras. O profissional de compras deve possuir duas habilidades complexas \u2013 uma t\u00e9cnica, anal\u00edtica e objetiva, que permita olhar o cen\u00e1rio macro, desenhar e executar estrat\u00e9gias para comprar defensiva e ofensivamente frente a todos os riscos que mencionamos. E uma subjetiva, humana, emocional, que possibilite uma negocia\u00e7\u00e3o sadia em meio \u00e0 turbul\u00eancia e instabilidade emocional da outra parte vendedora.<\/p>\n\n\n\n<figure class=\"wp-block-image size-full\"><img loading=\"lazy\" decoding=\"async\" width=\"808\" height=\"706\" src=\"https:\/\/projetopack.com.br\/wp-content\/uploads\/2022\/03\/photo-11.jpg\" alt=\"\" class=\"wp-image-19036\" srcset=\"https:\/\/projetopack.com.br\/wp-content\/uploads\/2022\/03\/photo-11.jpg 808w, https:\/\/projetopack.com.br\/wp-content\/uploads\/2022\/03\/photo-11-300x262.jpg 300w, https:\/\/projetopack.com.br\/wp-content\/uploads\/2022\/03\/photo-11-600x524.jpg 600w, https:\/\/projetopack.com.br\/wp-content\/uploads\/2022\/03\/photo-11-768x671.jpg 768w\" sizes=\"(max-width: 808px) 100vw, 808px\" \/><figcaption>Fatores que afetam o comprador B2B<\/figcaption><\/figure>\n\n\n\n<blockquote class=\"wp-block-quote is-layout-flow wp-block-quote-is-layout-flow\"><p>\u00c9 estranho pensar que estes profissionais n\u00e3o s\u00e3o rotineiramente treinados em nenhum destes dois aspectos. E isso acaba levando o profissional a pautar-se exclusivamente pelo crit\u00e9rio do pre\u00e7o e do servi\u00e7o.<\/p><\/blockquote>\n\n\n\n<p>No primeiro caso, o pre\u00e7o nem sempre se traduz em rendimento. Um dos exemplos mais crassos da nossa \u00e1rea \u00e9 comprar tinta pelo pre\u00e7o do quilograma. Nem sempre a tinta mais barata \u00e9 aquela que cobre a maior \u00e1rea quadrada, cumprindo as especifica\u00e7\u00f5es de qualidade (densidade relativa ou espectral, Delta E, brilho etc.) dos clientes.<\/p>\n\n\n\n<p class=\"has-cyan-bluish-gray-background-color has-background\">No segundo caso, a falta de controle emocional interfere e p\u00f5e em risco as rela\u00e7\u00f5es comerciais da empresa junto aos seus fornecedores, e n\u00e3o precisamos ser redundantes em voltar a debater os impactos estrat\u00e9gicos desta eros\u00e3o.<\/p>\n\n\n\n<p>Por fim e como sempre, a realidade atual \u00e9 complexa e n\u00e3o permite mais amadorismo. \u00c9 melhor estar do lado dos que anteveem as crises, do que os que as contingenciam. Para tal, investimento em tecnologia, automa\u00e7\u00e3o dos processos, simula\u00e7\u00e3o e previs\u00e3o de cen\u00e1rios (intelig\u00eancia de dados) e profissionais qualificados s\u00e3o os pilares essenciais de qualquer empresa \u2013 <em>particularmente nas que, como n\u00f3s, atuam em mercados cujos produtos s\u00e3o altamente personalizados, entregues de forma fracionada e em pequenos lotes, em lead times apertados e que demandam uma flexibilidade suficiente para suprir mudan\u00e7as repentinas na demanda dos consumidores<\/em>.<\/p>\n\n\n\n<p>Sai o comprador, entra o estrategista de cadeia de suprimentos. Boa sorte!<\/p>\n\n\n\n<p><strong>Leia mais em nosso blog:<\/strong><\/p>\n\n\n\n<p><a href=\"https:\/\/projetopack.com.br\/combustivel-nas-alturas-favorece-a-embalagem-flexivel\/\" target=\"_blank\" rel=\"noreferrer noopener\">Combust\u00edvel nas alturas favorece a embalagem flex\u00edvel?<\/a><\/p>","protected":false},"excerpt":{"rendered":"<p>Compras estrat\u00e9gicas ao inv\u00e9s de compras &#8220;da m\u00e3o para a boca&#8221; podem salvar o seu lucro<\/p>","protected":false},"author":2,"featured_media":19033,"comment_status":"open","ping_status":"closed","sticky":true,"template":"","format":"standard","meta":{"footnotes":""},"categories":[99],"tags":[945,949,948,947,946],"class_list":["post-19031","post","type-post","status-publish","format-standard","has-post-thumbnail","hentry","category-artigos","tag-compras","tag-falta-de-materias-primas","tag-materias-primas","tag-supply-chain","tag-suprimentos"],"yoast_head":"<!-- This site is optimized with the Yoast SEO Premium plugin v27.1 (Yoast SEO v27.1.1) - https:\/\/yoast.com\/product\/yoast-seo-premium-wordpress\/ -->\n<title>Solu\u00e7\u00e3o 2 de 6 para um ano de crise - ProjetoPack<\/title>\n<meta name=\"description\" content=\"Continuando a nossa pauta especial, prosseguiremos com o tema do risco associado ao suprimento de mat\u00e9rias-primas.\" \/>\n<meta name=\"robots\" content=\"index, follow, max-snippet:-1, max-image-preview:large, max-video-preview:-1\" \/>\n<link rel=\"canonical\" href=\"https:\/\/projetopack.com.br\/en\/solucao-2-de-6-para-um-ano-de-crise\/\" \/>\n<meta property=\"og:locale\" content=\"en_US\" \/>\n<meta property=\"og:type\" content=\"article\" \/>\n<meta property=\"og:title\" content=\"Solu\u00e7\u00e3o 2 de 6 para um ano de crise\" \/>\n<meta property=\"og:description\" content=\"Continuando a nossa pauta especial, prosseguiremos com o tema do risco associado ao suprimento de mat\u00e9rias-primas.\" \/>\n<meta property=\"og:url\" content=\"https:\/\/projetopack.com.br\/en\/solucao-2-de-6-para-um-ano-de-crise\/\" \/>\n<meta property=\"og:site_name\" content=\"ProjetoPack\" \/>\n<meta property=\"article:published_time\" content=\"2022-03-22T14:42:34+00:00\" \/>\n<meta property=\"article:modified_time\" content=\"2022-03-22T14:42:36+00:00\" \/>\n<meta property=\"og:image\" content=\"https:\/\/projetopack.com.br\/wp-content\/uploads\/2022\/03\/18566978441646661212conteiner.jpg\" \/>\n\t<meta property=\"og:image:width\" content=\"848\" \/>\n\t<meta property=\"og:image:height\" content=\"426\" \/>\n\t<meta property=\"og:image:type\" content=\"image\/jpeg\" \/>\n<meta name=\"author\" content=\"Aislan Baer\" \/>\n<meta name=\"twitter:card\" content=\"summary_large_image\" \/>\n<meta name=\"twitter:creator\" content=\"@ProjetoPack\" \/>\n<meta name=\"twitter:site\" content=\"@ProjetoPack\" \/>\n<meta name=\"twitter:label1\" content=\"Written by\" \/>\n\t<meta name=\"twitter:data1\" content=\"Aislan Baer\" \/>\n\t<meta name=\"twitter:label2\" content=\"Est. reading time\" \/>\n\t<meta name=\"twitter:data2\" content=\"12 minutes\" \/>\n<script type=\"application\/ld+json\" class=\"yoast-schema-graph\">{\"@context\":\"https:\/\/schema.org\",\"@graph\":[{\"@type\":\"Article\",\"@id\":\"https:\/\/projetopack.com.br\/solucao-2-de-6-para-um-ano-de-crise\/#article\",\"isPartOf\":{\"@id\":\"https:\/\/projetopack.com.br\/solucao-2-de-6-para-um-ano-de-crise\/\"},\"author\":{\"name\":\"Aislan Baer\",\"@id\":\"https:\/\/projetopack.com.br\/#\/schema\/person\/87cbd7d1e244880886d457815ebd2490\"},\"headline\":\"Solu\u00e7\u00e3o 2 de 6 para um ano de crise\",\"datePublished\":\"2022-03-22T14:42:34+00:00\",\"dateModified\":\"2022-03-22T14:42:36+00:00\",\"mainEntityOfPage\":{\"@id\":\"https:\/\/projetopack.com.br\/solucao-2-de-6-para-um-ano-de-crise\/\"},\"wordCount\":2264,\"commentCount\":0,\"publisher\":{\"@id\":\"https:\/\/projetopack.com.br\/#organization\"},\"image\":{\"@id\":\"https:\/\/projetopack.com.br\/solucao-2-de-6-para-um-ano-de-crise\/#primaryimage\"},\"thumbnailUrl\":\"https:\/\/projetopack.com.br\/wp-content\/uploads\/2022\/03\/18566978441646661212conteiner.jpg\",\"keywords\":[\"compras\",\"falta de mat\u00e9rias-primas\",\"mat\u00e9rias-primas\",\"supply chain\",\"suprimentos\"],\"articleSection\":[\"Artigos\"],\"inLanguage\":\"en-US\",\"potentialAction\":[{\"@type\":\"CommentAction\",\"name\":\"Comment\",\"target\":[\"https:\/\/projetopack.com.br\/solucao-2-de-6-para-um-ano-de-crise\/#respond\"]}]},{\"@type\":\"WebPage\",\"@id\":\"https:\/\/projetopack.com.br\/solucao-2-de-6-para-um-ano-de-crise\/\",\"url\":\"https:\/\/projetopack.com.br\/solucao-2-de-6-para-um-ano-de-crise\/\",\"name\":\"Solu\u00e7\u00e3o 2 de 6 para um ano de crise - ProjetoPack\",\"isPartOf\":{\"@id\":\"https:\/\/projetopack.com.br\/#website\"},\"primaryImageOfPage\":{\"@id\":\"https:\/\/projetopack.com.br\/solucao-2-de-6-para-um-ano-de-crise\/#primaryimage\"},\"image\":{\"@id\":\"https:\/\/projetopack.com.br\/solucao-2-de-6-para-um-ano-de-crise\/#primaryimage\"},\"thumbnailUrl\":\"https:\/\/projetopack.com.br\/wp-content\/uploads\/2022\/03\/18566978441646661212conteiner.jpg\",\"datePublished\":\"2022-03-22T14:42:34+00:00\",\"dateModified\":\"2022-03-22T14:42:36+00:00\",\"description\":\"Continuando a nossa pauta especial, prosseguiremos com o tema do risco associado ao suprimento de mat\u00e9rias-primas.\",\"breadcrumb\":{\"@id\":\"https:\/\/projetopack.com.br\/solucao-2-de-6-para-um-ano-de-crise\/#breadcrumb\"},\"inLanguage\":\"en-US\",\"potentialAction\":[{\"@type\":\"ReadAction\",\"target\":[\"https:\/\/projetopack.com.br\/solucao-2-de-6-para-um-ano-de-crise\/\"]}]},{\"@type\":\"ImageObject\",\"inLanguage\":\"en-US\",\"@id\":\"https:\/\/projetopack.com.br\/solucao-2-de-6-para-um-ano-de-crise\/#primaryimage\",\"url\":\"https:\/\/projetopack.com.br\/wp-content\/uploads\/2022\/03\/18566978441646661212conteiner.jpg\",\"contentUrl\":\"https:\/\/projetopack.com.br\/wp-content\/uploads\/2022\/03\/18566978441646661212conteiner.jpg\",\"width\":848,\"height\":426,\"caption\":\"containeres\"},{\"@type\":\"BreadcrumbList\",\"@id\":\"https:\/\/projetopack.com.br\/solucao-2-de-6-para-um-ano-de-crise\/#breadcrumb\",\"itemListElement\":[{\"@type\":\"ListItem\",\"position\":1,\"name\":\"P\u00e1gina Inicial\",\"item\":\"https:\/\/projetopack.com.br\/\"},{\"@type\":\"ListItem\",\"position\":2,\"name\":\"Artigos\",\"item\":\"https:\/\/projetopack.com.br\/category\/artigos\/\"},{\"@type\":\"ListItem\",\"position\":3,\"name\":\"Solu\u00e7\u00e3o 2 de 6 para um ano de crise\"}]},{\"@type\":\"WebSite\",\"@id\":\"https:\/\/projetopack.com.br\/#website\",\"url\":\"https:\/\/projetopack.com.br\/\",\"name\":\"ProjetoPack\",\"description\":\"Consultoria e servi\u00e7os para embalagens, r\u00f3tulos, etiquetas e processos de impress\u00e3o\",\"publisher\":{\"@id\":\"https:\/\/projetopack.com.br\/#organization\"},\"potentialAction\":[{\"@type\":\"SearchAction\",\"target\":{\"@type\":\"EntryPoint\",\"urlTemplate\":\"https:\/\/projetopack.com.br\/?s={search_term_string}\"},\"query-input\":{\"@type\":\"PropertyValueSpecification\",\"valueRequired\":true,\"valueName\":\"search_term_string\"}}],\"inLanguage\":\"en-US\"},{\"@type\":\"Organization\",\"@id\":\"https:\/\/projetopack.com.br\/#organization\",\"name\":\"ProjetoPack & Associados\",\"url\":\"https:\/\/projetopack.com.br\/\",\"logo\":{\"@type\":\"ImageObject\",\"inLanguage\":\"en-US\",\"@id\":\"https:\/\/projetopack.com.br\/#\/schema\/logo\/image\/\",\"url\":\"https:\/\/projetopack.com.br\/wp-content\/uploads\/2020\/09\/projetopack.png\",\"contentUrl\":\"https:\/\/projetopack.com.br\/wp-content\/uploads\/2020\/09\/projetopack.png\",\"width\":200,\"height\":200,\"caption\":\"ProjetoPack & Associados\"},\"image\":{\"@id\":\"https:\/\/projetopack.com.br\/#\/schema\/logo\/image\/\"},\"sameAs\":[\"https:\/\/x.com\/ProjetoPack\",\"https:\/\/www.linkedin.com\/company\/projetopack\/\"]},{\"@type\":\"Person\",\"@id\":\"https:\/\/projetopack.com.br\/#\/schema\/person\/87cbd7d1e244880886d457815ebd2490\",\"name\":\"Aislan Baer\",\"image\":{\"@type\":\"ImageObject\",\"inLanguage\":\"en-US\",\"@id\":\"https:\/\/projetopack.com.br\/#\/schema\/person\/image\/\",\"url\":\"https:\/\/projetopack.com.br\/wp-content\/uploads\/2021\/08\/Aislan-Busto-p-100x100.jpg\",\"contentUrl\":\"https:\/\/projetopack.com.br\/wp-content\/uploads\/2021\/08\/Aislan-Busto-p-100x100.jpg\",\"caption\":\"Aislan Baer\"},\"description\":\"Desde os \u00faltimos 20 anos, meu time e eu ajudamos mais de 300 empresas brasileiras e estrangeiras (algumas delas, l\u00edderes mundiais) a produzir embalagens flex\u00edveis e r\u00f3tulos com maior efici\u00eancia, menores custos e maior apelo visual, bem como centenas de donos de marcas a comprar suas embalagens flex\u00edveis e material impresso com um crit\u00e9rio mais t\u00e9cnico e assertivo. Ao mesmo tempo, gra\u00e7as \u00e0 nossa consultoria, muitas destas empresas melhoraram significativamente o seu processo de Impress\u00e3o (Impress\u00e3o de embalagens, Impress\u00e3o industrial, Impress\u00e3o funcional e, mais recentemente, bio impress\u00e3o e manufatura aditiva ou simplesmente Impress\u00e3o 3D). Se a sua empresa tem um problema relacionado a embalagens flex\u00edveis, r\u00f3tulos ou Impress\u00e3o, por mais insol\u00favel que lhe pare\u00e7a, aguardamos ansiosos a sua liga\u00e7\u00e3o ou e-mail. Este \u00e9 nosso trabalho e tamb\u00e9m a nossa paix\u00e3o.\",\"sameAs\":[\"http:\/\/www.projetopack.com\",\"https:\/\/www.linkedin.com\/in\/aislanbaer\/\"],\"jobTitle\":\"CEO @ ProjetoPack | L\u00edder em M&A no Setor de Impress\u00e3o e Embalagens no Brasil | Cofundador da Inovagraf e Neuraflow | Especialista em Inova\u00e7\u00e3o com IA na Impress\u00e3o | Printing Legacy Initiative | Empreendedor Serial\",\"url\":\"https:\/\/projetopack.com.br\/en\/author\/aislan\/\"}]}<\/script>\n<!-- \/ Yoast SEO Premium plugin. -->","yoast_head_json":{"title":"Solu\u00e7\u00e3o 2 de 6 para um ano de crise - ProjetoPack","description":"Continuando a nossa pauta especial, prosseguiremos com o tema do risco associado ao suprimento de mat\u00e9rias-primas.","robots":{"index":"index","follow":"follow","max-snippet":"max-snippet:-1","max-image-preview":"max-image-preview:large","max-video-preview":"max-video-preview:-1"},"canonical":"https:\/\/projetopack.com.br\/en\/solucao-2-de-6-para-um-ano-de-crise\/","og_locale":"en_US","og_type":"article","og_title":"Solu\u00e7\u00e3o 2 de 6 para um ano de crise","og_description":"Continuando a nossa pauta especial, prosseguiremos com o tema do risco associado ao suprimento de mat\u00e9rias-primas.","og_url":"https:\/\/projetopack.com.br\/en\/solucao-2-de-6-para-um-ano-de-crise\/","og_site_name":"ProjetoPack","article_published_time":"2022-03-22T14:42:34+00:00","article_modified_time":"2022-03-22T14:42:36+00:00","og_image":[{"width":848,"height":426,"url":"https:\/\/projetopack.com.br\/wp-content\/uploads\/2022\/03\/18566978441646661212conteiner.jpg","type":"image\/jpeg"}],"author":"Aislan Baer","twitter_card":"summary_large_image","twitter_creator":"@ProjetoPack","twitter_site":"@ProjetoPack","twitter_misc":{"Written by":"Aislan Baer","Est. reading time":"12 minutes"},"schema":{"@context":"https:\/\/schema.org","@graph":[{"@type":"Article","@id":"https:\/\/projetopack.com.br\/solucao-2-de-6-para-um-ano-de-crise\/#article","isPartOf":{"@id":"https:\/\/projetopack.com.br\/solucao-2-de-6-para-um-ano-de-crise\/"},"author":{"name":"Aislan Baer","@id":"https:\/\/projetopack.com.br\/#\/schema\/person\/87cbd7d1e244880886d457815ebd2490"},"headline":"Solu\u00e7\u00e3o 2 de 6 para um ano de crise","datePublished":"2022-03-22T14:42:34+00:00","dateModified":"2022-03-22T14:42:36+00:00","mainEntityOfPage":{"@id":"https:\/\/projetopack.com.br\/solucao-2-de-6-para-um-ano-de-crise\/"},"wordCount":2264,"commentCount":0,"publisher":{"@id":"https:\/\/projetopack.com.br\/#organization"},"image":{"@id":"https:\/\/projetopack.com.br\/solucao-2-de-6-para-um-ano-de-crise\/#primaryimage"},"thumbnailUrl":"https:\/\/projetopack.com.br\/wp-content\/uploads\/2022\/03\/18566978441646661212conteiner.jpg","keywords":["compras","falta de mat\u00e9rias-primas","mat\u00e9rias-primas","supply chain","suprimentos"],"articleSection":["Artigos"],"inLanguage":"en-US","potentialAction":[{"@type":"CommentAction","name":"Comment","target":["https:\/\/projetopack.com.br\/solucao-2-de-6-para-um-ano-de-crise\/#respond"]}]},{"@type":"WebPage","@id":"https:\/\/projetopack.com.br\/solucao-2-de-6-para-um-ano-de-crise\/","url":"https:\/\/projetopack.com.br\/solucao-2-de-6-para-um-ano-de-crise\/","name":"Solu\u00e7\u00e3o 2 de 6 para um ano de crise - ProjetoPack","isPartOf":{"@id":"https:\/\/projetopack.com.br\/#website"},"primaryImageOfPage":{"@id":"https:\/\/projetopack.com.br\/solucao-2-de-6-para-um-ano-de-crise\/#primaryimage"},"image":{"@id":"https:\/\/projetopack.com.br\/solucao-2-de-6-para-um-ano-de-crise\/#primaryimage"},"thumbnailUrl":"https:\/\/projetopack.com.br\/wp-content\/uploads\/2022\/03\/18566978441646661212conteiner.jpg","datePublished":"2022-03-22T14:42:34+00:00","dateModified":"2022-03-22T14:42:36+00:00","description":"Continuando a nossa pauta especial, prosseguiremos com o tema do risco associado ao suprimento de mat\u00e9rias-primas.","breadcrumb":{"@id":"https:\/\/projetopack.com.br\/solucao-2-de-6-para-um-ano-de-crise\/#breadcrumb"},"inLanguage":"en-US","potentialAction":[{"@type":"ReadAction","target":["https:\/\/projetopack.com.br\/solucao-2-de-6-para-um-ano-de-crise\/"]}]},{"@type":"ImageObject","inLanguage":"en-US","@id":"https:\/\/projetopack.com.br\/solucao-2-de-6-para-um-ano-de-crise\/#primaryimage","url":"https:\/\/projetopack.com.br\/wp-content\/uploads\/2022\/03\/18566978441646661212conteiner.jpg","contentUrl":"https:\/\/projetopack.com.br\/wp-content\/uploads\/2022\/03\/18566978441646661212conteiner.jpg","width":848,"height":426,"caption":"containeres"},{"@type":"BreadcrumbList","@id":"https:\/\/projetopack.com.br\/solucao-2-de-6-para-um-ano-de-crise\/#breadcrumb","itemListElement":[{"@type":"ListItem","position":1,"name":"P\u00e1gina Inicial","item":"https:\/\/projetopack.com.br\/"},{"@type":"ListItem","position":2,"name":"Artigos","item":"https:\/\/projetopack.com.br\/category\/artigos\/"},{"@type":"ListItem","position":3,"name":"Solu\u00e7\u00e3o 2 de 6 para um ano de crise"}]},{"@type":"WebSite","@id":"https:\/\/projetopack.com.br\/#website","url":"https:\/\/projetopack.com.br\/","name":"ProjetoPack","description":"Consultoria e servi\u00e7os para embalagens, r\u00f3tulos, etiquetas e processos de impress\u00e3o","publisher":{"@id":"https:\/\/projetopack.com.br\/#organization"},"potentialAction":[{"@type":"SearchAction","target":{"@type":"EntryPoint","urlTemplate":"https:\/\/projetopack.com.br\/?s={search_term_string}"},"query-input":{"@type":"PropertyValueSpecification","valueRequired":true,"valueName":"search_term_string"}}],"inLanguage":"en-US"},{"@type":"Organization","@id":"https:\/\/projetopack.com.br\/#organization","name":"ProjetoPack & Associados","url":"https:\/\/projetopack.com.br\/","logo":{"@type":"ImageObject","inLanguage":"en-US","@id":"https:\/\/projetopack.com.br\/#\/schema\/logo\/image\/","url":"https:\/\/projetopack.com.br\/wp-content\/uploads\/2020\/09\/projetopack.png","contentUrl":"https:\/\/projetopack.com.br\/wp-content\/uploads\/2020\/09\/projetopack.png","width":200,"height":200,"caption":"ProjetoPack & Associados"},"image":{"@id":"https:\/\/projetopack.com.br\/#\/schema\/logo\/image\/"},"sameAs":["https:\/\/x.com\/ProjetoPack","https:\/\/www.linkedin.com\/company\/projetopack\/"]},{"@type":"Person","@id":"https:\/\/projetopack.com.br\/#\/schema\/person\/87cbd7d1e244880886d457815ebd2490","name":"Aislan Baer","image":{"@type":"ImageObject","inLanguage":"en-US","@id":"https:\/\/projetopack.com.br\/#\/schema\/person\/image\/","url":"https:\/\/projetopack.com.br\/wp-content\/uploads\/2021\/08\/Aislan-Busto-p-100x100.jpg","contentUrl":"https:\/\/projetopack.com.br\/wp-content\/uploads\/2021\/08\/Aislan-Busto-p-100x100.jpg","caption":"Aislan Baer"},"description":"Desde os \u00faltimos 20 anos, meu time e eu ajudamos mais de 300 empresas brasileiras e estrangeiras (algumas delas, l\u00edderes mundiais) a produzir embalagens flex\u00edveis e r\u00f3tulos com maior efici\u00eancia, menores custos e maior apelo visual, bem como centenas de donos de marcas a comprar suas embalagens flex\u00edveis e material impresso com um crit\u00e9rio mais t\u00e9cnico e assertivo. Ao mesmo tempo, gra\u00e7as \u00e0 nossa consultoria, muitas destas empresas melhoraram significativamente o seu processo de Impress\u00e3o (Impress\u00e3o de embalagens, Impress\u00e3o industrial, Impress\u00e3o funcional e, mais recentemente, bio impress\u00e3o e manufatura aditiva ou simplesmente Impress\u00e3o 3D). Se a sua empresa tem um problema relacionado a embalagens flex\u00edveis, r\u00f3tulos ou Impress\u00e3o, por mais insol\u00favel que lhe pare\u00e7a, aguardamos ansiosos a sua liga\u00e7\u00e3o ou e-mail. Este \u00e9 nosso trabalho e tamb\u00e9m a nossa paix\u00e3o.","sameAs":["http:\/\/www.projetopack.com","https:\/\/www.linkedin.com\/in\/aislanbaer\/"],"jobTitle":"CEO @ ProjetoPack | L\u00edder em M&A no Setor de Impress\u00e3o e Embalagens no Brasil | Cofundador da Inovagraf e Neuraflow | Especialista em Inova\u00e7\u00e3o com IA na Impress\u00e3o | Printing Legacy Initiative | Empreendedor Serial","url":"https:\/\/projetopack.com.br\/en\/author\/aislan\/"}]}},"_links":{"self":[{"href":"https:\/\/projetopack.com.br\/en\/wp-json\/wp\/v2\/posts\/19031","targetHints":{"allow":["GET"]}}],"collection":[{"href":"https:\/\/projetopack.com.br\/en\/wp-json\/wp\/v2\/posts"}],"about":[{"href":"https:\/\/projetopack.com.br\/en\/wp-json\/wp\/v2\/types\/post"}],"author":[{"embeddable":true,"href":"https:\/\/projetopack.com.br\/en\/wp-json\/wp\/v2\/users\/2"}],"replies":[{"embeddable":true,"href":"https:\/\/projetopack.com.br\/en\/wp-json\/wp\/v2\/comments?post=19031"}],"version-history":[{"count":0,"href":"https:\/\/projetopack.com.br\/en\/wp-json\/wp\/v2\/posts\/19031\/revisions"}],"wp:featuredmedia":[{"embeddable":true,"href":"https:\/\/projetopack.com.br\/en\/wp-json\/wp\/v2\/media\/19033"}],"wp:attachment":[{"href":"https:\/\/projetopack.com.br\/en\/wp-json\/wp\/v2\/media?parent=19031"}],"wp:term":[{"taxonomy":"category","embeddable":true,"href":"https:\/\/projetopack.com.br\/en\/wp-json\/wp\/v2\/categories?post=19031"},{"taxonomy":"post_tag","embeddable":true,"href":"https:\/\/projetopack.com.br\/en\/wp-json\/wp\/v2\/tags?post=19031"}],"curies":[{"name":"wp","href":"https:\/\/api.w.org\/{rel}","templated":true}]}}