{"id":19489,"date":"2022-04-05T12:09:01","date_gmt":"2022-04-05T15:09:01","guid":{"rendered":"https:\/\/www.projetopack.com.br\/?p=19489"},"modified":"2026-03-16T16:57:30","modified_gmt":"2026-03-16T19:57:30","slug":"ccl-industries-adquire-a-adelbras","status":"publish","type":"post","link":"https:\/\/projetopack.com.br\/en\/ccl-industries-adquire-a-adelbras\/","title":{"rendered":"CCL Industries adquire a Adelbras"},"content":{"rendered":"<p>A <a href=\"https:\/\/cclind.com\/\" target=\"_blank\" rel=\"noreferrer noopener\">CCL Industries Inc.<\/a> (TSX: CCL.A) (TSX: CCL.B), l\u00edder mundial em solu\u00e7\u00f5es de r\u00f3tulos especiais, seguran\u00e7a e embalagens para corpora\u00e7\u00f5es globais, institui\u00e7\u00f5es governamentais, pequenas empresas e consumidores, anunciou hoje que assinou um acordo vinculativo para adquirir a <strong><a href=\"https:\/\/www.adelbras.com\/\" target=\"_blank\" rel=\"noreferrer noopener\">Adelbras Ind\u00fastria e Com\u00e9rcio de Adesivos Ltda.<\/a> <\/strong>e <strong>Amazon Tape Ind\u00fastria e Com\u00e9rcio de Fitas Adesivas Ltda.<\/strong> (Adelbras) com sede em Vinhedo e uma opera\u00e7\u00e3o adicional em Manaus, na regi\u00e3o da zona franca do Amazonas.<\/p>\n\n\n\n<figure class=\"wp-block-pullquote\"><blockquote><p>A Adelbras \u00e9 o segundo maior produtor de fitas adesivas do Brasil, com a maioria das vendas derivadas de aplica\u00e7\u00f5es de mascaramento, colagem e embalagem, amplamente vendidas por meio de varejistas e distribuidores para consumidores e pequenas empresas, sob a marca Adelbras. <\/p><\/blockquote><\/figure>\n\n\n\n<p>Uma propor\u00e7\u00e3o menor \u00e9 vendida para uso industrial diretamente para clientes maiores, principalmente no nicho de bens dur\u00e1veis. <\/p>\n\n\n\n<figure class=\"wp-block-image is-resized\"><img fetchpriority=\"high\" decoding=\"async\" src=\"https:\/\/datasupriweb.vteximg.com.br\/arquivos\/ids\/159728-1000-1000\/003901140007---ADELBRAS-FITA-ADESIVA-CREPE-18X50.jpg?v=634902109323300000\" alt=\"Fita Adesiva crepe 18x50 adelbras - PT C\/ 6 PC - ADELBRAS - DataSupriWeb\" width=\"250\" height=\"250\"\/><\/figure>\n\n\n\n<p class=\"has-cyan-bluish-gray-background-color has-background\">As vendas do ano fiscal de 2021 foram de US$ 105,2 milh\u00f5es com EBITDA ajustado estimado em US$ 18,7 milh\u00f5es. A contrapresta\u00e7\u00e3o livre de d\u00edvida, toda compra em dinheiro, sujeita \u00e0s condi\u00e7\u00f5es habituais de fechamento, \u00e9 de aproximadamente $ 155,4 milh\u00f5es; o fechamento est\u00e1 planejado para o segundo trimestre de 2022. <\/p>\n\n\n\n<p>O novo neg\u00f3cio ser\u00e1 amplamente divulgado como parte da <a href=\"https:\/\/www.avery.com\/articles\/ccl-industries-completes-avery-dennison-label-consumer-products-acquisition\" target=\"_blank\" rel=\"noreferrer noopener\">unidade de neg\u00f3cios Avery<\/a>.<\/p>\n\n\n\n<p><strong>Leia mais em nosso blog:<\/strong><\/p>\n\n\n\n<p><a href=\"https:\/\/projetopack.com.br\/en\/ccl-adquiriu-a-sua-centesima-impressora-hp-indigo\/\" target=\"_blank\" rel=\"noreferrer noopener\">CCL adquiriu a sua cent\u00e9sima impressora HP Indigo<\/a><\/p>","protected":false},"excerpt":{"rendered":"<p>A Adelbras \u00e9 o segundo maior produtor de fitas adesivas do Brasil<\/p>","protected":false},"author":485,"featured_media":19490,"comment_status":"open","ping_status":"closed","sticky":true,"template":"","format":"standard","meta":{"footnotes":""},"categories":[782],"tags":[953,954,952],"class_list":["post-19489","post","type-post","status-publish","format-standard","has-post-thumbnail","hentry","category-fusoes-e-aquisicoes","tag-adelbras","tag-ccl-vinhedo","tag-fitas-adesivas"],"yoast_head":"<!-- This site is optimized with the Yoast SEO Premium plugin v27.1 (Yoast SEO v27.1.1) - https:\/\/yoast.com\/product\/yoast-seo-premium-wordpress\/ -->\n<title>CCL Industries adquire a Adelbras - ProjetoPack<\/title>\n<meta name=\"description\" content=\"A Adelbras \u00e9 o segundo maior produtor de fitas adesivas do Brasil, amplamente vendidas por meio de varejistas e distribuidores.\" \/>\n<meta name=\"robots\" content=\"index, follow, max-snippet:-1, max-image-preview:large, max-video-preview:-1\" \/>\n<link rel=\"canonical\" href=\"https:\/\/projetopack.com.br\/en\/ccl-industries-adquire-a-adelbras\/\" \/>\n<meta property=\"og:locale\" content=\"en_US\" \/>\n<meta property=\"og:type\" content=\"article\" \/>\n<meta property=\"og:title\" content=\"CCL Industries adquire a Adelbras\" \/>\n<meta property=\"og:description\" content=\"A Adelbras \u00e9 o segundo maior produtor de fitas adesivas do Brasil, amplamente vendidas por meio de varejistas e distribuidores.\" \/>\n<meta property=\"og:url\" content=\"https:\/\/projetopack.com.br\/en\/ccl-industries-adquire-a-adelbras\/\" \/>\n<meta property=\"og:site_name\" content=\"ProjetoPack\" \/>\n<meta property=\"article:published_time\" content=\"2022-04-05T15:09:01+00:00\" \/>\n<meta property=\"article:modified_time\" content=\"2026-03-16T19:57:30+00:00\" \/>\n<meta property=\"og:image\" content=\"https:\/\/projetopack.com.br\/wp-content\/uploads\/2022\/04\/Handshake.jpg\" \/>\n\t<meta property=\"og:image:width\" content=\"2048\" \/>\n\t<meta property=\"og:image:height\" content=\"1463\" \/>\n\t<meta property=\"og:image:type\" content=\"image\/jpeg\" \/>\n<meta name=\"author\" content=\"Projeto Pack Consultoria e Treinamento\" \/>\n<meta name=\"twitter:card\" content=\"summary_large_image\" \/>\n<meta name=\"twitter:creator\" content=\"@ProjetoPack\" \/>\n<meta name=\"twitter:site\" content=\"@ProjetoPack\" \/>\n<meta name=\"twitter:label1\" content=\"Written by\" \/>\n\t<meta name=\"twitter:data1\" content=\"Projeto Pack Consultoria e Treinamento\" \/>\n\t<meta name=\"twitter:label2\" content=\"Est. reading time\" \/>\n\t<meta name=\"twitter:data2\" content=\"2 minutes\" \/>\n<script type=\"application\/ld+json\" class=\"yoast-schema-graph\">{\"@context\":\"https:\/\/schema.org\",\"@graph\":[{\"@type\":\"Article\",\"@id\":\"https:\/\/projetopack.com.br\/ccl-industries-adquire-a-adelbras\/#article\",\"isPartOf\":{\"@id\":\"https:\/\/projetopack.com.br\/ccl-industries-adquire-a-adelbras\/\"},\"author\":{\"name\":\"Projeto Pack Consultoria e Treinamento\",\"@id\":\"https:\/\/projetopack.com.br\/#\/schema\/person\/85a2e510ed8149327b545eabf95ee7ab\"},\"headline\":\"CCL Industries adquire a Adelbras\",\"datePublished\":\"2022-04-05T15:09:01+00:00\",\"dateModified\":\"2026-03-16T19:57:30+00:00\",\"mainEntityOfPage\":{\"@id\":\"https:\/\/projetopack.com.br\/ccl-industries-adquire-a-adelbras\/\"},\"wordCount\":231,\"commentCount\":0,\"publisher\":{\"@id\":\"https:\/\/projetopack.com.br\/#organization\"},\"image\":{\"@id\":\"https:\/\/projetopack.com.br\/ccl-industries-adquire-a-adelbras\/#primaryimage\"},\"thumbnailUrl\":\"https:\/\/projetopack.com.br\/wp-content\/uploads\/2022\/04\/Handshake.jpg\",\"keywords\":[\"adelbras\",\"ccl vinhedo\",\"fitas adesivas\"],\"articleSection\":[\"Fus\u00f5es e aquisi\u00e7\u00f5es\"],\"inLanguage\":\"en-US\",\"potentialAction\":[{\"@type\":\"CommentAction\",\"name\":\"Comment\",\"target\":[\"https:\/\/projetopack.com.br\/ccl-industries-adquire-a-adelbras\/#respond\"]}]},{\"@type\":\"WebPage\",\"@id\":\"https:\/\/projetopack.com.br\/ccl-industries-adquire-a-adelbras\/\",\"url\":\"https:\/\/projetopack.com.br\/ccl-industries-adquire-a-adelbras\/\",\"name\":\"CCL Industries adquire a Adelbras - ProjetoPack\",\"isPartOf\":{\"@id\":\"https:\/\/projetopack.com.br\/#website\"},\"primaryImageOfPage\":{\"@id\":\"https:\/\/projetopack.com.br\/ccl-industries-adquire-a-adelbras\/#primaryimage\"},\"image\":{\"@id\":\"https:\/\/projetopack.com.br\/ccl-industries-adquire-a-adelbras\/#primaryimage\"},\"thumbnailUrl\":\"https:\/\/projetopack.com.br\/wp-content\/uploads\/2022\/04\/Handshake.jpg\",\"datePublished\":\"2022-04-05T15:09:01+00:00\",\"dateModified\":\"2026-03-16T19:57:30+00:00\",\"description\":\"A Adelbras \u00e9 o segundo maior produtor de fitas adesivas do Brasil, amplamente vendidas por meio de varejistas e distribuidores.\",\"breadcrumb\":{\"@id\":\"https:\/\/projetopack.com.br\/ccl-industries-adquire-a-adelbras\/#breadcrumb\"},\"inLanguage\":\"en-US\",\"potentialAction\":[{\"@type\":\"ReadAction\",\"target\":[\"https:\/\/projetopack.com.br\/ccl-industries-adquire-a-adelbras\/\"]}]},{\"@type\":\"ImageObject\",\"inLanguage\":\"en-US\",\"@id\":\"https:\/\/projetopack.com.br\/ccl-industries-adquire-a-adelbras\/#primaryimage\",\"url\":\"https:\/\/projetopack.com.br\/wp-content\/uploads\/2022\/04\/Handshake.jpg\",\"contentUrl\":\"https:\/\/projetopack.com.br\/wp-content\/uploads\/2022\/04\/Handshake.jpg\",\"width\":2048,\"height\":1463,\"caption\":\"aperto de m\u00e3o\"},{\"@type\":\"BreadcrumbList\",\"@id\":\"https:\/\/projetopack.com.br\/ccl-industries-adquire-a-adelbras\/#breadcrumb\",\"itemListElement\":[{\"@type\":\"ListItem\",\"position\":1,\"name\":\"P\u00e1gina Inicial\",\"item\":\"https:\/\/projetopack.com.br\/\"},{\"@type\":\"ListItem\",\"position\":2,\"name\":\"Fus\u00f5es e aquisi\u00e7\u00f5es\",\"item\":\"https:\/\/projetopack.com.br\/en\/category\/fusoes-e-aquisicoes\/\"},{\"@type\":\"ListItem\",\"position\":3,\"name\":\"CCL Industries adquire a Adelbras\"}]},{\"@type\":\"WebSite\",\"@id\":\"https:\/\/projetopack.com.br\/#website\",\"url\":\"https:\/\/projetopack.com.br\/\",\"name\":\"ProjetoPack\",\"description\":\"Consultoria e servi\u00e7os para embalagens, r\u00f3tulos, etiquetas e processos de impress\u00e3o\",\"publisher\":{\"@id\":\"https:\/\/projetopack.com.br\/#organization\"},\"potentialAction\":[{\"@type\":\"SearchAction\",\"target\":{\"@type\":\"EntryPoint\",\"urlTemplate\":\"https:\/\/projetopack.com.br\/?s={search_term_string}\"},\"query-input\":{\"@type\":\"PropertyValueSpecification\",\"valueRequired\":true,\"valueName\":\"search_term_string\"}}],\"inLanguage\":\"en-US\"},{\"@type\":\"Organization\",\"@id\":\"https:\/\/projetopack.com.br\/#organization\",\"name\":\"ProjetoPack & Associados\",\"url\":\"https:\/\/projetopack.com.br\/\",\"logo\":{\"@type\":\"ImageObject\",\"inLanguage\":\"en-US\",\"@id\":\"https:\/\/projetopack.com.br\/#\/schema\/logo\/image\/\",\"url\":\"https:\/\/projetopack.com.br\/wp-content\/uploads\/2020\/09\/projetopack.png\",\"contentUrl\":\"https:\/\/projetopack.com.br\/wp-content\/uploads\/2020\/09\/projetopack.png\",\"width\":200,\"height\":200,\"caption\":\"ProjetoPack & Associados\"},\"image\":{\"@id\":\"https:\/\/projetopack.com.br\/#\/schema\/logo\/image\/\"},\"sameAs\":[\"https:\/\/x.com\/ProjetoPack\",\"https:\/\/www.linkedin.com\/company\/projetopack\/\"]},{\"@type\":\"Person\",\"@id\":\"https:\/\/projetopack.com.br\/#\/schema\/person\/85a2e510ed8149327b545eabf95ee7ab\",\"name\":\"Projeto Pack Consultoria e Treinamento\",\"image\":{\"@type\":\"ImageObject\",\"inLanguage\":\"en-US\",\"@id\":\"https:\/\/projetopack.com.br\/#\/schema\/person\/image\/\",\"url\":\"https:\/\/projetopack.com.br\/wp-content\/uploads\/2020\/09\/Logo-ProjetoPack-Horizontal-100x100.jpg\",\"contentUrl\":\"https:\/\/projetopack.com.br\/wp-content\/uploads\/2020\/09\/Logo-ProjetoPack-Horizontal-100x100.jpg\",\"caption\":\"Projeto Pack Consultoria e Treinamento\"},\"url\":\"https:\/\/projetopack.com.br\/en\/author\/projetopack\/\"}]}<\/script>\n<!-- \/ Yoast SEO Premium plugin. -->","yoast_head_json":{"title":"CCL Industries adquire a Adelbras - ProjetoPack","description":"A Adelbras \u00e9 o segundo maior produtor de fitas adesivas do Brasil, amplamente vendidas por meio de varejistas e distribuidores.","robots":{"index":"index","follow":"follow","max-snippet":"max-snippet:-1","max-image-preview":"max-image-preview:large","max-video-preview":"max-video-preview:-1"},"canonical":"https:\/\/projetopack.com.br\/en\/ccl-industries-adquire-a-adelbras\/","og_locale":"en_US","og_type":"article","og_title":"CCL Industries adquire a Adelbras","og_description":"A Adelbras \u00e9 o segundo maior produtor de fitas adesivas do Brasil, amplamente vendidas por meio de varejistas e distribuidores.","og_url":"https:\/\/projetopack.com.br\/en\/ccl-industries-adquire-a-adelbras\/","og_site_name":"ProjetoPack","article_published_time":"2022-04-05T15:09:01+00:00","article_modified_time":"2026-03-16T19:57:30+00:00","og_image":[{"width":2048,"height":1463,"url":"https:\/\/projetopack.com.br\/wp-content\/uploads\/2022\/04\/Handshake.jpg","type":"image\/jpeg"}],"author":"Projeto Pack Consultoria e Treinamento","twitter_card":"summary_large_image","twitter_creator":"@ProjetoPack","twitter_site":"@ProjetoPack","twitter_misc":{"Written by":"Projeto Pack Consultoria e Treinamento","Est. reading time":"2 minutes"},"schema":{"@context":"https:\/\/schema.org","@graph":[{"@type":"Article","@id":"https:\/\/projetopack.com.br\/ccl-industries-adquire-a-adelbras\/#article","isPartOf":{"@id":"https:\/\/projetopack.com.br\/ccl-industries-adquire-a-adelbras\/"},"author":{"name":"Projeto Pack Consultoria e Treinamento","@id":"https:\/\/projetopack.com.br\/#\/schema\/person\/85a2e510ed8149327b545eabf95ee7ab"},"headline":"CCL Industries adquire a Adelbras","datePublished":"2022-04-05T15:09:01+00:00","dateModified":"2026-03-16T19:57:30+00:00","mainEntityOfPage":{"@id":"https:\/\/projetopack.com.br\/ccl-industries-adquire-a-adelbras\/"},"wordCount":231,"commentCount":0,"publisher":{"@id":"https:\/\/projetopack.com.br\/#organization"},"image":{"@id":"https:\/\/projetopack.com.br\/ccl-industries-adquire-a-adelbras\/#primaryimage"},"thumbnailUrl":"https:\/\/projetopack.com.br\/wp-content\/uploads\/2022\/04\/Handshake.jpg","keywords":["adelbras","ccl vinhedo","fitas adesivas"],"articleSection":["Fus\u00f5es e aquisi\u00e7\u00f5es"],"inLanguage":"en-US","potentialAction":[{"@type":"CommentAction","name":"Comment","target":["https:\/\/projetopack.com.br\/ccl-industries-adquire-a-adelbras\/#respond"]}]},{"@type":"WebPage","@id":"https:\/\/projetopack.com.br\/ccl-industries-adquire-a-adelbras\/","url":"https:\/\/projetopack.com.br\/ccl-industries-adquire-a-adelbras\/","name":"CCL Industries adquire a Adelbras - ProjetoPack","isPartOf":{"@id":"https:\/\/projetopack.com.br\/#website"},"primaryImageOfPage":{"@id":"https:\/\/projetopack.com.br\/ccl-industries-adquire-a-adelbras\/#primaryimage"},"image":{"@id":"https:\/\/projetopack.com.br\/ccl-industries-adquire-a-adelbras\/#primaryimage"},"thumbnailUrl":"https:\/\/projetopack.com.br\/wp-content\/uploads\/2022\/04\/Handshake.jpg","datePublished":"2022-04-05T15:09:01+00:00","dateModified":"2026-03-16T19:57:30+00:00","description":"A Adelbras \u00e9 o segundo maior produtor de fitas adesivas do Brasil, amplamente vendidas por meio de varejistas e distribuidores.","breadcrumb":{"@id":"https:\/\/projetopack.com.br\/ccl-industries-adquire-a-adelbras\/#breadcrumb"},"inLanguage":"en-US","potentialAction":[{"@type":"ReadAction","target":["https:\/\/projetopack.com.br\/ccl-industries-adquire-a-adelbras\/"]}]},{"@type":"ImageObject","inLanguage":"en-US","@id":"https:\/\/projetopack.com.br\/ccl-industries-adquire-a-adelbras\/#primaryimage","url":"https:\/\/projetopack.com.br\/wp-content\/uploads\/2022\/04\/Handshake.jpg","contentUrl":"https:\/\/projetopack.com.br\/wp-content\/uploads\/2022\/04\/Handshake.jpg","width":2048,"height":1463,"caption":"aperto de m\u00e3o"},{"@type":"BreadcrumbList","@id":"https:\/\/projetopack.com.br\/ccl-industries-adquire-a-adelbras\/#breadcrumb","itemListElement":[{"@type":"ListItem","position":1,"name":"P\u00e1gina Inicial","item":"https:\/\/projetopack.com.br\/"},{"@type":"ListItem","position":2,"name":"Fus\u00f5es e aquisi\u00e7\u00f5es","item":"https:\/\/projetopack.com.br\/en\/category\/fusoes-e-aquisicoes\/"},{"@type":"ListItem","position":3,"name":"CCL Industries adquire a Adelbras"}]},{"@type":"WebSite","@id":"https:\/\/projetopack.com.br\/#website","url":"https:\/\/projetopack.com.br\/","name":"ProjetoPack","description":"Consultoria e servi\u00e7os para embalagens, r\u00f3tulos, etiquetas e processos de impress\u00e3o","publisher":{"@id":"https:\/\/projetopack.com.br\/#organization"},"potentialAction":[{"@type":"SearchAction","target":{"@type":"EntryPoint","urlTemplate":"https:\/\/projetopack.com.br\/?s={search_term_string}"},"query-input":{"@type":"PropertyValueSpecification","valueRequired":true,"valueName":"search_term_string"}}],"inLanguage":"en-US"},{"@type":"Organization","@id":"https:\/\/projetopack.com.br\/#organization","name":"ProjetoPack & Associados","url":"https:\/\/projetopack.com.br\/","logo":{"@type":"ImageObject","inLanguage":"en-US","@id":"https:\/\/projetopack.com.br\/#\/schema\/logo\/image\/","url":"https:\/\/projetopack.com.br\/wp-content\/uploads\/2020\/09\/projetopack.png","contentUrl":"https:\/\/projetopack.com.br\/wp-content\/uploads\/2020\/09\/projetopack.png","width":200,"height":200,"caption":"ProjetoPack & Associados"},"image":{"@id":"https:\/\/projetopack.com.br\/#\/schema\/logo\/image\/"},"sameAs":["https:\/\/x.com\/ProjetoPack","https:\/\/www.linkedin.com\/company\/projetopack\/"]},{"@type":"Person","@id":"https:\/\/projetopack.com.br\/#\/schema\/person\/85a2e510ed8149327b545eabf95ee7ab","name":"Projeto Pack Consultoria e Treinamento","image":{"@type":"ImageObject","inLanguage":"en-US","@id":"https:\/\/projetopack.com.br\/#\/schema\/person\/image\/","url":"https:\/\/projetopack.com.br\/wp-content\/uploads\/2020\/09\/Logo-ProjetoPack-Horizontal-100x100.jpg","contentUrl":"https:\/\/projetopack.com.br\/wp-content\/uploads\/2020\/09\/Logo-ProjetoPack-Horizontal-100x100.jpg","caption":"Projeto Pack Consultoria e Treinamento"},"url":"https:\/\/projetopack.com.br\/en\/author\/projetopack\/"}]}},"_links":{"self":[{"href":"https:\/\/projetopack.com.br\/en\/wp-json\/wp\/v2\/posts\/19489","targetHints":{"allow":["GET"]}}],"collection":[{"href":"https:\/\/projetopack.com.br\/en\/wp-json\/wp\/v2\/posts"}],"about":[{"href":"https:\/\/projetopack.com.br\/en\/wp-json\/wp\/v2\/types\/post"}],"author":[{"embeddable":true,"href":"https:\/\/projetopack.com.br\/en\/wp-json\/wp\/v2\/users\/485"}],"replies":[{"embeddable":true,"href":"https:\/\/projetopack.com.br\/en\/wp-json\/wp\/v2\/comments?post=19489"}],"version-history":[{"count":0,"href":"https:\/\/projetopack.com.br\/en\/wp-json\/wp\/v2\/posts\/19489\/revisions"}],"wp:featuredmedia":[{"embeddable":true,"href":"https:\/\/projetopack.com.br\/en\/wp-json\/wp\/v2\/media\/19490"}],"wp:attachment":[{"href":"https:\/\/projetopack.com.br\/en\/wp-json\/wp\/v2\/media?parent=19489"}],"wp:term":[{"taxonomy":"category","embeddable":true,"href":"https:\/\/projetopack.com.br\/en\/wp-json\/wp\/v2\/categories?post=19489"},{"taxonomy":"post_tag","embeddable":true,"href":"https:\/\/projetopack.com.br\/en\/wp-json\/wp\/v2\/tags?post=19489"}],"curies":[{"name":"wp","href":"https:\/\/api.w.org\/{rel}","templated":true}]}}