{"id":19544,"date":"2022-04-07T16:45:50","date_gmt":"2022-04-07T19:45:50","guid":{"rendered":"https:\/\/www.projetopack.com.br\/?p=19544"},"modified":"2022-04-07T16:45:51","modified_gmt":"2022-04-07T19:45:51","slug":"projetopack-editorial-by-marcos-palhares","status":"publish","type":"post","link":"https:\/\/projetopack.com.br\/en\/projetopack-editorial-by-marcos-palhares\/","title":{"rendered":"ProjetoPack Editorial, by Marcos Palhares"},"content":{"rendered":"<blockquote class=\"wp-block-quote is-layout-flow wp-block-quote-is-layout-flow\"><p>Due to the 17th anniversary of our technical magazine for packaging, labels and printing markets, we invited editors from competing magazines to write our editorial this year. People who, like us, face the challenge of disseminating technical knowledge to the graphic sector.<\/p><cite><strong>Aislan Baer, CEO at ProjetoPack and editor at ProjetoPack Magazine<\/strong><\/cite><\/blockquote>\n\n\n\n<h2 class=\"wp-block-heading\" id=\"h-by-marcos-palhares-editor-of-embalagemmarca\">By <strong>Marcos Palhares<\/strong>, editor of <a href=\"https:\/\/embalagemmarca.com.br\/\" target=\"_blank\" rel=\"noreferrer noopener\">EmbalagemMarca<\/a><\/h2>\n\n\n\n<p>Occupy this noble space in such a respected publication brings, along with the feeling of joy about the invitation, a great responsibility. <\/p>\n\n\n\n<p>I begin, then, dedicating a few lines to the importance of this publication for the graphic arts industry, especially for the part related to packaging. <\/p>\n\n\n\n<p>The <strong><a href=\"https:\/\/projetopack.com.br\/revista-projeto-pack\/\" target=\"_blank\" rel=\"noreferrer noopener\">ProjetoPack magazine<\/a><\/strong> unites in its pages a strategic vision with a technical approach, constituting a vital tool for entrepreneurs and professionals who work with packaging and label printing.<\/p>\n\n\n\n<p>It is inevitable to not mention who is behind this project: <strong>Aislan Baer<\/strong>. <\/p>\n\n\n\n<p>Raised within the graphic arts environment, breathing inks, and listening to the press runs, he has a passion for the graphic arts industry evidenced in every detail of what he does \u2013 including the ProjetoPack magazine. <\/p>\n\n\n\n<p class=\"has-cyan-bluish-gray-background-color has-background\">Because only those passionate about this industry survive for 16 years producing segmented media in Brazil. Maintaining a business like this is only justified by attachment and the desire to contribute to the graphic arts industry&#8217;s evolution and solidity.<\/p>\n\n\n\n<p>I do not doubt that ProjetoPack magazine goes through situations similar to those we experience in the EmbalagemMarca magazine, which (heroically, I say without modesty) we edited for almost a quarter of a century. Therefore, I take this opportunity to bring a curious fact about the life of publishers to those who believe in the importance of segmented media as a diffuser of important information for the decision-making of companies in general.<\/p>\n\n\n\n<p>The recognition that this periodical publication receives in terms of its value to the industry is considerable. <\/p>\n\n\n\n<p>Also, the requests for editorial space to advertise products, services, and initiatives from players in the value chain to what the ProjetoPack magazine is directed are not rare.\u00a0 Likewise, I believe that the negatives that the magazine receives when it offers advertising space to these same companies are commonplace. &#8220;We don&#8217;t have the budget for it&#8221;, &#8220;We are focusing our communication investments on press relations&#8221;, and &#8220;We prefer editorial material because it has more credibility than advertisements&#8221; are my favorite phrases.<\/p>\n\n\n\n<p>This is not a criticism of the option not to advertise. Much less a questioning of the veracity of these statements (even though I can technically refute them). But we are faced with a peculiar situation: if the magazine has real value for the graphic arts industry, wouldn&#8217;t it make sense to contribute to keeping it healthy and growing further, as well as to helping to promote the relevant initiatives of this same industry?<\/p>\n\n\n\n<p>By betting only on a space on the editorial pages, that is &#8220;free of charge&#8221; and &#8220;offers credibility&#8221;, potential advertisers expect other companies, with their advertisements, to help cover the costs of the publication. <\/p>\n\n\n\n<p>Thus, they benefit from not having to invest in advertisements for visibility. But if a large part of the market makes this decision, soon there will be no resources to maintain the editorial project.\u00a0 <\/p>\n\n\n\n<p class=\"has-cyan-bluish-gray-background-color has-background\">Consequently, the tendency is that, over time, the publications will cease to exist, closing a relevant space for communication between suppliers and potential customers. No passion will resist.<\/p>\n\n\n\n<p><strong>Read more in our blog:<\/strong><\/p>\n\n\n\n<p><a href=\"https:\/\/projetopack.com.br\/en\/industry-4-0-and-operator-0-4-that-is-difficult-is-it-not\/\" target=\"_blank\" rel=\"noreferrer noopener\">Industry 4.0 and operator 0.4? That is difficult, is it not?<\/a><\/p>","protected":false},"excerpt":{"rendered":"<p>We invited editors from competing packaging magazines to write our editorial this year.<\/p>","protected":false},"author":12,"featured_media":19545,"comment_status":"open","ping_status":"closed","sticky":true,"template":"","format":"standard","meta":{"footnotes":""},"categories":[99],"tags":[955,603],"class_list":["post-19544","post","type-post","status-publish","format-standard","has-post-thumbnail","hentry","category-artigos","tag-embalagemmarca","tag-projetopack-em-revista"],"yoast_head":"<!-- This site is optimized with the Yoast SEO Premium plugin v27.1 (Yoast SEO v27.1.1) - https:\/\/yoast.com\/product\/yoast-seo-premium-wordpress\/ -->\n<title>ProjetoPack Editorial, by Marcos Palhares - ProjetoPack<\/title>\n<meta name=\"description\" content=\"Due to the 17th anniversary of our magazine, we invited editors from other packaging magazines to write our editorial.\" \/>\n<meta name=\"robots\" content=\"index, follow, max-snippet:-1, max-image-preview:large, max-video-preview:-1\" \/>\n<link rel=\"canonical\" href=\"https:\/\/projetopack.com.br\/en\/projetopack-editorial-by-marcos-palhares\/\" \/>\n<meta property=\"og:locale\" content=\"en_US\" \/>\n<meta property=\"og:type\" content=\"article\" \/>\n<meta property=\"og:title\" content=\"ProjetoPack Editorial, by Marcos Palhares\" \/>\n<meta property=\"og:description\" content=\"Due to the 17th anniversary of our magazine, we invited editors from other packaging magazines to write our editorial.\" \/>\n<meta property=\"og:url\" content=\"https:\/\/projetopack.com.br\/en\/projetopack-editorial-by-marcos-palhares\/\" \/>\n<meta property=\"og:site_name\" content=\"ProjetoPack\" \/>\n<meta property=\"article:published_time\" content=\"2022-04-07T19:45:50+00:00\" \/>\n<meta property=\"article:modified_time\" content=\"2022-04-07T19:45:51+00:00\" \/>\n<meta property=\"og:image\" content=\"https:\/\/projetopack.com.br\/wp-content\/uploads\/2022\/04\/sag0447.jpg\" \/>\n\t<meta property=\"og:image:width\" content=\"1363\" \/>\n\t<meta property=\"og:image:height\" content=\"2048\" \/>\n\t<meta property=\"og:image:type\" content=\"image\/jpeg\" \/>\n<meta name=\"author\" content=\"Murilo Pinto Pereira\" \/>\n<meta name=\"twitter:card\" content=\"summary_large_image\" \/>\n<meta name=\"twitter:creator\" content=\"@ProjetoPack\" \/>\n<meta name=\"twitter:site\" content=\"@ProjetoPack\" \/>\n<meta name=\"twitter:label1\" content=\"Written by\" \/>\n\t<meta name=\"twitter:data1\" content=\"Murilo Pinto Pereira\" \/>\n\t<meta name=\"twitter:label2\" content=\"Est. reading time\" \/>\n\t<meta name=\"twitter:data2\" content=\"4 minutes\" \/>\n<script type=\"application\/ld+json\" class=\"yoast-schema-graph\">{\"@context\":\"https:\/\/schema.org\",\"@graph\":[{\"@type\":\"Article\",\"@id\":\"https:\/\/projetopack.com.br\/projetopack-editorial-by-marcos-palhares\/#article\",\"isPartOf\":{\"@id\":\"https:\/\/projetopack.com.br\/projetopack-editorial-by-marcos-palhares\/\"},\"author\":{\"name\":\"Murilo Pinto Pereira\",\"@id\":\"https:\/\/projetopack.com.br\/#\/schema\/person\/6e860f8340d3f2e089f05382c00b3e4b\"},\"headline\":\"ProjetoPack Editorial, by Marcos Palhares\",\"datePublished\":\"2022-04-07T19:45:50+00:00\",\"dateModified\":\"2022-04-07T19:45:51+00:00\",\"mainEntityOfPage\":{\"@id\":\"https:\/\/projetopack.com.br\/projetopack-editorial-by-marcos-palhares\/\"},\"wordCount\":582,\"commentCount\":0,\"publisher\":{\"@id\":\"https:\/\/projetopack.com.br\/#organization\"},\"image\":{\"@id\":\"https:\/\/projetopack.com.br\/projetopack-editorial-by-marcos-palhares\/#primaryimage\"},\"thumbnailUrl\":\"https:\/\/projetopack.com.br\/wp-content\/uploads\/2022\/04\/sag0447.jpg\",\"keywords\":[\"embalagemmarca\",\"projetopack em revista\"],\"articleSection\":[\"Artigos\"],\"inLanguage\":\"en-US\",\"potentialAction\":[{\"@type\":\"CommentAction\",\"name\":\"Comment\",\"target\":[\"https:\/\/projetopack.com.br\/projetopack-editorial-by-marcos-palhares\/#respond\"]}]},{\"@type\":\"WebPage\",\"@id\":\"https:\/\/projetopack.com.br\/projetopack-editorial-by-marcos-palhares\/\",\"url\":\"https:\/\/projetopack.com.br\/projetopack-editorial-by-marcos-palhares\/\",\"name\":\"ProjetoPack Editorial, by Marcos Palhares - ProjetoPack\",\"isPartOf\":{\"@id\":\"https:\/\/projetopack.com.br\/#website\"},\"primaryImageOfPage\":{\"@id\":\"https:\/\/projetopack.com.br\/projetopack-editorial-by-marcos-palhares\/#primaryimage\"},\"image\":{\"@id\":\"https:\/\/projetopack.com.br\/projetopack-editorial-by-marcos-palhares\/#primaryimage\"},\"thumbnailUrl\":\"https:\/\/projetopack.com.br\/wp-content\/uploads\/2022\/04\/sag0447.jpg\",\"datePublished\":\"2022-04-07T19:45:50+00:00\",\"dateModified\":\"2022-04-07T19:45:51+00:00\",\"description\":\"Due to the 17th anniversary of our magazine, we invited editors from other packaging magazines to write our editorial.\",\"breadcrumb\":{\"@id\":\"https:\/\/projetopack.com.br\/projetopack-editorial-by-marcos-palhares\/#breadcrumb\"},\"inLanguage\":\"en-US\",\"potentialAction\":[{\"@type\":\"ReadAction\",\"target\":[\"https:\/\/projetopack.com.br\/projetopack-editorial-by-marcos-palhares\/\"]}]},{\"@type\":\"ImageObject\",\"inLanguage\":\"en-US\",\"@id\":\"https:\/\/projetopack.com.br\/projetopack-editorial-by-marcos-palhares\/#primaryimage\",\"url\":\"https:\/\/projetopack.com.br\/wp-content\/uploads\/2022\/04\/sag0447.jpg\",\"contentUrl\":\"https:\/\/projetopack.com.br\/wp-content\/uploads\/2022\/04\/sag0447.jpg\",\"width\":1363,\"height\":2048,\"caption\":\"marcos palhares EM\"},{\"@type\":\"BreadcrumbList\",\"@id\":\"https:\/\/projetopack.com.br\/projetopack-editorial-by-marcos-palhares\/#breadcrumb\",\"itemListElement\":[{\"@type\":\"ListItem\",\"position\":1,\"name\":\"P\u00e1gina Inicial\",\"item\":\"https:\/\/projetopack.com.br\/\"},{\"@type\":\"ListItem\",\"position\":2,\"name\":\"Artigos\",\"item\":\"https:\/\/projetopack.com.br\/category\/artigos\/\"},{\"@type\":\"ListItem\",\"position\":3,\"name\":\"ProjetoPack Editorial, by Marcos Palhares\"}]},{\"@type\":\"WebSite\",\"@id\":\"https:\/\/projetopack.com.br\/#website\",\"url\":\"https:\/\/projetopack.com.br\/\",\"name\":\"ProjetoPack\",\"description\":\"Consultoria e servi\u00e7os para embalagens, r\u00f3tulos, etiquetas e processos de impress\u00e3o\",\"publisher\":{\"@id\":\"https:\/\/projetopack.com.br\/#organization\"},\"potentialAction\":[{\"@type\":\"SearchAction\",\"target\":{\"@type\":\"EntryPoint\",\"urlTemplate\":\"https:\/\/projetopack.com.br\/?s={search_term_string}\"},\"query-input\":{\"@type\":\"PropertyValueSpecification\",\"valueRequired\":true,\"valueName\":\"search_term_string\"}}],\"inLanguage\":\"en-US\"},{\"@type\":\"Organization\",\"@id\":\"https:\/\/projetopack.com.br\/#organization\",\"name\":\"ProjetoPack & Associados\",\"url\":\"https:\/\/projetopack.com.br\/\",\"logo\":{\"@type\":\"ImageObject\",\"inLanguage\":\"en-US\",\"@id\":\"https:\/\/projetopack.com.br\/#\/schema\/logo\/image\/\",\"url\":\"https:\/\/projetopack.com.br\/wp-content\/uploads\/2020\/09\/projetopack.png\",\"contentUrl\":\"https:\/\/projetopack.com.br\/wp-content\/uploads\/2020\/09\/projetopack.png\",\"width\":200,\"height\":200,\"caption\":\"ProjetoPack & Associados\"},\"image\":{\"@id\":\"https:\/\/projetopack.com.br\/#\/schema\/logo\/image\/\"},\"sameAs\":[\"https:\/\/x.com\/ProjetoPack\",\"https:\/\/www.linkedin.com\/company\/projetopack\/\"]},{\"@type\":\"Person\",\"@id\":\"https:\/\/projetopack.com.br\/#\/schema\/person\/6e860f8340d3f2e089f05382c00b3e4b\",\"name\":\"Murilo Pinto Pereira\",\"image\":{\"@type\":\"ImageObject\",\"inLanguage\":\"en-US\",\"@id\":\"https:\/\/projetopack.com.br\/#\/schema\/person\/image\/\",\"url\":\"https:\/\/secure.gravatar.com\/avatar\/e88bd6a2108abef484e059b32103eaab8e51ed452ebb33926c80dea054c7e6c7?s=96&d=mm&r=g\",\"contentUrl\":\"https:\/\/secure.gravatar.com\/avatar\/e88bd6a2108abef484e059b32103eaab8e51ed452ebb33926c80dea054c7e6c7?s=96&d=mm&r=g\",\"caption\":\"Murilo Pinto Pereira\"},\"sameAs\":[\"http:\/\/murilopereira.com.br\/\"],\"url\":\"https:\/\/projetopack.com.br\/en\/author\/murilo\/\"}]}<\/script>\n<!-- \/ Yoast SEO Premium plugin. -->","yoast_head_json":{"title":"ProjetoPack Editorial, by Marcos Palhares - ProjetoPack","description":"Due to the 17th anniversary of our magazine, we invited editors from other packaging magazines to write our editorial.","robots":{"index":"index","follow":"follow","max-snippet":"max-snippet:-1","max-image-preview":"max-image-preview:large","max-video-preview":"max-video-preview:-1"},"canonical":"https:\/\/projetopack.com.br\/en\/projetopack-editorial-by-marcos-palhares\/","og_locale":"en_US","og_type":"article","og_title":"ProjetoPack Editorial, by Marcos Palhares","og_description":"Due to the 17th anniversary of our magazine, we invited editors from other packaging magazines to write our editorial.","og_url":"https:\/\/projetopack.com.br\/en\/projetopack-editorial-by-marcos-palhares\/","og_site_name":"ProjetoPack","article_published_time":"2022-04-07T19:45:50+00:00","article_modified_time":"2022-04-07T19:45:51+00:00","og_image":[{"width":1363,"height":2048,"url":"https:\/\/projetopack.com.br\/wp-content\/uploads\/2022\/04\/sag0447.jpg","type":"image\/jpeg"}],"author":"Murilo Pinto Pereira","twitter_card":"summary_large_image","twitter_creator":"@ProjetoPack","twitter_site":"@ProjetoPack","twitter_misc":{"Written by":"Murilo Pinto Pereira","Est. reading time":"4 minutes"},"schema":{"@context":"https:\/\/schema.org","@graph":[{"@type":"Article","@id":"https:\/\/projetopack.com.br\/projetopack-editorial-by-marcos-palhares\/#article","isPartOf":{"@id":"https:\/\/projetopack.com.br\/projetopack-editorial-by-marcos-palhares\/"},"author":{"name":"Murilo Pinto Pereira","@id":"https:\/\/projetopack.com.br\/#\/schema\/person\/6e860f8340d3f2e089f05382c00b3e4b"},"headline":"ProjetoPack Editorial, by Marcos Palhares","datePublished":"2022-04-07T19:45:50+00:00","dateModified":"2022-04-07T19:45:51+00:00","mainEntityOfPage":{"@id":"https:\/\/projetopack.com.br\/projetopack-editorial-by-marcos-palhares\/"},"wordCount":582,"commentCount":0,"publisher":{"@id":"https:\/\/projetopack.com.br\/#organization"},"image":{"@id":"https:\/\/projetopack.com.br\/projetopack-editorial-by-marcos-palhares\/#primaryimage"},"thumbnailUrl":"https:\/\/projetopack.com.br\/wp-content\/uploads\/2022\/04\/sag0447.jpg","keywords":["embalagemmarca","projetopack em revista"],"articleSection":["Artigos"],"inLanguage":"en-US","potentialAction":[{"@type":"CommentAction","name":"Comment","target":["https:\/\/projetopack.com.br\/projetopack-editorial-by-marcos-palhares\/#respond"]}]},{"@type":"WebPage","@id":"https:\/\/projetopack.com.br\/projetopack-editorial-by-marcos-palhares\/","url":"https:\/\/projetopack.com.br\/projetopack-editorial-by-marcos-palhares\/","name":"ProjetoPack Editorial, by Marcos Palhares - ProjetoPack","isPartOf":{"@id":"https:\/\/projetopack.com.br\/#website"},"primaryImageOfPage":{"@id":"https:\/\/projetopack.com.br\/projetopack-editorial-by-marcos-palhares\/#primaryimage"},"image":{"@id":"https:\/\/projetopack.com.br\/projetopack-editorial-by-marcos-palhares\/#primaryimage"},"thumbnailUrl":"https:\/\/projetopack.com.br\/wp-content\/uploads\/2022\/04\/sag0447.jpg","datePublished":"2022-04-07T19:45:50+00:00","dateModified":"2022-04-07T19:45:51+00:00","description":"Due to the 17th anniversary of our magazine, we invited editors from other packaging magazines to write our editorial.","breadcrumb":{"@id":"https:\/\/projetopack.com.br\/projetopack-editorial-by-marcos-palhares\/#breadcrumb"},"inLanguage":"en-US","potentialAction":[{"@type":"ReadAction","target":["https:\/\/projetopack.com.br\/projetopack-editorial-by-marcos-palhares\/"]}]},{"@type":"ImageObject","inLanguage":"en-US","@id":"https:\/\/projetopack.com.br\/projetopack-editorial-by-marcos-palhares\/#primaryimage","url":"https:\/\/projetopack.com.br\/wp-content\/uploads\/2022\/04\/sag0447.jpg","contentUrl":"https:\/\/projetopack.com.br\/wp-content\/uploads\/2022\/04\/sag0447.jpg","width":1363,"height":2048,"caption":"marcos palhares EM"},{"@type":"BreadcrumbList","@id":"https:\/\/projetopack.com.br\/projetopack-editorial-by-marcos-palhares\/#breadcrumb","itemListElement":[{"@type":"ListItem","position":1,"name":"P\u00e1gina Inicial","item":"https:\/\/projetopack.com.br\/"},{"@type":"ListItem","position":2,"name":"Artigos","item":"https:\/\/projetopack.com.br\/category\/artigos\/"},{"@type":"ListItem","position":3,"name":"ProjetoPack Editorial, by Marcos Palhares"}]},{"@type":"WebSite","@id":"https:\/\/projetopack.com.br\/#website","url":"https:\/\/projetopack.com.br\/","name":"ProjetoPack","description":"Consultoria e servi\u00e7os para embalagens, r\u00f3tulos, etiquetas e processos de impress\u00e3o","publisher":{"@id":"https:\/\/projetopack.com.br\/#organization"},"potentialAction":[{"@type":"SearchAction","target":{"@type":"EntryPoint","urlTemplate":"https:\/\/projetopack.com.br\/?s={search_term_string}"},"query-input":{"@type":"PropertyValueSpecification","valueRequired":true,"valueName":"search_term_string"}}],"inLanguage":"en-US"},{"@type":"Organization","@id":"https:\/\/projetopack.com.br\/#organization","name":"ProjetoPack & Associados","url":"https:\/\/projetopack.com.br\/","logo":{"@type":"ImageObject","inLanguage":"en-US","@id":"https:\/\/projetopack.com.br\/#\/schema\/logo\/image\/","url":"https:\/\/projetopack.com.br\/wp-content\/uploads\/2020\/09\/projetopack.png","contentUrl":"https:\/\/projetopack.com.br\/wp-content\/uploads\/2020\/09\/projetopack.png","width":200,"height":200,"caption":"ProjetoPack & Associados"},"image":{"@id":"https:\/\/projetopack.com.br\/#\/schema\/logo\/image\/"},"sameAs":["https:\/\/x.com\/ProjetoPack","https:\/\/www.linkedin.com\/company\/projetopack\/"]},{"@type":"Person","@id":"https:\/\/projetopack.com.br\/#\/schema\/person\/6e860f8340d3f2e089f05382c00b3e4b","name":"Murilo Pinto Pereira","image":{"@type":"ImageObject","inLanguage":"en-US","@id":"https:\/\/projetopack.com.br\/#\/schema\/person\/image\/","url":"https:\/\/secure.gravatar.com\/avatar\/e88bd6a2108abef484e059b32103eaab8e51ed452ebb33926c80dea054c7e6c7?s=96&d=mm&r=g","contentUrl":"https:\/\/secure.gravatar.com\/avatar\/e88bd6a2108abef484e059b32103eaab8e51ed452ebb33926c80dea054c7e6c7?s=96&d=mm&r=g","caption":"Murilo Pinto Pereira"},"sameAs":["http:\/\/murilopereira.com.br\/"],"url":"https:\/\/projetopack.com.br\/en\/author\/murilo\/"}]}},"_links":{"self":[{"href":"https:\/\/projetopack.com.br\/en\/wp-json\/wp\/v2\/posts\/19544","targetHints":{"allow":["GET"]}}],"collection":[{"href":"https:\/\/projetopack.com.br\/en\/wp-json\/wp\/v2\/posts"}],"about":[{"href":"https:\/\/projetopack.com.br\/en\/wp-json\/wp\/v2\/types\/post"}],"author":[{"embeddable":true,"href":"https:\/\/projetopack.com.br\/en\/wp-json\/wp\/v2\/users\/12"}],"replies":[{"embeddable":true,"href":"https:\/\/projetopack.com.br\/en\/wp-json\/wp\/v2\/comments?post=19544"}],"version-history":[{"count":0,"href":"https:\/\/projetopack.com.br\/en\/wp-json\/wp\/v2\/posts\/19544\/revisions"}],"wp:featuredmedia":[{"embeddable":true,"href":"https:\/\/projetopack.com.br\/en\/wp-json\/wp\/v2\/media\/19545"}],"wp:attachment":[{"href":"https:\/\/projetopack.com.br\/en\/wp-json\/wp\/v2\/media?parent=19544"}],"wp:term":[{"taxonomy":"category","embeddable":true,"href":"https:\/\/projetopack.com.br\/en\/wp-json\/wp\/v2\/categories?post=19544"},{"taxonomy":"post_tag","embeddable":true,"href":"https:\/\/projetopack.com.br\/en\/wp-json\/wp\/v2\/tags?post=19544"}],"curies":[{"name":"wp","href":"https:\/\/api.w.org\/{rel}","templated":true}]}}