{"id":19888,"date":"2022-04-17T14:04:43","date_gmt":"2022-04-17T17:04:43","guid":{"rendered":"https:\/\/www.projetopack.com.br\/?p=19888"},"modified":"2026-03-16T16:57:28","modified_gmt":"2026-03-16T19:57:28","slug":"existe-vida-inteligente-fora-do-refis","status":"publish","type":"post","link":"https:\/\/projetopack.com.br\/en\/existe-vida-inteligente-fora-do-refis\/","title":{"rendered":"Existe vida inteligente fora do REFIS?"},"content":{"rendered":"<p>Das milhares de <strong>Ind\u00fastrias Gr\u00e1ficas e Convertedoras<\/strong> em opera\u00e7\u00e3o no Pa\u00eds atualmente, um percentual bastante relevante possui pend\u00eancias tribut\u00e1rias em \u00e2mbito federal, que est\u00e3o sendo pagas, via <a href=\"https:\/\/www.poder360.com.br\/congresso\/congresso-derruba-veto-ao-refis-de-pequenas-empresas\/\" target=\"_blank\" rel=\"noreferrer noopener\">REFIS<\/a> e certamente todas est\u00e3o pagando os seus tributos federais vincendos com alguma dificuldade, devido a excessiva e complicada carga tribut\u00e1ria federal, incluindo aqui o <strong>INSS Patronal<\/strong>, incidente sobre a <strong>Folha de Pagamento<\/strong> de seus funcion\u00e1rios.<\/p>\n\n\n\n<p>Tais d\u00edvidas vencidas e vincendas perenes n\u00e3o apenas elevam o custo financeiro de sua opera\u00e7\u00e3o industrial \/ comercial e, por conseguinte, corroem as margens j\u00e1 acirradas das empresas, e colateralmente criam uma paralisia imensur\u00e1vel, refletida por exemplo na restri\u00e7\u00e3o de cr\u00e9dito junto aos fornecedores e ao Mercado Financeiro, a inaptid\u00e3o para participar de certos leil\u00f5es (&#8220;bids&#8221;) de clientes e a pr\u00f3pria desqualifica\u00e7\u00e3o da empresa como op\u00e7\u00e3o de companhias que tem uma \u00e1rea de gest\u00e3o de risco mais madura.<\/p>\n\n\n\n<p>Uma solu\u00e7\u00e3o comum encontrada pela maioria das Ind\u00fastrias Gr\u00e1ficas e Convertedoras chama-se REFIS (Programa de Recupera\u00e7\u00e3o Fiscal), que de tempos em tempos permite a renegocia\u00e7\u00e3o em at\u00e9 120 meses, com redu\u00e7\u00e3o de multas, juros e honor\u00e1rios advocat\u00edcios, desde que a ades\u00e3o seja feita dentro do per\u00edodo de participa\u00e7\u00e3o no Programa Governamental, conforme Planilha abaixo:<\/p>\n\n\n\n<p><strong>PERCENTUAL DE REDU\u00c7\u00c3O SOBRE MULTA\/JUROS E QUANTIDADE DE PARCELAS PARA PAGAMENTO<\/strong><\/p>\n\n\n\n<p class=\"has-text-align-center\">95% &#8211; A VISTA OU AT\u00c9 5 PARCELAS<\/p>\n\n\n\n<p class=\"has-text-align-center\">90% &#8211; DE 6 A 12 PARCELAS<\/p>\n\n\n\n<p class=\"has-text-align-center\">80% &#8211; DE 13 A 24 PARCELAS<\/p>\n\n\n\n<p class=\"has-text-align-center\">70% &#8211; DE 25 A 36 PARCELAS<\/p>\n\n\n\n<p class=\"has-text-align-center\">60% &#8211; DE 37 A 48 PARCELAS<\/p>\n\n\n\n<p class=\"has-text-align-center\">55% &#8211; DE 49 A 60 PARCELAS<\/p>\n\n\n\n<p class=\"has-text-align-center\">50% &#8211; DE 61 A 120 PARCELAS<\/p>\n\n\n\n<p>Como tudo nessa vida, h\u00e1 sempre pr\u00f3s e contras. As condi\u00e7\u00f5es mais tentadoras, na verdade, requerem pagamento \u00e0 vista ou s\u00e3o falsas promessas que n\u00e3o se realizam ou se revertem contra quem tentou efetuar o pagamento de forma heterodoxa. E, em boa parte dos casos, essa disponibilidade de recursos para quita\u00e7\u00e3o n\u00e3o \u00e9 comum. <\/p>\n\n\n\n<figure class=\"wp-block-pullquote\"><blockquote><p>Por este motivo, muitos entrantes na modalidade acabam subsistindo, de REFIS em REFIS.<\/p><\/blockquote><\/figure>\n\n\n\n<p>Outra problem\u00e1tica diz respeito \u00e0s d\u00edvidas ainda n\u00e3o inscritas na Receita Federal como Ativas e, portanto, n\u00e3o migraram como d\u00e9bitos para a responsabilidade de cobran\u00e7a da <a href=\"https:\/\/www.gov.br\/pgfn\/pt-br\" target=\"_blank\" rel=\"noreferrer noopener\">PGFN<\/a>. Isso significa que, mesmo com o contribuinte transacionando seus d\u00e9bitos junto \u00e0 PGFN, caso haja d\u00e9bitos em sua conta-corrente no sistema da Receita, n\u00e3o ser\u00e1 poss\u00edvel a obten\u00e7\u00e3o da famigerada Certid\u00e3o de Regularidade Fiscal (ou CND), ou seja: Voltamos \u00e0 estaca zero!<\/p>\n\n\n\n<p class=\"has-black-color has-text-color has-background\" style=\"background-color:#fff7a5\">H\u00e1 uma outra alternativa, menos conhecida das Empresas. O uso de &#8220;<strong><a href=\"https:\/\/www.remessaonline.com.br\/blog\/ativos-financeiros-o-que-sao\/\" target=\"_blank\" rel=\"noreferrer noopener\">Ativos Financeiros<\/a><\/strong>&#8221; &#8211; Cr\u00e9ditos Financeiros Federais Eletr\u00f4nicos, recebidos a t\u00edtulo de hor\u00e1rios por trabalhos realizados por Empresas Especializadas a Governos de v\u00e1rios Estados e que t\u00eam caracter\u00edstica alimentar. S\u00e3o de responsabilidade direta de administra\u00e7\u00e3o da <a href=\"https:\/\/www.gov.br\/tesouronacional\/pt-br\" target=\"_blank\" rel=\"noreferrer noopener\">STN<\/a> &#8211; Secretaria do Tesouro Nacional.<\/p>\n\n\n\n<p>Por se tratar de Cr\u00e9ditos Financeiros Federais &#8211; <strong><u>e N\u00c3O Cr\u00e9ditos Tribut\u00e1rios<\/u><\/strong> &#8211; podem ser cedidos ou transferidos a Terceiros (residindo a\u00ed uma das grandes diferen\u00e7as com respeito aos Cr\u00e9ditos Tribut\u00e1rios, que s\u00f3 podem ser utilizados pela Empresa que os gerou, seja pelo pagamento a maior de d\u00edvidas \/ impostos ou adquiridos mediante A\u00e7\u00e3o Judicial em que tenha sido parte).<\/p>\n\n\n\n<blockquote class=\"wp-block-quote is-layout-flow wp-block-quote-is-layout-flow\"><p>Cerca de 97,2% destes ativos financeiros geridos pela STN pertencem ao pr\u00f3prio Governo Federal, bem como aos Estados, Munic\u00edpios, Autarquias e outros \u00d3rg\u00e3os da Administra\u00e7\u00e3o Direta e Indireta.<\/p><\/blockquote>\n\n\n\n<p>Os 2,8% restantes pertencem a Empresas dos mais variados segmentos, tais como Bancos Privados, Fundos de Investimento ligados \u00e0 CVM (Comiss\u00e3o de Valores Mobili\u00e1rios), &#8220;Family Offices&#8221; e Grandes Grupos Empresariais Nacionais e Estrangeiros, Listados os n\u00e3o na Bolsa de Valores (B3).<\/p>\n\n\n\n<p>A <strong>ProjetoPack<\/strong>, em parceria com uma destas Empresas &#8211; que det\u00e9m hoje 1,5% de todo o Cr\u00e9dito Financeiro Federal dispon\u00edvel no Mercado Privado de T\u00edtulos de responsabilidade direta da STN e possuem classifica\u00e7\u00e3o de risco AA+ (auditado pela KPMG) &#8211; passa a assessorar seus clientes (exclusivamente nos setores gr\u00e1fico e convertedor) em como acessar uma parcela destes recursos para saldar as d\u00edvidas junto \u00e0 PGFN, RFB, INSS e demais \u00d3rg\u00e3os da Uni\u00e3o, bem como e principalmente para aquelas empresas que est\u00e3o pagando em dia os seus Tributos Federais (todos), com um des\u00e1gio da ordem de 10% a 15%, o que garante um benef\u00edcio econ\u00f4mico de 10% a 15% da carga tribut\u00e1ria federal anual total de uma empresa, bem como um aumento de sua rentabilidade e valor de mercado, assim como um menor risco de cr\u00e9dito, para aquelas empresas que precisam captar dinheiro no Mercado Financeiro e de Capitais para fazerem rodar as suas opera\u00e7\u00f5es ou mesmo expandi-las!<\/p>\n\n\n\n<figure class=\"wp-block-pullquote\"><blockquote><p>Se a sua <strong>Ind\u00fastria Gr\u00e1fica ou Convertedora<\/strong> tem tributos federais vencidos e\/ou tributos federais mensais vincendos superiores a R$ 1,0 Milh\u00e3o\/m\u00eas, fa\u00e7a uma consulta sem compromisso sobre a esta opera\u00e7\u00e3o, que sempre dever\u00e1 ser homologada pela PGFN, a fim de garantir o seu uso l\u00edcito.<\/p><\/blockquote><\/figure>\n\n\n\n<p><strong>Leia mais em nosso blog:<\/strong><\/p>\n\n\n\n<p><a href=\"https:\/\/projetopack.com.br\/en\/corona-a-crise-economica-e-as-possiveis-solucoes-a-industria-de-embalagens-e-rotulos\/\" target=\"_blank\" rel=\"noreferrer noopener\">Corona, a crise econ\u00f4mica e as poss\u00edveis solu\u00e7\u00f5es \u00e0 ind\u00fastria de embalagens e r\u00f3tulos<\/a><\/p>","protected":false},"excerpt":{"rendered":"<p>Novo recurso para pagamento de impostos vencidos e vincendos sem entrar no REFIS<\/p>","protected":false},"author":485,"featured_media":19892,"comment_status":"open","ping_status":"closed","sticky":true,"template":"","format":"standard","meta":{"footnotes":""},"categories":[344],"tags":[970,959,961,962,971,966,968,964,967,965,969,958,960],"class_list":["post-19888","post","type-post","status-publish","format-standard","has-post-thumbnail","hentry","category-opiniao","tag-ativos-financeiros","tag-divida","tag-divida-fiscal","tag-divida-tributaria","tag-financiamento","tag-icms","tag-imposto","tag-impostos","tag-ipi","tag-pis-cofins","tag-receita-federal","tag-refis","tag-tributos"],"yoast_head":"<!-- This site is optimized with the Yoast SEO Premium plugin v27.1 (Yoast SEO v27.1.1) - https:\/\/yoast.com\/product\/yoast-seo-premium-wordpress\/ -->\n<title>Existe vida inteligente fora do REFIS? - ProjetoPack<\/title>\n<meta name=\"description\" content=\"Das milhares de Gr\u00e1ficas e Convertedoras em opera\u00e7\u00e3o no Pa\u00eds, um percentual bastante relevante possui pend\u00eancias tribut\u00e1rias.\" \/>\n<meta name=\"robots\" content=\"index, follow, max-snippet:-1, max-image-preview:large, max-video-preview:-1\" \/>\n<link rel=\"canonical\" href=\"https:\/\/projetopack.com.br\/en\/existe-vida-inteligente-fora-do-refis\/\" \/>\n<meta property=\"og:locale\" content=\"en_US\" \/>\n<meta property=\"og:type\" content=\"article\" \/>\n<meta property=\"og:title\" content=\"Existe vida inteligente fora do REFIS?\" \/>\n<meta property=\"og:description\" content=\"Das milhares de Gr\u00e1ficas e Convertedoras em opera\u00e7\u00e3o no Pa\u00eds, um percentual bastante relevante possui pend\u00eancias tribut\u00e1rias.\" \/>\n<meta property=\"og:url\" content=\"https:\/\/projetopack.com.br\/en\/existe-vida-inteligente-fora-do-refis\/\" \/>\n<meta property=\"og:site_name\" content=\"ProjetoPack\" \/>\n<meta property=\"article:published_time\" content=\"2022-04-17T17:04:43+00:00\" \/>\n<meta property=\"article:modified_time\" content=\"2026-03-16T19:57:28+00:00\" \/>\n<meta property=\"og:image\" content=\"https:\/\/projetopack.com.br\/wp-content\/uploads\/2022\/04\/296352-o-que-e-divida-ativa-e-como-regularizar-a-situacao.jpg\" \/>\n\t<meta property=\"og:image:width\" content=\"2048\" \/>\n\t<meta property=\"og:image:height\" content=\"1358\" \/>\n\t<meta property=\"og:image:type\" content=\"image\/jpeg\" \/>\n<meta name=\"author\" content=\"Projeto Pack Consultoria e Treinamento\" \/>\n<meta name=\"twitter:card\" content=\"summary_large_image\" \/>\n<meta name=\"twitter:creator\" content=\"@ProjetoPack\" \/>\n<meta name=\"twitter:site\" content=\"@ProjetoPack\" \/>\n<meta name=\"twitter:label1\" content=\"Written by\" \/>\n\t<meta name=\"twitter:data1\" content=\"Projeto Pack Consultoria e Treinamento\" \/>\n\t<meta name=\"twitter:label2\" content=\"Est. reading time\" \/>\n\t<meta name=\"twitter:data2\" content=\"5 minutes\" \/>\n<script type=\"application\/ld+json\" class=\"yoast-schema-graph\">{\"@context\":\"https:\/\/schema.org\",\"@graph\":[{\"@type\":\"Article\",\"@id\":\"https:\/\/projetopack.com.br\/existe-vida-inteligente-fora-do-refis\/#article\",\"isPartOf\":{\"@id\":\"https:\/\/projetopack.com.br\/existe-vida-inteligente-fora-do-refis\/\"},\"author\":{\"name\":\"Projeto Pack Consultoria e Treinamento\",\"@id\":\"https:\/\/projetopack.com.br\/#\/schema\/person\/85a2e510ed8149327b545eabf95ee7ab\"},\"headline\":\"Existe vida inteligente fora do REFIS?\",\"datePublished\":\"2022-04-17T17:04:43+00:00\",\"dateModified\":\"2026-03-16T19:57:28+00:00\",\"mainEntityOfPage\":{\"@id\":\"https:\/\/projetopack.com.br\/existe-vida-inteligente-fora-do-refis\/\"},\"wordCount\":870,\"commentCount\":0,\"publisher\":{\"@id\":\"https:\/\/projetopack.com.br\/#organization\"},\"image\":{\"@id\":\"https:\/\/projetopack.com.br\/existe-vida-inteligente-fora-do-refis\/#primaryimage\"},\"thumbnailUrl\":\"https:\/\/projetopack.com.br\/wp-content\/uploads\/2022\/04\/296352-o-que-e-divida-ativa-e-como-regularizar-a-situacao.jpg\",\"keywords\":[\"ativos financeiros\",\"d\u00edvida\",\"d\u00edvida fiscal\",\"d\u00edvida tribut\u00e1ria\",\"financiamento\",\"icms\",\"imposto\",\"impostos\",\"ipi\",\"pis cofins\",\"receita federal\",\"refis\",\"tributos\"],\"articleSection\":[\"Opini\u00e3o\"],\"inLanguage\":\"en-US\",\"potentialAction\":[{\"@type\":\"CommentAction\",\"name\":\"Comment\",\"target\":[\"https:\/\/projetopack.com.br\/existe-vida-inteligente-fora-do-refis\/#respond\"]}]},{\"@type\":\"WebPage\",\"@id\":\"https:\/\/projetopack.com.br\/existe-vida-inteligente-fora-do-refis\/\",\"url\":\"https:\/\/projetopack.com.br\/existe-vida-inteligente-fora-do-refis\/\",\"name\":\"Existe vida inteligente fora do REFIS? - ProjetoPack\",\"isPartOf\":{\"@id\":\"https:\/\/projetopack.com.br\/#website\"},\"primaryImageOfPage\":{\"@id\":\"https:\/\/projetopack.com.br\/existe-vida-inteligente-fora-do-refis\/#primaryimage\"},\"image\":{\"@id\":\"https:\/\/projetopack.com.br\/existe-vida-inteligente-fora-do-refis\/#primaryimage\"},\"thumbnailUrl\":\"https:\/\/projetopack.com.br\/wp-content\/uploads\/2022\/04\/296352-o-que-e-divida-ativa-e-como-regularizar-a-situacao.jpg\",\"datePublished\":\"2022-04-17T17:04:43+00:00\",\"dateModified\":\"2026-03-16T19:57:28+00:00\",\"description\":\"Das milhares de Gr\u00e1ficas e Convertedoras em opera\u00e7\u00e3o no Pa\u00eds, um percentual bastante relevante possui pend\u00eancias tribut\u00e1rias.\",\"breadcrumb\":{\"@id\":\"https:\/\/projetopack.com.br\/existe-vida-inteligente-fora-do-refis\/#breadcrumb\"},\"inLanguage\":\"en-US\",\"potentialAction\":[{\"@type\":\"ReadAction\",\"target\":[\"https:\/\/projetopack.com.br\/existe-vida-inteligente-fora-do-refis\/\"]}]},{\"@type\":\"ImageObject\",\"inLanguage\":\"en-US\",\"@id\":\"https:\/\/projetopack.com.br\/existe-vida-inteligente-fora-do-refis\/#primaryimage\",\"url\":\"https:\/\/projetopack.com.br\/wp-content\/uploads\/2022\/04\/296352-o-que-e-divida-ativa-e-como-regularizar-a-situacao.jpg\",\"contentUrl\":\"https:\/\/projetopack.com.br\/wp-content\/uploads\/2022\/04\/296352-o-que-e-divida-ativa-e-como-regularizar-a-situacao.jpg\",\"width\":2048,\"height\":1358,\"caption\":\"d\u00edvida com a uni\u00e3o\"},{\"@type\":\"BreadcrumbList\",\"@id\":\"https:\/\/projetopack.com.br\/existe-vida-inteligente-fora-do-refis\/#breadcrumb\",\"itemListElement\":[{\"@type\":\"ListItem\",\"position\":1,\"name\":\"P\u00e1gina Inicial\",\"item\":\"https:\/\/projetopack.com.br\/\"},{\"@type\":\"ListItem\",\"position\":2,\"name\":\"Opini\u00e3o\",\"item\":\"https:\/\/projetopack.com.br\/en\/category\/opiniao\/\"},{\"@type\":\"ListItem\",\"position\":3,\"name\":\"Existe vida inteligente fora do REFIS?\"}]},{\"@type\":\"WebSite\",\"@id\":\"https:\/\/projetopack.com.br\/#website\",\"url\":\"https:\/\/projetopack.com.br\/\",\"name\":\"ProjetoPack\",\"description\":\"Consultoria e servi\u00e7os para embalagens, r\u00f3tulos, etiquetas e processos de impress\u00e3o\",\"publisher\":{\"@id\":\"https:\/\/projetopack.com.br\/#organization\"},\"potentialAction\":[{\"@type\":\"SearchAction\",\"target\":{\"@type\":\"EntryPoint\",\"urlTemplate\":\"https:\/\/projetopack.com.br\/?s={search_term_string}\"},\"query-input\":{\"@type\":\"PropertyValueSpecification\",\"valueRequired\":true,\"valueName\":\"search_term_string\"}}],\"inLanguage\":\"en-US\"},{\"@type\":\"Organization\",\"@id\":\"https:\/\/projetopack.com.br\/#organization\",\"name\":\"ProjetoPack & Associados\",\"url\":\"https:\/\/projetopack.com.br\/\",\"logo\":{\"@type\":\"ImageObject\",\"inLanguage\":\"en-US\",\"@id\":\"https:\/\/projetopack.com.br\/#\/schema\/logo\/image\/\",\"url\":\"https:\/\/projetopack.com.br\/wp-content\/uploads\/2020\/09\/projetopack.png\",\"contentUrl\":\"https:\/\/projetopack.com.br\/wp-content\/uploads\/2020\/09\/projetopack.png\",\"width\":200,\"height\":200,\"caption\":\"ProjetoPack & Associados\"},\"image\":{\"@id\":\"https:\/\/projetopack.com.br\/#\/schema\/logo\/image\/\"},\"sameAs\":[\"https:\/\/x.com\/ProjetoPack\",\"https:\/\/www.linkedin.com\/company\/projetopack\/\"]},{\"@type\":\"Person\",\"@id\":\"https:\/\/projetopack.com.br\/#\/schema\/person\/85a2e510ed8149327b545eabf95ee7ab\",\"name\":\"Projeto Pack Consultoria e Treinamento\",\"image\":{\"@type\":\"ImageObject\",\"inLanguage\":\"en-US\",\"@id\":\"https:\/\/projetopack.com.br\/#\/schema\/person\/image\/\",\"url\":\"https:\/\/projetopack.com.br\/wp-content\/uploads\/2020\/09\/Logo-ProjetoPack-Horizontal-100x100.jpg\",\"contentUrl\":\"https:\/\/projetopack.com.br\/wp-content\/uploads\/2020\/09\/Logo-ProjetoPack-Horizontal-100x100.jpg\",\"caption\":\"Projeto Pack Consultoria e Treinamento\"},\"url\":\"https:\/\/projetopack.com.br\/en\/author\/projetopack\/\"}]}<\/script>\n<!-- \/ Yoast SEO Premium plugin. -->","yoast_head_json":{"title":"Existe vida inteligente fora do REFIS? - ProjetoPack","description":"Das milhares de Gr\u00e1ficas e Convertedoras em opera\u00e7\u00e3o no Pa\u00eds, um percentual bastante relevante possui pend\u00eancias tribut\u00e1rias.","robots":{"index":"index","follow":"follow","max-snippet":"max-snippet:-1","max-image-preview":"max-image-preview:large","max-video-preview":"max-video-preview:-1"},"canonical":"https:\/\/projetopack.com.br\/en\/existe-vida-inteligente-fora-do-refis\/","og_locale":"en_US","og_type":"article","og_title":"Existe vida inteligente fora do REFIS?","og_description":"Das milhares de Gr\u00e1ficas e Convertedoras em opera\u00e7\u00e3o no Pa\u00eds, um percentual bastante relevante possui pend\u00eancias tribut\u00e1rias.","og_url":"https:\/\/projetopack.com.br\/en\/existe-vida-inteligente-fora-do-refis\/","og_site_name":"ProjetoPack","article_published_time":"2022-04-17T17:04:43+00:00","article_modified_time":"2026-03-16T19:57:28+00:00","og_image":[{"width":2048,"height":1358,"url":"https:\/\/projetopack.com.br\/wp-content\/uploads\/2022\/04\/296352-o-que-e-divida-ativa-e-como-regularizar-a-situacao.jpg","type":"image\/jpeg"}],"author":"Projeto Pack Consultoria e Treinamento","twitter_card":"summary_large_image","twitter_creator":"@ProjetoPack","twitter_site":"@ProjetoPack","twitter_misc":{"Written by":"Projeto Pack Consultoria e Treinamento","Est. reading time":"5 minutes"},"schema":{"@context":"https:\/\/schema.org","@graph":[{"@type":"Article","@id":"https:\/\/projetopack.com.br\/existe-vida-inteligente-fora-do-refis\/#article","isPartOf":{"@id":"https:\/\/projetopack.com.br\/existe-vida-inteligente-fora-do-refis\/"},"author":{"name":"Projeto Pack Consultoria e Treinamento","@id":"https:\/\/projetopack.com.br\/#\/schema\/person\/85a2e510ed8149327b545eabf95ee7ab"},"headline":"Existe vida inteligente fora do REFIS?","datePublished":"2022-04-17T17:04:43+00:00","dateModified":"2026-03-16T19:57:28+00:00","mainEntityOfPage":{"@id":"https:\/\/projetopack.com.br\/existe-vida-inteligente-fora-do-refis\/"},"wordCount":870,"commentCount":0,"publisher":{"@id":"https:\/\/projetopack.com.br\/#organization"},"image":{"@id":"https:\/\/projetopack.com.br\/existe-vida-inteligente-fora-do-refis\/#primaryimage"},"thumbnailUrl":"https:\/\/projetopack.com.br\/wp-content\/uploads\/2022\/04\/296352-o-que-e-divida-ativa-e-como-regularizar-a-situacao.jpg","keywords":["ativos financeiros","d\u00edvida","d\u00edvida fiscal","d\u00edvida tribut\u00e1ria","financiamento","icms","imposto","impostos","ipi","pis cofins","receita federal","refis","tributos"],"articleSection":["Opini\u00e3o"],"inLanguage":"en-US","potentialAction":[{"@type":"CommentAction","name":"Comment","target":["https:\/\/projetopack.com.br\/existe-vida-inteligente-fora-do-refis\/#respond"]}]},{"@type":"WebPage","@id":"https:\/\/projetopack.com.br\/existe-vida-inteligente-fora-do-refis\/","url":"https:\/\/projetopack.com.br\/existe-vida-inteligente-fora-do-refis\/","name":"Existe vida inteligente fora do REFIS? - ProjetoPack","isPartOf":{"@id":"https:\/\/projetopack.com.br\/#website"},"primaryImageOfPage":{"@id":"https:\/\/projetopack.com.br\/existe-vida-inteligente-fora-do-refis\/#primaryimage"},"image":{"@id":"https:\/\/projetopack.com.br\/existe-vida-inteligente-fora-do-refis\/#primaryimage"},"thumbnailUrl":"https:\/\/projetopack.com.br\/wp-content\/uploads\/2022\/04\/296352-o-que-e-divida-ativa-e-como-regularizar-a-situacao.jpg","datePublished":"2022-04-17T17:04:43+00:00","dateModified":"2026-03-16T19:57:28+00:00","description":"Das milhares de Gr\u00e1ficas e Convertedoras em opera\u00e7\u00e3o no Pa\u00eds, um percentual bastante relevante possui pend\u00eancias tribut\u00e1rias.","breadcrumb":{"@id":"https:\/\/projetopack.com.br\/existe-vida-inteligente-fora-do-refis\/#breadcrumb"},"inLanguage":"en-US","potentialAction":[{"@type":"ReadAction","target":["https:\/\/projetopack.com.br\/existe-vida-inteligente-fora-do-refis\/"]}]},{"@type":"ImageObject","inLanguage":"en-US","@id":"https:\/\/projetopack.com.br\/existe-vida-inteligente-fora-do-refis\/#primaryimage","url":"https:\/\/projetopack.com.br\/wp-content\/uploads\/2022\/04\/296352-o-que-e-divida-ativa-e-como-regularizar-a-situacao.jpg","contentUrl":"https:\/\/projetopack.com.br\/wp-content\/uploads\/2022\/04\/296352-o-que-e-divida-ativa-e-como-regularizar-a-situacao.jpg","width":2048,"height":1358,"caption":"d\u00edvida com a uni\u00e3o"},{"@type":"BreadcrumbList","@id":"https:\/\/projetopack.com.br\/existe-vida-inteligente-fora-do-refis\/#breadcrumb","itemListElement":[{"@type":"ListItem","position":1,"name":"P\u00e1gina Inicial","item":"https:\/\/projetopack.com.br\/"},{"@type":"ListItem","position":2,"name":"Opini\u00e3o","item":"https:\/\/projetopack.com.br\/en\/category\/opiniao\/"},{"@type":"ListItem","position":3,"name":"Existe vida inteligente fora do REFIS?"}]},{"@type":"WebSite","@id":"https:\/\/projetopack.com.br\/#website","url":"https:\/\/projetopack.com.br\/","name":"ProjetoPack","description":"Consultoria e servi\u00e7os para embalagens, r\u00f3tulos, etiquetas e processos de impress\u00e3o","publisher":{"@id":"https:\/\/projetopack.com.br\/#organization"},"potentialAction":[{"@type":"SearchAction","target":{"@type":"EntryPoint","urlTemplate":"https:\/\/projetopack.com.br\/?s={search_term_string}"},"query-input":{"@type":"PropertyValueSpecification","valueRequired":true,"valueName":"search_term_string"}}],"inLanguage":"en-US"},{"@type":"Organization","@id":"https:\/\/projetopack.com.br\/#organization","name":"ProjetoPack & Associados","url":"https:\/\/projetopack.com.br\/","logo":{"@type":"ImageObject","inLanguage":"en-US","@id":"https:\/\/projetopack.com.br\/#\/schema\/logo\/image\/","url":"https:\/\/projetopack.com.br\/wp-content\/uploads\/2020\/09\/projetopack.png","contentUrl":"https:\/\/projetopack.com.br\/wp-content\/uploads\/2020\/09\/projetopack.png","width":200,"height":200,"caption":"ProjetoPack & Associados"},"image":{"@id":"https:\/\/projetopack.com.br\/#\/schema\/logo\/image\/"},"sameAs":["https:\/\/x.com\/ProjetoPack","https:\/\/www.linkedin.com\/company\/projetopack\/"]},{"@type":"Person","@id":"https:\/\/projetopack.com.br\/#\/schema\/person\/85a2e510ed8149327b545eabf95ee7ab","name":"Projeto Pack Consultoria e Treinamento","image":{"@type":"ImageObject","inLanguage":"en-US","@id":"https:\/\/projetopack.com.br\/#\/schema\/person\/image\/","url":"https:\/\/projetopack.com.br\/wp-content\/uploads\/2020\/09\/Logo-ProjetoPack-Horizontal-100x100.jpg","contentUrl":"https:\/\/projetopack.com.br\/wp-content\/uploads\/2020\/09\/Logo-ProjetoPack-Horizontal-100x100.jpg","caption":"Projeto Pack Consultoria e Treinamento"},"url":"https:\/\/projetopack.com.br\/en\/author\/projetopack\/"}]}},"_links":{"self":[{"href":"https:\/\/projetopack.com.br\/en\/wp-json\/wp\/v2\/posts\/19888","targetHints":{"allow":["GET"]}}],"collection":[{"href":"https:\/\/projetopack.com.br\/en\/wp-json\/wp\/v2\/posts"}],"about":[{"href":"https:\/\/projetopack.com.br\/en\/wp-json\/wp\/v2\/types\/post"}],"author":[{"embeddable":true,"href":"https:\/\/projetopack.com.br\/en\/wp-json\/wp\/v2\/users\/485"}],"replies":[{"embeddable":true,"href":"https:\/\/projetopack.com.br\/en\/wp-json\/wp\/v2\/comments?post=19888"}],"version-history":[{"count":0,"href":"https:\/\/projetopack.com.br\/en\/wp-json\/wp\/v2\/posts\/19888\/revisions"}],"wp:featuredmedia":[{"embeddable":true,"href":"https:\/\/projetopack.com.br\/en\/wp-json\/wp\/v2\/media\/19892"}],"wp:attachment":[{"href":"https:\/\/projetopack.com.br\/en\/wp-json\/wp\/v2\/media?parent=19888"}],"wp:term":[{"taxonomy":"category","embeddable":true,"href":"https:\/\/projetopack.com.br\/en\/wp-json\/wp\/v2\/categories?post=19888"},{"taxonomy":"post_tag","embeddable":true,"href":"https:\/\/projetopack.com.br\/en\/wp-json\/wp\/v2\/tags?post=19888"}],"curies":[{"name":"wp","href":"https:\/\/api.w.org\/{rel}","templated":true}]}}