{"id":2033,"date":"2017-03-16T11:06:35","date_gmt":"2017-03-16T14:06:35","guid":{"rendered":"http:\/\/projetopack.com.br\/?p=2033"},"modified":"2021-09-09T12:54:58","modified_gmt":"2021-09-09T15:54:58","slug":"local-de-realizacao-da-conferencia-interncontinental-de-flexografia-e-anunciado","status":"publish","type":"post","link":"https:\/\/projetopack.com.br\/en\/local-de-realizacao-da-conferencia-interncontinental-de-flexografia-e-anunciado\/","title":{"rendered":"Local de realiza\u00e7\u00e3o da Confer\u00eancia Intercontinental de Flexografia \u00e9 anunciado"},"content":{"rendered":"<p>A Confer\u00eancia Intercontinental de Flexografia (CIF 2017) anunciou o local em que o evento ser\u00e1 realizado nos dias 13 e 14 de Setembro de 2017. O espa\u00e7o escolhido foi o Centro Universit\u00e1rio Senac \u2013 Santo Amaro.<\/p>\n<p>De acordo com o presidente da ABFLEXO, Eudes Scarpeta, \u201co local foi escolhido pensando na facilidade de acesso e no conforto. Queremos levar aos participantes da CIF 2017 a melhor estrutura poss\u00edvel e tamb\u00e9m os melhores especialistas em flexografia, para transmitir valiosas informa\u00e7\u00f5es buscando transformar conceitos de produ\u00e7\u00e3o e gest\u00e3o\u201d.<\/p>\n<p>O maior evento de flexografia e convers\u00e3o digital da Am\u00e9rica Latina \u00e9 reconhecido mundialmente pelo alto padr\u00e3o de qualidade, tanto pelo n\u00edvel organizacional quanto pelos temas inovadores de alta tecnologia agregada. O evento tem a realiza\u00e7\u00e3o da ABFLEXO\/FTA \u2013 Brasil e organiza\u00e7\u00e3o e promo\u00e7\u00e3o da ProjetoPack.<\/p>\n<p>Informa\u00e7\u00f5es e reservas podem ser encontradas em: ABFLEXO \u2013 (11) 5088-033 ou pelo e-mail: <a href=\"mailto:contato-flexo@abflexo.org.br\">contato-flexo@abflexo.org.br<\/a>; ProjetoPack \u2013 (11) 3258-7134 ou pelo e-mail <a href=\"mailto:atendimento@projetopack.com\">atendimento@projetopack.com<\/a>.<\/p>\n<p>O Centro de Conven\u00e7\u00f5es, localizado na zona sul da cidade, de f\u00e1cil acesso, pr\u00f3ximo a importantes centros comerciais e grandes e empresas, conta com uma infraestrutura completa, ambiente s\u00f3brio e moderno e sedia, com frequ\u00eancia, semin\u00e1rios, workshops, palestras, confer\u00eancias, lan\u00e7amentos de produtos, treinamentos e premia\u00e7\u00f5es.<\/p>\n<p>Maiores informa\u00e7\u00f5es sobre a Confer\u00eancia Intercontinental de Flexografia podem ser vistas no site: <a href=\"http:\/\/www.conferenciaflexografia.com.br\">http:\/\/www.conferenciaflexografia.com.br<\/a>.<\/p>","protected":false},"excerpt":{"rendered":"<p>A Confer\u00eancia Intercontinental de Flexografia (CIF 2017) anunciou o local em que o evento ser\u00e1 realizado nos dias 13 e 14 de Setembro de 2017. O espa\u00e7o escolhido foi o Centro Universit\u00e1rio Senac \u2013 Santo Amaro.<\/p>","protected":false},"author":2,"featured_media":0,"comment_status":"closed","ping_status":"closed","sticky":false,"template":"","format":"standard","meta":{"footnotes":""},"categories":[877],"tags":[],"class_list":["post-2033","post","type-post","status-publish","format-standard","hentry","category-arquivo"],"yoast_head":"<!-- This site is optimized with the Yoast SEO Premium plugin v27.1 (Yoast SEO v27.1.1) - https:\/\/yoast.com\/product\/yoast-seo-premium-wordpress\/ -->\n<title>Local de realiza\u00e7\u00e3o da Confer\u00eancia Intercontinental de Flexografia \u00e9 anunciado - ProjetoPack<\/title>\n<meta name=\"description\" content=\"A Confer\u00eancia Intercontinental de Flexografia (CIF 2017) anunciou o local em que o evento ser\u00e1 realizado nos dias 13 e 14 de Setembro de 2017.\" \/>\n<meta name=\"robots\" content=\"index, follow, max-snippet:-1, max-image-preview:large, max-video-preview:-1\" \/>\n<link rel=\"canonical\" href=\"https:\/\/projetopack.com.br\/en\/local-de-realizacao-da-conferencia-interncontinental-de-flexografia-e-anunciado\/\" \/>\n<meta property=\"og:locale\" content=\"en_US\" \/>\n<meta property=\"og:type\" content=\"article\" \/>\n<meta property=\"og:title\" content=\"Local de realiza\u00e7\u00e3o da Confer\u00eancia Intercontinental de Flexografia \u00e9 anunciado\" \/>\n<meta property=\"og:description\" content=\"A Confer\u00eancia Intercontinental de Flexografia (CIF 2017) anunciou o local em que o evento ser\u00e1 realizado nos dias 13 e 14 de Setembro de 2017.\" \/>\n<meta property=\"og:url\" content=\"https:\/\/projetopack.com.br\/en\/local-de-realizacao-da-conferencia-interncontinental-de-flexografia-e-anunciado\/\" \/>\n<meta property=\"og:site_name\" content=\"ProjetoPack\" \/>\n<meta property=\"article:published_time\" content=\"2017-03-16T14:06:35+00:00\" \/>\n<meta property=\"article:modified_time\" content=\"2021-09-09T15:54:58+00:00\" \/>\n<meta property=\"og:image\" content=\"https:\/\/projetopack.com.br\/wp-content\/uploads\/2020\/06\/Capa-1200x630-1.png\" \/>\n\t<meta property=\"og:image:width\" content=\"1200\" \/>\n\t<meta property=\"og:image:height\" content=\"630\" \/>\n\t<meta property=\"og:image:type\" content=\"image\/png\" \/>\n<meta name=\"author\" content=\"Aislan Baer\" \/>\n<meta name=\"twitter:card\" content=\"summary_large_image\" \/>\n<meta name=\"twitter:creator\" content=\"@ProjetoPack\" \/>\n<meta name=\"twitter:site\" content=\"@ProjetoPack\" \/>\n<meta name=\"twitter:label1\" content=\"Written by\" \/>\n\t<meta name=\"twitter:data1\" content=\"Aislan Baer\" \/>\n\t<meta name=\"twitter:label2\" content=\"Est. reading time\" \/>\n\t<meta name=\"twitter:data2\" content=\"1 minute\" \/>\n<script type=\"application\/ld+json\" class=\"yoast-schema-graph\">{\"@context\":\"https:\/\/schema.org\",\"@graph\":[{\"@type\":\"Article\",\"@id\":\"https:\/\/projetopack.com.br\/en\/local-de-realizacao-da-conferencia-interncontinental-de-flexografia-e-anunciado\/#article\",\"isPartOf\":{\"@id\":\"https:\/\/projetopack.com.br\/en\/local-de-realizacao-da-conferencia-interncontinental-de-flexografia-e-anunciado\/\"},\"author\":{\"name\":\"Aislan Baer\",\"@id\":\"https:\/\/projetopack.com.br\/#\/schema\/person\/87cbd7d1e244880886d457815ebd2490\"},\"headline\":\"Local de realiza\u00e7\u00e3o da Confer\u00eancia Intercontinental de Flexografia \u00e9 anunciado\",\"datePublished\":\"2017-03-16T14:06:35+00:00\",\"dateModified\":\"2021-09-09T15:54:58+00:00\",\"mainEntityOfPage\":{\"@id\":\"https:\/\/projetopack.com.br\/en\/local-de-realizacao-da-conferencia-interncontinental-de-flexografia-e-anunciado\/\"},\"wordCount\":250,\"publisher\":{\"@id\":\"https:\/\/projetopack.com.br\/#organization\"},\"articleSection\":[\"Arquivo\"],\"inLanguage\":\"en-US\"},{\"@type\":\"WebPage\",\"@id\":\"https:\/\/projetopack.com.br\/en\/local-de-realizacao-da-conferencia-interncontinental-de-flexografia-e-anunciado\/\",\"url\":\"https:\/\/projetopack.com.br\/en\/local-de-realizacao-da-conferencia-interncontinental-de-flexografia-e-anunciado\/\",\"name\":\"Local de realiza\u00e7\u00e3o da Confer\u00eancia Intercontinental de Flexografia \u00e9 anunciado - ProjetoPack\",\"isPartOf\":{\"@id\":\"https:\/\/projetopack.com.br\/#website\"},\"datePublished\":\"2017-03-16T14:06:35+00:00\",\"dateModified\":\"2021-09-09T15:54:58+00:00\",\"description\":\"A Confer\u00eancia Intercontinental de Flexografia (CIF 2017) anunciou o local em que o evento ser\u00e1 realizado nos dias 13 e 14 de Setembro de 2017.\",\"breadcrumb\":{\"@id\":\"https:\/\/projetopack.com.br\/en\/local-de-realizacao-da-conferencia-interncontinental-de-flexografia-e-anunciado\/#breadcrumb\"},\"inLanguage\":\"en-US\",\"potentialAction\":[{\"@type\":\"ReadAction\",\"target\":[\"https:\/\/projetopack.com.br\/en\/local-de-realizacao-da-conferencia-interncontinental-de-flexografia-e-anunciado\/\"]}]},{\"@type\":\"BreadcrumbList\",\"@id\":\"https:\/\/projetopack.com.br\/en\/local-de-realizacao-da-conferencia-interncontinental-de-flexografia-e-anunciado\/#breadcrumb\",\"itemListElement\":[{\"@type\":\"ListItem\",\"position\":1,\"name\":\"P\u00e1gina Inicial\",\"item\":\"https:\/\/projetopack.com.br\/\"},{\"@type\":\"ListItem\",\"position\":2,\"name\":\"Arquivo\",\"item\":\"https:\/\/projetopack.com.br\/en\/category\/arquivo\/\"},{\"@type\":\"ListItem\",\"position\":3,\"name\":\"Local de realiza\u00e7\u00e3o da Confer\u00eancia Intercontinental de Flexografia \u00e9 anunciado\"}]},{\"@type\":\"WebSite\",\"@id\":\"https:\/\/projetopack.com.br\/#website\",\"url\":\"https:\/\/projetopack.com.br\/\",\"name\":\"ProjetoPack\",\"description\":\"Consultoria e servi\u00e7os para embalagens, r\u00f3tulos, etiquetas e processos de impress\u00e3o\",\"publisher\":{\"@id\":\"https:\/\/projetopack.com.br\/#organization\"},\"potentialAction\":[{\"@type\":\"SearchAction\",\"target\":{\"@type\":\"EntryPoint\",\"urlTemplate\":\"https:\/\/projetopack.com.br\/?s={search_term_string}\"},\"query-input\":{\"@type\":\"PropertyValueSpecification\",\"valueRequired\":true,\"valueName\":\"search_term_string\"}}],\"inLanguage\":\"en-US\"},{\"@type\":\"Organization\",\"@id\":\"https:\/\/projetopack.com.br\/#organization\",\"name\":\"ProjetoPack & Associados\",\"url\":\"https:\/\/projetopack.com.br\/\",\"logo\":{\"@type\":\"ImageObject\",\"inLanguage\":\"en-US\",\"@id\":\"https:\/\/projetopack.com.br\/#\/schema\/logo\/image\/\",\"url\":\"https:\/\/projetopack.com.br\/wp-content\/uploads\/2020\/09\/projetopack.png\",\"contentUrl\":\"https:\/\/projetopack.com.br\/wp-content\/uploads\/2020\/09\/projetopack.png\",\"width\":200,\"height\":200,\"caption\":\"ProjetoPack & Associados\"},\"image\":{\"@id\":\"https:\/\/projetopack.com.br\/#\/schema\/logo\/image\/\"},\"sameAs\":[\"https:\/\/x.com\/ProjetoPack\",\"https:\/\/www.linkedin.com\/company\/projetopack\/\"]},{\"@type\":\"Person\",\"@id\":\"https:\/\/projetopack.com.br\/#\/schema\/person\/87cbd7d1e244880886d457815ebd2490\",\"name\":\"Aislan Baer\",\"image\":{\"@type\":\"ImageObject\",\"inLanguage\":\"en-US\",\"@id\":\"https:\/\/projetopack.com.br\/#\/schema\/person\/image\/\",\"url\":\"https:\/\/projetopack.com.br\/wp-content\/uploads\/2021\/08\/Aislan-Busto-p-100x100.jpg\",\"contentUrl\":\"https:\/\/projetopack.com.br\/wp-content\/uploads\/2021\/08\/Aislan-Busto-p-100x100.jpg\",\"caption\":\"Aislan Baer\"},\"description\":\"Desde os \u00faltimos 20 anos, meu time e eu ajudamos mais de 300 empresas brasileiras e estrangeiras (algumas delas, l\u00edderes mundiais) a produzir embalagens flex\u00edveis e r\u00f3tulos com maior efici\u00eancia, menores custos e maior apelo visual, bem como centenas de donos de marcas a comprar suas embalagens flex\u00edveis e material impresso com um crit\u00e9rio mais t\u00e9cnico e assertivo. Ao mesmo tempo, gra\u00e7as \u00e0 nossa consultoria, muitas destas empresas melhoraram significativamente o seu processo de Impress\u00e3o (Impress\u00e3o de embalagens, Impress\u00e3o industrial, Impress\u00e3o funcional e, mais recentemente, bio impress\u00e3o e manufatura aditiva ou simplesmente Impress\u00e3o 3D). Se a sua empresa tem um problema relacionado a embalagens flex\u00edveis, r\u00f3tulos ou Impress\u00e3o, por mais insol\u00favel que lhe pare\u00e7a, aguardamos ansiosos a sua liga\u00e7\u00e3o ou e-mail. Este \u00e9 nosso trabalho e tamb\u00e9m a nossa paix\u00e3o.\",\"sameAs\":[\"http:\/\/www.projetopack.com\",\"https:\/\/www.linkedin.com\/in\/aislanbaer\/\"],\"jobTitle\":\"CEO @ ProjetoPack | L\u00edder em M&A no Setor de Impress\u00e3o e Embalagens no Brasil | Cofundador da Inovagraf e Neuraflow | Especialista em Inova\u00e7\u00e3o com IA na Impress\u00e3o | Printing Legacy Initiative | Empreendedor Serial\",\"url\":\"https:\/\/projetopack.com.br\/en\/author\/aislan\/\"}]}<\/script>\n<!-- \/ Yoast SEO Premium plugin. -->","yoast_head_json":{"title":"Local de realiza\u00e7\u00e3o da Confer\u00eancia Intercontinental de Flexografia \u00e9 anunciado - ProjetoPack","description":"A Confer\u00eancia Intercontinental de Flexografia (CIF 2017) anunciou o local em que o evento ser\u00e1 realizado nos dias 13 e 14 de Setembro de 2017.","robots":{"index":"index","follow":"follow","max-snippet":"max-snippet:-1","max-image-preview":"max-image-preview:large","max-video-preview":"max-video-preview:-1"},"canonical":"https:\/\/projetopack.com.br\/en\/local-de-realizacao-da-conferencia-interncontinental-de-flexografia-e-anunciado\/","og_locale":"en_US","og_type":"article","og_title":"Local de realiza\u00e7\u00e3o da Confer\u00eancia Intercontinental de Flexografia \u00e9 anunciado","og_description":"A Confer\u00eancia Intercontinental de Flexografia (CIF 2017) anunciou o local em que o evento ser\u00e1 realizado nos dias 13 e 14 de Setembro de 2017.","og_url":"https:\/\/projetopack.com.br\/en\/local-de-realizacao-da-conferencia-interncontinental-de-flexografia-e-anunciado\/","og_site_name":"ProjetoPack","article_published_time":"2017-03-16T14:06:35+00:00","article_modified_time":"2021-09-09T15:54:58+00:00","og_image":[{"width":1200,"height":630,"url":"https:\/\/projetopack.com.br\/wp-content\/uploads\/2020\/06\/Capa-1200x630-1.png","type":"image\/png"}],"author":"Aislan Baer","twitter_card":"summary_large_image","twitter_creator":"@ProjetoPack","twitter_site":"@ProjetoPack","twitter_misc":{"Written by":"Aislan Baer","Est. reading time":"1 minute"},"schema":{"@context":"https:\/\/schema.org","@graph":[{"@type":"Article","@id":"https:\/\/projetopack.com.br\/en\/local-de-realizacao-da-conferencia-interncontinental-de-flexografia-e-anunciado\/#article","isPartOf":{"@id":"https:\/\/projetopack.com.br\/en\/local-de-realizacao-da-conferencia-interncontinental-de-flexografia-e-anunciado\/"},"author":{"name":"Aislan Baer","@id":"https:\/\/projetopack.com.br\/#\/schema\/person\/87cbd7d1e244880886d457815ebd2490"},"headline":"Local de realiza\u00e7\u00e3o da Confer\u00eancia Intercontinental de Flexografia \u00e9 anunciado","datePublished":"2017-03-16T14:06:35+00:00","dateModified":"2021-09-09T15:54:58+00:00","mainEntityOfPage":{"@id":"https:\/\/projetopack.com.br\/en\/local-de-realizacao-da-conferencia-interncontinental-de-flexografia-e-anunciado\/"},"wordCount":250,"publisher":{"@id":"https:\/\/projetopack.com.br\/#organization"},"articleSection":["Arquivo"],"inLanguage":"en-US"},{"@type":"WebPage","@id":"https:\/\/projetopack.com.br\/en\/local-de-realizacao-da-conferencia-interncontinental-de-flexografia-e-anunciado\/","url":"https:\/\/projetopack.com.br\/en\/local-de-realizacao-da-conferencia-interncontinental-de-flexografia-e-anunciado\/","name":"Local de realiza\u00e7\u00e3o da Confer\u00eancia Intercontinental de Flexografia \u00e9 anunciado - ProjetoPack","isPartOf":{"@id":"https:\/\/projetopack.com.br\/#website"},"datePublished":"2017-03-16T14:06:35+00:00","dateModified":"2021-09-09T15:54:58+00:00","description":"A Confer\u00eancia Intercontinental de Flexografia (CIF 2017) anunciou o local em que o evento ser\u00e1 realizado nos dias 13 e 14 de Setembro de 2017.","breadcrumb":{"@id":"https:\/\/projetopack.com.br\/en\/local-de-realizacao-da-conferencia-interncontinental-de-flexografia-e-anunciado\/#breadcrumb"},"inLanguage":"en-US","potentialAction":[{"@type":"ReadAction","target":["https:\/\/projetopack.com.br\/en\/local-de-realizacao-da-conferencia-interncontinental-de-flexografia-e-anunciado\/"]}]},{"@type":"BreadcrumbList","@id":"https:\/\/projetopack.com.br\/en\/local-de-realizacao-da-conferencia-interncontinental-de-flexografia-e-anunciado\/#breadcrumb","itemListElement":[{"@type":"ListItem","position":1,"name":"P\u00e1gina Inicial","item":"https:\/\/projetopack.com.br\/"},{"@type":"ListItem","position":2,"name":"Arquivo","item":"https:\/\/projetopack.com.br\/en\/category\/arquivo\/"},{"@type":"ListItem","position":3,"name":"Local de realiza\u00e7\u00e3o da Confer\u00eancia Intercontinental de Flexografia \u00e9 anunciado"}]},{"@type":"WebSite","@id":"https:\/\/projetopack.com.br\/#website","url":"https:\/\/projetopack.com.br\/","name":"ProjetoPack","description":"Consultoria e servi\u00e7os para embalagens, r\u00f3tulos, etiquetas e processos de impress\u00e3o","publisher":{"@id":"https:\/\/projetopack.com.br\/#organization"},"potentialAction":[{"@type":"SearchAction","target":{"@type":"EntryPoint","urlTemplate":"https:\/\/projetopack.com.br\/?s={search_term_string}"},"query-input":{"@type":"PropertyValueSpecification","valueRequired":true,"valueName":"search_term_string"}}],"inLanguage":"en-US"},{"@type":"Organization","@id":"https:\/\/projetopack.com.br\/#organization","name":"ProjetoPack & Associados","url":"https:\/\/projetopack.com.br\/","logo":{"@type":"ImageObject","inLanguage":"en-US","@id":"https:\/\/projetopack.com.br\/#\/schema\/logo\/image\/","url":"https:\/\/projetopack.com.br\/wp-content\/uploads\/2020\/09\/projetopack.png","contentUrl":"https:\/\/projetopack.com.br\/wp-content\/uploads\/2020\/09\/projetopack.png","width":200,"height":200,"caption":"ProjetoPack & Associados"},"image":{"@id":"https:\/\/projetopack.com.br\/#\/schema\/logo\/image\/"},"sameAs":["https:\/\/x.com\/ProjetoPack","https:\/\/www.linkedin.com\/company\/projetopack\/"]},{"@type":"Person","@id":"https:\/\/projetopack.com.br\/#\/schema\/person\/87cbd7d1e244880886d457815ebd2490","name":"Aislan Baer","image":{"@type":"ImageObject","inLanguage":"en-US","@id":"https:\/\/projetopack.com.br\/#\/schema\/person\/image\/","url":"https:\/\/projetopack.com.br\/wp-content\/uploads\/2021\/08\/Aislan-Busto-p-100x100.jpg","contentUrl":"https:\/\/projetopack.com.br\/wp-content\/uploads\/2021\/08\/Aislan-Busto-p-100x100.jpg","caption":"Aislan Baer"},"description":"Desde os \u00faltimos 20 anos, meu time e eu ajudamos mais de 300 empresas brasileiras e estrangeiras (algumas delas, l\u00edderes mundiais) a produzir embalagens flex\u00edveis e r\u00f3tulos com maior efici\u00eancia, menores custos e maior apelo visual, bem como centenas de donos de marcas a comprar suas embalagens flex\u00edveis e material impresso com um crit\u00e9rio mais t\u00e9cnico e assertivo. Ao mesmo tempo, gra\u00e7as \u00e0 nossa consultoria, muitas destas empresas melhoraram significativamente o seu processo de Impress\u00e3o (Impress\u00e3o de embalagens, Impress\u00e3o industrial, Impress\u00e3o funcional e, mais recentemente, bio impress\u00e3o e manufatura aditiva ou simplesmente Impress\u00e3o 3D). Se a sua empresa tem um problema relacionado a embalagens flex\u00edveis, r\u00f3tulos ou Impress\u00e3o, por mais insol\u00favel que lhe pare\u00e7a, aguardamos ansiosos a sua liga\u00e7\u00e3o ou e-mail. Este \u00e9 nosso trabalho e tamb\u00e9m a nossa paix\u00e3o.","sameAs":["http:\/\/www.projetopack.com","https:\/\/www.linkedin.com\/in\/aislanbaer\/"],"jobTitle":"CEO @ ProjetoPack | L\u00edder em M&A no Setor de Impress\u00e3o e Embalagens no Brasil | Cofundador da Inovagraf e Neuraflow | Especialista em Inova\u00e7\u00e3o com IA na Impress\u00e3o | Printing Legacy Initiative | Empreendedor Serial","url":"https:\/\/projetopack.com.br\/en\/author\/aislan\/"}]}},"_links":{"self":[{"href":"https:\/\/projetopack.com.br\/en\/wp-json\/wp\/v2\/posts\/2033","targetHints":{"allow":["GET"]}}],"collection":[{"href":"https:\/\/projetopack.com.br\/en\/wp-json\/wp\/v2\/posts"}],"about":[{"href":"https:\/\/projetopack.com.br\/en\/wp-json\/wp\/v2\/types\/post"}],"author":[{"embeddable":true,"href":"https:\/\/projetopack.com.br\/en\/wp-json\/wp\/v2\/users\/2"}],"replies":[{"embeddable":true,"href":"https:\/\/projetopack.com.br\/en\/wp-json\/wp\/v2\/comments?post=2033"}],"version-history":[{"count":0,"href":"https:\/\/projetopack.com.br\/en\/wp-json\/wp\/v2\/posts\/2033\/revisions"}],"wp:attachment":[{"href":"https:\/\/projetopack.com.br\/en\/wp-json\/wp\/v2\/media?parent=2033"}],"wp:term":[{"taxonomy":"category","embeddable":true,"href":"https:\/\/projetopack.com.br\/en\/wp-json\/wp\/v2\/categories?post=2033"},{"taxonomy":"post_tag","embeddable":true,"href":"https:\/\/projetopack.com.br\/en\/wp-json\/wp\/v2\/tags?post=2033"}],"curies":[{"name":"wp","href":"https:\/\/api.w.org\/{rel}","templated":true}]}}