{"id":20408,"date":"2022-05-02T16:15:42","date_gmt":"2022-05-02T19:15:42","guid":{"rendered":"https:\/\/www.projetopack.com.br\/?p=20408"},"modified":"2026-03-16T16:57:28","modified_gmt":"2026-03-16T19:57:28","slug":"dantex-pico-uma-nova-opcao-para-labels","status":"publish","type":"post","link":"https:\/\/projetopack.com.br\/en\/dantex-pico-uma-nova-opcao-para-labels\/","title":{"rendered":"Dantex Pico: uma nova op\u00e7\u00e3o para Labels"},"content":{"rendered":"<p>A cada dia que passa, as ind\u00fastrias de r\u00f3tulos e etiquetas sentem na pele o encolhimento das tiragens na impress\u00e3o. A flexografia ainda possui \u2013 e por bastante tempo, sustentar\u00e1 sua posi\u00e7\u00e3o \u2013 destaque como o sistema mais vers\u00e1til e apto a entregar a qualidade e a performance necess\u00e1rias a maioria das ind\u00fastrias convertedoras. Isto \u00e9 um fato.<\/p>\n\n\n\n<figure class=\"wp-block-pullquote\"><blockquote><p>Mas \u00e9 ineg\u00e1vel tamb\u00e9m o fato de que a m\u00e1quina impressora digital certa pode trazer um grande benef\u00edcio econ\u00f4mico e comercial a estas mesmas empresas.<\/p><\/blockquote><\/figure>\n\n\n\n<p>O dif\u00edcil \u00e9 justamente, em meio a tantas op\u00e7\u00f5es e tecnologias diferentes, escolher a m\u00e1quina que melhor se adequa ao perfil de tiragens, produtos e clientes da sua empresa.<\/p>\n\n\n\n<p class=\"has-cyan-bluish-gray-background-color has-background\">No topo da pir\u00e2mide est\u00e3o as solu\u00e7\u00f5es de impress\u00e3o digital industriais, de alta performance, lideradas em participa\u00e7\u00e3o de mercado pela israelense <a href=\"https:\/\/www.hp.com\/br-pt\/industrial-printers\/indigo-digital-presses.html\" target=\"_blank\" rel=\"noreferrer noopener\">HP Indigo<\/a> (com seu sistema propriet\u00e1rio de offset digital), disputando de forma cada vez mais acirrada com os expoentes da categoria \u201cinkjet UV\u201d: Bobst (plataforma <a href=\"https:\/\/www.bobst.com\/usen\/products\/digital-all-in-one\/digital-all-in-one-printing-presses\/\" target=\"_blank\" rel=\"noreferrer noopener\">Mouvent<\/a>), <a href=\"https:\/\/www.domino-printing.com\/pt\/home.aspx\" target=\"_blank\" rel=\"noreferrer noopener\">Domino<\/a>, Durst e Epson.<\/p>\n\n\n\n<p>O mercado do digital \u00e9 amplo e segmentado. Existem diversas outras possibilidades \u2013 tanto em tecnologia (base \u00e1gua, toner seco etc.) como em porte do equipamento e fabricante. \u00c9 preciso empreender um certo esfor\u00e7o para manter-se atualizado, face ao avan\u00e7o cont\u00ednuo dos sistemas digitais.<\/p>\n\n\n\n<p>Recentemente e gra\u00e7as \u00e0 vis\u00e3o empreendedora de uma empresa que comercializa insumos e equipamentos para impress\u00e3o offset e dry offset, a <a href=\"https:\/\/www.dugrafgroup.com\/\" target=\"_blank\" rel=\"noreferrer noopener\">Dugraf Group<\/a>, estabeleceu-se uma parceria com a <a href=\"https:\/\/dantex.com\/\" target=\"_blank\" rel=\"noreferrer noopener\">Dantex<\/a> para trazer ao mercado brasileiro as impressoras digitais Dantex Pico, de tecnologia Inkjet UV.<\/p>\n\n\n\n<figure class=\"wp-block-image size-full\"><img fetchpriority=\"high\" decoding=\"async\" width=\"1200\" height=\"617\" src=\"https:\/\/projetopack.com.br\/wp-content\/uploads\/2022\/05\/Pico-Range_PJ330S.png\" alt=\"Picojet 330S hybrid\" class=\"wp-image-20419\" srcset=\"https:\/\/projetopack.com.br\/wp-content\/uploads\/2022\/05\/Pico-Range_PJ330S.png 1200w, https:\/\/projetopack.com.br\/wp-content\/uploads\/2022\/05\/Pico-Range_PJ330S-300x154.png 300w, https:\/\/projetopack.com.br\/wp-content\/uploads\/2022\/05\/Pico-Range_PJ330S-600x308.png 600w, https:\/\/projetopack.com.br\/wp-content\/uploads\/2022\/05\/Pico-Range_PJ330S-768x394.png 768w\" sizes=\"(max-width: 1200px) 100vw, 1200px\" \/><figcaption>Impressora digital PicoJet 330S<\/figcaption><\/figure>\n\n\n\n<p>Aptos \u00e0 produ\u00e7\u00e3o de pequenos e m\u00e9dios volumes, estas impressoras podem ser vendidas munidas de in\u00fameros opcionais \u2013 dentre eles uma s\u00e9rie de acabamentos em linha \u2013 e configura\u00e7\u00f5es que v\u00e3o desde quatro at\u00e9 oito cores, com destaque para um \u201csuper branco\u201d, sabidamente um problema para boa parte das impressoras digitais do mercado.<\/p>\n\n\n\n<p class=\"has-cyan-bluish-gray-background-color has-background\">As velocidades tamb\u00e9m impressionam, podendo chegar estavelmente dos 50 metros por minuto aos mais de 70 metros por minuto, dependendo do modelo do equipamento e das caracter\u00edsticas t\u00e9cnicas do impresso \u2013 sempre em resolu\u00e7\u00e3o de 1200 x 1200 DPI.<\/p>\n\n\n\n<figure class=\"wp-block-embed is-type-video is-provider-youtube wp-block-embed-youtube wp-embed-aspect-16-9 wp-has-aspect-ratio\"><div class=\"wp-block-embed__wrapper\">\n<iframe title=\"PicoJet 330S Hybrid (Portugues)\" width=\"800\" height=\"450\" src=\"https:\/\/www.youtube.com\/embed\/jYAF8mmpJa0?feature=oembed&#038;enablejsapi=1&#038;origin=https:\/\/projetopack.com.br\" frameborder=\"0\" allow=\"accelerometer; autoplay; clipboard-write; encrypted-media; gyroscope; picture-in-picture\" allowfullscreen><\/iframe>\n<\/div><\/figure>\n\n\n\n<p><strong>Esta m\u00e1quina chega em boa hora ao mercado nacional de r\u00f3tulos e etiquetas.<\/strong> Precisamente num momento em que, as v\u00e9speras da mais importante feira do setor do pa\u00eds, convertedores dos mais variados portes est\u00e3o provisionando investimentos e definindo estrat\u00e9gias para atender as novas demandas de seus atuais clientes e prospects por impressos de alta qualidade, com branco de alta opacidade, em tiragens segmentadas e curtas e a pre\u00e7os competitivos.<\/p>\n\n\n\n<p><strong>Leia mais em nosso blog:<\/strong><\/p>\n\n\n\n<p><a href=\"https:\/\/projetopack.com.br\/en\/flexo-labels-reunira-o-melhor-da-tecnologia-flexografica-e-label-em-marco-de-2019-em-sao-paulo\/\" target=\"_blank\" rel=\"noreferrer noopener\">Flexo &amp; Labels reunir\u00e1 o melhor da tecnologia para impress\u00e3o de r\u00f3tulos e etiquetas<\/a><\/p>","protected":false},"excerpt":{"rendered":"<p>As velocidades tamb\u00e9m impressionam, podendo chegar estavelmente dos 50 metros por minuto aos mais de 70 metros por minuto<\/p>","protected":false},"author":485,"featured_media":20410,"comment_status":"open","ping_status":"closed","sticky":true,"template":"","format":"standard","meta":{"footnotes":""},"categories":[458],"tags":[972,973,771,705,33,170],"class_list":["post-20408","post","type-post","status-publish","format-standard","has-post-thumbnail","hentry","category-lancamentos","tag-dantex","tag-dugraf","tag-impressao-digital-de-rotulos","tag-inkjet-uv","tag-rotulos-adesivos","tag-rotulos-e-etiquetas"],"yoast_head":"<!-- This site is optimized with the Yoast SEO Premium plugin v27.1 (Yoast SEO v27.1.1) - https:\/\/yoast.com\/product\/yoast-seo-premium-wordpress\/ -->\n<title>Dantex Pico: uma nova op\u00e7\u00e3o para Labels - ProjetoPack<\/title>\n<meta name=\"description\" content=\"A Dugraf Group, estabeleceu-se uma parceria com a Dantex para trazer ao mercado brasileiro as impressoras digitais Dantex Pico.\" \/>\n<meta name=\"robots\" content=\"index, follow, max-snippet:-1, max-image-preview:large, max-video-preview:-1\" \/>\n<link rel=\"canonical\" href=\"https:\/\/projetopack.com.br\/en\/dantex-pico-uma-nova-opcao-para-labels\/\" \/>\n<meta property=\"og:locale\" content=\"en_US\" \/>\n<meta property=\"og:type\" content=\"article\" \/>\n<meta property=\"og:title\" content=\"Dantex Pico: uma nova op\u00e7\u00e3o para Labels\" \/>\n<meta property=\"og:description\" content=\"A Dugraf Group, estabeleceu-se uma parceria com a Dantex para trazer ao mercado brasileiro as impressoras digitais Dantex Pico.\" \/>\n<meta property=\"og:url\" content=\"https:\/\/projetopack.com.br\/en\/dantex-pico-uma-nova-opcao-para-labels\/\" \/>\n<meta property=\"og:site_name\" content=\"ProjetoPack\" \/>\n<meta property=\"article:published_time\" content=\"2022-05-02T19:15:42+00:00\" \/>\n<meta property=\"article:modified_time\" content=\"2026-03-16T19:57:28+00:00\" \/>\n<meta property=\"og:image\" content=\"https:\/\/projetopack.com.br\/wp-content\/uploads\/2022\/05\/dantex-detail-0083-scaled.jpg\" \/>\n\t<meta property=\"og:image:width\" content=\"2048\" \/>\n\t<meta property=\"og:image:height\" content=\"1366\" \/>\n\t<meta property=\"og:image:type\" content=\"image\/jpeg\" \/>\n<meta name=\"author\" content=\"Projeto Pack Consultoria e Treinamento\" \/>\n<meta name=\"twitter:card\" content=\"summary_large_image\" \/>\n<meta name=\"twitter:creator\" content=\"@ProjetoPack\" \/>\n<meta name=\"twitter:site\" content=\"@ProjetoPack\" \/>\n<meta name=\"twitter:label1\" content=\"Written by\" \/>\n\t<meta name=\"twitter:data1\" content=\"Projeto Pack Consultoria e Treinamento\" \/>\n\t<meta name=\"twitter:label2\" content=\"Est. reading time\" \/>\n\t<meta name=\"twitter:data2\" content=\"3 minutes\" \/>\n<script type=\"application\/ld+json\" class=\"yoast-schema-graph\">{\"@context\":\"https:\/\/schema.org\",\"@graph\":[{\"@type\":\"Article\",\"@id\":\"https:\/\/projetopack.com.br\/dantex-pico-uma-nova-opcao-para-labels\/#article\",\"isPartOf\":{\"@id\":\"https:\/\/projetopack.com.br\/dantex-pico-uma-nova-opcao-para-labels\/\"},\"author\":{\"name\":\"Projeto Pack Consultoria e Treinamento\",\"@id\":\"https:\/\/projetopack.com.br\/#\/schema\/person\/85a2e510ed8149327b545eabf95ee7ab\"},\"headline\":\"Dantex Pico: uma nova op\u00e7\u00e3o para Labels\",\"datePublished\":\"2022-05-02T19:15:42+00:00\",\"dateModified\":\"2026-03-16T19:57:28+00:00\",\"mainEntityOfPage\":{\"@id\":\"https:\/\/projetopack.com.br\/dantex-pico-uma-nova-opcao-para-labels\/\"},\"wordCount\":479,\"commentCount\":0,\"publisher\":{\"@id\":\"https:\/\/projetopack.com.br\/#organization\"},\"image\":{\"@id\":\"https:\/\/projetopack.com.br\/dantex-pico-uma-nova-opcao-para-labels\/#primaryimage\"},\"thumbnailUrl\":\"https:\/\/projetopack.com.br\/wp-content\/uploads\/2022\/05\/dantex-detail-0083-scaled.jpg\",\"keywords\":[\"dantex\",\"dugraf\",\"impress\u00e3o digital de r\u00f3tulos\",\"inkjet uv\",\"R\u00f3tulos Adesivos\",\"r\u00f3tulos e etiquetas\"],\"articleSection\":[\"Lan\u00e7amentos\"],\"inLanguage\":\"en-US\",\"potentialAction\":[{\"@type\":\"CommentAction\",\"name\":\"Comment\",\"target\":[\"https:\/\/projetopack.com.br\/dantex-pico-uma-nova-opcao-para-labels\/#respond\"]}]},{\"@type\":\"WebPage\",\"@id\":\"https:\/\/projetopack.com.br\/dantex-pico-uma-nova-opcao-para-labels\/\",\"url\":\"https:\/\/projetopack.com.br\/dantex-pico-uma-nova-opcao-para-labels\/\",\"name\":\"Dantex Pico: uma nova op\u00e7\u00e3o para Labels - ProjetoPack\",\"isPartOf\":{\"@id\":\"https:\/\/projetopack.com.br\/#website\"},\"primaryImageOfPage\":{\"@id\":\"https:\/\/projetopack.com.br\/dantex-pico-uma-nova-opcao-para-labels\/#primaryimage\"},\"image\":{\"@id\":\"https:\/\/projetopack.com.br\/dantex-pico-uma-nova-opcao-para-labels\/#primaryimage\"},\"thumbnailUrl\":\"https:\/\/projetopack.com.br\/wp-content\/uploads\/2022\/05\/dantex-detail-0083-scaled.jpg\",\"datePublished\":\"2022-05-02T19:15:42+00:00\",\"dateModified\":\"2026-03-16T19:57:28+00:00\",\"description\":\"A Dugraf Group, estabeleceu-se uma parceria com a Dantex para trazer ao mercado brasileiro as impressoras digitais Dantex Pico.\",\"breadcrumb\":{\"@id\":\"https:\/\/projetopack.com.br\/dantex-pico-uma-nova-opcao-para-labels\/#breadcrumb\"},\"inLanguage\":\"en-US\",\"potentialAction\":[{\"@type\":\"ReadAction\",\"target\":[\"https:\/\/projetopack.com.br\/dantex-pico-uma-nova-opcao-para-labels\/\"]}]},{\"@type\":\"ImageObject\",\"inLanguage\":\"en-US\",\"@id\":\"https:\/\/projetopack.com.br\/dantex-pico-uma-nova-opcao-para-labels\/#primaryimage\",\"url\":\"https:\/\/projetopack.com.br\/wp-content\/uploads\/2022\/05\/dantex-detail-0083-scaled.jpg\",\"contentUrl\":\"https:\/\/projetopack.com.br\/wp-content\/uploads\/2022\/05\/dantex-detail-0083-scaled.jpg\",\"width\":2048,\"height\":1366,\"caption\":\"Impressora digital Dantex Pico\"},{\"@type\":\"BreadcrumbList\",\"@id\":\"https:\/\/projetopack.com.br\/dantex-pico-uma-nova-opcao-para-labels\/#breadcrumb\",\"itemListElement\":[{\"@type\":\"ListItem\",\"position\":1,\"name\":\"P\u00e1gina Inicial\",\"item\":\"https:\/\/projetopack.com.br\/\"},{\"@type\":\"ListItem\",\"position\":2,\"name\":\"Lan\u00e7amentos\",\"item\":\"https:\/\/projetopack.com.br\/category\/lancamentos\/\"},{\"@type\":\"ListItem\",\"position\":3,\"name\":\"Dantex Pico: uma nova op\u00e7\u00e3o para Labels\"}]},{\"@type\":\"WebSite\",\"@id\":\"https:\/\/projetopack.com.br\/#website\",\"url\":\"https:\/\/projetopack.com.br\/\",\"name\":\"ProjetoPack\",\"description\":\"Consultoria e servi\u00e7os para embalagens, r\u00f3tulos, etiquetas e processos de impress\u00e3o\",\"publisher\":{\"@id\":\"https:\/\/projetopack.com.br\/#organization\"},\"potentialAction\":[{\"@type\":\"SearchAction\",\"target\":{\"@type\":\"EntryPoint\",\"urlTemplate\":\"https:\/\/projetopack.com.br\/?s={search_term_string}\"},\"query-input\":{\"@type\":\"PropertyValueSpecification\",\"valueRequired\":true,\"valueName\":\"search_term_string\"}}],\"inLanguage\":\"en-US\"},{\"@type\":\"Organization\",\"@id\":\"https:\/\/projetopack.com.br\/#organization\",\"name\":\"ProjetoPack & Associados\",\"url\":\"https:\/\/projetopack.com.br\/\",\"logo\":{\"@type\":\"ImageObject\",\"inLanguage\":\"en-US\",\"@id\":\"https:\/\/projetopack.com.br\/#\/schema\/logo\/image\/\",\"url\":\"https:\/\/projetopack.com.br\/wp-content\/uploads\/2020\/09\/projetopack.png\",\"contentUrl\":\"https:\/\/projetopack.com.br\/wp-content\/uploads\/2020\/09\/projetopack.png\",\"width\":200,\"height\":200,\"caption\":\"ProjetoPack & Associados\"},\"image\":{\"@id\":\"https:\/\/projetopack.com.br\/#\/schema\/logo\/image\/\"},\"sameAs\":[\"https:\/\/x.com\/ProjetoPack\",\"https:\/\/www.linkedin.com\/company\/projetopack\/\"]},{\"@type\":\"Person\",\"@id\":\"https:\/\/projetopack.com.br\/#\/schema\/person\/85a2e510ed8149327b545eabf95ee7ab\",\"name\":\"Projeto Pack Consultoria e Treinamento\",\"image\":{\"@type\":\"ImageObject\",\"inLanguage\":\"en-US\",\"@id\":\"https:\/\/projetopack.com.br\/#\/schema\/person\/image\/\",\"url\":\"https:\/\/projetopack.com.br\/wp-content\/uploads\/2020\/09\/Logo-ProjetoPack-Horizontal-100x100.jpg\",\"contentUrl\":\"https:\/\/projetopack.com.br\/wp-content\/uploads\/2020\/09\/Logo-ProjetoPack-Horizontal-100x100.jpg\",\"caption\":\"Projeto Pack Consultoria e Treinamento\"},\"url\":\"https:\/\/projetopack.com.br\/en\/author\/projetopack\/\"}]}<\/script>\n<!-- \/ Yoast SEO Premium plugin. -->","yoast_head_json":{"title":"Dantex Pico: uma nova op\u00e7\u00e3o para Labels - ProjetoPack","description":"A Dugraf Group, estabeleceu-se uma parceria com a Dantex para trazer ao mercado brasileiro as impressoras digitais Dantex Pico.","robots":{"index":"index","follow":"follow","max-snippet":"max-snippet:-1","max-image-preview":"max-image-preview:large","max-video-preview":"max-video-preview:-1"},"canonical":"https:\/\/projetopack.com.br\/en\/dantex-pico-uma-nova-opcao-para-labels\/","og_locale":"en_US","og_type":"article","og_title":"Dantex Pico: uma nova op\u00e7\u00e3o para Labels","og_description":"A Dugraf Group, estabeleceu-se uma parceria com a Dantex para trazer ao mercado brasileiro as impressoras digitais Dantex Pico.","og_url":"https:\/\/projetopack.com.br\/en\/dantex-pico-uma-nova-opcao-para-labels\/","og_site_name":"ProjetoPack","article_published_time":"2022-05-02T19:15:42+00:00","article_modified_time":"2026-03-16T19:57:28+00:00","og_image":[{"width":2048,"height":1366,"url":"https:\/\/projetopack.com.br\/wp-content\/uploads\/2022\/05\/dantex-detail-0083-scaled.jpg","type":"image\/jpeg"}],"author":"Projeto Pack Consultoria e Treinamento","twitter_card":"summary_large_image","twitter_creator":"@ProjetoPack","twitter_site":"@ProjetoPack","twitter_misc":{"Written by":"Projeto Pack Consultoria e Treinamento","Est. reading time":"3 minutes"},"schema":{"@context":"https:\/\/schema.org","@graph":[{"@type":"Article","@id":"https:\/\/projetopack.com.br\/dantex-pico-uma-nova-opcao-para-labels\/#article","isPartOf":{"@id":"https:\/\/projetopack.com.br\/dantex-pico-uma-nova-opcao-para-labels\/"},"author":{"name":"Projeto Pack Consultoria e Treinamento","@id":"https:\/\/projetopack.com.br\/#\/schema\/person\/85a2e510ed8149327b545eabf95ee7ab"},"headline":"Dantex Pico: uma nova op\u00e7\u00e3o para Labels","datePublished":"2022-05-02T19:15:42+00:00","dateModified":"2026-03-16T19:57:28+00:00","mainEntityOfPage":{"@id":"https:\/\/projetopack.com.br\/dantex-pico-uma-nova-opcao-para-labels\/"},"wordCount":479,"commentCount":0,"publisher":{"@id":"https:\/\/projetopack.com.br\/#organization"},"image":{"@id":"https:\/\/projetopack.com.br\/dantex-pico-uma-nova-opcao-para-labels\/#primaryimage"},"thumbnailUrl":"https:\/\/projetopack.com.br\/wp-content\/uploads\/2022\/05\/dantex-detail-0083-scaled.jpg","keywords":["dantex","dugraf","impress\u00e3o digital de r\u00f3tulos","inkjet uv","R\u00f3tulos Adesivos","r\u00f3tulos e etiquetas"],"articleSection":["Lan\u00e7amentos"],"inLanguage":"en-US","potentialAction":[{"@type":"CommentAction","name":"Comment","target":["https:\/\/projetopack.com.br\/dantex-pico-uma-nova-opcao-para-labels\/#respond"]}]},{"@type":"WebPage","@id":"https:\/\/projetopack.com.br\/dantex-pico-uma-nova-opcao-para-labels\/","url":"https:\/\/projetopack.com.br\/dantex-pico-uma-nova-opcao-para-labels\/","name":"Dantex Pico: uma nova op\u00e7\u00e3o para Labels - ProjetoPack","isPartOf":{"@id":"https:\/\/projetopack.com.br\/#website"},"primaryImageOfPage":{"@id":"https:\/\/projetopack.com.br\/dantex-pico-uma-nova-opcao-para-labels\/#primaryimage"},"image":{"@id":"https:\/\/projetopack.com.br\/dantex-pico-uma-nova-opcao-para-labels\/#primaryimage"},"thumbnailUrl":"https:\/\/projetopack.com.br\/wp-content\/uploads\/2022\/05\/dantex-detail-0083-scaled.jpg","datePublished":"2022-05-02T19:15:42+00:00","dateModified":"2026-03-16T19:57:28+00:00","description":"A Dugraf Group, estabeleceu-se uma parceria com a Dantex para trazer ao mercado brasileiro as impressoras digitais Dantex Pico.","breadcrumb":{"@id":"https:\/\/projetopack.com.br\/dantex-pico-uma-nova-opcao-para-labels\/#breadcrumb"},"inLanguage":"en-US","potentialAction":[{"@type":"ReadAction","target":["https:\/\/projetopack.com.br\/dantex-pico-uma-nova-opcao-para-labels\/"]}]},{"@type":"ImageObject","inLanguage":"en-US","@id":"https:\/\/projetopack.com.br\/dantex-pico-uma-nova-opcao-para-labels\/#primaryimage","url":"https:\/\/projetopack.com.br\/wp-content\/uploads\/2022\/05\/dantex-detail-0083-scaled.jpg","contentUrl":"https:\/\/projetopack.com.br\/wp-content\/uploads\/2022\/05\/dantex-detail-0083-scaled.jpg","width":2048,"height":1366,"caption":"Impressora digital Dantex Pico"},{"@type":"BreadcrumbList","@id":"https:\/\/projetopack.com.br\/dantex-pico-uma-nova-opcao-para-labels\/#breadcrumb","itemListElement":[{"@type":"ListItem","position":1,"name":"P\u00e1gina Inicial","item":"https:\/\/projetopack.com.br\/"},{"@type":"ListItem","position":2,"name":"Lan\u00e7amentos","item":"https:\/\/projetopack.com.br\/category\/lancamentos\/"},{"@type":"ListItem","position":3,"name":"Dantex Pico: uma nova op\u00e7\u00e3o para Labels"}]},{"@type":"WebSite","@id":"https:\/\/projetopack.com.br\/#website","url":"https:\/\/projetopack.com.br\/","name":"ProjetoPack","description":"Consultoria e servi\u00e7os para embalagens, r\u00f3tulos, etiquetas e processos de impress\u00e3o","publisher":{"@id":"https:\/\/projetopack.com.br\/#organization"},"potentialAction":[{"@type":"SearchAction","target":{"@type":"EntryPoint","urlTemplate":"https:\/\/projetopack.com.br\/?s={search_term_string}"},"query-input":{"@type":"PropertyValueSpecification","valueRequired":true,"valueName":"search_term_string"}}],"inLanguage":"en-US"},{"@type":"Organization","@id":"https:\/\/projetopack.com.br\/#organization","name":"ProjetoPack & Associados","url":"https:\/\/projetopack.com.br\/","logo":{"@type":"ImageObject","inLanguage":"en-US","@id":"https:\/\/projetopack.com.br\/#\/schema\/logo\/image\/","url":"https:\/\/projetopack.com.br\/wp-content\/uploads\/2020\/09\/projetopack.png","contentUrl":"https:\/\/projetopack.com.br\/wp-content\/uploads\/2020\/09\/projetopack.png","width":200,"height":200,"caption":"ProjetoPack & Associados"},"image":{"@id":"https:\/\/projetopack.com.br\/#\/schema\/logo\/image\/"},"sameAs":["https:\/\/x.com\/ProjetoPack","https:\/\/www.linkedin.com\/company\/projetopack\/"]},{"@type":"Person","@id":"https:\/\/projetopack.com.br\/#\/schema\/person\/85a2e510ed8149327b545eabf95ee7ab","name":"Projeto Pack Consultoria e Treinamento","image":{"@type":"ImageObject","inLanguage":"en-US","@id":"https:\/\/projetopack.com.br\/#\/schema\/person\/image\/","url":"https:\/\/projetopack.com.br\/wp-content\/uploads\/2020\/09\/Logo-ProjetoPack-Horizontal-100x100.jpg","contentUrl":"https:\/\/projetopack.com.br\/wp-content\/uploads\/2020\/09\/Logo-ProjetoPack-Horizontal-100x100.jpg","caption":"Projeto Pack Consultoria e Treinamento"},"url":"https:\/\/projetopack.com.br\/en\/author\/projetopack\/"}]}},"_links":{"self":[{"href":"https:\/\/projetopack.com.br\/en\/wp-json\/wp\/v2\/posts\/20408","targetHints":{"allow":["GET"]}}],"collection":[{"href":"https:\/\/projetopack.com.br\/en\/wp-json\/wp\/v2\/posts"}],"about":[{"href":"https:\/\/projetopack.com.br\/en\/wp-json\/wp\/v2\/types\/post"}],"author":[{"embeddable":true,"href":"https:\/\/projetopack.com.br\/en\/wp-json\/wp\/v2\/users\/485"}],"replies":[{"embeddable":true,"href":"https:\/\/projetopack.com.br\/en\/wp-json\/wp\/v2\/comments?post=20408"}],"version-history":[{"count":0,"href":"https:\/\/projetopack.com.br\/en\/wp-json\/wp\/v2\/posts\/20408\/revisions"}],"wp:featuredmedia":[{"embeddable":true,"href":"https:\/\/projetopack.com.br\/en\/wp-json\/wp\/v2\/media\/20410"}],"wp:attachment":[{"href":"https:\/\/projetopack.com.br\/en\/wp-json\/wp\/v2\/media?parent=20408"}],"wp:term":[{"taxonomy":"category","embeddable":true,"href":"https:\/\/projetopack.com.br\/en\/wp-json\/wp\/v2\/categories?post=20408"},{"taxonomy":"post_tag","embeddable":true,"href":"https:\/\/projetopack.com.br\/en\/wp-json\/wp\/v2\/tags?post=20408"}],"curies":[{"name":"wp","href":"https:\/\/api.w.org\/{rel}","templated":true}]}}