{"id":2042,"date":"2017-04-17T21:29:14","date_gmt":"2017-04-18T00:29:14","guid":{"rendered":"http:\/\/projetopack.com.br\/?p=2042"},"modified":"2021-09-09T18:26:08","modified_gmt":"2021-09-09T21:26:08","slug":"como-modernizar-o-seu-processo-de-gestao-grafica-de-embalagem-do-inicio-ao-final","status":"publish","type":"post","link":"https:\/\/projetopack.com.br\/en\/como-modernizar-o-seu-processo-de-gestao-grafica-de-embalagem-do-inicio-ao-final\/","title":{"rendered":"Como modernizar o seu processo de gest\u00e3o gr\u00e1fica de embalagem do in\u00edcio ao final"},"content":{"rendered":"<h2><strong>How to Modernize Your Packaging Graphics Management Process From Start To Finish<\/strong><\/h2>\n<p>By Bill Farrisee, VP, Managing Director, Latin America, <a href=\"http:\/\/www.schawk.com\">Schawk<\/a><\/p>\n<p>Executive Summary<\/p>\n<p>As technology continues to change, opening up more possibilities, but becoming more specialized and complex at the same time, marketers and brand owners can no longer afford to maintain the status quo when it comes to protecting their brand equity.<\/p>\n<p>But by continuing to subscribe to the myth that there\u2019s \u2018no cost\u2019 for prepress, consumer products companies worldwide are jeopardizing the integrity of their brand\u2019s assets. And this, in turn, compromises their packaging\u2019s ability to communicate as powerfully as it can to consumers.<\/p>\n<p>This paper uncovers the high consequences of the \u2018no-cost\u2019 myth and explains what marketers and brand owners can do now to protect their prepress and optimize their packaging graphics management process from start to finish.<\/p>\n<p><strong>\u00a0<\/strong>There\u2019s no denying it, the prospect of \u201cno cost\u201d or \u201cfree\u201d services can be extremely enticing. But when it comes to protecting brand standards and the integrity of your products\u2019 printed packaging, marketers and brand owners must fully consider how the \u201cfree prepress\u201d myth could impact brand integrity and your bottom line.<\/p>\n<p>By believing that there is no cost for prepress, consumer products companies worldwide are missing out on big opportunities. This commodity purchasing strategy, which was intended to save money is actually costing more in the long run. And it\u2019s preventing marketers and brand owners from modernizing their packaging graphics management process.<\/p>\n<p>The reality is prepress is never free. You will be paying for it no matter what a vendor tells you. In fact, if you\u2019re a marketer or purchasing agent and you hear a vendor say, \u201cThere\u2019s no cost for prepress work,\u201d you should run away! A statement like this is untrue because the cost is simply bundled into the cost of printing. You\u2019re getting a low cost on a poorly executed package. Just what you paid for.<\/p>\n<p>With over 60 years of helping the world\u2019s most loved brands prepare their products for store shelves, we\u2019ve observed problematic assumptions about the cost of prepress, which lead to big problems for marketers and the brands they manage. You may be familiar with these issues, some of which include:<\/p>\n<ul>\n<li>Package printing expertise is not seen as a requirement.<\/li>\n<li>Marketers\u2019 lack of control throughout the package printing process.<\/li>\n<li>Lower standards create lower expectations.<\/li>\n<li>Revisions are needed and standards are set by accident.<\/li>\n<li>The best price may not deliver consistent quality.<\/li>\n<\/ul>\n<p>These challenges, common to many large consumer products companies, present serious consequences to the company\u2019s package printing and to the brand as a whole. Let\u2019s examine some of the effects of subscribing to the \u201cno cost\u201d for prepress myth.<\/p>\n<p>&nbsp;<\/p>\n<p><strong>\u201cBundled fees\u201d mean marketers pay more.<\/strong><\/p>\n<p>This might not be much of a problem if a package prints only once and only at one printer. But what if that package prints twice or three times or 10 times? Then the costs of prepress are being paid for as part of the packaging price each time that package prints. So when costs are included in the price of the packaging, this often means the marketer is not saving money at all. In fact, they\u2019re paying many times over unnecessarily for prepress with potentially compromised quality each time because a benchmark standard was never properly established.<\/p>\n<p>&nbsp;<\/p>\n<p><strong>Different printers, different results.<\/strong><\/p>\n<p>Consider what happens when package printing is moved from one supplier to another. The original printer probably won\u2019t be happy that they\u2019ve lost business to a competitor. How likely is it that they will send their prepress work to another printer? If anything is sent, it\u2019s most likely the original artwork that was sent from their client \u2013 not the actual artwork that was used to print the package. Remember: the \u201cfinal artwork\u201d was modified to fit the particular situation at the original printer. The new printer receives the artwork and starts the entire prepress process over again. Different printer, different press, different specifications, different results.<\/p>\n<p>&nbsp;<\/p>\n<p><strong>Who\u2019s got the final artwork? <\/strong><\/p>\n<p>The design and artwork that marketing approved from the designers will eventually be passed to purchasing and on to printers and the printer\u2019s prepress suppliers (either internal or external). Suddenly marketing needs their current artwork. Where is it? Who has it? It isn\u2019t what the design firm produced because that was changed by Printer A. It isn\u2019t Printer A\u2019s prepress work because that was passed to Printer B when Printer A lost the business. And it isn\u2019t at Printer B because they had to modify the design for their conditions, which are different form Printer A. The hard truth is that nobody has the final artwork that actually produced the packaging in the market! Or, just as bad, there are multiple versions of the artwork, depending on how many suppliers were involved. Either way, you\u2019re back at square one.<\/p>\n<p>As you can see, the \u201cno-cost\u201d myth actually has very high cost consequences. And these costs far outweigh the perceived benefits of saving some money in the short-term. In order to optimize your packaging graphics management process and take control of the quality of your branded materials, here are four things you must do:<\/p>\n<p>&nbsp;<\/p>\n<ol>\n<li><strong> Maintain design integrity.<\/strong><\/li>\n<\/ol>\n<p>Marketing departments already have budgets for the design work that is required for developing packaging graphics and images. It\u2019s a natural extension of the design phase to assure that the design is executed all the way to the consumer the way it was intended to by the designers. It\u2019s the details that are responsible for maintaining the integrity of the design so that the package communicates as powerfully as it can to consumers.<\/p>\n<p>&nbsp;<\/p>\n<ol start=\"2\">\n<li><strong> Develop a realistic budget.<\/strong><\/li>\n<\/ol>\n<p>In order for marketing to take over the complete management of the graphics reproduction for its packages, marketers must develop a budget that includes all the work that is necessary between the time the design firm is developing concepts to the time the job is printed. Once you acknowledge that prepress is never free, this becomes easier. Remember, prepress may be communicated to you as \u201cno cost\u201d and it may appear to be the lowest cost, but neither is true.<\/p>\n<p>&nbsp;<\/p>\n<ol start=\"3\">\n<li><strong> Involve the right groups.<\/strong><\/li>\n<\/ol>\n<p>A system that includes the CPG company or retailer, the designers and a packaging prepress company is the best solution. By bringing the three operations together, the quality of the brand image can be developed and maintained throughout the process. Each operation can have various responsibilities but the team approach has proven successful for many consumer products companies in the United States, Canada and Asia, as well as Latin America, where a few leading CPG companies have already adopted this process.<\/p>\n<p>&nbsp;<\/p>\n<ol start=\"4\">\n<li><strong> Let the experts help.<\/strong><\/li>\n<\/ol>\n<p>An experienced and specialized packaging prepress company brings unique value to the supply chain. The right packaging prepress company works with all the major packaging printing methods and packaging materials. It understands the print process limitations and can bring that information for the team during the design process so that the selected design can be reproduced effectively across a wide range of packaging styles and print methods.<\/p>\n<p>&nbsp;<\/p>\n<p><strong>WHAT\u2019S THE ADVANTAGE?<\/strong><\/p>\n<p>The right packaging prepress company provides a color management system that works with the designers and the printers to assure that brand graphics are reproduced properly and consistently. In addition a print management process is developed to help qualify new printers and monitor the print reproduction of existing printers. The system provides feedback to all the partners in the process to assure continuous improvement. Some of the advantages include:<\/p>\n<p>&nbsp;<\/p>\n<p><strong>Centralized graphics elements deliver efficiency<\/strong><\/p>\n<p>A system like this centralizes the graphic elements in one location that can manage and distribute the packaging graphics to all the partners in the supply chain. This way a consumer products company has control and has the opportunity to repurpose their graphics for various marketing needs whether it\u2019s packaging, point-of-purchase displays, sell sheets\/brochures, or web pages.<\/p>\n<p>&nbsp;<\/p>\n<p><strong>Digital asset management delivers efficiency <\/strong><\/p>\n<p>Digital asset management (DAM) systems are available to help consumer products companies gain better control of their packaging graphics, speed the approval process, allow for more thorough and complete communication and allow internal and external supplier access to information globally, seven days per week, 24 hours a day.<\/p>\n<p>&nbsp;<\/p>\n<p><strong>Measureable results<\/strong><\/p>\n<p>All this leads to improved speed to market, which drives sales and reduces costs. A recent case study shows how a major consumers products company in the U.S. was able to reduce time to market from 16 weeks to four weeks, while reducing artwork rework by 50 percent and costs by 20 percent.<\/p>\n<p>These are just some of the benefits of working directly with a packaging prepress supplier and paying the right price for the best prepress services available. As opposed to paying the wrong price by believing that there is \u201cno cost\u201d for prepress. Utilizing a color management system will keep you from spending more than you have to, from impeding your speed to market and jeopardizing brand equity with inconsistent reproduction.<\/p>\n<p>Your brand deserves the very best. <a href=\"http:\/\/www.schawk.com\/what-we-do\/product-packaging\">Learn more about how to overcome the complex logistics and outdated practices<\/a> that are impeding brand integrity and keeping consumers from experiencing your products the way they should.<\/p>\n<p>Or <a href=\"http:\/\/www.schawk.com\/contact-us\">contact a member of our team<\/a> with specific inquiries.<\/p>\n<p><em>Bill Farrisee, VP, Managing Director, Latin America, at Schawk, has 28+ years of experience in the packaging and pre-media services. As founder of Schawk Latin America, Bill has 19 years of experience managing businesses in LATAM. He received his Bachelor of Science in Packaging from Rochester Institute of Technology and MBA from James Madison University. <\/em><a href=\"mailto:bfarrisee@schawk.com\"><em>bfarrisee@schawk.com<\/em><\/a><\/p>\n<p><strong><em>Schawk<\/em><\/strong><em> produces brand assets and protects brand equities. Leveraging its 60+ years of industry leadership, Schawk! identifies and deploys scalable solutions to address a brand\u2019s complex production and delivery needs through proven expertise in workflow, resourcing, color management and imaging. Schawk! is part of the brand deployment group of SGK, which is a division of Matthews International Corporation (NASDAQ GSM: MATW). For more information on Schawk, visit: <\/em><a href=\"http:\/\/www.schawk.com\"><em>http:\/\/www.schawk.com<\/em><\/a><\/p>\n<p><em>\u00a9 2017 Matthews International Corporation. All Rights Reserved. No part of this work may be reproduced in any form without written permission from the copyright holder. The Schawk name is a registered trademark of Matthews International Corporation. The Schawk logo is a trademark of Matthews International Corporation. All other trademarks are the property of their respective trademark owners.<\/em><\/p>","protected":false},"excerpt":{"rendered":"<p>How to Modernize Your Packaging Graphics Management Process From Start To Finish By Bill Farrisee, VP, Managing Director, Latin America, Schawk Executive Summary As technology continues to change, opening up more possibilities, but becoming more specialized and complex at the same time, marketers and brand owners can no longer afford to maintain the status quo [&hellip;]<\/p>\n","protected":false},"author":2,"featured_media":0,"comment_status":"closed","ping_status":"closed","sticky":false,"template":"","format":"standard","meta":{"footnotes":""},"categories":[877],"tags":[],"class_list":["post-2042","post","type-post","status-publish","format-standard","hentry","category-arquivo"],"yoast_head":"<!-- This site is optimized with the Yoast SEO Premium plugin v27.1 (Yoast SEO v27.1.1) - https:\/\/yoast.com\/product\/yoast-seo-premium-wordpress\/ -->\n<title>Como modernizar o seu processo de gest\u00e3o gr\u00e1fica de embalagem do in\u00edcio ao final - ProjetoPack<\/title>\n<meta name=\"description\" content=\"Confira o melhor conte\u00fado sobre tecnologia, design e gest\u00e3o de embalagens flex\u00edveis, r\u00f3tulos e impress\u00e3o.\" \/>\n<meta name=\"robots\" content=\"index, follow, max-snippet:-1, max-image-preview:large, max-video-preview:-1\" \/>\n<link rel=\"canonical\" href=\"https:\/\/projetopack.com.br\/en\/como-modernizar-o-seu-processo-de-gestao-grafica-de-embalagem-do-inicio-ao-final\/\" \/>\n<meta property=\"og:locale\" content=\"en_US\" \/>\n<meta property=\"og:type\" content=\"article\" \/>\n<meta property=\"og:title\" content=\"Como modernizar o seu processo de gest\u00e3o gr\u00e1fica de embalagem do in\u00edcio ao final\" \/>\n<meta property=\"og:description\" content=\"Confira o melhor conte\u00fado sobre tecnologia, design e gest\u00e3o de embalagens flex\u00edveis, r\u00f3tulos e impress\u00e3o.\" \/>\n<meta property=\"og:url\" content=\"https:\/\/projetopack.com.br\/en\/como-modernizar-o-seu-processo-de-gestao-grafica-de-embalagem-do-inicio-ao-final\/\" \/>\n<meta property=\"og:site_name\" content=\"ProjetoPack\" \/>\n<meta property=\"article:published_time\" content=\"2017-04-18T00:29:14+00:00\" \/>\n<meta property=\"article:modified_time\" content=\"2021-09-09T21:26:08+00:00\" \/>\n<meta property=\"og:image\" content=\"https:\/\/projetopack.com.br\/wp-content\/uploads\/2020\/06\/Capa-1200x630-1.png\" \/>\n\t<meta property=\"og:image:width\" content=\"1200\" \/>\n\t<meta property=\"og:image:height\" content=\"630\" \/>\n\t<meta property=\"og:image:type\" content=\"image\/png\" \/>\n<meta name=\"author\" content=\"Aislan Baer\" \/>\n<meta name=\"twitter:card\" content=\"summary_large_image\" \/>\n<meta name=\"twitter:creator\" content=\"@ProjetoPack\" \/>\n<meta name=\"twitter:site\" content=\"@ProjetoPack\" \/>\n<meta name=\"twitter:label1\" content=\"Written by\" \/>\n\t<meta name=\"twitter:data1\" content=\"Aislan Baer\" \/>\n\t<meta name=\"twitter:label2\" content=\"Est. reading time\" \/>\n\t<meta name=\"twitter:data2\" content=\"9 minutes\" \/>\n<script type=\"application\/ld+json\" class=\"yoast-schema-graph\">{\"@context\":\"https:\/\/schema.org\",\"@graph\":[{\"@type\":\"Article\",\"@id\":\"https:\/\/projetopack.com.br\/en\/como-modernizar-o-seu-processo-de-gestao-grafica-de-embalagem-do-inicio-ao-final\/#article\",\"isPartOf\":{\"@id\":\"https:\/\/projetopack.com.br\/en\/como-modernizar-o-seu-processo-de-gestao-grafica-de-embalagem-do-inicio-ao-final\/\"},\"author\":{\"name\":\"Aislan Baer\",\"@id\":\"https:\/\/projetopack.com.br\/#\/schema\/person\/87cbd7d1e244880886d457815ebd2490\"},\"headline\":\"Como modernizar o seu processo de gest\u00e3o gr\u00e1fica de embalagem do in\u00edcio ao final\",\"datePublished\":\"2017-04-18T00:29:14+00:00\",\"dateModified\":\"2021-09-09T21:26:08+00:00\",\"mainEntityOfPage\":{\"@id\":\"https:\/\/projetopack.com.br\/en\/como-modernizar-o-seu-processo-de-gestao-grafica-de-embalagem-do-inicio-ao-final\/\"},\"wordCount\":1766,\"publisher\":{\"@id\":\"https:\/\/projetopack.com.br\/#organization\"},\"articleSection\":[\"Arquivo\"],\"inLanguage\":\"en-US\"},{\"@type\":\"WebPage\",\"@id\":\"https:\/\/projetopack.com.br\/en\/como-modernizar-o-seu-processo-de-gestao-grafica-de-embalagem-do-inicio-ao-final\/\",\"url\":\"https:\/\/projetopack.com.br\/en\/como-modernizar-o-seu-processo-de-gestao-grafica-de-embalagem-do-inicio-ao-final\/\",\"name\":\"Como modernizar o seu processo de gest\u00e3o gr\u00e1fica de embalagem do in\u00edcio ao final - ProjetoPack\",\"isPartOf\":{\"@id\":\"https:\/\/projetopack.com.br\/#website\"},\"datePublished\":\"2017-04-18T00:29:14+00:00\",\"dateModified\":\"2021-09-09T21:26:08+00:00\",\"description\":\"Confira o melhor conte\u00fado sobre tecnologia, design e gest\u00e3o de embalagens flex\u00edveis, r\u00f3tulos e impress\u00e3o.\",\"breadcrumb\":{\"@id\":\"https:\/\/projetopack.com.br\/en\/como-modernizar-o-seu-processo-de-gestao-grafica-de-embalagem-do-inicio-ao-final\/#breadcrumb\"},\"inLanguage\":\"en-US\",\"potentialAction\":[{\"@type\":\"ReadAction\",\"target\":[\"https:\/\/projetopack.com.br\/en\/como-modernizar-o-seu-processo-de-gestao-grafica-de-embalagem-do-inicio-ao-final\/\"]}]},{\"@type\":\"BreadcrumbList\",\"@id\":\"https:\/\/projetopack.com.br\/en\/como-modernizar-o-seu-processo-de-gestao-grafica-de-embalagem-do-inicio-ao-final\/#breadcrumb\",\"itemListElement\":[{\"@type\":\"ListItem\",\"position\":1,\"name\":\"P\u00e1gina Inicial\",\"item\":\"https:\/\/projetopack.com.br\/\"},{\"@type\":\"ListItem\",\"position\":2,\"name\":\"Arquivo\",\"item\":\"https:\/\/projetopack.com.br\/en\/category\/arquivo\/\"},{\"@type\":\"ListItem\",\"position\":3,\"name\":\"Como modernizar o seu processo de gest\u00e3o gr\u00e1fica de embalagem do in\u00edcio ao final\"}]},{\"@type\":\"WebSite\",\"@id\":\"https:\/\/projetopack.com.br\/#website\",\"url\":\"https:\/\/projetopack.com.br\/\",\"name\":\"ProjetoPack\",\"description\":\"Consultoria e servi\u00e7os para embalagens, r\u00f3tulos, etiquetas e processos de impress\u00e3o\",\"publisher\":{\"@id\":\"https:\/\/projetopack.com.br\/#organization\"},\"potentialAction\":[{\"@type\":\"SearchAction\",\"target\":{\"@type\":\"EntryPoint\",\"urlTemplate\":\"https:\/\/projetopack.com.br\/?s={search_term_string}\"},\"query-input\":{\"@type\":\"PropertyValueSpecification\",\"valueRequired\":true,\"valueName\":\"search_term_string\"}}],\"inLanguage\":\"en-US\"},{\"@type\":\"Organization\",\"@id\":\"https:\/\/projetopack.com.br\/#organization\",\"name\":\"ProjetoPack & Associados\",\"url\":\"https:\/\/projetopack.com.br\/\",\"logo\":{\"@type\":\"ImageObject\",\"inLanguage\":\"en-US\",\"@id\":\"https:\/\/projetopack.com.br\/#\/schema\/logo\/image\/\",\"url\":\"https:\/\/projetopack.com.br\/wp-content\/uploads\/2020\/09\/projetopack.png\",\"contentUrl\":\"https:\/\/projetopack.com.br\/wp-content\/uploads\/2020\/09\/projetopack.png\",\"width\":200,\"height\":200,\"caption\":\"ProjetoPack & Associados\"},\"image\":{\"@id\":\"https:\/\/projetopack.com.br\/#\/schema\/logo\/image\/\"},\"sameAs\":[\"https:\/\/x.com\/ProjetoPack\",\"https:\/\/www.linkedin.com\/company\/projetopack\/\"]},{\"@type\":\"Person\",\"@id\":\"https:\/\/projetopack.com.br\/#\/schema\/person\/87cbd7d1e244880886d457815ebd2490\",\"name\":\"Aislan Baer\",\"image\":{\"@type\":\"ImageObject\",\"inLanguage\":\"en-US\",\"@id\":\"https:\/\/projetopack.com.br\/#\/schema\/person\/image\/\",\"url\":\"https:\/\/projetopack.com.br\/wp-content\/uploads\/2021\/08\/Aislan-Busto-p-100x100.jpg\",\"contentUrl\":\"https:\/\/projetopack.com.br\/wp-content\/uploads\/2021\/08\/Aislan-Busto-p-100x100.jpg\",\"caption\":\"Aislan Baer\"},\"description\":\"Desde os \u00faltimos 20 anos, meu time e eu ajudamos mais de 300 empresas brasileiras e estrangeiras (algumas delas, l\u00edderes mundiais) a produzir embalagens flex\u00edveis e r\u00f3tulos com maior efici\u00eancia, menores custos e maior apelo visual, bem como centenas de donos de marcas a comprar suas embalagens flex\u00edveis e material impresso com um crit\u00e9rio mais t\u00e9cnico e assertivo. Ao mesmo tempo, gra\u00e7as \u00e0 nossa consultoria, muitas destas empresas melhoraram significativamente o seu processo de Impress\u00e3o (Impress\u00e3o de embalagens, Impress\u00e3o industrial, Impress\u00e3o funcional e, mais recentemente, bio impress\u00e3o e manufatura aditiva ou simplesmente Impress\u00e3o 3D). Se a sua empresa tem um problema relacionado a embalagens flex\u00edveis, r\u00f3tulos ou Impress\u00e3o, por mais insol\u00favel que lhe pare\u00e7a, aguardamos ansiosos a sua liga\u00e7\u00e3o ou e-mail. Este \u00e9 nosso trabalho e tamb\u00e9m a nossa paix\u00e3o.\",\"sameAs\":[\"http:\/\/www.projetopack.com\",\"https:\/\/www.linkedin.com\/in\/aislanbaer\/\"],\"jobTitle\":\"CEO @ ProjetoPack | L\u00edder em M&A no Setor de Impress\u00e3o e Embalagens no Brasil | Cofundador da Inovagraf e Neuraflow | Especialista em Inova\u00e7\u00e3o com IA na Impress\u00e3o | Printing Legacy Initiative | Empreendedor Serial\",\"url\":\"https:\/\/projetopack.com.br\/en\/author\/aislan\/\"}]}<\/script>\n<!-- \/ Yoast SEO Premium plugin. -->","yoast_head_json":{"title":"Como modernizar o seu processo de gest\u00e3o gr\u00e1fica de embalagem do in\u00edcio ao final - ProjetoPack","description":"Confira o melhor conte\u00fado sobre tecnologia, design e gest\u00e3o de embalagens flex\u00edveis, r\u00f3tulos e impress\u00e3o.","robots":{"index":"index","follow":"follow","max-snippet":"max-snippet:-1","max-image-preview":"max-image-preview:large","max-video-preview":"max-video-preview:-1"},"canonical":"https:\/\/projetopack.com.br\/en\/como-modernizar-o-seu-processo-de-gestao-grafica-de-embalagem-do-inicio-ao-final\/","og_locale":"en_US","og_type":"article","og_title":"Como modernizar o seu processo de gest\u00e3o gr\u00e1fica de embalagem do in\u00edcio ao final","og_description":"Confira o melhor conte\u00fado sobre tecnologia, design e gest\u00e3o de embalagens flex\u00edveis, r\u00f3tulos e impress\u00e3o.","og_url":"https:\/\/projetopack.com.br\/en\/como-modernizar-o-seu-processo-de-gestao-grafica-de-embalagem-do-inicio-ao-final\/","og_site_name":"ProjetoPack","article_published_time":"2017-04-18T00:29:14+00:00","article_modified_time":"2021-09-09T21:26:08+00:00","og_image":[{"width":1200,"height":630,"url":"https:\/\/projetopack.com.br\/wp-content\/uploads\/2020\/06\/Capa-1200x630-1.png","type":"image\/png"}],"author":"Aislan Baer","twitter_card":"summary_large_image","twitter_creator":"@ProjetoPack","twitter_site":"@ProjetoPack","twitter_misc":{"Written by":"Aislan Baer","Est. reading time":"9 minutes"},"schema":{"@context":"https:\/\/schema.org","@graph":[{"@type":"Article","@id":"https:\/\/projetopack.com.br\/en\/como-modernizar-o-seu-processo-de-gestao-grafica-de-embalagem-do-inicio-ao-final\/#article","isPartOf":{"@id":"https:\/\/projetopack.com.br\/en\/como-modernizar-o-seu-processo-de-gestao-grafica-de-embalagem-do-inicio-ao-final\/"},"author":{"name":"Aislan Baer","@id":"https:\/\/projetopack.com.br\/#\/schema\/person\/87cbd7d1e244880886d457815ebd2490"},"headline":"Como modernizar o seu processo de gest\u00e3o gr\u00e1fica de embalagem do in\u00edcio ao final","datePublished":"2017-04-18T00:29:14+00:00","dateModified":"2021-09-09T21:26:08+00:00","mainEntityOfPage":{"@id":"https:\/\/projetopack.com.br\/en\/como-modernizar-o-seu-processo-de-gestao-grafica-de-embalagem-do-inicio-ao-final\/"},"wordCount":1766,"publisher":{"@id":"https:\/\/projetopack.com.br\/#organization"},"articleSection":["Arquivo"],"inLanguage":"en-US"},{"@type":"WebPage","@id":"https:\/\/projetopack.com.br\/en\/como-modernizar-o-seu-processo-de-gestao-grafica-de-embalagem-do-inicio-ao-final\/","url":"https:\/\/projetopack.com.br\/en\/como-modernizar-o-seu-processo-de-gestao-grafica-de-embalagem-do-inicio-ao-final\/","name":"Como modernizar o seu processo de gest\u00e3o gr\u00e1fica de embalagem do in\u00edcio ao final - ProjetoPack","isPartOf":{"@id":"https:\/\/projetopack.com.br\/#website"},"datePublished":"2017-04-18T00:29:14+00:00","dateModified":"2021-09-09T21:26:08+00:00","description":"Confira o melhor conte\u00fado sobre tecnologia, design e gest\u00e3o de embalagens flex\u00edveis, r\u00f3tulos e impress\u00e3o.","breadcrumb":{"@id":"https:\/\/projetopack.com.br\/en\/como-modernizar-o-seu-processo-de-gestao-grafica-de-embalagem-do-inicio-ao-final\/#breadcrumb"},"inLanguage":"en-US","potentialAction":[{"@type":"ReadAction","target":["https:\/\/projetopack.com.br\/en\/como-modernizar-o-seu-processo-de-gestao-grafica-de-embalagem-do-inicio-ao-final\/"]}]},{"@type":"BreadcrumbList","@id":"https:\/\/projetopack.com.br\/en\/como-modernizar-o-seu-processo-de-gestao-grafica-de-embalagem-do-inicio-ao-final\/#breadcrumb","itemListElement":[{"@type":"ListItem","position":1,"name":"P\u00e1gina Inicial","item":"https:\/\/projetopack.com.br\/"},{"@type":"ListItem","position":2,"name":"Arquivo","item":"https:\/\/projetopack.com.br\/en\/category\/arquivo\/"},{"@type":"ListItem","position":3,"name":"Como modernizar o seu processo de gest\u00e3o gr\u00e1fica de embalagem do in\u00edcio ao final"}]},{"@type":"WebSite","@id":"https:\/\/projetopack.com.br\/#website","url":"https:\/\/projetopack.com.br\/","name":"ProjetoPack","description":"Consultoria e servi\u00e7os para embalagens, r\u00f3tulos, etiquetas e processos de impress\u00e3o","publisher":{"@id":"https:\/\/projetopack.com.br\/#organization"},"potentialAction":[{"@type":"SearchAction","target":{"@type":"EntryPoint","urlTemplate":"https:\/\/projetopack.com.br\/?s={search_term_string}"},"query-input":{"@type":"PropertyValueSpecification","valueRequired":true,"valueName":"search_term_string"}}],"inLanguage":"en-US"},{"@type":"Organization","@id":"https:\/\/projetopack.com.br\/#organization","name":"ProjetoPack & Associados","url":"https:\/\/projetopack.com.br\/","logo":{"@type":"ImageObject","inLanguage":"en-US","@id":"https:\/\/projetopack.com.br\/#\/schema\/logo\/image\/","url":"https:\/\/projetopack.com.br\/wp-content\/uploads\/2020\/09\/projetopack.png","contentUrl":"https:\/\/projetopack.com.br\/wp-content\/uploads\/2020\/09\/projetopack.png","width":200,"height":200,"caption":"ProjetoPack & Associados"},"image":{"@id":"https:\/\/projetopack.com.br\/#\/schema\/logo\/image\/"},"sameAs":["https:\/\/x.com\/ProjetoPack","https:\/\/www.linkedin.com\/company\/projetopack\/"]},{"@type":"Person","@id":"https:\/\/projetopack.com.br\/#\/schema\/person\/87cbd7d1e244880886d457815ebd2490","name":"Aislan Baer","image":{"@type":"ImageObject","inLanguage":"en-US","@id":"https:\/\/projetopack.com.br\/#\/schema\/person\/image\/","url":"https:\/\/projetopack.com.br\/wp-content\/uploads\/2021\/08\/Aislan-Busto-p-100x100.jpg","contentUrl":"https:\/\/projetopack.com.br\/wp-content\/uploads\/2021\/08\/Aislan-Busto-p-100x100.jpg","caption":"Aislan Baer"},"description":"Desde os \u00faltimos 20 anos, meu time e eu ajudamos mais de 300 empresas brasileiras e estrangeiras (algumas delas, l\u00edderes mundiais) a produzir embalagens flex\u00edveis e r\u00f3tulos com maior efici\u00eancia, menores custos e maior apelo visual, bem como centenas de donos de marcas a comprar suas embalagens flex\u00edveis e material impresso com um crit\u00e9rio mais t\u00e9cnico e assertivo. Ao mesmo tempo, gra\u00e7as \u00e0 nossa consultoria, muitas destas empresas melhoraram significativamente o seu processo de Impress\u00e3o (Impress\u00e3o de embalagens, Impress\u00e3o industrial, Impress\u00e3o funcional e, mais recentemente, bio impress\u00e3o e manufatura aditiva ou simplesmente Impress\u00e3o 3D). Se a sua empresa tem um problema relacionado a embalagens flex\u00edveis, r\u00f3tulos ou Impress\u00e3o, por mais insol\u00favel que lhe pare\u00e7a, aguardamos ansiosos a sua liga\u00e7\u00e3o ou e-mail. Este \u00e9 nosso trabalho e tamb\u00e9m a nossa paix\u00e3o.","sameAs":["http:\/\/www.projetopack.com","https:\/\/www.linkedin.com\/in\/aislanbaer\/"],"jobTitle":"CEO @ ProjetoPack | L\u00edder em M&A no Setor de Impress\u00e3o e Embalagens no Brasil | Cofundador da Inovagraf e Neuraflow | Especialista em Inova\u00e7\u00e3o com IA na Impress\u00e3o | Printing Legacy Initiative | Empreendedor Serial","url":"https:\/\/projetopack.com.br\/en\/author\/aislan\/"}]}},"_links":{"self":[{"href":"https:\/\/projetopack.com.br\/en\/wp-json\/wp\/v2\/posts\/2042","targetHints":{"allow":["GET"]}}],"collection":[{"href":"https:\/\/projetopack.com.br\/en\/wp-json\/wp\/v2\/posts"}],"about":[{"href":"https:\/\/projetopack.com.br\/en\/wp-json\/wp\/v2\/types\/post"}],"author":[{"embeddable":true,"href":"https:\/\/projetopack.com.br\/en\/wp-json\/wp\/v2\/users\/2"}],"replies":[{"embeddable":true,"href":"https:\/\/projetopack.com.br\/en\/wp-json\/wp\/v2\/comments?post=2042"}],"version-history":[{"count":0,"href":"https:\/\/projetopack.com.br\/en\/wp-json\/wp\/v2\/posts\/2042\/revisions"}],"wp:attachment":[{"href":"https:\/\/projetopack.com.br\/en\/wp-json\/wp\/v2\/media?parent=2042"}],"wp:term":[{"taxonomy":"category","embeddable":true,"href":"https:\/\/projetopack.com.br\/en\/wp-json\/wp\/v2\/categories?post=2042"},{"taxonomy":"post_tag","embeddable":true,"href":"https:\/\/projetopack.com.br\/en\/wp-json\/wp\/v2\/tags?post=2042"}],"curies":[{"name":"wp","href":"https:\/\/api.w.org\/{rel}","templated":true}]}}