{"id":2044,"date":"2017-04-17T21:45:55","date_gmt":"2017-04-18T00:45:55","guid":{"rendered":"http:\/\/projetopack.com.br\/?p=2044"},"modified":"2021-09-09T18:26:33","modified_gmt":"2021-09-09T21:26:33","slug":"a-busca-pela-sobrevivencia-em-um-mercado-cada-vez-mais-competitivo","status":"publish","type":"post","link":"https:\/\/projetopack.com.br\/en\/a-busca-pela-sobrevivencia-em-um-mercado-cada-vez-mais-competitivo\/","title":{"rendered":"A busca pela sobreviv\u00eancia em um mercado cada vez mais competitivo"},"content":{"rendered":"<h2>Inova\u00e7\u00e3o \u00e9 a palavra-chave para superar a concorr\u00eancia em mercados cada vez mais competitivos e se torna altamente necess\u00e1ria quando se visa a longevidade coorporativa e n\u00e3o apenas uma sobreviv\u00eancia imediata.<\/h2>\n<p>O uso da palavra inova\u00e7\u00e3o geralmente apresenta uma conota\u00e7\u00e3o somente de desenvolvimento de novos produtos e servi\u00e7os, mas tamb\u00e9m deve ser usada para melhoria dos processos internos e maior aproveitamento de todos os recursos dispon\u00edveis. O grande objetivo \u00e9 potencializar a produtividade, algo que s\u00f3 ser\u00e1 atingido com efici\u00eancia corporativa, emprego de alto valor agregado e flexibilidade para fazer coisas diferentes.<\/p>\n<p>Tendo em vista o ramo flexogr\u00e1fico, mais especificamente em empresas de Convers\u00e3o e Clicherias, \u00e9 necess\u00e1ria uma mudan\u00e7a de pensamento. Atualmente, donos de marca criam novas embalagens e ainda n\u00e3o \u00e9 comum encontrar uma comunica\u00e7\u00e3o efetiva entre os elos da cadeia, para que o processo de inova\u00e7\u00e3o ocorra de maneira fluida.<\/p>\n<p>A diferencia\u00e7\u00e3o ser\u00e1 fator de sobreviv\u00eancia. Ser\u00e1 necess\u00e1rio trabalhar muito mais pr\u00f3ximo aos donos de marca, antecipando melhorias, tendo a iniciativa de fornecer inova\u00e7\u00e3o, ser realmente um parceiro na incessante busca de encantar o cliente.<\/p>\n<p>O empres\u00e1rio do ramo flexogr\u00e1fico precisa ser altamente flex\u00edvel, estar aberto ao uso de novas tecnologias, al\u00e9m de saber integr\u00e1-las com as j\u00e1 existentes, afim de reduzir o impacto da transi\u00e7\u00e3o. A estagna\u00e7\u00e3o \u00e9 um passo para o fracasso. O sucesso no futuro estar\u00e1 ligado diretamente com a capacidade de inovar e lidar com estes ciclos dos processos de mudan\u00e7a.<\/p>\n<p>O objetivo deste artigo \u00e9 discutir sobre as mudan\u00e7as na pr\u00e9-impress\u00e3o, as quais impactar\u00e3o clicherias e convertedores.<\/p>\n<p>Para o convertedor seria interessante incorporar a pr\u00e9-impress\u00e3o, trabalhar com clicherias internas, ou a descentraliza\u00e7\u00e3o deste processo, preocupando-se somente com a impress\u00e3o das embalagens, seria o mais importante?<\/p>\n<p>Esta \u00e9 uma boa quest\u00e3o. A escolha pela descentraliza\u00e7\u00e3o ou n\u00e3o da pr\u00e9-impress\u00e3o \u00e9 algo que precisa ser estudado, al\u00e9m de estar estreitamente ligado com a estrat\u00e9gia empresarial tra\u00e7ada pelo convertedor. Ambas as possibilidades s\u00e3o interessantes, e \u00e9 claro, possuem suas vantagens e desvantagens.<\/p>\n<p>Antes de ponderar os impactos gerados por esta decis\u00e3o, vamos entender o papel da clicheria.<br \/>\nAtualmente estas empresas objetivam n\u00e3o ser somente provedoras de matrizes de impress\u00e3o, mas sim um importante parceiro para aumento qualitativo de seus trabalhos e obten\u00e7\u00e3o dos resultados esperados pelos donos de marca. Por este motivo, apresentam solu\u00e7\u00f5es que v\u00e3o al\u00e9m do clich\u00ea, como padroniza\u00e7\u00e3o dos processos de impress\u00e3o e implementa\u00e7\u00e3o de gerenciamento de cores.<\/p>\n<p>A op\u00e7\u00e3o do convertedor pela ado\u00e7\u00e3o de uma clicheria interna possivelmente prover\u00e1 maior flexibilidade e controle do processo de confec\u00e7\u00e3o das matrizes de impress\u00e3o, al\u00e9m de redu\u00e7\u00e3o do lead time, fatores que certamente impactar\u00e3o a produtividade. De toda forma, ser\u00e1 necess\u00e1rio o investimento em toda a infraestrutura, assim como treinamento e capacita\u00e7\u00e3o da for\u00e7a de trabalho.<\/p>\n<p>O item \u201cforma\u00e7\u00e3o da for\u00e7a de trabalho\u201d \u00e9 algo delicado. A capacita\u00e7\u00e3o de um profissional para executar processos t\u00e3o espec\u00edficos leva tempo e geralmente ocorre dentro da empresa, sob a tutela de profissionais mais experientes. Por exemplo, \u00e9 muito dif\u00edcil encontrar dispon\u00edvel no mercado um profissional experiente em tratamento de imagens para flexografia. A rotatividade de funcion\u00e1rios \u00e9 sempre um risco. No mercado h\u00e1 casos de empresas que foram extremamente impactadas pela sa\u00edda de um profissional de pr\u00e9-impress\u00e3o. \u00c9 importante exercer uma gest\u00e3o que mantenha a informa\u00e7\u00e3o na empresa, seja por procedimentos descritos, pol\u00edtica de reten\u00e7\u00e3o de talentos ou por funcion\u00e1rios que compartilhem fun\u00e7\u00f5es, desta maneira o risco de preju\u00edzos ser\u00e1 reduzido. Por mais que o n\u00edvel de automa\u00e7\u00e3o da pr\u00e9-impress\u00e3o aumente com o passar dos anos, o trabalho espec\u00edfico de profissionais da \u00e1rea sempre ser\u00e1 necess\u00e1rio para elevar o valor agregado dos produtos.<\/p>\n<p>Por outro lado, a descentraliza\u00e7\u00e3o do processo de pr\u00e9-impress\u00e3o, por parte do convertedor, pode tamb\u00e9m ser interessante. Esta escolha permite o aproveitamento de todo o know-how, equipamentos e estrutura f\u00edsica destinado a grava\u00e7\u00e3o das matrizes por parte da clicheria, portanto, o convertedor pode focar seus esfor\u00e7os na administra\u00e7\u00e3o dos trabalhos junto aos donos de marca, e em agregar valor a suas impress\u00f5es com investimentos nesta \u00e1rea.<\/p>\n<p>\u00c9 importante ter em mente que as constantes evolu\u00e7\u00f5es tecnol\u00f3gicas objetivam simplificar o processo de confec\u00e7\u00e3o das matrizes de impress\u00e3o. Por este motivo, pensando no futuro, as clicherias dever\u00e3o apresentar solu\u00e7\u00f5es criativas e um relacionamento muito estreito com os elos da cadeia de impress\u00e3o de embalagens, para se manterem competitivas e adicionando valor aos convertedores, pois a maior facilidade na gera\u00e7\u00e3o das matrizes acaba sendo um atrativo para que convertedores n\u00e3o mais vejam a pr\u00e9-impress\u00e3o como algo t\u00e3o complexo.<\/p>\n<p>Como as clicherias poder\u00e3o continuar agregando valor?<\/p>\n<p>As clicherias dever\u00e3o trabalhar em conjunto com as ag\u00eancias e donos de marca, ser parte integrante do processo de produ\u00e7\u00e3o de um trabalho e n\u00e3o somente provedoras de matrizes de impress\u00e3o com solu\u00e7\u00f5es em gerenciamento de cores, gerando uma sinergia ben\u00e9fica \u00e0 obten\u00e7\u00e3o dos resultados esperados durante o desenvolvimento dos trabalhos.<\/p>\n<p>Cito os seguintes pontos como principais fatores de mudan\u00e7a:<\/p>\n<p>\u2022 Necessidade de capacita\u00e7\u00e3o profissional para desenvolvimento de trabalhos destinados a impress\u00f5es h\u00edbridas. O conhecimento de mais de um sistema de impress\u00e3o ser\u00e1 essencial para o desenvolvimento dos arquivos com sinergia entre todos os elementos. O mercado se mostra extremamente promissor ao uso de equipamentos de impress\u00e3o h\u00edbridos, por\u00e9m, ser\u00e1 necess\u00e1ria capacita\u00e7\u00e3o para designers e pr\u00e9-impress\u00e3o.<br \/>\n\u2022 Uso de plataformas de trabalho seguras e integradas, que permitam aos donos de marca, ag\u00eancias de publicidade, clicherias e convertedores a troca de informa\u00e7\u00f5es sem riscos, interagindo sobre o desenvolvimento dos trabalhos. Gerar um ambiente colaborativo, com alto grau de engajamento, utilizando expertise de diferentes \u00e1reas para desenvolver um produto de alta qualidade e funcionalidade.<br \/>\n\u2022 Estar aberto a incorporar novas tecnologias como \u201ca internet das coisas\u201d para embalagens e at\u00e9 mesmo o uso de tecnologia 3D para gera\u00e7\u00e3o de prot\u00f3tipos e virtualiza\u00e7\u00e3o, criando cen\u00e1rios cada vez mais realistas que ajudam donos de marca a \u201cprovar\u201d antes de produzir;<br \/>\n\u2022 Servi\u00e7os de implementa\u00e7\u00e3o de gerenciamento de cores e gama expandida. N\u00e3o se trata necessariamente de uma mudan\u00e7a, j\u00e1 se tornou uma obriga\u00e7\u00e3o. A padroniza\u00e7\u00e3o e a potencializa\u00e7\u00e3o da qualidade dos processos de impress\u00e3o est\u00e3o diretamente ligadas ao sucesso do trabalho.<\/p>\n<p>O futuro exp\u00f5e boas oportunidades para ambos os caminhos, sejo o de centraliza\u00e7\u00e3o da pr\u00e9-impress\u00e3o por parte dos convertedores, seja de clicherias que expandam seu portfolio levando em conta estas tendencias mencionadas. O importante \u00e9 que haja uma estrat\u00e9gia de neg\u00f3cio clara por parte da empresa.<\/p>\n<p>Dentre as muitas novas tecnologias dispon\u00edveis no mercado, as ret\u00edculas de superf\u00edcie aplicadas via software ser\u00e3o substitu\u00eddas pelas chapas de fotopol\u00edmero com superf\u00edcie modificada?<\/p>\n<p>A uniformidade e o aumento de cobertura do filme de tinta no substrato s\u00e3o fatores primordiais para a obten\u00e7\u00e3o de cores altamente saturadas, capazes de saltar aos olhos e ser importante argumento para defini\u00e7\u00e3o de compra no ponto de venda.<\/p>\n<p>O uso de ret\u00edculas de superf\u00edcie nas chapas de fotopol\u00edmero \u00e9 um importante artif\u00edcio para assegurar impress\u00e3o com altas densidades e \u00f3timas coberturas de tinta independentemente da irregularidade do substrato utilizado.<\/p>\n<p>H\u00e1 possibilidade de trabalhar com chapas j\u00e1 texturizadas em sua superf\u00edcie ou realizar a aplica\u00e7\u00e3o da ret\u00edcula via software gr\u00e1fico. A grande vantagem na escolha da chapa com superf\u00edcie modificada \u00e9 a n\u00e3o depend\u00eancia em ter que investir em softwares e hardwares custosos para aplica\u00e7ao desta ret\u00edcula. Em muitos dos casos, a texturiza\u00e7\u00e3o vinda de f\u00e1brica ser\u00e1 capaz de atender ao nivel de exig\u00eancia do trabalho. Outro fator \u00e9 o simples processamento da grava\u00e7\u00e3o da matriz. Hoje dizemos que a flexografia voltou a ser simples como no inicio do digital convencional.<\/p>\n<p>Por outro lado, quando a clicheria ou o convertedor com clicheria interna, tem a possibilidade de investir em softwares e hardwares para gera\u00e7\u00e3o de ret\u00edculas, abre-se uma gama de op\u00e7\u00f5es em que cada diferente alternativa de reticulagem foi desenvolvida para exercer a melhor transfer\u00eancia de tinta em distintas situa\u00e7\u00f5es, promovendo flexibilidade para a pr\u00e9-impress\u00e3o durante a defini\u00e7\u00e3o da melhor op\u00e7\u00e3o.<\/p>\n<p>Em resumo, o mercado ter\u00e1 duas op\u00e7\u00f5es e poder\u00e1 escolher de acordo \u00e0 sua necessidade, a tecnologia de chapas texturizadas ou as chapas com superf\u00edcie modificada via software.<\/p>\n<p>Autor: Diego Souza<\/p>","protected":false},"excerpt":{"rendered":"<p>Inova\u00e7\u00e3o \u00e9 a palavra-chave para superar a concorr\u00eancia em mercados cada vez mais competitivos e se torna altamente necess\u00e1ria quando se visa a longevidade coorporativa e n\u00e3o apenas uma sobreviv\u00eancia imediata. O uso da palavra inova\u00e7\u00e3o geralmente apresenta uma conota\u00e7\u00e3o somente de desenvolvimento de novos produtos e servi\u00e7os, mas tamb\u00e9m deve ser usada para melhoria [&hellip;]<\/p>\n","protected":false},"author":2,"featured_media":0,"comment_status":"closed","ping_status":"closed","sticky":false,"template":"","format":"standard","meta":{"footnotes":""},"categories":[877],"tags":[],"class_list":["post-2044","post","type-post","status-publish","format-standard","hentry","category-arquivo"],"yoast_head":"<!-- This site is optimized with the Yoast SEO Premium plugin v27.1 (Yoast SEO v27.1.1) - https:\/\/yoast.com\/product\/yoast-seo-premium-wordpress\/ -->\n<title>A busca pela sobreviv\u00eancia em um mercado cada vez mais competitivo - ProjetoPack<\/title>\n<meta name=\"description\" content=\"Confira o melhor conte\u00fado sobre tecnologia, design e gest\u00e3o de embalagens flex\u00edveis, r\u00f3tulos e impress\u00e3o.\" \/>\n<meta name=\"robots\" content=\"index, follow, max-snippet:-1, max-image-preview:large, max-video-preview:-1\" \/>\n<link rel=\"canonical\" href=\"https:\/\/projetopack.com.br\/en\/a-busca-pela-sobrevivencia-em-um-mercado-cada-vez-mais-competitivo\/\" \/>\n<meta property=\"og:locale\" content=\"en_US\" \/>\n<meta property=\"og:type\" content=\"article\" \/>\n<meta property=\"og:title\" content=\"A busca pela sobreviv\u00eancia em um mercado cada vez mais competitivo\" \/>\n<meta property=\"og:description\" content=\"Confira o melhor conte\u00fado sobre tecnologia, design e gest\u00e3o de embalagens flex\u00edveis, r\u00f3tulos e impress\u00e3o.\" \/>\n<meta property=\"og:url\" content=\"https:\/\/projetopack.com.br\/en\/a-busca-pela-sobrevivencia-em-um-mercado-cada-vez-mais-competitivo\/\" \/>\n<meta property=\"og:site_name\" content=\"ProjetoPack\" \/>\n<meta property=\"article:published_time\" content=\"2017-04-18T00:45:55+00:00\" \/>\n<meta property=\"article:modified_time\" content=\"2021-09-09T21:26:33+00:00\" \/>\n<meta property=\"og:image\" content=\"https:\/\/projetopack.com.br\/wp-content\/uploads\/2020\/06\/Capa-1200x630-1.png\" \/>\n\t<meta property=\"og:image:width\" content=\"1200\" \/>\n\t<meta property=\"og:image:height\" content=\"630\" \/>\n\t<meta property=\"og:image:type\" content=\"image\/png\" \/>\n<meta name=\"author\" content=\"Aislan Baer\" \/>\n<meta name=\"twitter:card\" content=\"summary_large_image\" \/>\n<meta name=\"twitter:creator\" content=\"@ProjetoPack\" \/>\n<meta name=\"twitter:site\" content=\"@ProjetoPack\" \/>\n<meta name=\"twitter:label1\" content=\"Written by\" \/>\n\t<meta name=\"twitter:data1\" content=\"Aislan Baer\" \/>\n\t<meta name=\"twitter:label2\" content=\"Est. reading time\" \/>\n\t<meta name=\"twitter:data2\" content=\"7 minutes\" \/>\n<script type=\"application\/ld+json\" class=\"yoast-schema-graph\">{\"@context\":\"https:\/\/schema.org\",\"@graph\":[{\"@type\":\"Article\",\"@id\":\"https:\/\/projetopack.com.br\/en\/a-busca-pela-sobrevivencia-em-um-mercado-cada-vez-mais-competitivo\/#article\",\"isPartOf\":{\"@id\":\"https:\/\/projetopack.com.br\/en\/a-busca-pela-sobrevivencia-em-um-mercado-cada-vez-mais-competitivo\/\"},\"author\":{\"name\":\"Aislan Baer\",\"@id\":\"https:\/\/projetopack.com.br\/#\/schema\/person\/87cbd7d1e244880886d457815ebd2490\"},\"headline\":\"A busca pela sobreviv\u00eancia em um mercado cada vez mais competitivo\",\"datePublished\":\"2017-04-18T00:45:55+00:00\",\"dateModified\":\"2021-09-09T21:26:33+00:00\",\"mainEntityOfPage\":{\"@id\":\"https:\/\/projetopack.com.br\/en\/a-busca-pela-sobrevivencia-em-um-mercado-cada-vez-mais-competitivo\/\"},\"wordCount\":1510,\"publisher\":{\"@id\":\"https:\/\/projetopack.com.br\/#organization\"},\"articleSection\":[\"Arquivo\"],\"inLanguage\":\"en-US\"},{\"@type\":\"WebPage\",\"@id\":\"https:\/\/projetopack.com.br\/en\/a-busca-pela-sobrevivencia-em-um-mercado-cada-vez-mais-competitivo\/\",\"url\":\"https:\/\/projetopack.com.br\/en\/a-busca-pela-sobrevivencia-em-um-mercado-cada-vez-mais-competitivo\/\",\"name\":\"A busca pela sobreviv\u00eancia em um mercado cada vez mais competitivo - ProjetoPack\",\"isPartOf\":{\"@id\":\"https:\/\/projetopack.com.br\/#website\"},\"datePublished\":\"2017-04-18T00:45:55+00:00\",\"dateModified\":\"2021-09-09T21:26:33+00:00\",\"description\":\"Confira o melhor conte\u00fado sobre tecnologia, design e gest\u00e3o de embalagens flex\u00edveis, r\u00f3tulos e impress\u00e3o.\",\"breadcrumb\":{\"@id\":\"https:\/\/projetopack.com.br\/en\/a-busca-pela-sobrevivencia-em-um-mercado-cada-vez-mais-competitivo\/#breadcrumb\"},\"inLanguage\":\"en-US\",\"potentialAction\":[{\"@type\":\"ReadAction\",\"target\":[\"https:\/\/projetopack.com.br\/en\/a-busca-pela-sobrevivencia-em-um-mercado-cada-vez-mais-competitivo\/\"]}]},{\"@type\":\"BreadcrumbList\",\"@id\":\"https:\/\/projetopack.com.br\/en\/a-busca-pela-sobrevivencia-em-um-mercado-cada-vez-mais-competitivo\/#breadcrumb\",\"itemListElement\":[{\"@type\":\"ListItem\",\"position\":1,\"name\":\"P\u00e1gina Inicial\",\"item\":\"https:\/\/projetopack.com.br\/\"},{\"@type\":\"ListItem\",\"position\":2,\"name\":\"Arquivo\",\"item\":\"https:\/\/projetopack.com.br\/en\/category\/arquivo\/\"},{\"@type\":\"ListItem\",\"position\":3,\"name\":\"A busca pela sobreviv\u00eancia em um mercado cada vez mais competitivo\"}]},{\"@type\":\"WebSite\",\"@id\":\"https:\/\/projetopack.com.br\/#website\",\"url\":\"https:\/\/projetopack.com.br\/\",\"name\":\"ProjetoPack\",\"description\":\"Consultoria e servi\u00e7os para embalagens, r\u00f3tulos, etiquetas e processos de impress\u00e3o\",\"publisher\":{\"@id\":\"https:\/\/projetopack.com.br\/#organization\"},\"potentialAction\":[{\"@type\":\"SearchAction\",\"target\":{\"@type\":\"EntryPoint\",\"urlTemplate\":\"https:\/\/projetopack.com.br\/?s={search_term_string}\"},\"query-input\":{\"@type\":\"PropertyValueSpecification\",\"valueRequired\":true,\"valueName\":\"search_term_string\"}}],\"inLanguage\":\"en-US\"},{\"@type\":\"Organization\",\"@id\":\"https:\/\/projetopack.com.br\/#organization\",\"name\":\"ProjetoPack & Associados\",\"url\":\"https:\/\/projetopack.com.br\/\",\"logo\":{\"@type\":\"ImageObject\",\"inLanguage\":\"en-US\",\"@id\":\"https:\/\/projetopack.com.br\/#\/schema\/logo\/image\/\",\"url\":\"https:\/\/projetopack.com.br\/wp-content\/uploads\/2020\/09\/projetopack.png\",\"contentUrl\":\"https:\/\/projetopack.com.br\/wp-content\/uploads\/2020\/09\/projetopack.png\",\"width\":200,\"height\":200,\"caption\":\"ProjetoPack & Associados\"},\"image\":{\"@id\":\"https:\/\/projetopack.com.br\/#\/schema\/logo\/image\/\"},\"sameAs\":[\"https:\/\/x.com\/ProjetoPack\",\"https:\/\/www.linkedin.com\/company\/projetopack\/\"]},{\"@type\":\"Person\",\"@id\":\"https:\/\/projetopack.com.br\/#\/schema\/person\/87cbd7d1e244880886d457815ebd2490\",\"name\":\"Aislan Baer\",\"image\":{\"@type\":\"ImageObject\",\"inLanguage\":\"en-US\",\"@id\":\"https:\/\/projetopack.com.br\/#\/schema\/person\/image\/\",\"url\":\"https:\/\/projetopack.com.br\/wp-content\/uploads\/2021\/08\/Aislan-Busto-p-100x100.jpg\",\"contentUrl\":\"https:\/\/projetopack.com.br\/wp-content\/uploads\/2021\/08\/Aislan-Busto-p-100x100.jpg\",\"caption\":\"Aislan Baer\"},\"description\":\"Desde os \u00faltimos 20 anos, meu time e eu ajudamos mais de 300 empresas brasileiras e estrangeiras (algumas delas, l\u00edderes mundiais) a produzir embalagens flex\u00edveis e r\u00f3tulos com maior efici\u00eancia, menores custos e maior apelo visual, bem como centenas de donos de marcas a comprar suas embalagens flex\u00edveis e material impresso com um crit\u00e9rio mais t\u00e9cnico e assertivo. Ao mesmo tempo, gra\u00e7as \u00e0 nossa consultoria, muitas destas empresas melhoraram significativamente o seu processo de Impress\u00e3o (Impress\u00e3o de embalagens, Impress\u00e3o industrial, Impress\u00e3o funcional e, mais recentemente, bio impress\u00e3o e manufatura aditiva ou simplesmente Impress\u00e3o 3D). Se a sua empresa tem um problema relacionado a embalagens flex\u00edveis, r\u00f3tulos ou Impress\u00e3o, por mais insol\u00favel que lhe pare\u00e7a, aguardamos ansiosos a sua liga\u00e7\u00e3o ou e-mail. Este \u00e9 nosso trabalho e tamb\u00e9m a nossa paix\u00e3o.\",\"sameAs\":[\"http:\/\/www.projetopack.com\",\"https:\/\/www.linkedin.com\/in\/aislanbaer\/\"],\"jobTitle\":\"CEO @ ProjetoPack | L\u00edder em M&A no Setor de Impress\u00e3o e Embalagens no Brasil | Cofundador da Inovagraf e Neuraflow | Especialista em Inova\u00e7\u00e3o com IA na Impress\u00e3o | Printing Legacy Initiative | Empreendedor Serial\",\"url\":\"https:\/\/projetopack.com.br\/en\/author\/aislan\/\"}]}<\/script>\n<!-- \/ Yoast SEO Premium plugin. -->","yoast_head_json":{"title":"A busca pela sobreviv\u00eancia em um mercado cada vez mais competitivo - ProjetoPack","description":"Confira o melhor conte\u00fado sobre tecnologia, design e gest\u00e3o de embalagens flex\u00edveis, r\u00f3tulos e impress\u00e3o.","robots":{"index":"index","follow":"follow","max-snippet":"max-snippet:-1","max-image-preview":"max-image-preview:large","max-video-preview":"max-video-preview:-1"},"canonical":"https:\/\/projetopack.com.br\/en\/a-busca-pela-sobrevivencia-em-um-mercado-cada-vez-mais-competitivo\/","og_locale":"en_US","og_type":"article","og_title":"A busca pela sobreviv\u00eancia em um mercado cada vez mais competitivo","og_description":"Confira o melhor conte\u00fado sobre tecnologia, design e gest\u00e3o de embalagens flex\u00edveis, r\u00f3tulos e impress\u00e3o.","og_url":"https:\/\/projetopack.com.br\/en\/a-busca-pela-sobrevivencia-em-um-mercado-cada-vez-mais-competitivo\/","og_site_name":"ProjetoPack","article_published_time":"2017-04-18T00:45:55+00:00","article_modified_time":"2021-09-09T21:26:33+00:00","og_image":[{"width":1200,"height":630,"url":"https:\/\/projetopack.com.br\/wp-content\/uploads\/2020\/06\/Capa-1200x630-1.png","type":"image\/png"}],"author":"Aislan Baer","twitter_card":"summary_large_image","twitter_creator":"@ProjetoPack","twitter_site":"@ProjetoPack","twitter_misc":{"Written by":"Aislan Baer","Est. reading time":"7 minutes"},"schema":{"@context":"https:\/\/schema.org","@graph":[{"@type":"Article","@id":"https:\/\/projetopack.com.br\/en\/a-busca-pela-sobrevivencia-em-um-mercado-cada-vez-mais-competitivo\/#article","isPartOf":{"@id":"https:\/\/projetopack.com.br\/en\/a-busca-pela-sobrevivencia-em-um-mercado-cada-vez-mais-competitivo\/"},"author":{"name":"Aislan Baer","@id":"https:\/\/projetopack.com.br\/#\/schema\/person\/87cbd7d1e244880886d457815ebd2490"},"headline":"A busca pela sobreviv\u00eancia em um mercado cada vez mais competitivo","datePublished":"2017-04-18T00:45:55+00:00","dateModified":"2021-09-09T21:26:33+00:00","mainEntityOfPage":{"@id":"https:\/\/projetopack.com.br\/en\/a-busca-pela-sobrevivencia-em-um-mercado-cada-vez-mais-competitivo\/"},"wordCount":1510,"publisher":{"@id":"https:\/\/projetopack.com.br\/#organization"},"articleSection":["Arquivo"],"inLanguage":"en-US"},{"@type":"WebPage","@id":"https:\/\/projetopack.com.br\/en\/a-busca-pela-sobrevivencia-em-um-mercado-cada-vez-mais-competitivo\/","url":"https:\/\/projetopack.com.br\/en\/a-busca-pela-sobrevivencia-em-um-mercado-cada-vez-mais-competitivo\/","name":"A busca pela sobreviv\u00eancia em um mercado cada vez mais competitivo - ProjetoPack","isPartOf":{"@id":"https:\/\/projetopack.com.br\/#website"},"datePublished":"2017-04-18T00:45:55+00:00","dateModified":"2021-09-09T21:26:33+00:00","description":"Confira o melhor conte\u00fado sobre tecnologia, design e gest\u00e3o de embalagens flex\u00edveis, r\u00f3tulos e impress\u00e3o.","breadcrumb":{"@id":"https:\/\/projetopack.com.br\/en\/a-busca-pela-sobrevivencia-em-um-mercado-cada-vez-mais-competitivo\/#breadcrumb"},"inLanguage":"en-US","potentialAction":[{"@type":"ReadAction","target":["https:\/\/projetopack.com.br\/en\/a-busca-pela-sobrevivencia-em-um-mercado-cada-vez-mais-competitivo\/"]}]},{"@type":"BreadcrumbList","@id":"https:\/\/projetopack.com.br\/en\/a-busca-pela-sobrevivencia-em-um-mercado-cada-vez-mais-competitivo\/#breadcrumb","itemListElement":[{"@type":"ListItem","position":1,"name":"P\u00e1gina Inicial","item":"https:\/\/projetopack.com.br\/"},{"@type":"ListItem","position":2,"name":"Arquivo","item":"https:\/\/projetopack.com.br\/en\/category\/arquivo\/"},{"@type":"ListItem","position":3,"name":"A busca pela sobreviv\u00eancia em um mercado cada vez mais competitivo"}]},{"@type":"WebSite","@id":"https:\/\/projetopack.com.br\/#website","url":"https:\/\/projetopack.com.br\/","name":"ProjetoPack","description":"Consultoria e servi\u00e7os para embalagens, r\u00f3tulos, etiquetas e processos de impress\u00e3o","publisher":{"@id":"https:\/\/projetopack.com.br\/#organization"},"potentialAction":[{"@type":"SearchAction","target":{"@type":"EntryPoint","urlTemplate":"https:\/\/projetopack.com.br\/?s={search_term_string}"},"query-input":{"@type":"PropertyValueSpecification","valueRequired":true,"valueName":"search_term_string"}}],"inLanguage":"en-US"},{"@type":"Organization","@id":"https:\/\/projetopack.com.br\/#organization","name":"ProjetoPack & Associados","url":"https:\/\/projetopack.com.br\/","logo":{"@type":"ImageObject","inLanguage":"en-US","@id":"https:\/\/projetopack.com.br\/#\/schema\/logo\/image\/","url":"https:\/\/projetopack.com.br\/wp-content\/uploads\/2020\/09\/projetopack.png","contentUrl":"https:\/\/projetopack.com.br\/wp-content\/uploads\/2020\/09\/projetopack.png","width":200,"height":200,"caption":"ProjetoPack & Associados"},"image":{"@id":"https:\/\/projetopack.com.br\/#\/schema\/logo\/image\/"},"sameAs":["https:\/\/x.com\/ProjetoPack","https:\/\/www.linkedin.com\/company\/projetopack\/"]},{"@type":"Person","@id":"https:\/\/projetopack.com.br\/#\/schema\/person\/87cbd7d1e244880886d457815ebd2490","name":"Aislan Baer","image":{"@type":"ImageObject","inLanguage":"en-US","@id":"https:\/\/projetopack.com.br\/#\/schema\/person\/image\/","url":"https:\/\/projetopack.com.br\/wp-content\/uploads\/2021\/08\/Aislan-Busto-p-100x100.jpg","contentUrl":"https:\/\/projetopack.com.br\/wp-content\/uploads\/2021\/08\/Aislan-Busto-p-100x100.jpg","caption":"Aislan Baer"},"description":"Desde os \u00faltimos 20 anos, meu time e eu ajudamos mais de 300 empresas brasileiras e estrangeiras (algumas delas, l\u00edderes mundiais) a produzir embalagens flex\u00edveis e r\u00f3tulos com maior efici\u00eancia, menores custos e maior apelo visual, bem como centenas de donos de marcas a comprar suas embalagens flex\u00edveis e material impresso com um crit\u00e9rio mais t\u00e9cnico e assertivo. Ao mesmo tempo, gra\u00e7as \u00e0 nossa consultoria, muitas destas empresas melhoraram significativamente o seu processo de Impress\u00e3o (Impress\u00e3o de embalagens, Impress\u00e3o industrial, Impress\u00e3o funcional e, mais recentemente, bio impress\u00e3o e manufatura aditiva ou simplesmente Impress\u00e3o 3D). Se a sua empresa tem um problema relacionado a embalagens flex\u00edveis, r\u00f3tulos ou Impress\u00e3o, por mais insol\u00favel que lhe pare\u00e7a, aguardamos ansiosos a sua liga\u00e7\u00e3o ou e-mail. Este \u00e9 nosso trabalho e tamb\u00e9m a nossa paix\u00e3o.","sameAs":["http:\/\/www.projetopack.com","https:\/\/www.linkedin.com\/in\/aislanbaer\/"],"jobTitle":"CEO @ ProjetoPack | L\u00edder em M&A no Setor de Impress\u00e3o e Embalagens no Brasil | Cofundador da Inovagraf e Neuraflow | Especialista em Inova\u00e7\u00e3o com IA na Impress\u00e3o | Printing Legacy Initiative | Empreendedor Serial","url":"https:\/\/projetopack.com.br\/en\/author\/aislan\/"}]}},"_links":{"self":[{"href":"https:\/\/projetopack.com.br\/en\/wp-json\/wp\/v2\/posts\/2044","targetHints":{"allow":["GET"]}}],"collection":[{"href":"https:\/\/projetopack.com.br\/en\/wp-json\/wp\/v2\/posts"}],"about":[{"href":"https:\/\/projetopack.com.br\/en\/wp-json\/wp\/v2\/types\/post"}],"author":[{"embeddable":true,"href":"https:\/\/projetopack.com.br\/en\/wp-json\/wp\/v2\/users\/2"}],"replies":[{"embeddable":true,"href":"https:\/\/projetopack.com.br\/en\/wp-json\/wp\/v2\/comments?post=2044"}],"version-history":[{"count":0,"href":"https:\/\/projetopack.com.br\/en\/wp-json\/wp\/v2\/posts\/2044\/revisions"}],"wp:attachment":[{"href":"https:\/\/projetopack.com.br\/en\/wp-json\/wp\/v2\/media?parent=2044"}],"wp:term":[{"taxonomy":"category","embeddable":true,"href":"https:\/\/projetopack.com.br\/en\/wp-json\/wp\/v2\/categories?post=2044"},{"taxonomy":"post_tag","embeddable":true,"href":"https:\/\/projetopack.com.br\/en\/wp-json\/wp\/v2\/tags?post=2044"}],"curies":[{"name":"wp","href":"https:\/\/api.w.org\/{rel}","templated":true}]}}